{"id":18383,"date":"2022-08-10T20:08:42","date_gmt":"2022-08-10T20:08:42","guid":{"rendered":"https:\/\/cvinoticias.com\/v3\/?p=18383"},"modified":"2022-08-10T20:08:42","modified_gmt":"2022-08-10T20:08:42","slug":"quien-es-eugenia-camila-chamorro-la-joven-gastronomica-que-representara-a-misiones-en-el-campeonato-federal-del-asado","status":"publish","type":"post","link":"https:\/\/cvinoticias.com\/v3\/quien-es-eugenia-camila-chamorro-la-joven-gastronomica-que-representara-a-misiones-en-el-campeonato-federal-del-asado\/","title":{"rendered":"Qui\u00e9n es Eugenia Camila Chamorro, la joven gastron\u00f3mica que representar\u00e1 a Misiones en el Campeonato Federal del Asado"},"content":{"rendered":"\n<p><strong><em>Este domingo se realizar\u00e1 en la Ciudad de Buenos Aires la cuarta edici\u00f3n del campeonato del asado con representantes de todas las provincias del pa\u00eds; Eugenia Camila Chamorro fue la elegida para representar a Misiones. Desde el Obelisco y con propuestas culturales, se busca potenciar al sector gastron\u00f3mico a trav\u00e9s de esta t\u00edpica comida argentina.<\/em><\/strong><\/p>\n\n\n\n<p>El Gobierno de la Ciudad de Buenos Aires organiza la cuarta edici\u00f3n del Campeonato Federal del Asado, que se realizar\u00e1 el domingo 14 de agosto, de 10 a 18 h, en el Obelisco, donde competir\u00e1n 24 gastron\u00f3micos de todo el pa\u00eds.<\/p>\n\n\n\n<p>El evento busca potenciar el sector gastron\u00f3mico e incentivar el desarrollo profesional de los parrilleros y parrilleras concursantes mediante la elecci\u00f3n del mejor asado de la Argentina.<br>Para disputar el premio mayor, participar\u00e1n del campeonato 24 representantes profesionales de la gastronom\u00eda de cada una de las provincias, incluida la ciudad de Buenos Aires. Los contendientes fueron seleccionados por la UTHGRA CABA (Uni\u00f3n de Trabajadores del Turismo, Hoteleros y Gastron\u00f3micos de la Rep\u00fablica Argentina) a trav\u00e9s de una convocatoria abierta.<\/p>\n\n\n\n<p>Como representante de la Provincia de Misiones, fue elegida Eugenia Camila Chamorro de 26 a\u00f1os y oriunda de Ober\u00e1. Eugenia comenz\u00f3 a hacer asados con su padre a los 12 a\u00f1os. La parrilla es su cable a tierra, disfruta cocinar todo tipo de carnes para amigos, familiares o para las personas que la contratan.<\/p>\n\n\n\n<p>Siendo mujer siempre se sinti\u00f3 muy acompa\u00f1ada por su familia en hacer y desarrollarse en lo que a ella le gusta: la gastronom\u00eda y, especialmente, la parrilla. Se especializa en media manta a la estaca y vac\u00edo.<\/p>\n\n\n\n<p>\u201cTengo muchas ganas de seguir creciendo profesionalmente en el \u00e1mbito de la parrilla, es algo que me apasiona y lo hago desde peque\u00f1a. Voy a representar con mucho orgullo a Misiones y a la ciudad de Ober\u00e1\u201d cuenta la joven misionera.<br>\u00abEs un orgullo recibir ac\u00e1 en la capital de todos los argentinos a los mejores asadores de cada una de las provincias para competir en el Campeonato Federal del Asado. El asado es un s\u00edmbolo de nuestra gastronom\u00eda que nos une y nos representa como argentinos. Hoy, las parrillas, los restaurantes y el sector gastron\u00f3mico se enfrentan a muchos obst\u00e1culos. Tenemos que acompa\u00f1arlos para que puedan trabajar tranquilos. La gastronom\u00eda es una industria federal que tiene un potencial enorme para crecer y generar empleo en todo el pa\u00eds\u00bb Horacio Rodr\u00edguez Larreta, Jefe de Gobierno de la Ciudad de Buenos Aires.<\/p>\n\n\n\n<p>Seg\u00fan la UTHGRA, la gastronom\u00eda emplea a m\u00e1s de 240 mil trabajadores en todo el pa\u00eds. S\u00f3lo en la Ciudad de Buenos Aires trabajan en gastronom\u00eda m\u00e1s de 80 mil personas y es el mayor empleador por metro cuadrado.<\/p>\n\n\n\n<p><strong>Sobre el campeonato<\/strong><\/p>\n\n\n\n<p>La competencia dividir\u00e1 a los 24 participantes en 3 grupos de 8. Cada concursante cocinar\u00e1 3 cortes de carne (tira de asado; pechuga y pata de pollo, y pechito de cerdo) y verduras en el lapso de 1 hora. Luego, deber\u00e1n presentar los mismos ante un jurado t\u00e9cnico e institucional que los evaluar\u00e1. De cada grupo de 8 provincias, 2 pasan a la instancia final. All\u00ed, 6 provincias competir\u00e1n por el podio preparando cortes de vac\u00edo, tapa de cuadril, bondiola de cerdo y chinchulines. Todos los cortes vacunos ser\u00e1n de animales de m\u00e1s de 400 kg y fueron consensuados con la Federaci\u00f3n Argentina de Asadores.<\/p>\n\n\n\n<p>El jurado evaluador estar\u00e1 compuesto por los chubutenses y \u00faltimos ganadores del campeonato Cristian Gauna (Campe\u00f3n 2018) y Adri\u00e1n Rosales (Campe\u00f3n 2018). Tambi\u00e9n estar\u00e1n como jurados: Patricia Ramos (Nuestro Secreto), Luciano Luchetti (Locos x el Asador), Germ\u00e1n Sitz (La Carnicer\u00eda y Chori), Christian Petersen, Felicitas Pizarro, Sandra Honczar (Asadoras Argentinas), Pietro Sorba (cr\u00edtico gastron\u00f3mico), Natalia Barrionuevo (sommelier de carne), Marcelo Crivelli (Buena Morfa Social Club), Cecilia Castagno (chef parrillera rosarina), Carlos \u00abChecho\u00bb Lopez (Escuela Argentina de Parrilleros), Mirta Occhiuzzo (UTHGRA), Beto Fantini (Federaci\u00f3n de la Carne), Miguel Sosa (Federaci\u00f3n Argentina de Asadores), Daniel Prieto (AHRCC), Julio Tahier (BA Capital Gastron\u00f3mica) Marc Stanley (Embajador de Estados Unidos), Amador S\u00e1nchez Rico (Embajador de la Uni\u00f3n Europea) y dos vecinos que ser\u00e1n sorteados de una convocatoria realizada por BA Participaci\u00f3n Ciudadana.<\/p>\n\n\n\n<p><strong>Propuestas gastron\u00f3micas<\/strong><\/p>\n\n\n\n<p>Adem\u00e1s, sobre la Av. 9 de Julio se ubicar\u00e1n 50 puestos de parrilla, con la presencia de parrillas de la Ciudad y de la provincia de Buenos Aires, todas con men\u00fas fijos desde $500 y $800. Tambi\u00e9n, habr\u00e1 puestos de distintas colectividades (Jap\u00f3n, M\u00e9xico, L\u00edbano, Austria, Bulgaria, Paraguay, Irlanda, Taiw\u00e1n, Armenia y Cuba) y de fiestas nacionales del interior, representando la diversidad cultural y gastron\u00f3mica que tiene nuestro pa\u00eds.<br>Coordinado junto al Ministerio de Gobierno de la Ciudad de Buenos Aires, vendr\u00e1n especialmente para el Campeonato Federal del Asado desde Ayacucho, Provincia de Buenos Aires, la Fiesta Nacional del Ternero y D\u00eda de la Yerra y desde Morea, Provincia de Buenos Aires, la Fiesta Nacional del Lech\u00f3n.<\/p>\n\n\n\n<p><strong>Propuestas culturales<\/strong><\/p>\n\n\n\n<p>Desde las 11 hs el Ministerio de Cultura de la Ciudad de Buenos Aires programar\u00e1 shows musicales para toda la familia en el escenario ubicado en Av. 9 de Julio y Av. de Mayo.<\/p>\n\n\n\n<p><strong>Programaci\u00f3n<\/strong><\/p>\n\n\n\n<p>12:00 a 12:30 hs \u2192 Revancha Gauchos &#8211; Malambo<br>13:00 a 13:40 hs \u2192 Los Juncales &#8211; Folklore<br>14:00 a 14:30 hs \u2192 Atardeciendo Amaneceres &#8211; Chamam\u00e9<br>15:30 a 16 hs &#8211; Micaela Chauque &#8211; Folklore &#8211; Jujuy<br>17:30 a 18:30 hs \u2013 Cierre: Artista sorpresa<\/p>\n\n\n\n<p>*En caso de lluvia intensa, el evento se realizar\u00e1 el lunes 15\/8.<\/p>\n","protected":false},"excerpt":{"rendered":"<p>Este domingo se realizar\u00e1 en la Ciudad de Buenos Aires la cuarta edici\u00f3n del campeonato del asado con representantes de todas las provincias del pa\u00eds; Eugenia Camila Chamorro fue la elegida para representar a Misiones. Desde el Obelisco y con propuestas culturales, se busca potenciar al sector gastron\u00f3mico a trav\u00e9s de esta t\u00edpica comida argentina. [&hellip;]<\/p>\n","protected":false},"author":2,"featured_media":18384,"comment_status":"open","ping_status":"open","sticky":false,"template":"","format":"standard","meta":{"footnotes":""},"categories":[35],"tags":[],"class_list":["post-18383","post","type-post","status-publish","format-standard","has-post-thumbnail","hentry","category-informacion-general"],"yoast_head":"<!-- This site is optimized with the Yoast SEO plugin v27.5 - https:\/\/yoast.com\/product\/yoast-seo-wordpress\/ -->\n<title>Qui\u00e9n es Eugenia Camila Chamorro, la joven gastron\u00f3mica que representar\u00e1 a Misiones en el Campeonato Federal del Asado | CVI NOTICIAS<\/title>\n<meta name=\"robots\" content=\"index, follow, max-snippet:-1, max-image-preview:large, max-video-preview:-1\" \/>\n<link rel=\"canonical\" href=\"https:\/\/cvinoticias.com\/v3\/quien-es-eugenia-camila-chamorro-la-joven-gastronomica-que-representara-a-misiones-en-el-campeonato-federal-del-asado\/\" \/>\n<meta property=\"og:locale\" content=\"es_ES\" \/>\n<meta property=\"og:type\" content=\"article\" \/>\n<meta property=\"og:title\" content=\"Qui\u00e9n es Eugenia Camila Chamorro, la joven gastron\u00f3mica que representar\u00e1 a Misiones en el Campeonato Federal del Asado | CVI NOTICIAS\" \/>\n<meta property=\"og:description\" content=\"Este domingo se realizar\u00e1 en la Ciudad de Buenos Aires la cuarta edici\u00f3n del campeonato del asado con representantes de todas las provincias del pa\u00eds; Eugenia Camila Chamorro fue la elegida para representar a Misiones. Desde el Obelisco y con propuestas culturales, se busca potenciar al sector gastron\u00f3mico a trav\u00e9s de esta t\u00edpica comida argentina. [&hellip;]\" \/>\n<meta property=\"og:url\" content=\"https:\/\/cvinoticias.com\/v3\/quien-es-eugenia-camila-chamorro-la-joven-gastronomica-que-representara-a-misiones-en-el-campeonato-federal-del-asado\/\" \/>\n<meta property=\"og:site_name\" content=\"CVI NOTICIAS\" \/>\n<meta property=\"article:publisher\" content=\"https:\/\/www.facebook.com\/cvinoticias\" \/>\n<meta property=\"article:published_time\" content=\"2022-08-10T20:08:42+00:00\" \/>\n<meta property=\"og:image\" content=\"https:\/\/cvinoticias.com\/wp-content\/uploads\/2022\/08\/IMG-20220810-WA0082.jpg\" \/>\n\t<meta property=\"og:image:width\" content=\"673\" \/>\n\t<meta property=\"og:image:height\" content=\"638\" \/>\n\t<meta property=\"og:image:type\" content=\"image\/jpeg\" \/>\n<meta name=\"author\" content=\"f1000024\" \/>\n<meta name=\"twitter:card\" content=\"summary_large_image\" \/>\n<meta name=\"twitter:label1\" content=\"Escrito por\" \/>\n\t<meta name=\"twitter:data1\" content=\"f1000024\" \/>\n\t<meta name=\"twitter:label2\" content=\"Tiempo de lectura\" \/>\n\t<meta name=\"twitter:data2\" content=\"5 minutos\" \/>\n<script type=\"application\/ld+json\" class=\"yoast-schema-graph\">{\"@context\":\"https:\\\/\\\/schema.org\",\"@graph\":[{\"@type\":\"Article\",\"@id\":\"https:\\\/\\\/cvinoticias.com\\\/v3\\\/quien-es-eugenia-camila-chamorro-la-joven-gastronomica-que-representara-a-misiones-en-el-campeonato-federal-del-asado\\\/#article\",\"isPartOf\":{\"@id\":\"https:\\\/\\\/cvinoticias.com\\\/v3\\\/quien-es-eugenia-camila-chamorro-la-joven-gastronomica-que-representara-a-misiones-en-el-campeonato-federal-del-asado\\\/\"},\"author\":{\"name\":\"f1000024\",\"@id\":\"https:\\\/\\\/cvinoticias.com\\\/v3\\\/#\\\/schema\\\/person\\\/2db77e3c6bc03c538495d7b2b8be9b66\"},\"headline\":\"Qui\u00e9n es Eugenia Camila Chamorro, la joven gastron\u00f3mica que representar\u00e1 a Misiones en el Campeonato Federal del Asado\",\"datePublished\":\"2022-08-10T20:08:42+00:00\",\"mainEntityOfPage\":{\"@id\":\"https:\\\/\\\/cvinoticias.com\\\/v3\\\/quien-es-eugenia-camila-chamorro-la-joven-gastronomica-que-representara-a-misiones-en-el-campeonato-federal-del-asado\\\/\"},\"wordCount\":951,\"commentCount\":0,\"publisher\":{\"@id\":\"https:\\\/\\\/cvinoticias.com\\\/v3\\\/#organization\"},\"image\":{\"@id\":\"https:\\\/\\\/cvinoticias.com\\\/v3\\\/quien-es-eugenia-camila-chamorro-la-joven-gastronomica-que-representara-a-misiones-en-el-campeonato-federal-del-asado\\\/#primaryimage\"},\"thumbnailUrl\":\"https:\\\/\\\/cvinoticias.com\\\/wp-content\\\/uploads\\\/2022\\\/08\\\/IMG-20220810-WA0082.jpg\",\"articleSection\":[\"Informaci\u00f3n General\"],\"inLanguage\":\"es\",\"potentialAction\":[{\"@type\":\"CommentAction\",\"name\":\"Comment\",\"target\":[\"https:\\\/\\\/cvinoticias.com\\\/v3\\\/quien-es-eugenia-camila-chamorro-la-joven-gastronomica-que-representara-a-misiones-en-el-campeonato-federal-del-asado\\\/#respond\"]}]},{\"@type\":\"WebPage\",\"@id\":\"https:\\\/\\\/cvinoticias.com\\\/v3\\\/quien-es-eugenia-camila-chamorro-la-joven-gastronomica-que-representara-a-misiones-en-el-campeonato-federal-del-asado\\\/\",\"url\":\"https:\\\/\\\/cvinoticias.com\\\/v3\\\/quien-es-eugenia-camila-chamorro-la-joven-gastronomica-que-representara-a-misiones-en-el-campeonato-federal-del-asado\\\/\",\"name\":\"Qui\u00e9n es Eugenia Camila Chamorro, la joven gastron\u00f3mica que representar\u00e1 a Misiones en el Campeonato Federal del Asado | CVI NOTICIAS\",\"isPartOf\":{\"@id\":\"https:\\\/\\\/cvinoticias.com\\\/v3\\\/#website\"},\"primaryImageOfPage\":{\"@id\":\"https:\\\/\\\/cvinoticias.com\\\/v3\\\/quien-es-eugenia-camila-chamorro-la-joven-gastronomica-que-representara-a-misiones-en-el-campeonato-federal-del-asado\\\/#primaryimage\"},\"image\":{\"@id\":\"https:\\\/\\\/cvinoticias.com\\\/v3\\\/quien-es-eugenia-camila-chamorro-la-joven-gastronomica-que-representara-a-misiones-en-el-campeonato-federal-del-asado\\\/#primaryimage\"},\"thumbnailUrl\":\"https:\\\/\\\/cvinoticias.com\\\/wp-content\\\/uploads\\\/2022\\\/08\\\/IMG-20220810-WA0082.jpg\",\"datePublished\":\"2022-08-10T20:08:42+00:00\",\"breadcrumb\":{\"@id\":\"https:\\\/\\\/cvinoticias.com\\\/v3\\\/quien-es-eugenia-camila-chamorro-la-joven-gastronomica-que-representara-a-misiones-en-el-campeonato-federal-del-asado\\\/#breadcrumb\"},\"inLanguage\":\"es\",\"potentialAction\":[{\"@type\":\"ReadAction\",\"target\":[\"https:\\\/\\\/cvinoticias.com\\\/v3\\\/quien-es-eugenia-camila-chamorro-la-joven-gastronomica-que-representara-a-misiones-en-el-campeonato-federal-del-asado\\\/\"]}]},{\"@type\":\"ImageObject\",\"inLanguage\":\"es\",\"@id\":\"https:\\\/\\\/cvinoticias.com\\\/v3\\\/quien-es-eugenia-camila-chamorro-la-joven-gastronomica-que-representara-a-misiones-en-el-campeonato-federal-del-asado\\\/#primaryimage\",\"url\":\"https:\\\/\\\/cvinoticias.com\\\/wp-content\\\/uploads\\\/2022\\\/08\\\/IMG-20220810-WA0082.jpg\",\"contentUrl\":\"https:\\\/\\\/cvinoticias.com\\\/wp-content\\\/uploads\\\/2022\\\/08\\\/IMG-20220810-WA0082.jpg\",\"width\":673,\"height\":638},{\"@type\":\"BreadcrumbList\",\"@id\":\"https:\\\/\\\/cvinoticias.com\\\/v3\\\/quien-es-eugenia-camila-chamorro-la-joven-gastronomica-que-representara-a-misiones-en-el-campeonato-federal-del-asado\\\/#breadcrumb\",\"itemListElement\":[{\"@type\":\"ListItem\",\"position\":1,\"name\":\"Portada\",\"item\":\"https:\\\/\\\/cvinoticias.com\\\/v3\\\/\"},{\"@type\":\"ListItem\",\"position\":2,\"name\":\"Qui\u00e9n es Eugenia Camila Chamorro, la joven gastron\u00f3mica que representar\u00e1 a Misiones en el Campeonato Federal del Asado\"}]},{\"@type\":\"WebSite\",\"@id\":\"https:\\\/\\\/cvinoticias.com\\\/v3\\\/#website\",\"url\":\"https:\\\/\\\/cvinoticias.com\\\/v3\\\/\",\"name\":\"CVI NOTICIAS\",\"description\":\"\",\"publisher\":{\"@id\":\"https:\\\/\\\/cvinoticias.com\\\/v3\\\/#organization\"},\"alternateName\":\"CVI\",\"potentialAction\":[{\"@type\":\"SearchAction\",\"target\":{\"@type\":\"EntryPoint\",\"urlTemplate\":\"https:\\\/\\\/cvinoticias.com\\\/v3\\\/?s={search_term_string}\"},\"query-input\":{\"@type\":\"PropertyValueSpecification\",\"valueRequired\":true,\"valueName\":\"search_term_string\"}}],\"inLanguage\":\"es\"},{\"@type\":\"Organization\",\"@id\":\"https:\\\/\\\/cvinoticias.com\\\/v3\\\/#organization\",\"name\":\"CVI NOTICIAS\",\"url\":\"https:\\\/\\\/cvinoticias.com\\\/v3\\\/\",\"logo\":{\"@type\":\"ImageObject\",\"inLanguage\":\"es\",\"@id\":\"https:\\\/\\\/cvinoticias.com\\\/v3\\\/#\\\/schema\\\/logo\\\/image\\\/\",\"url\":\"https:\\\/\\\/cvinoticias.com\\\/wp-content\\\/uploads\\\/2023\\\/04\\\/cropped-cropped-cropped-cropped-cropped-3-1.png\",\"contentUrl\":\"https:\\\/\\\/cvinoticias.com\\\/wp-content\\\/uploads\\\/2023\\\/04\\\/cropped-cropped-cropped-cropped-cropped-3-1.png\",\"width\":95,\"height\":122,\"caption\":\"CVI NOTICIAS\"},\"image\":{\"@id\":\"https:\\\/\\\/cvinoticias.com\\\/v3\\\/#\\\/schema\\\/logo\\\/image\\\/\"},\"sameAs\":[\"https:\\\/\\\/www.facebook.com\\\/cvinoticias\",\"https:\\\/\\\/www.instagram.com\\\/cvinoticias\\\/\",\"https:\\\/\\\/www.youtube.com\\\/@CVINOTICIAS\"]},{\"@type\":\"Person\",\"@id\":\"https:\\\/\\\/cvinoticias.com\\\/v3\\\/#\\\/schema\\\/person\\\/2db77e3c6bc03c538495d7b2b8be9b66\",\"name\":\"f1000024\",\"image\":{\"@type\":\"ImageObject\",\"inLanguage\":\"es\",\"@id\":\"https:\\\/\\\/secure.gravatar.com\\\/avatar\\\/d4fe7459cfc51ff5129ce1a732bbef5928568b8092d412ef95611616376bbeed?s=96&d=mm&r=g\",\"url\":\"https:\\\/\\\/secure.gravatar.com\\\/avatar\\\/d4fe7459cfc51ff5129ce1a732bbef5928568b8092d412ef95611616376bbeed?s=96&d=mm&r=g\",\"contentUrl\":\"https:\\\/\\\/secure.gravatar.com\\\/avatar\\\/d4fe7459cfc51ff5129ce1a732bbef5928568b8092d412ef95611616376bbeed?s=96&d=mm&r=g\",\"caption\":\"f1000024\"},\"url\":\"https:\\\/\\\/cvinoticias.com\\\/v3\\\/author\\\/f1000024\\\/\"}]}<\/script>\n<!-- \/ Yoast SEO plugin. -->","yoast_head_json":{"title":"Qui\u00e9n es Eugenia Camila Chamorro, la joven gastron\u00f3mica que representar\u00e1 a Misiones en el Campeonato Federal del Asado | CVI NOTICIAS","robots":{"index":"index","follow":"follow","max-snippet":"max-snippet:-1","max-image-preview":"max-image-preview:large","max-video-preview":"max-video-preview:-1"},"canonical":"https:\/\/cvinoticias.com\/v3\/quien-es-eugenia-camila-chamorro-la-joven-gastronomica-que-representara-a-misiones-en-el-campeonato-federal-del-asado\/","og_locale":"es_ES","og_type":"article","og_title":"Qui\u00e9n es Eugenia Camila Chamorro, la joven gastron\u00f3mica que representar\u00e1 a Misiones en el Campeonato Federal del Asado | CVI NOTICIAS","og_description":"Este domingo se realizar\u00e1 en la Ciudad de Buenos Aires la cuarta edici\u00f3n del campeonato del asado con representantes de todas las provincias del pa\u00eds; Eugenia Camila Chamorro fue la elegida para representar a Misiones. Desde el Obelisco y con propuestas culturales, se busca potenciar al sector gastron\u00f3mico a trav\u00e9s de esta t\u00edpica comida argentina. [&hellip;]","og_url":"https:\/\/cvinoticias.com\/v3\/quien-es-eugenia-camila-chamorro-la-joven-gastronomica-que-representara-a-misiones-en-el-campeonato-federal-del-asado\/","og_site_name":"CVI NOTICIAS","article_publisher":"https:\/\/www.facebook.com\/cvinoticias","article_published_time":"2022-08-10T20:08:42+00:00","og_image":[{"width":673,"height":638,"url":"https:\/\/cvinoticias.com\/wp-content\/uploads\/2022\/08\/IMG-20220810-WA0082.jpg","type":"image\/jpeg"}],"author":"f1000024","twitter_card":"summary_large_image","twitter_misc":{"Escrito por":"f1000024","Tiempo de lectura":"5 minutos"},"schema":{"@context":"https:\/\/schema.org","@graph":[{"@type":"Article","@id":"https:\/\/cvinoticias.com\/v3\/quien-es-eugenia-camila-chamorro-la-joven-gastronomica-que-representara-a-misiones-en-el-campeonato-federal-del-asado\/#article","isPartOf":{"@id":"https:\/\/cvinoticias.com\/v3\/quien-es-eugenia-camila-chamorro-la-joven-gastronomica-que-representara-a-misiones-en-el-campeonato-federal-del-asado\/"},"author":{"name":"f1000024","@id":"https:\/\/cvinoticias.com\/v3\/#\/schema\/person\/2db77e3c6bc03c538495d7b2b8be9b66"},"headline":"Qui\u00e9n es Eugenia Camila Chamorro, la joven gastron\u00f3mica que representar\u00e1 a Misiones en el Campeonato Federal del Asado","datePublished":"2022-08-10T20:08:42+00:00","mainEntityOfPage":{"@id":"https:\/\/cvinoticias.com\/v3\/quien-es-eugenia-camila-chamorro-la-joven-gastronomica-que-representara-a-misiones-en-el-campeonato-federal-del-asado\/"},"wordCount":951,"commentCount":0,"publisher":{"@id":"https:\/\/cvinoticias.com\/v3\/#organization"},"image":{"@id":"https:\/\/cvinoticias.com\/v3\/quien-es-eugenia-camila-chamorro-la-joven-gastronomica-que-representara-a-misiones-en-el-campeonato-federal-del-asado\/#primaryimage"},"thumbnailUrl":"https:\/\/cvinoticias.com\/wp-content\/uploads\/2022\/08\/IMG-20220810-WA0082.jpg","articleSection":["Informaci\u00f3n General"],"inLanguage":"es","potentialAction":[{"@type":"CommentAction","name":"Comment","target":["https:\/\/cvinoticias.com\/v3\/quien-es-eugenia-camila-chamorro-la-joven-gastronomica-que-representara-a-misiones-en-el-campeonato-federal-del-asado\/#respond"]}]},{"@type":"WebPage","@id":"https:\/\/cvinoticias.com\/v3\/quien-es-eugenia-camila-chamorro-la-joven-gastronomica-que-representara-a-misiones-en-el-campeonato-federal-del-asado\/","url":"https:\/\/cvinoticias.com\/v3\/quien-es-eugenia-camila-chamorro-la-joven-gastronomica-que-representara-a-misiones-en-el-campeonato-federal-del-asado\/","name":"Qui\u00e9n es Eugenia Camila Chamorro, la joven gastron\u00f3mica que representar\u00e1 a Misiones en el Campeonato Federal del Asado | CVI NOTICIAS","isPartOf":{"@id":"https:\/\/cvinoticias.com\/v3\/#website"},"primaryImageOfPage":{"@id":"https:\/\/cvinoticias.com\/v3\/quien-es-eugenia-camila-chamorro-la-joven-gastronomica-que-representara-a-misiones-en-el-campeonato-federal-del-asado\/#primaryimage"},"image":{"@id":"https:\/\/cvinoticias.com\/v3\/quien-es-eugenia-camila-chamorro-la-joven-gastronomica-que-representara-a-misiones-en-el-campeonato-federal-del-asado\/#primaryimage"},"thumbnailUrl":"https:\/\/cvinoticias.com\/wp-content\/uploads\/2022\/08\/IMG-20220810-WA0082.jpg","datePublished":"2022-08-10T20:08:42+00:00","breadcrumb":{"@id":"https:\/\/cvinoticias.com\/v3\/quien-es-eugenia-camila-chamorro-la-joven-gastronomica-que-representara-a-misiones-en-el-campeonato-federal-del-asado\/#breadcrumb"},"inLanguage":"es","potentialAction":[{"@type":"ReadAction","target":["https:\/\/cvinoticias.com\/v3\/quien-es-eugenia-camila-chamorro-la-joven-gastronomica-que-representara-a-misiones-en-el-campeonato-federal-del-asado\/"]}]},{"@type":"ImageObject","inLanguage":"es","@id":"https:\/\/cvinoticias.com\/v3\/quien-es-eugenia-camila-chamorro-la-joven-gastronomica-que-representara-a-misiones-en-el-campeonato-federal-del-asado\/#primaryimage","url":"https:\/\/cvinoticias.com\/wp-content\/uploads\/2022\/08\/IMG-20220810-WA0082.jpg","contentUrl":"https:\/\/cvinoticias.com\/wp-content\/uploads\/2022\/08\/IMG-20220810-WA0082.jpg","width":673,"height":638},{"@type":"BreadcrumbList","@id":"https:\/\/cvinoticias.com\/v3\/quien-es-eugenia-camila-chamorro-la-joven-gastronomica-que-representara-a-misiones-en-el-campeonato-federal-del-asado\/#breadcrumb","itemListElement":[{"@type":"ListItem","position":1,"name":"Portada","item":"https:\/\/cvinoticias.com\/v3\/"},{"@type":"ListItem","position":2,"name":"Qui\u00e9n es Eugenia Camila Chamorro, la joven gastron\u00f3mica que representar\u00e1 a Misiones en el Campeonato Federal del Asado"}]},{"@type":"WebSite","@id":"https:\/\/cvinoticias.com\/v3\/#website","url":"https:\/\/cvinoticias.com\/v3\/","name":"CVI NOTICIAS","description":"","publisher":{"@id":"https:\/\/cvinoticias.com\/v3\/#organization"},"alternateName":"CVI","potentialAction":[{"@type":"SearchAction","target":{"@type":"EntryPoint","urlTemplate":"https:\/\/cvinoticias.com\/v3\/?s={search_term_string}"},"query-input":{"@type":"PropertyValueSpecification","valueRequired":true,"valueName":"search_term_string"}}],"inLanguage":"es"},{"@type":"Organization","@id":"https:\/\/cvinoticias.com\/v3\/#organization","name":"CVI NOTICIAS","url":"https:\/\/cvinoticias.com\/v3\/","logo":{"@type":"ImageObject","inLanguage":"es","@id":"https:\/\/cvinoticias.com\/v3\/#\/schema\/logo\/image\/","url":"https:\/\/cvinoticias.com\/wp-content\/uploads\/2023\/04\/cropped-cropped-cropped-cropped-cropped-3-1.png","contentUrl":"https:\/\/cvinoticias.com\/wp-content\/uploads\/2023\/04\/cropped-cropped-cropped-cropped-cropped-3-1.png","width":95,"height":122,"caption":"CVI NOTICIAS"},"image":{"@id":"https:\/\/cvinoticias.com\/v3\/#\/schema\/logo\/image\/"},"sameAs":["https:\/\/www.facebook.com\/cvinoticias","https:\/\/www.instagram.com\/cvinoticias\/","https:\/\/www.youtube.com\/@CVINOTICIAS"]},{"@type":"Person","@id":"https:\/\/cvinoticias.com\/v3\/#\/schema\/person\/2db77e3c6bc03c538495d7b2b8be9b66","name":"f1000024","image":{"@type":"ImageObject","inLanguage":"es","@id":"https:\/\/secure.gravatar.com\/avatar\/d4fe7459cfc51ff5129ce1a732bbef5928568b8092d412ef95611616376bbeed?s=96&d=mm&r=g","url":"https:\/\/secure.gravatar.com\/avatar\/d4fe7459cfc51ff5129ce1a732bbef5928568b8092d412ef95611616376bbeed?s=96&d=mm&r=g","contentUrl":"https:\/\/secure.gravatar.com\/avatar\/d4fe7459cfc51ff5129ce1a732bbef5928568b8092d412ef95611616376bbeed?s=96&d=mm&r=g","caption":"f1000024"},"url":"https:\/\/cvinoticias.com\/v3\/author\/f1000024\/"}]}},"_links":{"self":[{"href":"https:\/\/cvinoticias.com\/v3\/wp-json\/wp\/v2\/posts\/18383","targetHints":{"allow":["GET"]}}],"collection":[{"href":"https:\/\/cvinoticias.com\/v3\/wp-json\/wp\/v2\/posts"}],"about":[{"href":"https:\/\/cvinoticias.com\/v3\/wp-json\/wp\/v2\/types\/post"}],"author":[{"embeddable":true,"href":"https:\/\/cvinoticias.com\/v3\/wp-json\/wp\/v2\/users\/2"}],"replies":[{"embeddable":true,"href":"https:\/\/cvinoticias.com\/v3\/wp-json\/wp\/v2\/comments?post=18383"}],"version-history":[{"count":1,"href":"https:\/\/cvinoticias.com\/v3\/wp-json\/wp\/v2\/posts\/18383\/revisions"}],"predecessor-version":[{"id":18385,"href":"https:\/\/cvinoticias.com\/v3\/wp-json\/wp\/v2\/posts\/18383\/revisions\/18385"}],"wp:featuredmedia":[{"embeddable":true,"href":"https:\/\/cvinoticias.com\/v3\/wp-json\/wp\/v2\/media\/18384"}],"wp:attachment":[{"href":"https:\/\/cvinoticias.com\/v3\/wp-json\/wp\/v2\/media?parent=18383"}],"wp:term":[{"taxonomy":"category","embeddable":true,"href":"https:\/\/cvinoticias.com\/v3\/wp-json\/wp\/v2\/categories?post=18383"},{"taxonomy":"post_tag","embeddable":true,"href":"https:\/\/cvinoticias.com\/v3\/wp-json\/wp\/v2\/tags?post=18383"}],"curies":[{"name":"wp","href":"https:\/\/api.w.org\/{rel}","templated":true}]}}