{"id":1838,"date":"2021-01-20T10:58:39","date_gmt":"2021-01-20T10:58:39","guid":{"rendered":"https:\/\/cvinoticias.com\/v3\/?p=1838"},"modified":"2021-01-20T10:58:39","modified_gmt":"2021-01-20T10:58:39","slug":"pidieron-vacunar-contra-el-covid-19-a-quienes-organizan-las-elecciones-2021","status":"publish","type":"post","link":"https:\/\/cvinoticias.com\/v3\/pidieron-vacunar-contra-el-covid-19-a-quienes-organizan-las-elecciones-2021\/","title":{"rendered":"Pidieron vacunar contra el Covid-19 a quienes organizan las elecciones 2021"},"content":{"rendered":"\n<p><strong><em>Desde la C\u00e1mara Nacional Electoral elevaron un pedido al Ministerio de Salud para que se incorpore a los involucrados en organizar las elecciones al grupo de \u00abpersonal estrat\u00e9gico\u00bb.<\/em><\/strong><\/p>\n\n\n\n<p><strong>La C\u00e1mara Nacional Electoral solicit\u00f3 este martes al Ministerio de Salud de la Naci\u00f3n la inclusi\u00f3n en el \u201cPlan Estrat\u00e9gico para la Vacunaci\u00f3n contra el Covid-19<\/strong>\u201d de las personas que se desempe\u00f1an en la organizaci\u00f3n y ejecuci\u00f3n del proceso de las elecciones legislativas 2021.<\/p>\n\n\n\n<p>A trav\u00e9s de un oficio, el titular del Tribunal, Santiago Corcuera, le requiri\u00f3 al ministro de Salud de la Naci\u00f3n, Gin\u00e9s Gonz\u00e1lez Garc\u00eda, que se incorpore como \u201cpersonal estrat\u00e9gico\u201d en el cronograma de aplicaci\u00f3n de la vacuna contra el coronavirus a todos los funcionarios y agentes que brindan servicios en las distintas etapas que conforman el proceso electoral nacional.<\/p>\n\n\n\n<p>En la nota, la C\u00e1mara Nacional Electoral&nbsp;<strong>destaca la necesidad de incluir dentro de esa previsi\u00f3n a todos aquellos que se desempe\u00f1an en las actividades propias del acto para la renovaci\u00f3n legislativa<\/strong>, a fin de posibilitar el correcto desarrollo de los pr\u00f3ximos comicios.<\/p>\n\n\n\n<p>Antes, el Tribunal dict\u00f3 la Acordada Extraordinaria CNE N\u00b0 33\/2020 en la que conform\u00f3 un programa de evaluaci\u00f3n y seguimiento para la adopci\u00f3n de medidas espec\u00edficas con el objeto de celebrar las elecciones y preservar tanto la salud de los electores como la de las personas a cargo de tareas comiciales.<\/p>\n\n\n\n<p>Fuente: Minutouno<\/p>\n","protected":false},"excerpt":{"rendered":"<p>Desde la C\u00e1mara Nacional Electoral elevaron un pedido al Ministerio de Salud para que se incorpore a los involucrados en organizar las elecciones al grupo de \u00abpersonal estrat\u00e9gico\u00bb. La C\u00e1mara Nacional Electoral solicit\u00f3 este martes al Ministerio de Salud de la Naci\u00f3n la inclusi\u00f3n en el \u201cPlan Estrat\u00e9gico para la Vacunaci\u00f3n contra el Covid-19\u201d de [&hellip;]<\/p>\n","protected":false},"author":2,"featured_media":1839,"comment_status":"open","ping_status":"open","sticky":false,"template":"","format":"standard","meta":{"footnotes":""},"categories":[35],"tags":[],"class_list":["post-1838","post","type-post","status-publish","format-standard","has-post-thumbnail","hentry","category-informacion-general"],"yoast_head":"<!-- This site is optimized with the Yoast SEO plugin v27.5 - https:\/\/yoast.com\/product\/yoast-seo-wordpress\/ -->\n<title>Pidieron vacunar contra el Covid-19 a quienes organizan las elecciones 2021 | CVI NOTICIAS<\/title>\n<meta name=\"robots\" content=\"index, follow, max-snippet:-1, max-image-preview:large, max-video-preview:-1\" \/>\n<link rel=\"canonical\" href=\"https:\/\/cvinoticias.com\/v3\/pidieron-vacunar-contra-el-covid-19-a-quienes-organizan-las-elecciones-2021\/\" \/>\n<meta property=\"og:locale\" content=\"es_ES\" \/>\n<meta property=\"og:type\" content=\"article\" \/>\n<meta property=\"og:title\" content=\"Pidieron vacunar contra el Covid-19 a quienes organizan las elecciones 2021 | CVI NOTICIAS\" \/>\n<meta property=\"og:description\" content=\"Desde la C\u00e1mara Nacional Electoral elevaron un pedido al Ministerio de Salud para que se incorpore a los involucrados en organizar las elecciones al grupo de \u00abpersonal estrat\u00e9gico\u00bb. La C\u00e1mara Nacional Electoral solicit\u00f3 este martes al Ministerio de Salud de la Naci\u00f3n la inclusi\u00f3n en el \u201cPlan Estrat\u00e9gico para la Vacunaci\u00f3n contra el Covid-19\u201d de [&hellip;]\" \/>\n<meta property=\"og:url\" content=\"https:\/\/cvinoticias.com\/v3\/pidieron-vacunar-contra-el-covid-19-a-quienes-organizan-las-elecciones-2021\/\" \/>\n<meta property=\"og:site_name\" content=\"CVI NOTICIAS\" \/>\n<meta property=\"article:publisher\" content=\"https:\/\/www.facebook.com\/cvinoticias\" \/>\n<meta property=\"article:published_time\" content=\"2021-01-20T10:58:39+00:00\" \/>\n<meta property=\"og:image\" content=\"https:\/\/cvinoticias.com\/wp-content\/uploads\/2021\/01\/Elecciones-2021.jpg\" \/>\n\t<meta property=\"og:image:width\" content=\"681\" \/>\n\t<meta property=\"og:image:height\" content=\"382\" \/>\n\t<meta property=\"og:image:type\" content=\"image\/jpeg\" \/>\n<meta name=\"author\" content=\"f1000024\" \/>\n<meta name=\"twitter:card\" content=\"summary_large_image\" \/>\n<meta name=\"twitter:label1\" content=\"Escrito por\" \/>\n\t<meta name=\"twitter:data1\" content=\"f1000024\" \/>\n\t<meta name=\"twitter:label2\" content=\"Tiempo de lectura\" \/>\n\t<meta name=\"twitter:data2\" content=\"1 minuto\" \/>\n<script type=\"application\/ld+json\" class=\"yoast-schema-graph\">{\"@context\":\"https:\\\/\\\/schema.org\",\"@graph\":[{\"@type\":\"Article\",\"@id\":\"https:\\\/\\\/cvinoticias.com\\\/v3\\\/pidieron-vacunar-contra-el-covid-19-a-quienes-organizan-las-elecciones-2021\\\/#article\",\"isPartOf\":{\"@id\":\"https:\\\/\\\/cvinoticias.com\\\/v3\\\/pidieron-vacunar-contra-el-covid-19-a-quienes-organizan-las-elecciones-2021\\\/\"},\"author\":{\"name\":\"f1000024\",\"@id\":\"https:\\\/\\\/cvinoticias.com\\\/v3\\\/#\\\/schema\\\/person\\\/2db77e3c6bc03c538495d7b2b8be9b66\"},\"headline\":\"Pidieron vacunar contra el Covid-19 a quienes organizan las elecciones 2021\",\"datePublished\":\"2021-01-20T10:58:39+00:00\",\"mainEntityOfPage\":{\"@id\":\"https:\\\/\\\/cvinoticias.com\\\/v3\\\/pidieron-vacunar-contra-el-covid-19-a-quienes-organizan-las-elecciones-2021\\\/\"},\"wordCount\":261,\"commentCount\":1,\"publisher\":{\"@id\":\"https:\\\/\\\/cvinoticias.com\\\/v3\\\/#organization\"},\"image\":{\"@id\":\"https:\\\/\\\/cvinoticias.com\\\/v3\\\/pidieron-vacunar-contra-el-covid-19-a-quienes-organizan-las-elecciones-2021\\\/#primaryimage\"},\"thumbnailUrl\":\"https:\\\/\\\/cvinoticias.com\\\/wp-content\\\/uploads\\\/2021\\\/01\\\/Elecciones-2021.jpg\",\"articleSection\":[\"Informaci\u00f3n General\"],\"inLanguage\":\"es\",\"potentialAction\":[{\"@type\":\"CommentAction\",\"name\":\"Comment\",\"target\":[\"https:\\\/\\\/cvinoticias.com\\\/v3\\\/pidieron-vacunar-contra-el-covid-19-a-quienes-organizan-las-elecciones-2021\\\/#respond\"]}]},{\"@type\":\"WebPage\",\"@id\":\"https:\\\/\\\/cvinoticias.com\\\/v3\\\/pidieron-vacunar-contra-el-covid-19-a-quienes-organizan-las-elecciones-2021\\\/\",\"url\":\"https:\\\/\\\/cvinoticias.com\\\/v3\\\/pidieron-vacunar-contra-el-covid-19-a-quienes-organizan-las-elecciones-2021\\\/\",\"name\":\"Pidieron vacunar contra el Covid-19 a quienes organizan las elecciones 2021 | CVI NOTICIAS\",\"isPartOf\":{\"@id\":\"https:\\\/\\\/cvinoticias.com\\\/v3\\\/#website\"},\"primaryImageOfPage\":{\"@id\":\"https:\\\/\\\/cvinoticias.com\\\/v3\\\/pidieron-vacunar-contra-el-covid-19-a-quienes-organizan-las-elecciones-2021\\\/#primaryimage\"},\"image\":{\"@id\":\"https:\\\/\\\/cvinoticias.com\\\/v3\\\/pidieron-vacunar-contra-el-covid-19-a-quienes-organizan-las-elecciones-2021\\\/#primaryimage\"},\"thumbnailUrl\":\"https:\\\/\\\/cvinoticias.com\\\/wp-content\\\/uploads\\\/2021\\\/01\\\/Elecciones-2021.jpg\",\"datePublished\":\"2021-01-20T10:58:39+00:00\",\"breadcrumb\":{\"@id\":\"https:\\\/\\\/cvinoticias.com\\\/v3\\\/pidieron-vacunar-contra-el-covid-19-a-quienes-organizan-las-elecciones-2021\\\/#breadcrumb\"},\"inLanguage\":\"es\",\"potentialAction\":[{\"@type\":\"ReadAction\",\"target\":[\"https:\\\/\\\/cvinoticias.com\\\/v3\\\/pidieron-vacunar-contra-el-covid-19-a-quienes-organizan-las-elecciones-2021\\\/\"]}]},{\"@type\":\"ImageObject\",\"inLanguage\":\"es\",\"@id\":\"https:\\\/\\\/cvinoticias.com\\\/v3\\\/pidieron-vacunar-contra-el-covid-19-a-quienes-organizan-las-elecciones-2021\\\/#primaryimage\",\"url\":\"https:\\\/\\\/cvinoticias.com\\\/wp-content\\\/uploads\\\/2021\\\/01\\\/Elecciones-2021.jpg\",\"contentUrl\":\"https:\\\/\\\/cvinoticias.com\\\/wp-content\\\/uploads\\\/2021\\\/01\\\/Elecciones-2021.jpg\",\"width\":681,\"height\":382},{\"@type\":\"BreadcrumbList\",\"@id\":\"https:\\\/\\\/cvinoticias.com\\\/v3\\\/pidieron-vacunar-contra-el-covid-19-a-quienes-organizan-las-elecciones-2021\\\/#breadcrumb\",\"itemListElement\":[{\"@type\":\"ListItem\",\"position\":1,\"name\":\"Portada\",\"item\":\"https:\\\/\\\/cvinoticias.com\\\/v3\\\/\"},{\"@type\":\"ListItem\",\"position\":2,\"name\":\"Pidieron vacunar contra el Covid-19 a quienes organizan las elecciones 2021\"}]},{\"@type\":\"WebSite\",\"@id\":\"https:\\\/\\\/cvinoticias.com\\\/v3\\\/#website\",\"url\":\"https:\\\/\\\/cvinoticias.com\\\/v3\\\/\",\"name\":\"CVI NOTICIAS\",\"description\":\"\",\"publisher\":{\"@id\":\"https:\\\/\\\/cvinoticias.com\\\/v3\\\/#organization\"},\"alternateName\":\"CVI\",\"potentialAction\":[{\"@type\":\"SearchAction\",\"target\":{\"@type\":\"EntryPoint\",\"urlTemplate\":\"https:\\\/\\\/cvinoticias.com\\\/v3\\\/?s={search_term_string}\"},\"query-input\":{\"@type\":\"PropertyValueSpecification\",\"valueRequired\":true,\"valueName\":\"search_term_string\"}}],\"inLanguage\":\"es\"},{\"@type\":\"Organization\",\"@id\":\"https:\\\/\\\/cvinoticias.com\\\/v3\\\/#organization\",\"name\":\"CVI NOTICIAS\",\"url\":\"https:\\\/\\\/cvinoticias.com\\\/v3\\\/\",\"logo\":{\"@type\":\"ImageObject\",\"inLanguage\":\"es\",\"@id\":\"https:\\\/\\\/cvinoticias.com\\\/v3\\\/#\\\/schema\\\/logo\\\/image\\\/\",\"url\":\"https:\\\/\\\/cvinoticias.com\\\/wp-content\\\/uploads\\\/2023\\\/04\\\/cropped-cropped-cropped-cropped-cropped-3-1.png\",\"contentUrl\":\"https:\\\/\\\/cvinoticias.com\\\/wp-content\\\/uploads\\\/2023\\\/04\\\/cropped-cropped-cropped-cropped-cropped-3-1.png\",\"width\":95,\"height\":122,\"caption\":\"CVI NOTICIAS\"},\"image\":{\"@id\":\"https:\\\/\\\/cvinoticias.com\\\/v3\\\/#\\\/schema\\\/logo\\\/image\\\/\"},\"sameAs\":[\"https:\\\/\\\/www.facebook.com\\\/cvinoticias\",\"https:\\\/\\\/www.instagram.com\\\/cvinoticias\\\/\",\"https:\\\/\\\/www.youtube.com\\\/@CVINOTICIAS\"]},{\"@type\":\"Person\",\"@id\":\"https:\\\/\\\/cvinoticias.com\\\/v3\\\/#\\\/schema\\\/person\\\/2db77e3c6bc03c538495d7b2b8be9b66\",\"name\":\"f1000024\",\"image\":{\"@type\":\"ImageObject\",\"inLanguage\":\"es\",\"@id\":\"https:\\\/\\\/secure.gravatar.com\\\/avatar\\\/d4fe7459cfc51ff5129ce1a732bbef5928568b8092d412ef95611616376bbeed?s=96&d=mm&r=g\",\"url\":\"https:\\\/\\\/secure.gravatar.com\\\/avatar\\\/d4fe7459cfc51ff5129ce1a732bbef5928568b8092d412ef95611616376bbeed?s=96&d=mm&r=g\",\"contentUrl\":\"https:\\\/\\\/secure.gravatar.com\\\/avatar\\\/d4fe7459cfc51ff5129ce1a732bbef5928568b8092d412ef95611616376bbeed?s=96&d=mm&r=g\",\"caption\":\"f1000024\"},\"url\":\"https:\\\/\\\/cvinoticias.com\\\/v3\\\/author\\\/f1000024\\\/\"}]}<\/script>\n<!-- \/ Yoast SEO plugin. -->","yoast_head_json":{"title":"Pidieron vacunar contra el Covid-19 a quienes organizan las elecciones 2021 | CVI NOTICIAS","robots":{"index":"index","follow":"follow","max-snippet":"max-snippet:-1","max-image-preview":"max-image-preview:large","max-video-preview":"max-video-preview:-1"},"canonical":"https:\/\/cvinoticias.com\/v3\/pidieron-vacunar-contra-el-covid-19-a-quienes-organizan-las-elecciones-2021\/","og_locale":"es_ES","og_type":"article","og_title":"Pidieron vacunar contra el Covid-19 a quienes organizan las elecciones 2021 | CVI NOTICIAS","og_description":"Desde la C\u00e1mara Nacional Electoral elevaron un pedido al Ministerio de Salud para que se incorpore a los involucrados en organizar las elecciones al grupo de \u00abpersonal estrat\u00e9gico\u00bb. La C\u00e1mara Nacional Electoral solicit\u00f3 este martes al Ministerio de Salud de la Naci\u00f3n la inclusi\u00f3n en el \u201cPlan Estrat\u00e9gico para la Vacunaci\u00f3n contra el Covid-19\u201d de [&hellip;]","og_url":"https:\/\/cvinoticias.com\/v3\/pidieron-vacunar-contra-el-covid-19-a-quienes-organizan-las-elecciones-2021\/","og_site_name":"CVI NOTICIAS","article_publisher":"https:\/\/www.facebook.com\/cvinoticias","article_published_time":"2021-01-20T10:58:39+00:00","og_image":[{"width":681,"height":382,"url":"https:\/\/cvinoticias.com\/wp-content\/uploads\/2021\/01\/Elecciones-2021.jpg","type":"image\/jpeg"}],"author":"f1000024","twitter_card":"summary_large_image","twitter_misc":{"Escrito por":"f1000024","Tiempo de lectura":"1 minuto"},"schema":{"@context":"https:\/\/schema.org","@graph":[{"@type":"Article","@id":"https:\/\/cvinoticias.com\/v3\/pidieron-vacunar-contra-el-covid-19-a-quienes-organizan-las-elecciones-2021\/#article","isPartOf":{"@id":"https:\/\/cvinoticias.com\/v3\/pidieron-vacunar-contra-el-covid-19-a-quienes-organizan-las-elecciones-2021\/"},"author":{"name":"f1000024","@id":"https:\/\/cvinoticias.com\/v3\/#\/schema\/person\/2db77e3c6bc03c538495d7b2b8be9b66"},"headline":"Pidieron vacunar contra el Covid-19 a quienes organizan las elecciones 2021","datePublished":"2021-01-20T10:58:39+00:00","mainEntityOfPage":{"@id":"https:\/\/cvinoticias.com\/v3\/pidieron-vacunar-contra-el-covid-19-a-quienes-organizan-las-elecciones-2021\/"},"wordCount":261,"commentCount":1,"publisher":{"@id":"https:\/\/cvinoticias.com\/v3\/#organization"},"image":{"@id":"https:\/\/cvinoticias.com\/v3\/pidieron-vacunar-contra-el-covid-19-a-quienes-organizan-las-elecciones-2021\/#primaryimage"},"thumbnailUrl":"https:\/\/cvinoticias.com\/wp-content\/uploads\/2021\/01\/Elecciones-2021.jpg","articleSection":["Informaci\u00f3n General"],"inLanguage":"es","potentialAction":[{"@type":"CommentAction","name":"Comment","target":["https:\/\/cvinoticias.com\/v3\/pidieron-vacunar-contra-el-covid-19-a-quienes-organizan-las-elecciones-2021\/#respond"]}]},{"@type":"WebPage","@id":"https:\/\/cvinoticias.com\/v3\/pidieron-vacunar-contra-el-covid-19-a-quienes-organizan-las-elecciones-2021\/","url":"https:\/\/cvinoticias.com\/v3\/pidieron-vacunar-contra-el-covid-19-a-quienes-organizan-las-elecciones-2021\/","name":"Pidieron vacunar contra el Covid-19 a quienes organizan las elecciones 2021 | CVI NOTICIAS","isPartOf":{"@id":"https:\/\/cvinoticias.com\/v3\/#website"},"primaryImageOfPage":{"@id":"https:\/\/cvinoticias.com\/v3\/pidieron-vacunar-contra-el-covid-19-a-quienes-organizan-las-elecciones-2021\/#primaryimage"},"image":{"@id":"https:\/\/cvinoticias.com\/v3\/pidieron-vacunar-contra-el-covid-19-a-quienes-organizan-las-elecciones-2021\/#primaryimage"},"thumbnailUrl":"https:\/\/cvinoticias.com\/wp-content\/uploads\/2021\/01\/Elecciones-2021.jpg","datePublished":"2021-01-20T10:58:39+00:00","breadcrumb":{"@id":"https:\/\/cvinoticias.com\/v3\/pidieron-vacunar-contra-el-covid-19-a-quienes-organizan-las-elecciones-2021\/#breadcrumb"},"inLanguage":"es","potentialAction":[{"@type":"ReadAction","target":["https:\/\/cvinoticias.com\/v3\/pidieron-vacunar-contra-el-covid-19-a-quienes-organizan-las-elecciones-2021\/"]}]},{"@type":"ImageObject","inLanguage":"es","@id":"https:\/\/cvinoticias.com\/v3\/pidieron-vacunar-contra-el-covid-19-a-quienes-organizan-las-elecciones-2021\/#primaryimage","url":"https:\/\/cvinoticias.com\/wp-content\/uploads\/2021\/01\/Elecciones-2021.jpg","contentUrl":"https:\/\/cvinoticias.com\/wp-content\/uploads\/2021\/01\/Elecciones-2021.jpg","width":681,"height":382},{"@type":"BreadcrumbList","@id":"https:\/\/cvinoticias.com\/v3\/pidieron-vacunar-contra-el-covid-19-a-quienes-organizan-las-elecciones-2021\/#breadcrumb","itemListElement":[{"@type":"ListItem","position":1,"name":"Portada","item":"https:\/\/cvinoticias.com\/v3\/"},{"@type":"ListItem","position":2,"name":"Pidieron vacunar contra el Covid-19 a quienes organizan las elecciones 2021"}]},{"@type":"WebSite","@id":"https:\/\/cvinoticias.com\/v3\/#website","url":"https:\/\/cvinoticias.com\/v3\/","name":"CVI NOTICIAS","description":"","publisher":{"@id":"https:\/\/cvinoticias.com\/v3\/#organization"},"alternateName":"CVI","potentialAction":[{"@type":"SearchAction","target":{"@type":"EntryPoint","urlTemplate":"https:\/\/cvinoticias.com\/v3\/?s={search_term_string}"},"query-input":{"@type":"PropertyValueSpecification","valueRequired":true,"valueName":"search_term_string"}}],"inLanguage":"es"},{"@type":"Organization","@id":"https:\/\/cvinoticias.com\/v3\/#organization","name":"CVI NOTICIAS","url":"https:\/\/cvinoticias.com\/v3\/","logo":{"@type":"ImageObject","inLanguage":"es","@id":"https:\/\/cvinoticias.com\/v3\/#\/schema\/logo\/image\/","url":"https:\/\/cvinoticias.com\/wp-content\/uploads\/2023\/04\/cropped-cropped-cropped-cropped-cropped-3-1.png","contentUrl":"https:\/\/cvinoticias.com\/wp-content\/uploads\/2023\/04\/cropped-cropped-cropped-cropped-cropped-3-1.png","width":95,"height":122,"caption":"CVI NOTICIAS"},"image":{"@id":"https:\/\/cvinoticias.com\/v3\/#\/schema\/logo\/image\/"},"sameAs":["https:\/\/www.facebook.com\/cvinoticias","https:\/\/www.instagram.com\/cvinoticias\/","https:\/\/www.youtube.com\/@CVINOTICIAS"]},{"@type":"Person","@id":"https:\/\/cvinoticias.com\/v3\/#\/schema\/person\/2db77e3c6bc03c538495d7b2b8be9b66","name":"f1000024","image":{"@type":"ImageObject","inLanguage":"es","@id":"https:\/\/secure.gravatar.com\/avatar\/d4fe7459cfc51ff5129ce1a732bbef5928568b8092d412ef95611616376bbeed?s=96&d=mm&r=g","url":"https:\/\/secure.gravatar.com\/avatar\/d4fe7459cfc51ff5129ce1a732bbef5928568b8092d412ef95611616376bbeed?s=96&d=mm&r=g","contentUrl":"https:\/\/secure.gravatar.com\/avatar\/d4fe7459cfc51ff5129ce1a732bbef5928568b8092d412ef95611616376bbeed?s=96&d=mm&r=g","caption":"f1000024"},"url":"https:\/\/cvinoticias.com\/v3\/author\/f1000024\/"}]}},"_links":{"self":[{"href":"https:\/\/cvinoticias.com\/v3\/wp-json\/wp\/v2\/posts\/1838","targetHints":{"allow":["GET"]}}],"collection":[{"href":"https:\/\/cvinoticias.com\/v3\/wp-json\/wp\/v2\/posts"}],"about":[{"href":"https:\/\/cvinoticias.com\/v3\/wp-json\/wp\/v2\/types\/post"}],"author":[{"embeddable":true,"href":"https:\/\/cvinoticias.com\/v3\/wp-json\/wp\/v2\/users\/2"}],"replies":[{"embeddable":true,"href":"https:\/\/cvinoticias.com\/v3\/wp-json\/wp\/v2\/comments?post=1838"}],"version-history":[{"count":1,"href":"https:\/\/cvinoticias.com\/v3\/wp-json\/wp\/v2\/posts\/1838\/revisions"}],"predecessor-version":[{"id":1840,"href":"https:\/\/cvinoticias.com\/v3\/wp-json\/wp\/v2\/posts\/1838\/revisions\/1840"}],"wp:featuredmedia":[{"embeddable":true,"href":"https:\/\/cvinoticias.com\/v3\/wp-json\/wp\/v2\/media\/1839"}],"wp:attachment":[{"href":"https:\/\/cvinoticias.com\/v3\/wp-json\/wp\/v2\/media?parent=1838"}],"wp:term":[{"taxonomy":"category","embeddable":true,"href":"https:\/\/cvinoticias.com\/v3\/wp-json\/wp\/v2\/categories?post=1838"},{"taxonomy":"post_tag","embeddable":true,"href":"https:\/\/cvinoticias.com\/v3\/wp-json\/wp\/v2\/tags?post=1838"}],"curies":[{"name":"wp","href":"https:\/\/api.w.org\/{rel}","templated":true}]}}