{"id":18367,"date":"2022-08-09T18:16:19","date_gmt":"2022-08-09T18:16:19","guid":{"rendered":"https:\/\/cvinoticias.com\/v3\/?p=18367"},"modified":"2022-08-09T18:16:19","modified_gmt":"2022-08-09T18:16:19","slug":"la-fibra-optica-mas-larga-del-mundo-ira-desde-argentina-hasta-estados-unidos","status":"publish","type":"post","link":"https:\/\/cvinoticias.com\/v3\/la-fibra-optica-mas-larga-del-mundo-ira-desde-argentina-hasta-estados-unidos\/","title":{"rendered":"La fibra \u00f3ptica m\u00e1s larga del mundo ir\u00e1 desde Argentina hasta Estados Unidos"},"content":{"rendered":"\n<p><strong><em>La empresa Google realizar\u00e1 la instalaci\u00f3n del sistema \u00abFirmina\u00bb, en el mar territorial argentino, con una traza de total de 13.500 kil\u00f3metros.<\/em><\/strong><\/p>\n\n\n\n<p>El Directorio del Ente Nacional de Comunicaciones (Enacom) autoriz\u00f3 este lunes a la empresa Google Infraestructura Argentina SRL la instalaci\u00f3n del sistema de cable de fibra \u00f3ptica \u00abFirmina\u00bb, en el mar territorial argentino, con una traza de total de 13.500 kil\u00f3metros, por lo que se convertir\u00e1 en la m\u00e1s larga del mundo para unir Am\u00e9rica del Norte y Am\u00e9rica del Sur.<\/p>\n\n\n\n<p>La instalaci\u00f3n de fibra \u00f3ptica funcionar\u00e1 con una sola fuente de energ\u00eda y sus 12 pares de fibra transportar\u00e1n de forma \u00abr\u00e1pida\u00bb y \u00absegura\u00bb el trafico de internet con una capacidad de dise\u00f1o final de 15.03 terabit por segundo (TB\/s) por par de fibra. Adem\u00e1s, esta red permitir\u00e1 un crecimiento en t\u00e9rminos tecnol\u00f3gicos y econ\u00f3mico.<\/p>\n\n\n\n<p>Firmina ser\u00e1 el cable m\u00e1s largo del mundo, capaz de funcionar con una sola fuente de energ\u00eda en un extremo del cable, en caso de que sus otras fuentes no se encuentren disponibles temporalmente.<\/p>\n\n\n\n<p>\u00abLa mejora de conectividad internacional es considerada fundamental por cualquier industria, sea cual fuera el sector en el que se desempe\u00f1a, debido a la transversalidad que las telecomunicaciones y las tecnolog\u00edas de la informaci\u00f3n detentan\u00bb, sostuvo el comunicado del Directorio, encabezado por Claudio Ambrosini.<\/p>\n\n\n\n<p>Adem\u00e1s, esto potenciar\u00e1 los productos de Google, como la b\u00fasqueda, Gmail y YouTube, as\u00ed como a los servicios de Google Cloud.<\/p>\n\n\n\n<p>El proyecto abarca desde Estados Unidos de Am\u00e9rica (Carolina del Sur) hasta Argentina (Buenos Aires), con derivaci\u00f3n en la ciudad de Punta del Este (Rep\u00fablica Oriental del Uruguay) y Praia Grande (San Pablo, Rep\u00fablica Federativa de Brasil).<\/p>\n\n\n\n<p>El proyecto est\u00e1 dise\u00f1ado para ser un sistema de cable submarino de fibra \u00f3ptica de alta capacidad desde la ciudad de Myrtle Beach (Carolina del Sur, Estados Unidos de Am\u00e9rica) hasta la localidad de Las Toninas (Buenos Aires, Argentina), con derivaci\u00f3n en la ciudad de Punta del Este (Rep\u00fablica Oriental del Uruguay) y otra en la ciudad de Praia Grande (San Pablo, Rep\u00fablica Federativa de Brasil).<\/p>\n\n\n\n<p>El cable lleva el nombre de Maria Firmina dos Reis (1825-1917), una autora y abolicionista brasile\u00f1a cuya novela de 1859, \u201c\u00darsula\u201d, describe la vida de las y los afrobrasile\u00f1os bajo la esclavitud. Con este cable, se busca, en este sentido, destacar el trabajo y esp\u00edritu pionero de quien es considerada la primera novelista de Brasil.<\/p>\n","protected":false},"excerpt":{"rendered":"<p>La empresa Google realizar\u00e1 la instalaci\u00f3n del sistema \u00abFirmina\u00bb, en el mar territorial argentino, con una traza de total de 13.500 kil\u00f3metros. El Directorio del Ente Nacional de Comunicaciones (Enacom) autoriz\u00f3 este lunes a la empresa Google Infraestructura Argentina SRL la instalaci\u00f3n del sistema de cable de fibra \u00f3ptica \u00abFirmina\u00bb, en el mar territorial argentino, [&hellip;]<\/p>\n","protected":false},"author":2,"featured_media":18368,"comment_status":"open","ping_status":"open","sticky":false,"template":"","format":"standard","meta":{"footnotes":""},"categories":[98],"tags":[],"class_list":["post-18367","post","type-post","status-publish","format-standard","has-post-thumbnail","hentry","category-conectividad"],"yoast_head":"<!-- This site is optimized with the Yoast SEO plugin v27.5 - https:\/\/yoast.com\/product\/yoast-seo-wordpress\/ -->\n<title>La fibra \u00f3ptica m\u00e1s larga del mundo ir\u00e1 desde Argentina hasta Estados Unidos | CVI NOTICIAS<\/title>\n<meta name=\"robots\" content=\"index, follow, max-snippet:-1, max-image-preview:large, max-video-preview:-1\" \/>\n<link rel=\"canonical\" href=\"https:\/\/cvinoticias.com\/v3\/la-fibra-optica-mas-larga-del-mundo-ira-desde-argentina-hasta-estados-unidos\/\" \/>\n<meta property=\"og:locale\" content=\"es_ES\" \/>\n<meta property=\"og:type\" content=\"article\" \/>\n<meta property=\"og:title\" content=\"La fibra \u00f3ptica m\u00e1s larga del mundo ir\u00e1 desde Argentina hasta Estados Unidos | CVI NOTICIAS\" \/>\n<meta property=\"og:description\" content=\"La empresa Google realizar\u00e1 la instalaci\u00f3n del sistema \u00abFirmina\u00bb, en el mar territorial argentino, con una traza de total de 13.500 kil\u00f3metros. El Directorio del Ente Nacional de Comunicaciones (Enacom) autoriz\u00f3 este lunes a la empresa Google Infraestructura Argentina SRL la instalaci\u00f3n del sistema de cable de fibra \u00f3ptica \u00abFirmina\u00bb, en el mar territorial argentino, [&hellip;]\" \/>\n<meta property=\"og:url\" content=\"https:\/\/cvinoticias.com\/v3\/la-fibra-optica-mas-larga-del-mundo-ira-desde-argentina-hasta-estados-unidos\/\" \/>\n<meta property=\"og:site_name\" content=\"CVI NOTICIAS\" \/>\n<meta property=\"article:publisher\" content=\"https:\/\/www.facebook.com\/cvinoticias\" \/>\n<meta property=\"article:published_time\" content=\"2022-08-09T18:16:19+00:00\" \/>\n<meta property=\"og:image\" content=\"https:\/\/cvinoticias.com\/wp-content\/uploads\/2022\/08\/0000108039.jpg\" \/>\n\t<meta property=\"og:image:width\" content=\"900\" \/>\n\t<meta property=\"og:image:height\" content=\"600\" \/>\n\t<meta property=\"og:image:type\" content=\"image\/jpeg\" \/>\n<meta name=\"author\" content=\"f1000024\" \/>\n<meta name=\"twitter:card\" content=\"summary_large_image\" \/>\n<meta name=\"twitter:label1\" content=\"Escrito por\" \/>\n\t<meta name=\"twitter:data1\" content=\"f1000024\" \/>\n\t<meta name=\"twitter:label2\" content=\"Tiempo de lectura\" \/>\n\t<meta name=\"twitter:data2\" content=\"2 minutos\" \/>\n<script type=\"application\/ld+json\" class=\"yoast-schema-graph\">{\"@context\":\"https:\\\/\\\/schema.org\",\"@graph\":[{\"@type\":\"Article\",\"@id\":\"https:\\\/\\\/cvinoticias.com\\\/v3\\\/la-fibra-optica-mas-larga-del-mundo-ira-desde-argentina-hasta-estados-unidos\\\/#article\",\"isPartOf\":{\"@id\":\"https:\\\/\\\/cvinoticias.com\\\/v3\\\/la-fibra-optica-mas-larga-del-mundo-ira-desde-argentina-hasta-estados-unidos\\\/\"},\"author\":{\"name\":\"f1000024\",\"@id\":\"https:\\\/\\\/cvinoticias.com\\\/v3\\\/#\\\/schema\\\/person\\\/2db77e3c6bc03c538495d7b2b8be9b66\"},\"headline\":\"La fibra \u00f3ptica m\u00e1s larga del mundo ir\u00e1 desde Argentina hasta Estados Unidos\",\"datePublished\":\"2022-08-09T18:16:19+00:00\",\"mainEntityOfPage\":{\"@id\":\"https:\\\/\\\/cvinoticias.com\\\/v3\\\/la-fibra-optica-mas-larga-del-mundo-ira-desde-argentina-hasta-estados-unidos\\\/\"},\"wordCount\":440,\"commentCount\":0,\"publisher\":{\"@id\":\"https:\\\/\\\/cvinoticias.com\\\/v3\\\/#organization\"},\"image\":{\"@id\":\"https:\\\/\\\/cvinoticias.com\\\/v3\\\/la-fibra-optica-mas-larga-del-mundo-ira-desde-argentina-hasta-estados-unidos\\\/#primaryimage\"},\"thumbnailUrl\":\"https:\\\/\\\/cvinoticias.com\\\/wp-content\\\/uploads\\\/2022\\\/08\\\/0000108039.jpg\",\"articleSection\":[\"Conectividad\"],\"inLanguage\":\"es\",\"potentialAction\":[{\"@type\":\"CommentAction\",\"name\":\"Comment\",\"target\":[\"https:\\\/\\\/cvinoticias.com\\\/v3\\\/la-fibra-optica-mas-larga-del-mundo-ira-desde-argentina-hasta-estados-unidos\\\/#respond\"]}]},{\"@type\":\"WebPage\",\"@id\":\"https:\\\/\\\/cvinoticias.com\\\/v3\\\/la-fibra-optica-mas-larga-del-mundo-ira-desde-argentina-hasta-estados-unidos\\\/\",\"url\":\"https:\\\/\\\/cvinoticias.com\\\/v3\\\/la-fibra-optica-mas-larga-del-mundo-ira-desde-argentina-hasta-estados-unidos\\\/\",\"name\":\"La fibra \u00f3ptica m\u00e1s larga del mundo ir\u00e1 desde Argentina hasta Estados Unidos | CVI NOTICIAS\",\"isPartOf\":{\"@id\":\"https:\\\/\\\/cvinoticias.com\\\/v3\\\/#website\"},\"primaryImageOfPage\":{\"@id\":\"https:\\\/\\\/cvinoticias.com\\\/v3\\\/la-fibra-optica-mas-larga-del-mundo-ira-desde-argentina-hasta-estados-unidos\\\/#primaryimage\"},\"image\":{\"@id\":\"https:\\\/\\\/cvinoticias.com\\\/v3\\\/la-fibra-optica-mas-larga-del-mundo-ira-desde-argentina-hasta-estados-unidos\\\/#primaryimage\"},\"thumbnailUrl\":\"https:\\\/\\\/cvinoticias.com\\\/wp-content\\\/uploads\\\/2022\\\/08\\\/0000108039.jpg\",\"datePublished\":\"2022-08-09T18:16:19+00:00\",\"breadcrumb\":{\"@id\":\"https:\\\/\\\/cvinoticias.com\\\/v3\\\/la-fibra-optica-mas-larga-del-mundo-ira-desde-argentina-hasta-estados-unidos\\\/#breadcrumb\"},\"inLanguage\":\"es\",\"potentialAction\":[{\"@type\":\"ReadAction\",\"target\":[\"https:\\\/\\\/cvinoticias.com\\\/v3\\\/la-fibra-optica-mas-larga-del-mundo-ira-desde-argentina-hasta-estados-unidos\\\/\"]}]},{\"@type\":\"ImageObject\",\"inLanguage\":\"es\",\"@id\":\"https:\\\/\\\/cvinoticias.com\\\/v3\\\/la-fibra-optica-mas-larga-del-mundo-ira-desde-argentina-hasta-estados-unidos\\\/#primaryimage\",\"url\":\"https:\\\/\\\/cvinoticias.com\\\/wp-content\\\/uploads\\\/2022\\\/08\\\/0000108039.jpg\",\"contentUrl\":\"https:\\\/\\\/cvinoticias.com\\\/wp-content\\\/uploads\\\/2022\\\/08\\\/0000108039.jpg\",\"width\":900,\"height\":600},{\"@type\":\"BreadcrumbList\",\"@id\":\"https:\\\/\\\/cvinoticias.com\\\/v3\\\/la-fibra-optica-mas-larga-del-mundo-ira-desde-argentina-hasta-estados-unidos\\\/#breadcrumb\",\"itemListElement\":[{\"@type\":\"ListItem\",\"position\":1,\"name\":\"Portada\",\"item\":\"https:\\\/\\\/cvinoticias.com\\\/v3\\\/\"},{\"@type\":\"ListItem\",\"position\":2,\"name\":\"La fibra \u00f3ptica m\u00e1s larga del mundo ir\u00e1 desde Argentina hasta Estados Unidos\"}]},{\"@type\":\"WebSite\",\"@id\":\"https:\\\/\\\/cvinoticias.com\\\/v3\\\/#website\",\"url\":\"https:\\\/\\\/cvinoticias.com\\\/v3\\\/\",\"name\":\"CVI NOTICIAS\",\"description\":\"\",\"publisher\":{\"@id\":\"https:\\\/\\\/cvinoticias.com\\\/v3\\\/#organization\"},\"alternateName\":\"CVI\",\"potentialAction\":[{\"@type\":\"SearchAction\",\"target\":{\"@type\":\"EntryPoint\",\"urlTemplate\":\"https:\\\/\\\/cvinoticias.com\\\/v3\\\/?s={search_term_string}\"},\"query-input\":{\"@type\":\"PropertyValueSpecification\",\"valueRequired\":true,\"valueName\":\"search_term_string\"}}],\"inLanguage\":\"es\"},{\"@type\":\"Organization\",\"@id\":\"https:\\\/\\\/cvinoticias.com\\\/v3\\\/#organization\",\"name\":\"CVI NOTICIAS\",\"url\":\"https:\\\/\\\/cvinoticias.com\\\/v3\\\/\",\"logo\":{\"@type\":\"ImageObject\",\"inLanguage\":\"es\",\"@id\":\"https:\\\/\\\/cvinoticias.com\\\/v3\\\/#\\\/schema\\\/logo\\\/image\\\/\",\"url\":\"https:\\\/\\\/cvinoticias.com\\\/wp-content\\\/uploads\\\/2023\\\/04\\\/cropped-cropped-cropped-cropped-cropped-3-1.png\",\"contentUrl\":\"https:\\\/\\\/cvinoticias.com\\\/wp-content\\\/uploads\\\/2023\\\/04\\\/cropped-cropped-cropped-cropped-cropped-3-1.png\",\"width\":95,\"height\":122,\"caption\":\"CVI NOTICIAS\"},\"image\":{\"@id\":\"https:\\\/\\\/cvinoticias.com\\\/v3\\\/#\\\/schema\\\/logo\\\/image\\\/\"},\"sameAs\":[\"https:\\\/\\\/www.facebook.com\\\/cvinoticias\",\"https:\\\/\\\/www.instagram.com\\\/cvinoticias\\\/\",\"https:\\\/\\\/www.youtube.com\\\/@CVINOTICIAS\"]},{\"@type\":\"Person\",\"@id\":\"https:\\\/\\\/cvinoticias.com\\\/v3\\\/#\\\/schema\\\/person\\\/2db77e3c6bc03c538495d7b2b8be9b66\",\"name\":\"f1000024\",\"image\":{\"@type\":\"ImageObject\",\"inLanguage\":\"es\",\"@id\":\"https:\\\/\\\/secure.gravatar.com\\\/avatar\\\/d4fe7459cfc51ff5129ce1a732bbef5928568b8092d412ef95611616376bbeed?s=96&d=mm&r=g\",\"url\":\"https:\\\/\\\/secure.gravatar.com\\\/avatar\\\/d4fe7459cfc51ff5129ce1a732bbef5928568b8092d412ef95611616376bbeed?s=96&d=mm&r=g\",\"contentUrl\":\"https:\\\/\\\/secure.gravatar.com\\\/avatar\\\/d4fe7459cfc51ff5129ce1a732bbef5928568b8092d412ef95611616376bbeed?s=96&d=mm&r=g\",\"caption\":\"f1000024\"},\"url\":\"https:\\\/\\\/cvinoticias.com\\\/v3\\\/author\\\/f1000024\\\/\"}]}<\/script>\n<!-- \/ Yoast SEO plugin. -->","yoast_head_json":{"title":"La fibra \u00f3ptica m\u00e1s larga del mundo ir\u00e1 desde Argentina hasta Estados Unidos | CVI NOTICIAS","robots":{"index":"index","follow":"follow","max-snippet":"max-snippet:-1","max-image-preview":"max-image-preview:large","max-video-preview":"max-video-preview:-1"},"canonical":"https:\/\/cvinoticias.com\/v3\/la-fibra-optica-mas-larga-del-mundo-ira-desde-argentina-hasta-estados-unidos\/","og_locale":"es_ES","og_type":"article","og_title":"La fibra \u00f3ptica m\u00e1s larga del mundo ir\u00e1 desde Argentina hasta Estados Unidos | CVI NOTICIAS","og_description":"La empresa Google realizar\u00e1 la instalaci\u00f3n del sistema \u00abFirmina\u00bb, en el mar territorial argentino, con una traza de total de 13.500 kil\u00f3metros. El Directorio del Ente Nacional de Comunicaciones (Enacom) autoriz\u00f3 este lunes a la empresa Google Infraestructura Argentina SRL la instalaci\u00f3n del sistema de cable de fibra \u00f3ptica \u00abFirmina\u00bb, en el mar territorial argentino, [&hellip;]","og_url":"https:\/\/cvinoticias.com\/v3\/la-fibra-optica-mas-larga-del-mundo-ira-desde-argentina-hasta-estados-unidos\/","og_site_name":"CVI NOTICIAS","article_publisher":"https:\/\/www.facebook.com\/cvinoticias","article_published_time":"2022-08-09T18:16:19+00:00","og_image":[{"width":900,"height":600,"url":"https:\/\/cvinoticias.com\/wp-content\/uploads\/2022\/08\/0000108039.jpg","type":"image\/jpeg"}],"author":"f1000024","twitter_card":"summary_large_image","twitter_misc":{"Escrito por":"f1000024","Tiempo de lectura":"2 minutos"},"schema":{"@context":"https:\/\/schema.org","@graph":[{"@type":"Article","@id":"https:\/\/cvinoticias.com\/v3\/la-fibra-optica-mas-larga-del-mundo-ira-desde-argentina-hasta-estados-unidos\/#article","isPartOf":{"@id":"https:\/\/cvinoticias.com\/v3\/la-fibra-optica-mas-larga-del-mundo-ira-desde-argentina-hasta-estados-unidos\/"},"author":{"name":"f1000024","@id":"https:\/\/cvinoticias.com\/v3\/#\/schema\/person\/2db77e3c6bc03c538495d7b2b8be9b66"},"headline":"La fibra \u00f3ptica m\u00e1s larga del mundo ir\u00e1 desde Argentina hasta Estados Unidos","datePublished":"2022-08-09T18:16:19+00:00","mainEntityOfPage":{"@id":"https:\/\/cvinoticias.com\/v3\/la-fibra-optica-mas-larga-del-mundo-ira-desde-argentina-hasta-estados-unidos\/"},"wordCount":440,"commentCount":0,"publisher":{"@id":"https:\/\/cvinoticias.com\/v3\/#organization"},"image":{"@id":"https:\/\/cvinoticias.com\/v3\/la-fibra-optica-mas-larga-del-mundo-ira-desde-argentina-hasta-estados-unidos\/#primaryimage"},"thumbnailUrl":"https:\/\/cvinoticias.com\/wp-content\/uploads\/2022\/08\/0000108039.jpg","articleSection":["Conectividad"],"inLanguage":"es","potentialAction":[{"@type":"CommentAction","name":"Comment","target":["https:\/\/cvinoticias.com\/v3\/la-fibra-optica-mas-larga-del-mundo-ira-desde-argentina-hasta-estados-unidos\/#respond"]}]},{"@type":"WebPage","@id":"https:\/\/cvinoticias.com\/v3\/la-fibra-optica-mas-larga-del-mundo-ira-desde-argentina-hasta-estados-unidos\/","url":"https:\/\/cvinoticias.com\/v3\/la-fibra-optica-mas-larga-del-mundo-ira-desde-argentina-hasta-estados-unidos\/","name":"La fibra \u00f3ptica m\u00e1s larga del mundo ir\u00e1 desde Argentina hasta Estados Unidos | CVI NOTICIAS","isPartOf":{"@id":"https:\/\/cvinoticias.com\/v3\/#website"},"primaryImageOfPage":{"@id":"https:\/\/cvinoticias.com\/v3\/la-fibra-optica-mas-larga-del-mundo-ira-desde-argentina-hasta-estados-unidos\/#primaryimage"},"image":{"@id":"https:\/\/cvinoticias.com\/v3\/la-fibra-optica-mas-larga-del-mundo-ira-desde-argentina-hasta-estados-unidos\/#primaryimage"},"thumbnailUrl":"https:\/\/cvinoticias.com\/wp-content\/uploads\/2022\/08\/0000108039.jpg","datePublished":"2022-08-09T18:16:19+00:00","breadcrumb":{"@id":"https:\/\/cvinoticias.com\/v3\/la-fibra-optica-mas-larga-del-mundo-ira-desde-argentina-hasta-estados-unidos\/#breadcrumb"},"inLanguage":"es","potentialAction":[{"@type":"ReadAction","target":["https:\/\/cvinoticias.com\/v3\/la-fibra-optica-mas-larga-del-mundo-ira-desde-argentina-hasta-estados-unidos\/"]}]},{"@type":"ImageObject","inLanguage":"es","@id":"https:\/\/cvinoticias.com\/v3\/la-fibra-optica-mas-larga-del-mundo-ira-desde-argentina-hasta-estados-unidos\/#primaryimage","url":"https:\/\/cvinoticias.com\/wp-content\/uploads\/2022\/08\/0000108039.jpg","contentUrl":"https:\/\/cvinoticias.com\/wp-content\/uploads\/2022\/08\/0000108039.jpg","width":900,"height":600},{"@type":"BreadcrumbList","@id":"https:\/\/cvinoticias.com\/v3\/la-fibra-optica-mas-larga-del-mundo-ira-desde-argentina-hasta-estados-unidos\/#breadcrumb","itemListElement":[{"@type":"ListItem","position":1,"name":"Portada","item":"https:\/\/cvinoticias.com\/v3\/"},{"@type":"ListItem","position":2,"name":"La fibra \u00f3ptica m\u00e1s larga del mundo ir\u00e1 desde Argentina hasta Estados Unidos"}]},{"@type":"WebSite","@id":"https:\/\/cvinoticias.com\/v3\/#website","url":"https:\/\/cvinoticias.com\/v3\/","name":"CVI NOTICIAS","description":"","publisher":{"@id":"https:\/\/cvinoticias.com\/v3\/#organization"},"alternateName":"CVI","potentialAction":[{"@type":"SearchAction","target":{"@type":"EntryPoint","urlTemplate":"https:\/\/cvinoticias.com\/v3\/?s={search_term_string}"},"query-input":{"@type":"PropertyValueSpecification","valueRequired":true,"valueName":"search_term_string"}}],"inLanguage":"es"},{"@type":"Organization","@id":"https:\/\/cvinoticias.com\/v3\/#organization","name":"CVI NOTICIAS","url":"https:\/\/cvinoticias.com\/v3\/","logo":{"@type":"ImageObject","inLanguage":"es","@id":"https:\/\/cvinoticias.com\/v3\/#\/schema\/logo\/image\/","url":"https:\/\/cvinoticias.com\/wp-content\/uploads\/2023\/04\/cropped-cropped-cropped-cropped-cropped-3-1.png","contentUrl":"https:\/\/cvinoticias.com\/wp-content\/uploads\/2023\/04\/cropped-cropped-cropped-cropped-cropped-3-1.png","width":95,"height":122,"caption":"CVI NOTICIAS"},"image":{"@id":"https:\/\/cvinoticias.com\/v3\/#\/schema\/logo\/image\/"},"sameAs":["https:\/\/www.facebook.com\/cvinoticias","https:\/\/www.instagram.com\/cvinoticias\/","https:\/\/www.youtube.com\/@CVINOTICIAS"]},{"@type":"Person","@id":"https:\/\/cvinoticias.com\/v3\/#\/schema\/person\/2db77e3c6bc03c538495d7b2b8be9b66","name":"f1000024","image":{"@type":"ImageObject","inLanguage":"es","@id":"https:\/\/secure.gravatar.com\/avatar\/d4fe7459cfc51ff5129ce1a732bbef5928568b8092d412ef95611616376bbeed?s=96&d=mm&r=g","url":"https:\/\/secure.gravatar.com\/avatar\/d4fe7459cfc51ff5129ce1a732bbef5928568b8092d412ef95611616376bbeed?s=96&d=mm&r=g","contentUrl":"https:\/\/secure.gravatar.com\/avatar\/d4fe7459cfc51ff5129ce1a732bbef5928568b8092d412ef95611616376bbeed?s=96&d=mm&r=g","caption":"f1000024"},"url":"https:\/\/cvinoticias.com\/v3\/author\/f1000024\/"}]}},"_links":{"self":[{"href":"https:\/\/cvinoticias.com\/v3\/wp-json\/wp\/v2\/posts\/18367","targetHints":{"allow":["GET"]}}],"collection":[{"href":"https:\/\/cvinoticias.com\/v3\/wp-json\/wp\/v2\/posts"}],"about":[{"href":"https:\/\/cvinoticias.com\/v3\/wp-json\/wp\/v2\/types\/post"}],"author":[{"embeddable":true,"href":"https:\/\/cvinoticias.com\/v3\/wp-json\/wp\/v2\/users\/2"}],"replies":[{"embeddable":true,"href":"https:\/\/cvinoticias.com\/v3\/wp-json\/wp\/v2\/comments?post=18367"}],"version-history":[{"count":1,"href":"https:\/\/cvinoticias.com\/v3\/wp-json\/wp\/v2\/posts\/18367\/revisions"}],"predecessor-version":[{"id":18369,"href":"https:\/\/cvinoticias.com\/v3\/wp-json\/wp\/v2\/posts\/18367\/revisions\/18369"}],"wp:featuredmedia":[{"embeddable":true,"href":"https:\/\/cvinoticias.com\/v3\/wp-json\/wp\/v2\/media\/18368"}],"wp:attachment":[{"href":"https:\/\/cvinoticias.com\/v3\/wp-json\/wp\/v2\/media?parent=18367"}],"wp:term":[{"taxonomy":"category","embeddable":true,"href":"https:\/\/cvinoticias.com\/v3\/wp-json\/wp\/v2\/categories?post=18367"},{"taxonomy":"post_tag","embeddable":true,"href":"https:\/\/cvinoticias.com\/v3\/wp-json\/wp\/v2\/tags?post=18367"}],"curies":[{"name":"wp","href":"https:\/\/api.w.org\/{rel}","templated":true}]}}