{"id":1832,"date":"2021-01-20T04:23:53","date_gmt":"2021-01-20T04:23:53","guid":{"rendered":"https:\/\/cvinoticias.com\/v3\/?p=1832"},"modified":"2021-01-20T04:23:53","modified_gmt":"2021-01-20T04:23:53","slug":"los-precios-mayoristas-subieron-354-en-2020","status":"publish","type":"post","link":"https:\/\/cvinoticias.com\/v3\/los-precios-mayoristas-subieron-354-en-2020\/","title":{"rendered":"Los precios mayoristas subieron 35,4% en 2020"},"content":{"rendered":"\n<p><strong><em>En diciembre exhibi\u00f3 una suba de 4,4% y, de esta forma, termin\u00f3 acumulando el incremento del 35%.<\/em><\/strong><\/p>\n\n\n\n<p>El \u00edndice de precios mayoristas registr\u00f3 en diciembre una suba de 4,4% y de esta forma acumul\u00f3 en 2020 un incremento de 35,4%, inform\u00f3 este martes el INDEC.<\/p>\n\n\n\n<p>El organismo estad\u00edstico termin\u00f3 de esta forma de difundir la evoluci\u00f3n que registraron los distintos \u00edndice de precios, que comenz\u00f3 la semana pasada cuando inform\u00f3 que en el sector minorista en diciembre tuvieron una suba de 4% y 36,1% a lo largo de 2020.<\/p>\n\n\n\n<p>El nivel general del \u00edndice de precios internos al por mayor (IPIM) registr\u00f3 un aumento de 4,4% en diciembre de 2020 respecto del mes anterior. Esta variaci\u00f3n fue consecuencia de una suba de 4,4% en los productos nacionales y de 3,9% en importados.<\/p>\n\n\n\n<p>Las principales subas de diciembre fueron de 6,9% en los \u201cproductos primarios\u201d y de 3,6% en los \u201cmanufacturados y energ\u00eda el\u00e9ctrica\u201d.\u00a0<\/p>\n\n\n\n<p>En todo el 2020 los principales incrementos a nivel mayorista fueron madera y productos de madera excepto muebles (75,9%), seguido por papel y productos de papel (61,5%), productos agropecuarios (54,4%),\u00a0 met\u00e1licos excepto m\u00e1quinas y equipos (51,1%), por productos textiles (50,4%) y minerales no metal\u00edferos (46,3%). Entre los manufacturados, alimentos y bebidas subieron 27,7%.<\/p>\n\n\n\n<p><\/p>\n","protected":false},"excerpt":{"rendered":"<p>En diciembre exhibi\u00f3 una suba de 4,4% y, de esta forma, termin\u00f3 acumulando el incremento del 35%. El \u00edndice de precios mayoristas registr\u00f3 en diciembre una suba de 4,4% y de esta forma acumul\u00f3 en 2020 un incremento de 35,4%, inform\u00f3 este martes el INDEC. El organismo estad\u00edstico termin\u00f3 de esta forma de difundir la [&hellip;]<\/p>\n","protected":false},"author":2,"featured_media":1833,"comment_status":"open","ping_status":"open","sticky":false,"template":"","format":"standard","meta":{"footnotes":""},"categories":[32],"tags":[],"class_list":["post-1832","post","type-post","status-publish","format-standard","has-post-thumbnail","hentry","category-economia"],"yoast_head":"<!-- This site is optimized with the Yoast SEO plugin v27.4 - https:\/\/yoast.com\/product\/yoast-seo-wordpress\/ -->\n<title>Los precios mayoristas subieron 35,4% en 2020 | CVI NOTICIAS<\/title>\n<meta name=\"robots\" content=\"index, follow, max-snippet:-1, max-image-preview:large, max-video-preview:-1\" \/>\n<link rel=\"canonical\" href=\"https:\/\/cvinoticias.com\/v3\/los-precios-mayoristas-subieron-354-en-2020\/\" \/>\n<meta property=\"og:locale\" content=\"es_ES\" \/>\n<meta property=\"og:type\" content=\"article\" \/>\n<meta property=\"og:title\" content=\"Los precios mayoristas subieron 35,4% en 2020 | CVI NOTICIAS\" \/>\n<meta property=\"og:description\" content=\"En diciembre exhibi\u00f3 una suba de 4,4% y, de esta forma, termin\u00f3 acumulando el incremento del 35%. El \u00edndice de precios mayoristas registr\u00f3 en diciembre una suba de 4,4% y de esta forma acumul\u00f3 en 2020 un incremento de 35,4%, inform\u00f3 este martes el INDEC. El organismo estad\u00edstico termin\u00f3 de esta forma de difundir la [&hellip;]\" \/>\n<meta property=\"og:url\" content=\"https:\/\/cvinoticias.com\/v3\/los-precios-mayoristas-subieron-354-en-2020\/\" \/>\n<meta property=\"og:site_name\" content=\"CVI NOTICIAS\" \/>\n<meta property=\"article:publisher\" content=\"https:\/\/www.facebook.com\/cvinoticias\" \/>\n<meta property=\"article:published_time\" content=\"2021-01-20T04:23:53+00:00\" \/>\n<meta property=\"og:image\" content=\"https:\/\/cvinoticias.com\/wp-content\/uploads\/2021\/01\/images-5-1.jpeg\" \/>\n\t<meta property=\"og:image:width\" content=\"300\" \/>\n\t<meta property=\"og:image:height\" content=\"168\" \/>\n\t<meta property=\"og:image:type\" content=\"image\/jpeg\" \/>\n<meta name=\"author\" content=\"f1000024\" \/>\n<meta name=\"twitter:card\" content=\"summary_large_image\" \/>\n<meta name=\"twitter:label1\" content=\"Escrito por\" \/>\n\t<meta name=\"twitter:data1\" content=\"f1000024\" \/>\n\t<meta name=\"twitter:label2\" content=\"Tiempo de lectura\" \/>\n\t<meta name=\"twitter:data2\" content=\"1 minuto\" \/>\n<script type=\"application\/ld+json\" class=\"yoast-schema-graph\">{\"@context\":\"https:\\\/\\\/schema.org\",\"@graph\":[{\"@type\":\"Article\",\"@id\":\"https:\\\/\\\/cvinoticias.com\\\/v3\\\/los-precios-mayoristas-subieron-354-en-2020\\\/#article\",\"isPartOf\":{\"@id\":\"https:\\\/\\\/cvinoticias.com\\\/v3\\\/los-precios-mayoristas-subieron-354-en-2020\\\/\"},\"author\":{\"name\":\"f1000024\",\"@id\":\"https:\\\/\\\/cvinoticias.com\\\/v3\\\/#\\\/schema\\\/person\\\/2db77e3c6bc03c538495d7b2b8be9b66\"},\"headline\":\"Los precios mayoristas subieron 35,4% en 2020\",\"datePublished\":\"2021-01-20T04:23:53+00:00\",\"mainEntityOfPage\":{\"@id\":\"https:\\\/\\\/cvinoticias.com\\\/v3\\\/los-precios-mayoristas-subieron-354-en-2020\\\/\"},\"wordCount\":197,\"commentCount\":0,\"publisher\":{\"@id\":\"https:\\\/\\\/cvinoticias.com\\\/v3\\\/#organization\"},\"image\":{\"@id\":\"https:\\\/\\\/cvinoticias.com\\\/v3\\\/los-precios-mayoristas-subieron-354-en-2020\\\/#primaryimage\"},\"thumbnailUrl\":\"https:\\\/\\\/cvinoticias.com\\\/wp-content\\\/uploads\\\/2021\\\/01\\\/images-5-1.jpeg\",\"articleSection\":[\"Econom\u00eda\"],\"inLanguage\":\"es\",\"potentialAction\":[{\"@type\":\"CommentAction\",\"name\":\"Comment\",\"target\":[\"https:\\\/\\\/cvinoticias.com\\\/v3\\\/los-precios-mayoristas-subieron-354-en-2020\\\/#respond\"]}]},{\"@type\":\"WebPage\",\"@id\":\"https:\\\/\\\/cvinoticias.com\\\/v3\\\/los-precios-mayoristas-subieron-354-en-2020\\\/\",\"url\":\"https:\\\/\\\/cvinoticias.com\\\/v3\\\/los-precios-mayoristas-subieron-354-en-2020\\\/\",\"name\":\"Los precios mayoristas subieron 35,4% en 2020 | CVI NOTICIAS\",\"isPartOf\":{\"@id\":\"https:\\\/\\\/cvinoticias.com\\\/v3\\\/#website\"},\"primaryImageOfPage\":{\"@id\":\"https:\\\/\\\/cvinoticias.com\\\/v3\\\/los-precios-mayoristas-subieron-354-en-2020\\\/#primaryimage\"},\"image\":{\"@id\":\"https:\\\/\\\/cvinoticias.com\\\/v3\\\/los-precios-mayoristas-subieron-354-en-2020\\\/#primaryimage\"},\"thumbnailUrl\":\"https:\\\/\\\/cvinoticias.com\\\/wp-content\\\/uploads\\\/2021\\\/01\\\/images-5-1.jpeg\",\"datePublished\":\"2021-01-20T04:23:53+00:00\",\"breadcrumb\":{\"@id\":\"https:\\\/\\\/cvinoticias.com\\\/v3\\\/los-precios-mayoristas-subieron-354-en-2020\\\/#breadcrumb\"},\"inLanguage\":\"es\",\"potentialAction\":[{\"@type\":\"ReadAction\",\"target\":[\"https:\\\/\\\/cvinoticias.com\\\/v3\\\/los-precios-mayoristas-subieron-354-en-2020\\\/\"]}]},{\"@type\":\"ImageObject\",\"inLanguage\":\"es\",\"@id\":\"https:\\\/\\\/cvinoticias.com\\\/v3\\\/los-precios-mayoristas-subieron-354-en-2020\\\/#primaryimage\",\"url\":\"https:\\\/\\\/cvinoticias.com\\\/wp-content\\\/uploads\\\/2021\\\/01\\\/images-5-1.jpeg\",\"contentUrl\":\"https:\\\/\\\/cvinoticias.com\\\/wp-content\\\/uploads\\\/2021\\\/01\\\/images-5-1.jpeg\",\"width\":300,\"height\":168},{\"@type\":\"BreadcrumbList\",\"@id\":\"https:\\\/\\\/cvinoticias.com\\\/v3\\\/los-precios-mayoristas-subieron-354-en-2020\\\/#breadcrumb\",\"itemListElement\":[{\"@type\":\"ListItem\",\"position\":1,\"name\":\"Portada\",\"item\":\"https:\\\/\\\/cvinoticias.com\\\/v3\\\/\"},{\"@type\":\"ListItem\",\"position\":2,\"name\":\"Los precios mayoristas subieron 35,4% en 2020\"}]},{\"@type\":\"WebSite\",\"@id\":\"https:\\\/\\\/cvinoticias.com\\\/v3\\\/#website\",\"url\":\"https:\\\/\\\/cvinoticias.com\\\/v3\\\/\",\"name\":\"CVI NOTICIAS\",\"description\":\"\",\"publisher\":{\"@id\":\"https:\\\/\\\/cvinoticias.com\\\/v3\\\/#organization\"},\"alternateName\":\"CVI\",\"potentialAction\":[{\"@type\":\"SearchAction\",\"target\":{\"@type\":\"EntryPoint\",\"urlTemplate\":\"https:\\\/\\\/cvinoticias.com\\\/v3\\\/?s={search_term_string}\"},\"query-input\":{\"@type\":\"PropertyValueSpecification\",\"valueRequired\":true,\"valueName\":\"search_term_string\"}}],\"inLanguage\":\"es\"},{\"@type\":\"Organization\",\"@id\":\"https:\\\/\\\/cvinoticias.com\\\/v3\\\/#organization\",\"name\":\"CVI NOTICIAS\",\"url\":\"https:\\\/\\\/cvinoticias.com\\\/v3\\\/\",\"logo\":{\"@type\":\"ImageObject\",\"inLanguage\":\"es\",\"@id\":\"https:\\\/\\\/cvinoticias.com\\\/v3\\\/#\\\/schema\\\/logo\\\/image\\\/\",\"url\":\"https:\\\/\\\/cvinoticias.com\\\/wp-content\\\/uploads\\\/2023\\\/04\\\/cropped-cropped-cropped-cropped-cropped-3-1.png\",\"contentUrl\":\"https:\\\/\\\/cvinoticias.com\\\/wp-content\\\/uploads\\\/2023\\\/04\\\/cropped-cropped-cropped-cropped-cropped-3-1.png\",\"width\":95,\"height\":122,\"caption\":\"CVI NOTICIAS\"},\"image\":{\"@id\":\"https:\\\/\\\/cvinoticias.com\\\/v3\\\/#\\\/schema\\\/logo\\\/image\\\/\"},\"sameAs\":[\"https:\\\/\\\/www.facebook.com\\\/cvinoticias\",\"https:\\\/\\\/www.instagram.com\\\/cvinoticias\\\/\",\"https:\\\/\\\/www.youtube.com\\\/@CVINOTICIAS\"]},{\"@type\":\"Person\",\"@id\":\"https:\\\/\\\/cvinoticias.com\\\/v3\\\/#\\\/schema\\\/person\\\/2db77e3c6bc03c538495d7b2b8be9b66\",\"name\":\"f1000024\",\"image\":{\"@type\":\"ImageObject\",\"inLanguage\":\"es\",\"@id\":\"https:\\\/\\\/secure.gravatar.com\\\/avatar\\\/d4fe7459cfc51ff5129ce1a732bbef5928568b8092d412ef95611616376bbeed?s=96&d=mm&r=g\",\"url\":\"https:\\\/\\\/secure.gravatar.com\\\/avatar\\\/d4fe7459cfc51ff5129ce1a732bbef5928568b8092d412ef95611616376bbeed?s=96&d=mm&r=g\",\"contentUrl\":\"https:\\\/\\\/secure.gravatar.com\\\/avatar\\\/d4fe7459cfc51ff5129ce1a732bbef5928568b8092d412ef95611616376bbeed?s=96&d=mm&r=g\",\"caption\":\"f1000024\"},\"url\":\"https:\\\/\\\/cvinoticias.com\\\/v3\\\/author\\\/f1000024\\\/\"}]}<\/script>\n<!-- \/ Yoast SEO plugin. -->","yoast_head_json":{"title":"Los precios mayoristas subieron 35,4% en 2020 | CVI NOTICIAS","robots":{"index":"index","follow":"follow","max-snippet":"max-snippet:-1","max-image-preview":"max-image-preview:large","max-video-preview":"max-video-preview:-1"},"canonical":"https:\/\/cvinoticias.com\/v3\/los-precios-mayoristas-subieron-354-en-2020\/","og_locale":"es_ES","og_type":"article","og_title":"Los precios mayoristas subieron 35,4% en 2020 | CVI NOTICIAS","og_description":"En diciembre exhibi\u00f3 una suba de 4,4% y, de esta forma, termin\u00f3 acumulando el incremento del 35%. El \u00edndice de precios mayoristas registr\u00f3 en diciembre una suba de 4,4% y de esta forma acumul\u00f3 en 2020 un incremento de 35,4%, inform\u00f3 este martes el INDEC. El organismo estad\u00edstico termin\u00f3 de esta forma de difundir la [&hellip;]","og_url":"https:\/\/cvinoticias.com\/v3\/los-precios-mayoristas-subieron-354-en-2020\/","og_site_name":"CVI NOTICIAS","article_publisher":"https:\/\/www.facebook.com\/cvinoticias","article_published_time":"2021-01-20T04:23:53+00:00","og_image":[{"width":300,"height":168,"url":"https:\/\/cvinoticias.com\/wp-content\/uploads\/2021\/01\/images-5-1.jpeg","type":"image\/jpeg"}],"author":"f1000024","twitter_card":"summary_large_image","twitter_misc":{"Escrito por":"f1000024","Tiempo de lectura":"1 minuto"},"schema":{"@context":"https:\/\/schema.org","@graph":[{"@type":"Article","@id":"https:\/\/cvinoticias.com\/v3\/los-precios-mayoristas-subieron-354-en-2020\/#article","isPartOf":{"@id":"https:\/\/cvinoticias.com\/v3\/los-precios-mayoristas-subieron-354-en-2020\/"},"author":{"name":"f1000024","@id":"https:\/\/cvinoticias.com\/v3\/#\/schema\/person\/2db77e3c6bc03c538495d7b2b8be9b66"},"headline":"Los precios mayoristas subieron 35,4% en 2020","datePublished":"2021-01-20T04:23:53+00:00","mainEntityOfPage":{"@id":"https:\/\/cvinoticias.com\/v3\/los-precios-mayoristas-subieron-354-en-2020\/"},"wordCount":197,"commentCount":0,"publisher":{"@id":"https:\/\/cvinoticias.com\/v3\/#organization"},"image":{"@id":"https:\/\/cvinoticias.com\/v3\/los-precios-mayoristas-subieron-354-en-2020\/#primaryimage"},"thumbnailUrl":"https:\/\/cvinoticias.com\/wp-content\/uploads\/2021\/01\/images-5-1.jpeg","articleSection":["Econom\u00eda"],"inLanguage":"es","potentialAction":[{"@type":"CommentAction","name":"Comment","target":["https:\/\/cvinoticias.com\/v3\/los-precios-mayoristas-subieron-354-en-2020\/#respond"]}]},{"@type":"WebPage","@id":"https:\/\/cvinoticias.com\/v3\/los-precios-mayoristas-subieron-354-en-2020\/","url":"https:\/\/cvinoticias.com\/v3\/los-precios-mayoristas-subieron-354-en-2020\/","name":"Los precios mayoristas subieron 35,4% en 2020 | CVI NOTICIAS","isPartOf":{"@id":"https:\/\/cvinoticias.com\/v3\/#website"},"primaryImageOfPage":{"@id":"https:\/\/cvinoticias.com\/v3\/los-precios-mayoristas-subieron-354-en-2020\/#primaryimage"},"image":{"@id":"https:\/\/cvinoticias.com\/v3\/los-precios-mayoristas-subieron-354-en-2020\/#primaryimage"},"thumbnailUrl":"https:\/\/cvinoticias.com\/wp-content\/uploads\/2021\/01\/images-5-1.jpeg","datePublished":"2021-01-20T04:23:53+00:00","breadcrumb":{"@id":"https:\/\/cvinoticias.com\/v3\/los-precios-mayoristas-subieron-354-en-2020\/#breadcrumb"},"inLanguage":"es","potentialAction":[{"@type":"ReadAction","target":["https:\/\/cvinoticias.com\/v3\/los-precios-mayoristas-subieron-354-en-2020\/"]}]},{"@type":"ImageObject","inLanguage":"es","@id":"https:\/\/cvinoticias.com\/v3\/los-precios-mayoristas-subieron-354-en-2020\/#primaryimage","url":"https:\/\/cvinoticias.com\/wp-content\/uploads\/2021\/01\/images-5-1.jpeg","contentUrl":"https:\/\/cvinoticias.com\/wp-content\/uploads\/2021\/01\/images-5-1.jpeg","width":300,"height":168},{"@type":"BreadcrumbList","@id":"https:\/\/cvinoticias.com\/v3\/los-precios-mayoristas-subieron-354-en-2020\/#breadcrumb","itemListElement":[{"@type":"ListItem","position":1,"name":"Portada","item":"https:\/\/cvinoticias.com\/v3\/"},{"@type":"ListItem","position":2,"name":"Los precios mayoristas subieron 35,4% en 2020"}]},{"@type":"WebSite","@id":"https:\/\/cvinoticias.com\/v3\/#website","url":"https:\/\/cvinoticias.com\/v3\/","name":"CVI NOTICIAS","description":"","publisher":{"@id":"https:\/\/cvinoticias.com\/v3\/#organization"},"alternateName":"CVI","potentialAction":[{"@type":"SearchAction","target":{"@type":"EntryPoint","urlTemplate":"https:\/\/cvinoticias.com\/v3\/?s={search_term_string}"},"query-input":{"@type":"PropertyValueSpecification","valueRequired":true,"valueName":"search_term_string"}}],"inLanguage":"es"},{"@type":"Organization","@id":"https:\/\/cvinoticias.com\/v3\/#organization","name":"CVI NOTICIAS","url":"https:\/\/cvinoticias.com\/v3\/","logo":{"@type":"ImageObject","inLanguage":"es","@id":"https:\/\/cvinoticias.com\/v3\/#\/schema\/logo\/image\/","url":"https:\/\/cvinoticias.com\/wp-content\/uploads\/2023\/04\/cropped-cropped-cropped-cropped-cropped-3-1.png","contentUrl":"https:\/\/cvinoticias.com\/wp-content\/uploads\/2023\/04\/cropped-cropped-cropped-cropped-cropped-3-1.png","width":95,"height":122,"caption":"CVI NOTICIAS"},"image":{"@id":"https:\/\/cvinoticias.com\/v3\/#\/schema\/logo\/image\/"},"sameAs":["https:\/\/www.facebook.com\/cvinoticias","https:\/\/www.instagram.com\/cvinoticias\/","https:\/\/www.youtube.com\/@CVINOTICIAS"]},{"@type":"Person","@id":"https:\/\/cvinoticias.com\/v3\/#\/schema\/person\/2db77e3c6bc03c538495d7b2b8be9b66","name":"f1000024","image":{"@type":"ImageObject","inLanguage":"es","@id":"https:\/\/secure.gravatar.com\/avatar\/d4fe7459cfc51ff5129ce1a732bbef5928568b8092d412ef95611616376bbeed?s=96&d=mm&r=g","url":"https:\/\/secure.gravatar.com\/avatar\/d4fe7459cfc51ff5129ce1a732bbef5928568b8092d412ef95611616376bbeed?s=96&d=mm&r=g","contentUrl":"https:\/\/secure.gravatar.com\/avatar\/d4fe7459cfc51ff5129ce1a732bbef5928568b8092d412ef95611616376bbeed?s=96&d=mm&r=g","caption":"f1000024"},"url":"https:\/\/cvinoticias.com\/v3\/author\/f1000024\/"}]}},"_links":{"self":[{"href":"https:\/\/cvinoticias.com\/v3\/wp-json\/wp\/v2\/posts\/1832","targetHints":{"allow":["GET"]}}],"collection":[{"href":"https:\/\/cvinoticias.com\/v3\/wp-json\/wp\/v2\/posts"}],"about":[{"href":"https:\/\/cvinoticias.com\/v3\/wp-json\/wp\/v2\/types\/post"}],"author":[{"embeddable":true,"href":"https:\/\/cvinoticias.com\/v3\/wp-json\/wp\/v2\/users\/2"}],"replies":[{"embeddable":true,"href":"https:\/\/cvinoticias.com\/v3\/wp-json\/wp\/v2\/comments?post=1832"}],"version-history":[{"count":1,"href":"https:\/\/cvinoticias.com\/v3\/wp-json\/wp\/v2\/posts\/1832\/revisions"}],"predecessor-version":[{"id":1834,"href":"https:\/\/cvinoticias.com\/v3\/wp-json\/wp\/v2\/posts\/1832\/revisions\/1834"}],"wp:featuredmedia":[{"embeddable":true,"href":"https:\/\/cvinoticias.com\/v3\/wp-json\/wp\/v2\/media\/1833"}],"wp:attachment":[{"href":"https:\/\/cvinoticias.com\/v3\/wp-json\/wp\/v2\/media?parent=1832"}],"wp:term":[{"taxonomy":"category","embeddable":true,"href":"https:\/\/cvinoticias.com\/v3\/wp-json\/wp\/v2\/categories?post=1832"},{"taxonomy":"post_tag","embeddable":true,"href":"https:\/\/cvinoticias.com\/v3\/wp-json\/wp\/v2\/tags?post=1832"}],"curies":[{"name":"wp","href":"https:\/\/api.w.org\/{rel}","templated":true}]}}