{"id":18295,"date":"2022-08-07T09:43:12","date_gmt":"2022-08-07T09:43:12","guid":{"rendered":"https:\/\/cvinoticias.com\/v3\/?p=18295"},"modified":"2022-08-07T09:43:12","modified_gmt":"2022-08-07T09:43:12","slug":"el-renaper-relevo-los-apellidos-mas-predominantes-por-provincia","status":"publish","type":"post","link":"https:\/\/cvinoticias.com\/v3\/el-renaper-relevo-los-apellidos-mas-predominantes-por-provincia\/","title":{"rendered":"El Renaper relev\u00f3 los apellidos m\u00e1s predominantes por provincia"},"content":{"rendered":"\n<p><strong><em>La Direcci\u00f3n Nacional de Poblaci\u00f3n -DNP, dependiente del Ministerio del Interior, a cargo de Wado de Pedro-, confeccion\u00f3 un informe denominado \u201cDistribuci\u00f3n geogr\u00e1fica de apellidos en Argentina\u201d, que analiza la distribuci\u00f3n espacial de los apellidos de la poblaci\u00f3n actual de Argentina.<\/em><\/strong><\/p>\n\n\n\n<p>Entre los datos m\u00e1s llamativos del estudio se destacan la existencia de 348.288 apellidos distintos en nuestro pa\u00eds -lo que denota la amplia diversidad de nombres de familia en territorio argentino-; y el hecho de que, al indagar en los 10 apellidos m\u00e1s frecuentes del pa\u00eds, Gonz\u00e1lez, Rodr\u00edguez y G\u00f3mez son los que ocupan los tres primeros puestos de representaci\u00f3n a nivel nacional.<\/p>\n\n\n\n<p>Asimismo, el informe de la DNP -dependiente del Registro Nacional de las Personas (Renaper)- tambi\u00e9n pone el foco en la amplia diversidad de apellidos presentes en Argentina, ya que, si bien el 79% de la poblaci\u00f3n se identifica con nombres de familia portados por 500 o m\u00e1s personas, \u00e9stos representan s\u00f3lo el 2% de la totalidad de apellidos de todo el territorio nacional. La mayor\u00eda de los apellidos (69,9%) son portados por entre 2 y 99 personas (representando el 9,43% de la poblaci\u00f3n); mientras que 73.363 apellidos (el 20,5%) posee un \u00fanico representante (0,15% de la poblaci\u00f3n).<\/p>\n\n\n\n<p>A los tres apellidos m\u00e1s frecuentes de nuestro pa\u00eds (Gonz\u00e1lez, Rodr\u00edguez y G\u00f3mez) los siguen Fern\u00e1ndez y L\u00f3pez, con m\u00e1s del 1% de la poblaci\u00f3n cada uno a nivel nacional; y luego los apellidos Mart\u00ednez, D\u00edaz, P\u00e9rez, S\u00e1nchez y Romero, con cifras inferiores al 1%. Estos 10 apellidos -todos de ascendencia espa\u00f1ola- representan al 10.4% de la poblaci\u00f3n nacional.<\/p>\n\n\n\n<p>En esta misma l\u00ednea, en otro de sus apartados el informe se\u00f1ala que, en el 50% de las jurisdicciones, el apellido m\u00e1s frecuente (Gonz\u00e1lez) coincide con el m\u00e1s com\u00fan a nivel nacional.<\/p>\n\n\n\n<p>Al mismo tiempo, tomando en cuenta el ranking en cuesti\u00f3n, resulta llamativa la ausencia de nombres de familia de origen italiano, siendo que esta inmigraci\u00f3n aport\u00f3 2 millones de personas entre 1881 y 1914.<\/p>\n\n\n\n<p><strong>Apellidos y movimientos de poblaci\u00f3n.<\/strong><\/p>\n\n\n\n<p><br>Con el objetivo de indagar en posibles procesos de movilidad poblacional en las distintas provincias, este informe analiza adem\u00e1s en cada distrito, por un lado, el porcentaje de poblaci\u00f3n portadora de apellidos \u00fanicos; y por otro, el de poblaci\u00f3n cubierta por los siete apellidos m\u00e1s frecuentes.<\/p>\n\n\n\n<p>Del an\u00e1lisis hacia el interior del pa\u00eds surge que Santiago del Estero es la jurisdicci\u00f3n con mayor porcentaje de personas que comparten su apellido: en esta provincia, ocho de cada 10 santiague\u00f1os poseen un nombre de familia portado por 500 o m\u00e1s personas. A su vez, las provincias que mayor repetici\u00f3n de apellidos registran en su poblaci\u00f3n corresponden a las regiones del Noroeste y Noreste del pa\u00eds, lo que podr\u00eda se\u00f1alar la existencia de familias m\u00e1s numerosas, as\u00ed como menor frecuencia de movimientos poblacionales. Este comportamiento es consistente con las significativas tasas de fecundidad que reflejaron estas jurisdicciones durante las \u00faltimas dos d\u00e9cadas.<\/p>\n\n\n\n<p>En otro sentido las provincias de la Patagonia, junto a La Pampa, San Luis y la Ciudad Aut\u00f3noma de Buenos Aires son las que mayores porcentajes exhiben de apellidos \u00fanicos o con menos de 10 portadores, lo que puede reflejar la existencia de procesos migratorios m\u00e1s recientes o un mayor movimiento poblacional. De ellas, Tierra del Fuego es la que registra m\u00e1ximos valores en ambas categor\u00edas. En este caso, el comportamiento de estas provincias es congruente con las bajas tasas de fecundidad registradas en la mayor\u00eda de ellas durante los \u00faltimos 20 a\u00f1os.<\/p>\n\n\n\n<p>Haciendo foco al interior de las provincias, en algunas de ellas preponderan nombres de familias diferentes al ranking expuesto a nivel nacional, a saber: en Catamarca el apellido preponderante es Carrizo; mientras que en San Juan es Castro; Mamani en Jujuy; y Lucero en San Luis.<\/p>\n\n\n\n<p><strong>Los inmigrantes tambi\u00e9n son Gonz\u00e1lez.<\/strong><\/p>\n\n\n\n<p><br>El informe expone adem\u00e1s, y por jurisdicci\u00f3n, los porcentajes de apellidos m\u00e1s frecuentes de personas no nacidas en Argentina. Sobre este punto, se\u00f1ala que el 62% de los apellidos de inmigrantes coincide con el ranking de apellidos m\u00e1s frecuentes en el pa\u00eds, lo que muestra que, aunque las personas extranjeras suman su acervo a la diversidad cultural de Argentina, no necesariamente aportan apellidos.<\/p>\n\n\n\n<p>Al analizar los apellidos de las personas inmigrantes surge que la mayor\u00eda de las personas no nativas con apellido Gonz\u00e1lez nacieron en Paraguay (apellido m\u00e1s frecuente, entre no nativos, en la Ciudad Aut\u00f3noma de Buenos Aires, y las provincias de Buenos Aires, Chaco, Corrientes, Formosa, Misiones y Santa Fe); mientras que aquellas apellidadas como Flores o Mamani lo hicieron en Bolivia (m\u00e1s frecuente, entre no nativos, en Catamarca, Salta, Jujuy, La Rioja, Mendoza y Tucum\u00e1n).<\/p>\n\n\n\n<p>Asimismo, en la mayor\u00eda de las provincias de la Patagonia se observa que, entre las personas no nacidas en Argentina, los apellidos m\u00e1s frecuentes son Gonz\u00e1lez y Vargas, y apuntan a Chile como pa\u00eds de nacimiento.<\/p>\n\n\n\n<p><strong>Sobre el informe de la DNP.<\/strong><\/p>\n\n\n\n<p>La Direcci\u00f3n Nacional de Poblaci\u00f3n &#8211; dependiente del Renaper, organismo a cargo del Ministerio del Interior que conduce Wado de Pedro &#8211; tiene entre sus objetivos generar investigaciones en torno a las din\u00e1micas demogr\u00e1ficas de Argentina.<\/p>\n\n\n\n<p>En este sentido avanza el an\u00e1lisis sobre \u201cDistribuci\u00f3n geogr\u00e1fica de apellidos en Argentina\u201d, cuya fuente de informaci\u00f3n surge de los registros correspondientes a diciembre del a\u00f1o pasado de la Base de Datos del Renaper, donde se identifican a personas vivas con DNI, residentes en Argentina y portadoras de 348.288 nombres de familia distintos.<\/p>\n\n\n\n<p>El citado informe persigue, entre sus objetivos, identificar a los apellidos con mayor presencia en nuestro pa\u00eds, as\u00ed como describir la distribuci\u00f3n de dichos apellidos tanto a nivel nacional como provincial. Tambi\u00e9n se propone indagar en los procesos recientes de movimiento poblacional, a partir de indicadores basados en la diversidad de apellidos y el porcentaje de poblaci\u00f3n portadora.<\/p>\n\n\n\n<p>En su contenido el informe de la DNP asegura que \u201clos apellidos muestran de alg\u00fan modo c\u00f3mo ha sido el poblamiento del territorio nacional, donde confluyen aspectos como la permanencia en los lugares, la migraci\u00f3n interna, externa y la inmigraci\u00f3n\u201d.<\/p>\n\n\n\n<p>Seg\u00fan aclara el informe: \u201cLa distribuci\u00f3n y la frecuencia de apellidos en diferentes lugares (provincias o municipios) aportan elementos sobre procesos de movilidad que inciden en las distintas poblaciones\u201d.<\/p>\n\n\n\n<p>\u201cAs\u00ed, al indagar la pluralidad de apellidos, no s\u00f3lo es posible conocer cu\u00e1l es su reparto a lo largo y ancho del pa\u00eds, sino tambi\u00e9n identificar aquellos territorios en donde existe mayor diversidad\u201d, prosigue, lo que permitir\u00eda analizar \u201cprocesos migratorios recientes o de movilidad poblacional, los cuales suman elementos culturales, econ\u00f3micos y pol\u00edticos a la sociedad\u201d, concluye el informe.<\/p>\n","protected":false},"excerpt":{"rendered":"<p>La Direcci\u00f3n Nacional de Poblaci\u00f3n -DNP, dependiente del Ministerio del Interior, a cargo de Wado de Pedro-, confeccion\u00f3 un informe denominado \u201cDistribuci\u00f3n geogr\u00e1fica de apellidos en Argentina\u201d, que analiza la distribuci\u00f3n espacial de los apellidos de la poblaci\u00f3n actual de Argentina. Entre los datos m\u00e1s llamativos del estudio se destacan la existencia de 348.288 apellidos [&hellip;]<\/p>\n","protected":false},"author":2,"featured_media":18296,"comment_status":"open","ping_status":"open","sticky":false,"template":"","format":"standard","meta":{"footnotes":""},"categories":[35],"tags":[],"class_list":["post-18295","post","type-post","status-publish","format-standard","has-post-thumbnail","hentry","category-informacion-general"],"yoast_head":"<!-- This site is optimized with the Yoast SEO plugin v27.5 - https:\/\/yoast.com\/product\/yoast-seo-wordpress\/ -->\n<title>El Renaper relev\u00f3 los apellidos m\u00e1s predominantes por provincia | CVI NOTICIAS<\/title>\n<meta name=\"robots\" content=\"index, follow, max-snippet:-1, max-image-preview:large, max-video-preview:-1\" \/>\n<link rel=\"canonical\" href=\"https:\/\/cvinoticias.com\/v3\/el-renaper-relevo-los-apellidos-mas-predominantes-por-provincia\/\" \/>\n<meta property=\"og:locale\" content=\"es_ES\" \/>\n<meta property=\"og:type\" content=\"article\" \/>\n<meta property=\"og:title\" content=\"El Renaper relev\u00f3 los apellidos m\u00e1s predominantes por provincia | CVI NOTICIAS\" \/>\n<meta property=\"og:description\" content=\"La Direcci\u00f3n Nacional de Poblaci\u00f3n -DNP, dependiente del Ministerio del Interior, a cargo de Wado de Pedro-, confeccion\u00f3 un informe denominado \u201cDistribuci\u00f3n geogr\u00e1fica de apellidos en Argentina\u201d, que analiza la distribuci\u00f3n espacial de los apellidos de la poblaci\u00f3n actual de Argentina. Entre los datos m\u00e1s llamativos del estudio se destacan la existencia de 348.288 apellidos [&hellip;]\" \/>\n<meta property=\"og:url\" content=\"https:\/\/cvinoticias.com\/v3\/el-renaper-relevo-los-apellidos-mas-predominantes-por-provincia\/\" \/>\n<meta property=\"og:site_name\" content=\"CVI NOTICIAS\" \/>\n<meta property=\"article:publisher\" content=\"https:\/\/www.facebook.com\/cvinoticias\" \/>\n<meta property=\"article:published_time\" content=\"2022-08-07T09:43:12+00:00\" \/>\n<meta property=\"og:image\" content=\"https:\/\/cvinoticias.com\/wp-content\/uploads\/2022\/08\/apellidos-renaper.jpg\" \/>\n\t<meta property=\"og:image:width\" content=\"800\" \/>\n\t<meta property=\"og:image:height\" content=\"445\" \/>\n\t<meta property=\"og:image:type\" content=\"image\/jpeg\" \/>\n<meta name=\"author\" content=\"f1000024\" \/>\n<meta name=\"twitter:card\" content=\"summary_large_image\" \/>\n<meta name=\"twitter:label1\" content=\"Escrito por\" \/>\n\t<meta name=\"twitter:data1\" content=\"f1000024\" \/>\n\t<meta name=\"twitter:label2\" content=\"Tiempo de lectura\" \/>\n\t<meta name=\"twitter:data2\" content=\"6 minutos\" \/>\n<script type=\"application\/ld+json\" class=\"yoast-schema-graph\">{\"@context\":\"https:\\\/\\\/schema.org\",\"@graph\":[{\"@type\":\"Article\",\"@id\":\"https:\\\/\\\/cvinoticias.com\\\/v3\\\/el-renaper-relevo-los-apellidos-mas-predominantes-por-provincia\\\/#article\",\"isPartOf\":{\"@id\":\"https:\\\/\\\/cvinoticias.com\\\/v3\\\/el-renaper-relevo-los-apellidos-mas-predominantes-por-provincia\\\/\"},\"author\":{\"name\":\"f1000024\",\"@id\":\"https:\\\/\\\/cvinoticias.com\\\/v3\\\/#\\\/schema\\\/person\\\/2db77e3c6bc03c538495d7b2b8be9b66\"},\"headline\":\"El Renaper relev\u00f3 los apellidos m\u00e1s predominantes por provincia\",\"datePublished\":\"2022-08-07T09:43:12+00:00\",\"mainEntityOfPage\":{\"@id\":\"https:\\\/\\\/cvinoticias.com\\\/v3\\\/el-renaper-relevo-los-apellidos-mas-predominantes-por-provincia\\\/\"},\"wordCount\":1175,\"commentCount\":0,\"publisher\":{\"@id\":\"https:\\\/\\\/cvinoticias.com\\\/v3\\\/#organization\"},\"image\":{\"@id\":\"https:\\\/\\\/cvinoticias.com\\\/v3\\\/el-renaper-relevo-los-apellidos-mas-predominantes-por-provincia\\\/#primaryimage\"},\"thumbnailUrl\":\"https:\\\/\\\/cvinoticias.com\\\/wp-content\\\/uploads\\\/2022\\\/08\\\/apellidos-renaper.jpg\",\"articleSection\":[\"Informaci\u00f3n General\"],\"inLanguage\":\"es\",\"potentialAction\":[{\"@type\":\"CommentAction\",\"name\":\"Comment\",\"target\":[\"https:\\\/\\\/cvinoticias.com\\\/v3\\\/el-renaper-relevo-los-apellidos-mas-predominantes-por-provincia\\\/#respond\"]}]},{\"@type\":\"WebPage\",\"@id\":\"https:\\\/\\\/cvinoticias.com\\\/v3\\\/el-renaper-relevo-los-apellidos-mas-predominantes-por-provincia\\\/\",\"url\":\"https:\\\/\\\/cvinoticias.com\\\/v3\\\/el-renaper-relevo-los-apellidos-mas-predominantes-por-provincia\\\/\",\"name\":\"El Renaper relev\u00f3 los apellidos m\u00e1s predominantes por provincia | CVI NOTICIAS\",\"isPartOf\":{\"@id\":\"https:\\\/\\\/cvinoticias.com\\\/v3\\\/#website\"},\"primaryImageOfPage\":{\"@id\":\"https:\\\/\\\/cvinoticias.com\\\/v3\\\/el-renaper-relevo-los-apellidos-mas-predominantes-por-provincia\\\/#primaryimage\"},\"image\":{\"@id\":\"https:\\\/\\\/cvinoticias.com\\\/v3\\\/el-renaper-relevo-los-apellidos-mas-predominantes-por-provincia\\\/#primaryimage\"},\"thumbnailUrl\":\"https:\\\/\\\/cvinoticias.com\\\/wp-content\\\/uploads\\\/2022\\\/08\\\/apellidos-renaper.jpg\",\"datePublished\":\"2022-08-07T09:43:12+00:00\",\"breadcrumb\":{\"@id\":\"https:\\\/\\\/cvinoticias.com\\\/v3\\\/el-renaper-relevo-los-apellidos-mas-predominantes-por-provincia\\\/#breadcrumb\"},\"inLanguage\":\"es\",\"potentialAction\":[{\"@type\":\"ReadAction\",\"target\":[\"https:\\\/\\\/cvinoticias.com\\\/v3\\\/el-renaper-relevo-los-apellidos-mas-predominantes-por-provincia\\\/\"]}]},{\"@type\":\"ImageObject\",\"inLanguage\":\"es\",\"@id\":\"https:\\\/\\\/cvinoticias.com\\\/v3\\\/el-renaper-relevo-los-apellidos-mas-predominantes-por-provincia\\\/#primaryimage\",\"url\":\"https:\\\/\\\/cvinoticias.com\\\/wp-content\\\/uploads\\\/2022\\\/08\\\/apellidos-renaper.jpg\",\"contentUrl\":\"https:\\\/\\\/cvinoticias.com\\\/wp-content\\\/uploads\\\/2022\\\/08\\\/apellidos-renaper.jpg\",\"width\":800,\"height\":445},{\"@type\":\"BreadcrumbList\",\"@id\":\"https:\\\/\\\/cvinoticias.com\\\/v3\\\/el-renaper-relevo-los-apellidos-mas-predominantes-por-provincia\\\/#breadcrumb\",\"itemListElement\":[{\"@type\":\"ListItem\",\"position\":1,\"name\":\"Portada\",\"item\":\"https:\\\/\\\/cvinoticias.com\\\/v3\\\/\"},{\"@type\":\"ListItem\",\"position\":2,\"name\":\"El Renaper relev\u00f3 los apellidos m\u00e1s predominantes por provincia\"}]},{\"@type\":\"WebSite\",\"@id\":\"https:\\\/\\\/cvinoticias.com\\\/v3\\\/#website\",\"url\":\"https:\\\/\\\/cvinoticias.com\\\/v3\\\/\",\"name\":\"CVI NOTICIAS\",\"description\":\"\",\"publisher\":{\"@id\":\"https:\\\/\\\/cvinoticias.com\\\/v3\\\/#organization\"},\"alternateName\":\"CVI\",\"potentialAction\":[{\"@type\":\"SearchAction\",\"target\":{\"@type\":\"EntryPoint\",\"urlTemplate\":\"https:\\\/\\\/cvinoticias.com\\\/v3\\\/?s={search_term_string}\"},\"query-input\":{\"@type\":\"PropertyValueSpecification\",\"valueRequired\":true,\"valueName\":\"search_term_string\"}}],\"inLanguage\":\"es\"},{\"@type\":\"Organization\",\"@id\":\"https:\\\/\\\/cvinoticias.com\\\/v3\\\/#organization\",\"name\":\"CVI NOTICIAS\",\"url\":\"https:\\\/\\\/cvinoticias.com\\\/v3\\\/\",\"logo\":{\"@type\":\"ImageObject\",\"inLanguage\":\"es\",\"@id\":\"https:\\\/\\\/cvinoticias.com\\\/v3\\\/#\\\/schema\\\/logo\\\/image\\\/\",\"url\":\"https:\\\/\\\/cvinoticias.com\\\/wp-content\\\/uploads\\\/2023\\\/04\\\/cropped-cropped-cropped-cropped-cropped-3-1.png\",\"contentUrl\":\"https:\\\/\\\/cvinoticias.com\\\/wp-content\\\/uploads\\\/2023\\\/04\\\/cropped-cropped-cropped-cropped-cropped-3-1.png\",\"width\":95,\"height\":122,\"caption\":\"CVI NOTICIAS\"},\"image\":{\"@id\":\"https:\\\/\\\/cvinoticias.com\\\/v3\\\/#\\\/schema\\\/logo\\\/image\\\/\"},\"sameAs\":[\"https:\\\/\\\/www.facebook.com\\\/cvinoticias\",\"https:\\\/\\\/www.instagram.com\\\/cvinoticias\\\/\",\"https:\\\/\\\/www.youtube.com\\\/@CVINOTICIAS\"]},{\"@type\":\"Person\",\"@id\":\"https:\\\/\\\/cvinoticias.com\\\/v3\\\/#\\\/schema\\\/person\\\/2db77e3c6bc03c538495d7b2b8be9b66\",\"name\":\"f1000024\",\"image\":{\"@type\":\"ImageObject\",\"inLanguage\":\"es\",\"@id\":\"https:\\\/\\\/secure.gravatar.com\\\/avatar\\\/d4fe7459cfc51ff5129ce1a732bbef5928568b8092d412ef95611616376bbeed?s=96&d=mm&r=g\",\"url\":\"https:\\\/\\\/secure.gravatar.com\\\/avatar\\\/d4fe7459cfc51ff5129ce1a732bbef5928568b8092d412ef95611616376bbeed?s=96&d=mm&r=g\",\"contentUrl\":\"https:\\\/\\\/secure.gravatar.com\\\/avatar\\\/d4fe7459cfc51ff5129ce1a732bbef5928568b8092d412ef95611616376bbeed?s=96&d=mm&r=g\",\"caption\":\"f1000024\"},\"url\":\"https:\\\/\\\/cvinoticias.com\\\/v3\\\/author\\\/f1000024\\\/\"}]}<\/script>\n<!-- \/ Yoast SEO plugin. -->","yoast_head_json":{"title":"El Renaper relev\u00f3 los apellidos m\u00e1s predominantes por provincia | CVI NOTICIAS","robots":{"index":"index","follow":"follow","max-snippet":"max-snippet:-1","max-image-preview":"max-image-preview:large","max-video-preview":"max-video-preview:-1"},"canonical":"https:\/\/cvinoticias.com\/v3\/el-renaper-relevo-los-apellidos-mas-predominantes-por-provincia\/","og_locale":"es_ES","og_type":"article","og_title":"El Renaper relev\u00f3 los apellidos m\u00e1s predominantes por provincia | CVI NOTICIAS","og_description":"La Direcci\u00f3n Nacional de Poblaci\u00f3n -DNP, dependiente del Ministerio del Interior, a cargo de Wado de Pedro-, confeccion\u00f3 un informe denominado \u201cDistribuci\u00f3n geogr\u00e1fica de apellidos en Argentina\u201d, que analiza la distribuci\u00f3n espacial de los apellidos de la poblaci\u00f3n actual de Argentina. Entre los datos m\u00e1s llamativos del estudio se destacan la existencia de 348.288 apellidos [&hellip;]","og_url":"https:\/\/cvinoticias.com\/v3\/el-renaper-relevo-los-apellidos-mas-predominantes-por-provincia\/","og_site_name":"CVI NOTICIAS","article_publisher":"https:\/\/www.facebook.com\/cvinoticias","article_published_time":"2022-08-07T09:43:12+00:00","og_image":[{"width":800,"height":445,"url":"https:\/\/cvinoticias.com\/wp-content\/uploads\/2022\/08\/apellidos-renaper.jpg","type":"image\/jpeg"}],"author":"f1000024","twitter_card":"summary_large_image","twitter_misc":{"Escrito por":"f1000024","Tiempo de lectura":"6 minutos"},"schema":{"@context":"https:\/\/schema.org","@graph":[{"@type":"Article","@id":"https:\/\/cvinoticias.com\/v3\/el-renaper-relevo-los-apellidos-mas-predominantes-por-provincia\/#article","isPartOf":{"@id":"https:\/\/cvinoticias.com\/v3\/el-renaper-relevo-los-apellidos-mas-predominantes-por-provincia\/"},"author":{"name":"f1000024","@id":"https:\/\/cvinoticias.com\/v3\/#\/schema\/person\/2db77e3c6bc03c538495d7b2b8be9b66"},"headline":"El Renaper relev\u00f3 los apellidos m\u00e1s predominantes por provincia","datePublished":"2022-08-07T09:43:12+00:00","mainEntityOfPage":{"@id":"https:\/\/cvinoticias.com\/v3\/el-renaper-relevo-los-apellidos-mas-predominantes-por-provincia\/"},"wordCount":1175,"commentCount":0,"publisher":{"@id":"https:\/\/cvinoticias.com\/v3\/#organization"},"image":{"@id":"https:\/\/cvinoticias.com\/v3\/el-renaper-relevo-los-apellidos-mas-predominantes-por-provincia\/#primaryimage"},"thumbnailUrl":"https:\/\/cvinoticias.com\/wp-content\/uploads\/2022\/08\/apellidos-renaper.jpg","articleSection":["Informaci\u00f3n General"],"inLanguage":"es","potentialAction":[{"@type":"CommentAction","name":"Comment","target":["https:\/\/cvinoticias.com\/v3\/el-renaper-relevo-los-apellidos-mas-predominantes-por-provincia\/#respond"]}]},{"@type":"WebPage","@id":"https:\/\/cvinoticias.com\/v3\/el-renaper-relevo-los-apellidos-mas-predominantes-por-provincia\/","url":"https:\/\/cvinoticias.com\/v3\/el-renaper-relevo-los-apellidos-mas-predominantes-por-provincia\/","name":"El Renaper relev\u00f3 los apellidos m\u00e1s predominantes por provincia | CVI NOTICIAS","isPartOf":{"@id":"https:\/\/cvinoticias.com\/v3\/#website"},"primaryImageOfPage":{"@id":"https:\/\/cvinoticias.com\/v3\/el-renaper-relevo-los-apellidos-mas-predominantes-por-provincia\/#primaryimage"},"image":{"@id":"https:\/\/cvinoticias.com\/v3\/el-renaper-relevo-los-apellidos-mas-predominantes-por-provincia\/#primaryimage"},"thumbnailUrl":"https:\/\/cvinoticias.com\/wp-content\/uploads\/2022\/08\/apellidos-renaper.jpg","datePublished":"2022-08-07T09:43:12+00:00","breadcrumb":{"@id":"https:\/\/cvinoticias.com\/v3\/el-renaper-relevo-los-apellidos-mas-predominantes-por-provincia\/#breadcrumb"},"inLanguage":"es","potentialAction":[{"@type":"ReadAction","target":["https:\/\/cvinoticias.com\/v3\/el-renaper-relevo-los-apellidos-mas-predominantes-por-provincia\/"]}]},{"@type":"ImageObject","inLanguage":"es","@id":"https:\/\/cvinoticias.com\/v3\/el-renaper-relevo-los-apellidos-mas-predominantes-por-provincia\/#primaryimage","url":"https:\/\/cvinoticias.com\/wp-content\/uploads\/2022\/08\/apellidos-renaper.jpg","contentUrl":"https:\/\/cvinoticias.com\/wp-content\/uploads\/2022\/08\/apellidos-renaper.jpg","width":800,"height":445},{"@type":"BreadcrumbList","@id":"https:\/\/cvinoticias.com\/v3\/el-renaper-relevo-los-apellidos-mas-predominantes-por-provincia\/#breadcrumb","itemListElement":[{"@type":"ListItem","position":1,"name":"Portada","item":"https:\/\/cvinoticias.com\/v3\/"},{"@type":"ListItem","position":2,"name":"El Renaper relev\u00f3 los apellidos m\u00e1s predominantes por provincia"}]},{"@type":"WebSite","@id":"https:\/\/cvinoticias.com\/v3\/#website","url":"https:\/\/cvinoticias.com\/v3\/","name":"CVI NOTICIAS","description":"","publisher":{"@id":"https:\/\/cvinoticias.com\/v3\/#organization"},"alternateName":"CVI","potentialAction":[{"@type":"SearchAction","target":{"@type":"EntryPoint","urlTemplate":"https:\/\/cvinoticias.com\/v3\/?s={search_term_string}"},"query-input":{"@type":"PropertyValueSpecification","valueRequired":true,"valueName":"search_term_string"}}],"inLanguage":"es"},{"@type":"Organization","@id":"https:\/\/cvinoticias.com\/v3\/#organization","name":"CVI NOTICIAS","url":"https:\/\/cvinoticias.com\/v3\/","logo":{"@type":"ImageObject","inLanguage":"es","@id":"https:\/\/cvinoticias.com\/v3\/#\/schema\/logo\/image\/","url":"https:\/\/cvinoticias.com\/wp-content\/uploads\/2023\/04\/cropped-cropped-cropped-cropped-cropped-3-1.png","contentUrl":"https:\/\/cvinoticias.com\/wp-content\/uploads\/2023\/04\/cropped-cropped-cropped-cropped-cropped-3-1.png","width":95,"height":122,"caption":"CVI NOTICIAS"},"image":{"@id":"https:\/\/cvinoticias.com\/v3\/#\/schema\/logo\/image\/"},"sameAs":["https:\/\/www.facebook.com\/cvinoticias","https:\/\/www.instagram.com\/cvinoticias\/","https:\/\/www.youtube.com\/@CVINOTICIAS"]},{"@type":"Person","@id":"https:\/\/cvinoticias.com\/v3\/#\/schema\/person\/2db77e3c6bc03c538495d7b2b8be9b66","name":"f1000024","image":{"@type":"ImageObject","inLanguage":"es","@id":"https:\/\/secure.gravatar.com\/avatar\/d4fe7459cfc51ff5129ce1a732bbef5928568b8092d412ef95611616376bbeed?s=96&d=mm&r=g","url":"https:\/\/secure.gravatar.com\/avatar\/d4fe7459cfc51ff5129ce1a732bbef5928568b8092d412ef95611616376bbeed?s=96&d=mm&r=g","contentUrl":"https:\/\/secure.gravatar.com\/avatar\/d4fe7459cfc51ff5129ce1a732bbef5928568b8092d412ef95611616376bbeed?s=96&d=mm&r=g","caption":"f1000024"},"url":"https:\/\/cvinoticias.com\/v3\/author\/f1000024\/"}]}},"_links":{"self":[{"href":"https:\/\/cvinoticias.com\/v3\/wp-json\/wp\/v2\/posts\/18295","targetHints":{"allow":["GET"]}}],"collection":[{"href":"https:\/\/cvinoticias.com\/v3\/wp-json\/wp\/v2\/posts"}],"about":[{"href":"https:\/\/cvinoticias.com\/v3\/wp-json\/wp\/v2\/types\/post"}],"author":[{"embeddable":true,"href":"https:\/\/cvinoticias.com\/v3\/wp-json\/wp\/v2\/users\/2"}],"replies":[{"embeddable":true,"href":"https:\/\/cvinoticias.com\/v3\/wp-json\/wp\/v2\/comments?post=18295"}],"version-history":[{"count":1,"href":"https:\/\/cvinoticias.com\/v3\/wp-json\/wp\/v2\/posts\/18295\/revisions"}],"predecessor-version":[{"id":18297,"href":"https:\/\/cvinoticias.com\/v3\/wp-json\/wp\/v2\/posts\/18295\/revisions\/18297"}],"wp:featuredmedia":[{"embeddable":true,"href":"https:\/\/cvinoticias.com\/v3\/wp-json\/wp\/v2\/media\/18296"}],"wp:attachment":[{"href":"https:\/\/cvinoticias.com\/v3\/wp-json\/wp\/v2\/media?parent=18295"}],"wp:term":[{"taxonomy":"category","embeddable":true,"href":"https:\/\/cvinoticias.com\/v3\/wp-json\/wp\/v2\/categories?post=18295"},{"taxonomy":"post_tag","embeddable":true,"href":"https:\/\/cvinoticias.com\/v3\/wp-json\/wp\/v2\/tags?post=18295"}],"curies":[{"name":"wp","href":"https:\/\/api.w.org\/{rel}","templated":true}]}}