{"id":18277,"date":"2022-08-06T10:50:32","date_gmt":"2022-08-06T10:50:32","guid":{"rendered":"https:\/\/cvinoticias.com\/v3\/?p=18277"},"modified":"2022-08-06T10:50:32","modified_gmt":"2022-08-06T10:50:32","slug":"en-misiones-crece-cada-vez-mas-la-demanda-para-agregar-el-apellido-materno-al-dni","status":"publish","type":"post","link":"https:\/\/cvinoticias.com\/v3\/en-misiones-crece-cada-vez-mas-la-demanda-para-agregar-el-apellido-materno-al-dni\/","title":{"rendered":"En Misiones crece cada vez m\u00e1s la demanda para agregar el apellido materno al DNI"},"content":{"rendered":"\n<p><strong><em>En el a\u00f1o 2021 se realizaron 137 adiciones y actualmente, se abrieron 98 expedientes para realizar el tr\u00e1mite de adici\u00f3n despu\u00e9s del nacimiento del ni\u00f1o.<\/em><\/strong><\/p>\n\n\n\n<p>La directora del Registro Provincial de las Personas, Paula Echevarr\u00eda, expres\u00f3 que este a\u00f1o se abrieron 98 expedientes para agregar el apellido de la madre a los hijos. Asimismo, cont\u00f3 que en los casos que no se logra acuerdo entre los padres al momento del nacimiento, se puede realizar despu\u00e9s el tr\u00e1mite para agregar el apellido de la madre (o de ambos), ya que es breve y sencillo.<\/p>\n\n\n\n<p>\u201cComienza en el 2014 cuando se modifica el C\u00f3digo Civil y Comercial que antes determinaba que el hijo llevaba el apellido paterno. Ahora, cualquiera de los apellidos puede llevar: materno, paterno o ambos\u201d, cont\u00f3 Echevarr\u00eda a Lt 17.<\/p>\n\n\n\n<p>Actualmente la adici\u00f3n de apellidos de 98 expedientes con adici\u00f3n de apellidos maternos y en el 2021 tuvimos 137 adiciones.<\/p>\n\n\n\n<p>Con respecto al nacimiento del ni\u00f1o que es cuando los progenitores se ponen de acuerdo para firmar el acta ante el registro civil y expresar la composici\u00f3n del apellido, no es necesario que lo hagan en ese momento.<\/p>\n\n\n\n<p>\u201cExiste un tr\u00e1mite administrativo que no es burocr\u00e1tico, ya que se puede realizar hacen en cualquier oficina del registro civil que permite adicionar el apellido materno al del menor. La ley exige que cuando hay varios hermanos, todos deben tener la misma composici\u00f3n estamos (hablando de menores de edad)\u201d, explic\u00f3 Echevarr\u00eda.<\/p>\n\n\n\n<p>A su vez, expres\u00f3 que cuando se trata de un adolescente entre 13 a 18 se solicita la conformidad del joven. Mientras que cuando es mayor de 18 a\u00f1os. \u201cSolo puede solicitar la adhesi\u00f3n del apellido materno. Se inicia el tr\u00e1mite, se adiciona en el acta de nacimiento y una vez que est\u00e1 el acta marginada, ya se puede hacer el dni que vendr\u00e1 con esa nueva composici\u00f3n\u201d<\/p>\n\n\n\n<p>A modo de cierre, sobre las modificaciones que tuvo el C\u00f3digo Civil y Comercial, Echeverria indic\u00f3 que \u201ctodo nuestro c\u00f3digo civil est\u00e1 inspirado en much\u00edsimas modificaciones en torno a las cuestiones familiares. Tiene que ver con la igualdad de g\u00e9nero. Se les da a las mujeres y a las madres el derecho de que sus hijos lleven el apellido\u201d. (M.E.D)<\/p>\n","protected":false},"excerpt":{"rendered":"<p>En el a\u00f1o 2021 se realizaron 137 adiciones y actualmente, se abrieron 98 expedientes para realizar el tr\u00e1mite de adici\u00f3n despu\u00e9s del nacimiento del ni\u00f1o. La directora del Registro Provincial de las Personas, Paula Echevarr\u00eda, expres\u00f3 que este a\u00f1o se abrieron 98 expedientes para agregar el apellido de la madre a los hijos. Asimismo, cont\u00f3 [&hellip;]<\/p>\n","protected":false},"author":2,"featured_media":18278,"comment_status":"open","ping_status":"open","sticky":false,"template":"","format":"standard","meta":{"footnotes":""},"categories":[43],"tags":[],"class_list":["post-18277","post","type-post","status-publish","format-standard","has-post-thumbnail","hentry","category-provinciales"],"yoast_head":"<!-- This site is optimized with the Yoast SEO plugin v27.4 - https:\/\/yoast.com\/product\/yoast-seo-wordpress\/ -->\n<title>En Misiones crece cada vez m\u00e1s la demanda para agregar el apellido materno al DNI | CVI NOTICIAS<\/title>\n<meta name=\"robots\" content=\"index, follow, max-snippet:-1, max-image-preview:large, max-video-preview:-1\" \/>\n<link rel=\"canonical\" href=\"https:\/\/cvinoticias.com\/v3\/en-misiones-crece-cada-vez-mas-la-demanda-para-agregar-el-apellido-materno-al-dni\/\" \/>\n<meta property=\"og:locale\" content=\"es_ES\" \/>\n<meta property=\"og:type\" content=\"article\" \/>\n<meta property=\"og:title\" content=\"En Misiones crece cada vez m\u00e1s la demanda para agregar el apellido materno al DNI | CVI NOTICIAS\" \/>\n<meta property=\"og:description\" content=\"En el a\u00f1o 2021 se realizaron 137 adiciones y actualmente, se abrieron 98 expedientes para realizar el tr\u00e1mite de adici\u00f3n despu\u00e9s del nacimiento del ni\u00f1o. La directora del Registro Provincial de las Personas, Paula Echevarr\u00eda, expres\u00f3 que este a\u00f1o se abrieron 98 expedientes para agregar el apellido de la madre a los hijos. Asimismo, cont\u00f3 [&hellip;]\" \/>\n<meta property=\"og:url\" content=\"https:\/\/cvinoticias.com\/v3\/en-misiones-crece-cada-vez-mas-la-demanda-para-agregar-el-apellido-materno-al-dni\/\" \/>\n<meta property=\"og:site_name\" content=\"CVI NOTICIAS\" \/>\n<meta property=\"article:publisher\" content=\"https:\/\/www.facebook.com\/cvinoticias\" \/>\n<meta property=\"article:published_time\" content=\"2022-08-06T10:50:32+00:00\" \/>\n<meta property=\"og:image\" content=\"https:\/\/cvinoticias.com\/wp-content\/uploads\/2022\/08\/0926RiskMom_SC.jpg\" \/>\n\t<meta property=\"og:image:width\" content=\"800\" \/>\n\t<meta property=\"og:image:height\" content=\"601\" \/>\n\t<meta property=\"og:image:type\" content=\"image\/jpeg\" \/>\n<meta name=\"author\" content=\"f1000024\" \/>\n<meta name=\"twitter:card\" content=\"summary_large_image\" \/>\n<meta name=\"twitter:label1\" content=\"Escrito por\" \/>\n\t<meta name=\"twitter:data1\" content=\"f1000024\" \/>\n\t<meta name=\"twitter:label2\" content=\"Tiempo de lectura\" \/>\n\t<meta name=\"twitter:data2\" content=\"2 minutos\" \/>\n<script type=\"application\/ld+json\" class=\"yoast-schema-graph\">{\"@context\":\"https:\\\/\\\/schema.org\",\"@graph\":[{\"@type\":\"Article\",\"@id\":\"https:\\\/\\\/cvinoticias.com\\\/v3\\\/en-misiones-crece-cada-vez-mas-la-demanda-para-agregar-el-apellido-materno-al-dni\\\/#article\",\"isPartOf\":{\"@id\":\"https:\\\/\\\/cvinoticias.com\\\/v3\\\/en-misiones-crece-cada-vez-mas-la-demanda-para-agregar-el-apellido-materno-al-dni\\\/\"},\"author\":{\"name\":\"f1000024\",\"@id\":\"https:\\\/\\\/cvinoticias.com\\\/v3\\\/#\\\/schema\\\/person\\\/2db77e3c6bc03c538495d7b2b8be9b66\"},\"headline\":\"En Misiones crece cada vez m\u00e1s la demanda para agregar el apellido materno al DNI\",\"datePublished\":\"2022-08-06T10:50:32+00:00\",\"mainEntityOfPage\":{\"@id\":\"https:\\\/\\\/cvinoticias.com\\\/v3\\\/en-misiones-crece-cada-vez-mas-la-demanda-para-agregar-el-apellido-materno-al-dni\\\/\"},\"wordCount\":401,\"commentCount\":0,\"publisher\":{\"@id\":\"https:\\\/\\\/cvinoticias.com\\\/v3\\\/#organization\"},\"image\":{\"@id\":\"https:\\\/\\\/cvinoticias.com\\\/v3\\\/en-misiones-crece-cada-vez-mas-la-demanda-para-agregar-el-apellido-materno-al-dni\\\/#primaryimage\"},\"thumbnailUrl\":\"https:\\\/\\\/cvinoticias.com\\\/wp-content\\\/uploads\\\/2022\\\/08\\\/0926RiskMom_SC.jpg\",\"articleSection\":[\"Provinciales\"],\"inLanguage\":\"es\",\"potentialAction\":[{\"@type\":\"CommentAction\",\"name\":\"Comment\",\"target\":[\"https:\\\/\\\/cvinoticias.com\\\/v3\\\/en-misiones-crece-cada-vez-mas-la-demanda-para-agregar-el-apellido-materno-al-dni\\\/#respond\"]}]},{\"@type\":\"WebPage\",\"@id\":\"https:\\\/\\\/cvinoticias.com\\\/v3\\\/en-misiones-crece-cada-vez-mas-la-demanda-para-agregar-el-apellido-materno-al-dni\\\/\",\"url\":\"https:\\\/\\\/cvinoticias.com\\\/v3\\\/en-misiones-crece-cada-vez-mas-la-demanda-para-agregar-el-apellido-materno-al-dni\\\/\",\"name\":\"En Misiones crece cada vez m\u00e1s la demanda para agregar el apellido materno al DNI | CVI NOTICIAS\",\"isPartOf\":{\"@id\":\"https:\\\/\\\/cvinoticias.com\\\/v3\\\/#website\"},\"primaryImageOfPage\":{\"@id\":\"https:\\\/\\\/cvinoticias.com\\\/v3\\\/en-misiones-crece-cada-vez-mas-la-demanda-para-agregar-el-apellido-materno-al-dni\\\/#primaryimage\"},\"image\":{\"@id\":\"https:\\\/\\\/cvinoticias.com\\\/v3\\\/en-misiones-crece-cada-vez-mas-la-demanda-para-agregar-el-apellido-materno-al-dni\\\/#primaryimage\"},\"thumbnailUrl\":\"https:\\\/\\\/cvinoticias.com\\\/wp-content\\\/uploads\\\/2022\\\/08\\\/0926RiskMom_SC.jpg\",\"datePublished\":\"2022-08-06T10:50:32+00:00\",\"breadcrumb\":{\"@id\":\"https:\\\/\\\/cvinoticias.com\\\/v3\\\/en-misiones-crece-cada-vez-mas-la-demanda-para-agregar-el-apellido-materno-al-dni\\\/#breadcrumb\"},\"inLanguage\":\"es\",\"potentialAction\":[{\"@type\":\"ReadAction\",\"target\":[\"https:\\\/\\\/cvinoticias.com\\\/v3\\\/en-misiones-crece-cada-vez-mas-la-demanda-para-agregar-el-apellido-materno-al-dni\\\/\"]}]},{\"@type\":\"ImageObject\",\"inLanguage\":\"es\",\"@id\":\"https:\\\/\\\/cvinoticias.com\\\/v3\\\/en-misiones-crece-cada-vez-mas-la-demanda-para-agregar-el-apellido-materno-al-dni\\\/#primaryimage\",\"url\":\"https:\\\/\\\/cvinoticias.com\\\/wp-content\\\/uploads\\\/2022\\\/08\\\/0926RiskMom_SC.jpg\",\"contentUrl\":\"https:\\\/\\\/cvinoticias.com\\\/wp-content\\\/uploads\\\/2022\\\/08\\\/0926RiskMom_SC.jpg\",\"width\":800,\"height\":601},{\"@type\":\"BreadcrumbList\",\"@id\":\"https:\\\/\\\/cvinoticias.com\\\/v3\\\/en-misiones-crece-cada-vez-mas-la-demanda-para-agregar-el-apellido-materno-al-dni\\\/#breadcrumb\",\"itemListElement\":[{\"@type\":\"ListItem\",\"position\":1,\"name\":\"Portada\",\"item\":\"https:\\\/\\\/cvinoticias.com\\\/v3\\\/\"},{\"@type\":\"ListItem\",\"position\":2,\"name\":\"En Misiones crece cada vez m\u00e1s la demanda para agregar el apellido materno al DNI\"}]},{\"@type\":\"WebSite\",\"@id\":\"https:\\\/\\\/cvinoticias.com\\\/v3\\\/#website\",\"url\":\"https:\\\/\\\/cvinoticias.com\\\/v3\\\/\",\"name\":\"CVI NOTICIAS\",\"description\":\"\",\"publisher\":{\"@id\":\"https:\\\/\\\/cvinoticias.com\\\/v3\\\/#organization\"},\"alternateName\":\"CVI\",\"potentialAction\":[{\"@type\":\"SearchAction\",\"target\":{\"@type\":\"EntryPoint\",\"urlTemplate\":\"https:\\\/\\\/cvinoticias.com\\\/v3\\\/?s={search_term_string}\"},\"query-input\":{\"@type\":\"PropertyValueSpecification\",\"valueRequired\":true,\"valueName\":\"search_term_string\"}}],\"inLanguage\":\"es\"},{\"@type\":\"Organization\",\"@id\":\"https:\\\/\\\/cvinoticias.com\\\/v3\\\/#organization\",\"name\":\"CVI NOTICIAS\",\"url\":\"https:\\\/\\\/cvinoticias.com\\\/v3\\\/\",\"logo\":{\"@type\":\"ImageObject\",\"inLanguage\":\"es\",\"@id\":\"https:\\\/\\\/cvinoticias.com\\\/v3\\\/#\\\/schema\\\/logo\\\/image\\\/\",\"url\":\"https:\\\/\\\/cvinoticias.com\\\/wp-content\\\/uploads\\\/2023\\\/04\\\/cropped-cropped-cropped-cropped-cropped-3-1.png\",\"contentUrl\":\"https:\\\/\\\/cvinoticias.com\\\/wp-content\\\/uploads\\\/2023\\\/04\\\/cropped-cropped-cropped-cropped-cropped-3-1.png\",\"width\":95,\"height\":122,\"caption\":\"CVI NOTICIAS\"},\"image\":{\"@id\":\"https:\\\/\\\/cvinoticias.com\\\/v3\\\/#\\\/schema\\\/logo\\\/image\\\/\"},\"sameAs\":[\"https:\\\/\\\/www.facebook.com\\\/cvinoticias\",\"https:\\\/\\\/www.instagram.com\\\/cvinoticias\\\/\",\"https:\\\/\\\/www.youtube.com\\\/@CVINOTICIAS\"]},{\"@type\":\"Person\",\"@id\":\"https:\\\/\\\/cvinoticias.com\\\/v3\\\/#\\\/schema\\\/person\\\/2db77e3c6bc03c538495d7b2b8be9b66\",\"name\":\"f1000024\",\"image\":{\"@type\":\"ImageObject\",\"inLanguage\":\"es\",\"@id\":\"https:\\\/\\\/secure.gravatar.com\\\/avatar\\\/d4fe7459cfc51ff5129ce1a732bbef5928568b8092d412ef95611616376bbeed?s=96&d=mm&r=g\",\"url\":\"https:\\\/\\\/secure.gravatar.com\\\/avatar\\\/d4fe7459cfc51ff5129ce1a732bbef5928568b8092d412ef95611616376bbeed?s=96&d=mm&r=g\",\"contentUrl\":\"https:\\\/\\\/secure.gravatar.com\\\/avatar\\\/d4fe7459cfc51ff5129ce1a732bbef5928568b8092d412ef95611616376bbeed?s=96&d=mm&r=g\",\"caption\":\"f1000024\"},\"url\":\"https:\\\/\\\/cvinoticias.com\\\/v3\\\/author\\\/f1000024\\\/\"}]}<\/script>\n<!-- \/ Yoast SEO plugin. -->","yoast_head_json":{"title":"En Misiones crece cada vez m\u00e1s la demanda para agregar el apellido materno al DNI | CVI NOTICIAS","robots":{"index":"index","follow":"follow","max-snippet":"max-snippet:-1","max-image-preview":"max-image-preview:large","max-video-preview":"max-video-preview:-1"},"canonical":"https:\/\/cvinoticias.com\/v3\/en-misiones-crece-cada-vez-mas-la-demanda-para-agregar-el-apellido-materno-al-dni\/","og_locale":"es_ES","og_type":"article","og_title":"En Misiones crece cada vez m\u00e1s la demanda para agregar el apellido materno al DNI | CVI NOTICIAS","og_description":"En el a\u00f1o 2021 se realizaron 137 adiciones y actualmente, se abrieron 98 expedientes para realizar el tr\u00e1mite de adici\u00f3n despu\u00e9s del nacimiento del ni\u00f1o. La directora del Registro Provincial de las Personas, Paula Echevarr\u00eda, expres\u00f3 que este a\u00f1o se abrieron 98 expedientes para agregar el apellido de la madre a los hijos. Asimismo, cont\u00f3 [&hellip;]","og_url":"https:\/\/cvinoticias.com\/v3\/en-misiones-crece-cada-vez-mas-la-demanda-para-agregar-el-apellido-materno-al-dni\/","og_site_name":"CVI NOTICIAS","article_publisher":"https:\/\/www.facebook.com\/cvinoticias","article_published_time":"2022-08-06T10:50:32+00:00","og_image":[{"width":800,"height":601,"url":"https:\/\/cvinoticias.com\/wp-content\/uploads\/2022\/08\/0926RiskMom_SC.jpg","type":"image\/jpeg"}],"author":"f1000024","twitter_card":"summary_large_image","twitter_misc":{"Escrito por":"f1000024","Tiempo de lectura":"2 minutos"},"schema":{"@context":"https:\/\/schema.org","@graph":[{"@type":"Article","@id":"https:\/\/cvinoticias.com\/v3\/en-misiones-crece-cada-vez-mas-la-demanda-para-agregar-el-apellido-materno-al-dni\/#article","isPartOf":{"@id":"https:\/\/cvinoticias.com\/v3\/en-misiones-crece-cada-vez-mas-la-demanda-para-agregar-el-apellido-materno-al-dni\/"},"author":{"name":"f1000024","@id":"https:\/\/cvinoticias.com\/v3\/#\/schema\/person\/2db77e3c6bc03c538495d7b2b8be9b66"},"headline":"En Misiones crece cada vez m\u00e1s la demanda para agregar el apellido materno al DNI","datePublished":"2022-08-06T10:50:32+00:00","mainEntityOfPage":{"@id":"https:\/\/cvinoticias.com\/v3\/en-misiones-crece-cada-vez-mas-la-demanda-para-agregar-el-apellido-materno-al-dni\/"},"wordCount":401,"commentCount":0,"publisher":{"@id":"https:\/\/cvinoticias.com\/v3\/#organization"},"image":{"@id":"https:\/\/cvinoticias.com\/v3\/en-misiones-crece-cada-vez-mas-la-demanda-para-agregar-el-apellido-materno-al-dni\/#primaryimage"},"thumbnailUrl":"https:\/\/cvinoticias.com\/wp-content\/uploads\/2022\/08\/0926RiskMom_SC.jpg","articleSection":["Provinciales"],"inLanguage":"es","potentialAction":[{"@type":"CommentAction","name":"Comment","target":["https:\/\/cvinoticias.com\/v3\/en-misiones-crece-cada-vez-mas-la-demanda-para-agregar-el-apellido-materno-al-dni\/#respond"]}]},{"@type":"WebPage","@id":"https:\/\/cvinoticias.com\/v3\/en-misiones-crece-cada-vez-mas-la-demanda-para-agregar-el-apellido-materno-al-dni\/","url":"https:\/\/cvinoticias.com\/v3\/en-misiones-crece-cada-vez-mas-la-demanda-para-agregar-el-apellido-materno-al-dni\/","name":"En Misiones crece cada vez m\u00e1s la demanda para agregar el apellido materno al DNI | CVI NOTICIAS","isPartOf":{"@id":"https:\/\/cvinoticias.com\/v3\/#website"},"primaryImageOfPage":{"@id":"https:\/\/cvinoticias.com\/v3\/en-misiones-crece-cada-vez-mas-la-demanda-para-agregar-el-apellido-materno-al-dni\/#primaryimage"},"image":{"@id":"https:\/\/cvinoticias.com\/v3\/en-misiones-crece-cada-vez-mas-la-demanda-para-agregar-el-apellido-materno-al-dni\/#primaryimage"},"thumbnailUrl":"https:\/\/cvinoticias.com\/wp-content\/uploads\/2022\/08\/0926RiskMom_SC.jpg","datePublished":"2022-08-06T10:50:32+00:00","breadcrumb":{"@id":"https:\/\/cvinoticias.com\/v3\/en-misiones-crece-cada-vez-mas-la-demanda-para-agregar-el-apellido-materno-al-dni\/#breadcrumb"},"inLanguage":"es","potentialAction":[{"@type":"ReadAction","target":["https:\/\/cvinoticias.com\/v3\/en-misiones-crece-cada-vez-mas-la-demanda-para-agregar-el-apellido-materno-al-dni\/"]}]},{"@type":"ImageObject","inLanguage":"es","@id":"https:\/\/cvinoticias.com\/v3\/en-misiones-crece-cada-vez-mas-la-demanda-para-agregar-el-apellido-materno-al-dni\/#primaryimage","url":"https:\/\/cvinoticias.com\/wp-content\/uploads\/2022\/08\/0926RiskMom_SC.jpg","contentUrl":"https:\/\/cvinoticias.com\/wp-content\/uploads\/2022\/08\/0926RiskMom_SC.jpg","width":800,"height":601},{"@type":"BreadcrumbList","@id":"https:\/\/cvinoticias.com\/v3\/en-misiones-crece-cada-vez-mas-la-demanda-para-agregar-el-apellido-materno-al-dni\/#breadcrumb","itemListElement":[{"@type":"ListItem","position":1,"name":"Portada","item":"https:\/\/cvinoticias.com\/v3\/"},{"@type":"ListItem","position":2,"name":"En Misiones crece cada vez m\u00e1s la demanda para agregar el apellido materno al DNI"}]},{"@type":"WebSite","@id":"https:\/\/cvinoticias.com\/v3\/#website","url":"https:\/\/cvinoticias.com\/v3\/","name":"CVI NOTICIAS","description":"","publisher":{"@id":"https:\/\/cvinoticias.com\/v3\/#organization"},"alternateName":"CVI","potentialAction":[{"@type":"SearchAction","target":{"@type":"EntryPoint","urlTemplate":"https:\/\/cvinoticias.com\/v3\/?s={search_term_string}"},"query-input":{"@type":"PropertyValueSpecification","valueRequired":true,"valueName":"search_term_string"}}],"inLanguage":"es"},{"@type":"Organization","@id":"https:\/\/cvinoticias.com\/v3\/#organization","name":"CVI NOTICIAS","url":"https:\/\/cvinoticias.com\/v3\/","logo":{"@type":"ImageObject","inLanguage":"es","@id":"https:\/\/cvinoticias.com\/v3\/#\/schema\/logo\/image\/","url":"https:\/\/cvinoticias.com\/wp-content\/uploads\/2023\/04\/cropped-cropped-cropped-cropped-cropped-3-1.png","contentUrl":"https:\/\/cvinoticias.com\/wp-content\/uploads\/2023\/04\/cropped-cropped-cropped-cropped-cropped-3-1.png","width":95,"height":122,"caption":"CVI NOTICIAS"},"image":{"@id":"https:\/\/cvinoticias.com\/v3\/#\/schema\/logo\/image\/"},"sameAs":["https:\/\/www.facebook.com\/cvinoticias","https:\/\/www.instagram.com\/cvinoticias\/","https:\/\/www.youtube.com\/@CVINOTICIAS"]},{"@type":"Person","@id":"https:\/\/cvinoticias.com\/v3\/#\/schema\/person\/2db77e3c6bc03c538495d7b2b8be9b66","name":"f1000024","image":{"@type":"ImageObject","inLanguage":"es","@id":"https:\/\/secure.gravatar.com\/avatar\/d4fe7459cfc51ff5129ce1a732bbef5928568b8092d412ef95611616376bbeed?s=96&d=mm&r=g","url":"https:\/\/secure.gravatar.com\/avatar\/d4fe7459cfc51ff5129ce1a732bbef5928568b8092d412ef95611616376bbeed?s=96&d=mm&r=g","contentUrl":"https:\/\/secure.gravatar.com\/avatar\/d4fe7459cfc51ff5129ce1a732bbef5928568b8092d412ef95611616376bbeed?s=96&d=mm&r=g","caption":"f1000024"},"url":"https:\/\/cvinoticias.com\/v3\/author\/f1000024\/"}]}},"_links":{"self":[{"href":"https:\/\/cvinoticias.com\/v3\/wp-json\/wp\/v2\/posts\/18277","targetHints":{"allow":["GET"]}}],"collection":[{"href":"https:\/\/cvinoticias.com\/v3\/wp-json\/wp\/v2\/posts"}],"about":[{"href":"https:\/\/cvinoticias.com\/v3\/wp-json\/wp\/v2\/types\/post"}],"author":[{"embeddable":true,"href":"https:\/\/cvinoticias.com\/v3\/wp-json\/wp\/v2\/users\/2"}],"replies":[{"embeddable":true,"href":"https:\/\/cvinoticias.com\/v3\/wp-json\/wp\/v2\/comments?post=18277"}],"version-history":[{"count":1,"href":"https:\/\/cvinoticias.com\/v3\/wp-json\/wp\/v2\/posts\/18277\/revisions"}],"predecessor-version":[{"id":18279,"href":"https:\/\/cvinoticias.com\/v3\/wp-json\/wp\/v2\/posts\/18277\/revisions\/18279"}],"wp:featuredmedia":[{"embeddable":true,"href":"https:\/\/cvinoticias.com\/v3\/wp-json\/wp\/v2\/media\/18278"}],"wp:attachment":[{"href":"https:\/\/cvinoticias.com\/v3\/wp-json\/wp\/v2\/media?parent=18277"}],"wp:term":[{"taxonomy":"category","embeddable":true,"href":"https:\/\/cvinoticias.com\/v3\/wp-json\/wp\/v2\/categories?post=18277"},{"taxonomy":"post_tag","embeddable":true,"href":"https:\/\/cvinoticias.com\/v3\/wp-json\/wp\/v2\/tags?post=18277"}],"curies":[{"name":"wp","href":"https:\/\/api.w.org\/{rel}","templated":true}]}}