{"id":18044,"date":"2022-07-30T12:52:51","date_gmt":"2022-07-30T12:52:51","guid":{"rendered":"https:\/\/cvinoticias.com\/v3\/?p=18044"},"modified":"2022-07-30T12:52:51","modified_gmt":"2022-07-30T12:52:51","slug":"prepararon-la-transicion-en-el-area-productiva","status":"publish","type":"post","link":"https:\/\/cvinoticias.com\/v3\/prepararon-la-transicion-en-el-area-productiva\/","title":{"rendered":"Prepararon la transici\u00f3n en el \u00e1rea productiva"},"content":{"rendered":"\n<p><strong><em>El designado ministro de Econom\u00eda, Sergio Massa, mantuvo ayer una reuni\u00f3n de trabajo sobre \u00abtemas urgentes\u00bb y para coordinar la \u00abtransici\u00f3n\u00bb con Daniel Scioli, titular saliente de Desarrollo Productivo, una de las \u00e1reas que, al igual que Agricultura, estar\u00e1 concentrada en el organigrama de Hacienda.<\/em><\/strong><\/p>\n\n\n\n<p>\u00abEstuvimos con Daniel (Scioli) trabajando en la transici\u00f3n\u00bb, expres\u00f3 Massa, en una conferencia de prensa que ofreci\u00f3 junto a Scioli tras el encuentro, agradeci\u00f3 las \u00abexpectativas\u00bb originadas a partir de su designaci\u00f3n y del redise\u00f1o del \u00e1rea econ\u00f3mica del Gobierno y asegur\u00f3 que aspira a \u00absatisfacer con trabajo\u00bb esas demandas.<\/p>\n\n\n\n<p>\u00abCoincidimos en la necesidad de movilizar todas las energ\u00edas productivas del pa\u00eds en lo que el mundo demanda y que Argentina tiene\u00bb, reflexion\u00f3 Scioli y, como ejemplo, mencion\u00f3 el litio, el cobre, los alimentos y la energ\u00eda. Adem\u00e1s, se puso \u00aba disposici\u00f3n\u00bb del futuro ministro de Econom\u00eda y rese\u00f1\u00f3 que fueron \u00ab45 d\u00edas muy intensos\u00bb los que le toc\u00f3 experimentar al frente de esa cartera, en los que articul\u00f3 con el Banco Central \u00abpara que no se detuviera el proceso de industrializaci\u00f3n intensa que se est\u00e1 llevando adelante\u00bb en el pa\u00eds, indic\u00f3 Scioli.<\/p>\n\n\n\n<p>\u00abAtender distintas emergencias a partir de las medidas (financieras y cambiarias) adoptadas por el Banco Central, para no parar la actividad\u00bb, grafic\u00f3. Scioli, quien recuperar\u00e1 sus funciones como embajador de Brasil, destac\u00f3 que ese pa\u00eds \u00abgarantizar\u00e1 m\u00e1s energ\u00eda el\u00e9ctrica\u00bb para Argentina y eso significar\u00e1 \u00abun ahorro de U$S 200 millones\u00bb.<\/p>\n","protected":false},"excerpt":{"rendered":"<p>El designado ministro de Econom\u00eda, Sergio Massa, mantuvo ayer una reuni\u00f3n de trabajo sobre \u00abtemas urgentes\u00bb y para coordinar la \u00abtransici\u00f3n\u00bb con Daniel Scioli, titular saliente de Desarrollo Productivo, una de las \u00e1reas que, al igual que Agricultura, estar\u00e1 concentrada en el organigrama de Hacienda. \u00abEstuvimos con Daniel (Scioli) trabajando en la transici\u00f3n\u00bb, expres\u00f3 Massa, [&hellip;]<\/p>\n","protected":false},"author":2,"featured_media":18045,"comment_status":"open","ping_status":"open","sticky":false,"template":"","format":"standard","meta":{"footnotes":""},"categories":[42],"tags":[],"class_list":["post-18044","post","type-post","status-publish","format-standard","has-post-thumbnail","hentry","category-politica"],"yoast_head":"<!-- This site is optimized with the Yoast SEO plugin v27.4 - https:\/\/yoast.com\/product\/yoast-seo-wordpress\/ -->\n<title>Prepararon la transici\u00f3n en el \u00e1rea productiva | CVI NOTICIAS<\/title>\n<meta name=\"robots\" content=\"index, follow, max-snippet:-1, max-image-preview:large, max-video-preview:-1\" \/>\n<link rel=\"canonical\" href=\"https:\/\/cvinoticias.com\/v3\/prepararon-la-transicion-en-el-area-productiva\/\" \/>\n<meta property=\"og:locale\" content=\"es_ES\" \/>\n<meta property=\"og:type\" content=\"article\" \/>\n<meta property=\"og:title\" content=\"Prepararon la transici\u00f3n en el \u00e1rea productiva | CVI NOTICIAS\" \/>\n<meta property=\"og:description\" content=\"El designado ministro de Econom\u00eda, Sergio Massa, mantuvo ayer una reuni\u00f3n de trabajo sobre \u00abtemas urgentes\u00bb y para coordinar la \u00abtransici\u00f3n\u00bb con Daniel Scioli, titular saliente de Desarrollo Productivo, una de las \u00e1reas que, al igual que Agricultura, estar\u00e1 concentrada en el organigrama de Hacienda. \u00abEstuvimos con Daniel (Scioli) trabajando en la transici\u00f3n\u00bb, expres\u00f3 Massa, [&hellip;]\" \/>\n<meta property=\"og:url\" content=\"https:\/\/cvinoticias.com\/v3\/prepararon-la-transicion-en-el-area-productiva\/\" \/>\n<meta property=\"og:site_name\" content=\"CVI NOTICIAS\" \/>\n<meta property=\"article:publisher\" content=\"https:\/\/www.facebook.com\/cvinoticias\" \/>\n<meta property=\"article:published_time\" content=\"2022-07-30T12:52:51+00:00\" \/>\n<meta property=\"og:image\" content=\"https:\/\/cvinoticias.com\/wp-content\/uploads\/2022\/07\/f800x450-82489_133935_5050.jpg\" \/>\n\t<meta property=\"og:image:width\" content=\"800\" \/>\n\t<meta property=\"og:image:height\" content=\"450\" \/>\n\t<meta property=\"og:image:type\" content=\"image\/jpeg\" \/>\n<meta name=\"author\" content=\"f1000024\" \/>\n<meta name=\"twitter:card\" content=\"summary_large_image\" \/>\n<meta name=\"twitter:label1\" content=\"Escrito por\" \/>\n\t<meta name=\"twitter:data1\" content=\"f1000024\" \/>\n\t<meta name=\"twitter:label2\" content=\"Tiempo de lectura\" \/>\n\t<meta name=\"twitter:data2\" content=\"1 minuto\" \/>\n<script type=\"application\/ld+json\" class=\"yoast-schema-graph\">{\"@context\":\"https:\\\/\\\/schema.org\",\"@graph\":[{\"@type\":\"Article\",\"@id\":\"https:\\\/\\\/cvinoticias.com\\\/v3\\\/prepararon-la-transicion-en-el-area-productiva\\\/#article\",\"isPartOf\":{\"@id\":\"https:\\\/\\\/cvinoticias.com\\\/v3\\\/prepararon-la-transicion-en-el-area-productiva\\\/\"},\"author\":{\"name\":\"f1000024\",\"@id\":\"https:\\\/\\\/cvinoticias.com\\\/v3\\\/#\\\/schema\\\/person\\\/2db77e3c6bc03c538495d7b2b8be9b66\"},\"headline\":\"Prepararon la transici\u00f3n en el \u00e1rea productiva\",\"datePublished\":\"2022-07-30T12:52:51+00:00\",\"mainEntityOfPage\":{\"@id\":\"https:\\\/\\\/cvinoticias.com\\\/v3\\\/prepararon-la-transicion-en-el-area-productiva\\\/\"},\"wordCount\":265,\"commentCount\":0,\"publisher\":{\"@id\":\"https:\\\/\\\/cvinoticias.com\\\/v3\\\/#organization\"},\"image\":{\"@id\":\"https:\\\/\\\/cvinoticias.com\\\/v3\\\/prepararon-la-transicion-en-el-area-productiva\\\/#primaryimage\"},\"thumbnailUrl\":\"https:\\\/\\\/cvinoticias.com\\\/wp-content\\\/uploads\\\/2022\\\/07\\\/f800x450-82489_133935_5050.jpg\",\"articleSection\":[\"Politica\"],\"inLanguage\":\"es\",\"potentialAction\":[{\"@type\":\"CommentAction\",\"name\":\"Comment\",\"target\":[\"https:\\\/\\\/cvinoticias.com\\\/v3\\\/prepararon-la-transicion-en-el-area-productiva\\\/#respond\"]}]},{\"@type\":\"WebPage\",\"@id\":\"https:\\\/\\\/cvinoticias.com\\\/v3\\\/prepararon-la-transicion-en-el-area-productiva\\\/\",\"url\":\"https:\\\/\\\/cvinoticias.com\\\/v3\\\/prepararon-la-transicion-en-el-area-productiva\\\/\",\"name\":\"Prepararon la transici\u00f3n en el \u00e1rea productiva | CVI NOTICIAS\",\"isPartOf\":{\"@id\":\"https:\\\/\\\/cvinoticias.com\\\/v3\\\/#website\"},\"primaryImageOfPage\":{\"@id\":\"https:\\\/\\\/cvinoticias.com\\\/v3\\\/prepararon-la-transicion-en-el-area-productiva\\\/#primaryimage\"},\"image\":{\"@id\":\"https:\\\/\\\/cvinoticias.com\\\/v3\\\/prepararon-la-transicion-en-el-area-productiva\\\/#primaryimage\"},\"thumbnailUrl\":\"https:\\\/\\\/cvinoticias.com\\\/wp-content\\\/uploads\\\/2022\\\/07\\\/f800x450-82489_133935_5050.jpg\",\"datePublished\":\"2022-07-30T12:52:51+00:00\",\"breadcrumb\":{\"@id\":\"https:\\\/\\\/cvinoticias.com\\\/v3\\\/prepararon-la-transicion-en-el-area-productiva\\\/#breadcrumb\"},\"inLanguage\":\"es\",\"potentialAction\":[{\"@type\":\"ReadAction\",\"target\":[\"https:\\\/\\\/cvinoticias.com\\\/v3\\\/prepararon-la-transicion-en-el-area-productiva\\\/\"]}]},{\"@type\":\"ImageObject\",\"inLanguage\":\"es\",\"@id\":\"https:\\\/\\\/cvinoticias.com\\\/v3\\\/prepararon-la-transicion-en-el-area-productiva\\\/#primaryimage\",\"url\":\"https:\\\/\\\/cvinoticias.com\\\/wp-content\\\/uploads\\\/2022\\\/07\\\/f800x450-82489_133935_5050.jpg\",\"contentUrl\":\"https:\\\/\\\/cvinoticias.com\\\/wp-content\\\/uploads\\\/2022\\\/07\\\/f800x450-82489_133935_5050.jpg\",\"width\":800,\"height\":450},{\"@type\":\"BreadcrumbList\",\"@id\":\"https:\\\/\\\/cvinoticias.com\\\/v3\\\/prepararon-la-transicion-en-el-area-productiva\\\/#breadcrumb\",\"itemListElement\":[{\"@type\":\"ListItem\",\"position\":1,\"name\":\"Portada\",\"item\":\"https:\\\/\\\/cvinoticias.com\\\/v3\\\/\"},{\"@type\":\"ListItem\",\"position\":2,\"name\":\"Prepararon la transici\u00f3n en el \u00e1rea productiva\"}]},{\"@type\":\"WebSite\",\"@id\":\"https:\\\/\\\/cvinoticias.com\\\/v3\\\/#website\",\"url\":\"https:\\\/\\\/cvinoticias.com\\\/v3\\\/\",\"name\":\"CVI NOTICIAS\",\"description\":\"\",\"publisher\":{\"@id\":\"https:\\\/\\\/cvinoticias.com\\\/v3\\\/#organization\"},\"alternateName\":\"CVI\",\"potentialAction\":[{\"@type\":\"SearchAction\",\"target\":{\"@type\":\"EntryPoint\",\"urlTemplate\":\"https:\\\/\\\/cvinoticias.com\\\/v3\\\/?s={search_term_string}\"},\"query-input\":{\"@type\":\"PropertyValueSpecification\",\"valueRequired\":true,\"valueName\":\"search_term_string\"}}],\"inLanguage\":\"es\"},{\"@type\":\"Organization\",\"@id\":\"https:\\\/\\\/cvinoticias.com\\\/v3\\\/#organization\",\"name\":\"CVI NOTICIAS\",\"url\":\"https:\\\/\\\/cvinoticias.com\\\/v3\\\/\",\"logo\":{\"@type\":\"ImageObject\",\"inLanguage\":\"es\",\"@id\":\"https:\\\/\\\/cvinoticias.com\\\/v3\\\/#\\\/schema\\\/logo\\\/image\\\/\",\"url\":\"https:\\\/\\\/cvinoticias.com\\\/wp-content\\\/uploads\\\/2023\\\/04\\\/cropped-cropped-cropped-cropped-cropped-3-1.png\",\"contentUrl\":\"https:\\\/\\\/cvinoticias.com\\\/wp-content\\\/uploads\\\/2023\\\/04\\\/cropped-cropped-cropped-cropped-cropped-3-1.png\",\"width\":95,\"height\":122,\"caption\":\"CVI NOTICIAS\"},\"image\":{\"@id\":\"https:\\\/\\\/cvinoticias.com\\\/v3\\\/#\\\/schema\\\/logo\\\/image\\\/\"},\"sameAs\":[\"https:\\\/\\\/www.facebook.com\\\/cvinoticias\",\"https:\\\/\\\/www.instagram.com\\\/cvinoticias\\\/\",\"https:\\\/\\\/www.youtube.com\\\/@CVINOTICIAS\"]},{\"@type\":\"Person\",\"@id\":\"https:\\\/\\\/cvinoticias.com\\\/v3\\\/#\\\/schema\\\/person\\\/2db77e3c6bc03c538495d7b2b8be9b66\",\"name\":\"f1000024\",\"image\":{\"@type\":\"ImageObject\",\"inLanguage\":\"es\",\"@id\":\"https:\\\/\\\/secure.gravatar.com\\\/avatar\\\/d4fe7459cfc51ff5129ce1a732bbef5928568b8092d412ef95611616376bbeed?s=96&d=mm&r=g\",\"url\":\"https:\\\/\\\/secure.gravatar.com\\\/avatar\\\/d4fe7459cfc51ff5129ce1a732bbef5928568b8092d412ef95611616376bbeed?s=96&d=mm&r=g\",\"contentUrl\":\"https:\\\/\\\/secure.gravatar.com\\\/avatar\\\/d4fe7459cfc51ff5129ce1a732bbef5928568b8092d412ef95611616376bbeed?s=96&d=mm&r=g\",\"caption\":\"f1000024\"},\"url\":\"https:\\\/\\\/cvinoticias.com\\\/v3\\\/author\\\/f1000024\\\/\"}]}<\/script>\n<!-- \/ Yoast SEO plugin. -->","yoast_head_json":{"title":"Prepararon la transici\u00f3n en el \u00e1rea productiva | CVI NOTICIAS","robots":{"index":"index","follow":"follow","max-snippet":"max-snippet:-1","max-image-preview":"max-image-preview:large","max-video-preview":"max-video-preview:-1"},"canonical":"https:\/\/cvinoticias.com\/v3\/prepararon-la-transicion-en-el-area-productiva\/","og_locale":"es_ES","og_type":"article","og_title":"Prepararon la transici\u00f3n en el \u00e1rea productiva | CVI NOTICIAS","og_description":"El designado ministro de Econom\u00eda, Sergio Massa, mantuvo ayer una reuni\u00f3n de trabajo sobre \u00abtemas urgentes\u00bb y para coordinar la \u00abtransici\u00f3n\u00bb con Daniel Scioli, titular saliente de Desarrollo Productivo, una de las \u00e1reas que, al igual que Agricultura, estar\u00e1 concentrada en el organigrama de Hacienda. \u00abEstuvimos con Daniel (Scioli) trabajando en la transici\u00f3n\u00bb, expres\u00f3 Massa, [&hellip;]","og_url":"https:\/\/cvinoticias.com\/v3\/prepararon-la-transicion-en-el-area-productiva\/","og_site_name":"CVI NOTICIAS","article_publisher":"https:\/\/www.facebook.com\/cvinoticias","article_published_time":"2022-07-30T12:52:51+00:00","og_image":[{"width":800,"height":450,"url":"https:\/\/cvinoticias.com\/wp-content\/uploads\/2022\/07\/f800x450-82489_133935_5050.jpg","type":"image\/jpeg"}],"author":"f1000024","twitter_card":"summary_large_image","twitter_misc":{"Escrito por":"f1000024","Tiempo de lectura":"1 minuto"},"schema":{"@context":"https:\/\/schema.org","@graph":[{"@type":"Article","@id":"https:\/\/cvinoticias.com\/v3\/prepararon-la-transicion-en-el-area-productiva\/#article","isPartOf":{"@id":"https:\/\/cvinoticias.com\/v3\/prepararon-la-transicion-en-el-area-productiva\/"},"author":{"name":"f1000024","@id":"https:\/\/cvinoticias.com\/v3\/#\/schema\/person\/2db77e3c6bc03c538495d7b2b8be9b66"},"headline":"Prepararon la transici\u00f3n en el \u00e1rea productiva","datePublished":"2022-07-30T12:52:51+00:00","mainEntityOfPage":{"@id":"https:\/\/cvinoticias.com\/v3\/prepararon-la-transicion-en-el-area-productiva\/"},"wordCount":265,"commentCount":0,"publisher":{"@id":"https:\/\/cvinoticias.com\/v3\/#organization"},"image":{"@id":"https:\/\/cvinoticias.com\/v3\/prepararon-la-transicion-en-el-area-productiva\/#primaryimage"},"thumbnailUrl":"https:\/\/cvinoticias.com\/wp-content\/uploads\/2022\/07\/f800x450-82489_133935_5050.jpg","articleSection":["Politica"],"inLanguage":"es","potentialAction":[{"@type":"CommentAction","name":"Comment","target":["https:\/\/cvinoticias.com\/v3\/prepararon-la-transicion-en-el-area-productiva\/#respond"]}]},{"@type":"WebPage","@id":"https:\/\/cvinoticias.com\/v3\/prepararon-la-transicion-en-el-area-productiva\/","url":"https:\/\/cvinoticias.com\/v3\/prepararon-la-transicion-en-el-area-productiva\/","name":"Prepararon la transici\u00f3n en el \u00e1rea productiva | CVI NOTICIAS","isPartOf":{"@id":"https:\/\/cvinoticias.com\/v3\/#website"},"primaryImageOfPage":{"@id":"https:\/\/cvinoticias.com\/v3\/prepararon-la-transicion-en-el-area-productiva\/#primaryimage"},"image":{"@id":"https:\/\/cvinoticias.com\/v3\/prepararon-la-transicion-en-el-area-productiva\/#primaryimage"},"thumbnailUrl":"https:\/\/cvinoticias.com\/wp-content\/uploads\/2022\/07\/f800x450-82489_133935_5050.jpg","datePublished":"2022-07-30T12:52:51+00:00","breadcrumb":{"@id":"https:\/\/cvinoticias.com\/v3\/prepararon-la-transicion-en-el-area-productiva\/#breadcrumb"},"inLanguage":"es","potentialAction":[{"@type":"ReadAction","target":["https:\/\/cvinoticias.com\/v3\/prepararon-la-transicion-en-el-area-productiva\/"]}]},{"@type":"ImageObject","inLanguage":"es","@id":"https:\/\/cvinoticias.com\/v3\/prepararon-la-transicion-en-el-area-productiva\/#primaryimage","url":"https:\/\/cvinoticias.com\/wp-content\/uploads\/2022\/07\/f800x450-82489_133935_5050.jpg","contentUrl":"https:\/\/cvinoticias.com\/wp-content\/uploads\/2022\/07\/f800x450-82489_133935_5050.jpg","width":800,"height":450},{"@type":"BreadcrumbList","@id":"https:\/\/cvinoticias.com\/v3\/prepararon-la-transicion-en-el-area-productiva\/#breadcrumb","itemListElement":[{"@type":"ListItem","position":1,"name":"Portada","item":"https:\/\/cvinoticias.com\/v3\/"},{"@type":"ListItem","position":2,"name":"Prepararon la transici\u00f3n en el \u00e1rea productiva"}]},{"@type":"WebSite","@id":"https:\/\/cvinoticias.com\/v3\/#website","url":"https:\/\/cvinoticias.com\/v3\/","name":"CVI NOTICIAS","description":"","publisher":{"@id":"https:\/\/cvinoticias.com\/v3\/#organization"},"alternateName":"CVI","potentialAction":[{"@type":"SearchAction","target":{"@type":"EntryPoint","urlTemplate":"https:\/\/cvinoticias.com\/v3\/?s={search_term_string}"},"query-input":{"@type":"PropertyValueSpecification","valueRequired":true,"valueName":"search_term_string"}}],"inLanguage":"es"},{"@type":"Organization","@id":"https:\/\/cvinoticias.com\/v3\/#organization","name":"CVI NOTICIAS","url":"https:\/\/cvinoticias.com\/v3\/","logo":{"@type":"ImageObject","inLanguage":"es","@id":"https:\/\/cvinoticias.com\/v3\/#\/schema\/logo\/image\/","url":"https:\/\/cvinoticias.com\/wp-content\/uploads\/2023\/04\/cropped-cropped-cropped-cropped-cropped-3-1.png","contentUrl":"https:\/\/cvinoticias.com\/wp-content\/uploads\/2023\/04\/cropped-cropped-cropped-cropped-cropped-3-1.png","width":95,"height":122,"caption":"CVI NOTICIAS"},"image":{"@id":"https:\/\/cvinoticias.com\/v3\/#\/schema\/logo\/image\/"},"sameAs":["https:\/\/www.facebook.com\/cvinoticias","https:\/\/www.instagram.com\/cvinoticias\/","https:\/\/www.youtube.com\/@CVINOTICIAS"]},{"@type":"Person","@id":"https:\/\/cvinoticias.com\/v3\/#\/schema\/person\/2db77e3c6bc03c538495d7b2b8be9b66","name":"f1000024","image":{"@type":"ImageObject","inLanguage":"es","@id":"https:\/\/secure.gravatar.com\/avatar\/d4fe7459cfc51ff5129ce1a732bbef5928568b8092d412ef95611616376bbeed?s=96&d=mm&r=g","url":"https:\/\/secure.gravatar.com\/avatar\/d4fe7459cfc51ff5129ce1a732bbef5928568b8092d412ef95611616376bbeed?s=96&d=mm&r=g","contentUrl":"https:\/\/secure.gravatar.com\/avatar\/d4fe7459cfc51ff5129ce1a732bbef5928568b8092d412ef95611616376bbeed?s=96&d=mm&r=g","caption":"f1000024"},"url":"https:\/\/cvinoticias.com\/v3\/author\/f1000024\/"}]}},"_links":{"self":[{"href":"https:\/\/cvinoticias.com\/v3\/wp-json\/wp\/v2\/posts\/18044","targetHints":{"allow":["GET"]}}],"collection":[{"href":"https:\/\/cvinoticias.com\/v3\/wp-json\/wp\/v2\/posts"}],"about":[{"href":"https:\/\/cvinoticias.com\/v3\/wp-json\/wp\/v2\/types\/post"}],"author":[{"embeddable":true,"href":"https:\/\/cvinoticias.com\/v3\/wp-json\/wp\/v2\/users\/2"}],"replies":[{"embeddable":true,"href":"https:\/\/cvinoticias.com\/v3\/wp-json\/wp\/v2\/comments?post=18044"}],"version-history":[{"count":1,"href":"https:\/\/cvinoticias.com\/v3\/wp-json\/wp\/v2\/posts\/18044\/revisions"}],"predecessor-version":[{"id":18046,"href":"https:\/\/cvinoticias.com\/v3\/wp-json\/wp\/v2\/posts\/18044\/revisions\/18046"}],"wp:featuredmedia":[{"embeddable":true,"href":"https:\/\/cvinoticias.com\/v3\/wp-json\/wp\/v2\/media\/18045"}],"wp:attachment":[{"href":"https:\/\/cvinoticias.com\/v3\/wp-json\/wp\/v2\/media?parent=18044"}],"wp:term":[{"taxonomy":"category","embeddable":true,"href":"https:\/\/cvinoticias.com\/v3\/wp-json\/wp\/v2\/categories?post=18044"},{"taxonomy":"post_tag","embeddable":true,"href":"https:\/\/cvinoticias.com\/v3\/wp-json\/wp\/v2\/tags?post=18044"}],"curies":[{"name":"wp","href":"https:\/\/api.w.org\/{rel}","templated":true}]}}