{"id":17908,"date":"2022-07-26T20:33:03","date_gmt":"2022-07-26T20:33:03","guid":{"rendered":"https:\/\/cvinoticias.com\/v3\/?p=17908"},"modified":"2022-07-26T20:33:03","modified_gmt":"2022-07-26T20:33:03","slug":"viruela-del-mono-la-oms-advirtio-que-la-vacuna-no-alcanza-para-detener-la-epidemia","status":"publish","type":"post","link":"https:\/\/cvinoticias.com\/v3\/viruela-del-mono-la-oms-advirtio-que-la-vacuna-no-alcanza-para-detener-la-epidemia\/","title":{"rendered":"Viruela del mono: la OMS advirti\u00f3 que la vacuna no alcanza para detener la epidemia"},"content":{"rendered":"\n<p><strong><em>La Organizaci\u00f3n Mundial de la Salud (OMS) advirti\u00f3 este martes que la vacuna por si sola no pude detener la epidemia de viruela del mono y pidi\u00f3 que se adopten medidas para reducir el riesgo, \u00abcomo limitar las parejas sexuales\u00bb.<\/em><\/strong><\/p>\n\n\n\n<p>\u00abPedimos, por el momento, adoptar medidas para reducir este riesgo, como limitar las parejas sexuales y las interacciones\u00bb, afirm\u00f3 el director de la oficina europea de la OMS, Hans Kluge.<\/p>\n\n\n\n<p>Si bien fueron detectados casos de transmisi\u00f3n no sexual domiciliaria, Klue destac\u00f3: \u00abdebemos responder concentr\u00e1ndonos en la modalidad de transmisi\u00f3n dominante (el contacto piel a piel durante actos sexuales) y sus grupos de m\u00e1s alto riesgo\u00bb.<\/p>\n\n\n\n<p>Lo OMS activ\u00f3 el s\u00e1bado su m\u00e1ximo nivel de alerta sanitaria para tratar de contener el brote de viruela del mono que afect\u00f3 hasta ahora a casi 17.000 personas en 74 pa\u00edses.<\/p>\n\n\n\n<p>\u00abLa viruela del mono es, en general, una enfermedad autolimitante, pero en este caso las cosas est\u00e1n yendo de forma diferente. En la regi\u00f3n europea de la OMS, la epidemia ha visto al virus extenderse r\u00e1pidamente con 37 pa\u00edses y \u00e1reas golpeadas hasta ahora, con pruebas de una transmisi\u00f3n local continua\u00bb, sostuvo Kluge.<\/p>\n\n\n\n<p>El funcionario indic\u00f3 que \u00abse se\u00f1alaron en la regi\u00f3n casi 12 mil casos probables o confirmados, en su mayor\u00eda en hombres que tuvieron relaciones sexuales con hombres\u00bb.<\/p>\n\n\n\n<p>\u00abDebemos responder a la epidemiolog\u00eda que enfrentamos; la responsabilidad de detener este foco es compartida entre instituciones, autoridades sanitarias, gobiernos, comunidades afectadas y los individuos\u00bb, a\u00f1adi\u00f3.<\/p>\n\n\n\n<p>Kluge admiti\u00f3 que \u00ablimitar los encuentros sexuales y las interacciones puede ser un mensaje dif\u00edcil, pero ejercer cautela puede proteger a la persona y a una comunidad m\u00e1s amplia\u00bb.<\/p>\n\n\n\n<p>\u00abSi tienes o piensas que tienes viruela del mono, puedes infectar as\u00ed que haz todo lo posible para prevenir la difusi\u00f3n de la enfermedad. A\u00edslate si puedes, no tengas sexo mientras te recuperas y no participes de fiestas o grandes reuniones\u00bb, precis\u00f3.<\/p>\n\n\n\n<p>Por su parte, la Comisaria europea para la salud, Stella Kyriakides, enviar\u00e1 una carta a los Gobiernos europeos para \u00abcontinuar siguiendo de cerca\u00bb la evoluci\u00f3n de los casos de la viruela de los monos, afirm\u00f3 el portavoz de la UE, Stefan De Keersmaecker.<\/p>\n\n\n\n<p>Las 160 mil dosis de la vacuna que la UE posee \u00abpara responder a las necesidades inmediatas de los estados miembros, est\u00e1n ahora en fase de distribuci\u00f3n y seguimos monitoreando de cerca la situaci\u00f3n\u00bb, dijo el vocero.<\/p>\n\n\n\n<p>No existen tratamientos ni vacunas espec\u00edficas para las infecciones por el virus de la viruela del mono, pero varios pa\u00edses est\u00e1n usando medicamentos antivirales y vacunas que fueron desarrolladas para proteger contra la viruela, erradicada en 1980.<\/p>\n\n\n\n<p>En Estados Unidos, Reino Unido, Europa y otros pa\u00edses se aprob\u00f3 el uso de la vacuna Jynneos &#8211;tambi\u00e9n conocida como Imvamune o Imvanex&#8211;, contra la infecci\u00f3n de viruela del mono.<\/p>\n\n\n\n<p>Se trata de una vacuna que contiene una forma viva modificada del virus de la viruela denominado vaccinia Ankara modificado (MVA).<\/p>\n\n\n\n<p>En Estados Unidos tambi\u00e9n se aprob\u00f3 el uso de otra vacuna para la viruela del mono, la ACAM2000, que es de \u00absegunda generaci\u00f3n\u00bb, pero los centros de control y prevenci\u00f3n de enfermedades (CDC) recomendaron no aplicarla en personas con trastornos de salud, como un sistema inmunitario debilitado y afecciones de la piel como dermatitis at\u00f3pica\/eccema o embarazo.<\/p>\n\n\n\n<p>Los CDC subrayaron que \u00aba\u00fan no hay datos disponibles sobre la eficacia de estas dos vacunas en el brote actual\u00bb de viruela del mono.<\/p>\n","protected":false},"excerpt":{"rendered":"<p>La Organizaci\u00f3n Mundial de la Salud (OMS) advirti\u00f3 este martes que la vacuna por si sola no pude detener la epidemia de viruela del mono y pidi\u00f3 que se adopten medidas para reducir el riesgo, \u00abcomo limitar las parejas sexuales\u00bb. \u00abPedimos, por el momento, adoptar medidas para reducir este riesgo, como limitar las parejas sexuales [&hellip;]<\/p>\n","protected":false},"author":2,"featured_media":17909,"comment_status":"open","ping_status":"open","sticky":false,"template":"","format":"standard","meta":{"footnotes":""},"categories":[22],"tags":[],"class_list":["post-17908","post","type-post","status-publish","format-standard","has-post-thumbnail","hentry","category-salud"],"yoast_head":"<!-- This site is optimized with the Yoast SEO plugin v27.4 - https:\/\/yoast.com\/product\/yoast-seo-wordpress\/ -->\n<title>Viruela del mono: la OMS advirti\u00f3 que la vacuna no alcanza para detener la epidemia | CVI NOTICIAS<\/title>\n<meta name=\"robots\" content=\"index, follow, max-snippet:-1, max-image-preview:large, max-video-preview:-1\" \/>\n<link rel=\"canonical\" href=\"https:\/\/cvinoticias.com\/v3\/viruela-del-mono-la-oms-advirtio-que-la-vacuna-no-alcanza-para-detener-la-epidemia\/\" \/>\n<meta property=\"og:locale\" content=\"es_ES\" \/>\n<meta property=\"og:type\" content=\"article\" \/>\n<meta property=\"og:title\" content=\"Viruela del mono: la OMS advirti\u00f3 que la vacuna no alcanza para detener la epidemia | CVI NOTICIAS\" \/>\n<meta property=\"og:description\" content=\"La Organizaci\u00f3n Mundial de la Salud (OMS) advirti\u00f3 este martes que la vacuna por si sola no pude detener la epidemia de viruela del mono y pidi\u00f3 que se adopten medidas para reducir el riesgo, \u00abcomo limitar las parejas sexuales\u00bb. \u00abPedimos, por el momento, adoptar medidas para reducir este riesgo, como limitar las parejas sexuales [&hellip;]\" \/>\n<meta property=\"og:url\" content=\"https:\/\/cvinoticias.com\/v3\/viruela-del-mono-la-oms-advirtio-que-la-vacuna-no-alcanza-para-detener-la-epidemia\/\" \/>\n<meta property=\"og:site_name\" content=\"CVI NOTICIAS\" \/>\n<meta property=\"article:publisher\" content=\"https:\/\/www.facebook.com\/cvinoticias\" \/>\n<meta property=\"article:published_time\" content=\"2022-07-26T20:33:03+00:00\" \/>\n<meta property=\"og:image\" content=\"https:\/\/cvinoticias.com\/wp-content\/uploads\/2022\/07\/0000099764.jpg\" \/>\n\t<meta property=\"og:image:width\" content=\"1280\" \/>\n\t<meta property=\"og:image:height\" content=\"720\" \/>\n\t<meta property=\"og:image:type\" content=\"image\/jpeg\" \/>\n<meta name=\"author\" content=\"f1000024\" \/>\n<meta name=\"twitter:card\" content=\"summary_large_image\" \/>\n<meta name=\"twitter:label1\" content=\"Escrito por\" \/>\n\t<meta name=\"twitter:data1\" content=\"f1000024\" \/>\n\t<meta name=\"twitter:label2\" content=\"Tiempo de lectura\" \/>\n\t<meta name=\"twitter:data2\" content=\"3 minutos\" \/>\n<script type=\"application\/ld+json\" class=\"yoast-schema-graph\">{\"@context\":\"https:\\\/\\\/schema.org\",\"@graph\":[{\"@type\":\"Article\",\"@id\":\"https:\\\/\\\/cvinoticias.com\\\/v3\\\/viruela-del-mono-la-oms-advirtio-que-la-vacuna-no-alcanza-para-detener-la-epidemia\\\/#article\",\"isPartOf\":{\"@id\":\"https:\\\/\\\/cvinoticias.com\\\/v3\\\/viruela-del-mono-la-oms-advirtio-que-la-vacuna-no-alcanza-para-detener-la-epidemia\\\/\"},\"author\":{\"name\":\"f1000024\",\"@id\":\"https:\\\/\\\/cvinoticias.com\\\/v3\\\/#\\\/schema\\\/person\\\/2db77e3c6bc03c538495d7b2b8be9b66\"},\"headline\":\"Viruela del mono: la OMS advirti\u00f3 que la vacuna no alcanza para detener la epidemia\",\"datePublished\":\"2022-07-26T20:33:03+00:00\",\"mainEntityOfPage\":{\"@id\":\"https:\\\/\\\/cvinoticias.com\\\/v3\\\/viruela-del-mono-la-oms-advirtio-que-la-vacuna-no-alcanza-para-detener-la-epidemia\\\/\"},\"wordCount\":611,\"commentCount\":0,\"publisher\":{\"@id\":\"https:\\\/\\\/cvinoticias.com\\\/v3\\\/#organization\"},\"image\":{\"@id\":\"https:\\\/\\\/cvinoticias.com\\\/v3\\\/viruela-del-mono-la-oms-advirtio-que-la-vacuna-no-alcanza-para-detener-la-epidemia\\\/#primaryimage\"},\"thumbnailUrl\":\"https:\\\/\\\/cvinoticias.com\\\/wp-content\\\/uploads\\\/2022\\\/07\\\/0000099764.jpg\",\"articleSection\":[\"Salud\"],\"inLanguage\":\"es\",\"potentialAction\":[{\"@type\":\"CommentAction\",\"name\":\"Comment\",\"target\":[\"https:\\\/\\\/cvinoticias.com\\\/v3\\\/viruela-del-mono-la-oms-advirtio-que-la-vacuna-no-alcanza-para-detener-la-epidemia\\\/#respond\"]}]},{\"@type\":\"WebPage\",\"@id\":\"https:\\\/\\\/cvinoticias.com\\\/v3\\\/viruela-del-mono-la-oms-advirtio-que-la-vacuna-no-alcanza-para-detener-la-epidemia\\\/\",\"url\":\"https:\\\/\\\/cvinoticias.com\\\/v3\\\/viruela-del-mono-la-oms-advirtio-que-la-vacuna-no-alcanza-para-detener-la-epidemia\\\/\",\"name\":\"Viruela del mono: la OMS advirti\u00f3 que la vacuna no alcanza para detener la epidemia | CVI NOTICIAS\",\"isPartOf\":{\"@id\":\"https:\\\/\\\/cvinoticias.com\\\/v3\\\/#website\"},\"primaryImageOfPage\":{\"@id\":\"https:\\\/\\\/cvinoticias.com\\\/v3\\\/viruela-del-mono-la-oms-advirtio-que-la-vacuna-no-alcanza-para-detener-la-epidemia\\\/#primaryimage\"},\"image\":{\"@id\":\"https:\\\/\\\/cvinoticias.com\\\/v3\\\/viruela-del-mono-la-oms-advirtio-que-la-vacuna-no-alcanza-para-detener-la-epidemia\\\/#primaryimage\"},\"thumbnailUrl\":\"https:\\\/\\\/cvinoticias.com\\\/wp-content\\\/uploads\\\/2022\\\/07\\\/0000099764.jpg\",\"datePublished\":\"2022-07-26T20:33:03+00:00\",\"breadcrumb\":{\"@id\":\"https:\\\/\\\/cvinoticias.com\\\/v3\\\/viruela-del-mono-la-oms-advirtio-que-la-vacuna-no-alcanza-para-detener-la-epidemia\\\/#breadcrumb\"},\"inLanguage\":\"es\",\"potentialAction\":[{\"@type\":\"ReadAction\",\"target\":[\"https:\\\/\\\/cvinoticias.com\\\/v3\\\/viruela-del-mono-la-oms-advirtio-que-la-vacuna-no-alcanza-para-detener-la-epidemia\\\/\"]}]},{\"@type\":\"ImageObject\",\"inLanguage\":\"es\",\"@id\":\"https:\\\/\\\/cvinoticias.com\\\/v3\\\/viruela-del-mono-la-oms-advirtio-que-la-vacuna-no-alcanza-para-detener-la-epidemia\\\/#primaryimage\",\"url\":\"https:\\\/\\\/cvinoticias.com\\\/wp-content\\\/uploads\\\/2022\\\/07\\\/0000099764.jpg\",\"contentUrl\":\"https:\\\/\\\/cvinoticias.com\\\/wp-content\\\/uploads\\\/2022\\\/07\\\/0000099764.jpg\",\"width\":1280,\"height\":720},{\"@type\":\"BreadcrumbList\",\"@id\":\"https:\\\/\\\/cvinoticias.com\\\/v3\\\/viruela-del-mono-la-oms-advirtio-que-la-vacuna-no-alcanza-para-detener-la-epidemia\\\/#breadcrumb\",\"itemListElement\":[{\"@type\":\"ListItem\",\"position\":1,\"name\":\"Portada\",\"item\":\"https:\\\/\\\/cvinoticias.com\\\/v3\\\/\"},{\"@type\":\"ListItem\",\"position\":2,\"name\":\"Viruela del mono: la OMS advirti\u00f3 que la vacuna no alcanza para detener la epidemia\"}]},{\"@type\":\"WebSite\",\"@id\":\"https:\\\/\\\/cvinoticias.com\\\/v3\\\/#website\",\"url\":\"https:\\\/\\\/cvinoticias.com\\\/v3\\\/\",\"name\":\"CVI NOTICIAS\",\"description\":\"\",\"publisher\":{\"@id\":\"https:\\\/\\\/cvinoticias.com\\\/v3\\\/#organization\"},\"alternateName\":\"CVI\",\"potentialAction\":[{\"@type\":\"SearchAction\",\"target\":{\"@type\":\"EntryPoint\",\"urlTemplate\":\"https:\\\/\\\/cvinoticias.com\\\/v3\\\/?s={search_term_string}\"},\"query-input\":{\"@type\":\"PropertyValueSpecification\",\"valueRequired\":true,\"valueName\":\"search_term_string\"}}],\"inLanguage\":\"es\"},{\"@type\":\"Organization\",\"@id\":\"https:\\\/\\\/cvinoticias.com\\\/v3\\\/#organization\",\"name\":\"CVI NOTICIAS\",\"url\":\"https:\\\/\\\/cvinoticias.com\\\/v3\\\/\",\"logo\":{\"@type\":\"ImageObject\",\"inLanguage\":\"es\",\"@id\":\"https:\\\/\\\/cvinoticias.com\\\/v3\\\/#\\\/schema\\\/logo\\\/image\\\/\",\"url\":\"https:\\\/\\\/cvinoticias.com\\\/wp-content\\\/uploads\\\/2023\\\/04\\\/cropped-cropped-cropped-cropped-cropped-3-1.png\",\"contentUrl\":\"https:\\\/\\\/cvinoticias.com\\\/wp-content\\\/uploads\\\/2023\\\/04\\\/cropped-cropped-cropped-cropped-cropped-3-1.png\",\"width\":95,\"height\":122,\"caption\":\"CVI NOTICIAS\"},\"image\":{\"@id\":\"https:\\\/\\\/cvinoticias.com\\\/v3\\\/#\\\/schema\\\/logo\\\/image\\\/\"},\"sameAs\":[\"https:\\\/\\\/www.facebook.com\\\/cvinoticias\",\"https:\\\/\\\/www.instagram.com\\\/cvinoticias\\\/\",\"https:\\\/\\\/www.youtube.com\\\/@CVINOTICIAS\"]},{\"@type\":\"Person\",\"@id\":\"https:\\\/\\\/cvinoticias.com\\\/v3\\\/#\\\/schema\\\/person\\\/2db77e3c6bc03c538495d7b2b8be9b66\",\"name\":\"f1000024\",\"image\":{\"@type\":\"ImageObject\",\"inLanguage\":\"es\",\"@id\":\"https:\\\/\\\/secure.gravatar.com\\\/avatar\\\/d4fe7459cfc51ff5129ce1a732bbef5928568b8092d412ef95611616376bbeed?s=96&d=mm&r=g\",\"url\":\"https:\\\/\\\/secure.gravatar.com\\\/avatar\\\/d4fe7459cfc51ff5129ce1a732bbef5928568b8092d412ef95611616376bbeed?s=96&d=mm&r=g\",\"contentUrl\":\"https:\\\/\\\/secure.gravatar.com\\\/avatar\\\/d4fe7459cfc51ff5129ce1a732bbef5928568b8092d412ef95611616376bbeed?s=96&d=mm&r=g\",\"caption\":\"f1000024\"},\"url\":\"https:\\\/\\\/cvinoticias.com\\\/v3\\\/author\\\/f1000024\\\/\"}]}<\/script>\n<!-- \/ Yoast SEO plugin. -->","yoast_head_json":{"title":"Viruela del mono: la OMS advirti\u00f3 que la vacuna no alcanza para detener la epidemia | CVI NOTICIAS","robots":{"index":"index","follow":"follow","max-snippet":"max-snippet:-1","max-image-preview":"max-image-preview:large","max-video-preview":"max-video-preview:-1"},"canonical":"https:\/\/cvinoticias.com\/v3\/viruela-del-mono-la-oms-advirtio-que-la-vacuna-no-alcanza-para-detener-la-epidemia\/","og_locale":"es_ES","og_type":"article","og_title":"Viruela del mono: la OMS advirti\u00f3 que la vacuna no alcanza para detener la epidemia | CVI NOTICIAS","og_description":"La Organizaci\u00f3n Mundial de la Salud (OMS) advirti\u00f3 este martes que la vacuna por si sola no pude detener la epidemia de viruela del mono y pidi\u00f3 que se adopten medidas para reducir el riesgo, \u00abcomo limitar las parejas sexuales\u00bb. \u00abPedimos, por el momento, adoptar medidas para reducir este riesgo, como limitar las parejas sexuales [&hellip;]","og_url":"https:\/\/cvinoticias.com\/v3\/viruela-del-mono-la-oms-advirtio-que-la-vacuna-no-alcanza-para-detener-la-epidemia\/","og_site_name":"CVI NOTICIAS","article_publisher":"https:\/\/www.facebook.com\/cvinoticias","article_published_time":"2022-07-26T20:33:03+00:00","og_image":[{"width":1280,"height":720,"url":"https:\/\/cvinoticias.com\/wp-content\/uploads\/2022\/07\/0000099764.jpg","type":"image\/jpeg"}],"author":"f1000024","twitter_card":"summary_large_image","twitter_misc":{"Escrito por":"f1000024","Tiempo de lectura":"3 minutos"},"schema":{"@context":"https:\/\/schema.org","@graph":[{"@type":"Article","@id":"https:\/\/cvinoticias.com\/v3\/viruela-del-mono-la-oms-advirtio-que-la-vacuna-no-alcanza-para-detener-la-epidemia\/#article","isPartOf":{"@id":"https:\/\/cvinoticias.com\/v3\/viruela-del-mono-la-oms-advirtio-que-la-vacuna-no-alcanza-para-detener-la-epidemia\/"},"author":{"name":"f1000024","@id":"https:\/\/cvinoticias.com\/v3\/#\/schema\/person\/2db77e3c6bc03c538495d7b2b8be9b66"},"headline":"Viruela del mono: la OMS advirti\u00f3 que la vacuna no alcanza para detener la epidemia","datePublished":"2022-07-26T20:33:03+00:00","mainEntityOfPage":{"@id":"https:\/\/cvinoticias.com\/v3\/viruela-del-mono-la-oms-advirtio-que-la-vacuna-no-alcanza-para-detener-la-epidemia\/"},"wordCount":611,"commentCount":0,"publisher":{"@id":"https:\/\/cvinoticias.com\/v3\/#organization"},"image":{"@id":"https:\/\/cvinoticias.com\/v3\/viruela-del-mono-la-oms-advirtio-que-la-vacuna-no-alcanza-para-detener-la-epidemia\/#primaryimage"},"thumbnailUrl":"https:\/\/cvinoticias.com\/wp-content\/uploads\/2022\/07\/0000099764.jpg","articleSection":["Salud"],"inLanguage":"es","potentialAction":[{"@type":"CommentAction","name":"Comment","target":["https:\/\/cvinoticias.com\/v3\/viruela-del-mono-la-oms-advirtio-que-la-vacuna-no-alcanza-para-detener-la-epidemia\/#respond"]}]},{"@type":"WebPage","@id":"https:\/\/cvinoticias.com\/v3\/viruela-del-mono-la-oms-advirtio-que-la-vacuna-no-alcanza-para-detener-la-epidemia\/","url":"https:\/\/cvinoticias.com\/v3\/viruela-del-mono-la-oms-advirtio-que-la-vacuna-no-alcanza-para-detener-la-epidemia\/","name":"Viruela del mono: la OMS advirti\u00f3 que la vacuna no alcanza para detener la epidemia | CVI NOTICIAS","isPartOf":{"@id":"https:\/\/cvinoticias.com\/v3\/#website"},"primaryImageOfPage":{"@id":"https:\/\/cvinoticias.com\/v3\/viruela-del-mono-la-oms-advirtio-que-la-vacuna-no-alcanza-para-detener-la-epidemia\/#primaryimage"},"image":{"@id":"https:\/\/cvinoticias.com\/v3\/viruela-del-mono-la-oms-advirtio-que-la-vacuna-no-alcanza-para-detener-la-epidemia\/#primaryimage"},"thumbnailUrl":"https:\/\/cvinoticias.com\/wp-content\/uploads\/2022\/07\/0000099764.jpg","datePublished":"2022-07-26T20:33:03+00:00","breadcrumb":{"@id":"https:\/\/cvinoticias.com\/v3\/viruela-del-mono-la-oms-advirtio-que-la-vacuna-no-alcanza-para-detener-la-epidemia\/#breadcrumb"},"inLanguage":"es","potentialAction":[{"@type":"ReadAction","target":["https:\/\/cvinoticias.com\/v3\/viruela-del-mono-la-oms-advirtio-que-la-vacuna-no-alcanza-para-detener-la-epidemia\/"]}]},{"@type":"ImageObject","inLanguage":"es","@id":"https:\/\/cvinoticias.com\/v3\/viruela-del-mono-la-oms-advirtio-que-la-vacuna-no-alcanza-para-detener-la-epidemia\/#primaryimage","url":"https:\/\/cvinoticias.com\/wp-content\/uploads\/2022\/07\/0000099764.jpg","contentUrl":"https:\/\/cvinoticias.com\/wp-content\/uploads\/2022\/07\/0000099764.jpg","width":1280,"height":720},{"@type":"BreadcrumbList","@id":"https:\/\/cvinoticias.com\/v3\/viruela-del-mono-la-oms-advirtio-que-la-vacuna-no-alcanza-para-detener-la-epidemia\/#breadcrumb","itemListElement":[{"@type":"ListItem","position":1,"name":"Portada","item":"https:\/\/cvinoticias.com\/v3\/"},{"@type":"ListItem","position":2,"name":"Viruela del mono: la OMS advirti\u00f3 que la vacuna no alcanza para detener la epidemia"}]},{"@type":"WebSite","@id":"https:\/\/cvinoticias.com\/v3\/#website","url":"https:\/\/cvinoticias.com\/v3\/","name":"CVI NOTICIAS","description":"","publisher":{"@id":"https:\/\/cvinoticias.com\/v3\/#organization"},"alternateName":"CVI","potentialAction":[{"@type":"SearchAction","target":{"@type":"EntryPoint","urlTemplate":"https:\/\/cvinoticias.com\/v3\/?s={search_term_string}"},"query-input":{"@type":"PropertyValueSpecification","valueRequired":true,"valueName":"search_term_string"}}],"inLanguage":"es"},{"@type":"Organization","@id":"https:\/\/cvinoticias.com\/v3\/#organization","name":"CVI NOTICIAS","url":"https:\/\/cvinoticias.com\/v3\/","logo":{"@type":"ImageObject","inLanguage":"es","@id":"https:\/\/cvinoticias.com\/v3\/#\/schema\/logo\/image\/","url":"https:\/\/cvinoticias.com\/wp-content\/uploads\/2023\/04\/cropped-cropped-cropped-cropped-cropped-3-1.png","contentUrl":"https:\/\/cvinoticias.com\/wp-content\/uploads\/2023\/04\/cropped-cropped-cropped-cropped-cropped-3-1.png","width":95,"height":122,"caption":"CVI NOTICIAS"},"image":{"@id":"https:\/\/cvinoticias.com\/v3\/#\/schema\/logo\/image\/"},"sameAs":["https:\/\/www.facebook.com\/cvinoticias","https:\/\/www.instagram.com\/cvinoticias\/","https:\/\/www.youtube.com\/@CVINOTICIAS"]},{"@type":"Person","@id":"https:\/\/cvinoticias.com\/v3\/#\/schema\/person\/2db77e3c6bc03c538495d7b2b8be9b66","name":"f1000024","image":{"@type":"ImageObject","inLanguage":"es","@id":"https:\/\/secure.gravatar.com\/avatar\/d4fe7459cfc51ff5129ce1a732bbef5928568b8092d412ef95611616376bbeed?s=96&d=mm&r=g","url":"https:\/\/secure.gravatar.com\/avatar\/d4fe7459cfc51ff5129ce1a732bbef5928568b8092d412ef95611616376bbeed?s=96&d=mm&r=g","contentUrl":"https:\/\/secure.gravatar.com\/avatar\/d4fe7459cfc51ff5129ce1a732bbef5928568b8092d412ef95611616376bbeed?s=96&d=mm&r=g","caption":"f1000024"},"url":"https:\/\/cvinoticias.com\/v3\/author\/f1000024\/"}]}},"_links":{"self":[{"href":"https:\/\/cvinoticias.com\/v3\/wp-json\/wp\/v2\/posts\/17908","targetHints":{"allow":["GET"]}}],"collection":[{"href":"https:\/\/cvinoticias.com\/v3\/wp-json\/wp\/v2\/posts"}],"about":[{"href":"https:\/\/cvinoticias.com\/v3\/wp-json\/wp\/v2\/types\/post"}],"author":[{"embeddable":true,"href":"https:\/\/cvinoticias.com\/v3\/wp-json\/wp\/v2\/users\/2"}],"replies":[{"embeddable":true,"href":"https:\/\/cvinoticias.com\/v3\/wp-json\/wp\/v2\/comments?post=17908"}],"version-history":[{"count":1,"href":"https:\/\/cvinoticias.com\/v3\/wp-json\/wp\/v2\/posts\/17908\/revisions"}],"predecessor-version":[{"id":17910,"href":"https:\/\/cvinoticias.com\/v3\/wp-json\/wp\/v2\/posts\/17908\/revisions\/17910"}],"wp:featuredmedia":[{"embeddable":true,"href":"https:\/\/cvinoticias.com\/v3\/wp-json\/wp\/v2\/media\/17909"}],"wp:attachment":[{"href":"https:\/\/cvinoticias.com\/v3\/wp-json\/wp\/v2\/media?parent=17908"}],"wp:term":[{"taxonomy":"category","embeddable":true,"href":"https:\/\/cvinoticias.com\/v3\/wp-json\/wp\/v2\/categories?post=17908"},{"taxonomy":"post_tag","embeddable":true,"href":"https:\/\/cvinoticias.com\/v3\/wp-json\/wp\/v2\/tags?post=17908"}],"curies":[{"name":"wp","href":"https:\/\/api.w.org\/{rel}","templated":true}]}}