{"id":17886,"date":"2022-07-25T21:59:06","date_gmt":"2022-07-25T21:59:06","guid":{"rendered":"https:\/\/cvinoticias.com\/v3\/?p=17886"},"modified":"2022-07-25T21:59:06","modified_gmt":"2022-07-25T21:59:06","slug":"posadas-iguazu-y-el-soberbio-los-mas-elegidos-de-las-vacaciones-de-invierno","status":"publish","type":"post","link":"https:\/\/cvinoticias.com\/v3\/posadas-iguazu-y-el-soberbio-los-mas-elegidos-de-las-vacaciones-de-invierno\/","title":{"rendered":"Posadas, Iguaz\u00fa y El Soberbio, los m\u00e1s elegidos de las vacaciones de invierno"},"content":{"rendered":"\n<p><strong><em>El impacto econ\u00f3mico de la segunda semana de receso invernal super\u00f3 los $770 millones de pesos, seg\u00fan datos de turismo la ocupaci\u00f3n hotelera en toda la provincia fue de casi el 100%.<\/em><\/strong><\/p>\n\n\n\n<p>Con la llegada de turistas de todo el pa\u00eds y de los vecinos Brasil y Paraguay, la econom\u00eda provincial intensifica su actividad de la mano de un fuerte circulante de dinero, turismo e inversiones. Al movimiento tradicional de la econom\u00eda provincial, que mantiene altos niveles, se agreg\u00f3 30% m\u00e1s por este flujo de visitantes que deja ganancias en gastronom\u00eda, hoteler\u00eda, bares, restaurantes, clubes y eventos.<\/p>\n\n\n\n<p>Los datos del Ministerio de Turismo de la Provincia, indican que la segunda semana de vacaciones de invierno en Misiones cerr\u00f3 con m\u00e1s del 92% de ocupaci\u00f3n hotelera y se gener\u00f3 un movimiento econ\u00f3mico superior a los 771 millones de pesos.<\/p>\n\n\n\n<p>En detalle, los arribos a la provincia superaron los 51.000 y los pernoctes fueron de m\u00e1s de 164.000 durante el per\u00edodo comprendido entre el 18 y 24 de este mes. La estad\u00eda promedio de los visitantes en los principales destinos tur\u00edsticos fue de 5,2 noches y el gasto por persona fue de 4.701 pesos, precisaron.<\/p>\n\n\n\n<p>Puerto Iguaz\u00fa lider\u00f3 la preferencia, con el 95% de ocupaci\u00f3n hotelera. Posadas se ubic\u00f3 en el segundo lugar de ocupaci\u00f3n al registrar un 91% en los hoteles. El Soberbio, en tanto, logr\u00f3 el 90%. Eldorado y Ober\u00e1 obtuvieron un 82% y 81% respectivamente. San Ignacio fue otro de los destinos m\u00e1s concurridos con un 72%, mientras que Arist\u00f3bulo del Valle tuvo un 62% de demanda hotelera.<\/p>\n\n\n\n<p>Los visitantes mayormente de origen nacional, llegaron desde Buenos Aires, Chaco, C\u00f3rdoba, Entre R\u00edos y Tucum\u00e1n. Se destac\u00f3 la gran afluencia del mercado regional, con arribos desde Brasil, Paraguay, Uruguay y Chile. Si bien es menor, tambi\u00e9n llegaron extranjeros de otras partes del mundo.<\/p>\n","protected":false},"excerpt":{"rendered":"<p>El impacto econ\u00f3mico de la segunda semana de receso invernal super\u00f3 los $770 millones de pesos, seg\u00fan datos de turismo la ocupaci\u00f3n hotelera en toda la provincia fue de casi el 100%. Con la llegada de turistas de todo el pa\u00eds y de los vecinos Brasil y Paraguay, la econom\u00eda provincial intensifica su actividad de [&hellip;]<\/p>\n","protected":false},"author":2,"featured_media":17887,"comment_status":"open","ping_status":"open","sticky":false,"template":"","format":"standard","meta":{"footnotes":""},"categories":[50],"tags":[],"class_list":["post-17886","post","type-post","status-publish","format-standard","has-post-thumbnail","hentry","category-turismo"],"yoast_head":"<!-- This site is optimized with the Yoast SEO plugin v27.4 - https:\/\/yoast.com\/product\/yoast-seo-wordpress\/ -->\n<title>Posadas, Iguaz\u00fa y El Soberbio, los m\u00e1s elegidos de las vacaciones de invierno | CVI NOTICIAS<\/title>\n<meta name=\"robots\" content=\"index, follow, max-snippet:-1, max-image-preview:large, max-video-preview:-1\" \/>\n<link rel=\"canonical\" href=\"https:\/\/cvinoticias.com\/v3\/posadas-iguazu-y-el-soberbio-los-mas-elegidos-de-las-vacaciones-de-invierno\/\" \/>\n<meta property=\"og:locale\" content=\"es_ES\" \/>\n<meta property=\"og:type\" content=\"article\" \/>\n<meta property=\"og:title\" content=\"Posadas, Iguaz\u00fa y El Soberbio, los m\u00e1s elegidos de las vacaciones de invierno | CVI NOTICIAS\" \/>\n<meta property=\"og:description\" content=\"El impacto econ\u00f3mico de la segunda semana de receso invernal super\u00f3 los $770 millones de pesos, seg\u00fan datos de turismo la ocupaci\u00f3n hotelera en toda la provincia fue de casi el 100%. Con la llegada de turistas de todo el pa\u00eds y de los vecinos Brasil y Paraguay, la econom\u00eda provincial intensifica su actividad de [&hellip;]\" \/>\n<meta property=\"og:url\" content=\"https:\/\/cvinoticias.com\/v3\/posadas-iguazu-y-el-soberbio-los-mas-elegidos-de-las-vacaciones-de-invierno\/\" \/>\n<meta property=\"og:site_name\" content=\"CVI NOTICIAS\" \/>\n<meta property=\"article:publisher\" content=\"https:\/\/www.facebook.com\/cvinoticias\" \/>\n<meta property=\"article:published_time\" content=\"2022-07-25T21:59:06+00:00\" \/>\n<meta property=\"og:image\" content=\"https:\/\/cvinoticias.com\/wp-content\/uploads\/2022\/07\/IMG-20220725-WA0100.jpg\" \/>\n\t<meta property=\"og:image:width\" content=\"1024\" \/>\n\t<meta property=\"og:image:height\" content=\"682\" \/>\n\t<meta property=\"og:image:type\" content=\"image\/jpeg\" \/>\n<meta name=\"author\" content=\"f1000024\" \/>\n<meta name=\"twitter:card\" content=\"summary_large_image\" \/>\n<meta name=\"twitter:label1\" content=\"Escrito por\" \/>\n\t<meta name=\"twitter:data1\" content=\"f1000024\" \/>\n\t<meta name=\"twitter:label2\" content=\"Tiempo de lectura\" \/>\n\t<meta name=\"twitter:data2\" content=\"2 minutos\" \/>\n<script type=\"application\/ld+json\" class=\"yoast-schema-graph\">{\"@context\":\"https:\\\/\\\/schema.org\",\"@graph\":[{\"@type\":\"Article\",\"@id\":\"https:\\\/\\\/cvinoticias.com\\\/v3\\\/posadas-iguazu-y-el-soberbio-los-mas-elegidos-de-las-vacaciones-de-invierno\\\/#article\",\"isPartOf\":{\"@id\":\"https:\\\/\\\/cvinoticias.com\\\/v3\\\/posadas-iguazu-y-el-soberbio-los-mas-elegidos-de-las-vacaciones-de-invierno\\\/\"},\"author\":{\"name\":\"f1000024\",\"@id\":\"https:\\\/\\\/cvinoticias.com\\\/v3\\\/#\\\/schema\\\/person\\\/2db77e3c6bc03c538495d7b2b8be9b66\"},\"headline\":\"Posadas, Iguaz\u00fa y El Soberbio, los m\u00e1s elegidos de las vacaciones de invierno\",\"datePublished\":\"2022-07-25T21:59:06+00:00\",\"mainEntityOfPage\":{\"@id\":\"https:\\\/\\\/cvinoticias.com\\\/v3\\\/posadas-iguazu-y-el-soberbio-los-mas-elegidos-de-las-vacaciones-de-invierno\\\/\"},\"wordCount\":323,\"commentCount\":0,\"publisher\":{\"@id\":\"https:\\\/\\\/cvinoticias.com\\\/v3\\\/#organization\"},\"image\":{\"@id\":\"https:\\\/\\\/cvinoticias.com\\\/v3\\\/posadas-iguazu-y-el-soberbio-los-mas-elegidos-de-las-vacaciones-de-invierno\\\/#primaryimage\"},\"thumbnailUrl\":\"https:\\\/\\\/cvinoticias.com\\\/wp-content\\\/uploads\\\/2022\\\/07\\\/IMG-20220725-WA0100.jpg\",\"articleSection\":[\"Turismo\"],\"inLanguage\":\"es\",\"potentialAction\":[{\"@type\":\"CommentAction\",\"name\":\"Comment\",\"target\":[\"https:\\\/\\\/cvinoticias.com\\\/v3\\\/posadas-iguazu-y-el-soberbio-los-mas-elegidos-de-las-vacaciones-de-invierno\\\/#respond\"]}]},{\"@type\":\"WebPage\",\"@id\":\"https:\\\/\\\/cvinoticias.com\\\/v3\\\/posadas-iguazu-y-el-soberbio-los-mas-elegidos-de-las-vacaciones-de-invierno\\\/\",\"url\":\"https:\\\/\\\/cvinoticias.com\\\/v3\\\/posadas-iguazu-y-el-soberbio-los-mas-elegidos-de-las-vacaciones-de-invierno\\\/\",\"name\":\"Posadas, Iguaz\u00fa y El Soberbio, los m\u00e1s elegidos de las vacaciones de invierno | CVI NOTICIAS\",\"isPartOf\":{\"@id\":\"https:\\\/\\\/cvinoticias.com\\\/v3\\\/#website\"},\"primaryImageOfPage\":{\"@id\":\"https:\\\/\\\/cvinoticias.com\\\/v3\\\/posadas-iguazu-y-el-soberbio-los-mas-elegidos-de-las-vacaciones-de-invierno\\\/#primaryimage\"},\"image\":{\"@id\":\"https:\\\/\\\/cvinoticias.com\\\/v3\\\/posadas-iguazu-y-el-soberbio-los-mas-elegidos-de-las-vacaciones-de-invierno\\\/#primaryimage\"},\"thumbnailUrl\":\"https:\\\/\\\/cvinoticias.com\\\/wp-content\\\/uploads\\\/2022\\\/07\\\/IMG-20220725-WA0100.jpg\",\"datePublished\":\"2022-07-25T21:59:06+00:00\",\"breadcrumb\":{\"@id\":\"https:\\\/\\\/cvinoticias.com\\\/v3\\\/posadas-iguazu-y-el-soberbio-los-mas-elegidos-de-las-vacaciones-de-invierno\\\/#breadcrumb\"},\"inLanguage\":\"es\",\"potentialAction\":[{\"@type\":\"ReadAction\",\"target\":[\"https:\\\/\\\/cvinoticias.com\\\/v3\\\/posadas-iguazu-y-el-soberbio-los-mas-elegidos-de-las-vacaciones-de-invierno\\\/\"]}]},{\"@type\":\"ImageObject\",\"inLanguage\":\"es\",\"@id\":\"https:\\\/\\\/cvinoticias.com\\\/v3\\\/posadas-iguazu-y-el-soberbio-los-mas-elegidos-de-las-vacaciones-de-invierno\\\/#primaryimage\",\"url\":\"https:\\\/\\\/cvinoticias.com\\\/wp-content\\\/uploads\\\/2022\\\/07\\\/IMG-20220725-WA0100.jpg\",\"contentUrl\":\"https:\\\/\\\/cvinoticias.com\\\/wp-content\\\/uploads\\\/2022\\\/07\\\/IMG-20220725-WA0100.jpg\",\"width\":1024,\"height\":682},{\"@type\":\"BreadcrumbList\",\"@id\":\"https:\\\/\\\/cvinoticias.com\\\/v3\\\/posadas-iguazu-y-el-soberbio-los-mas-elegidos-de-las-vacaciones-de-invierno\\\/#breadcrumb\",\"itemListElement\":[{\"@type\":\"ListItem\",\"position\":1,\"name\":\"Portada\",\"item\":\"https:\\\/\\\/cvinoticias.com\\\/v3\\\/\"},{\"@type\":\"ListItem\",\"position\":2,\"name\":\"Posadas, Iguaz\u00fa y El Soberbio, los m\u00e1s elegidos de las vacaciones de invierno\"}]},{\"@type\":\"WebSite\",\"@id\":\"https:\\\/\\\/cvinoticias.com\\\/v3\\\/#website\",\"url\":\"https:\\\/\\\/cvinoticias.com\\\/v3\\\/\",\"name\":\"CVI NOTICIAS\",\"description\":\"\",\"publisher\":{\"@id\":\"https:\\\/\\\/cvinoticias.com\\\/v3\\\/#organization\"},\"alternateName\":\"CVI\",\"potentialAction\":[{\"@type\":\"SearchAction\",\"target\":{\"@type\":\"EntryPoint\",\"urlTemplate\":\"https:\\\/\\\/cvinoticias.com\\\/v3\\\/?s={search_term_string}\"},\"query-input\":{\"@type\":\"PropertyValueSpecification\",\"valueRequired\":true,\"valueName\":\"search_term_string\"}}],\"inLanguage\":\"es\"},{\"@type\":\"Organization\",\"@id\":\"https:\\\/\\\/cvinoticias.com\\\/v3\\\/#organization\",\"name\":\"CVI NOTICIAS\",\"url\":\"https:\\\/\\\/cvinoticias.com\\\/v3\\\/\",\"logo\":{\"@type\":\"ImageObject\",\"inLanguage\":\"es\",\"@id\":\"https:\\\/\\\/cvinoticias.com\\\/v3\\\/#\\\/schema\\\/logo\\\/image\\\/\",\"url\":\"https:\\\/\\\/cvinoticias.com\\\/wp-content\\\/uploads\\\/2023\\\/04\\\/cropped-cropped-cropped-cropped-cropped-3-1.png\",\"contentUrl\":\"https:\\\/\\\/cvinoticias.com\\\/wp-content\\\/uploads\\\/2023\\\/04\\\/cropped-cropped-cropped-cropped-cropped-3-1.png\",\"width\":95,\"height\":122,\"caption\":\"CVI NOTICIAS\"},\"image\":{\"@id\":\"https:\\\/\\\/cvinoticias.com\\\/v3\\\/#\\\/schema\\\/logo\\\/image\\\/\"},\"sameAs\":[\"https:\\\/\\\/www.facebook.com\\\/cvinoticias\",\"https:\\\/\\\/www.instagram.com\\\/cvinoticias\\\/\",\"https:\\\/\\\/www.youtube.com\\\/@CVINOTICIAS\"]},{\"@type\":\"Person\",\"@id\":\"https:\\\/\\\/cvinoticias.com\\\/v3\\\/#\\\/schema\\\/person\\\/2db77e3c6bc03c538495d7b2b8be9b66\",\"name\":\"f1000024\",\"image\":{\"@type\":\"ImageObject\",\"inLanguage\":\"es\",\"@id\":\"https:\\\/\\\/secure.gravatar.com\\\/avatar\\\/d4fe7459cfc51ff5129ce1a732bbef5928568b8092d412ef95611616376bbeed?s=96&d=mm&r=g\",\"url\":\"https:\\\/\\\/secure.gravatar.com\\\/avatar\\\/d4fe7459cfc51ff5129ce1a732bbef5928568b8092d412ef95611616376bbeed?s=96&d=mm&r=g\",\"contentUrl\":\"https:\\\/\\\/secure.gravatar.com\\\/avatar\\\/d4fe7459cfc51ff5129ce1a732bbef5928568b8092d412ef95611616376bbeed?s=96&d=mm&r=g\",\"caption\":\"f1000024\"},\"url\":\"https:\\\/\\\/cvinoticias.com\\\/v3\\\/author\\\/f1000024\\\/\"}]}<\/script>\n<!-- \/ Yoast SEO plugin. -->","yoast_head_json":{"title":"Posadas, Iguaz\u00fa y El Soberbio, los m\u00e1s elegidos de las vacaciones de invierno | CVI NOTICIAS","robots":{"index":"index","follow":"follow","max-snippet":"max-snippet:-1","max-image-preview":"max-image-preview:large","max-video-preview":"max-video-preview:-1"},"canonical":"https:\/\/cvinoticias.com\/v3\/posadas-iguazu-y-el-soberbio-los-mas-elegidos-de-las-vacaciones-de-invierno\/","og_locale":"es_ES","og_type":"article","og_title":"Posadas, Iguaz\u00fa y El Soberbio, los m\u00e1s elegidos de las vacaciones de invierno | CVI NOTICIAS","og_description":"El impacto econ\u00f3mico de la segunda semana de receso invernal super\u00f3 los $770 millones de pesos, seg\u00fan datos de turismo la ocupaci\u00f3n hotelera en toda la provincia fue de casi el 100%. Con la llegada de turistas de todo el pa\u00eds y de los vecinos Brasil y Paraguay, la econom\u00eda provincial intensifica su actividad de [&hellip;]","og_url":"https:\/\/cvinoticias.com\/v3\/posadas-iguazu-y-el-soberbio-los-mas-elegidos-de-las-vacaciones-de-invierno\/","og_site_name":"CVI NOTICIAS","article_publisher":"https:\/\/www.facebook.com\/cvinoticias","article_published_time":"2022-07-25T21:59:06+00:00","og_image":[{"width":1024,"height":682,"url":"https:\/\/cvinoticias.com\/wp-content\/uploads\/2022\/07\/IMG-20220725-WA0100.jpg","type":"image\/jpeg"}],"author":"f1000024","twitter_card":"summary_large_image","twitter_misc":{"Escrito por":"f1000024","Tiempo de lectura":"2 minutos"},"schema":{"@context":"https:\/\/schema.org","@graph":[{"@type":"Article","@id":"https:\/\/cvinoticias.com\/v3\/posadas-iguazu-y-el-soberbio-los-mas-elegidos-de-las-vacaciones-de-invierno\/#article","isPartOf":{"@id":"https:\/\/cvinoticias.com\/v3\/posadas-iguazu-y-el-soberbio-los-mas-elegidos-de-las-vacaciones-de-invierno\/"},"author":{"name":"f1000024","@id":"https:\/\/cvinoticias.com\/v3\/#\/schema\/person\/2db77e3c6bc03c538495d7b2b8be9b66"},"headline":"Posadas, Iguaz\u00fa y El Soberbio, los m\u00e1s elegidos de las vacaciones de invierno","datePublished":"2022-07-25T21:59:06+00:00","mainEntityOfPage":{"@id":"https:\/\/cvinoticias.com\/v3\/posadas-iguazu-y-el-soberbio-los-mas-elegidos-de-las-vacaciones-de-invierno\/"},"wordCount":323,"commentCount":0,"publisher":{"@id":"https:\/\/cvinoticias.com\/v3\/#organization"},"image":{"@id":"https:\/\/cvinoticias.com\/v3\/posadas-iguazu-y-el-soberbio-los-mas-elegidos-de-las-vacaciones-de-invierno\/#primaryimage"},"thumbnailUrl":"https:\/\/cvinoticias.com\/wp-content\/uploads\/2022\/07\/IMG-20220725-WA0100.jpg","articleSection":["Turismo"],"inLanguage":"es","potentialAction":[{"@type":"CommentAction","name":"Comment","target":["https:\/\/cvinoticias.com\/v3\/posadas-iguazu-y-el-soberbio-los-mas-elegidos-de-las-vacaciones-de-invierno\/#respond"]}]},{"@type":"WebPage","@id":"https:\/\/cvinoticias.com\/v3\/posadas-iguazu-y-el-soberbio-los-mas-elegidos-de-las-vacaciones-de-invierno\/","url":"https:\/\/cvinoticias.com\/v3\/posadas-iguazu-y-el-soberbio-los-mas-elegidos-de-las-vacaciones-de-invierno\/","name":"Posadas, Iguaz\u00fa y El Soberbio, los m\u00e1s elegidos de las vacaciones de invierno | CVI NOTICIAS","isPartOf":{"@id":"https:\/\/cvinoticias.com\/v3\/#website"},"primaryImageOfPage":{"@id":"https:\/\/cvinoticias.com\/v3\/posadas-iguazu-y-el-soberbio-los-mas-elegidos-de-las-vacaciones-de-invierno\/#primaryimage"},"image":{"@id":"https:\/\/cvinoticias.com\/v3\/posadas-iguazu-y-el-soberbio-los-mas-elegidos-de-las-vacaciones-de-invierno\/#primaryimage"},"thumbnailUrl":"https:\/\/cvinoticias.com\/wp-content\/uploads\/2022\/07\/IMG-20220725-WA0100.jpg","datePublished":"2022-07-25T21:59:06+00:00","breadcrumb":{"@id":"https:\/\/cvinoticias.com\/v3\/posadas-iguazu-y-el-soberbio-los-mas-elegidos-de-las-vacaciones-de-invierno\/#breadcrumb"},"inLanguage":"es","potentialAction":[{"@type":"ReadAction","target":["https:\/\/cvinoticias.com\/v3\/posadas-iguazu-y-el-soberbio-los-mas-elegidos-de-las-vacaciones-de-invierno\/"]}]},{"@type":"ImageObject","inLanguage":"es","@id":"https:\/\/cvinoticias.com\/v3\/posadas-iguazu-y-el-soberbio-los-mas-elegidos-de-las-vacaciones-de-invierno\/#primaryimage","url":"https:\/\/cvinoticias.com\/wp-content\/uploads\/2022\/07\/IMG-20220725-WA0100.jpg","contentUrl":"https:\/\/cvinoticias.com\/wp-content\/uploads\/2022\/07\/IMG-20220725-WA0100.jpg","width":1024,"height":682},{"@type":"BreadcrumbList","@id":"https:\/\/cvinoticias.com\/v3\/posadas-iguazu-y-el-soberbio-los-mas-elegidos-de-las-vacaciones-de-invierno\/#breadcrumb","itemListElement":[{"@type":"ListItem","position":1,"name":"Portada","item":"https:\/\/cvinoticias.com\/v3\/"},{"@type":"ListItem","position":2,"name":"Posadas, Iguaz\u00fa y El Soberbio, los m\u00e1s elegidos de las vacaciones de invierno"}]},{"@type":"WebSite","@id":"https:\/\/cvinoticias.com\/v3\/#website","url":"https:\/\/cvinoticias.com\/v3\/","name":"CVI NOTICIAS","description":"","publisher":{"@id":"https:\/\/cvinoticias.com\/v3\/#organization"},"alternateName":"CVI","potentialAction":[{"@type":"SearchAction","target":{"@type":"EntryPoint","urlTemplate":"https:\/\/cvinoticias.com\/v3\/?s={search_term_string}"},"query-input":{"@type":"PropertyValueSpecification","valueRequired":true,"valueName":"search_term_string"}}],"inLanguage":"es"},{"@type":"Organization","@id":"https:\/\/cvinoticias.com\/v3\/#organization","name":"CVI NOTICIAS","url":"https:\/\/cvinoticias.com\/v3\/","logo":{"@type":"ImageObject","inLanguage":"es","@id":"https:\/\/cvinoticias.com\/v3\/#\/schema\/logo\/image\/","url":"https:\/\/cvinoticias.com\/wp-content\/uploads\/2023\/04\/cropped-cropped-cropped-cropped-cropped-3-1.png","contentUrl":"https:\/\/cvinoticias.com\/wp-content\/uploads\/2023\/04\/cropped-cropped-cropped-cropped-cropped-3-1.png","width":95,"height":122,"caption":"CVI NOTICIAS"},"image":{"@id":"https:\/\/cvinoticias.com\/v3\/#\/schema\/logo\/image\/"},"sameAs":["https:\/\/www.facebook.com\/cvinoticias","https:\/\/www.instagram.com\/cvinoticias\/","https:\/\/www.youtube.com\/@CVINOTICIAS"]},{"@type":"Person","@id":"https:\/\/cvinoticias.com\/v3\/#\/schema\/person\/2db77e3c6bc03c538495d7b2b8be9b66","name":"f1000024","image":{"@type":"ImageObject","inLanguage":"es","@id":"https:\/\/secure.gravatar.com\/avatar\/d4fe7459cfc51ff5129ce1a732bbef5928568b8092d412ef95611616376bbeed?s=96&d=mm&r=g","url":"https:\/\/secure.gravatar.com\/avatar\/d4fe7459cfc51ff5129ce1a732bbef5928568b8092d412ef95611616376bbeed?s=96&d=mm&r=g","contentUrl":"https:\/\/secure.gravatar.com\/avatar\/d4fe7459cfc51ff5129ce1a732bbef5928568b8092d412ef95611616376bbeed?s=96&d=mm&r=g","caption":"f1000024"},"url":"https:\/\/cvinoticias.com\/v3\/author\/f1000024\/"}]}},"_links":{"self":[{"href":"https:\/\/cvinoticias.com\/v3\/wp-json\/wp\/v2\/posts\/17886","targetHints":{"allow":["GET"]}}],"collection":[{"href":"https:\/\/cvinoticias.com\/v3\/wp-json\/wp\/v2\/posts"}],"about":[{"href":"https:\/\/cvinoticias.com\/v3\/wp-json\/wp\/v2\/types\/post"}],"author":[{"embeddable":true,"href":"https:\/\/cvinoticias.com\/v3\/wp-json\/wp\/v2\/users\/2"}],"replies":[{"embeddable":true,"href":"https:\/\/cvinoticias.com\/v3\/wp-json\/wp\/v2\/comments?post=17886"}],"version-history":[{"count":1,"href":"https:\/\/cvinoticias.com\/v3\/wp-json\/wp\/v2\/posts\/17886\/revisions"}],"predecessor-version":[{"id":17888,"href":"https:\/\/cvinoticias.com\/v3\/wp-json\/wp\/v2\/posts\/17886\/revisions\/17888"}],"wp:featuredmedia":[{"embeddable":true,"href":"https:\/\/cvinoticias.com\/v3\/wp-json\/wp\/v2\/media\/17887"}],"wp:attachment":[{"href":"https:\/\/cvinoticias.com\/v3\/wp-json\/wp\/v2\/media?parent=17886"}],"wp:term":[{"taxonomy":"category","embeddable":true,"href":"https:\/\/cvinoticias.com\/v3\/wp-json\/wp\/v2\/categories?post=17886"},{"taxonomy":"post_tag","embeddable":true,"href":"https:\/\/cvinoticias.com\/v3\/wp-json\/wp\/v2\/tags?post=17886"}],"curies":[{"name":"wp","href":"https:\/\/api.w.org\/{rel}","templated":true}]}}