{"id":17840,"date":"2022-07-23T12:12:12","date_gmt":"2022-07-23T12:12:12","guid":{"rendered":"https:\/\/cvinoticias.com\/v3\/?p=17840"},"modified":"2022-07-23T12:12:12","modified_gmt":"2022-07-23T12:12:12","slug":"alberto-fernandez-no-me-van-a-torcer-el-brazo-los-necesito-a-todos-movilizados","status":"publish","type":"post","link":"https:\/\/cvinoticias.com\/v3\/alberto-fernandez-no-me-van-a-torcer-el-brazo-los-necesito-a-todos-movilizados\/","title":{"rendered":"Alberto Fern\u00e1ndez: \u00abNo me van a torcer el brazo, los necesito a todos movilizados\u00bb"},"content":{"rendered":"\n<p><strong><em>El presidente encabez\u00f3 la presentaci\u00f3n de 22 obras de infraestructura cient\u00edfica y tecnol\u00f3gica. En el discurso se refiri\u00f3 a la crisis econ\u00f3mica: \u00abDebemos enfrentar a los que especulan con el d\u00f3lar y a los que guardan 20 mil millones de d\u00f3lares en el campo y no los liquidan esperando una mejor rentabilidad\u00bb.<\/em><\/strong><\/p>\n\n\n\n<p>El presidente Alberto Fern\u00e1ndez destac\u00f3 este viernes la necesidad de que \u00abla puja distributiva se vuelva en favor de los m\u00e1s necesitados\u00bb, dijo que necesita de todos los sectores \u00abmovilizados\u00bb y asegur\u00f3 que no le van a \u00abtorcer el brazo\u00bb en el marco de su gesti\u00f3n de Gobierno.<\/p>\n\n\n\n<p>\u00abLos necesito a todos movilizados, acompa\u00f1ando una oportunidad que no debemos perder, la de crecer con dignidad. Sepan los que me quieren torcer el brazo, que no me lo van a torcer. Cuento con todos y cada uno de ustedes\u00bb, le dijo el Presidente a gobernadores, ministros y dirigentes del Frente de Todos, reunidos en el marco de un acto en el Museo del Bicentenario, donde se anunciaron inversiones en materia de ciencia y tecnolog\u00eda.<\/p>\n\n\n\n<p>Fern\u00e1ndez destac\u00f3 que el Gobierno tiene \u00abel desaf\u00edo de enfrentar a los que especulan con el d\u00f3lar y a los que guardan 20 mil millones de d\u00f3lares en el campo y no los liquidan esperando una mejor rentabilidad\u00bb.<\/p>\n\n\n\n<p>\u00abA los desaf\u00edos les voy a poner el pecho y los vamos a superar juntos\u00bb, agreg\u00f3 el mandatario Fern\u00e1ndez dijo adem\u00e1s que el pa\u00eds viene \u00abcreciendo con muchas dificultades\u00bb y afirm\u00f3 que son \u00abcomo demasiados los obst\u00e1culos que se nos ponen\u00bb, y reafirm\u00f3 que como Presidente \u00able voy a poner el pecho a todos los problemas que enfrentamos, y los voy a superar\u00bb.<\/p>\n\n\n\n<p>En otro pasaje, afirm\u00f3: \u00abSeguimos apostando a la educaci\u00f3n, la ciencia y la tecnolog\u00eda como forma de crecimiento y que no se concentre en el centro del pa\u00eds sino que se distribuya a lo largo de toda la patria para que la Argentina pueda desarrollarse a la par\u00bb, y que \u00abninguna sociedad se desarrolla sin educaci\u00f3n sin conocimiento sin ciencia y tecnolog\u00eda\u00bb y dijo que \u00abcuando eso pasa las sociedades quedan reducidas a ser productoras de insumos primarios y pierden potencial de la industria y el trabajo\u00bb.<\/p>\n\n\n\n<p>Fern\u00e1ndez firm\u00f3 este viernes, junto a gobernadores de 16 provincias, las cartas de intenci\u00f3n para el comienzo de 22 obras de infraestructura cient\u00edfica y tecnol\u00f3gica, con una inversi\u00f3n total de casi 9.900 millones de pesos.<\/p>\n\n\n\n<p>\u00abHoy firmaremos la realizaci\u00f3n de 22 obras de infraestructura cient\u00edfica y tecnol\u00f3gica junto al Presidente y gobernadores de 16 provincias. Es un total de $9900 millones que ser\u00e1n financiados a trav\u00e9s del Programa Federal #ConstruirCiencia\u00bb, inform\u00f3 el ministro de Ciencia y Tecnolog\u00eda, Daniel Filmus, en su cuenta de Twitter.<\/p>\n\n\n\n<p>Acompa\u00f1aron al Presidente y a Filmus, autoridades de las provincias de Salta, Jujuy, Santiago del Estero, La Rioja, Formosa, Chaco, Misiones, Santa Fe, Entre R\u00edos, Ciudad de Buenos Aires, Provincia de Buenos Aires, C\u00f3rdoba, Mendoza, R\u00edo Negro, Chubut y Tierra del Fuego.<\/p>\n\n\n\n<p>El programa \u00abConstruir Ciencia\u00bb tiene como objetivo \u00abfortalecer la investigaci\u00f3n de las instituciones del Sistema Nacional de Ciencia, Tecnolog\u00eda e Innovaci\u00f3n\u00bb, con una perspectiva federal para \u00abincrementar las capacidades de las provincias y as\u00ed reducir las asimetr\u00edas existentes entre regiones\u00bb, informaron desde la cartera que encabeza Filmus.<\/p>\n\n\n\n<p>En ese marco, el Gobierno nacional destinar\u00e1 $7.800 millones de pesos para la adquisici\u00f3n de 167 equipos tecnol\u00f3gicos en 60 instituciones cient\u00edficas y tecnol\u00f3gicas nacionales, situadas en las 24 jurisdicciones.&nbsp;<\/p>\n","protected":false},"excerpt":{"rendered":"<p>El presidente encabez\u00f3 la presentaci\u00f3n de 22 obras de infraestructura cient\u00edfica y tecnol\u00f3gica. En el discurso se refiri\u00f3 a la crisis econ\u00f3mica: \u00abDebemos enfrentar a los que especulan con el d\u00f3lar y a los que guardan 20 mil millones de d\u00f3lares en el campo y no los liquidan esperando una mejor rentabilidad\u00bb. El presidente Alberto [&hellip;]<\/p>\n","protected":false},"author":2,"featured_media":17841,"comment_status":"open","ping_status":"open","sticky":false,"template":"","format":"standard","meta":{"footnotes":""},"categories":[39,42],"tags":[],"class_list":["post-17840","post","type-post","status-publish","format-standard","has-post-thumbnail","hentry","category-nacionales","category-politica"],"yoast_head":"<!-- This site is optimized with the Yoast SEO plugin v27.5 - https:\/\/yoast.com\/product\/yoast-seo-wordpress\/ -->\n<title>Alberto Fern\u00e1ndez: &quot;No me van a torcer el brazo, los necesito a todos movilizados&quot; | CVI NOTICIAS<\/title>\n<meta name=\"robots\" content=\"index, follow, max-snippet:-1, max-image-preview:large, max-video-preview:-1\" \/>\n<link rel=\"canonical\" href=\"https:\/\/cvinoticias.com\/v3\/alberto-fernandez-no-me-van-a-torcer-el-brazo-los-necesito-a-todos-movilizados\/\" \/>\n<meta property=\"og:locale\" content=\"es_ES\" \/>\n<meta property=\"og:type\" content=\"article\" \/>\n<meta property=\"og:title\" content=\"Alberto Fern\u00e1ndez: &quot;No me van a torcer el brazo, los necesito a todos movilizados&quot; | CVI NOTICIAS\" \/>\n<meta property=\"og:description\" content=\"El presidente encabez\u00f3 la presentaci\u00f3n de 22 obras de infraestructura cient\u00edfica y tecnol\u00f3gica. En el discurso se refiri\u00f3 a la crisis econ\u00f3mica: \u00abDebemos enfrentar a los que especulan con el d\u00f3lar y a los que guardan 20 mil millones de d\u00f3lares en el campo y no los liquidan esperando una mejor rentabilidad\u00bb. El presidente Alberto [&hellip;]\" \/>\n<meta property=\"og:url\" content=\"https:\/\/cvinoticias.com\/v3\/alberto-fernandez-no-me-van-a-torcer-el-brazo-los-necesito-a-todos-movilizados\/\" \/>\n<meta property=\"og:site_name\" content=\"CVI NOTICIAS\" \/>\n<meta property=\"article:publisher\" content=\"https:\/\/www.facebook.com\/cvinoticias\" \/>\n<meta property=\"article:published_time\" content=\"2022-07-23T12:12:12+00:00\" \/>\n<meta property=\"og:image\" content=\"https:\/\/cvinoticias.com\/wp-content\/uploads\/2022\/07\/0000106092.jpg\" \/>\n\t<meta property=\"og:image:width\" content=\"1240\" \/>\n\t<meta property=\"og:image:height\" content=\"870\" \/>\n\t<meta property=\"og:image:type\" content=\"image\/jpeg\" \/>\n<meta name=\"author\" content=\"f1000024\" \/>\n<meta name=\"twitter:card\" content=\"summary_large_image\" \/>\n<meta name=\"twitter:label1\" content=\"Escrito por\" \/>\n\t<meta name=\"twitter:data1\" content=\"f1000024\" \/>\n\t<meta name=\"twitter:label2\" content=\"Tiempo de lectura\" \/>\n\t<meta name=\"twitter:data2\" content=\"3 minutos\" \/>\n<script type=\"application\/ld+json\" class=\"yoast-schema-graph\">{\"@context\":\"https:\\\/\\\/schema.org\",\"@graph\":[{\"@type\":\"Article\",\"@id\":\"https:\\\/\\\/cvinoticias.com\\\/v3\\\/alberto-fernandez-no-me-van-a-torcer-el-brazo-los-necesito-a-todos-movilizados\\\/#article\",\"isPartOf\":{\"@id\":\"https:\\\/\\\/cvinoticias.com\\\/v3\\\/alberto-fernandez-no-me-van-a-torcer-el-brazo-los-necesito-a-todos-movilizados\\\/\"},\"author\":{\"name\":\"f1000024\",\"@id\":\"https:\\\/\\\/cvinoticias.com\\\/v3\\\/#\\\/schema\\\/person\\\/2db77e3c6bc03c538495d7b2b8be9b66\"},\"headline\":\"Alberto Fern\u00e1ndez: \u00abNo me van a torcer el brazo, los necesito a todos movilizados\u00bb\",\"datePublished\":\"2022-07-23T12:12:12+00:00\",\"mainEntityOfPage\":{\"@id\":\"https:\\\/\\\/cvinoticias.com\\\/v3\\\/alberto-fernandez-no-me-van-a-torcer-el-brazo-los-necesito-a-todos-movilizados\\\/\"},\"wordCount\":617,\"commentCount\":0,\"publisher\":{\"@id\":\"https:\\\/\\\/cvinoticias.com\\\/v3\\\/#organization\"},\"image\":{\"@id\":\"https:\\\/\\\/cvinoticias.com\\\/v3\\\/alberto-fernandez-no-me-van-a-torcer-el-brazo-los-necesito-a-todos-movilizados\\\/#primaryimage\"},\"thumbnailUrl\":\"https:\\\/\\\/cvinoticias.com\\\/wp-content\\\/uploads\\\/2022\\\/07\\\/0000106092.jpg\",\"articleSection\":[\"Nacionales\",\"Politica\"],\"inLanguage\":\"es\",\"potentialAction\":[{\"@type\":\"CommentAction\",\"name\":\"Comment\",\"target\":[\"https:\\\/\\\/cvinoticias.com\\\/v3\\\/alberto-fernandez-no-me-van-a-torcer-el-brazo-los-necesito-a-todos-movilizados\\\/#respond\"]}]},{\"@type\":\"WebPage\",\"@id\":\"https:\\\/\\\/cvinoticias.com\\\/v3\\\/alberto-fernandez-no-me-van-a-torcer-el-brazo-los-necesito-a-todos-movilizados\\\/\",\"url\":\"https:\\\/\\\/cvinoticias.com\\\/v3\\\/alberto-fernandez-no-me-van-a-torcer-el-brazo-los-necesito-a-todos-movilizados\\\/\",\"name\":\"Alberto Fern\u00e1ndez: \\\"No me van a torcer el brazo, los necesito a todos movilizados\\\" | CVI NOTICIAS\",\"isPartOf\":{\"@id\":\"https:\\\/\\\/cvinoticias.com\\\/v3\\\/#website\"},\"primaryImageOfPage\":{\"@id\":\"https:\\\/\\\/cvinoticias.com\\\/v3\\\/alberto-fernandez-no-me-van-a-torcer-el-brazo-los-necesito-a-todos-movilizados\\\/#primaryimage\"},\"image\":{\"@id\":\"https:\\\/\\\/cvinoticias.com\\\/v3\\\/alberto-fernandez-no-me-van-a-torcer-el-brazo-los-necesito-a-todos-movilizados\\\/#primaryimage\"},\"thumbnailUrl\":\"https:\\\/\\\/cvinoticias.com\\\/wp-content\\\/uploads\\\/2022\\\/07\\\/0000106092.jpg\",\"datePublished\":\"2022-07-23T12:12:12+00:00\",\"breadcrumb\":{\"@id\":\"https:\\\/\\\/cvinoticias.com\\\/v3\\\/alberto-fernandez-no-me-van-a-torcer-el-brazo-los-necesito-a-todos-movilizados\\\/#breadcrumb\"},\"inLanguage\":\"es\",\"potentialAction\":[{\"@type\":\"ReadAction\",\"target\":[\"https:\\\/\\\/cvinoticias.com\\\/v3\\\/alberto-fernandez-no-me-van-a-torcer-el-brazo-los-necesito-a-todos-movilizados\\\/\"]}]},{\"@type\":\"ImageObject\",\"inLanguage\":\"es\",\"@id\":\"https:\\\/\\\/cvinoticias.com\\\/v3\\\/alberto-fernandez-no-me-van-a-torcer-el-brazo-los-necesito-a-todos-movilizados\\\/#primaryimage\",\"url\":\"https:\\\/\\\/cvinoticias.com\\\/wp-content\\\/uploads\\\/2022\\\/07\\\/0000106092.jpg\",\"contentUrl\":\"https:\\\/\\\/cvinoticias.com\\\/wp-content\\\/uploads\\\/2022\\\/07\\\/0000106092.jpg\",\"width\":1240,\"height\":870},{\"@type\":\"BreadcrumbList\",\"@id\":\"https:\\\/\\\/cvinoticias.com\\\/v3\\\/alberto-fernandez-no-me-van-a-torcer-el-brazo-los-necesito-a-todos-movilizados\\\/#breadcrumb\",\"itemListElement\":[{\"@type\":\"ListItem\",\"position\":1,\"name\":\"Portada\",\"item\":\"https:\\\/\\\/cvinoticias.com\\\/v3\\\/\"},{\"@type\":\"ListItem\",\"position\":2,\"name\":\"Alberto Fern\u00e1ndez: \u00abNo me van a torcer el brazo, los necesito a todos movilizados\u00bb\"}]},{\"@type\":\"WebSite\",\"@id\":\"https:\\\/\\\/cvinoticias.com\\\/v3\\\/#website\",\"url\":\"https:\\\/\\\/cvinoticias.com\\\/v3\\\/\",\"name\":\"CVI NOTICIAS\",\"description\":\"\",\"publisher\":{\"@id\":\"https:\\\/\\\/cvinoticias.com\\\/v3\\\/#organization\"},\"alternateName\":\"CVI\",\"potentialAction\":[{\"@type\":\"SearchAction\",\"target\":{\"@type\":\"EntryPoint\",\"urlTemplate\":\"https:\\\/\\\/cvinoticias.com\\\/v3\\\/?s={search_term_string}\"},\"query-input\":{\"@type\":\"PropertyValueSpecification\",\"valueRequired\":true,\"valueName\":\"search_term_string\"}}],\"inLanguage\":\"es\"},{\"@type\":\"Organization\",\"@id\":\"https:\\\/\\\/cvinoticias.com\\\/v3\\\/#organization\",\"name\":\"CVI NOTICIAS\",\"url\":\"https:\\\/\\\/cvinoticias.com\\\/v3\\\/\",\"logo\":{\"@type\":\"ImageObject\",\"inLanguage\":\"es\",\"@id\":\"https:\\\/\\\/cvinoticias.com\\\/v3\\\/#\\\/schema\\\/logo\\\/image\\\/\",\"url\":\"https:\\\/\\\/cvinoticias.com\\\/wp-content\\\/uploads\\\/2023\\\/04\\\/cropped-cropped-cropped-cropped-cropped-3-1.png\",\"contentUrl\":\"https:\\\/\\\/cvinoticias.com\\\/wp-content\\\/uploads\\\/2023\\\/04\\\/cropped-cropped-cropped-cropped-cropped-3-1.png\",\"width\":95,\"height\":122,\"caption\":\"CVI NOTICIAS\"},\"image\":{\"@id\":\"https:\\\/\\\/cvinoticias.com\\\/v3\\\/#\\\/schema\\\/logo\\\/image\\\/\"},\"sameAs\":[\"https:\\\/\\\/www.facebook.com\\\/cvinoticias\",\"https:\\\/\\\/www.instagram.com\\\/cvinoticias\\\/\",\"https:\\\/\\\/www.youtube.com\\\/@CVINOTICIAS\"]},{\"@type\":\"Person\",\"@id\":\"https:\\\/\\\/cvinoticias.com\\\/v3\\\/#\\\/schema\\\/person\\\/2db77e3c6bc03c538495d7b2b8be9b66\",\"name\":\"f1000024\",\"image\":{\"@type\":\"ImageObject\",\"inLanguage\":\"es\",\"@id\":\"https:\\\/\\\/secure.gravatar.com\\\/avatar\\\/d4fe7459cfc51ff5129ce1a732bbef5928568b8092d412ef95611616376bbeed?s=96&d=mm&r=g\",\"url\":\"https:\\\/\\\/secure.gravatar.com\\\/avatar\\\/d4fe7459cfc51ff5129ce1a732bbef5928568b8092d412ef95611616376bbeed?s=96&d=mm&r=g\",\"contentUrl\":\"https:\\\/\\\/secure.gravatar.com\\\/avatar\\\/d4fe7459cfc51ff5129ce1a732bbef5928568b8092d412ef95611616376bbeed?s=96&d=mm&r=g\",\"caption\":\"f1000024\"},\"url\":\"https:\\\/\\\/cvinoticias.com\\\/v3\\\/author\\\/f1000024\\\/\"}]}<\/script>\n<!-- \/ Yoast SEO plugin. -->","yoast_head_json":{"title":"Alberto Fern\u00e1ndez: \"No me van a torcer el brazo, los necesito a todos movilizados\" | CVI NOTICIAS","robots":{"index":"index","follow":"follow","max-snippet":"max-snippet:-1","max-image-preview":"max-image-preview:large","max-video-preview":"max-video-preview:-1"},"canonical":"https:\/\/cvinoticias.com\/v3\/alberto-fernandez-no-me-van-a-torcer-el-brazo-los-necesito-a-todos-movilizados\/","og_locale":"es_ES","og_type":"article","og_title":"Alberto Fern\u00e1ndez: \"No me van a torcer el brazo, los necesito a todos movilizados\" | CVI NOTICIAS","og_description":"El presidente encabez\u00f3 la presentaci\u00f3n de 22 obras de infraestructura cient\u00edfica y tecnol\u00f3gica. En el discurso se refiri\u00f3 a la crisis econ\u00f3mica: \u00abDebemos enfrentar a los que especulan con el d\u00f3lar y a los que guardan 20 mil millones de d\u00f3lares en el campo y no los liquidan esperando una mejor rentabilidad\u00bb. El presidente Alberto [&hellip;]","og_url":"https:\/\/cvinoticias.com\/v3\/alberto-fernandez-no-me-van-a-torcer-el-brazo-los-necesito-a-todos-movilizados\/","og_site_name":"CVI NOTICIAS","article_publisher":"https:\/\/www.facebook.com\/cvinoticias","article_published_time":"2022-07-23T12:12:12+00:00","og_image":[{"width":1240,"height":870,"url":"https:\/\/cvinoticias.com\/wp-content\/uploads\/2022\/07\/0000106092.jpg","type":"image\/jpeg"}],"author":"f1000024","twitter_card":"summary_large_image","twitter_misc":{"Escrito por":"f1000024","Tiempo de lectura":"3 minutos"},"schema":{"@context":"https:\/\/schema.org","@graph":[{"@type":"Article","@id":"https:\/\/cvinoticias.com\/v3\/alberto-fernandez-no-me-van-a-torcer-el-brazo-los-necesito-a-todos-movilizados\/#article","isPartOf":{"@id":"https:\/\/cvinoticias.com\/v3\/alberto-fernandez-no-me-van-a-torcer-el-brazo-los-necesito-a-todos-movilizados\/"},"author":{"name":"f1000024","@id":"https:\/\/cvinoticias.com\/v3\/#\/schema\/person\/2db77e3c6bc03c538495d7b2b8be9b66"},"headline":"Alberto Fern\u00e1ndez: \u00abNo me van a torcer el brazo, los necesito a todos movilizados\u00bb","datePublished":"2022-07-23T12:12:12+00:00","mainEntityOfPage":{"@id":"https:\/\/cvinoticias.com\/v3\/alberto-fernandez-no-me-van-a-torcer-el-brazo-los-necesito-a-todos-movilizados\/"},"wordCount":617,"commentCount":0,"publisher":{"@id":"https:\/\/cvinoticias.com\/v3\/#organization"},"image":{"@id":"https:\/\/cvinoticias.com\/v3\/alberto-fernandez-no-me-van-a-torcer-el-brazo-los-necesito-a-todos-movilizados\/#primaryimage"},"thumbnailUrl":"https:\/\/cvinoticias.com\/wp-content\/uploads\/2022\/07\/0000106092.jpg","articleSection":["Nacionales","Politica"],"inLanguage":"es","potentialAction":[{"@type":"CommentAction","name":"Comment","target":["https:\/\/cvinoticias.com\/v3\/alberto-fernandez-no-me-van-a-torcer-el-brazo-los-necesito-a-todos-movilizados\/#respond"]}]},{"@type":"WebPage","@id":"https:\/\/cvinoticias.com\/v3\/alberto-fernandez-no-me-van-a-torcer-el-brazo-los-necesito-a-todos-movilizados\/","url":"https:\/\/cvinoticias.com\/v3\/alberto-fernandez-no-me-van-a-torcer-el-brazo-los-necesito-a-todos-movilizados\/","name":"Alberto Fern\u00e1ndez: \"No me van a torcer el brazo, los necesito a todos movilizados\" | CVI NOTICIAS","isPartOf":{"@id":"https:\/\/cvinoticias.com\/v3\/#website"},"primaryImageOfPage":{"@id":"https:\/\/cvinoticias.com\/v3\/alberto-fernandez-no-me-van-a-torcer-el-brazo-los-necesito-a-todos-movilizados\/#primaryimage"},"image":{"@id":"https:\/\/cvinoticias.com\/v3\/alberto-fernandez-no-me-van-a-torcer-el-brazo-los-necesito-a-todos-movilizados\/#primaryimage"},"thumbnailUrl":"https:\/\/cvinoticias.com\/wp-content\/uploads\/2022\/07\/0000106092.jpg","datePublished":"2022-07-23T12:12:12+00:00","breadcrumb":{"@id":"https:\/\/cvinoticias.com\/v3\/alberto-fernandez-no-me-van-a-torcer-el-brazo-los-necesito-a-todos-movilizados\/#breadcrumb"},"inLanguage":"es","potentialAction":[{"@type":"ReadAction","target":["https:\/\/cvinoticias.com\/v3\/alberto-fernandez-no-me-van-a-torcer-el-brazo-los-necesito-a-todos-movilizados\/"]}]},{"@type":"ImageObject","inLanguage":"es","@id":"https:\/\/cvinoticias.com\/v3\/alberto-fernandez-no-me-van-a-torcer-el-brazo-los-necesito-a-todos-movilizados\/#primaryimage","url":"https:\/\/cvinoticias.com\/wp-content\/uploads\/2022\/07\/0000106092.jpg","contentUrl":"https:\/\/cvinoticias.com\/wp-content\/uploads\/2022\/07\/0000106092.jpg","width":1240,"height":870},{"@type":"BreadcrumbList","@id":"https:\/\/cvinoticias.com\/v3\/alberto-fernandez-no-me-van-a-torcer-el-brazo-los-necesito-a-todos-movilizados\/#breadcrumb","itemListElement":[{"@type":"ListItem","position":1,"name":"Portada","item":"https:\/\/cvinoticias.com\/v3\/"},{"@type":"ListItem","position":2,"name":"Alberto Fern\u00e1ndez: \u00abNo me van a torcer el brazo, los necesito a todos movilizados\u00bb"}]},{"@type":"WebSite","@id":"https:\/\/cvinoticias.com\/v3\/#website","url":"https:\/\/cvinoticias.com\/v3\/","name":"CVI NOTICIAS","description":"","publisher":{"@id":"https:\/\/cvinoticias.com\/v3\/#organization"},"alternateName":"CVI","potentialAction":[{"@type":"SearchAction","target":{"@type":"EntryPoint","urlTemplate":"https:\/\/cvinoticias.com\/v3\/?s={search_term_string}"},"query-input":{"@type":"PropertyValueSpecification","valueRequired":true,"valueName":"search_term_string"}}],"inLanguage":"es"},{"@type":"Organization","@id":"https:\/\/cvinoticias.com\/v3\/#organization","name":"CVI NOTICIAS","url":"https:\/\/cvinoticias.com\/v3\/","logo":{"@type":"ImageObject","inLanguage":"es","@id":"https:\/\/cvinoticias.com\/v3\/#\/schema\/logo\/image\/","url":"https:\/\/cvinoticias.com\/wp-content\/uploads\/2023\/04\/cropped-cropped-cropped-cropped-cropped-3-1.png","contentUrl":"https:\/\/cvinoticias.com\/wp-content\/uploads\/2023\/04\/cropped-cropped-cropped-cropped-cropped-3-1.png","width":95,"height":122,"caption":"CVI NOTICIAS"},"image":{"@id":"https:\/\/cvinoticias.com\/v3\/#\/schema\/logo\/image\/"},"sameAs":["https:\/\/www.facebook.com\/cvinoticias","https:\/\/www.instagram.com\/cvinoticias\/","https:\/\/www.youtube.com\/@CVINOTICIAS"]},{"@type":"Person","@id":"https:\/\/cvinoticias.com\/v3\/#\/schema\/person\/2db77e3c6bc03c538495d7b2b8be9b66","name":"f1000024","image":{"@type":"ImageObject","inLanguage":"es","@id":"https:\/\/secure.gravatar.com\/avatar\/d4fe7459cfc51ff5129ce1a732bbef5928568b8092d412ef95611616376bbeed?s=96&d=mm&r=g","url":"https:\/\/secure.gravatar.com\/avatar\/d4fe7459cfc51ff5129ce1a732bbef5928568b8092d412ef95611616376bbeed?s=96&d=mm&r=g","contentUrl":"https:\/\/secure.gravatar.com\/avatar\/d4fe7459cfc51ff5129ce1a732bbef5928568b8092d412ef95611616376bbeed?s=96&d=mm&r=g","caption":"f1000024"},"url":"https:\/\/cvinoticias.com\/v3\/author\/f1000024\/"}]}},"_links":{"self":[{"href":"https:\/\/cvinoticias.com\/v3\/wp-json\/wp\/v2\/posts\/17840","targetHints":{"allow":["GET"]}}],"collection":[{"href":"https:\/\/cvinoticias.com\/v3\/wp-json\/wp\/v2\/posts"}],"about":[{"href":"https:\/\/cvinoticias.com\/v3\/wp-json\/wp\/v2\/types\/post"}],"author":[{"embeddable":true,"href":"https:\/\/cvinoticias.com\/v3\/wp-json\/wp\/v2\/users\/2"}],"replies":[{"embeddable":true,"href":"https:\/\/cvinoticias.com\/v3\/wp-json\/wp\/v2\/comments?post=17840"}],"version-history":[{"count":1,"href":"https:\/\/cvinoticias.com\/v3\/wp-json\/wp\/v2\/posts\/17840\/revisions"}],"predecessor-version":[{"id":17842,"href":"https:\/\/cvinoticias.com\/v3\/wp-json\/wp\/v2\/posts\/17840\/revisions\/17842"}],"wp:featuredmedia":[{"embeddable":true,"href":"https:\/\/cvinoticias.com\/v3\/wp-json\/wp\/v2\/media\/17841"}],"wp:attachment":[{"href":"https:\/\/cvinoticias.com\/v3\/wp-json\/wp\/v2\/media?parent=17840"}],"wp:term":[{"taxonomy":"category","embeddable":true,"href":"https:\/\/cvinoticias.com\/v3\/wp-json\/wp\/v2\/categories?post=17840"},{"taxonomy":"post_tag","embeddable":true,"href":"https:\/\/cvinoticias.com\/v3\/wp-json\/wp\/v2\/tags?post=17840"}],"curies":[{"name":"wp","href":"https:\/\/api.w.org\/{rel}","templated":true}]}}