{"id":17827,"date":"2022-07-22T16:10:49","date_gmt":"2022-07-22T16:10:49","guid":{"rendered":"https:\/\/cvinoticias.com\/v3\/?p=17827"},"modified":"2022-07-22T16:10:49","modified_gmt":"2022-07-22T16:10:49","slug":"misiones-cuenta-con-el-primer-laboratorio-de-control-de-calidad-de-agua-del-nordeste","status":"publish","type":"post","link":"https:\/\/cvinoticias.com\/v3\/misiones-cuenta-con-el-primer-laboratorio-de-control-de-calidad-de-agua-del-nordeste\/","title":{"rendered":"Misiones cuenta con el primer laboratorio de control de calidad de agua del nordeste"},"content":{"rendered":"\n<p><strong><em>Con la inauguraci\u00f3n del Laboratorio de Control de Calidad de Aguas y Efluentes, la provincia y la regi\u00f3n cuentan con un nuevo espacio equipado con tecnolog\u00eda de \u00faltima generaci\u00f3n que tendr\u00e1 un rol estrat\u00e9gico en el control de calidad de los recursos h\u00eddricos. \u00danico en el nordeste, este laboratorio ser\u00e1 tambi\u00e9n una usina generadora de datos para la toma de decisiones pol\u00edticas en materia h\u00eddrica en la provincia de Misiones.<\/em><\/strong><\/p>\n\n\n\n<p>Esta ma\u00f1ana se dej\u00f3 habilitado el nuevo Laboratorio de Control de Calidad de Aguas y Efluentes dependiente del Instituto Misionero de Agua y Saneamiento. El gobernador Oscar Herrera Ahuad recorri\u00f3 el laboratorio, ubicado en Podadas, donde se realizar\u00e1 el an\u00e1lisis de aguas de las plantas potabilizadoras y subterr\u00e1neas de la provincia. El equipamiento permitir\u00e1 tambi\u00e9n el an\u00e1lisis de efluentes industriales, cloacales y la determinaci\u00f3n de presencia de metales pesados en aguas superficiales y subterr\u00e1neas.<\/p>\n\n\n\n<p>\u201cEsta planta tendr\u00e1 un rol estrat\u00e9gico en el control de la calidad del agua, pero tambi\u00e9n permitir\u00e1 realizar mapeos, ser\u00e1 una usina generadora de datos para la toma de decisiones pol\u00edticas en los 77 municipios de la provincia de Misiones\u201d, resalt\u00f3 el Gobernador al recorrer las instalaciones de este laboratorio considerado uno de los cuatro m\u00e1s importantes del pa\u00eds y el primero en el noreste argentino.<\/p>\n\n\n\n<figure class=\"wp-block-image size-large\"><a href=\"https:\/\/cvinoticias.com\/wp-content\/uploads\/2022\/07\/FB_IMG_1658505436971.jpg\"><img decoding=\"async\" width=\"1024\" height=\"683\" data-src=\"https:\/\/cvinoticias.com\/wp-content\/uploads\/2022\/07\/FB_IMG_1658505436971-1024x683.jpg\" alt=\"\" class=\"wp-image-17828 lazyload\" data-srcset=\"https:\/\/cvinoticias.com\/wp-content\/uploads\/2022\/07\/FB_IMG_1658505436971-1024x683.jpg 1024w, https:\/\/cvinoticias.com\/wp-content\/uploads\/2022\/07\/FB_IMG_1658505436971-300x200.jpg 300w, https:\/\/cvinoticias.com\/wp-content\/uploads\/2022\/07\/FB_IMG_1658505436971-768x512.jpg 768w, https:\/\/cvinoticias.com\/wp-content\/uploads\/2022\/07\/FB_IMG_1658505436971.jpg 1079w\" data-sizes=\"(max-width: 1024px) 100vw, 1024px\" src=\"data:image\/svg+xml;base64,PHN2ZyB3aWR0aD0iMSIgaGVpZ2h0PSIxIiB4bWxucz0iaHR0cDovL3d3dy53My5vcmcvMjAwMC9zdmciPjwvc3ZnPg==\" style=\"--smush-placeholder-width: 1024px; --smush-placeholder-aspect-ratio: 1024\/683;\" \/><\/a><\/figure>\n\n\n\n<p>Por otro lado, Herrera Ahuad valor\u00f3 que esta obra se inaugura en este tiempo, \u201cun momento donde la provincia, en lo que hace a leyes de avanzada para el cuidado de la vida y la salud de las personas, comienza a tener grandes desaf\u00edos. Y un laboratorio de estas caracter\u00edsticas va a aportar precisiones en la toma de decisiones para la generaci\u00f3n de leyes pensadas por el ingeniero qu\u00edmico y presidente de la Legislatura, Carlos Rovira, que sin duda ha puesto la vara muy alta en materia de seguridad alimentaria en la provincia\u201d.<\/p>\n\n\n\n<p>Por otro lado, el mandatario provincial enfatiz\u00f3 que este espacio adem\u00e1s aportar\u00e1 investigaci\u00f3n e informaci\u00f3n y estar\u00e1 abocado a la formaci\u00f3n del recurso humano competente para velar por la calidad de agua de los y las misioneras. \u201cTecnolog\u00eda y ciencia aplicada en beneficio de todos los misioneros y que adem\u00e1s ser\u00e1 soporte y brindar\u00e1 informaci\u00f3n para la aplicaci\u00f3n de la Ley de Humedales, recientemente sancionada en la Legislatura provincial\u201d, explic\u00f3 sobre esta ley que entre sus postulados se refiere a la calidad h\u00eddrica y la distribuci\u00f3n del agua en la provincia.<\/p>\n\n\n\n<p>En otro orden, respecto del avance de obras h\u00eddricas, anticip\u00f3 que se est\u00e1 trabajando con SAMSA para completar la segunda etapa del acueducto Garup\u00e1- Posadas. La culminaci\u00f3n de esta obra permitir\u00e1 cerrar un circuito en cuanto a la calidad y la distribuci\u00f3n en cada uno de los hogares de la zona. En esta misma l\u00ednea el titular del IMAS, Joaqu\u00edn S\u00e1nchez, destac\u00f3 que son inversiones que permiten optimizar la calidad de los diferentes servicios que ofrece el instituto.<\/p>\n\n\n\n<figure class=\"wp-block-image size-large\"><a href=\"https:\/\/cvinoticias.com\/wp-content\/uploads\/2022\/07\/FB_IMG_1658505432286.jpg\"><img decoding=\"async\" width=\"1024\" height=\"683\" data-src=\"https:\/\/cvinoticias.com\/wp-content\/uploads\/2022\/07\/FB_IMG_1658505432286-1024x683.jpg\" alt=\"\" class=\"wp-image-17829 lazyload\" data-srcset=\"https:\/\/cvinoticias.com\/wp-content\/uploads\/2022\/07\/FB_IMG_1658505432286-1024x683.jpg 1024w, https:\/\/cvinoticias.com\/wp-content\/uploads\/2022\/07\/FB_IMG_1658505432286-300x200.jpg 300w, https:\/\/cvinoticias.com\/wp-content\/uploads\/2022\/07\/FB_IMG_1658505432286-768x512.jpg 768w, https:\/\/cvinoticias.com\/wp-content\/uploads\/2022\/07\/FB_IMG_1658505432286.jpg 1079w\" data-sizes=\"(max-width: 1024px) 100vw, 1024px\" src=\"data:image\/svg+xml;base64,PHN2ZyB3aWR0aD0iMSIgaGVpZ2h0PSIxIiB4bWxucz0iaHR0cDovL3d3dy53My5vcmcvMjAwMC9zdmciPjwvc3ZnPg==\" style=\"--smush-placeholder-width: 1024px; --smush-placeholder-aspect-ratio: 1024\/683;\" \/><\/a><\/figure>\n\n\n\n<p><strong>CONVENIOS ESTRAT\u00c9GICOS<\/strong><\/p>\n\n\n\n<p>Posteriormente se firm\u00f3 un convenio entre el Instituto Misionero de Agua y Saneamiento y el Ministerio de Salud P\u00fablica para avanzar en acciones conjuntas entre este nuevo centro de experimentaci\u00f3n y la cartera sanitaria provincial. Al respecto, el ministro de Salud, Oscar Alarc\u00f3n, destac\u00f3 el trabajo en equipo entre instituciones para avanzar en el camino de la prevenci\u00f3n de la salud de los misioneros.<\/p>\n\n\n\n<p>Cabe destacar que, en el laboratorio, ubicado en la Costanera Sur, se analizar\u00e1 la calidad del agua de las diferentes plantas potabilizadoras y subterr\u00e1neas. Las mismas pasar\u00e1n por un an\u00e1lisis f\u00edsicos -qu\u00edmicos y bacteriol\u00f3gico. Los recursos disponibles permitir\u00e1n tambi\u00e9n la realizaci\u00f3n de an\u00e1lisis de efluentes industriales y cloacas y la determinaci\u00f3n de metales pesados en aguas superficiales y subterr\u00e1neas.<\/p>\n\n\n\n<p>Adem\u00e1s, en el marco de una sinergia interinstitucional, este laboratorio trabajar\u00e1 con muchos organismos del Estado provincial y con la Universidad de Ciencias Exactas de la UNAM para poner la infraestructura y el equipamiento a disposici\u00f3n de los estudiantes e intensificar el desarrollo de la formaci\u00f3n profesional.<\/p>\n\n\n\n<p>Acompa\u00f1aron la inauguraci\u00f3n el intendente de Posadas, Leonardo Stellato; el diputado provincial, Martin Cesino, el Decano de la Facultad de Ciencias Exactas, Dardo Mart\u00ed y el gerente comercial y jur\u00eddico de SAMSA, Manuel Gim\u00e9nez.<\/p>\n\n\n\n<figure class=\"wp-block-image size-large\"><a href=\"https:\/\/cvinoticias.com\/wp-content\/uploads\/2022\/07\/FB_IMG_1658505443248.jpg\"><img decoding=\"async\" width=\"1024\" height=\"683\" data-src=\"https:\/\/cvinoticias.com\/wp-content\/uploads\/2022\/07\/FB_IMG_1658505443248-1024x683.jpg\" alt=\"\" class=\"wp-image-17830 lazyload\" data-srcset=\"https:\/\/cvinoticias.com\/wp-content\/uploads\/2022\/07\/FB_IMG_1658505443248-1024x683.jpg 1024w, https:\/\/cvinoticias.com\/wp-content\/uploads\/2022\/07\/FB_IMG_1658505443248-300x200.jpg 300w, https:\/\/cvinoticias.com\/wp-content\/uploads\/2022\/07\/FB_IMG_1658505443248-768x512.jpg 768w, https:\/\/cvinoticias.com\/wp-content\/uploads\/2022\/07\/FB_IMG_1658505443248.jpg 1079w\" data-sizes=\"(max-width: 1024px) 100vw, 1024px\" src=\"data:image\/svg+xml;base64,PHN2ZyB3aWR0aD0iMSIgaGVpZ2h0PSIxIiB4bWxucz0iaHR0cDovL3d3dy53My5vcmcvMjAwMC9zdmciPjwvc3ZnPg==\" style=\"--smush-placeholder-width: 1024px; --smush-placeholder-aspect-ratio: 1024\/683;\" \/><\/a><\/figure>\n\n\n\n<figure class=\"wp-block-image size-large\"><a href=\"https:\/\/cvinoticias.com\/wp-content\/uploads\/2022\/07\/FB_IMG_1658505428687.jpg\"><img decoding=\"async\" width=\"1024\" height=\"683\" data-src=\"https:\/\/cvinoticias.com\/wp-content\/uploads\/2022\/07\/FB_IMG_1658505428687-1024x683.jpg\" alt=\"\" class=\"wp-image-17831 lazyload\" data-srcset=\"https:\/\/cvinoticias.com\/wp-content\/uploads\/2022\/07\/FB_IMG_1658505428687-1024x683.jpg 1024w, https:\/\/cvinoticias.com\/wp-content\/uploads\/2022\/07\/FB_IMG_1658505428687-300x200.jpg 300w, https:\/\/cvinoticias.com\/wp-content\/uploads\/2022\/07\/FB_IMG_1658505428687-768x512.jpg 768w, https:\/\/cvinoticias.com\/wp-content\/uploads\/2022\/07\/FB_IMG_1658505428687.jpg 1079w\" data-sizes=\"(max-width: 1024px) 100vw, 1024px\" src=\"data:image\/svg+xml;base64,PHN2ZyB3aWR0aD0iMSIgaGVpZ2h0PSIxIiB4bWxucz0iaHR0cDovL3d3dy53My5vcmcvMjAwMC9zdmciPjwvc3ZnPg==\" style=\"--smush-placeholder-width: 1024px; --smush-placeholder-aspect-ratio: 1024\/683;\" \/><\/a><\/figure>\n","protected":false},"excerpt":{"rendered":"<p>Con la inauguraci\u00f3n del Laboratorio de Control de Calidad de Aguas y Efluentes, la provincia y la regi\u00f3n cuentan con un nuevo espacio equipado con tecnolog\u00eda de \u00faltima generaci\u00f3n que tendr\u00e1 un rol estrat\u00e9gico en el control de calidad de los recursos h\u00eddricos. \u00danico en el nordeste, este laboratorio ser\u00e1 tambi\u00e9n una usina generadora de [&hellip;]<\/p>\n","protected":false},"author":2,"featured_media":17832,"comment_status":"open","ping_status":"open","sticky":false,"template":"","format":"standard","meta":{"footnotes":""},"categories":[43],"tags":[],"class_list":["post-17827","post","type-post","status-publish","format-standard","has-post-thumbnail","hentry","category-provinciales"],"yoast_head":"<!-- This site is optimized with the Yoast SEO plugin v27.5 - https:\/\/yoast.com\/product\/yoast-seo-wordpress\/ -->\n<title>Misiones cuenta con el primer laboratorio de control de calidad de agua del nordeste | CVI NOTICIAS<\/title>\n<meta name=\"robots\" content=\"index, follow, max-snippet:-1, max-image-preview:large, max-video-preview:-1\" \/>\n<link rel=\"canonical\" href=\"https:\/\/cvinoticias.com\/v3\/misiones-cuenta-con-el-primer-laboratorio-de-control-de-calidad-de-agua-del-nordeste\/\" \/>\n<meta property=\"og:locale\" content=\"es_ES\" \/>\n<meta property=\"og:type\" content=\"article\" \/>\n<meta property=\"og:title\" content=\"Misiones cuenta con el primer laboratorio de control de calidad de agua del nordeste | CVI NOTICIAS\" \/>\n<meta property=\"og:description\" content=\"Con la inauguraci\u00f3n del Laboratorio de Control de Calidad de Aguas y Efluentes, la provincia y la regi\u00f3n cuentan con un nuevo espacio equipado con tecnolog\u00eda de \u00faltima generaci\u00f3n que tendr\u00e1 un rol estrat\u00e9gico en el control de calidad de los recursos h\u00eddricos. \u00danico en el nordeste, este laboratorio ser\u00e1 tambi\u00e9n una usina generadora de [&hellip;]\" \/>\n<meta property=\"og:url\" content=\"https:\/\/cvinoticias.com\/v3\/misiones-cuenta-con-el-primer-laboratorio-de-control-de-calidad-de-agua-del-nordeste\/\" \/>\n<meta property=\"og:site_name\" content=\"CVI NOTICIAS\" \/>\n<meta property=\"article:publisher\" content=\"https:\/\/www.facebook.com\/cvinoticias\" \/>\n<meta property=\"article:published_time\" content=\"2022-07-22T16:10:49+00:00\" \/>\n<meta property=\"og:image\" content=\"https:\/\/cvinoticias.com\/wp-content\/uploads\/2022\/07\/FB_IMG_1658505434753.jpg\" \/>\n\t<meta property=\"og:image:width\" content=\"1079\" \/>\n\t<meta property=\"og:image:height\" content=\"720\" \/>\n\t<meta property=\"og:image:type\" content=\"image\/jpeg\" \/>\n<meta name=\"author\" content=\"f1000024\" \/>\n<meta name=\"twitter:card\" content=\"summary_large_image\" \/>\n<meta name=\"twitter:label1\" content=\"Escrito por\" \/>\n\t<meta name=\"twitter:data1\" content=\"f1000024\" \/>\n\t<meta name=\"twitter:label2\" content=\"Tiempo de lectura\" \/>\n\t<meta name=\"twitter:data2\" content=\"4 minutos\" \/>\n<script type=\"application\/ld+json\" class=\"yoast-schema-graph\">{\"@context\":\"https:\\\/\\\/schema.org\",\"@graph\":[{\"@type\":\"Article\",\"@id\":\"https:\\\/\\\/cvinoticias.com\\\/v3\\\/misiones-cuenta-con-el-primer-laboratorio-de-control-de-calidad-de-agua-del-nordeste\\\/#article\",\"isPartOf\":{\"@id\":\"https:\\\/\\\/cvinoticias.com\\\/v3\\\/misiones-cuenta-con-el-primer-laboratorio-de-control-de-calidad-de-agua-del-nordeste\\\/\"},\"author\":{\"name\":\"f1000024\",\"@id\":\"https:\\\/\\\/cvinoticias.com\\\/v3\\\/#\\\/schema\\\/person\\\/2db77e3c6bc03c538495d7b2b8be9b66\"},\"headline\":\"Misiones cuenta con el primer laboratorio de control de calidad de agua del nordeste\",\"datePublished\":\"2022-07-22T16:10:49+00:00\",\"mainEntityOfPage\":{\"@id\":\"https:\\\/\\\/cvinoticias.com\\\/v3\\\/misiones-cuenta-con-el-primer-laboratorio-de-control-de-calidad-de-agua-del-nordeste\\\/\"},\"wordCount\":757,\"commentCount\":0,\"publisher\":{\"@id\":\"https:\\\/\\\/cvinoticias.com\\\/v3\\\/#organization\"},\"image\":{\"@id\":\"https:\\\/\\\/cvinoticias.com\\\/v3\\\/misiones-cuenta-con-el-primer-laboratorio-de-control-de-calidad-de-agua-del-nordeste\\\/#primaryimage\"},\"thumbnailUrl\":\"https:\\\/\\\/cvinoticias.com\\\/wp-content\\\/uploads\\\/2022\\\/07\\\/FB_IMG_1658505434753.jpg\",\"articleSection\":[\"Provinciales\"],\"inLanguage\":\"es\",\"potentialAction\":[{\"@type\":\"CommentAction\",\"name\":\"Comment\",\"target\":[\"https:\\\/\\\/cvinoticias.com\\\/v3\\\/misiones-cuenta-con-el-primer-laboratorio-de-control-de-calidad-de-agua-del-nordeste\\\/#respond\"]}]},{\"@type\":\"WebPage\",\"@id\":\"https:\\\/\\\/cvinoticias.com\\\/v3\\\/misiones-cuenta-con-el-primer-laboratorio-de-control-de-calidad-de-agua-del-nordeste\\\/\",\"url\":\"https:\\\/\\\/cvinoticias.com\\\/v3\\\/misiones-cuenta-con-el-primer-laboratorio-de-control-de-calidad-de-agua-del-nordeste\\\/\",\"name\":\"Misiones cuenta con el primer laboratorio de control de calidad de agua del nordeste | CVI NOTICIAS\",\"isPartOf\":{\"@id\":\"https:\\\/\\\/cvinoticias.com\\\/v3\\\/#website\"},\"primaryImageOfPage\":{\"@id\":\"https:\\\/\\\/cvinoticias.com\\\/v3\\\/misiones-cuenta-con-el-primer-laboratorio-de-control-de-calidad-de-agua-del-nordeste\\\/#primaryimage\"},\"image\":{\"@id\":\"https:\\\/\\\/cvinoticias.com\\\/v3\\\/misiones-cuenta-con-el-primer-laboratorio-de-control-de-calidad-de-agua-del-nordeste\\\/#primaryimage\"},\"thumbnailUrl\":\"https:\\\/\\\/cvinoticias.com\\\/wp-content\\\/uploads\\\/2022\\\/07\\\/FB_IMG_1658505434753.jpg\",\"datePublished\":\"2022-07-22T16:10:49+00:00\",\"breadcrumb\":{\"@id\":\"https:\\\/\\\/cvinoticias.com\\\/v3\\\/misiones-cuenta-con-el-primer-laboratorio-de-control-de-calidad-de-agua-del-nordeste\\\/#breadcrumb\"},\"inLanguage\":\"es\",\"potentialAction\":[{\"@type\":\"ReadAction\",\"target\":[\"https:\\\/\\\/cvinoticias.com\\\/v3\\\/misiones-cuenta-con-el-primer-laboratorio-de-control-de-calidad-de-agua-del-nordeste\\\/\"]}]},{\"@type\":\"ImageObject\",\"inLanguage\":\"es\",\"@id\":\"https:\\\/\\\/cvinoticias.com\\\/v3\\\/misiones-cuenta-con-el-primer-laboratorio-de-control-de-calidad-de-agua-del-nordeste\\\/#primaryimage\",\"url\":\"https:\\\/\\\/cvinoticias.com\\\/wp-content\\\/uploads\\\/2022\\\/07\\\/FB_IMG_1658505434753.jpg\",\"contentUrl\":\"https:\\\/\\\/cvinoticias.com\\\/wp-content\\\/uploads\\\/2022\\\/07\\\/FB_IMG_1658505434753.jpg\",\"width\":1079,\"height\":720},{\"@type\":\"BreadcrumbList\",\"@id\":\"https:\\\/\\\/cvinoticias.com\\\/v3\\\/misiones-cuenta-con-el-primer-laboratorio-de-control-de-calidad-de-agua-del-nordeste\\\/#breadcrumb\",\"itemListElement\":[{\"@type\":\"ListItem\",\"position\":1,\"name\":\"Portada\",\"item\":\"https:\\\/\\\/cvinoticias.com\\\/v3\\\/\"},{\"@type\":\"ListItem\",\"position\":2,\"name\":\"Misiones cuenta con el primer laboratorio de control de calidad de agua del nordeste\"}]},{\"@type\":\"WebSite\",\"@id\":\"https:\\\/\\\/cvinoticias.com\\\/v3\\\/#website\",\"url\":\"https:\\\/\\\/cvinoticias.com\\\/v3\\\/\",\"name\":\"CVI NOTICIAS\",\"description\":\"\",\"publisher\":{\"@id\":\"https:\\\/\\\/cvinoticias.com\\\/v3\\\/#organization\"},\"alternateName\":\"CVI\",\"potentialAction\":[{\"@type\":\"SearchAction\",\"target\":{\"@type\":\"EntryPoint\",\"urlTemplate\":\"https:\\\/\\\/cvinoticias.com\\\/v3\\\/?s={search_term_string}\"},\"query-input\":{\"@type\":\"PropertyValueSpecification\",\"valueRequired\":true,\"valueName\":\"search_term_string\"}}],\"inLanguage\":\"es\"},{\"@type\":\"Organization\",\"@id\":\"https:\\\/\\\/cvinoticias.com\\\/v3\\\/#organization\",\"name\":\"CVI NOTICIAS\",\"url\":\"https:\\\/\\\/cvinoticias.com\\\/v3\\\/\",\"logo\":{\"@type\":\"ImageObject\",\"inLanguage\":\"es\",\"@id\":\"https:\\\/\\\/cvinoticias.com\\\/v3\\\/#\\\/schema\\\/logo\\\/image\\\/\",\"url\":\"https:\\\/\\\/cvinoticias.com\\\/wp-content\\\/uploads\\\/2023\\\/04\\\/cropped-cropped-cropped-cropped-cropped-3-1.png\",\"contentUrl\":\"https:\\\/\\\/cvinoticias.com\\\/wp-content\\\/uploads\\\/2023\\\/04\\\/cropped-cropped-cropped-cropped-cropped-3-1.png\",\"width\":95,\"height\":122,\"caption\":\"CVI NOTICIAS\"},\"image\":{\"@id\":\"https:\\\/\\\/cvinoticias.com\\\/v3\\\/#\\\/schema\\\/logo\\\/image\\\/\"},\"sameAs\":[\"https:\\\/\\\/www.facebook.com\\\/cvinoticias\",\"https:\\\/\\\/www.instagram.com\\\/cvinoticias\\\/\",\"https:\\\/\\\/www.youtube.com\\\/@CVINOTICIAS\"]},{\"@type\":\"Person\",\"@id\":\"https:\\\/\\\/cvinoticias.com\\\/v3\\\/#\\\/schema\\\/person\\\/2db77e3c6bc03c538495d7b2b8be9b66\",\"name\":\"f1000024\",\"image\":{\"@type\":\"ImageObject\",\"inLanguage\":\"es\",\"@id\":\"https:\\\/\\\/secure.gravatar.com\\\/avatar\\\/d4fe7459cfc51ff5129ce1a732bbef5928568b8092d412ef95611616376bbeed?s=96&d=mm&r=g\",\"url\":\"https:\\\/\\\/secure.gravatar.com\\\/avatar\\\/d4fe7459cfc51ff5129ce1a732bbef5928568b8092d412ef95611616376bbeed?s=96&d=mm&r=g\",\"contentUrl\":\"https:\\\/\\\/secure.gravatar.com\\\/avatar\\\/d4fe7459cfc51ff5129ce1a732bbef5928568b8092d412ef95611616376bbeed?s=96&d=mm&r=g\",\"caption\":\"f1000024\"},\"url\":\"https:\\\/\\\/cvinoticias.com\\\/v3\\\/author\\\/f1000024\\\/\"}]}<\/script>\n<!-- \/ Yoast SEO plugin. -->","yoast_head_json":{"title":"Misiones cuenta con el primer laboratorio de control de calidad de agua del nordeste | CVI NOTICIAS","robots":{"index":"index","follow":"follow","max-snippet":"max-snippet:-1","max-image-preview":"max-image-preview:large","max-video-preview":"max-video-preview:-1"},"canonical":"https:\/\/cvinoticias.com\/v3\/misiones-cuenta-con-el-primer-laboratorio-de-control-de-calidad-de-agua-del-nordeste\/","og_locale":"es_ES","og_type":"article","og_title":"Misiones cuenta con el primer laboratorio de control de calidad de agua del nordeste | CVI NOTICIAS","og_description":"Con la inauguraci\u00f3n del Laboratorio de Control de Calidad de Aguas y Efluentes, la provincia y la regi\u00f3n cuentan con un nuevo espacio equipado con tecnolog\u00eda de \u00faltima generaci\u00f3n que tendr\u00e1 un rol estrat\u00e9gico en el control de calidad de los recursos h\u00eddricos. \u00danico en el nordeste, este laboratorio ser\u00e1 tambi\u00e9n una usina generadora de [&hellip;]","og_url":"https:\/\/cvinoticias.com\/v3\/misiones-cuenta-con-el-primer-laboratorio-de-control-de-calidad-de-agua-del-nordeste\/","og_site_name":"CVI NOTICIAS","article_publisher":"https:\/\/www.facebook.com\/cvinoticias","article_published_time":"2022-07-22T16:10:49+00:00","og_image":[{"width":1079,"height":720,"url":"https:\/\/cvinoticias.com\/wp-content\/uploads\/2022\/07\/FB_IMG_1658505434753.jpg","type":"image\/jpeg"}],"author":"f1000024","twitter_card":"summary_large_image","twitter_misc":{"Escrito por":"f1000024","Tiempo de lectura":"4 minutos"},"schema":{"@context":"https:\/\/schema.org","@graph":[{"@type":"Article","@id":"https:\/\/cvinoticias.com\/v3\/misiones-cuenta-con-el-primer-laboratorio-de-control-de-calidad-de-agua-del-nordeste\/#article","isPartOf":{"@id":"https:\/\/cvinoticias.com\/v3\/misiones-cuenta-con-el-primer-laboratorio-de-control-de-calidad-de-agua-del-nordeste\/"},"author":{"name":"f1000024","@id":"https:\/\/cvinoticias.com\/v3\/#\/schema\/person\/2db77e3c6bc03c538495d7b2b8be9b66"},"headline":"Misiones cuenta con el primer laboratorio de control de calidad de agua del nordeste","datePublished":"2022-07-22T16:10:49+00:00","mainEntityOfPage":{"@id":"https:\/\/cvinoticias.com\/v3\/misiones-cuenta-con-el-primer-laboratorio-de-control-de-calidad-de-agua-del-nordeste\/"},"wordCount":757,"commentCount":0,"publisher":{"@id":"https:\/\/cvinoticias.com\/v3\/#organization"},"image":{"@id":"https:\/\/cvinoticias.com\/v3\/misiones-cuenta-con-el-primer-laboratorio-de-control-de-calidad-de-agua-del-nordeste\/#primaryimage"},"thumbnailUrl":"https:\/\/cvinoticias.com\/wp-content\/uploads\/2022\/07\/FB_IMG_1658505434753.jpg","articleSection":["Provinciales"],"inLanguage":"es","potentialAction":[{"@type":"CommentAction","name":"Comment","target":["https:\/\/cvinoticias.com\/v3\/misiones-cuenta-con-el-primer-laboratorio-de-control-de-calidad-de-agua-del-nordeste\/#respond"]}]},{"@type":"WebPage","@id":"https:\/\/cvinoticias.com\/v3\/misiones-cuenta-con-el-primer-laboratorio-de-control-de-calidad-de-agua-del-nordeste\/","url":"https:\/\/cvinoticias.com\/v3\/misiones-cuenta-con-el-primer-laboratorio-de-control-de-calidad-de-agua-del-nordeste\/","name":"Misiones cuenta con el primer laboratorio de control de calidad de agua del nordeste | CVI NOTICIAS","isPartOf":{"@id":"https:\/\/cvinoticias.com\/v3\/#website"},"primaryImageOfPage":{"@id":"https:\/\/cvinoticias.com\/v3\/misiones-cuenta-con-el-primer-laboratorio-de-control-de-calidad-de-agua-del-nordeste\/#primaryimage"},"image":{"@id":"https:\/\/cvinoticias.com\/v3\/misiones-cuenta-con-el-primer-laboratorio-de-control-de-calidad-de-agua-del-nordeste\/#primaryimage"},"thumbnailUrl":"https:\/\/cvinoticias.com\/wp-content\/uploads\/2022\/07\/FB_IMG_1658505434753.jpg","datePublished":"2022-07-22T16:10:49+00:00","breadcrumb":{"@id":"https:\/\/cvinoticias.com\/v3\/misiones-cuenta-con-el-primer-laboratorio-de-control-de-calidad-de-agua-del-nordeste\/#breadcrumb"},"inLanguage":"es","potentialAction":[{"@type":"ReadAction","target":["https:\/\/cvinoticias.com\/v3\/misiones-cuenta-con-el-primer-laboratorio-de-control-de-calidad-de-agua-del-nordeste\/"]}]},{"@type":"ImageObject","inLanguage":"es","@id":"https:\/\/cvinoticias.com\/v3\/misiones-cuenta-con-el-primer-laboratorio-de-control-de-calidad-de-agua-del-nordeste\/#primaryimage","url":"https:\/\/cvinoticias.com\/wp-content\/uploads\/2022\/07\/FB_IMG_1658505434753.jpg","contentUrl":"https:\/\/cvinoticias.com\/wp-content\/uploads\/2022\/07\/FB_IMG_1658505434753.jpg","width":1079,"height":720},{"@type":"BreadcrumbList","@id":"https:\/\/cvinoticias.com\/v3\/misiones-cuenta-con-el-primer-laboratorio-de-control-de-calidad-de-agua-del-nordeste\/#breadcrumb","itemListElement":[{"@type":"ListItem","position":1,"name":"Portada","item":"https:\/\/cvinoticias.com\/v3\/"},{"@type":"ListItem","position":2,"name":"Misiones cuenta con el primer laboratorio de control de calidad de agua del nordeste"}]},{"@type":"WebSite","@id":"https:\/\/cvinoticias.com\/v3\/#website","url":"https:\/\/cvinoticias.com\/v3\/","name":"CVI NOTICIAS","description":"","publisher":{"@id":"https:\/\/cvinoticias.com\/v3\/#organization"},"alternateName":"CVI","potentialAction":[{"@type":"SearchAction","target":{"@type":"EntryPoint","urlTemplate":"https:\/\/cvinoticias.com\/v3\/?s={search_term_string}"},"query-input":{"@type":"PropertyValueSpecification","valueRequired":true,"valueName":"search_term_string"}}],"inLanguage":"es"},{"@type":"Organization","@id":"https:\/\/cvinoticias.com\/v3\/#organization","name":"CVI NOTICIAS","url":"https:\/\/cvinoticias.com\/v3\/","logo":{"@type":"ImageObject","inLanguage":"es","@id":"https:\/\/cvinoticias.com\/v3\/#\/schema\/logo\/image\/","url":"https:\/\/cvinoticias.com\/wp-content\/uploads\/2023\/04\/cropped-cropped-cropped-cropped-cropped-3-1.png","contentUrl":"https:\/\/cvinoticias.com\/wp-content\/uploads\/2023\/04\/cropped-cropped-cropped-cropped-cropped-3-1.png","width":95,"height":122,"caption":"CVI NOTICIAS"},"image":{"@id":"https:\/\/cvinoticias.com\/v3\/#\/schema\/logo\/image\/"},"sameAs":["https:\/\/www.facebook.com\/cvinoticias","https:\/\/www.instagram.com\/cvinoticias\/","https:\/\/www.youtube.com\/@CVINOTICIAS"]},{"@type":"Person","@id":"https:\/\/cvinoticias.com\/v3\/#\/schema\/person\/2db77e3c6bc03c538495d7b2b8be9b66","name":"f1000024","image":{"@type":"ImageObject","inLanguage":"es","@id":"https:\/\/secure.gravatar.com\/avatar\/d4fe7459cfc51ff5129ce1a732bbef5928568b8092d412ef95611616376bbeed?s=96&d=mm&r=g","url":"https:\/\/secure.gravatar.com\/avatar\/d4fe7459cfc51ff5129ce1a732bbef5928568b8092d412ef95611616376bbeed?s=96&d=mm&r=g","contentUrl":"https:\/\/secure.gravatar.com\/avatar\/d4fe7459cfc51ff5129ce1a732bbef5928568b8092d412ef95611616376bbeed?s=96&d=mm&r=g","caption":"f1000024"},"url":"https:\/\/cvinoticias.com\/v3\/author\/f1000024\/"}]}},"_links":{"self":[{"href":"https:\/\/cvinoticias.com\/v3\/wp-json\/wp\/v2\/posts\/17827","targetHints":{"allow":["GET"]}}],"collection":[{"href":"https:\/\/cvinoticias.com\/v3\/wp-json\/wp\/v2\/posts"}],"about":[{"href":"https:\/\/cvinoticias.com\/v3\/wp-json\/wp\/v2\/types\/post"}],"author":[{"embeddable":true,"href":"https:\/\/cvinoticias.com\/v3\/wp-json\/wp\/v2\/users\/2"}],"replies":[{"embeddable":true,"href":"https:\/\/cvinoticias.com\/v3\/wp-json\/wp\/v2\/comments?post=17827"}],"version-history":[{"count":1,"href":"https:\/\/cvinoticias.com\/v3\/wp-json\/wp\/v2\/posts\/17827\/revisions"}],"predecessor-version":[{"id":17833,"href":"https:\/\/cvinoticias.com\/v3\/wp-json\/wp\/v2\/posts\/17827\/revisions\/17833"}],"wp:featuredmedia":[{"embeddable":true,"href":"https:\/\/cvinoticias.com\/v3\/wp-json\/wp\/v2\/media\/17832"}],"wp:attachment":[{"href":"https:\/\/cvinoticias.com\/v3\/wp-json\/wp\/v2\/media?parent=17827"}],"wp:term":[{"taxonomy":"category","embeddable":true,"href":"https:\/\/cvinoticias.com\/v3\/wp-json\/wp\/v2\/categories?post=17827"},{"taxonomy":"post_tag","embeddable":true,"href":"https:\/\/cvinoticias.com\/v3\/wp-json\/wp\/v2\/tags?post=17827"}],"curies":[{"name":"wp","href":"https:\/\/api.w.org\/{rel}","templated":true}]}}