{"id":17806,"date":"2022-07-22T11:10:16","date_gmt":"2022-07-22T11:10:16","guid":{"rendered":"https:\/\/cvinoticias.com\/v3\/?p=17806"},"modified":"2022-07-22T11:10:16","modified_gmt":"2022-07-22T11:10:16","slug":"gestionan-para-la-puesta-en-valor-turistico-del-parque-provincial-urugua-i","status":"publish","type":"post","link":"https:\/\/cvinoticias.com\/v3\/gestionan-para-la-puesta-en-valor-turistico-del-parque-provincial-urugua-i\/","title":{"rendered":"Gestionan para la puesta en valor tur\u00edstico del Parque Provincial Urugua-\u00ed"},"content":{"rendered":"\n<p><strong><em>El proyecto de obra forma parte del programa nacional 50 destinos. Se trata de una inversi\u00f3n de 160 millones de pesos.<\/em><\/strong><\/p>\n\n\n\n<p>Este jueves, el ministro de Turismo de Misiones, Jos\u00e9 Mar\u00eda Arr\u00faa, y el intendente de Comandante Andresito, Bruno Beck, firmaron un acta de intenci\u00f3n para la puesta en valor tur\u00edstico del parque Provincial Urugua-\u00ed y un convenio de adhesi\u00f3n y calidad tur\u00edstica al programa Municipios Tur\u00edsticos Sustentables.<\/p>\n\n\n\n<p>Estos documentos y acciones conforman instancias previas y necesarias para acceder a la aprobaci\u00f3n final del financiamiento del proyecto de obra. \u00abEstamos haciendo todo lo que se requiere para llegar al \u00faltimo paso, como tambi\u00e9n estudios ambientales para que las obras se construyan de manera segura y amigable con el medio ambiente\u00bb, explic\u00f3 el subsecretario de Desarrollo Territorial, Lino Forneron.<\/p>\n\n\n\n<p>Esta primera etapa consiste en dotar de instalaciones tur\u00edsticas al predio: recepci\u00f3n y centro de atenci\u00f3n al visitante, restaurante e infraestructura adecuada para la gastronom\u00eda, sanitarios, senderos naturales, puentes, miradores para el avistaje de aves y fauna, equipamiento, mobiliario, se\u00f1al\u00e9tica y personal id\u00f3neo que garantizar\u00e1 una mejor atenci\u00f3n a quienes visiten el espacio.<\/p>\n\n\n\n<p>Por su parte, el ministro Arr\u00faa remarc\u00f3 que \u00abvamos trabajando en conjunto con los municipios para fortalecer la propuesta tur\u00edstica de cada lugar. En este caso, se trata de una puesta en valor, porque el lugar ya existe, pero lo reacondicionaremos y haremos una transformaci\u00f3n que redunde en generar mayor comodidad, seguridad y diversidad de oferta a los turistas\u00bb. (A.H)<\/p>\n\n\n\n<p><\/p>\n","protected":false},"excerpt":{"rendered":"<p>El proyecto de obra forma parte del programa nacional 50 destinos. Se trata de una inversi\u00f3n de 160 millones de pesos. Este jueves, el ministro de Turismo de Misiones, Jos\u00e9 Mar\u00eda Arr\u00faa, y el intendente de Comandante Andresito, Bruno Beck, firmaron un acta de intenci\u00f3n para la puesta en valor tur\u00edstico del parque Provincial Urugua-\u00ed [&hellip;]<\/p>\n","protected":false},"author":2,"featured_media":17807,"comment_status":"open","ping_status":"open","sticky":false,"template":"","format":"standard","meta":{"footnotes":""},"categories":[43],"tags":[],"class_list":["post-17806","post","type-post","status-publish","format-standard","has-post-thumbnail","hentry","category-provinciales"],"yoast_head":"<!-- This site is optimized with the Yoast SEO plugin v27.5 - https:\/\/yoast.com\/product\/yoast-seo-wordpress\/ -->\n<title>Gestionan para la puesta en valor tur\u00edstico del Parque Provincial Urugua-\u00ed | CVI NOTICIAS<\/title>\n<meta name=\"robots\" content=\"index, follow, max-snippet:-1, max-image-preview:large, max-video-preview:-1\" \/>\n<link rel=\"canonical\" href=\"https:\/\/cvinoticias.com\/v3\/gestionan-para-la-puesta-en-valor-turistico-del-parque-provincial-urugua-i\/\" \/>\n<meta property=\"og:locale\" content=\"es_ES\" \/>\n<meta property=\"og:type\" content=\"article\" \/>\n<meta property=\"og:title\" content=\"Gestionan para la puesta en valor tur\u00edstico del Parque Provincial Urugua-\u00ed | CVI NOTICIAS\" \/>\n<meta property=\"og:description\" content=\"El proyecto de obra forma parte del programa nacional 50 destinos. Se trata de una inversi\u00f3n de 160 millones de pesos. Este jueves, el ministro de Turismo de Misiones, Jos\u00e9 Mar\u00eda Arr\u00faa, y el intendente de Comandante Andresito, Bruno Beck, firmaron un acta de intenci\u00f3n para la puesta en valor tur\u00edstico del parque Provincial Urugua-\u00ed [&hellip;]\" \/>\n<meta property=\"og:url\" content=\"https:\/\/cvinoticias.com\/v3\/gestionan-para-la-puesta-en-valor-turistico-del-parque-provincial-urugua-i\/\" \/>\n<meta property=\"og:site_name\" content=\"CVI NOTICIAS\" \/>\n<meta property=\"article:publisher\" content=\"https:\/\/www.facebook.com\/cvinoticias\" \/>\n<meta property=\"article:published_time\" content=\"2022-07-22T11:10:16+00:00\" \/>\n<meta property=\"og:image\" content=\"https:\/\/cvinoticias.com\/wp-content\/uploads\/2022\/07\/Screenshot_20220722-080910_Facebook.jpg\" \/>\n\t<meta property=\"og:image:width\" content=\"1078\" \/>\n\t<meta property=\"og:image:height\" content=\"676\" \/>\n\t<meta property=\"og:image:type\" content=\"image\/jpeg\" \/>\n<meta name=\"author\" content=\"f1000024\" \/>\n<meta name=\"twitter:card\" content=\"summary_large_image\" \/>\n<meta name=\"twitter:label1\" content=\"Escrito por\" \/>\n\t<meta name=\"twitter:data1\" content=\"f1000024\" \/>\n\t<meta name=\"twitter:label2\" content=\"Tiempo de lectura\" \/>\n\t<meta name=\"twitter:data2\" content=\"1 minuto\" \/>\n<script type=\"application\/ld+json\" class=\"yoast-schema-graph\">{\"@context\":\"https:\\\/\\\/schema.org\",\"@graph\":[{\"@type\":\"Article\",\"@id\":\"https:\\\/\\\/cvinoticias.com\\\/v3\\\/gestionan-para-la-puesta-en-valor-turistico-del-parque-provincial-urugua-i\\\/#article\",\"isPartOf\":{\"@id\":\"https:\\\/\\\/cvinoticias.com\\\/v3\\\/gestionan-para-la-puesta-en-valor-turistico-del-parque-provincial-urugua-i\\\/\"},\"author\":{\"name\":\"f1000024\",\"@id\":\"https:\\\/\\\/cvinoticias.com\\\/v3\\\/#\\\/schema\\\/person\\\/2db77e3c6bc03c538495d7b2b8be9b66\"},\"headline\":\"Gestionan para la puesta en valor tur\u00edstico del Parque Provincial Urugua-\u00ed\",\"datePublished\":\"2022-07-22T11:10:16+00:00\",\"mainEntityOfPage\":{\"@id\":\"https:\\\/\\\/cvinoticias.com\\\/v3\\\/gestionan-para-la-puesta-en-valor-turistico-del-parque-provincial-urugua-i\\\/\"},\"wordCount\":273,\"commentCount\":0,\"publisher\":{\"@id\":\"https:\\\/\\\/cvinoticias.com\\\/v3\\\/#organization\"},\"image\":{\"@id\":\"https:\\\/\\\/cvinoticias.com\\\/v3\\\/gestionan-para-la-puesta-en-valor-turistico-del-parque-provincial-urugua-i\\\/#primaryimage\"},\"thumbnailUrl\":\"https:\\\/\\\/cvinoticias.com\\\/wp-content\\\/uploads\\\/2022\\\/07\\\/Screenshot_20220722-080910_Facebook.jpg\",\"articleSection\":[\"Provinciales\"],\"inLanguage\":\"es\",\"potentialAction\":[{\"@type\":\"CommentAction\",\"name\":\"Comment\",\"target\":[\"https:\\\/\\\/cvinoticias.com\\\/v3\\\/gestionan-para-la-puesta-en-valor-turistico-del-parque-provincial-urugua-i\\\/#respond\"]}]},{\"@type\":\"WebPage\",\"@id\":\"https:\\\/\\\/cvinoticias.com\\\/v3\\\/gestionan-para-la-puesta-en-valor-turistico-del-parque-provincial-urugua-i\\\/\",\"url\":\"https:\\\/\\\/cvinoticias.com\\\/v3\\\/gestionan-para-la-puesta-en-valor-turistico-del-parque-provincial-urugua-i\\\/\",\"name\":\"Gestionan para la puesta en valor tur\u00edstico del Parque Provincial Urugua-\u00ed | CVI NOTICIAS\",\"isPartOf\":{\"@id\":\"https:\\\/\\\/cvinoticias.com\\\/v3\\\/#website\"},\"primaryImageOfPage\":{\"@id\":\"https:\\\/\\\/cvinoticias.com\\\/v3\\\/gestionan-para-la-puesta-en-valor-turistico-del-parque-provincial-urugua-i\\\/#primaryimage\"},\"image\":{\"@id\":\"https:\\\/\\\/cvinoticias.com\\\/v3\\\/gestionan-para-la-puesta-en-valor-turistico-del-parque-provincial-urugua-i\\\/#primaryimage\"},\"thumbnailUrl\":\"https:\\\/\\\/cvinoticias.com\\\/wp-content\\\/uploads\\\/2022\\\/07\\\/Screenshot_20220722-080910_Facebook.jpg\",\"datePublished\":\"2022-07-22T11:10:16+00:00\",\"breadcrumb\":{\"@id\":\"https:\\\/\\\/cvinoticias.com\\\/v3\\\/gestionan-para-la-puesta-en-valor-turistico-del-parque-provincial-urugua-i\\\/#breadcrumb\"},\"inLanguage\":\"es\",\"potentialAction\":[{\"@type\":\"ReadAction\",\"target\":[\"https:\\\/\\\/cvinoticias.com\\\/v3\\\/gestionan-para-la-puesta-en-valor-turistico-del-parque-provincial-urugua-i\\\/\"]}]},{\"@type\":\"ImageObject\",\"inLanguage\":\"es\",\"@id\":\"https:\\\/\\\/cvinoticias.com\\\/v3\\\/gestionan-para-la-puesta-en-valor-turistico-del-parque-provincial-urugua-i\\\/#primaryimage\",\"url\":\"https:\\\/\\\/cvinoticias.com\\\/wp-content\\\/uploads\\\/2022\\\/07\\\/Screenshot_20220722-080910_Facebook.jpg\",\"contentUrl\":\"https:\\\/\\\/cvinoticias.com\\\/wp-content\\\/uploads\\\/2022\\\/07\\\/Screenshot_20220722-080910_Facebook.jpg\",\"width\":1078,\"height\":676},{\"@type\":\"BreadcrumbList\",\"@id\":\"https:\\\/\\\/cvinoticias.com\\\/v3\\\/gestionan-para-la-puesta-en-valor-turistico-del-parque-provincial-urugua-i\\\/#breadcrumb\",\"itemListElement\":[{\"@type\":\"ListItem\",\"position\":1,\"name\":\"Portada\",\"item\":\"https:\\\/\\\/cvinoticias.com\\\/v3\\\/\"},{\"@type\":\"ListItem\",\"position\":2,\"name\":\"Gestionan para la puesta en valor tur\u00edstico del Parque Provincial Urugua-\u00ed\"}]},{\"@type\":\"WebSite\",\"@id\":\"https:\\\/\\\/cvinoticias.com\\\/v3\\\/#website\",\"url\":\"https:\\\/\\\/cvinoticias.com\\\/v3\\\/\",\"name\":\"CVI NOTICIAS\",\"description\":\"\",\"publisher\":{\"@id\":\"https:\\\/\\\/cvinoticias.com\\\/v3\\\/#organization\"},\"alternateName\":\"CVI\",\"potentialAction\":[{\"@type\":\"SearchAction\",\"target\":{\"@type\":\"EntryPoint\",\"urlTemplate\":\"https:\\\/\\\/cvinoticias.com\\\/v3\\\/?s={search_term_string}\"},\"query-input\":{\"@type\":\"PropertyValueSpecification\",\"valueRequired\":true,\"valueName\":\"search_term_string\"}}],\"inLanguage\":\"es\"},{\"@type\":\"Organization\",\"@id\":\"https:\\\/\\\/cvinoticias.com\\\/v3\\\/#organization\",\"name\":\"CVI NOTICIAS\",\"url\":\"https:\\\/\\\/cvinoticias.com\\\/v3\\\/\",\"logo\":{\"@type\":\"ImageObject\",\"inLanguage\":\"es\",\"@id\":\"https:\\\/\\\/cvinoticias.com\\\/v3\\\/#\\\/schema\\\/logo\\\/image\\\/\",\"url\":\"https:\\\/\\\/cvinoticias.com\\\/wp-content\\\/uploads\\\/2023\\\/04\\\/cropped-cropped-cropped-cropped-cropped-3-1.png\",\"contentUrl\":\"https:\\\/\\\/cvinoticias.com\\\/wp-content\\\/uploads\\\/2023\\\/04\\\/cropped-cropped-cropped-cropped-cropped-3-1.png\",\"width\":95,\"height\":122,\"caption\":\"CVI NOTICIAS\"},\"image\":{\"@id\":\"https:\\\/\\\/cvinoticias.com\\\/v3\\\/#\\\/schema\\\/logo\\\/image\\\/\"},\"sameAs\":[\"https:\\\/\\\/www.facebook.com\\\/cvinoticias\",\"https:\\\/\\\/www.instagram.com\\\/cvinoticias\\\/\",\"https:\\\/\\\/www.youtube.com\\\/@CVINOTICIAS\"]},{\"@type\":\"Person\",\"@id\":\"https:\\\/\\\/cvinoticias.com\\\/v3\\\/#\\\/schema\\\/person\\\/2db77e3c6bc03c538495d7b2b8be9b66\",\"name\":\"f1000024\",\"image\":{\"@type\":\"ImageObject\",\"inLanguage\":\"es\",\"@id\":\"https:\\\/\\\/secure.gravatar.com\\\/avatar\\\/d4fe7459cfc51ff5129ce1a732bbef5928568b8092d412ef95611616376bbeed?s=96&d=mm&r=g\",\"url\":\"https:\\\/\\\/secure.gravatar.com\\\/avatar\\\/d4fe7459cfc51ff5129ce1a732bbef5928568b8092d412ef95611616376bbeed?s=96&d=mm&r=g\",\"contentUrl\":\"https:\\\/\\\/secure.gravatar.com\\\/avatar\\\/d4fe7459cfc51ff5129ce1a732bbef5928568b8092d412ef95611616376bbeed?s=96&d=mm&r=g\",\"caption\":\"f1000024\"},\"url\":\"https:\\\/\\\/cvinoticias.com\\\/v3\\\/author\\\/f1000024\\\/\"}]}<\/script>\n<!-- \/ Yoast SEO plugin. -->","yoast_head_json":{"title":"Gestionan para la puesta en valor tur\u00edstico del Parque Provincial Urugua-\u00ed | CVI NOTICIAS","robots":{"index":"index","follow":"follow","max-snippet":"max-snippet:-1","max-image-preview":"max-image-preview:large","max-video-preview":"max-video-preview:-1"},"canonical":"https:\/\/cvinoticias.com\/v3\/gestionan-para-la-puesta-en-valor-turistico-del-parque-provincial-urugua-i\/","og_locale":"es_ES","og_type":"article","og_title":"Gestionan para la puesta en valor tur\u00edstico del Parque Provincial Urugua-\u00ed | CVI NOTICIAS","og_description":"El proyecto de obra forma parte del programa nacional 50 destinos. Se trata de una inversi\u00f3n de 160 millones de pesos. Este jueves, el ministro de Turismo de Misiones, Jos\u00e9 Mar\u00eda Arr\u00faa, y el intendente de Comandante Andresito, Bruno Beck, firmaron un acta de intenci\u00f3n para la puesta en valor tur\u00edstico del parque Provincial Urugua-\u00ed [&hellip;]","og_url":"https:\/\/cvinoticias.com\/v3\/gestionan-para-la-puesta-en-valor-turistico-del-parque-provincial-urugua-i\/","og_site_name":"CVI NOTICIAS","article_publisher":"https:\/\/www.facebook.com\/cvinoticias","article_published_time":"2022-07-22T11:10:16+00:00","og_image":[{"width":1078,"height":676,"url":"https:\/\/cvinoticias.com\/wp-content\/uploads\/2022\/07\/Screenshot_20220722-080910_Facebook.jpg","type":"image\/jpeg"}],"author":"f1000024","twitter_card":"summary_large_image","twitter_misc":{"Escrito por":"f1000024","Tiempo de lectura":"1 minuto"},"schema":{"@context":"https:\/\/schema.org","@graph":[{"@type":"Article","@id":"https:\/\/cvinoticias.com\/v3\/gestionan-para-la-puesta-en-valor-turistico-del-parque-provincial-urugua-i\/#article","isPartOf":{"@id":"https:\/\/cvinoticias.com\/v3\/gestionan-para-la-puesta-en-valor-turistico-del-parque-provincial-urugua-i\/"},"author":{"name":"f1000024","@id":"https:\/\/cvinoticias.com\/v3\/#\/schema\/person\/2db77e3c6bc03c538495d7b2b8be9b66"},"headline":"Gestionan para la puesta en valor tur\u00edstico del Parque Provincial Urugua-\u00ed","datePublished":"2022-07-22T11:10:16+00:00","mainEntityOfPage":{"@id":"https:\/\/cvinoticias.com\/v3\/gestionan-para-la-puesta-en-valor-turistico-del-parque-provincial-urugua-i\/"},"wordCount":273,"commentCount":0,"publisher":{"@id":"https:\/\/cvinoticias.com\/v3\/#organization"},"image":{"@id":"https:\/\/cvinoticias.com\/v3\/gestionan-para-la-puesta-en-valor-turistico-del-parque-provincial-urugua-i\/#primaryimage"},"thumbnailUrl":"https:\/\/cvinoticias.com\/wp-content\/uploads\/2022\/07\/Screenshot_20220722-080910_Facebook.jpg","articleSection":["Provinciales"],"inLanguage":"es","potentialAction":[{"@type":"CommentAction","name":"Comment","target":["https:\/\/cvinoticias.com\/v3\/gestionan-para-la-puesta-en-valor-turistico-del-parque-provincial-urugua-i\/#respond"]}]},{"@type":"WebPage","@id":"https:\/\/cvinoticias.com\/v3\/gestionan-para-la-puesta-en-valor-turistico-del-parque-provincial-urugua-i\/","url":"https:\/\/cvinoticias.com\/v3\/gestionan-para-la-puesta-en-valor-turistico-del-parque-provincial-urugua-i\/","name":"Gestionan para la puesta en valor tur\u00edstico del Parque Provincial Urugua-\u00ed | CVI NOTICIAS","isPartOf":{"@id":"https:\/\/cvinoticias.com\/v3\/#website"},"primaryImageOfPage":{"@id":"https:\/\/cvinoticias.com\/v3\/gestionan-para-la-puesta-en-valor-turistico-del-parque-provincial-urugua-i\/#primaryimage"},"image":{"@id":"https:\/\/cvinoticias.com\/v3\/gestionan-para-la-puesta-en-valor-turistico-del-parque-provincial-urugua-i\/#primaryimage"},"thumbnailUrl":"https:\/\/cvinoticias.com\/wp-content\/uploads\/2022\/07\/Screenshot_20220722-080910_Facebook.jpg","datePublished":"2022-07-22T11:10:16+00:00","breadcrumb":{"@id":"https:\/\/cvinoticias.com\/v3\/gestionan-para-la-puesta-en-valor-turistico-del-parque-provincial-urugua-i\/#breadcrumb"},"inLanguage":"es","potentialAction":[{"@type":"ReadAction","target":["https:\/\/cvinoticias.com\/v3\/gestionan-para-la-puesta-en-valor-turistico-del-parque-provincial-urugua-i\/"]}]},{"@type":"ImageObject","inLanguage":"es","@id":"https:\/\/cvinoticias.com\/v3\/gestionan-para-la-puesta-en-valor-turistico-del-parque-provincial-urugua-i\/#primaryimage","url":"https:\/\/cvinoticias.com\/wp-content\/uploads\/2022\/07\/Screenshot_20220722-080910_Facebook.jpg","contentUrl":"https:\/\/cvinoticias.com\/wp-content\/uploads\/2022\/07\/Screenshot_20220722-080910_Facebook.jpg","width":1078,"height":676},{"@type":"BreadcrumbList","@id":"https:\/\/cvinoticias.com\/v3\/gestionan-para-la-puesta-en-valor-turistico-del-parque-provincial-urugua-i\/#breadcrumb","itemListElement":[{"@type":"ListItem","position":1,"name":"Portada","item":"https:\/\/cvinoticias.com\/v3\/"},{"@type":"ListItem","position":2,"name":"Gestionan para la puesta en valor tur\u00edstico del Parque Provincial Urugua-\u00ed"}]},{"@type":"WebSite","@id":"https:\/\/cvinoticias.com\/v3\/#website","url":"https:\/\/cvinoticias.com\/v3\/","name":"CVI NOTICIAS","description":"","publisher":{"@id":"https:\/\/cvinoticias.com\/v3\/#organization"},"alternateName":"CVI","potentialAction":[{"@type":"SearchAction","target":{"@type":"EntryPoint","urlTemplate":"https:\/\/cvinoticias.com\/v3\/?s={search_term_string}"},"query-input":{"@type":"PropertyValueSpecification","valueRequired":true,"valueName":"search_term_string"}}],"inLanguage":"es"},{"@type":"Organization","@id":"https:\/\/cvinoticias.com\/v3\/#organization","name":"CVI NOTICIAS","url":"https:\/\/cvinoticias.com\/v3\/","logo":{"@type":"ImageObject","inLanguage":"es","@id":"https:\/\/cvinoticias.com\/v3\/#\/schema\/logo\/image\/","url":"https:\/\/cvinoticias.com\/wp-content\/uploads\/2023\/04\/cropped-cropped-cropped-cropped-cropped-3-1.png","contentUrl":"https:\/\/cvinoticias.com\/wp-content\/uploads\/2023\/04\/cropped-cropped-cropped-cropped-cropped-3-1.png","width":95,"height":122,"caption":"CVI NOTICIAS"},"image":{"@id":"https:\/\/cvinoticias.com\/v3\/#\/schema\/logo\/image\/"},"sameAs":["https:\/\/www.facebook.com\/cvinoticias","https:\/\/www.instagram.com\/cvinoticias\/","https:\/\/www.youtube.com\/@CVINOTICIAS"]},{"@type":"Person","@id":"https:\/\/cvinoticias.com\/v3\/#\/schema\/person\/2db77e3c6bc03c538495d7b2b8be9b66","name":"f1000024","image":{"@type":"ImageObject","inLanguage":"es","@id":"https:\/\/secure.gravatar.com\/avatar\/d4fe7459cfc51ff5129ce1a732bbef5928568b8092d412ef95611616376bbeed?s=96&d=mm&r=g","url":"https:\/\/secure.gravatar.com\/avatar\/d4fe7459cfc51ff5129ce1a732bbef5928568b8092d412ef95611616376bbeed?s=96&d=mm&r=g","contentUrl":"https:\/\/secure.gravatar.com\/avatar\/d4fe7459cfc51ff5129ce1a732bbef5928568b8092d412ef95611616376bbeed?s=96&d=mm&r=g","caption":"f1000024"},"url":"https:\/\/cvinoticias.com\/v3\/author\/f1000024\/"}]}},"_links":{"self":[{"href":"https:\/\/cvinoticias.com\/v3\/wp-json\/wp\/v2\/posts\/17806","targetHints":{"allow":["GET"]}}],"collection":[{"href":"https:\/\/cvinoticias.com\/v3\/wp-json\/wp\/v2\/posts"}],"about":[{"href":"https:\/\/cvinoticias.com\/v3\/wp-json\/wp\/v2\/types\/post"}],"author":[{"embeddable":true,"href":"https:\/\/cvinoticias.com\/v3\/wp-json\/wp\/v2\/users\/2"}],"replies":[{"embeddable":true,"href":"https:\/\/cvinoticias.com\/v3\/wp-json\/wp\/v2\/comments?post=17806"}],"version-history":[{"count":1,"href":"https:\/\/cvinoticias.com\/v3\/wp-json\/wp\/v2\/posts\/17806\/revisions"}],"predecessor-version":[{"id":17808,"href":"https:\/\/cvinoticias.com\/v3\/wp-json\/wp\/v2\/posts\/17806\/revisions\/17808"}],"wp:featuredmedia":[{"embeddable":true,"href":"https:\/\/cvinoticias.com\/v3\/wp-json\/wp\/v2\/media\/17807"}],"wp:attachment":[{"href":"https:\/\/cvinoticias.com\/v3\/wp-json\/wp\/v2\/media?parent=17806"}],"wp:term":[{"taxonomy":"category","embeddable":true,"href":"https:\/\/cvinoticias.com\/v3\/wp-json\/wp\/v2\/categories?post=17806"},{"taxonomy":"post_tag","embeddable":true,"href":"https:\/\/cvinoticias.com\/v3\/wp-json\/wp\/v2\/tags?post=17806"}],"curies":[{"name":"wp","href":"https:\/\/api.w.org\/{rel}","templated":true}]}}