{"id":17797,"date":"2022-07-22T10:31:23","date_gmt":"2022-07-22T10:31:23","guid":{"rendered":"https:\/\/cvinoticias.com\/v3\/?p=17797"},"modified":"2022-07-22T10:31:23","modified_gmt":"2022-07-22T10:31:23","slug":"la-cgt-ratifico-la-marcha-de-agosto-y-condeno-la-especulacion-economica","status":"publish","type":"post","link":"https:\/\/cvinoticias.com\/v3\/la-cgt-ratifico-la-marcha-de-agosto-y-condeno-la-especulacion-economica\/","title":{"rendered":"La CGT ratific\u00f3 la marcha de agosto y conden\u00f3 la especulaci\u00f3n econ\u00f3mica"},"content":{"rendered":"\n<p><strong><em>La movilizaci\u00f3n ser\u00e1 desde el Obelisco hacia la Plaza de los Dos Congresos en demanda de \u00absoluciones claras\u00bb.<\/em><\/strong><\/p>\n\n\n\n<p>El Consejo Directivo de la CGT ratific\u00f3 la movilizaci\u00f3n del pr\u00f3ximo 17 de agosto desde el Obelisco hacia la Plaza de los Dos Congresos en rechazo de \u00abla especulaci\u00f3n econ\u00f3mica\u00bb y en demanda de \u00absoluciones claras\u00bb, y conden\u00f3 a \u00ablos formadores de precios que agudizan el proceso inflacionario y la pobreza\u00bb.<\/p>\n\n\n\n<p>La conducci\u00f3n de la CGT, que colideran H\u00e9ctor Daer, Carlos Acu\u00f1a y Pablo Moyano, deliber\u00f3 durante casi cuatro horas en el hist\u00f3rico edificio de Azopardo al 800 y repudi\u00f3 a los formadores de precios que provocan \u00abuna inusitada situaci\u00f3n de pobreza\u00bb.<\/p>\n\n\n\n<p>Las fuentes gremiales se\u00f1alaron que esperan que la marcha del 17 de agosto pr\u00f3ximo, a la que se sum\u00f3 la CTA del docente Hugo Yasky, se\u00e1 masiva y se\u00f1alaron que en ese acto los cotitulares de la central obrera leer\u00e1n \u00abun documento de claro y neto corte pol\u00edtico\u00bb.<\/p>\n\n\n\n<p>\u00abEl consejo directivo analiz\u00f3 durante casi cuatro horas la dif\u00edcil y dura coyuntura pol\u00edtica y econ\u00f3mica por la que atraviesa la Argentina y conden\u00f3 la avaricia inconmensurable de los formadores de precios, que provoca la profundizaci\u00f3n del proceso inflacionario y los alarmantes \u00edndices de pobreza entre los sectores m\u00e1s vulnerables\u00bb, puntualizaron.<\/p>\n\n\n\n<p>Adem\u00e1s, los voceros gremiales se\u00f1alaron que buena parte del debate se centr\u00f3 en la metodolog\u00eda organizativa y el punto de llegada de la movilizaci\u00f3n de agosto, ya que un sector del consejo directivo propuso marchar de forma masiva hacia las sedes de la Uni\u00f3n Industrial Argentina (UIA), la Asociaci\u00f3n Empresaria Argentina (AEA) y la Sociedad Rural Argentina (SRA), lo que luego fue finalmente desestimado.<\/p>\n\n\n\n<p>El consejo directivo tambi\u00e9n convoc\u00f3 para las 17 del lunes pr\u00f3ximo en la sede de Azopardo a un acto en homenaje a Eva Per\u00f3n, en el 70 aniversario de su fallecimiento .\u00bbEl 17 de agosto, en el contexto de una masiva movilizaci\u00f3n, se leer\u00e1 un duro documento de neto corte pol\u00edtico, que condenar\u00e1 a los formadores de precios que agudizan la situaci\u00f3n de pobreza y profundizan el proceso inflacionario\u00bb, se\u00f1alaron los voceros.<\/p>\n\n\n\n<p>Daer confirm\u00f3 esta tarde en conferencia de prensa posterior al encuentro que en la marcha de agosto se reclamar\u00e1n \u00absoluciones claras\u00bb y que los trabajadores y otros sectores sociales repudiar\u00e1n \u00abla especulaci\u00f3n econ\u00f3mica\u00bb; sostuvo que la CGT \u00abno permitir\u00e1 esa situaci\u00f3n bajo ning\u00fan punto\u00bb y tambi\u00e9n conden\u00f3 las especulaciones pol\u00edticas.<\/p>\n\n\n\n<p>\u00abSe reclamar\u00e1n soluciones claras a la clase pol\u00edtica y se rechazar\u00e1n las evidentes especulaciones de diferentes sectores econ\u00f3micos\u00bb, sostuvo el dirigente del gremio de Sanidad, quien respald\u00f3 al Gobierno nacional y conden\u00f3 \u00abla especulaci\u00f3n econ\u00f3mica\u00bb.<\/p>\n\n\n\n<p>Su par Pablo Moyano, adjunto nacional del gremio de Camioneros, hab\u00eda se\u00f1alado que la decisi\u00f3n cegetista de volver a las calles ser\u00e1 \u00abun mensaje a la clase pol\u00edtica\u00bb y que esa marcha \u00abno se realizar\u00e1 ni a favor ni en contra del Gobierno sino para defender las paritarias libres y el trabajo digno que lograron los trabajadores a trav\u00e9s de la lucha\u00bb.<\/p>\n\n\n\n<p>\u00abLa CGT defender\u00e1 al presidente Alberto Fern\u00e1ndez y a la vicepresidenta Cristina Fern\u00e1ndez de Kirchner hasta el \u00faltimo d\u00eda del mandato\u00bb, asegur\u00f3 Moyano, aunque admiti\u00f3 que \u00abel Gobierno comete errores, como no haber demostrado fortaleza para sentar a los formadores de precios y decirles que se dejen de joder con el salario y la comida\u00bb.<\/p>\n\n\n\n<p>La CGT ratific\u00f3 la marcha que la semana anterior fue debatida y aprobada por su mesa chica ampliada en rechazo del proceso inflacionario y en demanda de \u00abunidad\u00bb, y sostuvo que esa unidad es \u00abla necesaria garant\u00eda para resolver los problemas econ\u00f3micos\u00bb.<\/p>\n\n\n\n<p>Todas las fuentes gremiales consultadas por T\u00e9lam coincidieron en respaldar al Gobierno nacional y en condenar al empresariado que procura continuar obteniendo \u00abganancias extraordinarias y a los formadores de precios, que solo especulan con la econom\u00eda\u00bb.<\/p>\n\n\n\n<p>El extitular cegetista y l\u00edder camionero, Hugo Moyano, hab\u00eda defendido al Gobierno al se\u00f1alar que mantuvo las paritarias y, por ello, \u00ablos trabajadores lo apoyan, porque adem\u00e1s durante la gesti\u00f3n no se produjeron despidos ni suspensiones y ya se evidencia una reactivaci\u00f3n tanto en la propia actividad camionera como en otros sectores productivos\u00bb.<\/p>\n\n\n\n<p>En el encuentro se produjo un fuerte contrapunto cuando un sector del consejo directivo propuso modificar el destino final de la marcha para que las columnas de trabajadores se enfilaran hacia la UIA, la AEA y la Sociedad Rural, pero ello fue finalmente desestimado.<\/p>\n","protected":false},"excerpt":{"rendered":"<p>La movilizaci\u00f3n ser\u00e1 desde el Obelisco hacia la Plaza de los Dos Congresos en demanda de \u00absoluciones claras\u00bb. El Consejo Directivo de la CGT ratific\u00f3 la movilizaci\u00f3n del pr\u00f3ximo 17 de agosto desde el Obelisco hacia la Plaza de los Dos Congresos en rechazo de \u00abla especulaci\u00f3n econ\u00f3mica\u00bb y en demanda de \u00absoluciones claras\u00bb, y [&hellip;]<\/p>\n","protected":false},"author":2,"featured_media":17798,"comment_status":"open","ping_status":"open","sticky":false,"template":"","format":"standard","meta":{"footnotes":""},"categories":[39],"tags":[],"class_list":["post-17797","post","type-post","status-publish","format-standard","has-post-thumbnail","hentry","category-nacionales"],"yoast_head":"<!-- This site is optimized with the Yoast SEO plugin v27.5 - https:\/\/yoast.com\/product\/yoast-seo-wordpress\/ -->\n<title>La CGT ratific\u00f3 la marcha de agosto y conden\u00f3 la especulaci\u00f3n econ\u00f3mica | CVI NOTICIAS<\/title>\n<meta name=\"robots\" content=\"index, follow, max-snippet:-1, max-image-preview:large, max-video-preview:-1\" \/>\n<link rel=\"canonical\" href=\"https:\/\/cvinoticias.com\/v3\/la-cgt-ratifico-la-marcha-de-agosto-y-condeno-la-especulacion-economica\/\" \/>\n<meta property=\"og:locale\" content=\"es_ES\" \/>\n<meta property=\"og:type\" content=\"article\" \/>\n<meta property=\"og:title\" content=\"La CGT ratific\u00f3 la marcha de agosto y conden\u00f3 la especulaci\u00f3n econ\u00f3mica | CVI NOTICIAS\" \/>\n<meta property=\"og:description\" content=\"La movilizaci\u00f3n ser\u00e1 desde el Obelisco hacia la Plaza de los Dos Congresos en demanda de \u00absoluciones claras\u00bb. El Consejo Directivo de la CGT ratific\u00f3 la movilizaci\u00f3n del pr\u00f3ximo 17 de agosto desde el Obelisco hacia la Plaza de los Dos Congresos en rechazo de \u00abla especulaci\u00f3n econ\u00f3mica\u00bb y en demanda de \u00absoluciones claras\u00bb, y [&hellip;]\" \/>\n<meta property=\"og:url\" content=\"https:\/\/cvinoticias.com\/v3\/la-cgt-ratifico-la-marcha-de-agosto-y-condeno-la-especulacion-economica\/\" \/>\n<meta property=\"og:site_name\" content=\"CVI NOTICIAS\" \/>\n<meta property=\"article:publisher\" content=\"https:\/\/www.facebook.com\/cvinoticias\" \/>\n<meta property=\"article:published_time\" content=\"2022-07-22T10:31:23+00:00\" \/>\n<meta property=\"og:image\" content=\"https:\/\/cvinoticias.com\/wp-content\/uploads\/2022\/07\/0000106062.jpg\" \/>\n\t<meta property=\"og:image:width\" content=\"1200\" \/>\n\t<meta property=\"og:image:height\" content=\"628\" \/>\n\t<meta property=\"og:image:type\" content=\"image\/jpeg\" \/>\n<meta name=\"author\" content=\"f1000024\" \/>\n<meta name=\"twitter:card\" content=\"summary_large_image\" \/>\n<meta name=\"twitter:label1\" content=\"Escrito por\" \/>\n\t<meta name=\"twitter:data1\" content=\"f1000024\" \/>\n\t<meta name=\"twitter:label2\" content=\"Tiempo de lectura\" \/>\n\t<meta name=\"twitter:data2\" content=\"4 minutos\" \/>\n<script type=\"application\/ld+json\" class=\"yoast-schema-graph\">{\"@context\":\"https:\\\/\\\/schema.org\",\"@graph\":[{\"@type\":\"Article\",\"@id\":\"https:\\\/\\\/cvinoticias.com\\\/v3\\\/la-cgt-ratifico-la-marcha-de-agosto-y-condeno-la-especulacion-economica\\\/#article\",\"isPartOf\":{\"@id\":\"https:\\\/\\\/cvinoticias.com\\\/v3\\\/la-cgt-ratifico-la-marcha-de-agosto-y-condeno-la-especulacion-economica\\\/\"},\"author\":{\"name\":\"f1000024\",\"@id\":\"https:\\\/\\\/cvinoticias.com\\\/v3\\\/#\\\/schema\\\/person\\\/2db77e3c6bc03c538495d7b2b8be9b66\"},\"headline\":\"La CGT ratific\u00f3 la marcha de agosto y conden\u00f3 la especulaci\u00f3n econ\u00f3mica\",\"datePublished\":\"2022-07-22T10:31:23+00:00\",\"mainEntityOfPage\":{\"@id\":\"https:\\\/\\\/cvinoticias.com\\\/v3\\\/la-cgt-ratifico-la-marcha-de-agosto-y-condeno-la-especulacion-economica\\\/\"},\"wordCount\":795,\"commentCount\":0,\"publisher\":{\"@id\":\"https:\\\/\\\/cvinoticias.com\\\/v3\\\/#organization\"},\"image\":{\"@id\":\"https:\\\/\\\/cvinoticias.com\\\/v3\\\/la-cgt-ratifico-la-marcha-de-agosto-y-condeno-la-especulacion-economica\\\/#primaryimage\"},\"thumbnailUrl\":\"https:\\\/\\\/cvinoticias.com\\\/wp-content\\\/uploads\\\/2022\\\/07\\\/0000106062.jpg\",\"articleSection\":[\"Nacionales\"],\"inLanguage\":\"es\",\"potentialAction\":[{\"@type\":\"CommentAction\",\"name\":\"Comment\",\"target\":[\"https:\\\/\\\/cvinoticias.com\\\/v3\\\/la-cgt-ratifico-la-marcha-de-agosto-y-condeno-la-especulacion-economica\\\/#respond\"]}]},{\"@type\":\"WebPage\",\"@id\":\"https:\\\/\\\/cvinoticias.com\\\/v3\\\/la-cgt-ratifico-la-marcha-de-agosto-y-condeno-la-especulacion-economica\\\/\",\"url\":\"https:\\\/\\\/cvinoticias.com\\\/v3\\\/la-cgt-ratifico-la-marcha-de-agosto-y-condeno-la-especulacion-economica\\\/\",\"name\":\"La CGT ratific\u00f3 la marcha de agosto y conden\u00f3 la especulaci\u00f3n econ\u00f3mica | CVI NOTICIAS\",\"isPartOf\":{\"@id\":\"https:\\\/\\\/cvinoticias.com\\\/v3\\\/#website\"},\"primaryImageOfPage\":{\"@id\":\"https:\\\/\\\/cvinoticias.com\\\/v3\\\/la-cgt-ratifico-la-marcha-de-agosto-y-condeno-la-especulacion-economica\\\/#primaryimage\"},\"image\":{\"@id\":\"https:\\\/\\\/cvinoticias.com\\\/v3\\\/la-cgt-ratifico-la-marcha-de-agosto-y-condeno-la-especulacion-economica\\\/#primaryimage\"},\"thumbnailUrl\":\"https:\\\/\\\/cvinoticias.com\\\/wp-content\\\/uploads\\\/2022\\\/07\\\/0000106062.jpg\",\"datePublished\":\"2022-07-22T10:31:23+00:00\",\"breadcrumb\":{\"@id\":\"https:\\\/\\\/cvinoticias.com\\\/v3\\\/la-cgt-ratifico-la-marcha-de-agosto-y-condeno-la-especulacion-economica\\\/#breadcrumb\"},\"inLanguage\":\"es\",\"potentialAction\":[{\"@type\":\"ReadAction\",\"target\":[\"https:\\\/\\\/cvinoticias.com\\\/v3\\\/la-cgt-ratifico-la-marcha-de-agosto-y-condeno-la-especulacion-economica\\\/\"]}]},{\"@type\":\"ImageObject\",\"inLanguage\":\"es\",\"@id\":\"https:\\\/\\\/cvinoticias.com\\\/v3\\\/la-cgt-ratifico-la-marcha-de-agosto-y-condeno-la-especulacion-economica\\\/#primaryimage\",\"url\":\"https:\\\/\\\/cvinoticias.com\\\/wp-content\\\/uploads\\\/2022\\\/07\\\/0000106062.jpg\",\"contentUrl\":\"https:\\\/\\\/cvinoticias.com\\\/wp-content\\\/uploads\\\/2022\\\/07\\\/0000106062.jpg\",\"width\":1200,\"height\":628},{\"@type\":\"BreadcrumbList\",\"@id\":\"https:\\\/\\\/cvinoticias.com\\\/v3\\\/la-cgt-ratifico-la-marcha-de-agosto-y-condeno-la-especulacion-economica\\\/#breadcrumb\",\"itemListElement\":[{\"@type\":\"ListItem\",\"position\":1,\"name\":\"Portada\",\"item\":\"https:\\\/\\\/cvinoticias.com\\\/v3\\\/\"},{\"@type\":\"ListItem\",\"position\":2,\"name\":\"La CGT ratific\u00f3 la marcha de agosto y conden\u00f3 la especulaci\u00f3n econ\u00f3mica\"}]},{\"@type\":\"WebSite\",\"@id\":\"https:\\\/\\\/cvinoticias.com\\\/v3\\\/#website\",\"url\":\"https:\\\/\\\/cvinoticias.com\\\/v3\\\/\",\"name\":\"CVI NOTICIAS\",\"description\":\"\",\"publisher\":{\"@id\":\"https:\\\/\\\/cvinoticias.com\\\/v3\\\/#organization\"},\"alternateName\":\"CVI\",\"potentialAction\":[{\"@type\":\"SearchAction\",\"target\":{\"@type\":\"EntryPoint\",\"urlTemplate\":\"https:\\\/\\\/cvinoticias.com\\\/v3\\\/?s={search_term_string}\"},\"query-input\":{\"@type\":\"PropertyValueSpecification\",\"valueRequired\":true,\"valueName\":\"search_term_string\"}}],\"inLanguage\":\"es\"},{\"@type\":\"Organization\",\"@id\":\"https:\\\/\\\/cvinoticias.com\\\/v3\\\/#organization\",\"name\":\"CVI NOTICIAS\",\"url\":\"https:\\\/\\\/cvinoticias.com\\\/v3\\\/\",\"logo\":{\"@type\":\"ImageObject\",\"inLanguage\":\"es\",\"@id\":\"https:\\\/\\\/cvinoticias.com\\\/v3\\\/#\\\/schema\\\/logo\\\/image\\\/\",\"url\":\"https:\\\/\\\/cvinoticias.com\\\/wp-content\\\/uploads\\\/2023\\\/04\\\/cropped-cropped-cropped-cropped-cropped-3-1.png\",\"contentUrl\":\"https:\\\/\\\/cvinoticias.com\\\/wp-content\\\/uploads\\\/2023\\\/04\\\/cropped-cropped-cropped-cropped-cropped-3-1.png\",\"width\":95,\"height\":122,\"caption\":\"CVI NOTICIAS\"},\"image\":{\"@id\":\"https:\\\/\\\/cvinoticias.com\\\/v3\\\/#\\\/schema\\\/logo\\\/image\\\/\"},\"sameAs\":[\"https:\\\/\\\/www.facebook.com\\\/cvinoticias\",\"https:\\\/\\\/www.instagram.com\\\/cvinoticias\\\/\",\"https:\\\/\\\/www.youtube.com\\\/@CVINOTICIAS\"]},{\"@type\":\"Person\",\"@id\":\"https:\\\/\\\/cvinoticias.com\\\/v3\\\/#\\\/schema\\\/person\\\/2db77e3c6bc03c538495d7b2b8be9b66\",\"name\":\"f1000024\",\"image\":{\"@type\":\"ImageObject\",\"inLanguage\":\"es\",\"@id\":\"https:\\\/\\\/secure.gravatar.com\\\/avatar\\\/d4fe7459cfc51ff5129ce1a732bbef5928568b8092d412ef95611616376bbeed?s=96&d=mm&r=g\",\"url\":\"https:\\\/\\\/secure.gravatar.com\\\/avatar\\\/d4fe7459cfc51ff5129ce1a732bbef5928568b8092d412ef95611616376bbeed?s=96&d=mm&r=g\",\"contentUrl\":\"https:\\\/\\\/secure.gravatar.com\\\/avatar\\\/d4fe7459cfc51ff5129ce1a732bbef5928568b8092d412ef95611616376bbeed?s=96&d=mm&r=g\",\"caption\":\"f1000024\"},\"url\":\"https:\\\/\\\/cvinoticias.com\\\/v3\\\/author\\\/f1000024\\\/\"}]}<\/script>\n<!-- \/ Yoast SEO plugin. -->","yoast_head_json":{"title":"La CGT ratific\u00f3 la marcha de agosto y conden\u00f3 la especulaci\u00f3n econ\u00f3mica | CVI NOTICIAS","robots":{"index":"index","follow":"follow","max-snippet":"max-snippet:-1","max-image-preview":"max-image-preview:large","max-video-preview":"max-video-preview:-1"},"canonical":"https:\/\/cvinoticias.com\/v3\/la-cgt-ratifico-la-marcha-de-agosto-y-condeno-la-especulacion-economica\/","og_locale":"es_ES","og_type":"article","og_title":"La CGT ratific\u00f3 la marcha de agosto y conden\u00f3 la especulaci\u00f3n econ\u00f3mica | CVI NOTICIAS","og_description":"La movilizaci\u00f3n ser\u00e1 desde el Obelisco hacia la Plaza de los Dos Congresos en demanda de \u00absoluciones claras\u00bb. El Consejo Directivo de la CGT ratific\u00f3 la movilizaci\u00f3n del pr\u00f3ximo 17 de agosto desde el Obelisco hacia la Plaza de los Dos Congresos en rechazo de \u00abla especulaci\u00f3n econ\u00f3mica\u00bb y en demanda de \u00absoluciones claras\u00bb, y [&hellip;]","og_url":"https:\/\/cvinoticias.com\/v3\/la-cgt-ratifico-la-marcha-de-agosto-y-condeno-la-especulacion-economica\/","og_site_name":"CVI NOTICIAS","article_publisher":"https:\/\/www.facebook.com\/cvinoticias","article_published_time":"2022-07-22T10:31:23+00:00","og_image":[{"width":1200,"height":628,"url":"https:\/\/cvinoticias.com\/wp-content\/uploads\/2022\/07\/0000106062.jpg","type":"image\/jpeg"}],"author":"f1000024","twitter_card":"summary_large_image","twitter_misc":{"Escrito por":"f1000024","Tiempo de lectura":"4 minutos"},"schema":{"@context":"https:\/\/schema.org","@graph":[{"@type":"Article","@id":"https:\/\/cvinoticias.com\/v3\/la-cgt-ratifico-la-marcha-de-agosto-y-condeno-la-especulacion-economica\/#article","isPartOf":{"@id":"https:\/\/cvinoticias.com\/v3\/la-cgt-ratifico-la-marcha-de-agosto-y-condeno-la-especulacion-economica\/"},"author":{"name":"f1000024","@id":"https:\/\/cvinoticias.com\/v3\/#\/schema\/person\/2db77e3c6bc03c538495d7b2b8be9b66"},"headline":"La CGT ratific\u00f3 la marcha de agosto y conden\u00f3 la especulaci\u00f3n econ\u00f3mica","datePublished":"2022-07-22T10:31:23+00:00","mainEntityOfPage":{"@id":"https:\/\/cvinoticias.com\/v3\/la-cgt-ratifico-la-marcha-de-agosto-y-condeno-la-especulacion-economica\/"},"wordCount":795,"commentCount":0,"publisher":{"@id":"https:\/\/cvinoticias.com\/v3\/#organization"},"image":{"@id":"https:\/\/cvinoticias.com\/v3\/la-cgt-ratifico-la-marcha-de-agosto-y-condeno-la-especulacion-economica\/#primaryimage"},"thumbnailUrl":"https:\/\/cvinoticias.com\/wp-content\/uploads\/2022\/07\/0000106062.jpg","articleSection":["Nacionales"],"inLanguage":"es","potentialAction":[{"@type":"CommentAction","name":"Comment","target":["https:\/\/cvinoticias.com\/v3\/la-cgt-ratifico-la-marcha-de-agosto-y-condeno-la-especulacion-economica\/#respond"]}]},{"@type":"WebPage","@id":"https:\/\/cvinoticias.com\/v3\/la-cgt-ratifico-la-marcha-de-agosto-y-condeno-la-especulacion-economica\/","url":"https:\/\/cvinoticias.com\/v3\/la-cgt-ratifico-la-marcha-de-agosto-y-condeno-la-especulacion-economica\/","name":"La CGT ratific\u00f3 la marcha de agosto y conden\u00f3 la especulaci\u00f3n econ\u00f3mica | CVI NOTICIAS","isPartOf":{"@id":"https:\/\/cvinoticias.com\/v3\/#website"},"primaryImageOfPage":{"@id":"https:\/\/cvinoticias.com\/v3\/la-cgt-ratifico-la-marcha-de-agosto-y-condeno-la-especulacion-economica\/#primaryimage"},"image":{"@id":"https:\/\/cvinoticias.com\/v3\/la-cgt-ratifico-la-marcha-de-agosto-y-condeno-la-especulacion-economica\/#primaryimage"},"thumbnailUrl":"https:\/\/cvinoticias.com\/wp-content\/uploads\/2022\/07\/0000106062.jpg","datePublished":"2022-07-22T10:31:23+00:00","breadcrumb":{"@id":"https:\/\/cvinoticias.com\/v3\/la-cgt-ratifico-la-marcha-de-agosto-y-condeno-la-especulacion-economica\/#breadcrumb"},"inLanguage":"es","potentialAction":[{"@type":"ReadAction","target":["https:\/\/cvinoticias.com\/v3\/la-cgt-ratifico-la-marcha-de-agosto-y-condeno-la-especulacion-economica\/"]}]},{"@type":"ImageObject","inLanguage":"es","@id":"https:\/\/cvinoticias.com\/v3\/la-cgt-ratifico-la-marcha-de-agosto-y-condeno-la-especulacion-economica\/#primaryimage","url":"https:\/\/cvinoticias.com\/wp-content\/uploads\/2022\/07\/0000106062.jpg","contentUrl":"https:\/\/cvinoticias.com\/wp-content\/uploads\/2022\/07\/0000106062.jpg","width":1200,"height":628},{"@type":"BreadcrumbList","@id":"https:\/\/cvinoticias.com\/v3\/la-cgt-ratifico-la-marcha-de-agosto-y-condeno-la-especulacion-economica\/#breadcrumb","itemListElement":[{"@type":"ListItem","position":1,"name":"Portada","item":"https:\/\/cvinoticias.com\/v3\/"},{"@type":"ListItem","position":2,"name":"La CGT ratific\u00f3 la marcha de agosto y conden\u00f3 la especulaci\u00f3n econ\u00f3mica"}]},{"@type":"WebSite","@id":"https:\/\/cvinoticias.com\/v3\/#website","url":"https:\/\/cvinoticias.com\/v3\/","name":"CVI NOTICIAS","description":"","publisher":{"@id":"https:\/\/cvinoticias.com\/v3\/#organization"},"alternateName":"CVI","potentialAction":[{"@type":"SearchAction","target":{"@type":"EntryPoint","urlTemplate":"https:\/\/cvinoticias.com\/v3\/?s={search_term_string}"},"query-input":{"@type":"PropertyValueSpecification","valueRequired":true,"valueName":"search_term_string"}}],"inLanguage":"es"},{"@type":"Organization","@id":"https:\/\/cvinoticias.com\/v3\/#organization","name":"CVI NOTICIAS","url":"https:\/\/cvinoticias.com\/v3\/","logo":{"@type":"ImageObject","inLanguage":"es","@id":"https:\/\/cvinoticias.com\/v3\/#\/schema\/logo\/image\/","url":"https:\/\/cvinoticias.com\/wp-content\/uploads\/2023\/04\/cropped-cropped-cropped-cropped-cropped-3-1.png","contentUrl":"https:\/\/cvinoticias.com\/wp-content\/uploads\/2023\/04\/cropped-cropped-cropped-cropped-cropped-3-1.png","width":95,"height":122,"caption":"CVI NOTICIAS"},"image":{"@id":"https:\/\/cvinoticias.com\/v3\/#\/schema\/logo\/image\/"},"sameAs":["https:\/\/www.facebook.com\/cvinoticias","https:\/\/www.instagram.com\/cvinoticias\/","https:\/\/www.youtube.com\/@CVINOTICIAS"]},{"@type":"Person","@id":"https:\/\/cvinoticias.com\/v3\/#\/schema\/person\/2db77e3c6bc03c538495d7b2b8be9b66","name":"f1000024","image":{"@type":"ImageObject","inLanguage":"es","@id":"https:\/\/secure.gravatar.com\/avatar\/d4fe7459cfc51ff5129ce1a732bbef5928568b8092d412ef95611616376bbeed?s=96&d=mm&r=g","url":"https:\/\/secure.gravatar.com\/avatar\/d4fe7459cfc51ff5129ce1a732bbef5928568b8092d412ef95611616376bbeed?s=96&d=mm&r=g","contentUrl":"https:\/\/secure.gravatar.com\/avatar\/d4fe7459cfc51ff5129ce1a732bbef5928568b8092d412ef95611616376bbeed?s=96&d=mm&r=g","caption":"f1000024"},"url":"https:\/\/cvinoticias.com\/v3\/author\/f1000024\/"}]}},"_links":{"self":[{"href":"https:\/\/cvinoticias.com\/v3\/wp-json\/wp\/v2\/posts\/17797","targetHints":{"allow":["GET"]}}],"collection":[{"href":"https:\/\/cvinoticias.com\/v3\/wp-json\/wp\/v2\/posts"}],"about":[{"href":"https:\/\/cvinoticias.com\/v3\/wp-json\/wp\/v2\/types\/post"}],"author":[{"embeddable":true,"href":"https:\/\/cvinoticias.com\/v3\/wp-json\/wp\/v2\/users\/2"}],"replies":[{"embeddable":true,"href":"https:\/\/cvinoticias.com\/v3\/wp-json\/wp\/v2\/comments?post=17797"}],"version-history":[{"count":1,"href":"https:\/\/cvinoticias.com\/v3\/wp-json\/wp\/v2\/posts\/17797\/revisions"}],"predecessor-version":[{"id":17799,"href":"https:\/\/cvinoticias.com\/v3\/wp-json\/wp\/v2\/posts\/17797\/revisions\/17799"}],"wp:featuredmedia":[{"embeddable":true,"href":"https:\/\/cvinoticias.com\/v3\/wp-json\/wp\/v2\/media\/17798"}],"wp:attachment":[{"href":"https:\/\/cvinoticias.com\/v3\/wp-json\/wp\/v2\/media?parent=17797"}],"wp:term":[{"taxonomy":"category","embeddable":true,"href":"https:\/\/cvinoticias.com\/v3\/wp-json\/wp\/v2\/categories?post=17797"},{"taxonomy":"post_tag","embeddable":true,"href":"https:\/\/cvinoticias.com\/v3\/wp-json\/wp\/v2\/tags?post=17797"}],"curies":[{"name":"wp","href":"https:\/\/api.w.org\/{rel}","templated":true}]}}