{"id":17780,"date":"2022-07-21T12:51:54","date_gmt":"2022-07-21T12:51:54","guid":{"rendered":"https:\/\/cvinoticias.com\/v3\/?p=17780"},"modified":"2022-07-21T12:51:54","modified_gmt":"2022-07-21T12:51:54","slug":"el-enacom-estuvo-presente-en-el-foro-de-tecnologias-digitales-de-china-celac","status":"publish","type":"post","link":"https:\/\/cvinoticias.com\/v3\/el-enacom-estuvo-presente-en-el-foro-de-tecnologias-digitales-de-china-celac\/","title":{"rendered":"El ENACOM estuvo presente en el Foro de Tecnolog\u00edas Digitales de China-CELAC"},"content":{"rendered":"\n<p><strong><em>Durante la actividad, se presentaron los recientes avances en tecnolog\u00edas digitales y se realiz\u00f3 la puesta en com\u00fan de experiencias en desarrollo<\/em><\/strong><\/p>\n\n\n\n<p>El presidente del Ente Nacional de Comunicaciones (ENACOM), Claudio Ambrosini, particip\u00f3 en el Foro de Cooperaci\u00f3n en Tecnolog\u00edas Digitales de China-Comunidad de Estados Latinoamericanos y Caribe\u00f1os (CELAC), que tiene como objetivo explorar nuevos caminos para la cooperaci\u00f3n y, de esta forma, trabajar conjuntamente hacia una nueva era digital, poniendo en com\u00fan las perspectivas de intercambio.<\/p>\n\n\n\n<p>Durante el acto de apertura, estuvieron presentes el titular de ENACOM, Claudio Ambrosini, y el viceministro de Industria y Tecnolog\u00edas de la Informaci\u00f3n de la Rep\u00fablica Popular de China, Zhang Yunming, as\u00ed como representantes de las autoridades de informaci\u00f3n y comunicaci\u00f3n de los Estados miembros de la CELAC.<\/p>\n\n\n\n<p>Durante la actividad, se presentaron los recientes avances en tecnolog\u00edas digitales y se realiz\u00f3 la puesta en com\u00fan de experiencias en desarrollo. En tanto representante de la presidencia pro tempore argentina de la CELAC, Ambrosini explic\u00f3: \u201cEn primer lugar, destacar que la pandemia desnud\u00f3 lo que era la falta de conectividad en casi todo el mundo. Los intercambios que tuvimos con otros pa\u00edses nos permitieron hacer un trabajo mancomunado y evitar una saturaci\u00f3n en el tr\u00e1fico de redes por la no presencialidad. Cuando asumimos como parte de la gesti\u00f3n del presidente Alberto Fern\u00e1ndez, nos encontramos con una situaci\u00f3n asim\u00e9trica en la relaci\u00f3n entre los que menos ten\u00edan y los sectores de m\u00e1s altos recursos. Con el Servicio Universal, como fondo de financiamiento de tecnolog\u00edas, pusimos en funcionamiento planes para solventar la conectividad al usuario final. A partir de eso, creamos programas donde se abordaron primero los barrios populares y, luego, se avanz\u00f3 a instituciones p\u00fablicas y zonas desfavorecidas por asimetr\u00eda geogr\u00e1fica, con el objetivo de que la conectividad llegue r\u00e1pidamente y con calidad. Desplegamos fibra \u00f3ptica de forma continua y a medida que se liberaron las actividades, llegamos a m\u00e1s de 500 barrios populares, lo que es una cifra importante\u201d.<\/p>\n\n\n\n<figure class=\"wp-block-image size-full\"><a href=\"https:\/\/cvinoticias.com\/wp-content\/uploads\/2022\/07\/0000492565.jpg\"><img decoding=\"async\" width=\"948\" height=\"711\" data-src=\"https:\/\/cvinoticias.com\/wp-content\/uploads\/2022\/07\/0000492565.jpg\" alt=\"\" class=\"wp-image-17781 lazyload\" data-srcset=\"https:\/\/cvinoticias.com\/wp-content\/uploads\/2022\/07\/0000492565.jpg 948w, https:\/\/cvinoticias.com\/wp-content\/uploads\/2022\/07\/0000492565-300x225.jpg 300w, https:\/\/cvinoticias.com\/wp-content\/uploads\/2022\/07\/0000492565-768x576.jpg 768w\" data-sizes=\"(max-width: 948px) 100vw, 948px\" src=\"data:image\/svg+xml;base64,PHN2ZyB3aWR0aD0iMSIgaGVpZ2h0PSIxIiB4bWxucz0iaHR0cDovL3d3dy53My5vcmcvMjAwMC9zdmciPjwvc3ZnPg==\" style=\"--smush-placeholder-width: 948px; --smush-placeholder-aspect-ratio: 948\/711;\" \/><\/a><\/figure>\n\n\n\n<p>\u201cComo dijo usted, viceministro, la fibra al hogar es la tecnolog\u00eda m\u00e1s importante que tenemos, para que los y las habitantes del pa\u00eds puedan contar con la conectividad necesaria que garantice los derechos y servicios esenciales que el Estado nacional ha definido como prioritarios. Hace poco terminamos de licitar el espectro de 4G para brindar una mejor cobertura. Adem\u00e1s, estamos en el proceso de limpieza de las bandas, lo que es una preocupaci\u00f3n de la gesti\u00f3n, para potenciar Internet al hogar y que as\u00ed haya un mismo punto de partida en igualdad de condiciones, con las mismas oportunidades. En cuanto al 5G, creamos un reglamento con neutralidad tecnol\u00f3gica y realizamos la limpieza de banda. Estamos seguros de que ustedes podr\u00e1n marcarnos el rumbo, dado que ya cuentan con un enorme porcentaje de la poblaci\u00f3n con 5G\u201d, agreg\u00f3 Ambrosini. Asimismo, el presidente de ENACOM remarc\u00f3 sobre esta nueva tecnolog\u00eda: \u201cCreemos que, en la Argentina, quiz\u00e1s la primera aplicaci\u00f3n que vemos para el 5G es para los procesos productivos y en cuanto a bienes estrat\u00e9gicos, como la exploraci\u00f3n del petr\u00f3leo y del gas, la industria automotriz y la telemedicina. Nosotros vamos a promover que esos \u00e1mbitos cuenten con esa tecnolog\u00eda, para despu\u00e9s s\u00ed realizar conjuntamente un despliegue con mayor inversi\u00f3n con las empresas privadas\u201d.<\/p>\n\n\n\n<p>Finalmente, Ambrosini puntualiz\u00f3: \u201cSabemos que la importancia de este Foro es fortalecer el intercambio de experiencias y aprender el uno del otro. Esto nos va a permitir el intercambio de experiencias. Sabemos que un ciudadano no conectado queda fuera del mundo. Por eso, conectar a los no conectados es una de las premisas fundamentales que tenemos como pa\u00eds\u201d. Asimismo, el titular del Ente agradeci\u00f3 a Canciller\u00eda, a la CELAC y al subsecretario de Asuntos de Am\u00e9rica Latina y el Caribe de la Canciller\u00eda argentina, embajador Gustavo Mart\u00ednez Pandiani, tambi\u00e9n coordinador nacional de la CELAC.<\/p>\n\n\n\n<p>Por su parte, el viceministro Zhang Yunming realiz\u00f3 un repaso por las prioridades a tratar en el Foro, as\u00ed como los temas de inter\u00e9s en com\u00fan entre China y la regi\u00f3n de Latinoam\u00e9rica y el Caribe, y las problem\u00e1ticas actuales en el mundo digital. En este sentido, hizo foco en los tres principales ejes del Foro y del trabajo en la regi\u00f3n: \u201cEn primer lugar, crear plataformas de di\u00e1logo multidimensional en diversas \u00e1reas para la cooperaci\u00f3n conjunta en el desarrollo de la tecnolog\u00eda digital. Segundo, elevar el nivel de cooperaci\u00f3n con innovaci\u00f3n. Y, por \u00faltimo, intensificar la gobernanza multilateral y propiciar un buen \u00e1mbito para la cooperaci\u00f3n con la regi\u00f3n\u201d.<\/p>\n\n\n\n<p>El Foro China-CELAC forma parte del Plan de Acci\u00f3n para el per\u00edodo 2022-2024, que busca compartir experiencias y desarrollos recientes en tecnolog\u00edas digitales, y mantener intercambios sobre la construcci\u00f3n de nuevas infraestructuras, inteligencia artificial, 5G, servicios universales de telecomunicaciones y gesti\u00f3n del espectro radioel\u00e9ctrico.<\/p>\n\n\n\n<p>En 2021, y bajo la premisa \u201cExplorando nuevos caminos para la cooperaci\u00f3n China-CELAC y uniendo esfuerzos para avanzar hacia una nueva era digital\u201d, el Foro abord\u00f3 en profundidad distintos debates para identificar la nueva direcci\u00f3n de la cooperaci\u00f3n China-CELAC en las \u00e1reas de tecnolog\u00edas digitales y fomentar iniciativas que impulsen el desarrollo econ\u00f3mico en la era pospandemia<\/p>\n\n\n\n<p>De esta manera, ENACOM mantiene y fortalece su compromiso con el trabajo no solo con la regi\u00f3n, sino tambi\u00e9n con el resto del mundo, para generar un intercambio de experiencias y conocimientos en un mundo que cada d\u00eda m\u00e1s demanda de una sinergia fluida y en comunicaci\u00f3n constante, con la finalidad de incluir a todas y a todos en el futuro de las nuevas tecnolog\u00edas.<\/p>\n\n\n\n<figure class=\"wp-block-image size-full\"><a href=\"https:\/\/cvinoticias.com\/wp-content\/uploads\/2022\/07\/archivo_20220719124906_7458_730x730.jpg\"><img decoding=\"async\" width=\"730\" height=\"730\" data-src=\"https:\/\/cvinoticias.com\/wp-content\/uploads\/2022\/07\/archivo_20220719124906_7458_730x730.jpg\" alt=\"\" class=\"wp-image-17782 lazyload\" data-srcset=\"https:\/\/cvinoticias.com\/wp-content\/uploads\/2022\/07\/archivo_20220719124906_7458_730x730.jpg 730w, https:\/\/cvinoticias.com\/wp-content\/uploads\/2022\/07\/archivo_20220719124906_7458_730x730-300x300.jpg 300w, https:\/\/cvinoticias.com\/wp-content\/uploads\/2022\/07\/archivo_20220719124906_7458_730x730-150x150.jpg 150w\" data-sizes=\"(max-width: 730px) 100vw, 730px\" src=\"data:image\/svg+xml;base64,PHN2ZyB3aWR0aD0iMSIgaGVpZ2h0PSIxIiB4bWxucz0iaHR0cDovL3d3dy53My5vcmcvMjAwMC9zdmciPjwvc3ZnPg==\" style=\"--smush-placeholder-width: 730px; --smush-placeholder-aspect-ratio: 730\/730;\" \/><\/a><\/figure>\n","protected":false},"excerpt":{"rendered":"<p>Durante la actividad, se presentaron los recientes avances en tecnolog\u00edas digitales y se realiz\u00f3 la puesta en com\u00fan de experiencias en desarrollo El presidente del Ente Nacional de Comunicaciones (ENACOM), Claudio Ambrosini, particip\u00f3 en el Foro de Cooperaci\u00f3n en Tecnolog\u00edas Digitales de China-Comunidad de Estados Latinoamericanos y Caribe\u00f1os (CELAC), que tiene como objetivo explorar nuevos [&hellip;]<\/p>\n","protected":false},"author":2,"featured_media":17783,"comment_status":"open","ping_status":"open","sticky":false,"template":"","format":"standard","meta":{"footnotes":""},"categories":[98],"tags":[],"class_list":["post-17780","post","type-post","status-publish","format-standard","has-post-thumbnail","hentry","category-conectividad"],"yoast_head":"<!-- This site is optimized with the Yoast SEO plugin v27.5 - https:\/\/yoast.com\/product\/yoast-seo-wordpress\/ -->\n<title>El ENACOM estuvo presente en el Foro de Tecnolog\u00edas Digitales de China-CELAC | CVI NOTICIAS<\/title>\n<meta name=\"robots\" content=\"index, follow, max-snippet:-1, max-image-preview:large, max-video-preview:-1\" \/>\n<link rel=\"canonical\" href=\"https:\/\/cvinoticias.com\/v3\/el-enacom-estuvo-presente-en-el-foro-de-tecnologias-digitales-de-china-celac\/\" \/>\n<meta property=\"og:locale\" content=\"es_ES\" \/>\n<meta property=\"og:type\" content=\"article\" \/>\n<meta property=\"og:title\" content=\"El ENACOM estuvo presente en el Foro de Tecnolog\u00edas Digitales de China-CELAC | CVI NOTICIAS\" \/>\n<meta property=\"og:description\" content=\"Durante la actividad, se presentaron los recientes avances en tecnolog\u00edas digitales y se realiz\u00f3 la puesta en com\u00fan de experiencias en desarrollo El presidente del Ente Nacional de Comunicaciones (ENACOM), Claudio Ambrosini, particip\u00f3 en el Foro de Cooperaci\u00f3n en Tecnolog\u00edas Digitales de China-Comunidad de Estados Latinoamericanos y Caribe\u00f1os (CELAC), que tiene como objetivo explorar nuevos [&hellip;]\" \/>\n<meta property=\"og:url\" content=\"https:\/\/cvinoticias.com\/v3\/el-enacom-estuvo-presente-en-el-foro-de-tecnologias-digitales-de-china-celac\/\" \/>\n<meta property=\"og:site_name\" content=\"CVI NOTICIAS\" \/>\n<meta property=\"article:publisher\" content=\"https:\/\/www.facebook.com\/cvinoticias\" \/>\n<meta property=\"article:published_time\" content=\"2022-07-21T12:51:54+00:00\" \/>\n<meta property=\"og:image\" content=\"https:\/\/cvinoticias.com\/wp-content\/uploads\/2022\/07\/archivo_20220719124354_3054_730x547.jpg\" \/>\n\t<meta property=\"og:image:width\" content=\"730\" \/>\n\t<meta property=\"og:image:height\" content=\"547\" \/>\n\t<meta property=\"og:image:type\" content=\"image\/jpeg\" \/>\n<meta name=\"author\" content=\"f1000024\" \/>\n<meta name=\"twitter:card\" content=\"summary_large_image\" \/>\n<meta name=\"twitter:label1\" content=\"Escrito por\" \/>\n\t<meta name=\"twitter:data1\" content=\"f1000024\" \/>\n\t<meta name=\"twitter:label2\" content=\"Tiempo de lectura\" \/>\n\t<meta name=\"twitter:data2\" content=\"5 minutos\" \/>\n<script type=\"application\/ld+json\" class=\"yoast-schema-graph\">{\"@context\":\"https:\\\/\\\/schema.org\",\"@graph\":[{\"@type\":\"Article\",\"@id\":\"https:\\\/\\\/cvinoticias.com\\\/v3\\\/el-enacom-estuvo-presente-en-el-foro-de-tecnologias-digitales-de-china-celac\\\/#article\",\"isPartOf\":{\"@id\":\"https:\\\/\\\/cvinoticias.com\\\/v3\\\/el-enacom-estuvo-presente-en-el-foro-de-tecnologias-digitales-de-china-celac\\\/\"},\"author\":{\"name\":\"f1000024\",\"@id\":\"https:\\\/\\\/cvinoticias.com\\\/v3\\\/#\\\/schema\\\/person\\\/2db77e3c6bc03c538495d7b2b8be9b66\"},\"headline\":\"El ENACOM estuvo presente en el Foro de Tecnolog\u00edas Digitales de China-CELAC\",\"datePublished\":\"2022-07-21T12:51:54+00:00\",\"mainEntityOfPage\":{\"@id\":\"https:\\\/\\\/cvinoticias.com\\\/v3\\\/el-enacom-estuvo-presente-en-el-foro-de-tecnologias-digitales-de-china-celac\\\/\"},\"wordCount\":1002,\"commentCount\":0,\"publisher\":{\"@id\":\"https:\\\/\\\/cvinoticias.com\\\/v3\\\/#organization\"},\"image\":{\"@id\":\"https:\\\/\\\/cvinoticias.com\\\/v3\\\/el-enacom-estuvo-presente-en-el-foro-de-tecnologias-digitales-de-china-celac\\\/#primaryimage\"},\"thumbnailUrl\":\"https:\\\/\\\/cvinoticias.com\\\/wp-content\\\/uploads\\\/2022\\\/07\\\/archivo_20220719124354_3054_730x547.jpg\",\"articleSection\":[\"Conectividad\"],\"inLanguage\":\"es\",\"potentialAction\":[{\"@type\":\"CommentAction\",\"name\":\"Comment\",\"target\":[\"https:\\\/\\\/cvinoticias.com\\\/v3\\\/el-enacom-estuvo-presente-en-el-foro-de-tecnologias-digitales-de-china-celac\\\/#respond\"]}]},{\"@type\":\"WebPage\",\"@id\":\"https:\\\/\\\/cvinoticias.com\\\/v3\\\/el-enacom-estuvo-presente-en-el-foro-de-tecnologias-digitales-de-china-celac\\\/\",\"url\":\"https:\\\/\\\/cvinoticias.com\\\/v3\\\/el-enacom-estuvo-presente-en-el-foro-de-tecnologias-digitales-de-china-celac\\\/\",\"name\":\"El ENACOM estuvo presente en el Foro de Tecnolog\u00edas Digitales de China-CELAC | CVI NOTICIAS\",\"isPartOf\":{\"@id\":\"https:\\\/\\\/cvinoticias.com\\\/v3\\\/#website\"},\"primaryImageOfPage\":{\"@id\":\"https:\\\/\\\/cvinoticias.com\\\/v3\\\/el-enacom-estuvo-presente-en-el-foro-de-tecnologias-digitales-de-china-celac\\\/#primaryimage\"},\"image\":{\"@id\":\"https:\\\/\\\/cvinoticias.com\\\/v3\\\/el-enacom-estuvo-presente-en-el-foro-de-tecnologias-digitales-de-china-celac\\\/#primaryimage\"},\"thumbnailUrl\":\"https:\\\/\\\/cvinoticias.com\\\/wp-content\\\/uploads\\\/2022\\\/07\\\/archivo_20220719124354_3054_730x547.jpg\",\"datePublished\":\"2022-07-21T12:51:54+00:00\",\"breadcrumb\":{\"@id\":\"https:\\\/\\\/cvinoticias.com\\\/v3\\\/el-enacom-estuvo-presente-en-el-foro-de-tecnologias-digitales-de-china-celac\\\/#breadcrumb\"},\"inLanguage\":\"es\",\"potentialAction\":[{\"@type\":\"ReadAction\",\"target\":[\"https:\\\/\\\/cvinoticias.com\\\/v3\\\/el-enacom-estuvo-presente-en-el-foro-de-tecnologias-digitales-de-china-celac\\\/\"]}]},{\"@type\":\"ImageObject\",\"inLanguage\":\"es\",\"@id\":\"https:\\\/\\\/cvinoticias.com\\\/v3\\\/el-enacom-estuvo-presente-en-el-foro-de-tecnologias-digitales-de-china-celac\\\/#primaryimage\",\"url\":\"https:\\\/\\\/cvinoticias.com\\\/wp-content\\\/uploads\\\/2022\\\/07\\\/archivo_20220719124354_3054_730x547.jpg\",\"contentUrl\":\"https:\\\/\\\/cvinoticias.com\\\/wp-content\\\/uploads\\\/2022\\\/07\\\/archivo_20220719124354_3054_730x547.jpg\",\"width\":730,\"height\":547},{\"@type\":\"BreadcrumbList\",\"@id\":\"https:\\\/\\\/cvinoticias.com\\\/v3\\\/el-enacom-estuvo-presente-en-el-foro-de-tecnologias-digitales-de-china-celac\\\/#breadcrumb\",\"itemListElement\":[{\"@type\":\"ListItem\",\"position\":1,\"name\":\"Portada\",\"item\":\"https:\\\/\\\/cvinoticias.com\\\/v3\\\/\"},{\"@type\":\"ListItem\",\"position\":2,\"name\":\"El ENACOM estuvo presente en el Foro de Tecnolog\u00edas Digitales de China-CELAC\"}]},{\"@type\":\"WebSite\",\"@id\":\"https:\\\/\\\/cvinoticias.com\\\/v3\\\/#website\",\"url\":\"https:\\\/\\\/cvinoticias.com\\\/v3\\\/\",\"name\":\"CVI NOTICIAS\",\"description\":\"\",\"publisher\":{\"@id\":\"https:\\\/\\\/cvinoticias.com\\\/v3\\\/#organization\"},\"alternateName\":\"CVI\",\"potentialAction\":[{\"@type\":\"SearchAction\",\"target\":{\"@type\":\"EntryPoint\",\"urlTemplate\":\"https:\\\/\\\/cvinoticias.com\\\/v3\\\/?s={search_term_string}\"},\"query-input\":{\"@type\":\"PropertyValueSpecification\",\"valueRequired\":true,\"valueName\":\"search_term_string\"}}],\"inLanguage\":\"es\"},{\"@type\":\"Organization\",\"@id\":\"https:\\\/\\\/cvinoticias.com\\\/v3\\\/#organization\",\"name\":\"CVI NOTICIAS\",\"url\":\"https:\\\/\\\/cvinoticias.com\\\/v3\\\/\",\"logo\":{\"@type\":\"ImageObject\",\"inLanguage\":\"es\",\"@id\":\"https:\\\/\\\/cvinoticias.com\\\/v3\\\/#\\\/schema\\\/logo\\\/image\\\/\",\"url\":\"https:\\\/\\\/cvinoticias.com\\\/wp-content\\\/uploads\\\/2023\\\/04\\\/cropped-cropped-cropped-cropped-cropped-3-1.png\",\"contentUrl\":\"https:\\\/\\\/cvinoticias.com\\\/wp-content\\\/uploads\\\/2023\\\/04\\\/cropped-cropped-cropped-cropped-cropped-3-1.png\",\"width\":95,\"height\":122,\"caption\":\"CVI NOTICIAS\"},\"image\":{\"@id\":\"https:\\\/\\\/cvinoticias.com\\\/v3\\\/#\\\/schema\\\/logo\\\/image\\\/\"},\"sameAs\":[\"https:\\\/\\\/www.facebook.com\\\/cvinoticias\",\"https:\\\/\\\/www.instagram.com\\\/cvinoticias\\\/\",\"https:\\\/\\\/www.youtube.com\\\/@CVINOTICIAS\"]},{\"@type\":\"Person\",\"@id\":\"https:\\\/\\\/cvinoticias.com\\\/v3\\\/#\\\/schema\\\/person\\\/2db77e3c6bc03c538495d7b2b8be9b66\",\"name\":\"f1000024\",\"image\":{\"@type\":\"ImageObject\",\"inLanguage\":\"es\",\"@id\":\"https:\\\/\\\/secure.gravatar.com\\\/avatar\\\/d4fe7459cfc51ff5129ce1a732bbef5928568b8092d412ef95611616376bbeed?s=96&d=mm&r=g\",\"url\":\"https:\\\/\\\/secure.gravatar.com\\\/avatar\\\/d4fe7459cfc51ff5129ce1a732bbef5928568b8092d412ef95611616376bbeed?s=96&d=mm&r=g\",\"contentUrl\":\"https:\\\/\\\/secure.gravatar.com\\\/avatar\\\/d4fe7459cfc51ff5129ce1a732bbef5928568b8092d412ef95611616376bbeed?s=96&d=mm&r=g\",\"caption\":\"f1000024\"},\"url\":\"https:\\\/\\\/cvinoticias.com\\\/v3\\\/author\\\/f1000024\\\/\"}]}<\/script>\n<!-- \/ Yoast SEO plugin. -->","yoast_head_json":{"title":"El ENACOM estuvo presente en el Foro de Tecnolog\u00edas Digitales de China-CELAC | CVI NOTICIAS","robots":{"index":"index","follow":"follow","max-snippet":"max-snippet:-1","max-image-preview":"max-image-preview:large","max-video-preview":"max-video-preview:-1"},"canonical":"https:\/\/cvinoticias.com\/v3\/el-enacom-estuvo-presente-en-el-foro-de-tecnologias-digitales-de-china-celac\/","og_locale":"es_ES","og_type":"article","og_title":"El ENACOM estuvo presente en el Foro de Tecnolog\u00edas Digitales de China-CELAC | CVI NOTICIAS","og_description":"Durante la actividad, se presentaron los recientes avances en tecnolog\u00edas digitales y se realiz\u00f3 la puesta en com\u00fan de experiencias en desarrollo El presidente del Ente Nacional de Comunicaciones (ENACOM), Claudio Ambrosini, particip\u00f3 en el Foro de Cooperaci\u00f3n en Tecnolog\u00edas Digitales de China-Comunidad de Estados Latinoamericanos y Caribe\u00f1os (CELAC), que tiene como objetivo explorar nuevos [&hellip;]","og_url":"https:\/\/cvinoticias.com\/v3\/el-enacom-estuvo-presente-en-el-foro-de-tecnologias-digitales-de-china-celac\/","og_site_name":"CVI NOTICIAS","article_publisher":"https:\/\/www.facebook.com\/cvinoticias","article_published_time":"2022-07-21T12:51:54+00:00","og_image":[{"width":730,"height":547,"url":"https:\/\/cvinoticias.com\/wp-content\/uploads\/2022\/07\/archivo_20220719124354_3054_730x547.jpg","type":"image\/jpeg"}],"author":"f1000024","twitter_card":"summary_large_image","twitter_misc":{"Escrito por":"f1000024","Tiempo de lectura":"5 minutos"},"schema":{"@context":"https:\/\/schema.org","@graph":[{"@type":"Article","@id":"https:\/\/cvinoticias.com\/v3\/el-enacom-estuvo-presente-en-el-foro-de-tecnologias-digitales-de-china-celac\/#article","isPartOf":{"@id":"https:\/\/cvinoticias.com\/v3\/el-enacom-estuvo-presente-en-el-foro-de-tecnologias-digitales-de-china-celac\/"},"author":{"name":"f1000024","@id":"https:\/\/cvinoticias.com\/v3\/#\/schema\/person\/2db77e3c6bc03c538495d7b2b8be9b66"},"headline":"El ENACOM estuvo presente en el Foro de Tecnolog\u00edas Digitales de China-CELAC","datePublished":"2022-07-21T12:51:54+00:00","mainEntityOfPage":{"@id":"https:\/\/cvinoticias.com\/v3\/el-enacom-estuvo-presente-en-el-foro-de-tecnologias-digitales-de-china-celac\/"},"wordCount":1002,"commentCount":0,"publisher":{"@id":"https:\/\/cvinoticias.com\/v3\/#organization"},"image":{"@id":"https:\/\/cvinoticias.com\/v3\/el-enacom-estuvo-presente-en-el-foro-de-tecnologias-digitales-de-china-celac\/#primaryimage"},"thumbnailUrl":"https:\/\/cvinoticias.com\/wp-content\/uploads\/2022\/07\/archivo_20220719124354_3054_730x547.jpg","articleSection":["Conectividad"],"inLanguage":"es","potentialAction":[{"@type":"CommentAction","name":"Comment","target":["https:\/\/cvinoticias.com\/v3\/el-enacom-estuvo-presente-en-el-foro-de-tecnologias-digitales-de-china-celac\/#respond"]}]},{"@type":"WebPage","@id":"https:\/\/cvinoticias.com\/v3\/el-enacom-estuvo-presente-en-el-foro-de-tecnologias-digitales-de-china-celac\/","url":"https:\/\/cvinoticias.com\/v3\/el-enacom-estuvo-presente-en-el-foro-de-tecnologias-digitales-de-china-celac\/","name":"El ENACOM estuvo presente en el Foro de Tecnolog\u00edas Digitales de China-CELAC | CVI NOTICIAS","isPartOf":{"@id":"https:\/\/cvinoticias.com\/v3\/#website"},"primaryImageOfPage":{"@id":"https:\/\/cvinoticias.com\/v3\/el-enacom-estuvo-presente-en-el-foro-de-tecnologias-digitales-de-china-celac\/#primaryimage"},"image":{"@id":"https:\/\/cvinoticias.com\/v3\/el-enacom-estuvo-presente-en-el-foro-de-tecnologias-digitales-de-china-celac\/#primaryimage"},"thumbnailUrl":"https:\/\/cvinoticias.com\/wp-content\/uploads\/2022\/07\/archivo_20220719124354_3054_730x547.jpg","datePublished":"2022-07-21T12:51:54+00:00","breadcrumb":{"@id":"https:\/\/cvinoticias.com\/v3\/el-enacom-estuvo-presente-en-el-foro-de-tecnologias-digitales-de-china-celac\/#breadcrumb"},"inLanguage":"es","potentialAction":[{"@type":"ReadAction","target":["https:\/\/cvinoticias.com\/v3\/el-enacom-estuvo-presente-en-el-foro-de-tecnologias-digitales-de-china-celac\/"]}]},{"@type":"ImageObject","inLanguage":"es","@id":"https:\/\/cvinoticias.com\/v3\/el-enacom-estuvo-presente-en-el-foro-de-tecnologias-digitales-de-china-celac\/#primaryimage","url":"https:\/\/cvinoticias.com\/wp-content\/uploads\/2022\/07\/archivo_20220719124354_3054_730x547.jpg","contentUrl":"https:\/\/cvinoticias.com\/wp-content\/uploads\/2022\/07\/archivo_20220719124354_3054_730x547.jpg","width":730,"height":547},{"@type":"BreadcrumbList","@id":"https:\/\/cvinoticias.com\/v3\/el-enacom-estuvo-presente-en-el-foro-de-tecnologias-digitales-de-china-celac\/#breadcrumb","itemListElement":[{"@type":"ListItem","position":1,"name":"Portada","item":"https:\/\/cvinoticias.com\/v3\/"},{"@type":"ListItem","position":2,"name":"El ENACOM estuvo presente en el Foro de Tecnolog\u00edas Digitales de China-CELAC"}]},{"@type":"WebSite","@id":"https:\/\/cvinoticias.com\/v3\/#website","url":"https:\/\/cvinoticias.com\/v3\/","name":"CVI NOTICIAS","description":"","publisher":{"@id":"https:\/\/cvinoticias.com\/v3\/#organization"},"alternateName":"CVI","potentialAction":[{"@type":"SearchAction","target":{"@type":"EntryPoint","urlTemplate":"https:\/\/cvinoticias.com\/v3\/?s={search_term_string}"},"query-input":{"@type":"PropertyValueSpecification","valueRequired":true,"valueName":"search_term_string"}}],"inLanguage":"es"},{"@type":"Organization","@id":"https:\/\/cvinoticias.com\/v3\/#organization","name":"CVI NOTICIAS","url":"https:\/\/cvinoticias.com\/v3\/","logo":{"@type":"ImageObject","inLanguage":"es","@id":"https:\/\/cvinoticias.com\/v3\/#\/schema\/logo\/image\/","url":"https:\/\/cvinoticias.com\/wp-content\/uploads\/2023\/04\/cropped-cropped-cropped-cropped-cropped-3-1.png","contentUrl":"https:\/\/cvinoticias.com\/wp-content\/uploads\/2023\/04\/cropped-cropped-cropped-cropped-cropped-3-1.png","width":95,"height":122,"caption":"CVI NOTICIAS"},"image":{"@id":"https:\/\/cvinoticias.com\/v3\/#\/schema\/logo\/image\/"},"sameAs":["https:\/\/www.facebook.com\/cvinoticias","https:\/\/www.instagram.com\/cvinoticias\/","https:\/\/www.youtube.com\/@CVINOTICIAS"]},{"@type":"Person","@id":"https:\/\/cvinoticias.com\/v3\/#\/schema\/person\/2db77e3c6bc03c538495d7b2b8be9b66","name":"f1000024","image":{"@type":"ImageObject","inLanguage":"es","@id":"https:\/\/secure.gravatar.com\/avatar\/d4fe7459cfc51ff5129ce1a732bbef5928568b8092d412ef95611616376bbeed?s=96&d=mm&r=g","url":"https:\/\/secure.gravatar.com\/avatar\/d4fe7459cfc51ff5129ce1a732bbef5928568b8092d412ef95611616376bbeed?s=96&d=mm&r=g","contentUrl":"https:\/\/secure.gravatar.com\/avatar\/d4fe7459cfc51ff5129ce1a732bbef5928568b8092d412ef95611616376bbeed?s=96&d=mm&r=g","caption":"f1000024"},"url":"https:\/\/cvinoticias.com\/v3\/author\/f1000024\/"}]}},"_links":{"self":[{"href":"https:\/\/cvinoticias.com\/v3\/wp-json\/wp\/v2\/posts\/17780","targetHints":{"allow":["GET"]}}],"collection":[{"href":"https:\/\/cvinoticias.com\/v3\/wp-json\/wp\/v2\/posts"}],"about":[{"href":"https:\/\/cvinoticias.com\/v3\/wp-json\/wp\/v2\/types\/post"}],"author":[{"embeddable":true,"href":"https:\/\/cvinoticias.com\/v3\/wp-json\/wp\/v2\/users\/2"}],"replies":[{"embeddable":true,"href":"https:\/\/cvinoticias.com\/v3\/wp-json\/wp\/v2\/comments?post=17780"}],"version-history":[{"count":1,"href":"https:\/\/cvinoticias.com\/v3\/wp-json\/wp\/v2\/posts\/17780\/revisions"}],"predecessor-version":[{"id":17784,"href":"https:\/\/cvinoticias.com\/v3\/wp-json\/wp\/v2\/posts\/17780\/revisions\/17784"}],"wp:featuredmedia":[{"embeddable":true,"href":"https:\/\/cvinoticias.com\/v3\/wp-json\/wp\/v2\/media\/17783"}],"wp:attachment":[{"href":"https:\/\/cvinoticias.com\/v3\/wp-json\/wp\/v2\/media?parent=17780"}],"wp:term":[{"taxonomy":"category","embeddable":true,"href":"https:\/\/cvinoticias.com\/v3\/wp-json\/wp\/v2\/categories?post=17780"},{"taxonomy":"post_tag","embeddable":true,"href":"https:\/\/cvinoticias.com\/v3\/wp-json\/wp\/v2\/tags?post=17780"}],"curies":[{"name":"wp","href":"https:\/\/api.w.org\/{rel}","templated":true}]}}