{"id":17774,"date":"2022-07-21T12:34:44","date_gmt":"2022-07-21T12:34:44","guid":{"rendered":"https:\/\/cvinoticias.com\/v3\/?p=17774"},"modified":"2022-07-21T12:34:44","modified_gmt":"2022-07-21T12:34:44","slug":"argentina-esta-dentro-de-los-30-paises-que-mas-combaten-la-trata-de-personas","status":"publish","type":"post","link":"https:\/\/cvinoticias.com\/v3\/argentina-esta-dentro-de-los-30-paises-que-mas-combaten-la-trata-de-personas\/","title":{"rendered":"Argentina est\u00e1 dentro de los 30 pa\u00edses que m\u00e1s combaten la trata de personas"},"content":{"rendered":"\n<p><strong><em>El estudio contempla la materia de prevenci\u00f3n, persecuci\u00f3n, asistencia y protecci\u00f3n a las v\u00edctimas.<\/em><\/strong><\/p>\n\n\n\n<p>Argentina fue calificada en la categor\u00eda m\u00e1s alta en materia de esfuerzos para combatir la trata de personas junto a un grupo de 30 pa\u00edses sobre un total de 188, y comparte esa clasificaci\u00f3n en Am\u00e9rica Latina con Chile y Colombia, seg\u00fan el Informe Anual sobre Trata de Personas 2022 elaborado por el Departamento de Estado de los Estados Unidos.<\/p>\n\n\n\n<p>El estudio presentado por el Secretario de Estado de los Estados Unidos, Anthony Blinken, re\u00fane la informaci\u00f3n m\u00e1s completa sobre los esfuerzos gubernamentales de 188 pa\u00edses para combatir la trata y destaca las estrategias m\u00e1s relevantes para hacer frente a los tratantes y proteger y asistir a las v\u00edctimas.<\/p>\n\n\n\n<p>En base a informes locales, se clasifica a los pa\u00edses en cuatro niveles seg\u00fan los esfuerzos que realizan en materia de prevenci\u00f3n, persecuci\u00f3n, asistencia y protecci\u00f3n a las v\u00edctimas.En ese ranking, Argentina se ubic\u00f3 nuevamente en el Nivel 1, la m\u00e1xima categor\u00eda que comparte en Am\u00e9rica Latina con Chile y Colombia.<\/p>\n\n\n\n<p>\u00abQue la Argentina sea destacada junto a un pu\u00f1ado de pa\u00edses como los que m\u00e1s esfuerzos realizan para luchar contra la esclavitud sexual y laboral nos llena de orgullo y honra nuestra tradici\u00f3n de defensa de los derechos humanos y la dignidad humana\u00bb, dijo el director ejecutivo de Lucha contra la Trata y Explotaci\u00f3n de Personas y para la Protecci\u00f3n y Asistencia a las V\u00edctimas, Gustavo Vera, en un comunicado.<\/p>\n\n\n\n<p>En el cap\u00edtulo del informe referido a nuestro pa\u00eds, se se\u00f1ala que \u00abel Gobierno de Argentina cumple cabalmente con los est\u00e1ndares m\u00ednimos para la eliminaci\u00f3n de la trata\u00bb, al tiempo que \u00abcontinu\u00f3 demostrando esfuerzos serios y sostenidos durante el per\u00edodo del informe, considerando el impacto de la pandemia de Covid-19 en su capacidad contra la trata\u00bb.<\/p>\n\n\n\n<p>Entre los puntos por los cuales Argentina permanece en el m\u00e1ximo nivel, se destac\u00f3 la continuidad de los esfuerzos de enjuiciamiento y que la Procuradur\u00eda de Trata y Explotaci\u00f3n de Personas (Protex) del Ministerio P\u00fablico Fiscal abri\u00f3 175 investigaciones (101 por trata sexual, 58 por trata laboral, seis que involucran trata tanto sexual como laboral, y diez por explotaci\u00f3n no especificada para otros delitos de explotaci\u00f3n).<\/p>\n\n\n\n<p>A su vez, el Gobierno conden\u00f3 a 31 traficantes (24 traficantes sexuales y siete traficantes laborales) y se asisti\u00f3 a un total de 1.434 v\u00edctimas, incluidas las asistidas por la Secretar\u00eda Nacional de Ni\u00f1ez, Adolescencia y Familia (Senaf) y otras entidades gubernamentales.<\/p>\n","protected":false},"excerpt":{"rendered":"<p>El estudio contempla la materia de prevenci\u00f3n, persecuci\u00f3n, asistencia y protecci\u00f3n a las v\u00edctimas. Argentina fue calificada en la categor\u00eda m\u00e1s alta en materia de esfuerzos para combatir la trata de personas junto a un grupo de 30 pa\u00edses sobre un total de 188, y comparte esa clasificaci\u00f3n en Am\u00e9rica Latina con Chile y Colombia, [&hellip;]<\/p>\n","protected":false},"author":2,"featured_media":17775,"comment_status":"open","ping_status":"open","sticky":false,"template":"","format":"standard","meta":{"footnotes":""},"categories":[39],"tags":[],"class_list":["post-17774","post","type-post","status-publish","format-standard","has-post-thumbnail","hentry","category-nacionales"],"yoast_head":"<!-- This site is optimized with the Yoast SEO plugin v27.5 - https:\/\/yoast.com\/product\/yoast-seo-wordpress\/ -->\n<title>Argentina est\u00e1 dentro de los 30 pa\u00edses que m\u00e1s combaten la trata de personas | CVI NOTICIAS<\/title>\n<meta name=\"robots\" content=\"index, follow, max-snippet:-1, max-image-preview:large, max-video-preview:-1\" \/>\n<link rel=\"canonical\" href=\"https:\/\/cvinoticias.com\/v3\/argentina-esta-dentro-de-los-30-paises-que-mas-combaten-la-trata-de-personas\/\" \/>\n<meta property=\"og:locale\" content=\"es_ES\" \/>\n<meta property=\"og:type\" content=\"article\" \/>\n<meta property=\"og:title\" content=\"Argentina est\u00e1 dentro de los 30 pa\u00edses que m\u00e1s combaten la trata de personas | CVI NOTICIAS\" \/>\n<meta property=\"og:description\" content=\"El estudio contempla la materia de prevenci\u00f3n, persecuci\u00f3n, asistencia y protecci\u00f3n a las v\u00edctimas. Argentina fue calificada en la categor\u00eda m\u00e1s alta en materia de esfuerzos para combatir la trata de personas junto a un grupo de 30 pa\u00edses sobre un total de 188, y comparte esa clasificaci\u00f3n en Am\u00e9rica Latina con Chile y Colombia, [&hellip;]\" \/>\n<meta property=\"og:url\" content=\"https:\/\/cvinoticias.com\/v3\/argentina-esta-dentro-de-los-30-paises-que-mas-combaten-la-trata-de-personas\/\" \/>\n<meta property=\"og:site_name\" content=\"CVI NOTICIAS\" \/>\n<meta property=\"article:publisher\" content=\"https:\/\/www.facebook.com\/cvinoticias\" \/>\n<meta property=\"article:published_time\" content=\"2022-07-21T12:34:44+00:00\" \/>\n<meta property=\"og:image\" content=\"https:\/\/cvinoticias.com\/wp-content\/uploads\/2022\/07\/0000071880.jpg\" \/>\n\t<meta property=\"og:image:width\" content=\"710\" \/>\n\t<meta property=\"og:image:height\" content=\"550\" \/>\n\t<meta property=\"og:image:type\" content=\"image\/jpeg\" \/>\n<meta name=\"author\" content=\"f1000024\" \/>\n<meta name=\"twitter:card\" content=\"summary_large_image\" \/>\n<meta name=\"twitter:label1\" content=\"Escrito por\" \/>\n\t<meta name=\"twitter:data1\" content=\"f1000024\" \/>\n\t<meta name=\"twitter:label2\" content=\"Tiempo de lectura\" \/>\n\t<meta name=\"twitter:data2\" content=\"2 minutos\" \/>\n<script type=\"application\/ld+json\" class=\"yoast-schema-graph\">{\"@context\":\"https:\\\/\\\/schema.org\",\"@graph\":[{\"@type\":\"Article\",\"@id\":\"https:\\\/\\\/cvinoticias.com\\\/v3\\\/argentina-esta-dentro-de-los-30-paises-que-mas-combaten-la-trata-de-personas\\\/#article\",\"isPartOf\":{\"@id\":\"https:\\\/\\\/cvinoticias.com\\\/v3\\\/argentina-esta-dentro-de-los-30-paises-que-mas-combaten-la-trata-de-personas\\\/\"},\"author\":{\"name\":\"f1000024\",\"@id\":\"https:\\\/\\\/cvinoticias.com\\\/v3\\\/#\\\/schema\\\/person\\\/2db77e3c6bc03c538495d7b2b8be9b66\"},\"headline\":\"Argentina est\u00e1 dentro de los 30 pa\u00edses que m\u00e1s combaten la trata de personas\",\"datePublished\":\"2022-07-21T12:34:44+00:00\",\"mainEntityOfPage\":{\"@id\":\"https:\\\/\\\/cvinoticias.com\\\/v3\\\/argentina-esta-dentro-de-los-30-paises-que-mas-combaten-la-trata-de-personas\\\/\"},\"wordCount\":461,\"commentCount\":0,\"publisher\":{\"@id\":\"https:\\\/\\\/cvinoticias.com\\\/v3\\\/#organization\"},\"image\":{\"@id\":\"https:\\\/\\\/cvinoticias.com\\\/v3\\\/argentina-esta-dentro-de-los-30-paises-que-mas-combaten-la-trata-de-personas\\\/#primaryimage\"},\"thumbnailUrl\":\"https:\\\/\\\/cvinoticias.com\\\/wp-content\\\/uploads\\\/2022\\\/07\\\/0000071880.jpg\",\"articleSection\":[\"Nacionales\"],\"inLanguage\":\"es\",\"potentialAction\":[{\"@type\":\"CommentAction\",\"name\":\"Comment\",\"target\":[\"https:\\\/\\\/cvinoticias.com\\\/v3\\\/argentina-esta-dentro-de-los-30-paises-que-mas-combaten-la-trata-de-personas\\\/#respond\"]}]},{\"@type\":\"WebPage\",\"@id\":\"https:\\\/\\\/cvinoticias.com\\\/v3\\\/argentina-esta-dentro-de-los-30-paises-que-mas-combaten-la-trata-de-personas\\\/\",\"url\":\"https:\\\/\\\/cvinoticias.com\\\/v3\\\/argentina-esta-dentro-de-los-30-paises-que-mas-combaten-la-trata-de-personas\\\/\",\"name\":\"Argentina est\u00e1 dentro de los 30 pa\u00edses que m\u00e1s combaten la trata de personas | CVI NOTICIAS\",\"isPartOf\":{\"@id\":\"https:\\\/\\\/cvinoticias.com\\\/v3\\\/#website\"},\"primaryImageOfPage\":{\"@id\":\"https:\\\/\\\/cvinoticias.com\\\/v3\\\/argentina-esta-dentro-de-los-30-paises-que-mas-combaten-la-trata-de-personas\\\/#primaryimage\"},\"image\":{\"@id\":\"https:\\\/\\\/cvinoticias.com\\\/v3\\\/argentina-esta-dentro-de-los-30-paises-que-mas-combaten-la-trata-de-personas\\\/#primaryimage\"},\"thumbnailUrl\":\"https:\\\/\\\/cvinoticias.com\\\/wp-content\\\/uploads\\\/2022\\\/07\\\/0000071880.jpg\",\"datePublished\":\"2022-07-21T12:34:44+00:00\",\"breadcrumb\":{\"@id\":\"https:\\\/\\\/cvinoticias.com\\\/v3\\\/argentina-esta-dentro-de-los-30-paises-que-mas-combaten-la-trata-de-personas\\\/#breadcrumb\"},\"inLanguage\":\"es\",\"potentialAction\":[{\"@type\":\"ReadAction\",\"target\":[\"https:\\\/\\\/cvinoticias.com\\\/v3\\\/argentina-esta-dentro-de-los-30-paises-que-mas-combaten-la-trata-de-personas\\\/\"]}]},{\"@type\":\"ImageObject\",\"inLanguage\":\"es\",\"@id\":\"https:\\\/\\\/cvinoticias.com\\\/v3\\\/argentina-esta-dentro-de-los-30-paises-que-mas-combaten-la-trata-de-personas\\\/#primaryimage\",\"url\":\"https:\\\/\\\/cvinoticias.com\\\/wp-content\\\/uploads\\\/2022\\\/07\\\/0000071880.jpg\",\"contentUrl\":\"https:\\\/\\\/cvinoticias.com\\\/wp-content\\\/uploads\\\/2022\\\/07\\\/0000071880.jpg\",\"width\":710,\"height\":550},{\"@type\":\"BreadcrumbList\",\"@id\":\"https:\\\/\\\/cvinoticias.com\\\/v3\\\/argentina-esta-dentro-de-los-30-paises-que-mas-combaten-la-trata-de-personas\\\/#breadcrumb\",\"itemListElement\":[{\"@type\":\"ListItem\",\"position\":1,\"name\":\"Portada\",\"item\":\"https:\\\/\\\/cvinoticias.com\\\/v3\\\/\"},{\"@type\":\"ListItem\",\"position\":2,\"name\":\"Argentina est\u00e1 dentro de los 30 pa\u00edses que m\u00e1s combaten la trata de personas\"}]},{\"@type\":\"WebSite\",\"@id\":\"https:\\\/\\\/cvinoticias.com\\\/v3\\\/#website\",\"url\":\"https:\\\/\\\/cvinoticias.com\\\/v3\\\/\",\"name\":\"CVI NOTICIAS\",\"description\":\"\",\"publisher\":{\"@id\":\"https:\\\/\\\/cvinoticias.com\\\/v3\\\/#organization\"},\"alternateName\":\"CVI\",\"potentialAction\":[{\"@type\":\"SearchAction\",\"target\":{\"@type\":\"EntryPoint\",\"urlTemplate\":\"https:\\\/\\\/cvinoticias.com\\\/v3\\\/?s={search_term_string}\"},\"query-input\":{\"@type\":\"PropertyValueSpecification\",\"valueRequired\":true,\"valueName\":\"search_term_string\"}}],\"inLanguage\":\"es\"},{\"@type\":\"Organization\",\"@id\":\"https:\\\/\\\/cvinoticias.com\\\/v3\\\/#organization\",\"name\":\"CVI NOTICIAS\",\"url\":\"https:\\\/\\\/cvinoticias.com\\\/v3\\\/\",\"logo\":{\"@type\":\"ImageObject\",\"inLanguage\":\"es\",\"@id\":\"https:\\\/\\\/cvinoticias.com\\\/v3\\\/#\\\/schema\\\/logo\\\/image\\\/\",\"url\":\"https:\\\/\\\/cvinoticias.com\\\/wp-content\\\/uploads\\\/2023\\\/04\\\/cropped-cropped-cropped-cropped-cropped-3-1.png\",\"contentUrl\":\"https:\\\/\\\/cvinoticias.com\\\/wp-content\\\/uploads\\\/2023\\\/04\\\/cropped-cropped-cropped-cropped-cropped-3-1.png\",\"width\":95,\"height\":122,\"caption\":\"CVI NOTICIAS\"},\"image\":{\"@id\":\"https:\\\/\\\/cvinoticias.com\\\/v3\\\/#\\\/schema\\\/logo\\\/image\\\/\"},\"sameAs\":[\"https:\\\/\\\/www.facebook.com\\\/cvinoticias\",\"https:\\\/\\\/www.instagram.com\\\/cvinoticias\\\/\",\"https:\\\/\\\/www.youtube.com\\\/@CVINOTICIAS\"]},{\"@type\":\"Person\",\"@id\":\"https:\\\/\\\/cvinoticias.com\\\/v3\\\/#\\\/schema\\\/person\\\/2db77e3c6bc03c538495d7b2b8be9b66\",\"name\":\"f1000024\",\"image\":{\"@type\":\"ImageObject\",\"inLanguage\":\"es\",\"@id\":\"https:\\\/\\\/secure.gravatar.com\\\/avatar\\\/d4fe7459cfc51ff5129ce1a732bbef5928568b8092d412ef95611616376bbeed?s=96&d=mm&r=g\",\"url\":\"https:\\\/\\\/secure.gravatar.com\\\/avatar\\\/d4fe7459cfc51ff5129ce1a732bbef5928568b8092d412ef95611616376bbeed?s=96&d=mm&r=g\",\"contentUrl\":\"https:\\\/\\\/secure.gravatar.com\\\/avatar\\\/d4fe7459cfc51ff5129ce1a732bbef5928568b8092d412ef95611616376bbeed?s=96&d=mm&r=g\",\"caption\":\"f1000024\"},\"url\":\"https:\\\/\\\/cvinoticias.com\\\/v3\\\/author\\\/f1000024\\\/\"}]}<\/script>\n<!-- \/ Yoast SEO plugin. -->","yoast_head_json":{"title":"Argentina est\u00e1 dentro de los 30 pa\u00edses que m\u00e1s combaten la trata de personas | CVI NOTICIAS","robots":{"index":"index","follow":"follow","max-snippet":"max-snippet:-1","max-image-preview":"max-image-preview:large","max-video-preview":"max-video-preview:-1"},"canonical":"https:\/\/cvinoticias.com\/v3\/argentina-esta-dentro-de-los-30-paises-que-mas-combaten-la-trata-de-personas\/","og_locale":"es_ES","og_type":"article","og_title":"Argentina est\u00e1 dentro de los 30 pa\u00edses que m\u00e1s combaten la trata de personas | CVI NOTICIAS","og_description":"El estudio contempla la materia de prevenci\u00f3n, persecuci\u00f3n, asistencia y protecci\u00f3n a las v\u00edctimas. Argentina fue calificada en la categor\u00eda m\u00e1s alta en materia de esfuerzos para combatir la trata de personas junto a un grupo de 30 pa\u00edses sobre un total de 188, y comparte esa clasificaci\u00f3n en Am\u00e9rica Latina con Chile y Colombia, [&hellip;]","og_url":"https:\/\/cvinoticias.com\/v3\/argentina-esta-dentro-de-los-30-paises-que-mas-combaten-la-trata-de-personas\/","og_site_name":"CVI NOTICIAS","article_publisher":"https:\/\/www.facebook.com\/cvinoticias","article_published_time":"2022-07-21T12:34:44+00:00","og_image":[{"width":710,"height":550,"url":"https:\/\/cvinoticias.com\/wp-content\/uploads\/2022\/07\/0000071880.jpg","type":"image\/jpeg"}],"author":"f1000024","twitter_card":"summary_large_image","twitter_misc":{"Escrito por":"f1000024","Tiempo de lectura":"2 minutos"},"schema":{"@context":"https:\/\/schema.org","@graph":[{"@type":"Article","@id":"https:\/\/cvinoticias.com\/v3\/argentina-esta-dentro-de-los-30-paises-que-mas-combaten-la-trata-de-personas\/#article","isPartOf":{"@id":"https:\/\/cvinoticias.com\/v3\/argentina-esta-dentro-de-los-30-paises-que-mas-combaten-la-trata-de-personas\/"},"author":{"name":"f1000024","@id":"https:\/\/cvinoticias.com\/v3\/#\/schema\/person\/2db77e3c6bc03c538495d7b2b8be9b66"},"headline":"Argentina est\u00e1 dentro de los 30 pa\u00edses que m\u00e1s combaten la trata de personas","datePublished":"2022-07-21T12:34:44+00:00","mainEntityOfPage":{"@id":"https:\/\/cvinoticias.com\/v3\/argentina-esta-dentro-de-los-30-paises-que-mas-combaten-la-trata-de-personas\/"},"wordCount":461,"commentCount":0,"publisher":{"@id":"https:\/\/cvinoticias.com\/v3\/#organization"},"image":{"@id":"https:\/\/cvinoticias.com\/v3\/argentina-esta-dentro-de-los-30-paises-que-mas-combaten-la-trata-de-personas\/#primaryimage"},"thumbnailUrl":"https:\/\/cvinoticias.com\/wp-content\/uploads\/2022\/07\/0000071880.jpg","articleSection":["Nacionales"],"inLanguage":"es","potentialAction":[{"@type":"CommentAction","name":"Comment","target":["https:\/\/cvinoticias.com\/v3\/argentina-esta-dentro-de-los-30-paises-que-mas-combaten-la-trata-de-personas\/#respond"]}]},{"@type":"WebPage","@id":"https:\/\/cvinoticias.com\/v3\/argentina-esta-dentro-de-los-30-paises-que-mas-combaten-la-trata-de-personas\/","url":"https:\/\/cvinoticias.com\/v3\/argentina-esta-dentro-de-los-30-paises-que-mas-combaten-la-trata-de-personas\/","name":"Argentina est\u00e1 dentro de los 30 pa\u00edses que m\u00e1s combaten la trata de personas | CVI NOTICIAS","isPartOf":{"@id":"https:\/\/cvinoticias.com\/v3\/#website"},"primaryImageOfPage":{"@id":"https:\/\/cvinoticias.com\/v3\/argentina-esta-dentro-de-los-30-paises-que-mas-combaten-la-trata-de-personas\/#primaryimage"},"image":{"@id":"https:\/\/cvinoticias.com\/v3\/argentina-esta-dentro-de-los-30-paises-que-mas-combaten-la-trata-de-personas\/#primaryimage"},"thumbnailUrl":"https:\/\/cvinoticias.com\/wp-content\/uploads\/2022\/07\/0000071880.jpg","datePublished":"2022-07-21T12:34:44+00:00","breadcrumb":{"@id":"https:\/\/cvinoticias.com\/v3\/argentina-esta-dentro-de-los-30-paises-que-mas-combaten-la-trata-de-personas\/#breadcrumb"},"inLanguage":"es","potentialAction":[{"@type":"ReadAction","target":["https:\/\/cvinoticias.com\/v3\/argentina-esta-dentro-de-los-30-paises-que-mas-combaten-la-trata-de-personas\/"]}]},{"@type":"ImageObject","inLanguage":"es","@id":"https:\/\/cvinoticias.com\/v3\/argentina-esta-dentro-de-los-30-paises-que-mas-combaten-la-trata-de-personas\/#primaryimage","url":"https:\/\/cvinoticias.com\/wp-content\/uploads\/2022\/07\/0000071880.jpg","contentUrl":"https:\/\/cvinoticias.com\/wp-content\/uploads\/2022\/07\/0000071880.jpg","width":710,"height":550},{"@type":"BreadcrumbList","@id":"https:\/\/cvinoticias.com\/v3\/argentina-esta-dentro-de-los-30-paises-que-mas-combaten-la-trata-de-personas\/#breadcrumb","itemListElement":[{"@type":"ListItem","position":1,"name":"Portada","item":"https:\/\/cvinoticias.com\/v3\/"},{"@type":"ListItem","position":2,"name":"Argentina est\u00e1 dentro de los 30 pa\u00edses que m\u00e1s combaten la trata de personas"}]},{"@type":"WebSite","@id":"https:\/\/cvinoticias.com\/v3\/#website","url":"https:\/\/cvinoticias.com\/v3\/","name":"CVI NOTICIAS","description":"","publisher":{"@id":"https:\/\/cvinoticias.com\/v3\/#organization"},"alternateName":"CVI","potentialAction":[{"@type":"SearchAction","target":{"@type":"EntryPoint","urlTemplate":"https:\/\/cvinoticias.com\/v3\/?s={search_term_string}"},"query-input":{"@type":"PropertyValueSpecification","valueRequired":true,"valueName":"search_term_string"}}],"inLanguage":"es"},{"@type":"Organization","@id":"https:\/\/cvinoticias.com\/v3\/#organization","name":"CVI NOTICIAS","url":"https:\/\/cvinoticias.com\/v3\/","logo":{"@type":"ImageObject","inLanguage":"es","@id":"https:\/\/cvinoticias.com\/v3\/#\/schema\/logo\/image\/","url":"https:\/\/cvinoticias.com\/wp-content\/uploads\/2023\/04\/cropped-cropped-cropped-cropped-cropped-3-1.png","contentUrl":"https:\/\/cvinoticias.com\/wp-content\/uploads\/2023\/04\/cropped-cropped-cropped-cropped-cropped-3-1.png","width":95,"height":122,"caption":"CVI NOTICIAS"},"image":{"@id":"https:\/\/cvinoticias.com\/v3\/#\/schema\/logo\/image\/"},"sameAs":["https:\/\/www.facebook.com\/cvinoticias","https:\/\/www.instagram.com\/cvinoticias\/","https:\/\/www.youtube.com\/@CVINOTICIAS"]},{"@type":"Person","@id":"https:\/\/cvinoticias.com\/v3\/#\/schema\/person\/2db77e3c6bc03c538495d7b2b8be9b66","name":"f1000024","image":{"@type":"ImageObject","inLanguage":"es","@id":"https:\/\/secure.gravatar.com\/avatar\/d4fe7459cfc51ff5129ce1a732bbef5928568b8092d412ef95611616376bbeed?s=96&d=mm&r=g","url":"https:\/\/secure.gravatar.com\/avatar\/d4fe7459cfc51ff5129ce1a732bbef5928568b8092d412ef95611616376bbeed?s=96&d=mm&r=g","contentUrl":"https:\/\/secure.gravatar.com\/avatar\/d4fe7459cfc51ff5129ce1a732bbef5928568b8092d412ef95611616376bbeed?s=96&d=mm&r=g","caption":"f1000024"},"url":"https:\/\/cvinoticias.com\/v3\/author\/f1000024\/"}]}},"_links":{"self":[{"href":"https:\/\/cvinoticias.com\/v3\/wp-json\/wp\/v2\/posts\/17774","targetHints":{"allow":["GET"]}}],"collection":[{"href":"https:\/\/cvinoticias.com\/v3\/wp-json\/wp\/v2\/posts"}],"about":[{"href":"https:\/\/cvinoticias.com\/v3\/wp-json\/wp\/v2\/types\/post"}],"author":[{"embeddable":true,"href":"https:\/\/cvinoticias.com\/v3\/wp-json\/wp\/v2\/users\/2"}],"replies":[{"embeddable":true,"href":"https:\/\/cvinoticias.com\/v3\/wp-json\/wp\/v2\/comments?post=17774"}],"version-history":[{"count":1,"href":"https:\/\/cvinoticias.com\/v3\/wp-json\/wp\/v2\/posts\/17774\/revisions"}],"predecessor-version":[{"id":17776,"href":"https:\/\/cvinoticias.com\/v3\/wp-json\/wp\/v2\/posts\/17774\/revisions\/17776"}],"wp:featuredmedia":[{"embeddable":true,"href":"https:\/\/cvinoticias.com\/v3\/wp-json\/wp\/v2\/media\/17775"}],"wp:attachment":[{"href":"https:\/\/cvinoticias.com\/v3\/wp-json\/wp\/v2\/media?parent=17774"}],"wp:term":[{"taxonomy":"category","embeddable":true,"href":"https:\/\/cvinoticias.com\/v3\/wp-json\/wp\/v2\/categories?post=17774"},{"taxonomy":"post_tag","embeddable":true,"href":"https:\/\/cvinoticias.com\/v3\/wp-json\/wp\/v2\/tags?post=17774"}],"curies":[{"name":"wp","href":"https:\/\/api.w.org\/{rel}","templated":true}]}}