{"id":1776,"date":"2021-01-19T10:33:48","date_gmt":"2021-01-19T10:33:48","guid":{"rendered":"https:\/\/cvinoticias.com\/v3\/?p=1776"},"modified":"2021-01-19T10:33:48","modified_gmt":"2021-01-19T10:33:48","slug":"san-juan-el-instituto-nacional-de-prevencion-sismica-dio-detalles-de-la-magnitud-del-temblor","status":"publish","type":"post","link":"https:\/\/cvinoticias.com\/v3\/san-juan-el-instituto-nacional-de-prevencion-sismica-dio-detalles-de-la-magnitud-del-temblor\/","title":{"rendered":"San Juan: El Instituto Nacional de Prevenci\u00f3n S\u00edsmica dio detalles de la magnitud del temblor."},"content":{"rendered":"\n<p><em><strong>Un sismo de 6,4 grados en la escala de Ritcher se produjo en los \u00faltimos minutos del lunes en la localidad sanjuanina de Media Agua<\/strong>, <strong>seg\u00fan lo informado por el Instituto Nacional de Prevenci\u00f3n S\u00edsmica (INPRES). El sismo se sinti\u00f3 en varias regiones del pa\u00eds, tales como C\u00f3rdoba y Mendoza.<\/strong><\/em><\/p>\n\n\n\n<p>El temblor fue percibido en las provincias de Cuyo e incluso en C\u00f3rdoba, La Rioja y Entre R\u00edos. Dos horas despu\u00e9s de ese movimiento,\u00a0<strong>hubo una replica de 4,4 grados a 93 kil\u00f3metros al este de San Juan<\/strong>.<\/p>\n\n\n\n<p>En esa provincia, el sismo se sinti\u00f3 con fuerza y algunos habitantes aseguraron por las redes sociales que la tierra tembl\u00f3 durante casi un minuto.<\/p>\n\n\n\n<p>El cimbronazo\u00a0<strong>gener\u00f3 olas en las piletas de nataci\u00f3n de varias viviendas, hizo pendular l\u00e1mparas y puso en alerta a las mascotas, de acuerdo a los reportes de sanjuaninos, mendocinos y pobladores de C\u00f3rdoba y San Luis<\/strong>.<\/p>\n\n\n\n<p>Seg\u00fan el INPRES,\u00a0<strong>el sismo se produjo a las 23:46:20 del lunes 18 de enero, a una profundidad de 8 kil\u00f3metros, a 57 kil\u00f3metros al sudoeste de  San Juan capital<\/strong>, y a 113 kil\u00f3metros al norte de Mendoza.<\/p>\n\n\n\n<p>El gobernador de San Juan,<strong>Sergio U\u00f1ac<\/strong>, inst\u00f3 este martes en horas de la madrugada a los pobladores de la provincia a<strong>mantener la\u00a0<em>\u00abcalma\u00bb<\/em>\u00a0ante el sismo de 6,4 grados de magnitud que sacudi\u00f3 a la localidad de Villa de Media Agua<\/strong>\u00a0y se\u00f1al\u00f3 que desde las instituciones oficiales buscaban\u00a0<em>\u00abconocer el impacto del mismo\u00bb<\/em>.<\/p>\n\n\n\n<figure class=\"wp-block-image size-large\"><a href=\"https:\/\/cvinoticias.com\/wp-content\/uploads\/2021\/01\/f608x342-1008068_1037791_0.jpg\"><img decoding=\"async\" width=\"608\" height=\"342\" data-src=\"https:\/\/cvinoticias.com\/wp-content\/uploads\/2021\/01\/f608x342-1008068_1037791_0.jpg\" alt=\"\" class=\"wp-image-1777 lazyload\" data-srcset=\"https:\/\/cvinoticias.com\/wp-content\/uploads\/2021\/01\/f608x342-1008068_1037791_0.jpg 608w, https:\/\/cvinoticias.com\/wp-content\/uploads\/2021\/01\/f608x342-1008068_1037791_0-300x169.jpg 300w\" data-sizes=\"(max-width: 608px) 100vw, 608px\" src=\"data:image\/svg+xml;base64,PHN2ZyB3aWR0aD0iMSIgaGVpZ2h0PSIxIiB4bWxucz0iaHR0cDovL3d3dy53My5vcmcvMjAwMC9zdmciPjwvc3ZnPg==\" style=\"--smush-placeholder-width: 608px; --smush-placeholder-aspect-ratio: 608\/342;\" \/><\/a><\/figure>\n\n\n\n<figure class=\"wp-block-gallery columns-3 is-cropped wp-block-gallery-1 is-layout-flex wp-block-gallery-is-layout-flex\"><ul class=\"blocks-gallery-grid\"><li class=\"blocks-gallery-item\"><figure><a href=\"https:\/\/www.cronica.com.ar\/export\/sites\/cronica\/arte\/logos\/Slogan-desktop.svg_1592509645.svg\"><img decoding=\"async\" data-src=\"https:\/\/www.cronica.com.ar\/export\/sites\/cronica\/arte\/logos\/Slogan-desktop.svg_1592509645.svg\" alt=\"Logo <%=SITE_NAME_SHORT%&gt;\" data-id=\"\" src=\"data:image\/svg+xml;base64,PHN2ZyB3aWR0aD0iMSIgaGVpZ2h0PSIxIiB4bWxucz0iaHR0cDovL3d3dy53My5vcmcvMjAwMC9zdmciPjwvc3ZnPg==\" class=\"lazyload\" \/><\/a><\/figure><\/li><li class=\"blocks-gallery-item\"><figure><a href=\"https:\/\/cvinoticias.com\/wp-content\/uploads\/2021\/01\/ARCHI_813269.jpg\"><img decoding=\"async\" width=\"760\" height=\"427\" data-src=\"https:\/\/cvinoticias.com\/wp-content\/uploads\/2021\/01\/ARCHI_813269.jpg\" alt=\"\" data-id=\"1778\" data-link=\"https:\/\/cvinoticias.com\/v3\/?attachment_id=1778\" class=\"wp-image-1778 lazyload\" data-srcset=\"https:\/\/cvinoticias.com\/wp-content\/uploads\/2021\/01\/ARCHI_813269.jpg 760w, https:\/\/cvinoticias.com\/wp-content\/uploads\/2021\/01\/ARCHI_813269-300x169.jpg 300w\" data-sizes=\"(max-width: 760px) 100vw, 760px\" src=\"data:image\/svg+xml;base64,PHN2ZyB3aWR0aD0iMSIgaGVpZ2h0PSIxIiB4bWxucz0iaHR0cDovL3d3dy53My5vcmcvMjAwMC9zdmciPjwvc3ZnPg==\" style=\"--smush-placeholder-width: 760px; --smush-placeholder-aspect-ratio: 760\/427;\" \/><\/a><\/figure><\/li><li class=\"blocks-gallery-item\"><figure><a href=\"https:\/\/cvinoticias.com\/wp-content\/uploads\/2021\/01\/sismo-san-juan.jpeg\"><img decoding=\"async\" width=\"770\" height=\"435\" data-src=\"https:\/\/cvinoticias.com\/wp-content\/uploads\/2021\/01\/sismo-san-juan.jpeg\" alt=\"\" data-id=\"1780\" data-link=\"https:\/\/cvinoticias.com\/v3\/?attachment_id=1780\" class=\"wp-image-1780 lazyload\" data-srcset=\"https:\/\/cvinoticias.com\/wp-content\/uploads\/2021\/01\/sismo-san-juan.jpeg 770w, https:\/\/cvinoticias.com\/wp-content\/uploads\/2021\/01\/sismo-san-juan-300x169.jpeg 300w, https:\/\/cvinoticias.com\/wp-content\/uploads\/2021\/01\/sismo-san-juan-768x434.jpeg 768w\" data-sizes=\"(max-width: 770px) 100vw, 770px\" src=\"data:image\/svg+xml;base64,PHN2ZyB3aWR0aD0iMSIgaGVpZ2h0PSIxIiB4bWxucz0iaHR0cDovL3d3dy53My5vcmcvMjAwMC9zdmciPjwvc3ZnPg==\" style=\"--smush-placeholder-width: 770px; --smush-placeholder-aspect-ratio: 770\/435;\" \/><\/a><\/figure><\/li><\/ul><\/figure>\n\n\n\n<p><\/p>\n\n\n\n<h1 class=\"wp-block-heading\"><\/h1>\n\n\n\n<h2 class=\"wp-block-heading\"><\/h2>\n\n\n\n<p>\u00a0<\/p>\n\n\n\n<p><\/p>\n","protected":false},"excerpt":{"rendered":"<p>Un sismo de 6,4 grados en la escala de Ritcher se produjo en los \u00faltimos minutos del lunes en la localidad sanjuanina de Media Agua, seg\u00fan lo informado por el Instituto Nacional de Prevenci\u00f3n S\u00edsmica (INPRES). El sismo se sinti\u00f3 en varias regiones del pa\u00eds, tales como C\u00f3rdoba y Mendoza. El temblor fue percibido en [&hellip;]<\/p>\n","protected":false},"author":2,"featured_media":1779,"comment_status":"open","ping_status":"open","sticky":false,"template":"","format":"standard","meta":{"footnotes":""},"categories":[35],"tags":[],"class_list":["post-1776","post","type-post","status-publish","format-standard","has-post-thumbnail","hentry","category-informacion-general"],"yoast_head":"<!-- This site is optimized with the Yoast SEO plugin v27.5 - https:\/\/yoast.com\/product\/yoast-seo-wordpress\/ -->\n<title>San Juan: El Instituto Nacional de Prevenci\u00f3n S\u00edsmica dio detalles de la magnitud del temblor. | CVI NOTICIAS<\/title>\n<meta name=\"robots\" content=\"index, follow, max-snippet:-1, max-image-preview:large, max-video-preview:-1\" \/>\n<link rel=\"canonical\" href=\"https:\/\/cvinoticias.com\/v3\/san-juan-el-instituto-nacional-de-prevencion-sismica-dio-detalles-de-la-magnitud-del-temblor\/\" \/>\n<meta property=\"og:locale\" content=\"es_ES\" \/>\n<meta property=\"og:type\" content=\"article\" \/>\n<meta property=\"og:title\" content=\"San Juan: El Instituto Nacional de Prevenci\u00f3n S\u00edsmica dio detalles de la magnitud del temblor. | CVI NOTICIAS\" \/>\n<meta property=\"og:description\" content=\"Un sismo de 6,4 grados en la escala de Ritcher se produjo en los \u00faltimos minutos del lunes en la localidad sanjuanina de Media Agua, seg\u00fan lo informado por el Instituto Nacional de Prevenci\u00f3n S\u00edsmica (INPRES). El sismo se sinti\u00f3 en varias regiones del pa\u00eds, tales como C\u00f3rdoba y Mendoza. El temblor fue percibido en [&hellip;]\" \/>\n<meta property=\"og:url\" content=\"https:\/\/cvinoticias.com\/v3\/san-juan-el-instituto-nacional-de-prevencion-sismica-dio-detalles-de-la-magnitud-del-temblor\/\" \/>\n<meta property=\"og:site_name\" content=\"CVI NOTICIAS\" \/>\n<meta property=\"article:publisher\" content=\"https:\/\/www.facebook.com\/cvinoticias\" \/>\n<meta property=\"article:published_time\" content=\"2021-01-19T10:33:48+00:00\" \/>\n<meta property=\"og:image\" content=\"https:\/\/cvinoticias.com\/wp-content\/uploads\/2021\/01\/FHEP4JAED5HL5JFZ7AFRAXPQPA.jpeg\" \/>\n\t<meta property=\"og:image:width\" content=\"800\" \/>\n\t<meta property=\"og:image:height\" content=\"450\" \/>\n\t<meta property=\"og:image:type\" content=\"image\/jpeg\" \/>\n<meta name=\"author\" content=\"f1000024\" \/>\n<meta name=\"twitter:card\" content=\"summary_large_image\" \/>\n<meta name=\"twitter:label1\" content=\"Escrito por\" \/>\n\t<meta name=\"twitter:data1\" content=\"f1000024\" \/>\n\t<meta name=\"twitter:label2\" content=\"Tiempo de lectura\" \/>\n\t<meta name=\"twitter:data2\" content=\"1 minuto\" \/>\n<script type=\"application\/ld+json\" class=\"yoast-schema-graph\">{\"@context\":\"https:\\\/\\\/schema.org\",\"@graph\":[{\"@type\":\"Article\",\"@id\":\"https:\\\/\\\/cvinoticias.com\\\/v3\\\/san-juan-el-instituto-nacional-de-prevencion-sismica-dio-detalles-de-la-magnitud-del-temblor\\\/#article\",\"isPartOf\":{\"@id\":\"https:\\\/\\\/cvinoticias.com\\\/v3\\\/san-juan-el-instituto-nacional-de-prevencion-sismica-dio-detalles-de-la-magnitud-del-temblor\\\/\"},\"author\":{\"name\":\"f1000024\",\"@id\":\"https:\\\/\\\/cvinoticias.com\\\/v3\\\/#\\\/schema\\\/person\\\/2db77e3c6bc03c538495d7b2b8be9b66\"},\"headline\":\"San Juan: El Instituto Nacional de Prevenci\u00f3n S\u00edsmica dio detalles de la magnitud del temblor.\",\"datePublished\":\"2021-01-19T10:33:48+00:00\",\"mainEntityOfPage\":{\"@id\":\"https:\\\/\\\/cvinoticias.com\\\/v3\\\/san-juan-el-instituto-nacional-de-prevencion-sismica-dio-detalles-de-la-magnitud-del-temblor\\\/\"},\"wordCount\":269,\"commentCount\":0,\"publisher\":{\"@id\":\"https:\\\/\\\/cvinoticias.com\\\/v3\\\/#organization\"},\"image\":{\"@id\":\"https:\\\/\\\/cvinoticias.com\\\/v3\\\/san-juan-el-instituto-nacional-de-prevencion-sismica-dio-detalles-de-la-magnitud-del-temblor\\\/#primaryimage\"},\"thumbnailUrl\":\"https:\\\/\\\/cvinoticias.com\\\/wp-content\\\/uploads\\\/2021\\\/01\\\/FHEP4JAED5HL5JFZ7AFRAXPQPA.jpeg\",\"articleSection\":[\"Informaci\u00f3n General\"],\"inLanguage\":\"es\",\"potentialAction\":[{\"@type\":\"CommentAction\",\"name\":\"Comment\",\"target\":[\"https:\\\/\\\/cvinoticias.com\\\/v3\\\/san-juan-el-instituto-nacional-de-prevencion-sismica-dio-detalles-de-la-magnitud-del-temblor\\\/#respond\"]}]},{\"@type\":\"WebPage\",\"@id\":\"https:\\\/\\\/cvinoticias.com\\\/v3\\\/san-juan-el-instituto-nacional-de-prevencion-sismica-dio-detalles-de-la-magnitud-del-temblor\\\/\",\"url\":\"https:\\\/\\\/cvinoticias.com\\\/v3\\\/san-juan-el-instituto-nacional-de-prevencion-sismica-dio-detalles-de-la-magnitud-del-temblor\\\/\",\"name\":\"San Juan: El Instituto Nacional de Prevenci\u00f3n S\u00edsmica dio detalles de la magnitud del temblor. | CVI NOTICIAS\",\"isPartOf\":{\"@id\":\"https:\\\/\\\/cvinoticias.com\\\/v3\\\/#website\"},\"primaryImageOfPage\":{\"@id\":\"https:\\\/\\\/cvinoticias.com\\\/v3\\\/san-juan-el-instituto-nacional-de-prevencion-sismica-dio-detalles-de-la-magnitud-del-temblor\\\/#primaryimage\"},\"image\":{\"@id\":\"https:\\\/\\\/cvinoticias.com\\\/v3\\\/san-juan-el-instituto-nacional-de-prevencion-sismica-dio-detalles-de-la-magnitud-del-temblor\\\/#primaryimage\"},\"thumbnailUrl\":\"https:\\\/\\\/cvinoticias.com\\\/wp-content\\\/uploads\\\/2021\\\/01\\\/FHEP4JAED5HL5JFZ7AFRAXPQPA.jpeg\",\"datePublished\":\"2021-01-19T10:33:48+00:00\",\"breadcrumb\":{\"@id\":\"https:\\\/\\\/cvinoticias.com\\\/v3\\\/san-juan-el-instituto-nacional-de-prevencion-sismica-dio-detalles-de-la-magnitud-del-temblor\\\/#breadcrumb\"},\"inLanguage\":\"es\",\"potentialAction\":[{\"@type\":\"ReadAction\",\"target\":[\"https:\\\/\\\/cvinoticias.com\\\/v3\\\/san-juan-el-instituto-nacional-de-prevencion-sismica-dio-detalles-de-la-magnitud-del-temblor\\\/\"]}]},{\"@type\":\"ImageObject\",\"inLanguage\":\"es\",\"@id\":\"https:\\\/\\\/cvinoticias.com\\\/v3\\\/san-juan-el-instituto-nacional-de-prevencion-sismica-dio-detalles-de-la-magnitud-del-temblor\\\/#primaryimage\",\"url\":\"https:\\\/\\\/cvinoticias.com\\\/wp-content\\\/uploads\\\/2021\\\/01\\\/FHEP4JAED5HL5JFZ7AFRAXPQPA.jpeg\",\"contentUrl\":\"https:\\\/\\\/cvinoticias.com\\\/wp-content\\\/uploads\\\/2021\\\/01\\\/FHEP4JAED5HL5JFZ7AFRAXPQPA.jpeg\",\"width\":800,\"height\":450},{\"@type\":\"BreadcrumbList\",\"@id\":\"https:\\\/\\\/cvinoticias.com\\\/v3\\\/san-juan-el-instituto-nacional-de-prevencion-sismica-dio-detalles-de-la-magnitud-del-temblor\\\/#breadcrumb\",\"itemListElement\":[{\"@type\":\"ListItem\",\"position\":1,\"name\":\"Portada\",\"item\":\"https:\\\/\\\/cvinoticias.com\\\/v3\\\/\"},{\"@type\":\"ListItem\",\"position\":2,\"name\":\"San Juan: El Instituto Nacional de Prevenci\u00f3n S\u00edsmica dio detalles de la magnitud del temblor.\"}]},{\"@type\":\"WebSite\",\"@id\":\"https:\\\/\\\/cvinoticias.com\\\/v3\\\/#website\",\"url\":\"https:\\\/\\\/cvinoticias.com\\\/v3\\\/\",\"name\":\"CVI NOTICIAS\",\"description\":\"\",\"publisher\":{\"@id\":\"https:\\\/\\\/cvinoticias.com\\\/v3\\\/#organization\"},\"alternateName\":\"CVI\",\"potentialAction\":[{\"@type\":\"SearchAction\",\"target\":{\"@type\":\"EntryPoint\",\"urlTemplate\":\"https:\\\/\\\/cvinoticias.com\\\/v3\\\/?s={search_term_string}\"},\"query-input\":{\"@type\":\"PropertyValueSpecification\",\"valueRequired\":true,\"valueName\":\"search_term_string\"}}],\"inLanguage\":\"es\"},{\"@type\":\"Organization\",\"@id\":\"https:\\\/\\\/cvinoticias.com\\\/v3\\\/#organization\",\"name\":\"CVI NOTICIAS\",\"url\":\"https:\\\/\\\/cvinoticias.com\\\/v3\\\/\",\"logo\":{\"@type\":\"ImageObject\",\"inLanguage\":\"es\",\"@id\":\"https:\\\/\\\/cvinoticias.com\\\/v3\\\/#\\\/schema\\\/logo\\\/image\\\/\",\"url\":\"https:\\\/\\\/cvinoticias.com\\\/wp-content\\\/uploads\\\/2023\\\/04\\\/cropped-cropped-cropped-cropped-cropped-3-1.png\",\"contentUrl\":\"https:\\\/\\\/cvinoticias.com\\\/wp-content\\\/uploads\\\/2023\\\/04\\\/cropped-cropped-cropped-cropped-cropped-3-1.png\",\"width\":95,\"height\":122,\"caption\":\"CVI NOTICIAS\"},\"image\":{\"@id\":\"https:\\\/\\\/cvinoticias.com\\\/v3\\\/#\\\/schema\\\/logo\\\/image\\\/\"},\"sameAs\":[\"https:\\\/\\\/www.facebook.com\\\/cvinoticias\",\"https:\\\/\\\/www.instagram.com\\\/cvinoticias\\\/\",\"https:\\\/\\\/www.youtube.com\\\/@CVINOTICIAS\"]},{\"@type\":\"Person\",\"@id\":\"https:\\\/\\\/cvinoticias.com\\\/v3\\\/#\\\/schema\\\/person\\\/2db77e3c6bc03c538495d7b2b8be9b66\",\"name\":\"f1000024\",\"image\":{\"@type\":\"ImageObject\",\"inLanguage\":\"es\",\"@id\":\"https:\\\/\\\/secure.gravatar.com\\\/avatar\\\/d4fe7459cfc51ff5129ce1a732bbef5928568b8092d412ef95611616376bbeed?s=96&d=mm&r=g\",\"url\":\"https:\\\/\\\/secure.gravatar.com\\\/avatar\\\/d4fe7459cfc51ff5129ce1a732bbef5928568b8092d412ef95611616376bbeed?s=96&d=mm&r=g\",\"contentUrl\":\"https:\\\/\\\/secure.gravatar.com\\\/avatar\\\/d4fe7459cfc51ff5129ce1a732bbef5928568b8092d412ef95611616376bbeed?s=96&d=mm&r=g\",\"caption\":\"f1000024\"},\"url\":\"https:\\\/\\\/cvinoticias.com\\\/v3\\\/author\\\/f1000024\\\/\"}]}<\/script>\n<!-- \/ Yoast SEO plugin. -->","yoast_head_json":{"title":"San Juan: El Instituto Nacional de Prevenci\u00f3n S\u00edsmica dio detalles de la magnitud del temblor. | CVI NOTICIAS","robots":{"index":"index","follow":"follow","max-snippet":"max-snippet:-1","max-image-preview":"max-image-preview:large","max-video-preview":"max-video-preview:-1"},"canonical":"https:\/\/cvinoticias.com\/v3\/san-juan-el-instituto-nacional-de-prevencion-sismica-dio-detalles-de-la-magnitud-del-temblor\/","og_locale":"es_ES","og_type":"article","og_title":"San Juan: El Instituto Nacional de Prevenci\u00f3n S\u00edsmica dio detalles de la magnitud del temblor. | CVI NOTICIAS","og_description":"Un sismo de 6,4 grados en la escala de Ritcher se produjo en los \u00faltimos minutos del lunes en la localidad sanjuanina de Media Agua, seg\u00fan lo informado por el Instituto Nacional de Prevenci\u00f3n S\u00edsmica (INPRES). El sismo se sinti\u00f3 en varias regiones del pa\u00eds, tales como C\u00f3rdoba y Mendoza. El temblor fue percibido en [&hellip;]","og_url":"https:\/\/cvinoticias.com\/v3\/san-juan-el-instituto-nacional-de-prevencion-sismica-dio-detalles-de-la-magnitud-del-temblor\/","og_site_name":"CVI NOTICIAS","article_publisher":"https:\/\/www.facebook.com\/cvinoticias","article_published_time":"2021-01-19T10:33:48+00:00","og_image":[{"width":800,"height":450,"url":"https:\/\/cvinoticias.com\/wp-content\/uploads\/2021\/01\/FHEP4JAED5HL5JFZ7AFRAXPQPA.jpeg","type":"image\/jpeg"}],"author":"f1000024","twitter_card":"summary_large_image","twitter_misc":{"Escrito por":"f1000024","Tiempo de lectura":"1 minuto"},"schema":{"@context":"https:\/\/schema.org","@graph":[{"@type":"Article","@id":"https:\/\/cvinoticias.com\/v3\/san-juan-el-instituto-nacional-de-prevencion-sismica-dio-detalles-de-la-magnitud-del-temblor\/#article","isPartOf":{"@id":"https:\/\/cvinoticias.com\/v3\/san-juan-el-instituto-nacional-de-prevencion-sismica-dio-detalles-de-la-magnitud-del-temblor\/"},"author":{"name":"f1000024","@id":"https:\/\/cvinoticias.com\/v3\/#\/schema\/person\/2db77e3c6bc03c538495d7b2b8be9b66"},"headline":"San Juan: El Instituto Nacional de Prevenci\u00f3n S\u00edsmica dio detalles de la magnitud del temblor.","datePublished":"2021-01-19T10:33:48+00:00","mainEntityOfPage":{"@id":"https:\/\/cvinoticias.com\/v3\/san-juan-el-instituto-nacional-de-prevencion-sismica-dio-detalles-de-la-magnitud-del-temblor\/"},"wordCount":269,"commentCount":0,"publisher":{"@id":"https:\/\/cvinoticias.com\/v3\/#organization"},"image":{"@id":"https:\/\/cvinoticias.com\/v3\/san-juan-el-instituto-nacional-de-prevencion-sismica-dio-detalles-de-la-magnitud-del-temblor\/#primaryimage"},"thumbnailUrl":"https:\/\/cvinoticias.com\/wp-content\/uploads\/2021\/01\/FHEP4JAED5HL5JFZ7AFRAXPQPA.jpeg","articleSection":["Informaci\u00f3n General"],"inLanguage":"es","potentialAction":[{"@type":"CommentAction","name":"Comment","target":["https:\/\/cvinoticias.com\/v3\/san-juan-el-instituto-nacional-de-prevencion-sismica-dio-detalles-de-la-magnitud-del-temblor\/#respond"]}]},{"@type":"WebPage","@id":"https:\/\/cvinoticias.com\/v3\/san-juan-el-instituto-nacional-de-prevencion-sismica-dio-detalles-de-la-magnitud-del-temblor\/","url":"https:\/\/cvinoticias.com\/v3\/san-juan-el-instituto-nacional-de-prevencion-sismica-dio-detalles-de-la-magnitud-del-temblor\/","name":"San Juan: El Instituto Nacional de Prevenci\u00f3n S\u00edsmica dio detalles de la magnitud del temblor. | CVI NOTICIAS","isPartOf":{"@id":"https:\/\/cvinoticias.com\/v3\/#website"},"primaryImageOfPage":{"@id":"https:\/\/cvinoticias.com\/v3\/san-juan-el-instituto-nacional-de-prevencion-sismica-dio-detalles-de-la-magnitud-del-temblor\/#primaryimage"},"image":{"@id":"https:\/\/cvinoticias.com\/v3\/san-juan-el-instituto-nacional-de-prevencion-sismica-dio-detalles-de-la-magnitud-del-temblor\/#primaryimage"},"thumbnailUrl":"https:\/\/cvinoticias.com\/wp-content\/uploads\/2021\/01\/FHEP4JAED5HL5JFZ7AFRAXPQPA.jpeg","datePublished":"2021-01-19T10:33:48+00:00","breadcrumb":{"@id":"https:\/\/cvinoticias.com\/v3\/san-juan-el-instituto-nacional-de-prevencion-sismica-dio-detalles-de-la-magnitud-del-temblor\/#breadcrumb"},"inLanguage":"es","potentialAction":[{"@type":"ReadAction","target":["https:\/\/cvinoticias.com\/v3\/san-juan-el-instituto-nacional-de-prevencion-sismica-dio-detalles-de-la-magnitud-del-temblor\/"]}]},{"@type":"ImageObject","inLanguage":"es","@id":"https:\/\/cvinoticias.com\/v3\/san-juan-el-instituto-nacional-de-prevencion-sismica-dio-detalles-de-la-magnitud-del-temblor\/#primaryimage","url":"https:\/\/cvinoticias.com\/wp-content\/uploads\/2021\/01\/FHEP4JAED5HL5JFZ7AFRAXPQPA.jpeg","contentUrl":"https:\/\/cvinoticias.com\/wp-content\/uploads\/2021\/01\/FHEP4JAED5HL5JFZ7AFRAXPQPA.jpeg","width":800,"height":450},{"@type":"BreadcrumbList","@id":"https:\/\/cvinoticias.com\/v3\/san-juan-el-instituto-nacional-de-prevencion-sismica-dio-detalles-de-la-magnitud-del-temblor\/#breadcrumb","itemListElement":[{"@type":"ListItem","position":1,"name":"Portada","item":"https:\/\/cvinoticias.com\/v3\/"},{"@type":"ListItem","position":2,"name":"San Juan: El Instituto Nacional de Prevenci\u00f3n S\u00edsmica dio detalles de la magnitud del temblor."}]},{"@type":"WebSite","@id":"https:\/\/cvinoticias.com\/v3\/#website","url":"https:\/\/cvinoticias.com\/v3\/","name":"CVI NOTICIAS","description":"","publisher":{"@id":"https:\/\/cvinoticias.com\/v3\/#organization"},"alternateName":"CVI","potentialAction":[{"@type":"SearchAction","target":{"@type":"EntryPoint","urlTemplate":"https:\/\/cvinoticias.com\/v3\/?s={search_term_string}"},"query-input":{"@type":"PropertyValueSpecification","valueRequired":true,"valueName":"search_term_string"}}],"inLanguage":"es"},{"@type":"Organization","@id":"https:\/\/cvinoticias.com\/v3\/#organization","name":"CVI NOTICIAS","url":"https:\/\/cvinoticias.com\/v3\/","logo":{"@type":"ImageObject","inLanguage":"es","@id":"https:\/\/cvinoticias.com\/v3\/#\/schema\/logo\/image\/","url":"https:\/\/cvinoticias.com\/wp-content\/uploads\/2023\/04\/cropped-cropped-cropped-cropped-cropped-3-1.png","contentUrl":"https:\/\/cvinoticias.com\/wp-content\/uploads\/2023\/04\/cropped-cropped-cropped-cropped-cropped-3-1.png","width":95,"height":122,"caption":"CVI NOTICIAS"},"image":{"@id":"https:\/\/cvinoticias.com\/v3\/#\/schema\/logo\/image\/"},"sameAs":["https:\/\/www.facebook.com\/cvinoticias","https:\/\/www.instagram.com\/cvinoticias\/","https:\/\/www.youtube.com\/@CVINOTICIAS"]},{"@type":"Person","@id":"https:\/\/cvinoticias.com\/v3\/#\/schema\/person\/2db77e3c6bc03c538495d7b2b8be9b66","name":"f1000024","image":{"@type":"ImageObject","inLanguage":"es","@id":"https:\/\/secure.gravatar.com\/avatar\/d4fe7459cfc51ff5129ce1a732bbef5928568b8092d412ef95611616376bbeed?s=96&d=mm&r=g","url":"https:\/\/secure.gravatar.com\/avatar\/d4fe7459cfc51ff5129ce1a732bbef5928568b8092d412ef95611616376bbeed?s=96&d=mm&r=g","contentUrl":"https:\/\/secure.gravatar.com\/avatar\/d4fe7459cfc51ff5129ce1a732bbef5928568b8092d412ef95611616376bbeed?s=96&d=mm&r=g","caption":"f1000024"},"url":"https:\/\/cvinoticias.com\/v3\/author\/f1000024\/"}]}},"_links":{"self":[{"href":"https:\/\/cvinoticias.com\/v3\/wp-json\/wp\/v2\/posts\/1776","targetHints":{"allow":["GET"]}}],"collection":[{"href":"https:\/\/cvinoticias.com\/v3\/wp-json\/wp\/v2\/posts"}],"about":[{"href":"https:\/\/cvinoticias.com\/v3\/wp-json\/wp\/v2\/types\/post"}],"author":[{"embeddable":true,"href":"https:\/\/cvinoticias.com\/v3\/wp-json\/wp\/v2\/users\/2"}],"replies":[{"embeddable":true,"href":"https:\/\/cvinoticias.com\/v3\/wp-json\/wp\/v2\/comments?post=1776"}],"version-history":[{"count":1,"href":"https:\/\/cvinoticias.com\/v3\/wp-json\/wp\/v2\/posts\/1776\/revisions"}],"predecessor-version":[{"id":1781,"href":"https:\/\/cvinoticias.com\/v3\/wp-json\/wp\/v2\/posts\/1776\/revisions\/1781"}],"wp:featuredmedia":[{"embeddable":true,"href":"https:\/\/cvinoticias.com\/v3\/wp-json\/wp\/v2\/media\/1779"}],"wp:attachment":[{"href":"https:\/\/cvinoticias.com\/v3\/wp-json\/wp\/v2\/media?parent=1776"}],"wp:term":[{"taxonomy":"category","embeddable":true,"href":"https:\/\/cvinoticias.com\/v3\/wp-json\/wp\/v2\/categories?post=1776"},{"taxonomy":"post_tag","embeddable":true,"href":"https:\/\/cvinoticias.com\/v3\/wp-json\/wp\/v2\/tags?post=1776"}],"curies":[{"name":"wp","href":"https:\/\/api.w.org\/{rel}","templated":true}]}}