{"id":17758,"date":"2022-07-20T12:38:14","date_gmt":"2022-07-20T12:38:14","guid":{"rendered":"https:\/\/cvinoticias.com\/v3\/?p=17758"},"modified":"2022-07-20T12:39:48","modified_gmt":"2022-07-20T12:39:48","slug":"en-menos-de-dos-dias-mas-de-un-millon-de-familias-se-inscribieron-al-subsidio-de-tarifas","status":"publish","type":"post","link":"https:\/\/cvinoticias.com\/v3\/en-menos-de-dos-dias-mas-de-un-millon-de-familias-se-inscribieron-al-subsidio-de-tarifas\/","title":{"rendered":"En menos de dos d\u00edas, m\u00e1s de un mill\u00f3n de familias se inscribieron al subsidio de tarifas"},"content":{"rendered":"\n<p><strong><em>Adem\u00e1s, informaron que a partir del 26 de julio se habilitar\u00e1n nuevas instancias para quienes no lograron inscribirse.<\/em><\/strong><\/p>\n\n\n\n<p>El vicepresidente de Cammesa, Santiago Yanotti, afirm\u00f3 que alrededor de \u00abun mill\u00f3n de familias\u00bb se registraron para mantener los subsidios a los consumos de electricidad y gas, de acuerdo con los aspectos socio-econ\u00f3micos de cada hogar.<\/p>\n\n\n\n<p>\u00abHasta la ma\u00f1ana de este martes se registraron un mill\u00f3n de familias y esperamos que a medida que avancen los d\u00edas se anote m\u00e1s gente\u00bb, afirm\u00f3 Yanotti esta ma\u00f1ana durante una entrevista radial.<\/p>\n\n\n\n<p>En cuanto a los tiempos disponibles para la registraci\u00f3n, anticip\u00f3 que habr\u00e1 nuevas instancias \u00aba partir del 26 de julio para quienes no se anotaron en las fechas previstas\u00bb, en tanto que los cuadros tarifarios \u00abvan a estar en el mes de agosto pero la factura va a llegar en septiembre, octubre\u00bb.<\/p>\n\n\n\n<p>\u00abEn electricidad, el aumento va a rondar los 1.200 pesos promedio. Tambi\u00e9n hay m\u00e1s de 600 cooperativas con estructuras tarifarias diferentes\u00bb, explic\u00f3.<\/p>\n\n\n\n<p>En este sentido, a\u00f1adi\u00f3 que \u00ablo que no paga la ciudadan\u00eda lo paga la Naci\u00f3n, por eso, si los que tienen m\u00e1s recursos pagan m\u00e1s, el Estado termina recuperando m\u00e1s fondos\u00bb.<\/p>\n\n\n\n<p>\u00abEs un tema de redistribuci\u00f3n de recursos, de ahorro fiscal. El impacto de este a\u00f1o ser\u00e1 de 15 mil millones de pesos (quita parcial) y se prev\u00e9 para el a\u00f1o pr\u00f3ximo 80 mil millones de pesos de ahorro fiscal\u00bb, remarc\u00f3 Yanotti.<\/p>\n\n\n\n<p>El vicepresidente de Cammesa record\u00f3 adem\u00e1s que el \u00abdecreto es s\u00f3lo para usuarios residenciales. Ni empresas, ni comercios, ni pymes, ni clubes de barrio son alcanzados por esa medida y van a seguir percibiendo el subsidio\u00bb.<\/p>\n\n\n\n<p>Esta nueva propuesta de segmentaci\u00f3n tiene como objetivo asignar los subsidios a los consumos de energ\u00eda seg\u00fan la capacidad econ\u00f3mica de los hogares, manteni\u00e9ndolos en aquellos con ingresos bajos y medios que requieren de la asistencia estatal para pagar sus boletas de electricidad y gas.<\/p>\n","protected":false},"excerpt":{"rendered":"<p>Adem\u00e1s, informaron que a partir del 26 de julio se habilitar\u00e1n nuevas instancias para quienes no lograron inscribirse. El vicepresidente de Cammesa, Santiago Yanotti, afirm\u00f3 que alrededor de \u00abun mill\u00f3n de familias\u00bb se registraron para mantener los subsidios a los consumos de electricidad y gas, de acuerdo con los aspectos socio-econ\u00f3micos de cada hogar. \u00abHasta [&hellip;]<\/p>\n","protected":false},"author":2,"featured_media":17725,"comment_status":"open","ping_status":"open","sticky":false,"template":"","format":"standard","meta":{"footnotes":""},"categories":[39],"tags":[],"class_list":["post-17758","post","type-post","status-publish","format-standard","has-post-thumbnail","hentry","category-nacionales"],"yoast_head":"<!-- This site is optimized with the Yoast SEO plugin v27.5 - https:\/\/yoast.com\/product\/yoast-seo-wordpress\/ -->\n<title>En menos de dos d\u00edas, m\u00e1s de un mill\u00f3n de familias se inscribieron al subsidio de tarifas | CVI NOTICIAS<\/title>\n<meta name=\"robots\" content=\"index, follow, max-snippet:-1, max-image-preview:large, max-video-preview:-1\" \/>\n<link rel=\"canonical\" href=\"https:\/\/cvinoticias.com\/v3\/en-menos-de-dos-dias-mas-de-un-millon-de-familias-se-inscribieron-al-subsidio-de-tarifas\/\" \/>\n<meta property=\"og:locale\" content=\"es_ES\" \/>\n<meta property=\"og:type\" content=\"article\" \/>\n<meta property=\"og:title\" content=\"En menos de dos d\u00edas, m\u00e1s de un mill\u00f3n de familias se inscribieron al subsidio de tarifas | CVI NOTICIAS\" \/>\n<meta property=\"og:description\" content=\"Adem\u00e1s, informaron que a partir del 26 de julio se habilitar\u00e1n nuevas instancias para quienes no lograron inscribirse. El vicepresidente de Cammesa, Santiago Yanotti, afirm\u00f3 que alrededor de \u00abun mill\u00f3n de familias\u00bb se registraron para mantener los subsidios a los consumos de electricidad y gas, de acuerdo con los aspectos socio-econ\u00f3micos de cada hogar. \u00abHasta [&hellip;]\" \/>\n<meta property=\"og:url\" content=\"https:\/\/cvinoticias.com\/v3\/en-menos-de-dos-dias-mas-de-un-millon-de-familias-se-inscribieron-al-subsidio-de-tarifas\/\" \/>\n<meta property=\"og:site_name\" content=\"CVI NOTICIAS\" \/>\n<meta property=\"article:publisher\" content=\"https:\/\/www.facebook.com\/cvinoticias\" \/>\n<meta property=\"article:published_time\" content=\"2022-07-20T12:38:14+00:00\" \/>\n<meta property=\"article:modified_time\" content=\"2022-07-20T12:39:48+00:00\" \/>\n<meta property=\"og:image\" content=\"https:\/\/cvinoticias.com\/wp-content\/uploads\/2022\/07\/Screenshot_20220719-090426_Chrome.jpg\" \/>\n\t<meta property=\"og:image:width\" content=\"1080\" \/>\n\t<meta property=\"og:image:height\" content=\"602\" \/>\n\t<meta property=\"og:image:type\" content=\"image\/jpeg\" \/>\n<meta name=\"author\" content=\"f1000024\" \/>\n<meta name=\"twitter:card\" content=\"summary_large_image\" \/>\n<meta name=\"twitter:label1\" content=\"Escrito por\" \/>\n\t<meta name=\"twitter:data1\" content=\"f1000024\" \/>\n\t<meta name=\"twitter:label2\" content=\"Tiempo de lectura\" \/>\n\t<meta name=\"twitter:data2\" content=\"2 minutos\" \/>\n<script type=\"application\/ld+json\" class=\"yoast-schema-graph\">{\"@context\":\"https:\\\/\\\/schema.org\",\"@graph\":[{\"@type\":\"Article\",\"@id\":\"https:\\\/\\\/cvinoticias.com\\\/v3\\\/en-menos-de-dos-dias-mas-de-un-millon-de-familias-se-inscribieron-al-subsidio-de-tarifas\\\/#article\",\"isPartOf\":{\"@id\":\"https:\\\/\\\/cvinoticias.com\\\/v3\\\/en-menos-de-dos-dias-mas-de-un-millon-de-familias-se-inscribieron-al-subsidio-de-tarifas\\\/\"},\"author\":{\"name\":\"f1000024\",\"@id\":\"https:\\\/\\\/cvinoticias.com\\\/v3\\\/#\\\/schema\\\/person\\\/2db77e3c6bc03c538495d7b2b8be9b66\"},\"headline\":\"En menos de dos d\u00edas, m\u00e1s de un mill\u00f3n de familias se inscribieron al subsidio de tarifas\",\"datePublished\":\"2022-07-20T12:38:14+00:00\",\"dateModified\":\"2022-07-20T12:39:48+00:00\",\"mainEntityOfPage\":{\"@id\":\"https:\\\/\\\/cvinoticias.com\\\/v3\\\/en-menos-de-dos-dias-mas-de-un-millon-de-familias-se-inscribieron-al-subsidio-de-tarifas\\\/\"},\"wordCount\":357,\"commentCount\":0,\"publisher\":{\"@id\":\"https:\\\/\\\/cvinoticias.com\\\/v3\\\/#organization\"},\"image\":{\"@id\":\"https:\\\/\\\/cvinoticias.com\\\/v3\\\/en-menos-de-dos-dias-mas-de-un-millon-de-familias-se-inscribieron-al-subsidio-de-tarifas\\\/#primaryimage\"},\"thumbnailUrl\":\"https:\\\/\\\/cvinoticias.com\\\/wp-content\\\/uploads\\\/2022\\\/07\\\/Screenshot_20220719-090426_Chrome.jpg\",\"articleSection\":[\"Nacionales\"],\"inLanguage\":\"es\",\"potentialAction\":[{\"@type\":\"CommentAction\",\"name\":\"Comment\",\"target\":[\"https:\\\/\\\/cvinoticias.com\\\/v3\\\/en-menos-de-dos-dias-mas-de-un-millon-de-familias-se-inscribieron-al-subsidio-de-tarifas\\\/#respond\"]}]},{\"@type\":\"WebPage\",\"@id\":\"https:\\\/\\\/cvinoticias.com\\\/v3\\\/en-menos-de-dos-dias-mas-de-un-millon-de-familias-se-inscribieron-al-subsidio-de-tarifas\\\/\",\"url\":\"https:\\\/\\\/cvinoticias.com\\\/v3\\\/en-menos-de-dos-dias-mas-de-un-millon-de-familias-se-inscribieron-al-subsidio-de-tarifas\\\/\",\"name\":\"En menos de dos d\u00edas, m\u00e1s de un mill\u00f3n de familias se inscribieron al subsidio de tarifas | CVI NOTICIAS\",\"isPartOf\":{\"@id\":\"https:\\\/\\\/cvinoticias.com\\\/v3\\\/#website\"},\"primaryImageOfPage\":{\"@id\":\"https:\\\/\\\/cvinoticias.com\\\/v3\\\/en-menos-de-dos-dias-mas-de-un-millon-de-familias-se-inscribieron-al-subsidio-de-tarifas\\\/#primaryimage\"},\"image\":{\"@id\":\"https:\\\/\\\/cvinoticias.com\\\/v3\\\/en-menos-de-dos-dias-mas-de-un-millon-de-familias-se-inscribieron-al-subsidio-de-tarifas\\\/#primaryimage\"},\"thumbnailUrl\":\"https:\\\/\\\/cvinoticias.com\\\/wp-content\\\/uploads\\\/2022\\\/07\\\/Screenshot_20220719-090426_Chrome.jpg\",\"datePublished\":\"2022-07-20T12:38:14+00:00\",\"dateModified\":\"2022-07-20T12:39:48+00:00\",\"breadcrumb\":{\"@id\":\"https:\\\/\\\/cvinoticias.com\\\/v3\\\/en-menos-de-dos-dias-mas-de-un-millon-de-familias-se-inscribieron-al-subsidio-de-tarifas\\\/#breadcrumb\"},\"inLanguage\":\"es\",\"potentialAction\":[{\"@type\":\"ReadAction\",\"target\":[\"https:\\\/\\\/cvinoticias.com\\\/v3\\\/en-menos-de-dos-dias-mas-de-un-millon-de-familias-se-inscribieron-al-subsidio-de-tarifas\\\/\"]}]},{\"@type\":\"ImageObject\",\"inLanguage\":\"es\",\"@id\":\"https:\\\/\\\/cvinoticias.com\\\/v3\\\/en-menos-de-dos-dias-mas-de-un-millon-de-familias-se-inscribieron-al-subsidio-de-tarifas\\\/#primaryimage\",\"url\":\"https:\\\/\\\/cvinoticias.com\\\/wp-content\\\/uploads\\\/2022\\\/07\\\/Screenshot_20220719-090426_Chrome.jpg\",\"contentUrl\":\"https:\\\/\\\/cvinoticias.com\\\/wp-content\\\/uploads\\\/2022\\\/07\\\/Screenshot_20220719-090426_Chrome.jpg\",\"width\":1080,\"height\":602},{\"@type\":\"BreadcrumbList\",\"@id\":\"https:\\\/\\\/cvinoticias.com\\\/v3\\\/en-menos-de-dos-dias-mas-de-un-millon-de-familias-se-inscribieron-al-subsidio-de-tarifas\\\/#breadcrumb\",\"itemListElement\":[{\"@type\":\"ListItem\",\"position\":1,\"name\":\"Portada\",\"item\":\"https:\\\/\\\/cvinoticias.com\\\/v3\\\/\"},{\"@type\":\"ListItem\",\"position\":2,\"name\":\"En menos de dos d\u00edas, m\u00e1s de un mill\u00f3n de familias se inscribieron al subsidio de tarifas\"}]},{\"@type\":\"WebSite\",\"@id\":\"https:\\\/\\\/cvinoticias.com\\\/v3\\\/#website\",\"url\":\"https:\\\/\\\/cvinoticias.com\\\/v3\\\/\",\"name\":\"CVI NOTICIAS\",\"description\":\"\",\"publisher\":{\"@id\":\"https:\\\/\\\/cvinoticias.com\\\/v3\\\/#organization\"},\"alternateName\":\"CVI\",\"potentialAction\":[{\"@type\":\"SearchAction\",\"target\":{\"@type\":\"EntryPoint\",\"urlTemplate\":\"https:\\\/\\\/cvinoticias.com\\\/v3\\\/?s={search_term_string}\"},\"query-input\":{\"@type\":\"PropertyValueSpecification\",\"valueRequired\":true,\"valueName\":\"search_term_string\"}}],\"inLanguage\":\"es\"},{\"@type\":\"Organization\",\"@id\":\"https:\\\/\\\/cvinoticias.com\\\/v3\\\/#organization\",\"name\":\"CVI NOTICIAS\",\"url\":\"https:\\\/\\\/cvinoticias.com\\\/v3\\\/\",\"logo\":{\"@type\":\"ImageObject\",\"inLanguage\":\"es\",\"@id\":\"https:\\\/\\\/cvinoticias.com\\\/v3\\\/#\\\/schema\\\/logo\\\/image\\\/\",\"url\":\"https:\\\/\\\/cvinoticias.com\\\/wp-content\\\/uploads\\\/2023\\\/04\\\/cropped-cropped-cropped-cropped-cropped-3-1.png\",\"contentUrl\":\"https:\\\/\\\/cvinoticias.com\\\/wp-content\\\/uploads\\\/2023\\\/04\\\/cropped-cropped-cropped-cropped-cropped-3-1.png\",\"width\":95,\"height\":122,\"caption\":\"CVI NOTICIAS\"},\"image\":{\"@id\":\"https:\\\/\\\/cvinoticias.com\\\/v3\\\/#\\\/schema\\\/logo\\\/image\\\/\"},\"sameAs\":[\"https:\\\/\\\/www.facebook.com\\\/cvinoticias\",\"https:\\\/\\\/www.instagram.com\\\/cvinoticias\\\/\",\"https:\\\/\\\/www.youtube.com\\\/@CVINOTICIAS\"]},{\"@type\":\"Person\",\"@id\":\"https:\\\/\\\/cvinoticias.com\\\/v3\\\/#\\\/schema\\\/person\\\/2db77e3c6bc03c538495d7b2b8be9b66\",\"name\":\"f1000024\",\"image\":{\"@type\":\"ImageObject\",\"inLanguage\":\"es\",\"@id\":\"https:\\\/\\\/secure.gravatar.com\\\/avatar\\\/d4fe7459cfc51ff5129ce1a732bbef5928568b8092d412ef95611616376bbeed?s=96&d=mm&r=g\",\"url\":\"https:\\\/\\\/secure.gravatar.com\\\/avatar\\\/d4fe7459cfc51ff5129ce1a732bbef5928568b8092d412ef95611616376bbeed?s=96&d=mm&r=g\",\"contentUrl\":\"https:\\\/\\\/secure.gravatar.com\\\/avatar\\\/d4fe7459cfc51ff5129ce1a732bbef5928568b8092d412ef95611616376bbeed?s=96&d=mm&r=g\",\"caption\":\"f1000024\"},\"url\":\"https:\\\/\\\/cvinoticias.com\\\/v3\\\/author\\\/f1000024\\\/\"}]}<\/script>\n<!-- \/ Yoast SEO plugin. -->","yoast_head_json":{"title":"En menos de dos d\u00edas, m\u00e1s de un mill\u00f3n de familias se inscribieron al subsidio de tarifas | CVI NOTICIAS","robots":{"index":"index","follow":"follow","max-snippet":"max-snippet:-1","max-image-preview":"max-image-preview:large","max-video-preview":"max-video-preview:-1"},"canonical":"https:\/\/cvinoticias.com\/v3\/en-menos-de-dos-dias-mas-de-un-millon-de-familias-se-inscribieron-al-subsidio-de-tarifas\/","og_locale":"es_ES","og_type":"article","og_title":"En menos de dos d\u00edas, m\u00e1s de un mill\u00f3n de familias se inscribieron al subsidio de tarifas | CVI NOTICIAS","og_description":"Adem\u00e1s, informaron que a partir del 26 de julio se habilitar\u00e1n nuevas instancias para quienes no lograron inscribirse. El vicepresidente de Cammesa, Santiago Yanotti, afirm\u00f3 que alrededor de \u00abun mill\u00f3n de familias\u00bb se registraron para mantener los subsidios a los consumos de electricidad y gas, de acuerdo con los aspectos socio-econ\u00f3micos de cada hogar. \u00abHasta [&hellip;]","og_url":"https:\/\/cvinoticias.com\/v3\/en-menos-de-dos-dias-mas-de-un-millon-de-familias-se-inscribieron-al-subsidio-de-tarifas\/","og_site_name":"CVI NOTICIAS","article_publisher":"https:\/\/www.facebook.com\/cvinoticias","article_published_time":"2022-07-20T12:38:14+00:00","article_modified_time":"2022-07-20T12:39:48+00:00","og_image":[{"width":1080,"height":602,"url":"https:\/\/cvinoticias.com\/wp-content\/uploads\/2022\/07\/Screenshot_20220719-090426_Chrome.jpg","type":"image\/jpeg"}],"author":"f1000024","twitter_card":"summary_large_image","twitter_misc":{"Escrito por":"f1000024","Tiempo de lectura":"2 minutos"},"schema":{"@context":"https:\/\/schema.org","@graph":[{"@type":"Article","@id":"https:\/\/cvinoticias.com\/v3\/en-menos-de-dos-dias-mas-de-un-millon-de-familias-se-inscribieron-al-subsidio-de-tarifas\/#article","isPartOf":{"@id":"https:\/\/cvinoticias.com\/v3\/en-menos-de-dos-dias-mas-de-un-millon-de-familias-se-inscribieron-al-subsidio-de-tarifas\/"},"author":{"name":"f1000024","@id":"https:\/\/cvinoticias.com\/v3\/#\/schema\/person\/2db77e3c6bc03c538495d7b2b8be9b66"},"headline":"En menos de dos d\u00edas, m\u00e1s de un mill\u00f3n de familias se inscribieron al subsidio de tarifas","datePublished":"2022-07-20T12:38:14+00:00","dateModified":"2022-07-20T12:39:48+00:00","mainEntityOfPage":{"@id":"https:\/\/cvinoticias.com\/v3\/en-menos-de-dos-dias-mas-de-un-millon-de-familias-se-inscribieron-al-subsidio-de-tarifas\/"},"wordCount":357,"commentCount":0,"publisher":{"@id":"https:\/\/cvinoticias.com\/v3\/#organization"},"image":{"@id":"https:\/\/cvinoticias.com\/v3\/en-menos-de-dos-dias-mas-de-un-millon-de-familias-se-inscribieron-al-subsidio-de-tarifas\/#primaryimage"},"thumbnailUrl":"https:\/\/cvinoticias.com\/wp-content\/uploads\/2022\/07\/Screenshot_20220719-090426_Chrome.jpg","articleSection":["Nacionales"],"inLanguage":"es","potentialAction":[{"@type":"CommentAction","name":"Comment","target":["https:\/\/cvinoticias.com\/v3\/en-menos-de-dos-dias-mas-de-un-millon-de-familias-se-inscribieron-al-subsidio-de-tarifas\/#respond"]}]},{"@type":"WebPage","@id":"https:\/\/cvinoticias.com\/v3\/en-menos-de-dos-dias-mas-de-un-millon-de-familias-se-inscribieron-al-subsidio-de-tarifas\/","url":"https:\/\/cvinoticias.com\/v3\/en-menos-de-dos-dias-mas-de-un-millon-de-familias-se-inscribieron-al-subsidio-de-tarifas\/","name":"En menos de dos d\u00edas, m\u00e1s de un mill\u00f3n de familias se inscribieron al subsidio de tarifas | CVI NOTICIAS","isPartOf":{"@id":"https:\/\/cvinoticias.com\/v3\/#website"},"primaryImageOfPage":{"@id":"https:\/\/cvinoticias.com\/v3\/en-menos-de-dos-dias-mas-de-un-millon-de-familias-se-inscribieron-al-subsidio-de-tarifas\/#primaryimage"},"image":{"@id":"https:\/\/cvinoticias.com\/v3\/en-menos-de-dos-dias-mas-de-un-millon-de-familias-se-inscribieron-al-subsidio-de-tarifas\/#primaryimage"},"thumbnailUrl":"https:\/\/cvinoticias.com\/wp-content\/uploads\/2022\/07\/Screenshot_20220719-090426_Chrome.jpg","datePublished":"2022-07-20T12:38:14+00:00","dateModified":"2022-07-20T12:39:48+00:00","breadcrumb":{"@id":"https:\/\/cvinoticias.com\/v3\/en-menos-de-dos-dias-mas-de-un-millon-de-familias-se-inscribieron-al-subsidio-de-tarifas\/#breadcrumb"},"inLanguage":"es","potentialAction":[{"@type":"ReadAction","target":["https:\/\/cvinoticias.com\/v3\/en-menos-de-dos-dias-mas-de-un-millon-de-familias-se-inscribieron-al-subsidio-de-tarifas\/"]}]},{"@type":"ImageObject","inLanguage":"es","@id":"https:\/\/cvinoticias.com\/v3\/en-menos-de-dos-dias-mas-de-un-millon-de-familias-se-inscribieron-al-subsidio-de-tarifas\/#primaryimage","url":"https:\/\/cvinoticias.com\/wp-content\/uploads\/2022\/07\/Screenshot_20220719-090426_Chrome.jpg","contentUrl":"https:\/\/cvinoticias.com\/wp-content\/uploads\/2022\/07\/Screenshot_20220719-090426_Chrome.jpg","width":1080,"height":602},{"@type":"BreadcrumbList","@id":"https:\/\/cvinoticias.com\/v3\/en-menos-de-dos-dias-mas-de-un-millon-de-familias-se-inscribieron-al-subsidio-de-tarifas\/#breadcrumb","itemListElement":[{"@type":"ListItem","position":1,"name":"Portada","item":"https:\/\/cvinoticias.com\/v3\/"},{"@type":"ListItem","position":2,"name":"En menos de dos d\u00edas, m\u00e1s de un mill\u00f3n de familias se inscribieron al subsidio de tarifas"}]},{"@type":"WebSite","@id":"https:\/\/cvinoticias.com\/v3\/#website","url":"https:\/\/cvinoticias.com\/v3\/","name":"CVI NOTICIAS","description":"","publisher":{"@id":"https:\/\/cvinoticias.com\/v3\/#organization"},"alternateName":"CVI","potentialAction":[{"@type":"SearchAction","target":{"@type":"EntryPoint","urlTemplate":"https:\/\/cvinoticias.com\/v3\/?s={search_term_string}"},"query-input":{"@type":"PropertyValueSpecification","valueRequired":true,"valueName":"search_term_string"}}],"inLanguage":"es"},{"@type":"Organization","@id":"https:\/\/cvinoticias.com\/v3\/#organization","name":"CVI NOTICIAS","url":"https:\/\/cvinoticias.com\/v3\/","logo":{"@type":"ImageObject","inLanguage":"es","@id":"https:\/\/cvinoticias.com\/v3\/#\/schema\/logo\/image\/","url":"https:\/\/cvinoticias.com\/wp-content\/uploads\/2023\/04\/cropped-cropped-cropped-cropped-cropped-3-1.png","contentUrl":"https:\/\/cvinoticias.com\/wp-content\/uploads\/2023\/04\/cropped-cropped-cropped-cropped-cropped-3-1.png","width":95,"height":122,"caption":"CVI NOTICIAS"},"image":{"@id":"https:\/\/cvinoticias.com\/v3\/#\/schema\/logo\/image\/"},"sameAs":["https:\/\/www.facebook.com\/cvinoticias","https:\/\/www.instagram.com\/cvinoticias\/","https:\/\/www.youtube.com\/@CVINOTICIAS"]},{"@type":"Person","@id":"https:\/\/cvinoticias.com\/v3\/#\/schema\/person\/2db77e3c6bc03c538495d7b2b8be9b66","name":"f1000024","image":{"@type":"ImageObject","inLanguage":"es","@id":"https:\/\/secure.gravatar.com\/avatar\/d4fe7459cfc51ff5129ce1a732bbef5928568b8092d412ef95611616376bbeed?s=96&d=mm&r=g","url":"https:\/\/secure.gravatar.com\/avatar\/d4fe7459cfc51ff5129ce1a732bbef5928568b8092d412ef95611616376bbeed?s=96&d=mm&r=g","contentUrl":"https:\/\/secure.gravatar.com\/avatar\/d4fe7459cfc51ff5129ce1a732bbef5928568b8092d412ef95611616376bbeed?s=96&d=mm&r=g","caption":"f1000024"},"url":"https:\/\/cvinoticias.com\/v3\/author\/f1000024\/"}]}},"_links":{"self":[{"href":"https:\/\/cvinoticias.com\/v3\/wp-json\/wp\/v2\/posts\/17758","targetHints":{"allow":["GET"]}}],"collection":[{"href":"https:\/\/cvinoticias.com\/v3\/wp-json\/wp\/v2\/posts"}],"about":[{"href":"https:\/\/cvinoticias.com\/v3\/wp-json\/wp\/v2\/types\/post"}],"author":[{"embeddable":true,"href":"https:\/\/cvinoticias.com\/v3\/wp-json\/wp\/v2\/users\/2"}],"replies":[{"embeddable":true,"href":"https:\/\/cvinoticias.com\/v3\/wp-json\/wp\/v2\/comments?post=17758"}],"version-history":[{"count":3,"href":"https:\/\/cvinoticias.com\/v3\/wp-json\/wp\/v2\/posts\/17758\/revisions"}],"predecessor-version":[{"id":17761,"href":"https:\/\/cvinoticias.com\/v3\/wp-json\/wp\/v2\/posts\/17758\/revisions\/17761"}],"wp:featuredmedia":[{"embeddable":true,"href":"https:\/\/cvinoticias.com\/v3\/wp-json\/wp\/v2\/media\/17725"}],"wp:attachment":[{"href":"https:\/\/cvinoticias.com\/v3\/wp-json\/wp\/v2\/media?parent=17758"}],"wp:term":[{"taxonomy":"category","embeddable":true,"href":"https:\/\/cvinoticias.com\/v3\/wp-json\/wp\/v2\/categories?post=17758"},{"taxonomy":"post_tag","embeddable":true,"href":"https:\/\/cvinoticias.com\/v3\/wp-json\/wp\/v2\/tags?post=17758"}],"curies":[{"name":"wp","href":"https:\/\/api.w.org\/{rel}","templated":true}]}}