{"id":17755,"date":"2022-07-20T11:59:39","date_gmt":"2022-07-20T11:59:39","guid":{"rendered":"https:\/\/cvinoticias.com\/v3\/?p=17755"},"modified":"2022-07-20T11:59:39","modified_gmt":"2022-07-20T11:59:39","slug":"martin-soria-sostuvo-que-la-corte-suprema-esta-degradada-totalmente","status":"publish","type":"post","link":"https:\/\/cvinoticias.com\/v3\/martin-soria-sostuvo-que-la-corte-suprema-esta-degradada-totalmente\/","title":{"rendered":"Mart\u00edn Soria sostuvo que la \u00abCorte Suprema est\u00e1 degradada totalmente\u00bb"},"content":{"rendered":"\n<p><strong><em>Adem\u00e1s, el ministro de Justicia apunt\u00f3 que act\u00faa para \u00abalgunos beneficiarios\u00bb.<\/em><\/strong><\/p>\n\n\n\n<p>El ministro de Justicia y Derechos Humanos, Mart\u00edn Soria, afirm\u00f3 este martes que las declaraciones de la vicepresidenta, Cristina Fern\u00e1ndez de Kirchner, sobre el poder judicial argentino \u00abresumieron lo que la gran mayor\u00eda de los argentinos piensan\u00bb, y consider\u00f3 que la proscripci\u00f3n de la exmandataria con miras a los comicios que se llevar\u00e1n a cabo en 2023 \u00abpodr\u00eda ser uno de los objetivos\u00bb buscados por los integrantes del m\u00e1ximo tribunal.<\/p>\n\n\n\n<p>\u00abCristina resumi\u00f3 lo que la gran mayor\u00eda de los argentinos pensamos de la Justicia. Salvo para algunos de sus beneficiarios, esta Corte Suprema est\u00e1 degradada totalmente. Los jueces que la integran asumieron una clara postura pol\u00edtica contra el peronismo y el Gobierno. Tranquilamente la proscripci\u00f3n de Cristina podr\u00eda ser uno de los objetivos buscados\u00bb, se\u00f1al\u00f3 Soria.<\/p>\n\n\n\n<p>La vicepresidenta critic\u00f3 el lunes a la Corte Suprema de Justicia a trav\u00e9s de un video publicado en sus redes sociales, en el cual afirm\u00f3 que existe \u00abun Poder Judicial devenido en partido pol\u00edtico, que es protector del macrismo y perseguidor de las fuerzas pol\u00edticas que se le oponen\u00bb.<\/p>\n\n\n\n<p>En ese sentido, la exmandataria evalu\u00f3 que ante la situaci\u00f3n actual que atraviesa la Justicia, \u00ablos ciudadanos y ciudadanas de Argentina se encuentran en una situaci\u00f3n de libertad condicional\u00bbSoria se hizo eco de las opiniones de la vicepresidenta, y asegur\u00f3 que&nbsp;los jueces de la Corte Suprema argentina \u00abtienen puesta la camiseta amarilla\u00bb.<\/p>\n\n\n\n<p>\u00abEsto lo demuestra lo que ha sucedido en (los tribunales de) &#8216;Comodoro Pro&#8217; en los \u00faltimos d\u00edas. Cerraron la causa de espionaje ilegal por el ARA San Juan y archivaron la investigaci\u00f3n por las visitas que jueces y camaristas le hicieron a Macri en Olivos. Es otra de las claras muestras del corporativismo y la impunidad con la que act\u00faan. Tienen la camiseta puesta\u00bb, fustig\u00f3 el funcionario.<\/p>\n\n\n\n<p>Asimismo, para Soria,&nbsp;la actual Corte, que cuenta con cuatro integrantes \u00abtiene una falla de origen\u00bb que es la designaci\u00f3n a \u00abdedo\u00bb de los ministros Horacio Rosatti y Carlos Rosenkrantz por parte de Maurico Macri en el comienzo de su gesti\u00f3n como presidente.<\/p>\n\n\n\n<p>Desde el 2015 los medios de comunicaci\u00f3n vienen anticipando y digitando lo que van a resolver los jueces. Es necesario que nos pongamos de acuerdo para lograr devolverle el oxigeno a este poder judicial decadente. No es f\u00e1cil hacerlo con una oposici\u00f3n abroquelada que juega con la justicia\u00bb, concluy\u00f3.<\/p>\n","protected":false},"excerpt":{"rendered":"<p>Adem\u00e1s, el ministro de Justicia apunt\u00f3 que act\u00faa para \u00abalgunos beneficiarios\u00bb. El ministro de Justicia y Derechos Humanos, Mart\u00edn Soria, afirm\u00f3 este martes que las declaraciones de la vicepresidenta, Cristina Fern\u00e1ndez de Kirchner, sobre el poder judicial argentino \u00abresumieron lo que la gran mayor\u00eda de los argentinos piensan\u00bb, y consider\u00f3 que la proscripci\u00f3n de la [&hellip;]<\/p>\n","protected":false},"author":2,"featured_media":17756,"comment_status":"open","ping_status":"open","sticky":false,"template":"","format":"standard","meta":{"footnotes":""},"categories":[39,42],"tags":[],"class_list":["post-17755","post","type-post","status-publish","format-standard","has-post-thumbnail","hentry","category-nacionales","category-politica"],"yoast_head":"<!-- This site is optimized with the Yoast SEO plugin v27.5 - https:\/\/yoast.com\/product\/yoast-seo-wordpress\/ -->\n<title>Mart\u00edn Soria sostuvo que la &quot;Corte Suprema est\u00e1 degradada totalmente&quot; | CVI NOTICIAS<\/title>\n<meta name=\"robots\" content=\"index, follow, max-snippet:-1, max-image-preview:large, max-video-preview:-1\" \/>\n<link rel=\"canonical\" href=\"https:\/\/cvinoticias.com\/v3\/martin-soria-sostuvo-que-la-corte-suprema-esta-degradada-totalmente\/\" \/>\n<meta property=\"og:locale\" content=\"es_ES\" \/>\n<meta property=\"og:type\" content=\"article\" \/>\n<meta property=\"og:title\" content=\"Mart\u00edn Soria sostuvo que la &quot;Corte Suprema est\u00e1 degradada totalmente&quot; | CVI NOTICIAS\" \/>\n<meta property=\"og:description\" content=\"Adem\u00e1s, el ministro de Justicia apunt\u00f3 que act\u00faa para \u00abalgunos beneficiarios\u00bb. El ministro de Justicia y Derechos Humanos, Mart\u00edn Soria, afirm\u00f3 este martes que las declaraciones de la vicepresidenta, Cristina Fern\u00e1ndez de Kirchner, sobre el poder judicial argentino \u00abresumieron lo que la gran mayor\u00eda de los argentinos piensan\u00bb, y consider\u00f3 que la proscripci\u00f3n de la [&hellip;]\" \/>\n<meta property=\"og:url\" content=\"https:\/\/cvinoticias.com\/v3\/martin-soria-sostuvo-que-la-corte-suprema-esta-degradada-totalmente\/\" \/>\n<meta property=\"og:site_name\" content=\"CVI NOTICIAS\" \/>\n<meta property=\"article:publisher\" content=\"https:\/\/www.facebook.com\/cvinoticias\" \/>\n<meta property=\"article:published_time\" content=\"2022-07-20T11:59:39+00:00\" \/>\n<meta property=\"og:image\" content=\"https:\/\/cvinoticias.com\/wp-content\/uploads\/2022\/07\/0000088102.jpg\" \/>\n\t<meta property=\"og:image:width\" content=\"800\" \/>\n\t<meta property=\"og:image:height\" content=\"450\" \/>\n\t<meta property=\"og:image:type\" content=\"image\/jpeg\" \/>\n<meta name=\"author\" content=\"f1000024\" \/>\n<meta name=\"twitter:card\" content=\"summary_large_image\" \/>\n<meta name=\"twitter:label1\" content=\"Escrito por\" \/>\n\t<meta name=\"twitter:data1\" content=\"f1000024\" \/>\n\t<meta name=\"twitter:label2\" content=\"Tiempo de lectura\" \/>\n\t<meta name=\"twitter:data2\" content=\"2 minutos\" \/>\n<script type=\"application\/ld+json\" class=\"yoast-schema-graph\">{\"@context\":\"https:\\\/\\\/schema.org\",\"@graph\":[{\"@type\":\"Article\",\"@id\":\"https:\\\/\\\/cvinoticias.com\\\/v3\\\/martin-soria-sostuvo-que-la-corte-suprema-esta-degradada-totalmente\\\/#article\",\"isPartOf\":{\"@id\":\"https:\\\/\\\/cvinoticias.com\\\/v3\\\/martin-soria-sostuvo-que-la-corte-suprema-esta-degradada-totalmente\\\/\"},\"author\":{\"name\":\"f1000024\",\"@id\":\"https:\\\/\\\/cvinoticias.com\\\/v3\\\/#\\\/schema\\\/person\\\/2db77e3c6bc03c538495d7b2b8be9b66\"},\"headline\":\"Mart\u00edn Soria sostuvo que la \u00abCorte Suprema est\u00e1 degradada totalmente\u00bb\",\"datePublished\":\"2022-07-20T11:59:39+00:00\",\"mainEntityOfPage\":{\"@id\":\"https:\\\/\\\/cvinoticias.com\\\/v3\\\/martin-soria-sostuvo-que-la-corte-suprema-esta-degradada-totalmente\\\/\"},\"wordCount\":437,\"commentCount\":0,\"publisher\":{\"@id\":\"https:\\\/\\\/cvinoticias.com\\\/v3\\\/#organization\"},\"image\":{\"@id\":\"https:\\\/\\\/cvinoticias.com\\\/v3\\\/martin-soria-sostuvo-que-la-corte-suprema-esta-degradada-totalmente\\\/#primaryimage\"},\"thumbnailUrl\":\"https:\\\/\\\/cvinoticias.com\\\/wp-content\\\/uploads\\\/2022\\\/07\\\/0000088102.jpg\",\"articleSection\":[\"Nacionales\",\"Politica\"],\"inLanguage\":\"es\",\"potentialAction\":[{\"@type\":\"CommentAction\",\"name\":\"Comment\",\"target\":[\"https:\\\/\\\/cvinoticias.com\\\/v3\\\/martin-soria-sostuvo-que-la-corte-suprema-esta-degradada-totalmente\\\/#respond\"]}]},{\"@type\":\"WebPage\",\"@id\":\"https:\\\/\\\/cvinoticias.com\\\/v3\\\/martin-soria-sostuvo-que-la-corte-suprema-esta-degradada-totalmente\\\/\",\"url\":\"https:\\\/\\\/cvinoticias.com\\\/v3\\\/martin-soria-sostuvo-que-la-corte-suprema-esta-degradada-totalmente\\\/\",\"name\":\"Mart\u00edn Soria sostuvo que la \\\"Corte Suprema est\u00e1 degradada totalmente\\\" | CVI NOTICIAS\",\"isPartOf\":{\"@id\":\"https:\\\/\\\/cvinoticias.com\\\/v3\\\/#website\"},\"primaryImageOfPage\":{\"@id\":\"https:\\\/\\\/cvinoticias.com\\\/v3\\\/martin-soria-sostuvo-que-la-corte-suprema-esta-degradada-totalmente\\\/#primaryimage\"},\"image\":{\"@id\":\"https:\\\/\\\/cvinoticias.com\\\/v3\\\/martin-soria-sostuvo-que-la-corte-suprema-esta-degradada-totalmente\\\/#primaryimage\"},\"thumbnailUrl\":\"https:\\\/\\\/cvinoticias.com\\\/wp-content\\\/uploads\\\/2022\\\/07\\\/0000088102.jpg\",\"datePublished\":\"2022-07-20T11:59:39+00:00\",\"breadcrumb\":{\"@id\":\"https:\\\/\\\/cvinoticias.com\\\/v3\\\/martin-soria-sostuvo-que-la-corte-suprema-esta-degradada-totalmente\\\/#breadcrumb\"},\"inLanguage\":\"es\",\"potentialAction\":[{\"@type\":\"ReadAction\",\"target\":[\"https:\\\/\\\/cvinoticias.com\\\/v3\\\/martin-soria-sostuvo-que-la-corte-suprema-esta-degradada-totalmente\\\/\"]}]},{\"@type\":\"ImageObject\",\"inLanguage\":\"es\",\"@id\":\"https:\\\/\\\/cvinoticias.com\\\/v3\\\/martin-soria-sostuvo-que-la-corte-suprema-esta-degradada-totalmente\\\/#primaryimage\",\"url\":\"https:\\\/\\\/cvinoticias.com\\\/wp-content\\\/uploads\\\/2022\\\/07\\\/0000088102.jpg\",\"contentUrl\":\"https:\\\/\\\/cvinoticias.com\\\/wp-content\\\/uploads\\\/2022\\\/07\\\/0000088102.jpg\",\"width\":800,\"height\":450},{\"@type\":\"BreadcrumbList\",\"@id\":\"https:\\\/\\\/cvinoticias.com\\\/v3\\\/martin-soria-sostuvo-que-la-corte-suprema-esta-degradada-totalmente\\\/#breadcrumb\",\"itemListElement\":[{\"@type\":\"ListItem\",\"position\":1,\"name\":\"Portada\",\"item\":\"https:\\\/\\\/cvinoticias.com\\\/v3\\\/\"},{\"@type\":\"ListItem\",\"position\":2,\"name\":\"Mart\u00edn Soria sostuvo que la \u00abCorte Suprema est\u00e1 degradada totalmente\u00bb\"}]},{\"@type\":\"WebSite\",\"@id\":\"https:\\\/\\\/cvinoticias.com\\\/v3\\\/#website\",\"url\":\"https:\\\/\\\/cvinoticias.com\\\/v3\\\/\",\"name\":\"CVI NOTICIAS\",\"description\":\"\",\"publisher\":{\"@id\":\"https:\\\/\\\/cvinoticias.com\\\/v3\\\/#organization\"},\"alternateName\":\"CVI\",\"potentialAction\":[{\"@type\":\"SearchAction\",\"target\":{\"@type\":\"EntryPoint\",\"urlTemplate\":\"https:\\\/\\\/cvinoticias.com\\\/v3\\\/?s={search_term_string}\"},\"query-input\":{\"@type\":\"PropertyValueSpecification\",\"valueRequired\":true,\"valueName\":\"search_term_string\"}}],\"inLanguage\":\"es\"},{\"@type\":\"Organization\",\"@id\":\"https:\\\/\\\/cvinoticias.com\\\/v3\\\/#organization\",\"name\":\"CVI NOTICIAS\",\"url\":\"https:\\\/\\\/cvinoticias.com\\\/v3\\\/\",\"logo\":{\"@type\":\"ImageObject\",\"inLanguage\":\"es\",\"@id\":\"https:\\\/\\\/cvinoticias.com\\\/v3\\\/#\\\/schema\\\/logo\\\/image\\\/\",\"url\":\"https:\\\/\\\/cvinoticias.com\\\/wp-content\\\/uploads\\\/2023\\\/04\\\/cropped-cropped-cropped-cropped-cropped-3-1.png\",\"contentUrl\":\"https:\\\/\\\/cvinoticias.com\\\/wp-content\\\/uploads\\\/2023\\\/04\\\/cropped-cropped-cropped-cropped-cropped-3-1.png\",\"width\":95,\"height\":122,\"caption\":\"CVI NOTICIAS\"},\"image\":{\"@id\":\"https:\\\/\\\/cvinoticias.com\\\/v3\\\/#\\\/schema\\\/logo\\\/image\\\/\"},\"sameAs\":[\"https:\\\/\\\/www.facebook.com\\\/cvinoticias\",\"https:\\\/\\\/www.instagram.com\\\/cvinoticias\\\/\",\"https:\\\/\\\/www.youtube.com\\\/@CVINOTICIAS\"]},{\"@type\":\"Person\",\"@id\":\"https:\\\/\\\/cvinoticias.com\\\/v3\\\/#\\\/schema\\\/person\\\/2db77e3c6bc03c538495d7b2b8be9b66\",\"name\":\"f1000024\",\"image\":{\"@type\":\"ImageObject\",\"inLanguage\":\"es\",\"@id\":\"https:\\\/\\\/secure.gravatar.com\\\/avatar\\\/d4fe7459cfc51ff5129ce1a732bbef5928568b8092d412ef95611616376bbeed?s=96&d=mm&r=g\",\"url\":\"https:\\\/\\\/secure.gravatar.com\\\/avatar\\\/d4fe7459cfc51ff5129ce1a732bbef5928568b8092d412ef95611616376bbeed?s=96&d=mm&r=g\",\"contentUrl\":\"https:\\\/\\\/secure.gravatar.com\\\/avatar\\\/d4fe7459cfc51ff5129ce1a732bbef5928568b8092d412ef95611616376bbeed?s=96&d=mm&r=g\",\"caption\":\"f1000024\"},\"url\":\"https:\\\/\\\/cvinoticias.com\\\/v3\\\/author\\\/f1000024\\\/\"}]}<\/script>\n<!-- \/ Yoast SEO plugin. -->","yoast_head_json":{"title":"Mart\u00edn Soria sostuvo que la \"Corte Suprema est\u00e1 degradada totalmente\" | CVI NOTICIAS","robots":{"index":"index","follow":"follow","max-snippet":"max-snippet:-1","max-image-preview":"max-image-preview:large","max-video-preview":"max-video-preview:-1"},"canonical":"https:\/\/cvinoticias.com\/v3\/martin-soria-sostuvo-que-la-corte-suprema-esta-degradada-totalmente\/","og_locale":"es_ES","og_type":"article","og_title":"Mart\u00edn Soria sostuvo que la \"Corte Suprema est\u00e1 degradada totalmente\" | CVI NOTICIAS","og_description":"Adem\u00e1s, el ministro de Justicia apunt\u00f3 que act\u00faa para \u00abalgunos beneficiarios\u00bb. El ministro de Justicia y Derechos Humanos, Mart\u00edn Soria, afirm\u00f3 este martes que las declaraciones de la vicepresidenta, Cristina Fern\u00e1ndez de Kirchner, sobre el poder judicial argentino \u00abresumieron lo que la gran mayor\u00eda de los argentinos piensan\u00bb, y consider\u00f3 que la proscripci\u00f3n de la [&hellip;]","og_url":"https:\/\/cvinoticias.com\/v3\/martin-soria-sostuvo-que-la-corte-suprema-esta-degradada-totalmente\/","og_site_name":"CVI NOTICIAS","article_publisher":"https:\/\/www.facebook.com\/cvinoticias","article_published_time":"2022-07-20T11:59:39+00:00","og_image":[{"width":800,"height":450,"url":"https:\/\/cvinoticias.com\/wp-content\/uploads\/2022\/07\/0000088102.jpg","type":"image\/jpeg"}],"author":"f1000024","twitter_card":"summary_large_image","twitter_misc":{"Escrito por":"f1000024","Tiempo de lectura":"2 minutos"},"schema":{"@context":"https:\/\/schema.org","@graph":[{"@type":"Article","@id":"https:\/\/cvinoticias.com\/v3\/martin-soria-sostuvo-que-la-corte-suprema-esta-degradada-totalmente\/#article","isPartOf":{"@id":"https:\/\/cvinoticias.com\/v3\/martin-soria-sostuvo-que-la-corte-suprema-esta-degradada-totalmente\/"},"author":{"name":"f1000024","@id":"https:\/\/cvinoticias.com\/v3\/#\/schema\/person\/2db77e3c6bc03c538495d7b2b8be9b66"},"headline":"Mart\u00edn Soria sostuvo que la \u00abCorte Suprema est\u00e1 degradada totalmente\u00bb","datePublished":"2022-07-20T11:59:39+00:00","mainEntityOfPage":{"@id":"https:\/\/cvinoticias.com\/v3\/martin-soria-sostuvo-que-la-corte-suprema-esta-degradada-totalmente\/"},"wordCount":437,"commentCount":0,"publisher":{"@id":"https:\/\/cvinoticias.com\/v3\/#organization"},"image":{"@id":"https:\/\/cvinoticias.com\/v3\/martin-soria-sostuvo-que-la-corte-suprema-esta-degradada-totalmente\/#primaryimage"},"thumbnailUrl":"https:\/\/cvinoticias.com\/wp-content\/uploads\/2022\/07\/0000088102.jpg","articleSection":["Nacionales","Politica"],"inLanguage":"es","potentialAction":[{"@type":"CommentAction","name":"Comment","target":["https:\/\/cvinoticias.com\/v3\/martin-soria-sostuvo-que-la-corte-suprema-esta-degradada-totalmente\/#respond"]}]},{"@type":"WebPage","@id":"https:\/\/cvinoticias.com\/v3\/martin-soria-sostuvo-que-la-corte-suprema-esta-degradada-totalmente\/","url":"https:\/\/cvinoticias.com\/v3\/martin-soria-sostuvo-que-la-corte-suprema-esta-degradada-totalmente\/","name":"Mart\u00edn Soria sostuvo que la \"Corte Suprema est\u00e1 degradada totalmente\" | CVI NOTICIAS","isPartOf":{"@id":"https:\/\/cvinoticias.com\/v3\/#website"},"primaryImageOfPage":{"@id":"https:\/\/cvinoticias.com\/v3\/martin-soria-sostuvo-que-la-corte-suprema-esta-degradada-totalmente\/#primaryimage"},"image":{"@id":"https:\/\/cvinoticias.com\/v3\/martin-soria-sostuvo-que-la-corte-suprema-esta-degradada-totalmente\/#primaryimage"},"thumbnailUrl":"https:\/\/cvinoticias.com\/wp-content\/uploads\/2022\/07\/0000088102.jpg","datePublished":"2022-07-20T11:59:39+00:00","breadcrumb":{"@id":"https:\/\/cvinoticias.com\/v3\/martin-soria-sostuvo-que-la-corte-suprema-esta-degradada-totalmente\/#breadcrumb"},"inLanguage":"es","potentialAction":[{"@type":"ReadAction","target":["https:\/\/cvinoticias.com\/v3\/martin-soria-sostuvo-que-la-corte-suprema-esta-degradada-totalmente\/"]}]},{"@type":"ImageObject","inLanguage":"es","@id":"https:\/\/cvinoticias.com\/v3\/martin-soria-sostuvo-que-la-corte-suprema-esta-degradada-totalmente\/#primaryimage","url":"https:\/\/cvinoticias.com\/wp-content\/uploads\/2022\/07\/0000088102.jpg","contentUrl":"https:\/\/cvinoticias.com\/wp-content\/uploads\/2022\/07\/0000088102.jpg","width":800,"height":450},{"@type":"BreadcrumbList","@id":"https:\/\/cvinoticias.com\/v3\/martin-soria-sostuvo-que-la-corte-suprema-esta-degradada-totalmente\/#breadcrumb","itemListElement":[{"@type":"ListItem","position":1,"name":"Portada","item":"https:\/\/cvinoticias.com\/v3\/"},{"@type":"ListItem","position":2,"name":"Mart\u00edn Soria sostuvo que la \u00abCorte Suprema est\u00e1 degradada totalmente\u00bb"}]},{"@type":"WebSite","@id":"https:\/\/cvinoticias.com\/v3\/#website","url":"https:\/\/cvinoticias.com\/v3\/","name":"CVI NOTICIAS","description":"","publisher":{"@id":"https:\/\/cvinoticias.com\/v3\/#organization"},"alternateName":"CVI","potentialAction":[{"@type":"SearchAction","target":{"@type":"EntryPoint","urlTemplate":"https:\/\/cvinoticias.com\/v3\/?s={search_term_string}"},"query-input":{"@type":"PropertyValueSpecification","valueRequired":true,"valueName":"search_term_string"}}],"inLanguage":"es"},{"@type":"Organization","@id":"https:\/\/cvinoticias.com\/v3\/#organization","name":"CVI NOTICIAS","url":"https:\/\/cvinoticias.com\/v3\/","logo":{"@type":"ImageObject","inLanguage":"es","@id":"https:\/\/cvinoticias.com\/v3\/#\/schema\/logo\/image\/","url":"https:\/\/cvinoticias.com\/wp-content\/uploads\/2023\/04\/cropped-cropped-cropped-cropped-cropped-3-1.png","contentUrl":"https:\/\/cvinoticias.com\/wp-content\/uploads\/2023\/04\/cropped-cropped-cropped-cropped-cropped-3-1.png","width":95,"height":122,"caption":"CVI NOTICIAS"},"image":{"@id":"https:\/\/cvinoticias.com\/v3\/#\/schema\/logo\/image\/"},"sameAs":["https:\/\/www.facebook.com\/cvinoticias","https:\/\/www.instagram.com\/cvinoticias\/","https:\/\/www.youtube.com\/@CVINOTICIAS"]},{"@type":"Person","@id":"https:\/\/cvinoticias.com\/v3\/#\/schema\/person\/2db77e3c6bc03c538495d7b2b8be9b66","name":"f1000024","image":{"@type":"ImageObject","inLanguage":"es","@id":"https:\/\/secure.gravatar.com\/avatar\/d4fe7459cfc51ff5129ce1a732bbef5928568b8092d412ef95611616376bbeed?s=96&d=mm&r=g","url":"https:\/\/secure.gravatar.com\/avatar\/d4fe7459cfc51ff5129ce1a732bbef5928568b8092d412ef95611616376bbeed?s=96&d=mm&r=g","contentUrl":"https:\/\/secure.gravatar.com\/avatar\/d4fe7459cfc51ff5129ce1a732bbef5928568b8092d412ef95611616376bbeed?s=96&d=mm&r=g","caption":"f1000024"},"url":"https:\/\/cvinoticias.com\/v3\/author\/f1000024\/"}]}},"_links":{"self":[{"href":"https:\/\/cvinoticias.com\/v3\/wp-json\/wp\/v2\/posts\/17755","targetHints":{"allow":["GET"]}}],"collection":[{"href":"https:\/\/cvinoticias.com\/v3\/wp-json\/wp\/v2\/posts"}],"about":[{"href":"https:\/\/cvinoticias.com\/v3\/wp-json\/wp\/v2\/types\/post"}],"author":[{"embeddable":true,"href":"https:\/\/cvinoticias.com\/v3\/wp-json\/wp\/v2\/users\/2"}],"replies":[{"embeddable":true,"href":"https:\/\/cvinoticias.com\/v3\/wp-json\/wp\/v2\/comments?post=17755"}],"version-history":[{"count":1,"href":"https:\/\/cvinoticias.com\/v3\/wp-json\/wp\/v2\/posts\/17755\/revisions"}],"predecessor-version":[{"id":17757,"href":"https:\/\/cvinoticias.com\/v3\/wp-json\/wp\/v2\/posts\/17755\/revisions\/17757"}],"wp:featuredmedia":[{"embeddable":true,"href":"https:\/\/cvinoticias.com\/v3\/wp-json\/wp\/v2\/media\/17756"}],"wp:attachment":[{"href":"https:\/\/cvinoticias.com\/v3\/wp-json\/wp\/v2\/media?parent=17755"}],"wp:term":[{"taxonomy":"category","embeddable":true,"href":"https:\/\/cvinoticias.com\/v3\/wp-json\/wp\/v2\/categories?post=17755"},{"taxonomy":"post_tag","embeddable":true,"href":"https:\/\/cvinoticias.com\/v3\/wp-json\/wp\/v2\/tags?post=17755"}],"curies":[{"name":"wp","href":"https:\/\/api.w.org\/{rel}","templated":true}]}}