{"id":17724,"date":"2022-07-19T12:07:00","date_gmt":"2022-07-19T12:07:00","guid":{"rendered":"https:\/\/cvinoticias.com\/v3\/?p=17724"},"modified":"2022-07-19T12:07:00","modified_gmt":"2022-07-19T12:07:00","slug":"subsidios-a-las-tarifas-de-luz-de-cuanto-sera-el-aumento-para-quienes-pierdan-el-beneficio","status":"publish","type":"post","link":"https:\/\/cvinoticias.com\/v3\/subsidios-a-las-tarifas-de-luz-de-cuanto-sera-el-aumento-para-quienes-pierdan-el-beneficio\/","title":{"rendered":"Subsidios a las tarifas de luz: de cu\u00e1nto ser\u00e1 el aumento para quienes pierdan el beneficio"},"content":{"rendered":"\n<p><strong><em>El secretario de Energ\u00eda Dar\u00edo Mart\u00ednez anticip\u00f3 que los nuevos cuadros con las tarifas segmentadas estar\u00e1n vigentes a partir de agosto y los primeros aumentos llegar\u00e1n en las facturas de septiembre.<\/em><\/strong><\/p>\n\n\n\n<p>El secretario de Energ\u00eda Dar\u00edo Mart\u00ednez anticip\u00f3 que el cuadro tarifario con las tarifas segmentadas por ingresos va a estar disponible a partir de agosto y, en funci\u00f3n de esas nuevas tarifas, los hogares que dejen de recibir subsidios tendr\u00e1n un incremento de $3.500 adicionales en sus facturas de electricidad, que se aplicar\u00e1 en tres etapas. A partir de septiembre, por ejemplo, el que va perdiendo los subsidios tendr\u00e1 un incremento de 1.200 pesos.<\/p>\n\n\n\n<p>El resto de los ciudadanos no van a tener m\u00e1s aumentos en 2022 que los que ya se aplicaron durante este a\u00f1o. Seg\u00fan record\u00f3 Mart\u00ednez, esas subas tuvieron un tope de acuerdo a la evoluci\u00f3n de los salarios del a\u00f1o pasado, seg\u00fan el Coeficiente de Variaci\u00f3n Salarial (CVS) que mide el Indec. Esto fue el 80% del CVS para los sectores medios y el 40% del CVS del a\u00f1o anterior para los sectores de menores ingresos.<\/p>\n\n\n\n<p>\u00abEl objetivo principal es tener un uso m\u00e1s inteligente de los subsidios, con m\u00e1s justicia social. El decil de m\u00e1s altos ingresos va a hacer frente al costo pleno de la energ\u00eda\u00bb, explic\u00f3 el secretario en declaraciones al canal C5N. \u00abSer\u00eda bueno que se inscriban todos los usuarios y hacer el proceso todos los vecinos, hay un sector que ya entiende que no puede tener la energ\u00eda subsidiada pero apostamos a que lo haga la mayor\u00eda de los ciudadanos\u00bb, pidi\u00f3 Mart\u00ednez.<\/p>\n\n\n\n<p>Seg\u00fan el secretario, ya completaron el formulario online para mantener los subsidios unos 900.000 usuarios de los servicios de gas y electricidad.<\/p>\n\n\n\n<p>\u00abLa segmentaci\u00f3n es una gran herramienta que viene en un momento donde el mundo tiene una locura energ\u00e9tica. El GNL el a\u00f1o pasado lo pagamos promedio USD 8,50 el mill\u00f3n de BTU y la ultima licitaci\u00f3n que decidimos que no, por el precio, estaba a USD 51 el mill\u00f3n de BTU. Europa ya se est\u00e1 preparando para el abismo energ\u00e9tico. China con cortes programados en sus provincias\u00bb, dijo Mart\u00ednez.<\/p>\n\n\n\n<p>\u00abUna vez que conectemos el gasoducto N\u00e9stor Kirchner el precio va a bajar. Nos va a permitir un valor en d\u00f3lares m\u00e1s competitivos\u00bb, agreg\u00f3.<\/p>\n\n\n\n<p><strong>Plazos para la inscripci\u00f3n al registro<\/strong><\/p>\n\n\n\n<p>Los usuarios con DNI finalizados en 0,1 y 2 tienen plazo hasta este martes para inscribirse en el registro abierto por el Gobierno para continuar accediendo a los subsidios de las tarifas de gas y electricidad. En tanto, a partir del mi\u00e9rcoles y hasta el viernes pr\u00f3ximo podr\u00e1n anotarse en en el Registro de Acceso a los Subsidios de Energ\u00eda (RASE) quienes tengan documentos terminados en 3, 4 o 5.<\/p>\n\n\n\n<p>Por \u00faltimo, desde el 23 y hasta el 26 de julio ser\u00e1 el turno para los usuarios con DNI finalizados en 6, 7, 8 y 9. El plazo de inscripci\u00f3n se extender\u00e1 hasta fin de mes para quienes no hayan podido completar el formulario, hasta el momento de su implementaci\u00f3n formal desde el 1\u00b0 de agosto.<\/p>\n","protected":false},"excerpt":{"rendered":"<p>El secretario de Energ\u00eda Dar\u00edo Mart\u00ednez anticip\u00f3 que los nuevos cuadros con las tarifas segmentadas estar\u00e1n vigentes a partir de agosto y los primeros aumentos llegar\u00e1n en las facturas de septiembre. El secretario de Energ\u00eda Dar\u00edo Mart\u00ednez anticip\u00f3 que el cuadro tarifario con las tarifas segmentadas por ingresos va a estar disponible a partir de [&hellip;]<\/p>\n","protected":false},"author":2,"featured_media":17725,"comment_status":"open","ping_status":"open","sticky":false,"template":"","format":"standard","meta":{"footnotes":""},"categories":[33],"tags":[],"class_list":["post-17724","post","type-post","status-publish","format-standard","has-post-thumbnail","hentry","category-energia"],"yoast_head":"<!-- This site is optimized with the Yoast SEO plugin v27.4 - https:\/\/yoast.com\/product\/yoast-seo-wordpress\/ -->\n<title>Subsidios a las tarifas de luz: de cu\u00e1nto ser\u00e1 el aumento para quienes pierdan el beneficio | CVI NOTICIAS<\/title>\n<meta name=\"robots\" content=\"index, follow, max-snippet:-1, max-image-preview:large, max-video-preview:-1\" \/>\n<link rel=\"canonical\" href=\"https:\/\/cvinoticias.com\/v3\/subsidios-a-las-tarifas-de-luz-de-cuanto-sera-el-aumento-para-quienes-pierdan-el-beneficio\/\" \/>\n<meta property=\"og:locale\" content=\"es_ES\" \/>\n<meta property=\"og:type\" content=\"article\" \/>\n<meta property=\"og:title\" content=\"Subsidios a las tarifas de luz: de cu\u00e1nto ser\u00e1 el aumento para quienes pierdan el beneficio | CVI NOTICIAS\" \/>\n<meta property=\"og:description\" content=\"El secretario de Energ\u00eda Dar\u00edo Mart\u00ednez anticip\u00f3 que los nuevos cuadros con las tarifas segmentadas estar\u00e1n vigentes a partir de agosto y los primeros aumentos llegar\u00e1n en las facturas de septiembre. El secretario de Energ\u00eda Dar\u00edo Mart\u00ednez anticip\u00f3 que el cuadro tarifario con las tarifas segmentadas por ingresos va a estar disponible a partir de [&hellip;]\" \/>\n<meta property=\"og:url\" content=\"https:\/\/cvinoticias.com\/v3\/subsidios-a-las-tarifas-de-luz-de-cuanto-sera-el-aumento-para-quienes-pierdan-el-beneficio\/\" \/>\n<meta property=\"og:site_name\" content=\"CVI NOTICIAS\" \/>\n<meta property=\"article:publisher\" content=\"https:\/\/www.facebook.com\/cvinoticias\" \/>\n<meta property=\"article:published_time\" content=\"2022-07-19T12:07:00+00:00\" \/>\n<meta property=\"og:image\" content=\"https:\/\/cvinoticias.com\/wp-content\/uploads\/2022\/07\/Screenshot_20220719-090426_Chrome.jpg\" \/>\n\t<meta property=\"og:image:width\" content=\"1080\" \/>\n\t<meta property=\"og:image:height\" content=\"602\" \/>\n\t<meta property=\"og:image:type\" content=\"image\/jpeg\" \/>\n<meta name=\"author\" content=\"f1000024\" \/>\n<meta name=\"twitter:card\" content=\"summary_large_image\" \/>\n<meta name=\"twitter:label1\" content=\"Escrito por\" \/>\n\t<meta name=\"twitter:data1\" content=\"f1000024\" \/>\n\t<meta name=\"twitter:label2\" content=\"Tiempo de lectura\" \/>\n\t<meta name=\"twitter:data2\" content=\"3 minutos\" \/>\n<script type=\"application\/ld+json\" class=\"yoast-schema-graph\">{\"@context\":\"https:\\\/\\\/schema.org\",\"@graph\":[{\"@type\":\"Article\",\"@id\":\"https:\\\/\\\/cvinoticias.com\\\/v3\\\/subsidios-a-las-tarifas-de-luz-de-cuanto-sera-el-aumento-para-quienes-pierdan-el-beneficio\\\/#article\",\"isPartOf\":{\"@id\":\"https:\\\/\\\/cvinoticias.com\\\/v3\\\/subsidios-a-las-tarifas-de-luz-de-cuanto-sera-el-aumento-para-quienes-pierdan-el-beneficio\\\/\"},\"author\":{\"name\":\"f1000024\",\"@id\":\"https:\\\/\\\/cvinoticias.com\\\/v3\\\/#\\\/schema\\\/person\\\/2db77e3c6bc03c538495d7b2b8be9b66\"},\"headline\":\"Subsidios a las tarifas de luz: de cu\u00e1nto ser\u00e1 el aumento para quienes pierdan el beneficio\",\"datePublished\":\"2022-07-19T12:07:00+00:00\",\"mainEntityOfPage\":{\"@id\":\"https:\\\/\\\/cvinoticias.com\\\/v3\\\/subsidios-a-las-tarifas-de-luz-de-cuanto-sera-el-aumento-para-quienes-pierdan-el-beneficio\\\/\"},\"wordCount\":553,\"commentCount\":0,\"publisher\":{\"@id\":\"https:\\\/\\\/cvinoticias.com\\\/v3\\\/#organization\"},\"image\":{\"@id\":\"https:\\\/\\\/cvinoticias.com\\\/v3\\\/subsidios-a-las-tarifas-de-luz-de-cuanto-sera-el-aumento-para-quienes-pierdan-el-beneficio\\\/#primaryimage\"},\"thumbnailUrl\":\"https:\\\/\\\/cvinoticias.com\\\/wp-content\\\/uploads\\\/2022\\\/07\\\/Screenshot_20220719-090426_Chrome.jpg\",\"articleSection\":[\"Energ\u00eda\"],\"inLanguage\":\"es\",\"potentialAction\":[{\"@type\":\"CommentAction\",\"name\":\"Comment\",\"target\":[\"https:\\\/\\\/cvinoticias.com\\\/v3\\\/subsidios-a-las-tarifas-de-luz-de-cuanto-sera-el-aumento-para-quienes-pierdan-el-beneficio\\\/#respond\"]}]},{\"@type\":\"WebPage\",\"@id\":\"https:\\\/\\\/cvinoticias.com\\\/v3\\\/subsidios-a-las-tarifas-de-luz-de-cuanto-sera-el-aumento-para-quienes-pierdan-el-beneficio\\\/\",\"url\":\"https:\\\/\\\/cvinoticias.com\\\/v3\\\/subsidios-a-las-tarifas-de-luz-de-cuanto-sera-el-aumento-para-quienes-pierdan-el-beneficio\\\/\",\"name\":\"Subsidios a las tarifas de luz: de cu\u00e1nto ser\u00e1 el aumento para quienes pierdan el beneficio | CVI NOTICIAS\",\"isPartOf\":{\"@id\":\"https:\\\/\\\/cvinoticias.com\\\/v3\\\/#website\"},\"primaryImageOfPage\":{\"@id\":\"https:\\\/\\\/cvinoticias.com\\\/v3\\\/subsidios-a-las-tarifas-de-luz-de-cuanto-sera-el-aumento-para-quienes-pierdan-el-beneficio\\\/#primaryimage\"},\"image\":{\"@id\":\"https:\\\/\\\/cvinoticias.com\\\/v3\\\/subsidios-a-las-tarifas-de-luz-de-cuanto-sera-el-aumento-para-quienes-pierdan-el-beneficio\\\/#primaryimage\"},\"thumbnailUrl\":\"https:\\\/\\\/cvinoticias.com\\\/wp-content\\\/uploads\\\/2022\\\/07\\\/Screenshot_20220719-090426_Chrome.jpg\",\"datePublished\":\"2022-07-19T12:07:00+00:00\",\"breadcrumb\":{\"@id\":\"https:\\\/\\\/cvinoticias.com\\\/v3\\\/subsidios-a-las-tarifas-de-luz-de-cuanto-sera-el-aumento-para-quienes-pierdan-el-beneficio\\\/#breadcrumb\"},\"inLanguage\":\"es\",\"potentialAction\":[{\"@type\":\"ReadAction\",\"target\":[\"https:\\\/\\\/cvinoticias.com\\\/v3\\\/subsidios-a-las-tarifas-de-luz-de-cuanto-sera-el-aumento-para-quienes-pierdan-el-beneficio\\\/\"]}]},{\"@type\":\"ImageObject\",\"inLanguage\":\"es\",\"@id\":\"https:\\\/\\\/cvinoticias.com\\\/v3\\\/subsidios-a-las-tarifas-de-luz-de-cuanto-sera-el-aumento-para-quienes-pierdan-el-beneficio\\\/#primaryimage\",\"url\":\"https:\\\/\\\/cvinoticias.com\\\/wp-content\\\/uploads\\\/2022\\\/07\\\/Screenshot_20220719-090426_Chrome.jpg\",\"contentUrl\":\"https:\\\/\\\/cvinoticias.com\\\/wp-content\\\/uploads\\\/2022\\\/07\\\/Screenshot_20220719-090426_Chrome.jpg\",\"width\":1080,\"height\":602},{\"@type\":\"BreadcrumbList\",\"@id\":\"https:\\\/\\\/cvinoticias.com\\\/v3\\\/subsidios-a-las-tarifas-de-luz-de-cuanto-sera-el-aumento-para-quienes-pierdan-el-beneficio\\\/#breadcrumb\",\"itemListElement\":[{\"@type\":\"ListItem\",\"position\":1,\"name\":\"Portada\",\"item\":\"https:\\\/\\\/cvinoticias.com\\\/v3\\\/\"},{\"@type\":\"ListItem\",\"position\":2,\"name\":\"Subsidios a las tarifas de luz: de cu\u00e1nto ser\u00e1 el aumento para quienes pierdan el beneficio\"}]},{\"@type\":\"WebSite\",\"@id\":\"https:\\\/\\\/cvinoticias.com\\\/v3\\\/#website\",\"url\":\"https:\\\/\\\/cvinoticias.com\\\/v3\\\/\",\"name\":\"CVI NOTICIAS\",\"description\":\"\",\"publisher\":{\"@id\":\"https:\\\/\\\/cvinoticias.com\\\/v3\\\/#organization\"},\"alternateName\":\"CVI\",\"potentialAction\":[{\"@type\":\"SearchAction\",\"target\":{\"@type\":\"EntryPoint\",\"urlTemplate\":\"https:\\\/\\\/cvinoticias.com\\\/v3\\\/?s={search_term_string}\"},\"query-input\":{\"@type\":\"PropertyValueSpecification\",\"valueRequired\":true,\"valueName\":\"search_term_string\"}}],\"inLanguage\":\"es\"},{\"@type\":\"Organization\",\"@id\":\"https:\\\/\\\/cvinoticias.com\\\/v3\\\/#organization\",\"name\":\"CVI NOTICIAS\",\"url\":\"https:\\\/\\\/cvinoticias.com\\\/v3\\\/\",\"logo\":{\"@type\":\"ImageObject\",\"inLanguage\":\"es\",\"@id\":\"https:\\\/\\\/cvinoticias.com\\\/v3\\\/#\\\/schema\\\/logo\\\/image\\\/\",\"url\":\"https:\\\/\\\/cvinoticias.com\\\/wp-content\\\/uploads\\\/2023\\\/04\\\/cropped-cropped-cropped-cropped-cropped-3-1.png\",\"contentUrl\":\"https:\\\/\\\/cvinoticias.com\\\/wp-content\\\/uploads\\\/2023\\\/04\\\/cropped-cropped-cropped-cropped-cropped-3-1.png\",\"width\":95,\"height\":122,\"caption\":\"CVI NOTICIAS\"},\"image\":{\"@id\":\"https:\\\/\\\/cvinoticias.com\\\/v3\\\/#\\\/schema\\\/logo\\\/image\\\/\"},\"sameAs\":[\"https:\\\/\\\/www.facebook.com\\\/cvinoticias\",\"https:\\\/\\\/www.instagram.com\\\/cvinoticias\\\/\",\"https:\\\/\\\/www.youtube.com\\\/@CVINOTICIAS\"]},{\"@type\":\"Person\",\"@id\":\"https:\\\/\\\/cvinoticias.com\\\/v3\\\/#\\\/schema\\\/person\\\/2db77e3c6bc03c538495d7b2b8be9b66\",\"name\":\"f1000024\",\"image\":{\"@type\":\"ImageObject\",\"inLanguage\":\"es\",\"@id\":\"https:\\\/\\\/secure.gravatar.com\\\/avatar\\\/d4fe7459cfc51ff5129ce1a732bbef5928568b8092d412ef95611616376bbeed?s=96&d=mm&r=g\",\"url\":\"https:\\\/\\\/secure.gravatar.com\\\/avatar\\\/d4fe7459cfc51ff5129ce1a732bbef5928568b8092d412ef95611616376bbeed?s=96&d=mm&r=g\",\"contentUrl\":\"https:\\\/\\\/secure.gravatar.com\\\/avatar\\\/d4fe7459cfc51ff5129ce1a732bbef5928568b8092d412ef95611616376bbeed?s=96&d=mm&r=g\",\"caption\":\"f1000024\"},\"url\":\"https:\\\/\\\/cvinoticias.com\\\/v3\\\/author\\\/f1000024\\\/\"}]}<\/script>\n<!-- \/ Yoast SEO plugin. -->","yoast_head_json":{"title":"Subsidios a las tarifas de luz: de cu\u00e1nto ser\u00e1 el aumento para quienes pierdan el beneficio | CVI NOTICIAS","robots":{"index":"index","follow":"follow","max-snippet":"max-snippet:-1","max-image-preview":"max-image-preview:large","max-video-preview":"max-video-preview:-1"},"canonical":"https:\/\/cvinoticias.com\/v3\/subsidios-a-las-tarifas-de-luz-de-cuanto-sera-el-aumento-para-quienes-pierdan-el-beneficio\/","og_locale":"es_ES","og_type":"article","og_title":"Subsidios a las tarifas de luz: de cu\u00e1nto ser\u00e1 el aumento para quienes pierdan el beneficio | CVI NOTICIAS","og_description":"El secretario de Energ\u00eda Dar\u00edo Mart\u00ednez anticip\u00f3 que los nuevos cuadros con las tarifas segmentadas estar\u00e1n vigentes a partir de agosto y los primeros aumentos llegar\u00e1n en las facturas de septiembre. El secretario de Energ\u00eda Dar\u00edo Mart\u00ednez anticip\u00f3 que el cuadro tarifario con las tarifas segmentadas por ingresos va a estar disponible a partir de [&hellip;]","og_url":"https:\/\/cvinoticias.com\/v3\/subsidios-a-las-tarifas-de-luz-de-cuanto-sera-el-aumento-para-quienes-pierdan-el-beneficio\/","og_site_name":"CVI NOTICIAS","article_publisher":"https:\/\/www.facebook.com\/cvinoticias","article_published_time":"2022-07-19T12:07:00+00:00","og_image":[{"width":1080,"height":602,"url":"https:\/\/cvinoticias.com\/wp-content\/uploads\/2022\/07\/Screenshot_20220719-090426_Chrome.jpg","type":"image\/jpeg"}],"author":"f1000024","twitter_card":"summary_large_image","twitter_misc":{"Escrito por":"f1000024","Tiempo de lectura":"3 minutos"},"schema":{"@context":"https:\/\/schema.org","@graph":[{"@type":"Article","@id":"https:\/\/cvinoticias.com\/v3\/subsidios-a-las-tarifas-de-luz-de-cuanto-sera-el-aumento-para-quienes-pierdan-el-beneficio\/#article","isPartOf":{"@id":"https:\/\/cvinoticias.com\/v3\/subsidios-a-las-tarifas-de-luz-de-cuanto-sera-el-aumento-para-quienes-pierdan-el-beneficio\/"},"author":{"name":"f1000024","@id":"https:\/\/cvinoticias.com\/v3\/#\/schema\/person\/2db77e3c6bc03c538495d7b2b8be9b66"},"headline":"Subsidios a las tarifas de luz: de cu\u00e1nto ser\u00e1 el aumento para quienes pierdan el beneficio","datePublished":"2022-07-19T12:07:00+00:00","mainEntityOfPage":{"@id":"https:\/\/cvinoticias.com\/v3\/subsidios-a-las-tarifas-de-luz-de-cuanto-sera-el-aumento-para-quienes-pierdan-el-beneficio\/"},"wordCount":553,"commentCount":0,"publisher":{"@id":"https:\/\/cvinoticias.com\/v3\/#organization"},"image":{"@id":"https:\/\/cvinoticias.com\/v3\/subsidios-a-las-tarifas-de-luz-de-cuanto-sera-el-aumento-para-quienes-pierdan-el-beneficio\/#primaryimage"},"thumbnailUrl":"https:\/\/cvinoticias.com\/wp-content\/uploads\/2022\/07\/Screenshot_20220719-090426_Chrome.jpg","articleSection":["Energ\u00eda"],"inLanguage":"es","potentialAction":[{"@type":"CommentAction","name":"Comment","target":["https:\/\/cvinoticias.com\/v3\/subsidios-a-las-tarifas-de-luz-de-cuanto-sera-el-aumento-para-quienes-pierdan-el-beneficio\/#respond"]}]},{"@type":"WebPage","@id":"https:\/\/cvinoticias.com\/v3\/subsidios-a-las-tarifas-de-luz-de-cuanto-sera-el-aumento-para-quienes-pierdan-el-beneficio\/","url":"https:\/\/cvinoticias.com\/v3\/subsidios-a-las-tarifas-de-luz-de-cuanto-sera-el-aumento-para-quienes-pierdan-el-beneficio\/","name":"Subsidios a las tarifas de luz: de cu\u00e1nto ser\u00e1 el aumento para quienes pierdan el beneficio | CVI NOTICIAS","isPartOf":{"@id":"https:\/\/cvinoticias.com\/v3\/#website"},"primaryImageOfPage":{"@id":"https:\/\/cvinoticias.com\/v3\/subsidios-a-las-tarifas-de-luz-de-cuanto-sera-el-aumento-para-quienes-pierdan-el-beneficio\/#primaryimage"},"image":{"@id":"https:\/\/cvinoticias.com\/v3\/subsidios-a-las-tarifas-de-luz-de-cuanto-sera-el-aumento-para-quienes-pierdan-el-beneficio\/#primaryimage"},"thumbnailUrl":"https:\/\/cvinoticias.com\/wp-content\/uploads\/2022\/07\/Screenshot_20220719-090426_Chrome.jpg","datePublished":"2022-07-19T12:07:00+00:00","breadcrumb":{"@id":"https:\/\/cvinoticias.com\/v3\/subsidios-a-las-tarifas-de-luz-de-cuanto-sera-el-aumento-para-quienes-pierdan-el-beneficio\/#breadcrumb"},"inLanguage":"es","potentialAction":[{"@type":"ReadAction","target":["https:\/\/cvinoticias.com\/v3\/subsidios-a-las-tarifas-de-luz-de-cuanto-sera-el-aumento-para-quienes-pierdan-el-beneficio\/"]}]},{"@type":"ImageObject","inLanguage":"es","@id":"https:\/\/cvinoticias.com\/v3\/subsidios-a-las-tarifas-de-luz-de-cuanto-sera-el-aumento-para-quienes-pierdan-el-beneficio\/#primaryimage","url":"https:\/\/cvinoticias.com\/wp-content\/uploads\/2022\/07\/Screenshot_20220719-090426_Chrome.jpg","contentUrl":"https:\/\/cvinoticias.com\/wp-content\/uploads\/2022\/07\/Screenshot_20220719-090426_Chrome.jpg","width":1080,"height":602},{"@type":"BreadcrumbList","@id":"https:\/\/cvinoticias.com\/v3\/subsidios-a-las-tarifas-de-luz-de-cuanto-sera-el-aumento-para-quienes-pierdan-el-beneficio\/#breadcrumb","itemListElement":[{"@type":"ListItem","position":1,"name":"Portada","item":"https:\/\/cvinoticias.com\/v3\/"},{"@type":"ListItem","position":2,"name":"Subsidios a las tarifas de luz: de cu\u00e1nto ser\u00e1 el aumento para quienes pierdan el beneficio"}]},{"@type":"WebSite","@id":"https:\/\/cvinoticias.com\/v3\/#website","url":"https:\/\/cvinoticias.com\/v3\/","name":"CVI NOTICIAS","description":"","publisher":{"@id":"https:\/\/cvinoticias.com\/v3\/#organization"},"alternateName":"CVI","potentialAction":[{"@type":"SearchAction","target":{"@type":"EntryPoint","urlTemplate":"https:\/\/cvinoticias.com\/v3\/?s={search_term_string}"},"query-input":{"@type":"PropertyValueSpecification","valueRequired":true,"valueName":"search_term_string"}}],"inLanguage":"es"},{"@type":"Organization","@id":"https:\/\/cvinoticias.com\/v3\/#organization","name":"CVI NOTICIAS","url":"https:\/\/cvinoticias.com\/v3\/","logo":{"@type":"ImageObject","inLanguage":"es","@id":"https:\/\/cvinoticias.com\/v3\/#\/schema\/logo\/image\/","url":"https:\/\/cvinoticias.com\/wp-content\/uploads\/2023\/04\/cropped-cropped-cropped-cropped-cropped-3-1.png","contentUrl":"https:\/\/cvinoticias.com\/wp-content\/uploads\/2023\/04\/cropped-cropped-cropped-cropped-cropped-3-1.png","width":95,"height":122,"caption":"CVI NOTICIAS"},"image":{"@id":"https:\/\/cvinoticias.com\/v3\/#\/schema\/logo\/image\/"},"sameAs":["https:\/\/www.facebook.com\/cvinoticias","https:\/\/www.instagram.com\/cvinoticias\/","https:\/\/www.youtube.com\/@CVINOTICIAS"]},{"@type":"Person","@id":"https:\/\/cvinoticias.com\/v3\/#\/schema\/person\/2db77e3c6bc03c538495d7b2b8be9b66","name":"f1000024","image":{"@type":"ImageObject","inLanguage":"es","@id":"https:\/\/secure.gravatar.com\/avatar\/d4fe7459cfc51ff5129ce1a732bbef5928568b8092d412ef95611616376bbeed?s=96&d=mm&r=g","url":"https:\/\/secure.gravatar.com\/avatar\/d4fe7459cfc51ff5129ce1a732bbef5928568b8092d412ef95611616376bbeed?s=96&d=mm&r=g","contentUrl":"https:\/\/secure.gravatar.com\/avatar\/d4fe7459cfc51ff5129ce1a732bbef5928568b8092d412ef95611616376bbeed?s=96&d=mm&r=g","caption":"f1000024"},"url":"https:\/\/cvinoticias.com\/v3\/author\/f1000024\/"}]}},"_links":{"self":[{"href":"https:\/\/cvinoticias.com\/v3\/wp-json\/wp\/v2\/posts\/17724","targetHints":{"allow":["GET"]}}],"collection":[{"href":"https:\/\/cvinoticias.com\/v3\/wp-json\/wp\/v2\/posts"}],"about":[{"href":"https:\/\/cvinoticias.com\/v3\/wp-json\/wp\/v2\/types\/post"}],"author":[{"embeddable":true,"href":"https:\/\/cvinoticias.com\/v3\/wp-json\/wp\/v2\/users\/2"}],"replies":[{"embeddable":true,"href":"https:\/\/cvinoticias.com\/v3\/wp-json\/wp\/v2\/comments?post=17724"}],"version-history":[{"count":1,"href":"https:\/\/cvinoticias.com\/v3\/wp-json\/wp\/v2\/posts\/17724\/revisions"}],"predecessor-version":[{"id":17726,"href":"https:\/\/cvinoticias.com\/v3\/wp-json\/wp\/v2\/posts\/17724\/revisions\/17726"}],"wp:featuredmedia":[{"embeddable":true,"href":"https:\/\/cvinoticias.com\/v3\/wp-json\/wp\/v2\/media\/17725"}],"wp:attachment":[{"href":"https:\/\/cvinoticias.com\/v3\/wp-json\/wp\/v2\/media?parent=17724"}],"wp:term":[{"taxonomy":"category","embeddable":true,"href":"https:\/\/cvinoticias.com\/v3\/wp-json\/wp\/v2\/categories?post=17724"},{"taxonomy":"post_tag","embeddable":true,"href":"https:\/\/cvinoticias.com\/v3\/wp-json\/wp\/v2\/tags?post=17724"}],"curies":[{"name":"wp","href":"https:\/\/api.w.org\/{rel}","templated":true}]}}