{"id":17718,"date":"2022-07-19T11:22:57","date_gmt":"2022-07-19T11:22:57","guid":{"rendered":"https:\/\/cvinoticias.com\/v3\/?p=17718"},"modified":"2022-07-19T11:22:57","modified_gmt":"2022-07-19T11:22:57","slug":"argentina-grande-el-plan-contara-con-una-inversion-de-837-mil-millones","status":"publish","type":"post","link":"https:\/\/cvinoticias.com\/v3\/argentina-grande-el-plan-contara-con-una-inversion-de-837-mil-millones\/","title":{"rendered":"\u201cArgentina Grande\u201d: el plan contar\u00e1 con una inversi\u00f3n de $837 mil millones"},"content":{"rendered":"\n<p><em><strong>El programa fue anunciado por el presidente Alberto Fern\u00e1ndez.<\/strong><\/em><\/p>\n\n\n\n<p>El Gobierno nacional present\u00f3 ayer el plan de obras p\u00fablicas estrat\u00e9gicas \u201cArgentina Grande\u201d, que suma 120 emprendimientos a los 5.000 que ya desarrolla el Ministerio de Obras P\u00fablicas que conduce Gabriel Katopodis, con una inversi\u00f3n total de $837.000 millones.<\/p>\n\n\n\n<p>En el acto que ayer al mediod\u00eda encabez\u00f3 el presidente Alberto Fern\u00e1ndez se brind\u00f3 detalle de 7 de ellas, distribuidas en distintas provincias y que prev\u00e9n una inversi\u00f3n de $71.282 millones.<\/p>\n\n\n\n<p>Katopodis firm\u00f3 ayer junto al gobernador bonaerense Axel Kicillof el acta para dar inicio a la \u201ccontinuaci\u00f3n de la Autopista Buenos Aires &#8211; La Plata para su empalme con la Ruta Provincial 11\u201d.<\/p>\n\n\n\n<p>La traza proyectada cuenta con 11,2 km de extensi\u00f3n, incluyen la duplicaci\u00f3n de la calzada, la construcci\u00f3n de un viaducto, dos puentes, intervenciones hidr\u00e1ulicas y de alcantarillado, forestaci\u00f3n y demarcaci\u00f3n y representa una inversi\u00f3n total de $18.865 millones y beneficiar\u00e1 la circulaci\u00f3n de 27.810 veh\u00edculos diarios.<\/p>\n\n\n\n<p>Seg\u00fan se indic\u00f3 en el acto, esto beneficiar\u00e1 y dotar\u00e1 de mayor operatividad al puerto de Ensenada.<\/p>\n\n\n\n<p>Tambi\u00e9n se anunci\u00f3 la licitaci\u00f3n para la construcci\u00f3n de dos variantes de las Rutas Nacionales 11 y 12 (en las ciudades de Resistencia y Corrientes, respectivamente) que permitir\u00e1n extender y vincular las trazas nuevas con la RN16 a la altura de Resistencia y con la RP5 en Corrientes, en lo que representa la primera etapa del segundo puente Chaco-Corrientes.<\/p>\n\n\n\n<p>Se estima que los procesos de licitaci\u00f3n de ambas obras, que implican una inversi\u00f3n total de $16.668 millones por parte del Tesoro Nacional, se completen durante 2022 y los trabajos se inicien en el primer trimestre de 2023, con un plazo de ejecuci\u00f3n de 4 a\u00f1os en Resistencia, y de 1 a\u00f1o y medio en Corrientes.<\/p>\n\n\n\n<p>En el mismo sentido, se anunci\u00f3 el inicio de obra de la Autopista Rosario de la Frontera-Met\u00e1n sobre las rutas nacionales 9 y 34, en la provincia de Salta.<\/p>\n\n\n\n<p>La transformaci\u00f3n en autov\u00eda de la llamada \u201cruta de la muerte\u201d demandar\u00e1 una inversi\u00f3n de $10.927 millones. En la provincia de Catamarca se desarrollar\u00e1 la Presa del R\u00edo Hondo, que representa una inversi\u00f3n total de $2.840 millones y generar\u00e1 120 empleos directos, recibir\u00e1 y retendr\u00e1 los caudales derivados del futuro azud de Piedra Larga y las descargas pluviales de la cuenca del R\u00edo Hondo.<\/p>\n\n\n\n<p>El embalse tendr\u00e1 un volumen aproximado de 5,85 Hm\u00b3 para abastecer el sistema de riego de la ciudad de Londres, as\u00ed como tendr\u00e1 una longitud de desarrollo en el coronamiento de 102 m, que incluye un camino de 5.20 m de ancho, con una protecci\u00f3n tipo Nueva Jersey, que vincula los estribos de la presa con las dem\u00e1s instalaciones y el acceso a la obra.<\/p>\n","protected":false},"excerpt":{"rendered":"<p>El programa fue anunciado por el presidente Alberto Fern\u00e1ndez. El Gobierno nacional present\u00f3 ayer el plan de obras p\u00fablicas estrat\u00e9gicas \u201cArgentina Grande\u201d, que suma 120 emprendimientos a los 5.000 que ya desarrolla el Ministerio de Obras P\u00fablicas que conduce Gabriel Katopodis, con una inversi\u00f3n total de $837.000 millones. En el acto que ayer al mediod\u00eda [&hellip;]<\/p>\n","protected":false},"author":2,"featured_media":17719,"comment_status":"open","ping_status":"open","sticky":false,"template":"","format":"standard","meta":{"footnotes":""},"categories":[39],"tags":[],"class_list":["post-17718","post","type-post","status-publish","format-standard","has-post-thumbnail","hentry","category-nacionales"],"yoast_head":"<!-- This site is optimized with the Yoast SEO plugin v27.5 - https:\/\/yoast.com\/product\/yoast-seo-wordpress\/ -->\n<title>\u201cArgentina Grande\u201d: el plan contar\u00e1 con una inversi\u00f3n de $837 mil millones | CVI NOTICIAS<\/title>\n<meta name=\"robots\" content=\"index, follow, max-snippet:-1, max-image-preview:large, max-video-preview:-1\" \/>\n<link rel=\"canonical\" href=\"https:\/\/cvinoticias.com\/v3\/argentina-grande-el-plan-contara-con-una-inversion-de-837-mil-millones\/\" \/>\n<meta property=\"og:locale\" content=\"es_ES\" \/>\n<meta property=\"og:type\" content=\"article\" \/>\n<meta property=\"og:title\" content=\"\u201cArgentina Grande\u201d: el plan contar\u00e1 con una inversi\u00f3n de $837 mil millones | CVI NOTICIAS\" \/>\n<meta property=\"og:description\" content=\"El programa fue anunciado por el presidente Alberto Fern\u00e1ndez. El Gobierno nacional present\u00f3 ayer el plan de obras p\u00fablicas estrat\u00e9gicas \u201cArgentina Grande\u201d, que suma 120 emprendimientos a los 5.000 que ya desarrolla el Ministerio de Obras P\u00fablicas que conduce Gabriel Katopodis, con una inversi\u00f3n total de $837.000 millones. En el acto que ayer al mediod\u00eda [&hellip;]\" \/>\n<meta property=\"og:url\" content=\"https:\/\/cvinoticias.com\/v3\/argentina-grande-el-plan-contara-con-una-inversion-de-837-mil-millones\/\" \/>\n<meta property=\"og:site_name\" content=\"CVI NOTICIAS\" \/>\n<meta property=\"article:publisher\" content=\"https:\/\/www.facebook.com\/cvinoticias\" \/>\n<meta property=\"article:published_time\" content=\"2022-07-19T11:22:57+00:00\" \/>\n<meta property=\"og:image\" content=\"https:\/\/cvinoticias.com\/wp-content\/uploads\/2022\/07\/Screenshot_20220719-081942_Chrome.jpg\" \/>\n\t<meta property=\"og:image:width\" content=\"823\" \/>\n\t<meta property=\"og:image:height\" content=\"447\" \/>\n\t<meta property=\"og:image:type\" content=\"image\/jpeg\" \/>\n<meta name=\"author\" content=\"f1000024\" \/>\n<meta name=\"twitter:card\" content=\"summary_large_image\" \/>\n<meta name=\"twitter:label1\" content=\"Escrito por\" \/>\n\t<meta name=\"twitter:data1\" content=\"f1000024\" \/>\n\t<meta name=\"twitter:label2\" content=\"Tiempo de lectura\" \/>\n\t<meta name=\"twitter:data2\" content=\"2 minutos\" \/>\n<script type=\"application\/ld+json\" class=\"yoast-schema-graph\">{\"@context\":\"https:\\\/\\\/schema.org\",\"@graph\":[{\"@type\":\"Article\",\"@id\":\"https:\\\/\\\/cvinoticias.com\\\/v3\\\/argentina-grande-el-plan-contara-con-una-inversion-de-837-mil-millones\\\/#article\",\"isPartOf\":{\"@id\":\"https:\\\/\\\/cvinoticias.com\\\/v3\\\/argentina-grande-el-plan-contara-con-una-inversion-de-837-mil-millones\\\/\"},\"author\":{\"name\":\"f1000024\",\"@id\":\"https:\\\/\\\/cvinoticias.com\\\/v3\\\/#\\\/schema\\\/person\\\/2db77e3c6bc03c538495d7b2b8be9b66\"},\"headline\":\"\u201cArgentina Grande\u201d: el plan contar\u00e1 con una inversi\u00f3n de $837 mil millones\",\"datePublished\":\"2022-07-19T11:22:57+00:00\",\"mainEntityOfPage\":{\"@id\":\"https:\\\/\\\/cvinoticias.com\\\/v3\\\/argentina-grande-el-plan-contara-con-una-inversion-de-837-mil-millones\\\/\"},\"wordCount\":474,\"commentCount\":0,\"publisher\":{\"@id\":\"https:\\\/\\\/cvinoticias.com\\\/v3\\\/#organization\"},\"image\":{\"@id\":\"https:\\\/\\\/cvinoticias.com\\\/v3\\\/argentina-grande-el-plan-contara-con-una-inversion-de-837-mil-millones\\\/#primaryimage\"},\"thumbnailUrl\":\"https:\\\/\\\/cvinoticias.com\\\/wp-content\\\/uploads\\\/2022\\\/07\\\/Screenshot_20220719-081942_Chrome.jpg\",\"articleSection\":[\"Nacionales\"],\"inLanguage\":\"es\",\"potentialAction\":[{\"@type\":\"CommentAction\",\"name\":\"Comment\",\"target\":[\"https:\\\/\\\/cvinoticias.com\\\/v3\\\/argentina-grande-el-plan-contara-con-una-inversion-de-837-mil-millones\\\/#respond\"]}]},{\"@type\":\"WebPage\",\"@id\":\"https:\\\/\\\/cvinoticias.com\\\/v3\\\/argentina-grande-el-plan-contara-con-una-inversion-de-837-mil-millones\\\/\",\"url\":\"https:\\\/\\\/cvinoticias.com\\\/v3\\\/argentina-grande-el-plan-contara-con-una-inversion-de-837-mil-millones\\\/\",\"name\":\"\u201cArgentina Grande\u201d: el plan contar\u00e1 con una inversi\u00f3n de $837 mil millones | CVI NOTICIAS\",\"isPartOf\":{\"@id\":\"https:\\\/\\\/cvinoticias.com\\\/v3\\\/#website\"},\"primaryImageOfPage\":{\"@id\":\"https:\\\/\\\/cvinoticias.com\\\/v3\\\/argentina-grande-el-plan-contara-con-una-inversion-de-837-mil-millones\\\/#primaryimage\"},\"image\":{\"@id\":\"https:\\\/\\\/cvinoticias.com\\\/v3\\\/argentina-grande-el-plan-contara-con-una-inversion-de-837-mil-millones\\\/#primaryimage\"},\"thumbnailUrl\":\"https:\\\/\\\/cvinoticias.com\\\/wp-content\\\/uploads\\\/2022\\\/07\\\/Screenshot_20220719-081942_Chrome.jpg\",\"datePublished\":\"2022-07-19T11:22:57+00:00\",\"breadcrumb\":{\"@id\":\"https:\\\/\\\/cvinoticias.com\\\/v3\\\/argentina-grande-el-plan-contara-con-una-inversion-de-837-mil-millones\\\/#breadcrumb\"},\"inLanguage\":\"es\",\"potentialAction\":[{\"@type\":\"ReadAction\",\"target\":[\"https:\\\/\\\/cvinoticias.com\\\/v3\\\/argentina-grande-el-plan-contara-con-una-inversion-de-837-mil-millones\\\/\"]}]},{\"@type\":\"ImageObject\",\"inLanguage\":\"es\",\"@id\":\"https:\\\/\\\/cvinoticias.com\\\/v3\\\/argentina-grande-el-plan-contara-con-una-inversion-de-837-mil-millones\\\/#primaryimage\",\"url\":\"https:\\\/\\\/cvinoticias.com\\\/wp-content\\\/uploads\\\/2022\\\/07\\\/Screenshot_20220719-081942_Chrome.jpg\",\"contentUrl\":\"https:\\\/\\\/cvinoticias.com\\\/wp-content\\\/uploads\\\/2022\\\/07\\\/Screenshot_20220719-081942_Chrome.jpg\",\"width\":823,\"height\":447},{\"@type\":\"BreadcrumbList\",\"@id\":\"https:\\\/\\\/cvinoticias.com\\\/v3\\\/argentina-grande-el-plan-contara-con-una-inversion-de-837-mil-millones\\\/#breadcrumb\",\"itemListElement\":[{\"@type\":\"ListItem\",\"position\":1,\"name\":\"Portada\",\"item\":\"https:\\\/\\\/cvinoticias.com\\\/v3\\\/\"},{\"@type\":\"ListItem\",\"position\":2,\"name\":\"\u201cArgentina Grande\u201d: el plan contar\u00e1 con una inversi\u00f3n de $837 mil millones\"}]},{\"@type\":\"WebSite\",\"@id\":\"https:\\\/\\\/cvinoticias.com\\\/v3\\\/#website\",\"url\":\"https:\\\/\\\/cvinoticias.com\\\/v3\\\/\",\"name\":\"CVI NOTICIAS\",\"description\":\"\",\"publisher\":{\"@id\":\"https:\\\/\\\/cvinoticias.com\\\/v3\\\/#organization\"},\"alternateName\":\"CVI\",\"potentialAction\":[{\"@type\":\"SearchAction\",\"target\":{\"@type\":\"EntryPoint\",\"urlTemplate\":\"https:\\\/\\\/cvinoticias.com\\\/v3\\\/?s={search_term_string}\"},\"query-input\":{\"@type\":\"PropertyValueSpecification\",\"valueRequired\":true,\"valueName\":\"search_term_string\"}}],\"inLanguage\":\"es\"},{\"@type\":\"Organization\",\"@id\":\"https:\\\/\\\/cvinoticias.com\\\/v3\\\/#organization\",\"name\":\"CVI NOTICIAS\",\"url\":\"https:\\\/\\\/cvinoticias.com\\\/v3\\\/\",\"logo\":{\"@type\":\"ImageObject\",\"inLanguage\":\"es\",\"@id\":\"https:\\\/\\\/cvinoticias.com\\\/v3\\\/#\\\/schema\\\/logo\\\/image\\\/\",\"url\":\"https:\\\/\\\/cvinoticias.com\\\/wp-content\\\/uploads\\\/2023\\\/04\\\/cropped-cropped-cropped-cropped-cropped-3-1.png\",\"contentUrl\":\"https:\\\/\\\/cvinoticias.com\\\/wp-content\\\/uploads\\\/2023\\\/04\\\/cropped-cropped-cropped-cropped-cropped-3-1.png\",\"width\":95,\"height\":122,\"caption\":\"CVI NOTICIAS\"},\"image\":{\"@id\":\"https:\\\/\\\/cvinoticias.com\\\/v3\\\/#\\\/schema\\\/logo\\\/image\\\/\"},\"sameAs\":[\"https:\\\/\\\/www.facebook.com\\\/cvinoticias\",\"https:\\\/\\\/www.instagram.com\\\/cvinoticias\\\/\",\"https:\\\/\\\/www.youtube.com\\\/@CVINOTICIAS\"]},{\"@type\":\"Person\",\"@id\":\"https:\\\/\\\/cvinoticias.com\\\/v3\\\/#\\\/schema\\\/person\\\/2db77e3c6bc03c538495d7b2b8be9b66\",\"name\":\"f1000024\",\"image\":{\"@type\":\"ImageObject\",\"inLanguage\":\"es\",\"@id\":\"https:\\\/\\\/secure.gravatar.com\\\/avatar\\\/d4fe7459cfc51ff5129ce1a732bbef5928568b8092d412ef95611616376bbeed?s=96&d=mm&r=g\",\"url\":\"https:\\\/\\\/secure.gravatar.com\\\/avatar\\\/d4fe7459cfc51ff5129ce1a732bbef5928568b8092d412ef95611616376bbeed?s=96&d=mm&r=g\",\"contentUrl\":\"https:\\\/\\\/secure.gravatar.com\\\/avatar\\\/d4fe7459cfc51ff5129ce1a732bbef5928568b8092d412ef95611616376bbeed?s=96&d=mm&r=g\",\"caption\":\"f1000024\"},\"url\":\"https:\\\/\\\/cvinoticias.com\\\/v3\\\/author\\\/f1000024\\\/\"}]}<\/script>\n<!-- \/ Yoast SEO plugin. -->","yoast_head_json":{"title":"\u201cArgentina Grande\u201d: el plan contar\u00e1 con una inversi\u00f3n de $837 mil millones | CVI NOTICIAS","robots":{"index":"index","follow":"follow","max-snippet":"max-snippet:-1","max-image-preview":"max-image-preview:large","max-video-preview":"max-video-preview:-1"},"canonical":"https:\/\/cvinoticias.com\/v3\/argentina-grande-el-plan-contara-con-una-inversion-de-837-mil-millones\/","og_locale":"es_ES","og_type":"article","og_title":"\u201cArgentina Grande\u201d: el plan contar\u00e1 con una inversi\u00f3n de $837 mil millones | CVI NOTICIAS","og_description":"El programa fue anunciado por el presidente Alberto Fern\u00e1ndez. El Gobierno nacional present\u00f3 ayer el plan de obras p\u00fablicas estrat\u00e9gicas \u201cArgentina Grande\u201d, que suma 120 emprendimientos a los 5.000 que ya desarrolla el Ministerio de Obras P\u00fablicas que conduce Gabriel Katopodis, con una inversi\u00f3n total de $837.000 millones. En el acto que ayer al mediod\u00eda [&hellip;]","og_url":"https:\/\/cvinoticias.com\/v3\/argentina-grande-el-plan-contara-con-una-inversion-de-837-mil-millones\/","og_site_name":"CVI NOTICIAS","article_publisher":"https:\/\/www.facebook.com\/cvinoticias","article_published_time":"2022-07-19T11:22:57+00:00","og_image":[{"width":823,"height":447,"url":"https:\/\/cvinoticias.com\/wp-content\/uploads\/2022\/07\/Screenshot_20220719-081942_Chrome.jpg","type":"image\/jpeg"}],"author":"f1000024","twitter_card":"summary_large_image","twitter_misc":{"Escrito por":"f1000024","Tiempo de lectura":"2 minutos"},"schema":{"@context":"https:\/\/schema.org","@graph":[{"@type":"Article","@id":"https:\/\/cvinoticias.com\/v3\/argentina-grande-el-plan-contara-con-una-inversion-de-837-mil-millones\/#article","isPartOf":{"@id":"https:\/\/cvinoticias.com\/v3\/argentina-grande-el-plan-contara-con-una-inversion-de-837-mil-millones\/"},"author":{"name":"f1000024","@id":"https:\/\/cvinoticias.com\/v3\/#\/schema\/person\/2db77e3c6bc03c538495d7b2b8be9b66"},"headline":"\u201cArgentina Grande\u201d: el plan contar\u00e1 con una inversi\u00f3n de $837 mil millones","datePublished":"2022-07-19T11:22:57+00:00","mainEntityOfPage":{"@id":"https:\/\/cvinoticias.com\/v3\/argentina-grande-el-plan-contara-con-una-inversion-de-837-mil-millones\/"},"wordCount":474,"commentCount":0,"publisher":{"@id":"https:\/\/cvinoticias.com\/v3\/#organization"},"image":{"@id":"https:\/\/cvinoticias.com\/v3\/argentina-grande-el-plan-contara-con-una-inversion-de-837-mil-millones\/#primaryimage"},"thumbnailUrl":"https:\/\/cvinoticias.com\/wp-content\/uploads\/2022\/07\/Screenshot_20220719-081942_Chrome.jpg","articleSection":["Nacionales"],"inLanguage":"es","potentialAction":[{"@type":"CommentAction","name":"Comment","target":["https:\/\/cvinoticias.com\/v3\/argentina-grande-el-plan-contara-con-una-inversion-de-837-mil-millones\/#respond"]}]},{"@type":"WebPage","@id":"https:\/\/cvinoticias.com\/v3\/argentina-grande-el-plan-contara-con-una-inversion-de-837-mil-millones\/","url":"https:\/\/cvinoticias.com\/v3\/argentina-grande-el-plan-contara-con-una-inversion-de-837-mil-millones\/","name":"\u201cArgentina Grande\u201d: el plan contar\u00e1 con una inversi\u00f3n de $837 mil millones | CVI NOTICIAS","isPartOf":{"@id":"https:\/\/cvinoticias.com\/v3\/#website"},"primaryImageOfPage":{"@id":"https:\/\/cvinoticias.com\/v3\/argentina-grande-el-plan-contara-con-una-inversion-de-837-mil-millones\/#primaryimage"},"image":{"@id":"https:\/\/cvinoticias.com\/v3\/argentina-grande-el-plan-contara-con-una-inversion-de-837-mil-millones\/#primaryimage"},"thumbnailUrl":"https:\/\/cvinoticias.com\/wp-content\/uploads\/2022\/07\/Screenshot_20220719-081942_Chrome.jpg","datePublished":"2022-07-19T11:22:57+00:00","breadcrumb":{"@id":"https:\/\/cvinoticias.com\/v3\/argentina-grande-el-plan-contara-con-una-inversion-de-837-mil-millones\/#breadcrumb"},"inLanguage":"es","potentialAction":[{"@type":"ReadAction","target":["https:\/\/cvinoticias.com\/v3\/argentina-grande-el-plan-contara-con-una-inversion-de-837-mil-millones\/"]}]},{"@type":"ImageObject","inLanguage":"es","@id":"https:\/\/cvinoticias.com\/v3\/argentina-grande-el-plan-contara-con-una-inversion-de-837-mil-millones\/#primaryimage","url":"https:\/\/cvinoticias.com\/wp-content\/uploads\/2022\/07\/Screenshot_20220719-081942_Chrome.jpg","contentUrl":"https:\/\/cvinoticias.com\/wp-content\/uploads\/2022\/07\/Screenshot_20220719-081942_Chrome.jpg","width":823,"height":447},{"@type":"BreadcrumbList","@id":"https:\/\/cvinoticias.com\/v3\/argentina-grande-el-plan-contara-con-una-inversion-de-837-mil-millones\/#breadcrumb","itemListElement":[{"@type":"ListItem","position":1,"name":"Portada","item":"https:\/\/cvinoticias.com\/v3\/"},{"@type":"ListItem","position":2,"name":"\u201cArgentina Grande\u201d: el plan contar\u00e1 con una inversi\u00f3n de $837 mil millones"}]},{"@type":"WebSite","@id":"https:\/\/cvinoticias.com\/v3\/#website","url":"https:\/\/cvinoticias.com\/v3\/","name":"CVI NOTICIAS","description":"","publisher":{"@id":"https:\/\/cvinoticias.com\/v3\/#organization"},"alternateName":"CVI","potentialAction":[{"@type":"SearchAction","target":{"@type":"EntryPoint","urlTemplate":"https:\/\/cvinoticias.com\/v3\/?s={search_term_string}"},"query-input":{"@type":"PropertyValueSpecification","valueRequired":true,"valueName":"search_term_string"}}],"inLanguage":"es"},{"@type":"Organization","@id":"https:\/\/cvinoticias.com\/v3\/#organization","name":"CVI NOTICIAS","url":"https:\/\/cvinoticias.com\/v3\/","logo":{"@type":"ImageObject","inLanguage":"es","@id":"https:\/\/cvinoticias.com\/v3\/#\/schema\/logo\/image\/","url":"https:\/\/cvinoticias.com\/wp-content\/uploads\/2023\/04\/cropped-cropped-cropped-cropped-cropped-3-1.png","contentUrl":"https:\/\/cvinoticias.com\/wp-content\/uploads\/2023\/04\/cropped-cropped-cropped-cropped-cropped-3-1.png","width":95,"height":122,"caption":"CVI NOTICIAS"},"image":{"@id":"https:\/\/cvinoticias.com\/v3\/#\/schema\/logo\/image\/"},"sameAs":["https:\/\/www.facebook.com\/cvinoticias","https:\/\/www.instagram.com\/cvinoticias\/","https:\/\/www.youtube.com\/@CVINOTICIAS"]},{"@type":"Person","@id":"https:\/\/cvinoticias.com\/v3\/#\/schema\/person\/2db77e3c6bc03c538495d7b2b8be9b66","name":"f1000024","image":{"@type":"ImageObject","inLanguage":"es","@id":"https:\/\/secure.gravatar.com\/avatar\/d4fe7459cfc51ff5129ce1a732bbef5928568b8092d412ef95611616376bbeed?s=96&d=mm&r=g","url":"https:\/\/secure.gravatar.com\/avatar\/d4fe7459cfc51ff5129ce1a732bbef5928568b8092d412ef95611616376bbeed?s=96&d=mm&r=g","contentUrl":"https:\/\/secure.gravatar.com\/avatar\/d4fe7459cfc51ff5129ce1a732bbef5928568b8092d412ef95611616376bbeed?s=96&d=mm&r=g","caption":"f1000024"},"url":"https:\/\/cvinoticias.com\/v3\/author\/f1000024\/"}]}},"_links":{"self":[{"href":"https:\/\/cvinoticias.com\/v3\/wp-json\/wp\/v2\/posts\/17718","targetHints":{"allow":["GET"]}}],"collection":[{"href":"https:\/\/cvinoticias.com\/v3\/wp-json\/wp\/v2\/posts"}],"about":[{"href":"https:\/\/cvinoticias.com\/v3\/wp-json\/wp\/v2\/types\/post"}],"author":[{"embeddable":true,"href":"https:\/\/cvinoticias.com\/v3\/wp-json\/wp\/v2\/users\/2"}],"replies":[{"embeddable":true,"href":"https:\/\/cvinoticias.com\/v3\/wp-json\/wp\/v2\/comments?post=17718"}],"version-history":[{"count":1,"href":"https:\/\/cvinoticias.com\/v3\/wp-json\/wp\/v2\/posts\/17718\/revisions"}],"predecessor-version":[{"id":17720,"href":"https:\/\/cvinoticias.com\/v3\/wp-json\/wp\/v2\/posts\/17718\/revisions\/17720"}],"wp:featuredmedia":[{"embeddable":true,"href":"https:\/\/cvinoticias.com\/v3\/wp-json\/wp\/v2\/media\/17719"}],"wp:attachment":[{"href":"https:\/\/cvinoticias.com\/v3\/wp-json\/wp\/v2\/media?parent=17718"}],"wp:term":[{"taxonomy":"category","embeddable":true,"href":"https:\/\/cvinoticias.com\/v3\/wp-json\/wp\/v2\/categories?post=17718"},{"taxonomy":"post_tag","embeddable":true,"href":"https:\/\/cvinoticias.com\/v3\/wp-json\/wp\/v2\/tags?post=17718"}],"curies":[{"name":"wp","href":"https:\/\/api.w.org\/{rel}","templated":true}]}}