{"id":17715,"date":"2022-07-19T02:15:00","date_gmt":"2022-07-19T02:15:00","guid":{"rendered":"https:\/\/cvinoticias.com\/v3\/?p=17715"},"modified":"2022-07-19T02:15:00","modified_gmt":"2022-07-19T02:15:00","slug":"fallecio-delia-giovanola-fundadora-de-abuelas-de-plaza-de-mayo","status":"publish","type":"post","link":"https:\/\/cvinoticias.com\/v3\/fallecio-delia-giovanola-fundadora-de-abuelas-de-plaza-de-mayo\/","title":{"rendered":"Falleci\u00f3 Delia Giovanola, fundadora de Abuelas de Plaza de Mayo"},"content":{"rendered":"\n<p><strong><em>La platense de 96 a\u00f1os pudo encontrar a su nieto Mart\u00edn en 2015, nacido en cautiverio en el Pozo de Banfield.<\/em><\/strong><\/p>\n\n\n\n<p>Falleci\u00f3 Delia Giovanola, una de las fundadoras de las Abuelas de Plaza de Mayo. El organismo expresa su profundo dolor por la p\u00e9rdida. En mayo del a\u00f1o pasado, Delia declar\u00f3 en el Juicio Brigadas, en el que se juzgan delitos de lesa humanidad cometidos en centros clandestinos de detenci\u00f3n y exterminio en el sur del Conurbano.<\/p>\n\n\n\n<p>\u201cExpresamos nuestra m\u00e1s profunda tristeza por la partida de otra compa\u00f1era, una de las fundadoras de nuestra Asociaci\u00f3n, Delia Cecilia Giovanola\u201d, reza el comunicado.<\/p>\n\n\n\n<p>Nacida en 1926 en nuestra ciudad, maestra de profesi\u00f3n, en 1946 se cas\u00f3 con Jorge Narciso Ogando, su novio de siempre, con quien al a\u00f1o siguiente tuvieron a su hijo, Jorge Oscar Ogando. \u201cFue el hijo deseado, querido, compa\u00f1ero y amigo\u201d, dijo alguna vez.<\/p>\n\n\n\n<p>En 1963 Delia enviud\u00f3 y para sumar un ingreso a su hogar comenz\u00f3 a estudiar bibliotecolog\u00eda. Tras graduarse, en 1968 se cas\u00f3 Pablo Califano y se mud\u00f3 a Villa Ballester, partido de San Mart\u00edn. All\u00ed empez\u00f3 a ejercer de bibliotecaria, a la par que ascend\u00eda a vicedirectora y luego a directora de escuela.<\/p>\n\n\n\n<p>Por entonces, su hijo \u2013que trabajaba en el Banco Provincia\u2013 se cas\u00f3 con Stella Maris Montesano, quien de ni\u00f1a hab\u00eda sido alumna particular de Delia y en 1971 se recibi\u00f3 de abogada. En junio de 1973 la pareja tuvo a su primera hija, Virginia. En la madrugada del 16 de octubre de 1976, durante la \u00faltima dictadura, la pareja fue secuestrada en su casa de La Plata, Stella Maris embarazada de ocho meses, y la peque\u00f1a Virginia qued\u00f3 en su cuna. Avisada Delia, fue a buscarla y se hizo cargo de ella, mientras buscaba desesperadamente a Jorge y Stella Maris.<\/p>\n\n\n\n<p>Tiempo m\u00e1s tarde, por testimonios de sobrevivientes, pudo saberse que la pareja permaneci\u00f3 en el centro clandestino de detenci\u00f3n, tortura y exterminio \u201cPozo de Banfield\u201d, donde Stella Maris dio a luz un ni\u00f1o el 5 de diciembre de 1976. El parto, \u201casistido\u201d por el m\u00e9dico genocida Jorge Antonio Berg\u00e9s, fue en la cocina del lugar, ella esposada, los ojos vendados y arriba de una chapa. Dos d\u00edas despu\u00e9s fue despojada de su beb\u00e9, que fue vendido a un matrimonio, y llevada al \u201cPozo de Quilmes\u201d.<\/p>\n\n\n\n<p>En octubre de 1977, Delia form\u00f3 parte del grupo fundador de Abuelas de Plaza de Mayo. Ese a\u00f1o se jubil\u00f3 para dedicarse a la crianza de Virginia y a la b\u00fasqueda de \u201clos chicos\u201d, como les dec\u00eda ella, que nunca pens\u00f3 que ser\u00eda de por vida. \u201cCada vez que ve\u00eda un chiquito lo segu\u00eda con la vista pensando \u2018\u00bfser\u00e1 mi nieto?\u2019. Era muy dura la b\u00fasqueda\u201d, record\u00f3 Delia en el testimonio que brind\u00f3 hace poco m\u00e1s de un a\u00f1o en el juicio por los delitos de lesa humanidad cometidos en Pozo de Banfield, Pozo de Quilmes y Brigada de Lan\u00fas.<\/p>\n\n\n\n<p>Ingeniosa y ocurrente, su foto con la inscripci\u00f3n \u201cLas Malvinas son argentinas, los desaparecidos tambi\u00e9n\u201d recorri\u00f3 el mundo. El retrato se lo hizo un periodista extranjero, un jueves de ronda, en pleno conflicto b\u00e9lico. \u201cLa ciudad de Buenos Aires estaba empapelada con calcoman\u00edas que dec\u00edan \u2018Las Malvinas son argentinas\u2019 y \u2018Los argentinos somos derechos y humanos\u2019. Fue tanta la indignaci\u00f3n de ver la ciudad as\u00ed y que nadie hablara de las Madres y Abuelas que est\u00e1bamos ah\u00ed hac\u00eda seis a\u00f1os dando la vuelta a la Plaza, que llegu\u00e9 a mi casa y en un cart\u00f3n escrib\u00ed, con bronca: \u2018Las Malvinas son argentinas, los desaparecidos tambi\u00e9n\u2019\u201d, cont\u00f3 Delia.<\/p>\n\n\n\n<p>Cuando Virginia cumpli\u00f3 18 a\u00f1os, comenz\u00f3 a buscar con su abuela. \u201cCuando empez\u00f3 a trabajar en el Banco Provincia, para ocupar el puesto de su padre, Jorge figuraba como \u2018cesante por abandono de cargo\u2019 \u2013evoc\u00f3 Delia\u2013. Muy pronto, la entidad cambi\u00f3 el legajo de cesante a desaparici\u00f3n forzada y asumi\u00f3 como propia la b\u00fasqueda de Mart\u00edn\u201d. En 2011, lamentablemente, Virginia entr\u00f3 en una depresi\u00f3n de la que no pudo salir y se quit\u00f3 la vida. Ten\u00eda 38 a\u00f1os.<\/p>\n\n\n\n<p>Debieron pasar cuatro a\u00f1os m\u00e1s para que Delia pudiera encontrar a su nieto. Fue el 5 de noviembre de 2015. El primer contacto con \u00e9l, que vive en el exterior, fue por tel\u00e9fono: \u201c\u00a1Te encontr\u00e9!\u201d, le dijo Delia, y del otro lado, tras un silencio, Mart\u00edn comenz\u00f3 a hacerle preguntas, la empez\u00f3 a llamar \u201cabuela\u201d y desde ese d\u00eda mantuvieron una relaci\u00f3n de abuela y nieto como si se conocieran de siempre.<\/p>\n\n\n\n<p>\u201cLlena de vitalidad y de entusiasmo hasta el \u00faltimo suspiro, graciosa, ir\u00f3nica, espont\u00e1nea, de convicciones firmes, vecina ilustre de San Mart\u00edn, Delia era una de las \u00faltimas Abuelas fundadoras que quedaba. A esta instituci\u00f3n, Delia le dio todo. Todav\u00eda no caemos en la cuenta de que ya no est\u00e1, pero el vac\u00edo que se siente es enorme. Se ha ido una mujer luchadora, militante de la memoria, la verdad, la justicia y la alegr\u00eda. \u00a1Hasta siempre, querida Delia..!\u201d, concluye el comunicado.<\/p>\n","protected":false},"excerpt":{"rendered":"<p>La platense de 96 a\u00f1os pudo encontrar a su nieto Mart\u00edn en 2015, nacido en cautiverio en el Pozo de Banfield. Falleci\u00f3 Delia Giovanola, una de las fundadoras de las Abuelas de Plaza de Mayo. El organismo expresa su profundo dolor por la p\u00e9rdida. En mayo del a\u00f1o pasado, Delia declar\u00f3 en el Juicio Brigadas, [&hellip;]<\/p>\n","protected":false},"author":2,"featured_media":17716,"comment_status":"open","ping_status":"open","sticky":false,"template":"","format":"standard","meta":{"footnotes":""},"categories":[47],"tags":[],"class_list":["post-17715","post","type-post","status-publish","format-standard","has-post-thumbnail","hentry","category-sociedad"],"yoast_head":"<!-- This site is optimized with the Yoast SEO plugin v27.5 - https:\/\/yoast.com\/product\/yoast-seo-wordpress\/ -->\n<title>Falleci\u00f3 Delia Giovanola, fundadora de Abuelas de Plaza de Mayo | CVI NOTICIAS<\/title>\n<meta name=\"robots\" content=\"index, follow, max-snippet:-1, max-image-preview:large, max-video-preview:-1\" \/>\n<link rel=\"canonical\" href=\"https:\/\/cvinoticias.com\/v3\/fallecio-delia-giovanola-fundadora-de-abuelas-de-plaza-de-mayo\/\" \/>\n<meta property=\"og:locale\" content=\"es_ES\" \/>\n<meta property=\"og:type\" content=\"article\" \/>\n<meta property=\"og:title\" content=\"Falleci\u00f3 Delia Giovanola, fundadora de Abuelas de Plaza de Mayo | CVI NOTICIAS\" \/>\n<meta property=\"og:description\" content=\"La platense de 96 a\u00f1os pudo encontrar a su nieto Mart\u00edn en 2015, nacido en cautiverio en el Pozo de Banfield. Falleci\u00f3 Delia Giovanola, una de las fundadoras de las Abuelas de Plaza de Mayo. El organismo expresa su profundo dolor por la p\u00e9rdida. En mayo del a\u00f1o pasado, Delia declar\u00f3 en el Juicio Brigadas, [&hellip;]\" \/>\n<meta property=\"og:url\" content=\"https:\/\/cvinoticias.com\/v3\/fallecio-delia-giovanola-fundadora-de-abuelas-de-plaza-de-mayo\/\" \/>\n<meta property=\"og:site_name\" content=\"CVI NOTICIAS\" \/>\n<meta property=\"article:publisher\" content=\"https:\/\/www.facebook.com\/cvinoticias\" \/>\n<meta property=\"article:published_time\" content=\"2022-07-19T02:15:00+00:00\" \/>\n<meta property=\"og:image\" content=\"https:\/\/cvinoticias.com\/wp-content\/uploads\/2022\/07\/0000105581.jpg\" \/>\n\t<meta property=\"og:image:width\" content=\"560\" \/>\n\t<meta property=\"og:image:height\" content=\"373\" \/>\n\t<meta property=\"og:image:type\" content=\"image\/jpeg\" \/>\n<meta name=\"author\" content=\"f1000024\" \/>\n<meta name=\"twitter:card\" content=\"summary_large_image\" \/>\n<meta name=\"twitter:label1\" content=\"Escrito por\" \/>\n\t<meta name=\"twitter:data1\" content=\"f1000024\" \/>\n\t<meta name=\"twitter:label2\" content=\"Tiempo de lectura\" \/>\n\t<meta name=\"twitter:data2\" content=\"4 minutos\" \/>\n<script type=\"application\/ld+json\" class=\"yoast-schema-graph\">{\"@context\":\"https:\\\/\\\/schema.org\",\"@graph\":[{\"@type\":\"Article\",\"@id\":\"https:\\\/\\\/cvinoticias.com\\\/v3\\\/fallecio-delia-giovanola-fundadora-de-abuelas-de-plaza-de-mayo\\\/#article\",\"isPartOf\":{\"@id\":\"https:\\\/\\\/cvinoticias.com\\\/v3\\\/fallecio-delia-giovanola-fundadora-de-abuelas-de-plaza-de-mayo\\\/\"},\"author\":{\"name\":\"f1000024\",\"@id\":\"https:\\\/\\\/cvinoticias.com\\\/v3\\\/#\\\/schema\\\/person\\\/2db77e3c6bc03c538495d7b2b8be9b66\"},\"headline\":\"Falleci\u00f3 Delia Giovanola, fundadora de Abuelas de Plaza de Mayo\",\"datePublished\":\"2022-07-19T02:15:00+00:00\",\"mainEntityOfPage\":{\"@id\":\"https:\\\/\\\/cvinoticias.com\\\/v3\\\/fallecio-delia-giovanola-fundadora-de-abuelas-de-plaza-de-mayo\\\/\"},\"wordCount\":878,\"commentCount\":0,\"publisher\":{\"@id\":\"https:\\\/\\\/cvinoticias.com\\\/v3\\\/#organization\"},\"image\":{\"@id\":\"https:\\\/\\\/cvinoticias.com\\\/v3\\\/fallecio-delia-giovanola-fundadora-de-abuelas-de-plaza-de-mayo\\\/#primaryimage\"},\"thumbnailUrl\":\"https:\\\/\\\/cvinoticias.com\\\/wp-content\\\/uploads\\\/2022\\\/07\\\/0000105581.jpg\",\"articleSection\":[\"Sociedad\"],\"inLanguage\":\"es\",\"potentialAction\":[{\"@type\":\"CommentAction\",\"name\":\"Comment\",\"target\":[\"https:\\\/\\\/cvinoticias.com\\\/v3\\\/fallecio-delia-giovanola-fundadora-de-abuelas-de-plaza-de-mayo\\\/#respond\"]}]},{\"@type\":\"WebPage\",\"@id\":\"https:\\\/\\\/cvinoticias.com\\\/v3\\\/fallecio-delia-giovanola-fundadora-de-abuelas-de-plaza-de-mayo\\\/\",\"url\":\"https:\\\/\\\/cvinoticias.com\\\/v3\\\/fallecio-delia-giovanola-fundadora-de-abuelas-de-plaza-de-mayo\\\/\",\"name\":\"Falleci\u00f3 Delia Giovanola, fundadora de Abuelas de Plaza de Mayo | CVI NOTICIAS\",\"isPartOf\":{\"@id\":\"https:\\\/\\\/cvinoticias.com\\\/v3\\\/#website\"},\"primaryImageOfPage\":{\"@id\":\"https:\\\/\\\/cvinoticias.com\\\/v3\\\/fallecio-delia-giovanola-fundadora-de-abuelas-de-plaza-de-mayo\\\/#primaryimage\"},\"image\":{\"@id\":\"https:\\\/\\\/cvinoticias.com\\\/v3\\\/fallecio-delia-giovanola-fundadora-de-abuelas-de-plaza-de-mayo\\\/#primaryimage\"},\"thumbnailUrl\":\"https:\\\/\\\/cvinoticias.com\\\/wp-content\\\/uploads\\\/2022\\\/07\\\/0000105581.jpg\",\"datePublished\":\"2022-07-19T02:15:00+00:00\",\"breadcrumb\":{\"@id\":\"https:\\\/\\\/cvinoticias.com\\\/v3\\\/fallecio-delia-giovanola-fundadora-de-abuelas-de-plaza-de-mayo\\\/#breadcrumb\"},\"inLanguage\":\"es\",\"potentialAction\":[{\"@type\":\"ReadAction\",\"target\":[\"https:\\\/\\\/cvinoticias.com\\\/v3\\\/fallecio-delia-giovanola-fundadora-de-abuelas-de-plaza-de-mayo\\\/\"]}]},{\"@type\":\"ImageObject\",\"inLanguage\":\"es\",\"@id\":\"https:\\\/\\\/cvinoticias.com\\\/v3\\\/fallecio-delia-giovanola-fundadora-de-abuelas-de-plaza-de-mayo\\\/#primaryimage\",\"url\":\"https:\\\/\\\/cvinoticias.com\\\/wp-content\\\/uploads\\\/2022\\\/07\\\/0000105581.jpg\",\"contentUrl\":\"https:\\\/\\\/cvinoticias.com\\\/wp-content\\\/uploads\\\/2022\\\/07\\\/0000105581.jpg\",\"width\":560,\"height\":373},{\"@type\":\"BreadcrumbList\",\"@id\":\"https:\\\/\\\/cvinoticias.com\\\/v3\\\/fallecio-delia-giovanola-fundadora-de-abuelas-de-plaza-de-mayo\\\/#breadcrumb\",\"itemListElement\":[{\"@type\":\"ListItem\",\"position\":1,\"name\":\"Portada\",\"item\":\"https:\\\/\\\/cvinoticias.com\\\/v3\\\/\"},{\"@type\":\"ListItem\",\"position\":2,\"name\":\"Falleci\u00f3 Delia Giovanola, fundadora de Abuelas de Plaza de Mayo\"}]},{\"@type\":\"WebSite\",\"@id\":\"https:\\\/\\\/cvinoticias.com\\\/v3\\\/#website\",\"url\":\"https:\\\/\\\/cvinoticias.com\\\/v3\\\/\",\"name\":\"CVI NOTICIAS\",\"description\":\"\",\"publisher\":{\"@id\":\"https:\\\/\\\/cvinoticias.com\\\/v3\\\/#organization\"},\"alternateName\":\"CVI\",\"potentialAction\":[{\"@type\":\"SearchAction\",\"target\":{\"@type\":\"EntryPoint\",\"urlTemplate\":\"https:\\\/\\\/cvinoticias.com\\\/v3\\\/?s={search_term_string}\"},\"query-input\":{\"@type\":\"PropertyValueSpecification\",\"valueRequired\":true,\"valueName\":\"search_term_string\"}}],\"inLanguage\":\"es\"},{\"@type\":\"Organization\",\"@id\":\"https:\\\/\\\/cvinoticias.com\\\/v3\\\/#organization\",\"name\":\"CVI NOTICIAS\",\"url\":\"https:\\\/\\\/cvinoticias.com\\\/v3\\\/\",\"logo\":{\"@type\":\"ImageObject\",\"inLanguage\":\"es\",\"@id\":\"https:\\\/\\\/cvinoticias.com\\\/v3\\\/#\\\/schema\\\/logo\\\/image\\\/\",\"url\":\"https:\\\/\\\/cvinoticias.com\\\/wp-content\\\/uploads\\\/2023\\\/04\\\/cropped-cropped-cropped-cropped-cropped-3-1.png\",\"contentUrl\":\"https:\\\/\\\/cvinoticias.com\\\/wp-content\\\/uploads\\\/2023\\\/04\\\/cropped-cropped-cropped-cropped-cropped-3-1.png\",\"width\":95,\"height\":122,\"caption\":\"CVI NOTICIAS\"},\"image\":{\"@id\":\"https:\\\/\\\/cvinoticias.com\\\/v3\\\/#\\\/schema\\\/logo\\\/image\\\/\"},\"sameAs\":[\"https:\\\/\\\/www.facebook.com\\\/cvinoticias\",\"https:\\\/\\\/www.instagram.com\\\/cvinoticias\\\/\",\"https:\\\/\\\/www.youtube.com\\\/@CVINOTICIAS\"]},{\"@type\":\"Person\",\"@id\":\"https:\\\/\\\/cvinoticias.com\\\/v3\\\/#\\\/schema\\\/person\\\/2db77e3c6bc03c538495d7b2b8be9b66\",\"name\":\"f1000024\",\"image\":{\"@type\":\"ImageObject\",\"inLanguage\":\"es\",\"@id\":\"https:\\\/\\\/secure.gravatar.com\\\/avatar\\\/d4fe7459cfc51ff5129ce1a732bbef5928568b8092d412ef95611616376bbeed?s=96&d=mm&r=g\",\"url\":\"https:\\\/\\\/secure.gravatar.com\\\/avatar\\\/d4fe7459cfc51ff5129ce1a732bbef5928568b8092d412ef95611616376bbeed?s=96&d=mm&r=g\",\"contentUrl\":\"https:\\\/\\\/secure.gravatar.com\\\/avatar\\\/d4fe7459cfc51ff5129ce1a732bbef5928568b8092d412ef95611616376bbeed?s=96&d=mm&r=g\",\"caption\":\"f1000024\"},\"url\":\"https:\\\/\\\/cvinoticias.com\\\/v3\\\/author\\\/f1000024\\\/\"}]}<\/script>\n<!-- \/ Yoast SEO plugin. -->","yoast_head_json":{"title":"Falleci\u00f3 Delia Giovanola, fundadora de Abuelas de Plaza de Mayo | CVI NOTICIAS","robots":{"index":"index","follow":"follow","max-snippet":"max-snippet:-1","max-image-preview":"max-image-preview:large","max-video-preview":"max-video-preview:-1"},"canonical":"https:\/\/cvinoticias.com\/v3\/fallecio-delia-giovanola-fundadora-de-abuelas-de-plaza-de-mayo\/","og_locale":"es_ES","og_type":"article","og_title":"Falleci\u00f3 Delia Giovanola, fundadora de Abuelas de Plaza de Mayo | CVI NOTICIAS","og_description":"La platense de 96 a\u00f1os pudo encontrar a su nieto Mart\u00edn en 2015, nacido en cautiverio en el Pozo de Banfield. Falleci\u00f3 Delia Giovanola, una de las fundadoras de las Abuelas de Plaza de Mayo. El organismo expresa su profundo dolor por la p\u00e9rdida. En mayo del a\u00f1o pasado, Delia declar\u00f3 en el Juicio Brigadas, [&hellip;]","og_url":"https:\/\/cvinoticias.com\/v3\/fallecio-delia-giovanola-fundadora-de-abuelas-de-plaza-de-mayo\/","og_site_name":"CVI NOTICIAS","article_publisher":"https:\/\/www.facebook.com\/cvinoticias","article_published_time":"2022-07-19T02:15:00+00:00","og_image":[{"width":560,"height":373,"url":"https:\/\/cvinoticias.com\/wp-content\/uploads\/2022\/07\/0000105581.jpg","type":"image\/jpeg"}],"author":"f1000024","twitter_card":"summary_large_image","twitter_misc":{"Escrito por":"f1000024","Tiempo de lectura":"4 minutos"},"schema":{"@context":"https:\/\/schema.org","@graph":[{"@type":"Article","@id":"https:\/\/cvinoticias.com\/v3\/fallecio-delia-giovanola-fundadora-de-abuelas-de-plaza-de-mayo\/#article","isPartOf":{"@id":"https:\/\/cvinoticias.com\/v3\/fallecio-delia-giovanola-fundadora-de-abuelas-de-plaza-de-mayo\/"},"author":{"name":"f1000024","@id":"https:\/\/cvinoticias.com\/v3\/#\/schema\/person\/2db77e3c6bc03c538495d7b2b8be9b66"},"headline":"Falleci\u00f3 Delia Giovanola, fundadora de Abuelas de Plaza de Mayo","datePublished":"2022-07-19T02:15:00+00:00","mainEntityOfPage":{"@id":"https:\/\/cvinoticias.com\/v3\/fallecio-delia-giovanola-fundadora-de-abuelas-de-plaza-de-mayo\/"},"wordCount":878,"commentCount":0,"publisher":{"@id":"https:\/\/cvinoticias.com\/v3\/#organization"},"image":{"@id":"https:\/\/cvinoticias.com\/v3\/fallecio-delia-giovanola-fundadora-de-abuelas-de-plaza-de-mayo\/#primaryimage"},"thumbnailUrl":"https:\/\/cvinoticias.com\/wp-content\/uploads\/2022\/07\/0000105581.jpg","articleSection":["Sociedad"],"inLanguage":"es","potentialAction":[{"@type":"CommentAction","name":"Comment","target":["https:\/\/cvinoticias.com\/v3\/fallecio-delia-giovanola-fundadora-de-abuelas-de-plaza-de-mayo\/#respond"]}]},{"@type":"WebPage","@id":"https:\/\/cvinoticias.com\/v3\/fallecio-delia-giovanola-fundadora-de-abuelas-de-plaza-de-mayo\/","url":"https:\/\/cvinoticias.com\/v3\/fallecio-delia-giovanola-fundadora-de-abuelas-de-plaza-de-mayo\/","name":"Falleci\u00f3 Delia Giovanola, fundadora de Abuelas de Plaza de Mayo | CVI NOTICIAS","isPartOf":{"@id":"https:\/\/cvinoticias.com\/v3\/#website"},"primaryImageOfPage":{"@id":"https:\/\/cvinoticias.com\/v3\/fallecio-delia-giovanola-fundadora-de-abuelas-de-plaza-de-mayo\/#primaryimage"},"image":{"@id":"https:\/\/cvinoticias.com\/v3\/fallecio-delia-giovanola-fundadora-de-abuelas-de-plaza-de-mayo\/#primaryimage"},"thumbnailUrl":"https:\/\/cvinoticias.com\/wp-content\/uploads\/2022\/07\/0000105581.jpg","datePublished":"2022-07-19T02:15:00+00:00","breadcrumb":{"@id":"https:\/\/cvinoticias.com\/v3\/fallecio-delia-giovanola-fundadora-de-abuelas-de-plaza-de-mayo\/#breadcrumb"},"inLanguage":"es","potentialAction":[{"@type":"ReadAction","target":["https:\/\/cvinoticias.com\/v3\/fallecio-delia-giovanola-fundadora-de-abuelas-de-plaza-de-mayo\/"]}]},{"@type":"ImageObject","inLanguage":"es","@id":"https:\/\/cvinoticias.com\/v3\/fallecio-delia-giovanola-fundadora-de-abuelas-de-plaza-de-mayo\/#primaryimage","url":"https:\/\/cvinoticias.com\/wp-content\/uploads\/2022\/07\/0000105581.jpg","contentUrl":"https:\/\/cvinoticias.com\/wp-content\/uploads\/2022\/07\/0000105581.jpg","width":560,"height":373},{"@type":"BreadcrumbList","@id":"https:\/\/cvinoticias.com\/v3\/fallecio-delia-giovanola-fundadora-de-abuelas-de-plaza-de-mayo\/#breadcrumb","itemListElement":[{"@type":"ListItem","position":1,"name":"Portada","item":"https:\/\/cvinoticias.com\/v3\/"},{"@type":"ListItem","position":2,"name":"Falleci\u00f3 Delia Giovanola, fundadora de Abuelas de Plaza de Mayo"}]},{"@type":"WebSite","@id":"https:\/\/cvinoticias.com\/v3\/#website","url":"https:\/\/cvinoticias.com\/v3\/","name":"CVI NOTICIAS","description":"","publisher":{"@id":"https:\/\/cvinoticias.com\/v3\/#organization"},"alternateName":"CVI","potentialAction":[{"@type":"SearchAction","target":{"@type":"EntryPoint","urlTemplate":"https:\/\/cvinoticias.com\/v3\/?s={search_term_string}"},"query-input":{"@type":"PropertyValueSpecification","valueRequired":true,"valueName":"search_term_string"}}],"inLanguage":"es"},{"@type":"Organization","@id":"https:\/\/cvinoticias.com\/v3\/#organization","name":"CVI NOTICIAS","url":"https:\/\/cvinoticias.com\/v3\/","logo":{"@type":"ImageObject","inLanguage":"es","@id":"https:\/\/cvinoticias.com\/v3\/#\/schema\/logo\/image\/","url":"https:\/\/cvinoticias.com\/wp-content\/uploads\/2023\/04\/cropped-cropped-cropped-cropped-cropped-3-1.png","contentUrl":"https:\/\/cvinoticias.com\/wp-content\/uploads\/2023\/04\/cropped-cropped-cropped-cropped-cropped-3-1.png","width":95,"height":122,"caption":"CVI NOTICIAS"},"image":{"@id":"https:\/\/cvinoticias.com\/v3\/#\/schema\/logo\/image\/"},"sameAs":["https:\/\/www.facebook.com\/cvinoticias","https:\/\/www.instagram.com\/cvinoticias\/","https:\/\/www.youtube.com\/@CVINOTICIAS"]},{"@type":"Person","@id":"https:\/\/cvinoticias.com\/v3\/#\/schema\/person\/2db77e3c6bc03c538495d7b2b8be9b66","name":"f1000024","image":{"@type":"ImageObject","inLanguage":"es","@id":"https:\/\/secure.gravatar.com\/avatar\/d4fe7459cfc51ff5129ce1a732bbef5928568b8092d412ef95611616376bbeed?s=96&d=mm&r=g","url":"https:\/\/secure.gravatar.com\/avatar\/d4fe7459cfc51ff5129ce1a732bbef5928568b8092d412ef95611616376bbeed?s=96&d=mm&r=g","contentUrl":"https:\/\/secure.gravatar.com\/avatar\/d4fe7459cfc51ff5129ce1a732bbef5928568b8092d412ef95611616376bbeed?s=96&d=mm&r=g","caption":"f1000024"},"url":"https:\/\/cvinoticias.com\/v3\/author\/f1000024\/"}]}},"_links":{"self":[{"href":"https:\/\/cvinoticias.com\/v3\/wp-json\/wp\/v2\/posts\/17715","targetHints":{"allow":["GET"]}}],"collection":[{"href":"https:\/\/cvinoticias.com\/v3\/wp-json\/wp\/v2\/posts"}],"about":[{"href":"https:\/\/cvinoticias.com\/v3\/wp-json\/wp\/v2\/types\/post"}],"author":[{"embeddable":true,"href":"https:\/\/cvinoticias.com\/v3\/wp-json\/wp\/v2\/users\/2"}],"replies":[{"embeddable":true,"href":"https:\/\/cvinoticias.com\/v3\/wp-json\/wp\/v2\/comments?post=17715"}],"version-history":[{"count":1,"href":"https:\/\/cvinoticias.com\/v3\/wp-json\/wp\/v2\/posts\/17715\/revisions"}],"predecessor-version":[{"id":17717,"href":"https:\/\/cvinoticias.com\/v3\/wp-json\/wp\/v2\/posts\/17715\/revisions\/17717"}],"wp:featuredmedia":[{"embeddable":true,"href":"https:\/\/cvinoticias.com\/v3\/wp-json\/wp\/v2\/media\/17716"}],"wp:attachment":[{"href":"https:\/\/cvinoticias.com\/v3\/wp-json\/wp\/v2\/media?parent=17715"}],"wp:term":[{"taxonomy":"category","embeddable":true,"href":"https:\/\/cvinoticias.com\/v3\/wp-json\/wp\/v2\/categories?post=17715"},{"taxonomy":"post_tag","embeddable":true,"href":"https:\/\/cvinoticias.com\/v3\/wp-json\/wp\/v2\/tags?post=17715"}],"curies":[{"name":"wp","href":"https:\/\/api.w.org\/{rel}","templated":true}]}}