{"id":17712,"date":"2022-07-19T02:03:02","date_gmt":"2022-07-19T02:03:02","guid":{"rendered":"https:\/\/cvinoticias.com\/v3\/?p=17712"},"modified":"2022-07-19T02:03:02","modified_gmt":"2022-07-19T02:03:02","slug":"el-gobierno-nacional-invertira-50-millones-de-dolares-para-combatir-incendios","status":"publish","type":"post","link":"https:\/\/cvinoticias.com\/v3\/el-gobierno-nacional-invertira-50-millones-de-dolares-para-combatir-incendios\/","title":{"rendered":"El Gobierno nacional invertir\u00e1 50 millones de d\u00f3lares para combatir incendios"},"content":{"rendered":"\n<p><strong><em>Ambiente present\u00f3 un plan para el manejo del fuego, ante el inicio de la temporada alta de incendios. Se firmaron acuerdos de cooperaci\u00f3n con los gobiernos de Francia y Canad\u00e1.<\/em><\/strong><\/p>\n\n\n\n<p>El ministro de Ambiente y Desarrollo Sostenible, Juan Calandr\u00e9, junto al secretario de Control y Monitoreo Ambiental, Sergio Federovisky, presentaron en la Casa de Gobierno el Plan Nacional de Lucha contra el Fuego. La inversi\u00f3n para el pr\u00f3ximo a\u00f1o y medio es de 50 millones de d\u00f3lares.<\/p>\n\n\n\n<p>Luego de que el ministro Cabandi\u00e9 y el Ministerio hayan sido puestos en el ojo de la tormenta durante el verano de este a\u00f1o por los incendios en Corrientes, se present\u00f3 un plan que incluye un fuerte aumento presupuestario destinado al combate y prevenci\u00f3n de incendios forestales en todo el pa\u00eds.<\/p>\n\n\n\n<p>\u201cVamos a seguir en esta tesitura, invirtiendo y apostando. Creemos fuertemente en la necesidad de preservar, de cuidar, de conservar\u201d, se\u00f1al\u00f3 el ministro en la presentaci\u00f3n de la inversi\u00f3n que se har\u00e1. Adem\u00e1s, destac\u00f3 el trabajo en territorio de los brigadistas y asegur\u00f3 que su presencia \u201ces lo que marca la posibilidad de que los fuegos se extingan, se apaguen, se controlen\u201d, lo cual ocurre \u201ccon el apoyo de los medios a\u00e9reos\u201d, a lo que agreg\u00f3: \u201cEstamos haciendo hincapi\u00e9 en mejorar sus condiciones laborales\u201d.<\/p>\n\n\n\n<p>Tambi\u00e9n se\u00f1al\u00f3 que \u201cel 95% de los fuegos tienen la mano del hombre o mujer, que por dolo o imprudencia generan esos focos\u201d e indic\u00f3 que el Ministerio puede aportar \u201cherramientas, instrumentos e informaci\u00f3n\u201d, en particular, para la zona del delta del Paran\u00e1. \u201cEso nos arroja la localizaci\u00f3n de focos \u00edgneos\u201d, agreg\u00f3, adem\u00e1s de se\u00f1alar que cuando eso \u201cse cruza con informaci\u00f3n catastral de las provincias, la Justicia puede determinar claramente qui\u00e9nes son los que prenden permanentemente fuego en el territorio\u201d.<\/p>\n\n\n\n<p>Federovisky afirm\u00f3 que todos saben que el incendio que m\u00e1s f\u00e1cil se puede apagar es aquel que no se enciende o que se detecta tempranamente. \u201cHoy nuestras acciones est\u00e1n en esa direcci\u00f3n, en la prevenci\u00f3n, la detecci\u00f3n, el combate y la restauraci\u00f3n. Tenemos 18 meses por delante, en los cuales nos hemos propuesto terminar de fortalecer al Servicio Nacional de Manejo del Fuego y dejar instalada una pol\u00edtica p\u00fablica\u201d, subray\u00f3.<\/p>\n\n\n\n<p><strong>La ayuda francesa<\/strong><\/p>\n\n\n\n<p>A trav\u00e9s del Ministerio de Ambiente, el Estado argentino pondr\u00e1 en marcha un acuerdo con el Estado franc\u00e9s para la provisi\u00f3n de medios a\u00e9reos y equipamiento que incluye:<\/p>\n\n\n\n<p>\u2022 Un avi\u00f3n observador para transportar brigadistas.<\/p>\n\n\n\n<p>\u2022 Cinco aerostatos para vigilancia y monitoreo con c\u00e1maras infrarrojas y de visi\u00f3n.<\/p>\n\n\n\n<p>\u2022 Autobombas forestales.<\/p>\n\n\n\n<p>\u2022 Puesta en valor y recuperaci\u00f3n de seis helic\u00f3pteros.<\/p>\n\n\n\n<p>\u2022 Capacitaciones a brigadistas.<\/p>\n\n\n\n<p>\u2022 Alquiler de un helic\u00f3ptero para arrojar 4.500 litros de agua.<\/p>\n\n\n\n<p><strong>Acuerdo con Canad\u00e1<\/strong><\/p>\n\n\n\n<p>Al igual que con Francia, el Ministerio suscribi\u00f3 con el pa\u00eds norteamericano un memorando de entendimiento para la compra de:<\/p>\n\n\n\n<p>\u2022 Helic\u00f3pteros Bell 407 GXI equipados para la lucha contra el fuego.<\/p>\n\n\n\n<p>\u2022 Helic\u00f3pteros usados Bell 212, con garant\u00eda del Estado canadiense.<\/p>\n\n\n\n<p>\u2022 Alquiler, para el pr\u00f3ximo verano, de un helic\u00f3ptero Chinook con capacidad de arrojar cargas de 10.000 litros de agua en cada pasada.<\/p>\n\n\n\n<p>Este plan tambi\u00e9n incluye la compra de:<\/p>\n\n\n\n<p>\u2022 Cuatro camiones con dormitorios y servicios sanitarios para garantizar la cercan\u00eda de las y los brigadistas al \u00e1rea de incendios.<\/p>\n\n\n\n<p>\u2022 Un servicio de detecci\u00f3n temprana mediante drones.<\/p>\n\n\n\n<p>\u2022 Faros de vigilancia.<\/p>\n\n\n\n<p>\u2022 Aerostatos que cubren \u00e1reas sensibles y de dif\u00edcil acceso.<\/p>\n\n\n\n<p>Inversi\u00f3n del Estado y convenios con provincias<\/p>\n\n\n\n<p>Adem\u00e1s de los acuerdos firmados, desde el Estado nacional se compraron camionetas de ataque r\u00e1pido y transporte de personal y maquinaria pesada para el manejo del combustible forestal.<\/p>\n\n\n\n<p>Tambi\u00e9n se contemplan 41 convenios de cooperaci\u00f3n a suscribirse con diferentes provincias y municipios para que estos dispongan de los fondos con el fin de adquirir las herramientas necesarias y la atenci\u00f3n de las emergencias de fuego por un monto estimado de 900 millones de pesos.<\/p>\n\n\n\n<p>En este caso, se dedicar\u00e1n a mejorar la situaci\u00f3n de combate a nivel federal seg\u00fan el criterio y la necesidad de cada jurisdicci\u00f3n.<\/p>\n\n\n\n<p>El Servicio Nacional de Manejo del Fuego (SNMF) es el organismo dependiente del Ministerio de Ambiente y Desarrollo Sostenible de la Naci\u00f3n que se encargar\u00e1 de la coordinaci\u00f3n de los recursos requeridos para el combate de incendios forestales, rurales o de interfase.<\/p>\n\n\n\n<p>Desde la cartera aclaran que, de acuerdo con la Ley 26.815 de Manejo del Fuego, la supresi\u00f3n de incendios se estructura en tres niveles operativos. Frente a la fase de ataque inicial de todo incendio, es la autoridad jurisdiccional la responsable de llevar a cabo las tareas de control del fuego. Si la autoridad jurisdiccional considera que su capacidad de respuesta se encuentra comprometida o agotada, puede solicitar apoyo regional, lo que implica movilizar personal, materiales y equipos provenientes de las dem\u00e1s jurisdicciones que integran la regi\u00f3n. Por \u00faltimo, cuando la magnitud del incendio supera el apoyo regional, se pide ayuda al SNMF para afectar recursos de otras regiones. Los recursos enviados pueden ser brigadistas, aviones hidrantes, helic\u00f3pteros, camionetas y otros veh\u00edculos.<\/p>\n\n\n\n<p><strong>Contexto mundial<\/strong><\/p>\n\n\n\n<p>Si bien el Ministerio de Ambiente y Desarrollo Sostenible realiz\u00f3 todos los acuerdos mencionados y las compras, aclaran que todas las acciones de \u201cprevenci\u00f3n y combate de focos \u00edgneos\u201d que se llevan adelante, se realizan \u201cen un contexto donde las consecuencias del cambio clim\u00e1tico agravan los incendios forestales\u201d.<\/p>\n\n\n\n<p>\u201cLos eventos extremos, como las intensas sequ\u00edas y el aumento de la temperatura promedio que a\u00f1o tras a\u00f1o someten a la vegetaci\u00f3n a un estr\u00e9s h\u00eddrico provocan que el fuego se propague de manera m\u00e1s virulenta\u201d, se\u00f1alaron luego de presentar el plan.<\/p>\n","protected":false},"excerpt":{"rendered":"<p>Ambiente present\u00f3 un plan para el manejo del fuego, ante el inicio de la temporada alta de incendios. Se firmaron acuerdos de cooperaci\u00f3n con los gobiernos de Francia y Canad\u00e1. El ministro de Ambiente y Desarrollo Sostenible, Juan Calandr\u00e9, junto al secretario de Control y Monitoreo Ambiental, Sergio Federovisky, presentaron en la Casa de Gobierno [&hellip;]<\/p>\n","protected":false},"author":2,"featured_media":17713,"comment_status":"open","ping_status":"open","sticky":false,"template":"","format":"standard","meta":{"footnotes":""},"categories":[39],"tags":[],"class_list":["post-17712","post","type-post","status-publish","format-standard","has-post-thumbnail","hentry","category-nacionales"],"yoast_head":"<!-- This site is optimized with the Yoast SEO plugin v27.5 - https:\/\/yoast.com\/product\/yoast-seo-wordpress\/ -->\n<title>El Gobierno nacional invertir\u00e1 50 millones de d\u00f3lares para combatir incendios | CVI NOTICIAS<\/title>\n<meta name=\"robots\" content=\"index, follow, max-snippet:-1, max-image-preview:large, max-video-preview:-1\" \/>\n<link rel=\"canonical\" href=\"https:\/\/cvinoticias.com\/v3\/el-gobierno-nacional-invertira-50-millones-de-dolares-para-combatir-incendios\/\" \/>\n<meta property=\"og:locale\" content=\"es_ES\" \/>\n<meta property=\"og:type\" content=\"article\" \/>\n<meta property=\"og:title\" content=\"El Gobierno nacional invertir\u00e1 50 millones de d\u00f3lares para combatir incendios | CVI NOTICIAS\" \/>\n<meta property=\"og:description\" content=\"Ambiente present\u00f3 un plan para el manejo del fuego, ante el inicio de la temporada alta de incendios. Se firmaron acuerdos de cooperaci\u00f3n con los gobiernos de Francia y Canad\u00e1. El ministro de Ambiente y Desarrollo Sostenible, Juan Calandr\u00e9, junto al secretario de Control y Monitoreo Ambiental, Sergio Federovisky, presentaron en la Casa de Gobierno [&hellip;]\" \/>\n<meta property=\"og:url\" content=\"https:\/\/cvinoticias.com\/v3\/el-gobierno-nacional-invertira-50-millones-de-dolares-para-combatir-incendios\/\" \/>\n<meta property=\"og:site_name\" content=\"CVI NOTICIAS\" \/>\n<meta property=\"article:publisher\" content=\"https:\/\/www.facebook.com\/cvinoticias\" \/>\n<meta property=\"article:published_time\" content=\"2022-07-19T02:03:02+00:00\" \/>\n<meta property=\"og:image\" content=\"https:\/\/cvinoticias.com\/wp-content\/uploads\/2022\/07\/0000105563.jpg\" \/>\n\t<meta property=\"og:image:width\" content=\"1500\" \/>\n\t<meta property=\"og:image:height\" content=\"870\" \/>\n\t<meta property=\"og:image:type\" content=\"image\/jpeg\" \/>\n<meta name=\"author\" content=\"f1000024\" \/>\n<meta name=\"twitter:card\" content=\"summary_large_image\" \/>\n<meta name=\"twitter:label1\" content=\"Escrito por\" \/>\n\t<meta name=\"twitter:data1\" content=\"f1000024\" \/>\n\t<meta name=\"twitter:label2\" content=\"Tiempo de lectura\" \/>\n\t<meta name=\"twitter:data2\" content=\"5 minutos\" \/>\n<script type=\"application\/ld+json\" class=\"yoast-schema-graph\">{\"@context\":\"https:\\\/\\\/schema.org\",\"@graph\":[{\"@type\":\"Article\",\"@id\":\"https:\\\/\\\/cvinoticias.com\\\/v3\\\/el-gobierno-nacional-invertira-50-millones-de-dolares-para-combatir-incendios\\\/#article\",\"isPartOf\":{\"@id\":\"https:\\\/\\\/cvinoticias.com\\\/v3\\\/el-gobierno-nacional-invertira-50-millones-de-dolares-para-combatir-incendios\\\/\"},\"author\":{\"name\":\"f1000024\",\"@id\":\"https:\\\/\\\/cvinoticias.com\\\/v3\\\/#\\\/schema\\\/person\\\/2db77e3c6bc03c538495d7b2b8be9b66\"},\"headline\":\"El Gobierno nacional invertir\u00e1 50 millones de d\u00f3lares para combatir incendios\",\"datePublished\":\"2022-07-19T02:03:02+00:00\",\"mainEntityOfPage\":{\"@id\":\"https:\\\/\\\/cvinoticias.com\\\/v3\\\/el-gobierno-nacional-invertira-50-millones-de-dolares-para-combatir-incendios\\\/\"},\"wordCount\":984,\"commentCount\":0,\"publisher\":{\"@id\":\"https:\\\/\\\/cvinoticias.com\\\/v3\\\/#organization\"},\"image\":{\"@id\":\"https:\\\/\\\/cvinoticias.com\\\/v3\\\/el-gobierno-nacional-invertira-50-millones-de-dolares-para-combatir-incendios\\\/#primaryimage\"},\"thumbnailUrl\":\"https:\\\/\\\/cvinoticias.com\\\/wp-content\\\/uploads\\\/2022\\\/07\\\/0000105563.jpg\",\"articleSection\":[\"Nacionales\"],\"inLanguage\":\"es\",\"potentialAction\":[{\"@type\":\"CommentAction\",\"name\":\"Comment\",\"target\":[\"https:\\\/\\\/cvinoticias.com\\\/v3\\\/el-gobierno-nacional-invertira-50-millones-de-dolares-para-combatir-incendios\\\/#respond\"]}]},{\"@type\":\"WebPage\",\"@id\":\"https:\\\/\\\/cvinoticias.com\\\/v3\\\/el-gobierno-nacional-invertira-50-millones-de-dolares-para-combatir-incendios\\\/\",\"url\":\"https:\\\/\\\/cvinoticias.com\\\/v3\\\/el-gobierno-nacional-invertira-50-millones-de-dolares-para-combatir-incendios\\\/\",\"name\":\"El Gobierno nacional invertir\u00e1 50 millones de d\u00f3lares para combatir incendios | CVI NOTICIAS\",\"isPartOf\":{\"@id\":\"https:\\\/\\\/cvinoticias.com\\\/v3\\\/#website\"},\"primaryImageOfPage\":{\"@id\":\"https:\\\/\\\/cvinoticias.com\\\/v3\\\/el-gobierno-nacional-invertira-50-millones-de-dolares-para-combatir-incendios\\\/#primaryimage\"},\"image\":{\"@id\":\"https:\\\/\\\/cvinoticias.com\\\/v3\\\/el-gobierno-nacional-invertira-50-millones-de-dolares-para-combatir-incendios\\\/#primaryimage\"},\"thumbnailUrl\":\"https:\\\/\\\/cvinoticias.com\\\/wp-content\\\/uploads\\\/2022\\\/07\\\/0000105563.jpg\",\"datePublished\":\"2022-07-19T02:03:02+00:00\",\"breadcrumb\":{\"@id\":\"https:\\\/\\\/cvinoticias.com\\\/v3\\\/el-gobierno-nacional-invertira-50-millones-de-dolares-para-combatir-incendios\\\/#breadcrumb\"},\"inLanguage\":\"es\",\"potentialAction\":[{\"@type\":\"ReadAction\",\"target\":[\"https:\\\/\\\/cvinoticias.com\\\/v3\\\/el-gobierno-nacional-invertira-50-millones-de-dolares-para-combatir-incendios\\\/\"]}]},{\"@type\":\"ImageObject\",\"inLanguage\":\"es\",\"@id\":\"https:\\\/\\\/cvinoticias.com\\\/v3\\\/el-gobierno-nacional-invertira-50-millones-de-dolares-para-combatir-incendios\\\/#primaryimage\",\"url\":\"https:\\\/\\\/cvinoticias.com\\\/wp-content\\\/uploads\\\/2022\\\/07\\\/0000105563.jpg\",\"contentUrl\":\"https:\\\/\\\/cvinoticias.com\\\/wp-content\\\/uploads\\\/2022\\\/07\\\/0000105563.jpg\",\"width\":1500,\"height\":870},{\"@type\":\"BreadcrumbList\",\"@id\":\"https:\\\/\\\/cvinoticias.com\\\/v3\\\/el-gobierno-nacional-invertira-50-millones-de-dolares-para-combatir-incendios\\\/#breadcrumb\",\"itemListElement\":[{\"@type\":\"ListItem\",\"position\":1,\"name\":\"Portada\",\"item\":\"https:\\\/\\\/cvinoticias.com\\\/v3\\\/\"},{\"@type\":\"ListItem\",\"position\":2,\"name\":\"El Gobierno nacional invertir\u00e1 50 millones de d\u00f3lares para combatir incendios\"}]},{\"@type\":\"WebSite\",\"@id\":\"https:\\\/\\\/cvinoticias.com\\\/v3\\\/#website\",\"url\":\"https:\\\/\\\/cvinoticias.com\\\/v3\\\/\",\"name\":\"CVI NOTICIAS\",\"description\":\"\",\"publisher\":{\"@id\":\"https:\\\/\\\/cvinoticias.com\\\/v3\\\/#organization\"},\"alternateName\":\"CVI\",\"potentialAction\":[{\"@type\":\"SearchAction\",\"target\":{\"@type\":\"EntryPoint\",\"urlTemplate\":\"https:\\\/\\\/cvinoticias.com\\\/v3\\\/?s={search_term_string}\"},\"query-input\":{\"@type\":\"PropertyValueSpecification\",\"valueRequired\":true,\"valueName\":\"search_term_string\"}}],\"inLanguage\":\"es\"},{\"@type\":\"Organization\",\"@id\":\"https:\\\/\\\/cvinoticias.com\\\/v3\\\/#organization\",\"name\":\"CVI NOTICIAS\",\"url\":\"https:\\\/\\\/cvinoticias.com\\\/v3\\\/\",\"logo\":{\"@type\":\"ImageObject\",\"inLanguage\":\"es\",\"@id\":\"https:\\\/\\\/cvinoticias.com\\\/v3\\\/#\\\/schema\\\/logo\\\/image\\\/\",\"url\":\"https:\\\/\\\/cvinoticias.com\\\/wp-content\\\/uploads\\\/2023\\\/04\\\/cropped-cropped-cropped-cropped-cropped-3-1.png\",\"contentUrl\":\"https:\\\/\\\/cvinoticias.com\\\/wp-content\\\/uploads\\\/2023\\\/04\\\/cropped-cropped-cropped-cropped-cropped-3-1.png\",\"width\":95,\"height\":122,\"caption\":\"CVI NOTICIAS\"},\"image\":{\"@id\":\"https:\\\/\\\/cvinoticias.com\\\/v3\\\/#\\\/schema\\\/logo\\\/image\\\/\"},\"sameAs\":[\"https:\\\/\\\/www.facebook.com\\\/cvinoticias\",\"https:\\\/\\\/www.instagram.com\\\/cvinoticias\\\/\",\"https:\\\/\\\/www.youtube.com\\\/@CVINOTICIAS\"]},{\"@type\":\"Person\",\"@id\":\"https:\\\/\\\/cvinoticias.com\\\/v3\\\/#\\\/schema\\\/person\\\/2db77e3c6bc03c538495d7b2b8be9b66\",\"name\":\"f1000024\",\"image\":{\"@type\":\"ImageObject\",\"inLanguage\":\"es\",\"@id\":\"https:\\\/\\\/secure.gravatar.com\\\/avatar\\\/d4fe7459cfc51ff5129ce1a732bbef5928568b8092d412ef95611616376bbeed?s=96&d=mm&r=g\",\"url\":\"https:\\\/\\\/secure.gravatar.com\\\/avatar\\\/d4fe7459cfc51ff5129ce1a732bbef5928568b8092d412ef95611616376bbeed?s=96&d=mm&r=g\",\"contentUrl\":\"https:\\\/\\\/secure.gravatar.com\\\/avatar\\\/d4fe7459cfc51ff5129ce1a732bbef5928568b8092d412ef95611616376bbeed?s=96&d=mm&r=g\",\"caption\":\"f1000024\"},\"url\":\"https:\\\/\\\/cvinoticias.com\\\/v3\\\/author\\\/f1000024\\\/\"}]}<\/script>\n<!-- \/ Yoast SEO plugin. -->","yoast_head_json":{"title":"El Gobierno nacional invertir\u00e1 50 millones de d\u00f3lares para combatir incendios | CVI NOTICIAS","robots":{"index":"index","follow":"follow","max-snippet":"max-snippet:-1","max-image-preview":"max-image-preview:large","max-video-preview":"max-video-preview:-1"},"canonical":"https:\/\/cvinoticias.com\/v3\/el-gobierno-nacional-invertira-50-millones-de-dolares-para-combatir-incendios\/","og_locale":"es_ES","og_type":"article","og_title":"El Gobierno nacional invertir\u00e1 50 millones de d\u00f3lares para combatir incendios | CVI NOTICIAS","og_description":"Ambiente present\u00f3 un plan para el manejo del fuego, ante el inicio de la temporada alta de incendios. Se firmaron acuerdos de cooperaci\u00f3n con los gobiernos de Francia y Canad\u00e1. El ministro de Ambiente y Desarrollo Sostenible, Juan Calandr\u00e9, junto al secretario de Control y Monitoreo Ambiental, Sergio Federovisky, presentaron en la Casa de Gobierno [&hellip;]","og_url":"https:\/\/cvinoticias.com\/v3\/el-gobierno-nacional-invertira-50-millones-de-dolares-para-combatir-incendios\/","og_site_name":"CVI NOTICIAS","article_publisher":"https:\/\/www.facebook.com\/cvinoticias","article_published_time":"2022-07-19T02:03:02+00:00","og_image":[{"width":1500,"height":870,"url":"https:\/\/cvinoticias.com\/wp-content\/uploads\/2022\/07\/0000105563.jpg","type":"image\/jpeg"}],"author":"f1000024","twitter_card":"summary_large_image","twitter_misc":{"Escrito por":"f1000024","Tiempo de lectura":"5 minutos"},"schema":{"@context":"https:\/\/schema.org","@graph":[{"@type":"Article","@id":"https:\/\/cvinoticias.com\/v3\/el-gobierno-nacional-invertira-50-millones-de-dolares-para-combatir-incendios\/#article","isPartOf":{"@id":"https:\/\/cvinoticias.com\/v3\/el-gobierno-nacional-invertira-50-millones-de-dolares-para-combatir-incendios\/"},"author":{"name":"f1000024","@id":"https:\/\/cvinoticias.com\/v3\/#\/schema\/person\/2db77e3c6bc03c538495d7b2b8be9b66"},"headline":"El Gobierno nacional invertir\u00e1 50 millones de d\u00f3lares para combatir incendios","datePublished":"2022-07-19T02:03:02+00:00","mainEntityOfPage":{"@id":"https:\/\/cvinoticias.com\/v3\/el-gobierno-nacional-invertira-50-millones-de-dolares-para-combatir-incendios\/"},"wordCount":984,"commentCount":0,"publisher":{"@id":"https:\/\/cvinoticias.com\/v3\/#organization"},"image":{"@id":"https:\/\/cvinoticias.com\/v3\/el-gobierno-nacional-invertira-50-millones-de-dolares-para-combatir-incendios\/#primaryimage"},"thumbnailUrl":"https:\/\/cvinoticias.com\/wp-content\/uploads\/2022\/07\/0000105563.jpg","articleSection":["Nacionales"],"inLanguage":"es","potentialAction":[{"@type":"CommentAction","name":"Comment","target":["https:\/\/cvinoticias.com\/v3\/el-gobierno-nacional-invertira-50-millones-de-dolares-para-combatir-incendios\/#respond"]}]},{"@type":"WebPage","@id":"https:\/\/cvinoticias.com\/v3\/el-gobierno-nacional-invertira-50-millones-de-dolares-para-combatir-incendios\/","url":"https:\/\/cvinoticias.com\/v3\/el-gobierno-nacional-invertira-50-millones-de-dolares-para-combatir-incendios\/","name":"El Gobierno nacional invertir\u00e1 50 millones de d\u00f3lares para combatir incendios | CVI NOTICIAS","isPartOf":{"@id":"https:\/\/cvinoticias.com\/v3\/#website"},"primaryImageOfPage":{"@id":"https:\/\/cvinoticias.com\/v3\/el-gobierno-nacional-invertira-50-millones-de-dolares-para-combatir-incendios\/#primaryimage"},"image":{"@id":"https:\/\/cvinoticias.com\/v3\/el-gobierno-nacional-invertira-50-millones-de-dolares-para-combatir-incendios\/#primaryimage"},"thumbnailUrl":"https:\/\/cvinoticias.com\/wp-content\/uploads\/2022\/07\/0000105563.jpg","datePublished":"2022-07-19T02:03:02+00:00","breadcrumb":{"@id":"https:\/\/cvinoticias.com\/v3\/el-gobierno-nacional-invertira-50-millones-de-dolares-para-combatir-incendios\/#breadcrumb"},"inLanguage":"es","potentialAction":[{"@type":"ReadAction","target":["https:\/\/cvinoticias.com\/v3\/el-gobierno-nacional-invertira-50-millones-de-dolares-para-combatir-incendios\/"]}]},{"@type":"ImageObject","inLanguage":"es","@id":"https:\/\/cvinoticias.com\/v3\/el-gobierno-nacional-invertira-50-millones-de-dolares-para-combatir-incendios\/#primaryimage","url":"https:\/\/cvinoticias.com\/wp-content\/uploads\/2022\/07\/0000105563.jpg","contentUrl":"https:\/\/cvinoticias.com\/wp-content\/uploads\/2022\/07\/0000105563.jpg","width":1500,"height":870},{"@type":"BreadcrumbList","@id":"https:\/\/cvinoticias.com\/v3\/el-gobierno-nacional-invertira-50-millones-de-dolares-para-combatir-incendios\/#breadcrumb","itemListElement":[{"@type":"ListItem","position":1,"name":"Portada","item":"https:\/\/cvinoticias.com\/v3\/"},{"@type":"ListItem","position":2,"name":"El Gobierno nacional invertir\u00e1 50 millones de d\u00f3lares para combatir incendios"}]},{"@type":"WebSite","@id":"https:\/\/cvinoticias.com\/v3\/#website","url":"https:\/\/cvinoticias.com\/v3\/","name":"CVI NOTICIAS","description":"","publisher":{"@id":"https:\/\/cvinoticias.com\/v3\/#organization"},"alternateName":"CVI","potentialAction":[{"@type":"SearchAction","target":{"@type":"EntryPoint","urlTemplate":"https:\/\/cvinoticias.com\/v3\/?s={search_term_string}"},"query-input":{"@type":"PropertyValueSpecification","valueRequired":true,"valueName":"search_term_string"}}],"inLanguage":"es"},{"@type":"Organization","@id":"https:\/\/cvinoticias.com\/v3\/#organization","name":"CVI NOTICIAS","url":"https:\/\/cvinoticias.com\/v3\/","logo":{"@type":"ImageObject","inLanguage":"es","@id":"https:\/\/cvinoticias.com\/v3\/#\/schema\/logo\/image\/","url":"https:\/\/cvinoticias.com\/wp-content\/uploads\/2023\/04\/cropped-cropped-cropped-cropped-cropped-3-1.png","contentUrl":"https:\/\/cvinoticias.com\/wp-content\/uploads\/2023\/04\/cropped-cropped-cropped-cropped-cropped-3-1.png","width":95,"height":122,"caption":"CVI NOTICIAS"},"image":{"@id":"https:\/\/cvinoticias.com\/v3\/#\/schema\/logo\/image\/"},"sameAs":["https:\/\/www.facebook.com\/cvinoticias","https:\/\/www.instagram.com\/cvinoticias\/","https:\/\/www.youtube.com\/@CVINOTICIAS"]},{"@type":"Person","@id":"https:\/\/cvinoticias.com\/v3\/#\/schema\/person\/2db77e3c6bc03c538495d7b2b8be9b66","name":"f1000024","image":{"@type":"ImageObject","inLanguage":"es","@id":"https:\/\/secure.gravatar.com\/avatar\/d4fe7459cfc51ff5129ce1a732bbef5928568b8092d412ef95611616376bbeed?s=96&d=mm&r=g","url":"https:\/\/secure.gravatar.com\/avatar\/d4fe7459cfc51ff5129ce1a732bbef5928568b8092d412ef95611616376bbeed?s=96&d=mm&r=g","contentUrl":"https:\/\/secure.gravatar.com\/avatar\/d4fe7459cfc51ff5129ce1a732bbef5928568b8092d412ef95611616376bbeed?s=96&d=mm&r=g","caption":"f1000024"},"url":"https:\/\/cvinoticias.com\/v3\/author\/f1000024\/"}]}},"_links":{"self":[{"href":"https:\/\/cvinoticias.com\/v3\/wp-json\/wp\/v2\/posts\/17712","targetHints":{"allow":["GET"]}}],"collection":[{"href":"https:\/\/cvinoticias.com\/v3\/wp-json\/wp\/v2\/posts"}],"about":[{"href":"https:\/\/cvinoticias.com\/v3\/wp-json\/wp\/v2\/types\/post"}],"author":[{"embeddable":true,"href":"https:\/\/cvinoticias.com\/v3\/wp-json\/wp\/v2\/users\/2"}],"replies":[{"embeddable":true,"href":"https:\/\/cvinoticias.com\/v3\/wp-json\/wp\/v2\/comments?post=17712"}],"version-history":[{"count":1,"href":"https:\/\/cvinoticias.com\/v3\/wp-json\/wp\/v2\/posts\/17712\/revisions"}],"predecessor-version":[{"id":17714,"href":"https:\/\/cvinoticias.com\/v3\/wp-json\/wp\/v2\/posts\/17712\/revisions\/17714"}],"wp:featuredmedia":[{"embeddable":true,"href":"https:\/\/cvinoticias.com\/v3\/wp-json\/wp\/v2\/media\/17713"}],"wp:attachment":[{"href":"https:\/\/cvinoticias.com\/v3\/wp-json\/wp\/v2\/media?parent=17712"}],"wp:term":[{"taxonomy":"category","embeddable":true,"href":"https:\/\/cvinoticias.com\/v3\/wp-json\/wp\/v2\/categories?post=17712"},{"taxonomy":"post_tag","embeddable":true,"href":"https:\/\/cvinoticias.com\/v3\/wp-json\/wp\/v2\/tags?post=17712"}],"curies":[{"name":"wp","href":"https:\/\/api.w.org\/{rel}","templated":true}]}}