{"id":17683,"date":"2022-07-17T14:46:31","date_gmt":"2022-07-17T14:46:31","guid":{"rendered":"https:\/\/cvinoticias.com\/v3\/?p=17683"},"modified":"2022-07-17T14:46:31","modified_gmt":"2022-07-17T14:46:31","slug":"anses-lanzo-el-plan-feliz-cumpleanos-de-que-se-trata-y-como-acceder","status":"publish","type":"post","link":"https:\/\/cvinoticias.com\/v3\/anses-lanzo-el-plan-feliz-cumpleanos-de-que-se-trata-y-como-acceder\/","title":{"rendered":"ANSES lanz\u00f3 el \u00abPlan Feliz Cumplea\u00f1os\u00bb: de qu\u00e9 se trata y c\u00f3mo acceder"},"content":{"rendered":"\n<p><strong><em>Los beneficiarios estar\u00e1n empezando a cobrar sus haberes en un plazo no mayor a 60 d\u00edas a partir de esa fecha.<\/em><\/strong><\/p>\n\n\n\n<p>La Administraci\u00f3n Nacional de la Seguridad Social (Anses) anunci\u00f3 la implementaci\u00f3n del \u00abPlan Feliz Cumplea\u00f1os\u00bb, por el cual las personas que est\u00e9n por alcanzar la edad jubilatoria podr\u00e1n evitar la demora en el inicio del tr\u00e1mite yendo a una oficina del organismo el d\u00eda de su cumplea\u00f1os, sin turno previo.<\/p>\n\n\n\n<p>De esa manera, Anses asegura que a partir de esa fecha, tan particular para cada uno, pueda ser iniciado el tr\u00e1mite jubilatorio, y que los beneficiarios estar\u00e1n empezando a cobrar sus haberes en un plazo no mayor a 60 d\u00edas a partir de esa fecha.<\/p>\n\n\n\n<p>\u00abPara tramitar la jubilaci\u00f3n se toman en cuenta los a\u00f1os de trabajo con aportes y la edad de la persona. En general, las mujeres deben tener 60 a\u00f1os, los hombres 65 a\u00f1os, y haber aportado durante 30 a\u00f1os. Esto puede variar seg\u00fan la actividad y las caracter\u00edsticas de la actividad realizada\u00bb, detall\u00f3 ANSES en su p\u00e1gina web oficial.<\/p>\n","protected":false},"excerpt":{"rendered":"<p>Los beneficiarios estar\u00e1n empezando a cobrar sus haberes en un plazo no mayor a 60 d\u00edas a partir de esa fecha. La Administraci\u00f3n Nacional de la Seguridad Social (Anses) anunci\u00f3 la implementaci\u00f3n del \u00abPlan Feliz Cumplea\u00f1os\u00bb, por el cual las personas que est\u00e9n por alcanzar la edad jubilatoria podr\u00e1n evitar la demora en el inicio [&hellip;]<\/p>\n","protected":false},"author":2,"featured_media":17684,"comment_status":"open","ping_status":"open","sticky":false,"template":"","format":"standard","meta":{"footnotes":""},"categories":[35],"tags":[],"class_list":["post-17683","post","type-post","status-publish","format-standard","has-post-thumbnail","hentry","category-informacion-general"],"yoast_head":"<!-- This site is optimized with the Yoast SEO plugin v27.4 - https:\/\/yoast.com\/product\/yoast-seo-wordpress\/ -->\n<title>ANSES lanz\u00f3 el &quot;Plan Feliz Cumplea\u00f1os&quot;: de qu\u00e9 se trata y c\u00f3mo acceder | CVI NOTICIAS<\/title>\n<meta name=\"robots\" content=\"index, follow, max-snippet:-1, max-image-preview:large, max-video-preview:-1\" \/>\n<link rel=\"canonical\" href=\"https:\/\/cvinoticias.com\/v3\/anses-lanzo-el-plan-feliz-cumpleanos-de-que-se-trata-y-como-acceder\/\" \/>\n<meta property=\"og:locale\" content=\"es_ES\" \/>\n<meta property=\"og:type\" content=\"article\" \/>\n<meta property=\"og:title\" content=\"ANSES lanz\u00f3 el &quot;Plan Feliz Cumplea\u00f1os&quot;: de qu\u00e9 se trata y c\u00f3mo acceder | CVI NOTICIAS\" \/>\n<meta property=\"og:description\" content=\"Los beneficiarios estar\u00e1n empezando a cobrar sus haberes en un plazo no mayor a 60 d\u00edas a partir de esa fecha. La Administraci\u00f3n Nacional de la Seguridad Social (Anses) anunci\u00f3 la implementaci\u00f3n del \u00abPlan Feliz Cumplea\u00f1os\u00bb, por el cual las personas que est\u00e9n por alcanzar la edad jubilatoria podr\u00e1n evitar la demora en el inicio [&hellip;]\" \/>\n<meta property=\"og:url\" content=\"https:\/\/cvinoticias.com\/v3\/anses-lanzo-el-plan-feliz-cumpleanos-de-que-se-trata-y-como-acceder\/\" \/>\n<meta property=\"og:site_name\" content=\"CVI NOTICIAS\" \/>\n<meta property=\"article:publisher\" content=\"https:\/\/www.facebook.com\/cvinoticias\" \/>\n<meta property=\"article:published_time\" content=\"2022-07-17T14:46:31+00:00\" \/>\n<meta property=\"og:image\" content=\"https:\/\/cvinoticias.com\/wp-content\/uploads\/2022\/07\/anses-1336907.jpg\" \/>\n\t<meta property=\"og:image:width\" content=\"1040\" \/>\n\t<meta property=\"og:image:height\" content=\"780\" \/>\n\t<meta property=\"og:image:type\" content=\"image\/jpeg\" \/>\n<meta name=\"author\" content=\"f1000024\" \/>\n<meta name=\"twitter:card\" content=\"summary_large_image\" \/>\n<meta name=\"twitter:label1\" content=\"Escrito por\" \/>\n\t<meta name=\"twitter:data1\" content=\"f1000024\" \/>\n\t<meta name=\"twitter:label2\" content=\"Tiempo de lectura\" \/>\n\t<meta name=\"twitter:data2\" content=\"1 minuto\" \/>\n<script type=\"application\/ld+json\" class=\"yoast-schema-graph\">{\"@context\":\"https:\\\/\\\/schema.org\",\"@graph\":[{\"@type\":\"Article\",\"@id\":\"https:\\\/\\\/cvinoticias.com\\\/v3\\\/anses-lanzo-el-plan-feliz-cumpleanos-de-que-se-trata-y-como-acceder\\\/#article\",\"isPartOf\":{\"@id\":\"https:\\\/\\\/cvinoticias.com\\\/v3\\\/anses-lanzo-el-plan-feliz-cumpleanos-de-que-se-trata-y-como-acceder\\\/\"},\"author\":{\"name\":\"f1000024\",\"@id\":\"https:\\\/\\\/cvinoticias.com\\\/v3\\\/#\\\/schema\\\/person\\\/2db77e3c6bc03c538495d7b2b8be9b66\"},\"headline\":\"ANSES lanz\u00f3 el \u00abPlan Feliz Cumplea\u00f1os\u00bb: de qu\u00e9 se trata y c\u00f3mo acceder\",\"datePublished\":\"2022-07-17T14:46:31+00:00\",\"mainEntityOfPage\":{\"@id\":\"https:\\\/\\\/cvinoticias.com\\\/v3\\\/anses-lanzo-el-plan-feliz-cumpleanos-de-que-se-trata-y-como-acceder\\\/\"},\"wordCount\":205,\"commentCount\":0,\"publisher\":{\"@id\":\"https:\\\/\\\/cvinoticias.com\\\/v3\\\/#organization\"},\"image\":{\"@id\":\"https:\\\/\\\/cvinoticias.com\\\/v3\\\/anses-lanzo-el-plan-feliz-cumpleanos-de-que-se-trata-y-como-acceder\\\/#primaryimage\"},\"thumbnailUrl\":\"https:\\\/\\\/cvinoticias.com\\\/wp-content\\\/uploads\\\/2022\\\/07\\\/anses-1336907.jpg\",\"articleSection\":[\"Informaci\u00f3n General\"],\"inLanguage\":\"es\",\"potentialAction\":[{\"@type\":\"CommentAction\",\"name\":\"Comment\",\"target\":[\"https:\\\/\\\/cvinoticias.com\\\/v3\\\/anses-lanzo-el-plan-feliz-cumpleanos-de-que-se-trata-y-como-acceder\\\/#respond\"]}]},{\"@type\":\"WebPage\",\"@id\":\"https:\\\/\\\/cvinoticias.com\\\/v3\\\/anses-lanzo-el-plan-feliz-cumpleanos-de-que-se-trata-y-como-acceder\\\/\",\"url\":\"https:\\\/\\\/cvinoticias.com\\\/v3\\\/anses-lanzo-el-plan-feliz-cumpleanos-de-que-se-trata-y-como-acceder\\\/\",\"name\":\"ANSES lanz\u00f3 el \\\"Plan Feliz Cumplea\u00f1os\\\": de qu\u00e9 se trata y c\u00f3mo acceder | CVI NOTICIAS\",\"isPartOf\":{\"@id\":\"https:\\\/\\\/cvinoticias.com\\\/v3\\\/#website\"},\"primaryImageOfPage\":{\"@id\":\"https:\\\/\\\/cvinoticias.com\\\/v3\\\/anses-lanzo-el-plan-feliz-cumpleanos-de-que-se-trata-y-como-acceder\\\/#primaryimage\"},\"image\":{\"@id\":\"https:\\\/\\\/cvinoticias.com\\\/v3\\\/anses-lanzo-el-plan-feliz-cumpleanos-de-que-se-trata-y-como-acceder\\\/#primaryimage\"},\"thumbnailUrl\":\"https:\\\/\\\/cvinoticias.com\\\/wp-content\\\/uploads\\\/2022\\\/07\\\/anses-1336907.jpg\",\"datePublished\":\"2022-07-17T14:46:31+00:00\",\"breadcrumb\":{\"@id\":\"https:\\\/\\\/cvinoticias.com\\\/v3\\\/anses-lanzo-el-plan-feliz-cumpleanos-de-que-se-trata-y-como-acceder\\\/#breadcrumb\"},\"inLanguage\":\"es\",\"potentialAction\":[{\"@type\":\"ReadAction\",\"target\":[\"https:\\\/\\\/cvinoticias.com\\\/v3\\\/anses-lanzo-el-plan-feliz-cumpleanos-de-que-se-trata-y-como-acceder\\\/\"]}]},{\"@type\":\"ImageObject\",\"inLanguage\":\"es\",\"@id\":\"https:\\\/\\\/cvinoticias.com\\\/v3\\\/anses-lanzo-el-plan-feliz-cumpleanos-de-que-se-trata-y-como-acceder\\\/#primaryimage\",\"url\":\"https:\\\/\\\/cvinoticias.com\\\/wp-content\\\/uploads\\\/2022\\\/07\\\/anses-1336907.jpg\",\"contentUrl\":\"https:\\\/\\\/cvinoticias.com\\\/wp-content\\\/uploads\\\/2022\\\/07\\\/anses-1336907.jpg\",\"width\":1040,\"height\":780},{\"@type\":\"BreadcrumbList\",\"@id\":\"https:\\\/\\\/cvinoticias.com\\\/v3\\\/anses-lanzo-el-plan-feliz-cumpleanos-de-que-se-trata-y-como-acceder\\\/#breadcrumb\",\"itemListElement\":[{\"@type\":\"ListItem\",\"position\":1,\"name\":\"Portada\",\"item\":\"https:\\\/\\\/cvinoticias.com\\\/v3\\\/\"},{\"@type\":\"ListItem\",\"position\":2,\"name\":\"ANSES lanz\u00f3 el \u00abPlan Feliz Cumplea\u00f1os\u00bb: de qu\u00e9 se trata y c\u00f3mo acceder\"}]},{\"@type\":\"WebSite\",\"@id\":\"https:\\\/\\\/cvinoticias.com\\\/v3\\\/#website\",\"url\":\"https:\\\/\\\/cvinoticias.com\\\/v3\\\/\",\"name\":\"CVI NOTICIAS\",\"description\":\"\",\"publisher\":{\"@id\":\"https:\\\/\\\/cvinoticias.com\\\/v3\\\/#organization\"},\"alternateName\":\"CVI\",\"potentialAction\":[{\"@type\":\"SearchAction\",\"target\":{\"@type\":\"EntryPoint\",\"urlTemplate\":\"https:\\\/\\\/cvinoticias.com\\\/v3\\\/?s={search_term_string}\"},\"query-input\":{\"@type\":\"PropertyValueSpecification\",\"valueRequired\":true,\"valueName\":\"search_term_string\"}}],\"inLanguage\":\"es\"},{\"@type\":\"Organization\",\"@id\":\"https:\\\/\\\/cvinoticias.com\\\/v3\\\/#organization\",\"name\":\"CVI NOTICIAS\",\"url\":\"https:\\\/\\\/cvinoticias.com\\\/v3\\\/\",\"logo\":{\"@type\":\"ImageObject\",\"inLanguage\":\"es\",\"@id\":\"https:\\\/\\\/cvinoticias.com\\\/v3\\\/#\\\/schema\\\/logo\\\/image\\\/\",\"url\":\"https:\\\/\\\/cvinoticias.com\\\/wp-content\\\/uploads\\\/2023\\\/04\\\/cropped-cropped-cropped-cropped-cropped-3-1.png\",\"contentUrl\":\"https:\\\/\\\/cvinoticias.com\\\/wp-content\\\/uploads\\\/2023\\\/04\\\/cropped-cropped-cropped-cropped-cropped-3-1.png\",\"width\":95,\"height\":122,\"caption\":\"CVI NOTICIAS\"},\"image\":{\"@id\":\"https:\\\/\\\/cvinoticias.com\\\/v3\\\/#\\\/schema\\\/logo\\\/image\\\/\"},\"sameAs\":[\"https:\\\/\\\/www.facebook.com\\\/cvinoticias\",\"https:\\\/\\\/www.instagram.com\\\/cvinoticias\\\/\",\"https:\\\/\\\/www.youtube.com\\\/@CVINOTICIAS\"]},{\"@type\":\"Person\",\"@id\":\"https:\\\/\\\/cvinoticias.com\\\/v3\\\/#\\\/schema\\\/person\\\/2db77e3c6bc03c538495d7b2b8be9b66\",\"name\":\"f1000024\",\"image\":{\"@type\":\"ImageObject\",\"inLanguage\":\"es\",\"@id\":\"https:\\\/\\\/secure.gravatar.com\\\/avatar\\\/d4fe7459cfc51ff5129ce1a732bbef5928568b8092d412ef95611616376bbeed?s=96&d=mm&r=g\",\"url\":\"https:\\\/\\\/secure.gravatar.com\\\/avatar\\\/d4fe7459cfc51ff5129ce1a732bbef5928568b8092d412ef95611616376bbeed?s=96&d=mm&r=g\",\"contentUrl\":\"https:\\\/\\\/secure.gravatar.com\\\/avatar\\\/d4fe7459cfc51ff5129ce1a732bbef5928568b8092d412ef95611616376bbeed?s=96&d=mm&r=g\",\"caption\":\"f1000024\"},\"url\":\"https:\\\/\\\/cvinoticias.com\\\/v3\\\/author\\\/f1000024\\\/\"}]}<\/script>\n<!-- \/ Yoast SEO plugin. -->","yoast_head_json":{"title":"ANSES lanz\u00f3 el \"Plan Feliz Cumplea\u00f1os\": de qu\u00e9 se trata y c\u00f3mo acceder | CVI NOTICIAS","robots":{"index":"index","follow":"follow","max-snippet":"max-snippet:-1","max-image-preview":"max-image-preview:large","max-video-preview":"max-video-preview:-1"},"canonical":"https:\/\/cvinoticias.com\/v3\/anses-lanzo-el-plan-feliz-cumpleanos-de-que-se-trata-y-como-acceder\/","og_locale":"es_ES","og_type":"article","og_title":"ANSES lanz\u00f3 el \"Plan Feliz Cumplea\u00f1os\": de qu\u00e9 se trata y c\u00f3mo acceder | CVI NOTICIAS","og_description":"Los beneficiarios estar\u00e1n empezando a cobrar sus haberes en un plazo no mayor a 60 d\u00edas a partir de esa fecha. La Administraci\u00f3n Nacional de la Seguridad Social (Anses) anunci\u00f3 la implementaci\u00f3n del \u00abPlan Feliz Cumplea\u00f1os\u00bb, por el cual las personas que est\u00e9n por alcanzar la edad jubilatoria podr\u00e1n evitar la demora en el inicio [&hellip;]","og_url":"https:\/\/cvinoticias.com\/v3\/anses-lanzo-el-plan-feliz-cumpleanos-de-que-se-trata-y-como-acceder\/","og_site_name":"CVI NOTICIAS","article_publisher":"https:\/\/www.facebook.com\/cvinoticias","article_published_time":"2022-07-17T14:46:31+00:00","og_image":[{"width":1040,"height":780,"url":"https:\/\/cvinoticias.com\/wp-content\/uploads\/2022\/07\/anses-1336907.jpg","type":"image\/jpeg"}],"author":"f1000024","twitter_card":"summary_large_image","twitter_misc":{"Escrito por":"f1000024","Tiempo de lectura":"1 minuto"},"schema":{"@context":"https:\/\/schema.org","@graph":[{"@type":"Article","@id":"https:\/\/cvinoticias.com\/v3\/anses-lanzo-el-plan-feliz-cumpleanos-de-que-se-trata-y-como-acceder\/#article","isPartOf":{"@id":"https:\/\/cvinoticias.com\/v3\/anses-lanzo-el-plan-feliz-cumpleanos-de-que-se-trata-y-como-acceder\/"},"author":{"name":"f1000024","@id":"https:\/\/cvinoticias.com\/v3\/#\/schema\/person\/2db77e3c6bc03c538495d7b2b8be9b66"},"headline":"ANSES lanz\u00f3 el \u00abPlan Feliz Cumplea\u00f1os\u00bb: de qu\u00e9 se trata y c\u00f3mo acceder","datePublished":"2022-07-17T14:46:31+00:00","mainEntityOfPage":{"@id":"https:\/\/cvinoticias.com\/v3\/anses-lanzo-el-plan-feliz-cumpleanos-de-que-se-trata-y-como-acceder\/"},"wordCount":205,"commentCount":0,"publisher":{"@id":"https:\/\/cvinoticias.com\/v3\/#organization"},"image":{"@id":"https:\/\/cvinoticias.com\/v3\/anses-lanzo-el-plan-feliz-cumpleanos-de-que-se-trata-y-como-acceder\/#primaryimage"},"thumbnailUrl":"https:\/\/cvinoticias.com\/wp-content\/uploads\/2022\/07\/anses-1336907.jpg","articleSection":["Informaci\u00f3n General"],"inLanguage":"es","potentialAction":[{"@type":"CommentAction","name":"Comment","target":["https:\/\/cvinoticias.com\/v3\/anses-lanzo-el-plan-feliz-cumpleanos-de-que-se-trata-y-como-acceder\/#respond"]}]},{"@type":"WebPage","@id":"https:\/\/cvinoticias.com\/v3\/anses-lanzo-el-plan-feliz-cumpleanos-de-que-se-trata-y-como-acceder\/","url":"https:\/\/cvinoticias.com\/v3\/anses-lanzo-el-plan-feliz-cumpleanos-de-que-se-trata-y-como-acceder\/","name":"ANSES lanz\u00f3 el \"Plan Feliz Cumplea\u00f1os\": de qu\u00e9 se trata y c\u00f3mo acceder | CVI NOTICIAS","isPartOf":{"@id":"https:\/\/cvinoticias.com\/v3\/#website"},"primaryImageOfPage":{"@id":"https:\/\/cvinoticias.com\/v3\/anses-lanzo-el-plan-feliz-cumpleanos-de-que-se-trata-y-como-acceder\/#primaryimage"},"image":{"@id":"https:\/\/cvinoticias.com\/v3\/anses-lanzo-el-plan-feliz-cumpleanos-de-que-se-trata-y-como-acceder\/#primaryimage"},"thumbnailUrl":"https:\/\/cvinoticias.com\/wp-content\/uploads\/2022\/07\/anses-1336907.jpg","datePublished":"2022-07-17T14:46:31+00:00","breadcrumb":{"@id":"https:\/\/cvinoticias.com\/v3\/anses-lanzo-el-plan-feliz-cumpleanos-de-que-se-trata-y-como-acceder\/#breadcrumb"},"inLanguage":"es","potentialAction":[{"@type":"ReadAction","target":["https:\/\/cvinoticias.com\/v3\/anses-lanzo-el-plan-feliz-cumpleanos-de-que-se-trata-y-como-acceder\/"]}]},{"@type":"ImageObject","inLanguage":"es","@id":"https:\/\/cvinoticias.com\/v3\/anses-lanzo-el-plan-feliz-cumpleanos-de-que-se-trata-y-como-acceder\/#primaryimage","url":"https:\/\/cvinoticias.com\/wp-content\/uploads\/2022\/07\/anses-1336907.jpg","contentUrl":"https:\/\/cvinoticias.com\/wp-content\/uploads\/2022\/07\/anses-1336907.jpg","width":1040,"height":780},{"@type":"BreadcrumbList","@id":"https:\/\/cvinoticias.com\/v3\/anses-lanzo-el-plan-feliz-cumpleanos-de-que-se-trata-y-como-acceder\/#breadcrumb","itemListElement":[{"@type":"ListItem","position":1,"name":"Portada","item":"https:\/\/cvinoticias.com\/v3\/"},{"@type":"ListItem","position":2,"name":"ANSES lanz\u00f3 el \u00abPlan Feliz Cumplea\u00f1os\u00bb: de qu\u00e9 se trata y c\u00f3mo acceder"}]},{"@type":"WebSite","@id":"https:\/\/cvinoticias.com\/v3\/#website","url":"https:\/\/cvinoticias.com\/v3\/","name":"CVI NOTICIAS","description":"","publisher":{"@id":"https:\/\/cvinoticias.com\/v3\/#organization"},"alternateName":"CVI","potentialAction":[{"@type":"SearchAction","target":{"@type":"EntryPoint","urlTemplate":"https:\/\/cvinoticias.com\/v3\/?s={search_term_string}"},"query-input":{"@type":"PropertyValueSpecification","valueRequired":true,"valueName":"search_term_string"}}],"inLanguage":"es"},{"@type":"Organization","@id":"https:\/\/cvinoticias.com\/v3\/#organization","name":"CVI NOTICIAS","url":"https:\/\/cvinoticias.com\/v3\/","logo":{"@type":"ImageObject","inLanguage":"es","@id":"https:\/\/cvinoticias.com\/v3\/#\/schema\/logo\/image\/","url":"https:\/\/cvinoticias.com\/wp-content\/uploads\/2023\/04\/cropped-cropped-cropped-cropped-cropped-3-1.png","contentUrl":"https:\/\/cvinoticias.com\/wp-content\/uploads\/2023\/04\/cropped-cropped-cropped-cropped-cropped-3-1.png","width":95,"height":122,"caption":"CVI NOTICIAS"},"image":{"@id":"https:\/\/cvinoticias.com\/v3\/#\/schema\/logo\/image\/"},"sameAs":["https:\/\/www.facebook.com\/cvinoticias","https:\/\/www.instagram.com\/cvinoticias\/","https:\/\/www.youtube.com\/@CVINOTICIAS"]},{"@type":"Person","@id":"https:\/\/cvinoticias.com\/v3\/#\/schema\/person\/2db77e3c6bc03c538495d7b2b8be9b66","name":"f1000024","image":{"@type":"ImageObject","inLanguage":"es","@id":"https:\/\/secure.gravatar.com\/avatar\/d4fe7459cfc51ff5129ce1a732bbef5928568b8092d412ef95611616376bbeed?s=96&d=mm&r=g","url":"https:\/\/secure.gravatar.com\/avatar\/d4fe7459cfc51ff5129ce1a732bbef5928568b8092d412ef95611616376bbeed?s=96&d=mm&r=g","contentUrl":"https:\/\/secure.gravatar.com\/avatar\/d4fe7459cfc51ff5129ce1a732bbef5928568b8092d412ef95611616376bbeed?s=96&d=mm&r=g","caption":"f1000024"},"url":"https:\/\/cvinoticias.com\/v3\/author\/f1000024\/"}]}},"_links":{"self":[{"href":"https:\/\/cvinoticias.com\/v3\/wp-json\/wp\/v2\/posts\/17683","targetHints":{"allow":["GET"]}}],"collection":[{"href":"https:\/\/cvinoticias.com\/v3\/wp-json\/wp\/v2\/posts"}],"about":[{"href":"https:\/\/cvinoticias.com\/v3\/wp-json\/wp\/v2\/types\/post"}],"author":[{"embeddable":true,"href":"https:\/\/cvinoticias.com\/v3\/wp-json\/wp\/v2\/users\/2"}],"replies":[{"embeddable":true,"href":"https:\/\/cvinoticias.com\/v3\/wp-json\/wp\/v2\/comments?post=17683"}],"version-history":[{"count":1,"href":"https:\/\/cvinoticias.com\/v3\/wp-json\/wp\/v2\/posts\/17683\/revisions"}],"predecessor-version":[{"id":17685,"href":"https:\/\/cvinoticias.com\/v3\/wp-json\/wp\/v2\/posts\/17683\/revisions\/17685"}],"wp:featuredmedia":[{"embeddable":true,"href":"https:\/\/cvinoticias.com\/v3\/wp-json\/wp\/v2\/media\/17684"}],"wp:attachment":[{"href":"https:\/\/cvinoticias.com\/v3\/wp-json\/wp\/v2\/media?parent=17683"}],"wp:term":[{"taxonomy":"category","embeddable":true,"href":"https:\/\/cvinoticias.com\/v3\/wp-json\/wp\/v2\/categories?post=17683"},{"taxonomy":"post_tag","embeddable":true,"href":"https:\/\/cvinoticias.com\/v3\/wp-json\/wp\/v2\/tags?post=17683"}],"curies":[{"name":"wp","href":"https:\/\/api.w.org\/{rel}","templated":true}]}}