{"id":17674,"date":"2022-07-16T15:29:00","date_gmt":"2022-07-16T15:29:00","guid":{"rendered":"https:\/\/cvinoticias.com\/v3\/?p=17674"},"modified":"2022-07-16T15:29:00","modified_gmt":"2022-07-16T15:29:00","slug":"fiesta-patronal-de-la-virgen-del-carmen-en-iguazu","status":"publish","type":"post","link":"https:\/\/cvinoticias.com\/v3\/fiesta-patronal-de-la-virgen-del-carmen-en-iguazu\/","title":{"rendered":"Fiesta Patronal de la Virgen del Carmen en Iguaz\u00fa"},"content":{"rendered":"\n<p><strong><em>Este s\u00e1bado 16 de julio desde temprana hora se iniciaron las celebraciones por el d\u00eda de la Virgen de Nuestra Se\u00f1ora del Carmen, Patrona de Puerto Iguaz\u00fa.<\/em><\/strong><\/p>\n\n\n\n<p>Luego de la Santa Misa con imposici\u00f3n del Escapulario, se realiz\u00f3 la tradicional salida de la imagen de la Virgen para la procesi\u00f3n a pie por las calles del centro de nuestra ciudad.<\/p>\n\n\n\n<figure class=\"wp-block-image size-large\"><a href=\"https:\/\/cvinoticias.com\/wp-content\/uploads\/2022\/07\/Picsart_22-07-16_12-01-50-330.jpg\"><img decoding=\"async\" width=\"1024\" height=\"576\" data-src=\"https:\/\/cvinoticias.com\/wp-content\/uploads\/2022\/07\/Picsart_22-07-16_12-01-50-330-1024x576.jpg\" alt=\"\" class=\"wp-image-17675 lazyload\" data-srcset=\"https:\/\/cvinoticias.com\/wp-content\/uploads\/2022\/07\/Picsart_22-07-16_12-01-50-330-1024x576.jpg 1024w, https:\/\/cvinoticias.com\/wp-content\/uploads\/2022\/07\/Picsart_22-07-16_12-01-50-330-300x169.jpg 300w, https:\/\/cvinoticias.com\/wp-content\/uploads\/2022\/07\/Picsart_22-07-16_12-01-50-330-768x432.jpg 768w, https:\/\/cvinoticias.com\/wp-content\/uploads\/2022\/07\/Picsart_22-07-16_12-01-50-330-1536x864.jpg 1536w, https:\/\/cvinoticias.com\/wp-content\/uploads\/2022\/07\/Picsart_22-07-16_12-01-50-330.jpg 1920w\" data-sizes=\"(max-width: 1024px) 100vw, 1024px\" src=\"data:image\/svg+xml;base64,PHN2ZyB3aWR0aD0iMSIgaGVpZ2h0PSIxIiB4bWxucz0iaHR0cDovL3d3dy53My5vcmcvMjAwMC9zdmciPjwvc3ZnPg==\" style=\"--smush-placeholder-width: 1024px; --smush-placeholder-aspect-ratio: 1024\/576;\" \/><\/a><\/figure>\n\n\n\n<p>A su regreso a la Catedral, la comunidad se prepar\u00f3 para disfrutar del almuerzo comunitario, y siguiendo con las actividades programadas para las 14 hs esta previsto un bingo, para las 16:30 hs una chocolatada, 18:30 hs rezo del Santo Rosario y a las 19 hs la Santa Misa que ser\u00e1 oficida por el Monse\u00f1or Nicol\u00e1s Baisi.<\/p>\n\n\n\n<p>Al finalizar la Santa Misa, la imagen de la Virgen del Carm\u00e9n, saldr\u00e1 en caravana por las calles de nuestra ciudad. Est\u00e1n todos invitados a acompa\u00f1ar a la Patrona de Iguaz\u00fa en este d\u00eda tan especial.<\/p>\n\n\n\n<figure class=\"wp-block-image size-large\"><a href=\"https:\/\/cvinoticias.com\/wp-content\/uploads\/2022\/07\/Picsart_22-07-16_12-02-57-751.jpg\"><img decoding=\"async\" width=\"1024\" height=\"576\" data-src=\"https:\/\/cvinoticias.com\/wp-content\/uploads\/2022\/07\/Picsart_22-07-16_12-02-57-751-1024x576.jpg\" alt=\"\" class=\"wp-image-17676 lazyload\" data-srcset=\"https:\/\/cvinoticias.com\/wp-content\/uploads\/2022\/07\/Picsart_22-07-16_12-02-57-751-1024x576.jpg 1024w, https:\/\/cvinoticias.com\/wp-content\/uploads\/2022\/07\/Picsart_22-07-16_12-02-57-751-300x169.jpg 300w, https:\/\/cvinoticias.com\/wp-content\/uploads\/2022\/07\/Picsart_22-07-16_12-02-57-751-768x432.jpg 768w, https:\/\/cvinoticias.com\/wp-content\/uploads\/2022\/07\/Picsart_22-07-16_12-02-57-751-1536x864.jpg 1536w, https:\/\/cvinoticias.com\/wp-content\/uploads\/2022\/07\/Picsart_22-07-16_12-02-57-751.jpg 1920w\" data-sizes=\"(max-width: 1024px) 100vw, 1024px\" src=\"data:image\/svg+xml;base64,PHN2ZyB3aWR0aD0iMSIgaGVpZ2h0PSIxIiB4bWxucz0iaHR0cDovL3d3dy53My5vcmcvMjAwMC9zdmciPjwvc3ZnPg==\" style=\"--smush-placeholder-width: 1024px; --smush-placeholder-aspect-ratio: 1024\/576;\" \/><\/a><\/figure>\n\n\n\n<figure class=\"wp-block-image size-large is-resized\"><a href=\"https:\/\/cvinoticias.com\/wp-content\/uploads\/2022\/07\/Picsart_22-07-16_12-00-49-058.jpg\"><img decoding=\"async\" data-src=\"https:\/\/cvinoticias.com\/wp-content\/uploads\/2022\/07\/Picsart_22-07-16_12-00-49-058-1024x576.jpg\" alt=\"\" class=\"wp-image-17677 lazyload\" width=\"681\" height=\"383\" data-srcset=\"https:\/\/cvinoticias.com\/wp-content\/uploads\/2022\/07\/Picsart_22-07-16_12-00-49-058-1024x576.jpg 1024w, https:\/\/cvinoticias.com\/wp-content\/uploads\/2022\/07\/Picsart_22-07-16_12-00-49-058-300x169.jpg 300w, https:\/\/cvinoticias.com\/wp-content\/uploads\/2022\/07\/Picsart_22-07-16_12-00-49-058-768x432.jpg 768w, https:\/\/cvinoticias.com\/wp-content\/uploads\/2022\/07\/Picsart_22-07-16_12-00-49-058-1536x864.jpg 1536w, https:\/\/cvinoticias.com\/wp-content\/uploads\/2022\/07\/Picsart_22-07-16_12-00-49-058.jpg 1920w\" data-sizes=\"(max-width: 681px) 100vw, 681px\" src=\"data:image\/svg+xml;base64,PHN2ZyB3aWR0aD0iMSIgaGVpZ2h0PSIxIiB4bWxucz0iaHR0cDovL3d3dy53My5vcmcvMjAwMC9zdmciPjwvc3ZnPg==\" style=\"--smush-placeholder-width: 681px; --smush-placeholder-aspect-ratio: 681\/383;\" \/><\/a><\/figure>\n","protected":false},"excerpt":{"rendered":"<p>Este s\u00e1bado 16 de julio desde temprana hora se iniciaron las celebraciones por el d\u00eda de la Virgen de Nuestra Se\u00f1ora del Carmen, Patrona de Puerto Iguaz\u00fa. Luego de la Santa Misa con imposici\u00f3n del Escapulario, se realiz\u00f3 la tradicional salida de la imagen de la Virgen para la procesi\u00f3n a pie por las calles [&hellip;]<\/p>\n","protected":false},"author":2,"featured_media":17678,"comment_status":"open","ping_status":"open","sticky":false,"template":"","format":"standard","meta":{"footnotes":""},"categories":[29,44,47],"tags":[],"class_list":["post-17674","post","type-post","status-publish","format-standard","has-post-thumbnail","hentry","category-locales","category-religion","category-sociedad"],"yoast_head":"<!-- This site is optimized with the Yoast SEO plugin v27.5 - https:\/\/yoast.com\/product\/yoast-seo-wordpress\/ -->\n<title>Fiesta Patronal de la Virgen del Carmen en Iguaz\u00fa | CVI NOTICIAS<\/title>\n<meta name=\"robots\" content=\"index, follow, max-snippet:-1, max-image-preview:large, max-video-preview:-1\" \/>\n<link rel=\"canonical\" href=\"https:\/\/cvinoticias.com\/v3\/fiesta-patronal-de-la-virgen-del-carmen-en-iguazu\/\" \/>\n<meta property=\"og:locale\" content=\"es_ES\" \/>\n<meta property=\"og:type\" content=\"article\" \/>\n<meta property=\"og:title\" content=\"Fiesta Patronal de la Virgen del Carmen en Iguaz\u00fa | CVI NOTICIAS\" \/>\n<meta property=\"og:description\" content=\"Este s\u00e1bado 16 de julio desde temprana hora se iniciaron las celebraciones por el d\u00eda de la Virgen de Nuestra Se\u00f1ora del Carmen, Patrona de Puerto Iguaz\u00fa. Luego de la Santa Misa con imposici\u00f3n del Escapulario, se realiz\u00f3 la tradicional salida de la imagen de la Virgen para la procesi\u00f3n a pie por las calles [&hellip;]\" \/>\n<meta property=\"og:url\" content=\"https:\/\/cvinoticias.com\/v3\/fiesta-patronal-de-la-virgen-del-carmen-en-iguazu\/\" \/>\n<meta property=\"og:site_name\" content=\"CVI NOTICIAS\" \/>\n<meta property=\"article:publisher\" content=\"https:\/\/www.facebook.com\/cvinoticias\" \/>\n<meta property=\"article:published_time\" content=\"2022-07-16T15:29:00+00:00\" \/>\n<meta property=\"og:image\" content=\"https:\/\/cvinoticias.com\/wp-content\/uploads\/2022\/07\/Picsart_22-07-16_11-01-06-019-scaled.jpg\" \/>\n\t<meta property=\"og:image:width\" content=\"1151\" \/>\n\t<meta property=\"og:image:height\" content=\"2560\" \/>\n\t<meta property=\"og:image:type\" content=\"image\/jpeg\" \/>\n<meta name=\"author\" content=\"f1000024\" \/>\n<meta name=\"twitter:card\" content=\"summary_large_image\" \/>\n<meta name=\"twitter:label1\" content=\"Escrito por\" \/>\n\t<meta name=\"twitter:data1\" content=\"f1000024\" \/>\n\t<meta name=\"twitter:label2\" content=\"Tiempo de lectura\" \/>\n\t<meta name=\"twitter:data2\" content=\"1 minuto\" \/>\n<script type=\"application\/ld+json\" class=\"yoast-schema-graph\">{\"@context\":\"https:\\\/\\\/schema.org\",\"@graph\":[{\"@type\":\"Article\",\"@id\":\"https:\\\/\\\/cvinoticias.com\\\/v3\\\/fiesta-patronal-de-la-virgen-del-carmen-en-iguazu\\\/#article\",\"isPartOf\":{\"@id\":\"https:\\\/\\\/cvinoticias.com\\\/v3\\\/fiesta-patronal-de-la-virgen-del-carmen-en-iguazu\\\/\"},\"author\":{\"name\":\"f1000024\",\"@id\":\"https:\\\/\\\/cvinoticias.com\\\/v3\\\/#\\\/schema\\\/person\\\/2db77e3c6bc03c538495d7b2b8be9b66\"},\"headline\":\"Fiesta Patronal de la Virgen del Carmen en Iguaz\u00fa\",\"datePublished\":\"2022-07-16T15:29:00+00:00\",\"mainEntityOfPage\":{\"@id\":\"https:\\\/\\\/cvinoticias.com\\\/v3\\\/fiesta-patronal-de-la-virgen-del-carmen-en-iguazu\\\/\"},\"wordCount\":168,\"commentCount\":0,\"publisher\":{\"@id\":\"https:\\\/\\\/cvinoticias.com\\\/v3\\\/#organization\"},\"image\":{\"@id\":\"https:\\\/\\\/cvinoticias.com\\\/v3\\\/fiesta-patronal-de-la-virgen-del-carmen-en-iguazu\\\/#primaryimage\"},\"thumbnailUrl\":\"https:\\\/\\\/cvinoticias.com\\\/wp-content\\\/uploads\\\/2022\\\/07\\\/Picsart_22-07-16_11-01-06-019-scaled.jpg\",\"articleSection\":[\"Locales\",\"Religi\u00f3n\",\"Sociedad\"],\"inLanguage\":\"es\",\"potentialAction\":[{\"@type\":\"CommentAction\",\"name\":\"Comment\",\"target\":[\"https:\\\/\\\/cvinoticias.com\\\/v3\\\/fiesta-patronal-de-la-virgen-del-carmen-en-iguazu\\\/#respond\"]}]},{\"@type\":\"WebPage\",\"@id\":\"https:\\\/\\\/cvinoticias.com\\\/v3\\\/fiesta-patronal-de-la-virgen-del-carmen-en-iguazu\\\/\",\"url\":\"https:\\\/\\\/cvinoticias.com\\\/v3\\\/fiesta-patronal-de-la-virgen-del-carmen-en-iguazu\\\/\",\"name\":\"Fiesta Patronal de la Virgen del Carmen en Iguaz\u00fa | CVI NOTICIAS\",\"isPartOf\":{\"@id\":\"https:\\\/\\\/cvinoticias.com\\\/v3\\\/#website\"},\"primaryImageOfPage\":{\"@id\":\"https:\\\/\\\/cvinoticias.com\\\/v3\\\/fiesta-patronal-de-la-virgen-del-carmen-en-iguazu\\\/#primaryimage\"},\"image\":{\"@id\":\"https:\\\/\\\/cvinoticias.com\\\/v3\\\/fiesta-patronal-de-la-virgen-del-carmen-en-iguazu\\\/#primaryimage\"},\"thumbnailUrl\":\"https:\\\/\\\/cvinoticias.com\\\/wp-content\\\/uploads\\\/2022\\\/07\\\/Picsart_22-07-16_11-01-06-019-scaled.jpg\",\"datePublished\":\"2022-07-16T15:29:00+00:00\",\"breadcrumb\":{\"@id\":\"https:\\\/\\\/cvinoticias.com\\\/v3\\\/fiesta-patronal-de-la-virgen-del-carmen-en-iguazu\\\/#breadcrumb\"},\"inLanguage\":\"es\",\"potentialAction\":[{\"@type\":\"ReadAction\",\"target\":[\"https:\\\/\\\/cvinoticias.com\\\/v3\\\/fiesta-patronal-de-la-virgen-del-carmen-en-iguazu\\\/\"]}]},{\"@type\":\"ImageObject\",\"inLanguage\":\"es\",\"@id\":\"https:\\\/\\\/cvinoticias.com\\\/v3\\\/fiesta-patronal-de-la-virgen-del-carmen-en-iguazu\\\/#primaryimage\",\"url\":\"https:\\\/\\\/cvinoticias.com\\\/wp-content\\\/uploads\\\/2022\\\/07\\\/Picsart_22-07-16_11-01-06-019-scaled.jpg\",\"contentUrl\":\"https:\\\/\\\/cvinoticias.com\\\/wp-content\\\/uploads\\\/2022\\\/07\\\/Picsart_22-07-16_11-01-06-019-scaled.jpg\",\"width\":1151,\"height\":2560},{\"@type\":\"BreadcrumbList\",\"@id\":\"https:\\\/\\\/cvinoticias.com\\\/v3\\\/fiesta-patronal-de-la-virgen-del-carmen-en-iguazu\\\/#breadcrumb\",\"itemListElement\":[{\"@type\":\"ListItem\",\"position\":1,\"name\":\"Portada\",\"item\":\"https:\\\/\\\/cvinoticias.com\\\/v3\\\/\"},{\"@type\":\"ListItem\",\"position\":2,\"name\":\"Fiesta Patronal de la Virgen del Carmen en Iguaz\u00fa\"}]},{\"@type\":\"WebSite\",\"@id\":\"https:\\\/\\\/cvinoticias.com\\\/v3\\\/#website\",\"url\":\"https:\\\/\\\/cvinoticias.com\\\/v3\\\/\",\"name\":\"CVI NOTICIAS\",\"description\":\"\",\"publisher\":{\"@id\":\"https:\\\/\\\/cvinoticias.com\\\/v3\\\/#organization\"},\"alternateName\":\"CVI\",\"potentialAction\":[{\"@type\":\"SearchAction\",\"target\":{\"@type\":\"EntryPoint\",\"urlTemplate\":\"https:\\\/\\\/cvinoticias.com\\\/v3\\\/?s={search_term_string}\"},\"query-input\":{\"@type\":\"PropertyValueSpecification\",\"valueRequired\":true,\"valueName\":\"search_term_string\"}}],\"inLanguage\":\"es\"},{\"@type\":\"Organization\",\"@id\":\"https:\\\/\\\/cvinoticias.com\\\/v3\\\/#organization\",\"name\":\"CVI NOTICIAS\",\"url\":\"https:\\\/\\\/cvinoticias.com\\\/v3\\\/\",\"logo\":{\"@type\":\"ImageObject\",\"inLanguage\":\"es\",\"@id\":\"https:\\\/\\\/cvinoticias.com\\\/v3\\\/#\\\/schema\\\/logo\\\/image\\\/\",\"url\":\"https:\\\/\\\/cvinoticias.com\\\/wp-content\\\/uploads\\\/2023\\\/04\\\/cropped-cropped-cropped-cropped-cropped-3-1.png\",\"contentUrl\":\"https:\\\/\\\/cvinoticias.com\\\/wp-content\\\/uploads\\\/2023\\\/04\\\/cropped-cropped-cropped-cropped-cropped-3-1.png\",\"width\":95,\"height\":122,\"caption\":\"CVI NOTICIAS\"},\"image\":{\"@id\":\"https:\\\/\\\/cvinoticias.com\\\/v3\\\/#\\\/schema\\\/logo\\\/image\\\/\"},\"sameAs\":[\"https:\\\/\\\/www.facebook.com\\\/cvinoticias\",\"https:\\\/\\\/www.instagram.com\\\/cvinoticias\\\/\",\"https:\\\/\\\/www.youtube.com\\\/@CVINOTICIAS\"]},{\"@type\":\"Person\",\"@id\":\"https:\\\/\\\/cvinoticias.com\\\/v3\\\/#\\\/schema\\\/person\\\/2db77e3c6bc03c538495d7b2b8be9b66\",\"name\":\"f1000024\",\"image\":{\"@type\":\"ImageObject\",\"inLanguage\":\"es\",\"@id\":\"https:\\\/\\\/secure.gravatar.com\\\/avatar\\\/d4fe7459cfc51ff5129ce1a732bbef5928568b8092d412ef95611616376bbeed?s=96&d=mm&r=g\",\"url\":\"https:\\\/\\\/secure.gravatar.com\\\/avatar\\\/d4fe7459cfc51ff5129ce1a732bbef5928568b8092d412ef95611616376bbeed?s=96&d=mm&r=g\",\"contentUrl\":\"https:\\\/\\\/secure.gravatar.com\\\/avatar\\\/d4fe7459cfc51ff5129ce1a732bbef5928568b8092d412ef95611616376bbeed?s=96&d=mm&r=g\",\"caption\":\"f1000024\"},\"url\":\"https:\\\/\\\/cvinoticias.com\\\/v3\\\/author\\\/f1000024\\\/\"}]}<\/script>\n<!-- \/ Yoast SEO plugin. -->","yoast_head_json":{"title":"Fiesta Patronal de la Virgen del Carmen en Iguaz\u00fa | CVI NOTICIAS","robots":{"index":"index","follow":"follow","max-snippet":"max-snippet:-1","max-image-preview":"max-image-preview:large","max-video-preview":"max-video-preview:-1"},"canonical":"https:\/\/cvinoticias.com\/v3\/fiesta-patronal-de-la-virgen-del-carmen-en-iguazu\/","og_locale":"es_ES","og_type":"article","og_title":"Fiesta Patronal de la Virgen del Carmen en Iguaz\u00fa | CVI NOTICIAS","og_description":"Este s\u00e1bado 16 de julio desde temprana hora se iniciaron las celebraciones por el d\u00eda de la Virgen de Nuestra Se\u00f1ora del Carmen, Patrona de Puerto Iguaz\u00fa. Luego de la Santa Misa con imposici\u00f3n del Escapulario, se realiz\u00f3 la tradicional salida de la imagen de la Virgen para la procesi\u00f3n a pie por las calles [&hellip;]","og_url":"https:\/\/cvinoticias.com\/v3\/fiesta-patronal-de-la-virgen-del-carmen-en-iguazu\/","og_site_name":"CVI NOTICIAS","article_publisher":"https:\/\/www.facebook.com\/cvinoticias","article_published_time":"2022-07-16T15:29:00+00:00","og_image":[{"width":1151,"height":2560,"url":"https:\/\/cvinoticias.com\/wp-content\/uploads\/2022\/07\/Picsart_22-07-16_11-01-06-019-scaled.jpg","type":"image\/jpeg"}],"author":"f1000024","twitter_card":"summary_large_image","twitter_misc":{"Escrito por":"f1000024","Tiempo de lectura":"1 minuto"},"schema":{"@context":"https:\/\/schema.org","@graph":[{"@type":"Article","@id":"https:\/\/cvinoticias.com\/v3\/fiesta-patronal-de-la-virgen-del-carmen-en-iguazu\/#article","isPartOf":{"@id":"https:\/\/cvinoticias.com\/v3\/fiesta-patronal-de-la-virgen-del-carmen-en-iguazu\/"},"author":{"name":"f1000024","@id":"https:\/\/cvinoticias.com\/v3\/#\/schema\/person\/2db77e3c6bc03c538495d7b2b8be9b66"},"headline":"Fiesta Patronal de la Virgen del Carmen en Iguaz\u00fa","datePublished":"2022-07-16T15:29:00+00:00","mainEntityOfPage":{"@id":"https:\/\/cvinoticias.com\/v3\/fiesta-patronal-de-la-virgen-del-carmen-en-iguazu\/"},"wordCount":168,"commentCount":0,"publisher":{"@id":"https:\/\/cvinoticias.com\/v3\/#organization"},"image":{"@id":"https:\/\/cvinoticias.com\/v3\/fiesta-patronal-de-la-virgen-del-carmen-en-iguazu\/#primaryimage"},"thumbnailUrl":"https:\/\/cvinoticias.com\/wp-content\/uploads\/2022\/07\/Picsart_22-07-16_11-01-06-019-scaled.jpg","articleSection":["Locales","Religi\u00f3n","Sociedad"],"inLanguage":"es","potentialAction":[{"@type":"CommentAction","name":"Comment","target":["https:\/\/cvinoticias.com\/v3\/fiesta-patronal-de-la-virgen-del-carmen-en-iguazu\/#respond"]}]},{"@type":"WebPage","@id":"https:\/\/cvinoticias.com\/v3\/fiesta-patronal-de-la-virgen-del-carmen-en-iguazu\/","url":"https:\/\/cvinoticias.com\/v3\/fiesta-patronal-de-la-virgen-del-carmen-en-iguazu\/","name":"Fiesta Patronal de la Virgen del Carmen en Iguaz\u00fa | CVI NOTICIAS","isPartOf":{"@id":"https:\/\/cvinoticias.com\/v3\/#website"},"primaryImageOfPage":{"@id":"https:\/\/cvinoticias.com\/v3\/fiesta-patronal-de-la-virgen-del-carmen-en-iguazu\/#primaryimage"},"image":{"@id":"https:\/\/cvinoticias.com\/v3\/fiesta-patronal-de-la-virgen-del-carmen-en-iguazu\/#primaryimage"},"thumbnailUrl":"https:\/\/cvinoticias.com\/wp-content\/uploads\/2022\/07\/Picsart_22-07-16_11-01-06-019-scaled.jpg","datePublished":"2022-07-16T15:29:00+00:00","breadcrumb":{"@id":"https:\/\/cvinoticias.com\/v3\/fiesta-patronal-de-la-virgen-del-carmen-en-iguazu\/#breadcrumb"},"inLanguage":"es","potentialAction":[{"@type":"ReadAction","target":["https:\/\/cvinoticias.com\/v3\/fiesta-patronal-de-la-virgen-del-carmen-en-iguazu\/"]}]},{"@type":"ImageObject","inLanguage":"es","@id":"https:\/\/cvinoticias.com\/v3\/fiesta-patronal-de-la-virgen-del-carmen-en-iguazu\/#primaryimage","url":"https:\/\/cvinoticias.com\/wp-content\/uploads\/2022\/07\/Picsart_22-07-16_11-01-06-019-scaled.jpg","contentUrl":"https:\/\/cvinoticias.com\/wp-content\/uploads\/2022\/07\/Picsart_22-07-16_11-01-06-019-scaled.jpg","width":1151,"height":2560},{"@type":"BreadcrumbList","@id":"https:\/\/cvinoticias.com\/v3\/fiesta-patronal-de-la-virgen-del-carmen-en-iguazu\/#breadcrumb","itemListElement":[{"@type":"ListItem","position":1,"name":"Portada","item":"https:\/\/cvinoticias.com\/v3\/"},{"@type":"ListItem","position":2,"name":"Fiesta Patronal de la Virgen del Carmen en Iguaz\u00fa"}]},{"@type":"WebSite","@id":"https:\/\/cvinoticias.com\/v3\/#website","url":"https:\/\/cvinoticias.com\/v3\/","name":"CVI NOTICIAS","description":"","publisher":{"@id":"https:\/\/cvinoticias.com\/v3\/#organization"},"alternateName":"CVI","potentialAction":[{"@type":"SearchAction","target":{"@type":"EntryPoint","urlTemplate":"https:\/\/cvinoticias.com\/v3\/?s={search_term_string}"},"query-input":{"@type":"PropertyValueSpecification","valueRequired":true,"valueName":"search_term_string"}}],"inLanguage":"es"},{"@type":"Organization","@id":"https:\/\/cvinoticias.com\/v3\/#organization","name":"CVI NOTICIAS","url":"https:\/\/cvinoticias.com\/v3\/","logo":{"@type":"ImageObject","inLanguage":"es","@id":"https:\/\/cvinoticias.com\/v3\/#\/schema\/logo\/image\/","url":"https:\/\/cvinoticias.com\/wp-content\/uploads\/2023\/04\/cropped-cropped-cropped-cropped-cropped-3-1.png","contentUrl":"https:\/\/cvinoticias.com\/wp-content\/uploads\/2023\/04\/cropped-cropped-cropped-cropped-cropped-3-1.png","width":95,"height":122,"caption":"CVI NOTICIAS"},"image":{"@id":"https:\/\/cvinoticias.com\/v3\/#\/schema\/logo\/image\/"},"sameAs":["https:\/\/www.facebook.com\/cvinoticias","https:\/\/www.instagram.com\/cvinoticias\/","https:\/\/www.youtube.com\/@CVINOTICIAS"]},{"@type":"Person","@id":"https:\/\/cvinoticias.com\/v3\/#\/schema\/person\/2db77e3c6bc03c538495d7b2b8be9b66","name":"f1000024","image":{"@type":"ImageObject","inLanguage":"es","@id":"https:\/\/secure.gravatar.com\/avatar\/d4fe7459cfc51ff5129ce1a732bbef5928568b8092d412ef95611616376bbeed?s=96&d=mm&r=g","url":"https:\/\/secure.gravatar.com\/avatar\/d4fe7459cfc51ff5129ce1a732bbef5928568b8092d412ef95611616376bbeed?s=96&d=mm&r=g","contentUrl":"https:\/\/secure.gravatar.com\/avatar\/d4fe7459cfc51ff5129ce1a732bbef5928568b8092d412ef95611616376bbeed?s=96&d=mm&r=g","caption":"f1000024"},"url":"https:\/\/cvinoticias.com\/v3\/author\/f1000024\/"}]}},"_links":{"self":[{"href":"https:\/\/cvinoticias.com\/v3\/wp-json\/wp\/v2\/posts\/17674","targetHints":{"allow":["GET"]}}],"collection":[{"href":"https:\/\/cvinoticias.com\/v3\/wp-json\/wp\/v2\/posts"}],"about":[{"href":"https:\/\/cvinoticias.com\/v3\/wp-json\/wp\/v2\/types\/post"}],"author":[{"embeddable":true,"href":"https:\/\/cvinoticias.com\/v3\/wp-json\/wp\/v2\/users\/2"}],"replies":[{"embeddable":true,"href":"https:\/\/cvinoticias.com\/v3\/wp-json\/wp\/v2\/comments?post=17674"}],"version-history":[{"count":1,"href":"https:\/\/cvinoticias.com\/v3\/wp-json\/wp\/v2\/posts\/17674\/revisions"}],"predecessor-version":[{"id":17679,"href":"https:\/\/cvinoticias.com\/v3\/wp-json\/wp\/v2\/posts\/17674\/revisions\/17679"}],"wp:featuredmedia":[{"embeddable":true,"href":"https:\/\/cvinoticias.com\/v3\/wp-json\/wp\/v2\/media\/17678"}],"wp:attachment":[{"href":"https:\/\/cvinoticias.com\/v3\/wp-json\/wp\/v2\/media?parent=17674"}],"wp:term":[{"taxonomy":"category","embeddable":true,"href":"https:\/\/cvinoticias.com\/v3\/wp-json\/wp\/v2\/categories?post=17674"},{"taxonomy":"post_tag","embeddable":true,"href":"https:\/\/cvinoticias.com\/v3\/wp-json\/wp\/v2\/tags?post=17674"}],"curies":[{"name":"wp","href":"https:\/\/api.w.org\/{rel}","templated":true}]}}