{"id":17665,"date":"2022-07-15T20:36:00","date_gmt":"2022-07-15T20:36:00","guid":{"rendered":"https:\/\/cvinoticias.com\/v3\/?p=17665"},"modified":"2022-07-15T20:36:00","modified_gmt":"2022-07-15T20:36:00","slug":"fiestas-patronales-de-itati-recomendaciones-para-transitar-por-la-ruta-12","status":"publish","type":"post","link":"https:\/\/cvinoticias.com\/v3\/fiestas-patronales-de-itati-recomendaciones-para-transitar-por-la-ruta-12\/","title":{"rendered":"Fiestas patronales de Itat\u00ed: recomendaciones para transitar por la Ruta 12"},"content":{"rendered":"\n<p><em><strong>Teniendo en cuenta la afluencia masiva del evento, se dispondr\u00e1n puestos fijos y m\u00f3viles sobre todo el recorrido entre las ciudades de Posadas y Corrientes, a los fines de advertir a transportistas y conductores sobre la situaci\u00f3n.<\/strong><\/em><\/p>\n\n\n\n<p>Como cada a\u00f1o los festejos patronales de la Virgen de Itat\u00ed convocan a miles de peregrinos provenientes de Misiones, Chaco, Formosa y varias localidades de Corrientes. Desde el d\u00eda mi\u00e9rcoles un operativo de seguridad vial acompa\u00f1a a los peregrinos que a pie, bicicleta, caballo y veh\u00edculos particulares emprenden la tradicional marcha hacia la Bas\u00edlica de Itati.<\/p>\n\n\n\n<figure class=\"wp-block-image size-large\"><a href=\"https:\/\/cvinoticias.com\/wp-content\/uploads\/2022\/07\/IMG-20220715-WA0211.jpg\"><img decoding=\"async\" width=\"1024\" height=\"768\" data-src=\"https:\/\/cvinoticias.com\/wp-content\/uploads\/2022\/07\/IMG-20220715-WA0211-1024x768.jpg\" alt=\"\" class=\"wp-image-17666 lazyload\" data-srcset=\"https:\/\/cvinoticias.com\/wp-content\/uploads\/2022\/07\/IMG-20220715-WA0211-1024x768.jpg 1024w, https:\/\/cvinoticias.com\/wp-content\/uploads\/2022\/07\/IMG-20220715-WA0211-300x225.jpg 300w, https:\/\/cvinoticias.com\/wp-content\/uploads\/2022\/07\/IMG-20220715-WA0211-768x576.jpg 768w, https:\/\/cvinoticias.com\/wp-content\/uploads\/2022\/07\/IMG-20220715-WA0211-1536x1152.jpg 1536w, https:\/\/cvinoticias.com\/wp-content\/uploads\/2022\/07\/IMG-20220715-WA0211.jpg 1600w\" data-sizes=\"(max-width: 1024px) 100vw, 1024px\" src=\"data:image\/svg+xml;base64,PHN2ZyB3aWR0aD0iMSIgaGVpZ2h0PSIxIiB4bWxucz0iaHR0cDovL3d3dy53My5vcmcvMjAwMC9zdmciPjwvc3ZnPg==\" style=\"--smush-placeholder-width: 1024px; --smush-placeholder-aspect-ratio: 1024\/768;\" \/><\/a><\/figure>\n\n\n\n<p>Con el fin de resguardar la seguridad vial en el tramo la Polic\u00eda de Corrientes dispuso un operativo vial desde el mi\u00e9rcoles 13\/07 al domingo 17\/07. Dicho operativo implica el desv\u00edo del tr\u00e1nsito pesado por la RN118, acompa\u00f1amiento a los peregrinos y precauciones para automovilistas.<\/p>\n\n\n\n<p>Teniendo en cuenta la afluencia masiva del evento, se dispondr\u00e1n puestos fijos y m\u00f3viles sobre todo el recorrido de la RN12 entre las ciudades de Posadas y Corrientes, a los fines de advertir a transportistas y conductores sobre la situaci\u00f3n en cada trayecto, desv\u00edos alternativos y recomendaciones en general. Tambi\u00e9n estar\u00e1n afectados para este servicio, personal de las Fuerzas de Seguridad Nacional (Prefectura Naval Argentina; Gendarmer\u00eda Nacional; Polic\u00eda Federal); del Ministerio de Salud de la Provincia, Vialidad Provincial; Defensa Civil, Cruz Roja, etc.<\/p>\n\n\n\n<p>Se solicita a usuarios y usuarias de la RN12 extremar las medidas de precauci\u00f3n y colaborar con las indicaciones del personal que trabaja en la zona.<\/p>\n\n\n\n<figure class=\"wp-block-image size-large\"><a href=\"https:\/\/cvinoticias.com\/wp-content\/uploads\/2022\/07\/IMG-20220715-WA0214.jpg\"><img decoding=\"async\" width=\"1024\" height=\"768\" data-src=\"https:\/\/cvinoticias.com\/wp-content\/uploads\/2022\/07\/IMG-20220715-WA0214-1024x768.jpg\" alt=\"\" class=\"wp-image-17667 lazyload\" data-srcset=\"https:\/\/cvinoticias.com\/wp-content\/uploads\/2022\/07\/IMG-20220715-WA0214-1024x768.jpg 1024w, https:\/\/cvinoticias.com\/wp-content\/uploads\/2022\/07\/IMG-20220715-WA0214-300x225.jpg 300w, https:\/\/cvinoticias.com\/wp-content\/uploads\/2022\/07\/IMG-20220715-WA0214-768x576.jpg 768w, https:\/\/cvinoticias.com\/wp-content\/uploads\/2022\/07\/IMG-20220715-WA0214.jpg 1280w\" data-sizes=\"(max-width: 1024px) 100vw, 1024px\" src=\"data:image\/svg+xml;base64,PHN2ZyB3aWR0aD0iMSIgaGVpZ2h0PSIxIiB4bWxucz0iaHR0cDovL3d3dy53My5vcmcvMjAwMC9zdmciPjwvc3ZnPg==\" style=\"--smush-placeholder-width: 1024px; --smush-placeholder-aspect-ratio: 1024\/768;\" \/><\/a><\/figure>\n\n\n\n<h5 class=\"wp-block-heading\">Desv\u00edos<\/h5>\n\n\n\n<p>De acuerdo a lo informado por la Polic\u00eda de Corrientes el tr\u00e1nsito de camiones y veh\u00edculos de gran porte se desviar\u00e1 por la RN118, desde la localidad de Saladas hasta Ituzaing\u00f3 (sentido Corrientes \u2013 Posadas). Esta medida regir\u00e1 hasta el Lunes 18\/07.<\/p>\n\n\n\n<p>En cuanto a los veh\u00edculos livianos y camiones de hasta 3500 Kg podr\u00e1n circular por la RP 5, pero de acuerdo a fuentes consultadas las condiciones de esta v\u00eda no son las ideales, debido a su avanzado estado de deterioro y la presencia constante de animales. Por ello, y a pesar de agregar 200 kms al recorrido entre Posadas y Corrientes, se recomienda utilizar la RP 118 teniendo siempre extrema precauci\u00f3n, ya que ser\u00e1 alta la circulaci\u00f3n vehicular los d\u00edas s\u00e1bado y domingo.<strong>(A.H)<\/strong><\/p>\n\n\n\n<figure class=\"wp-block-image size-large\"><a href=\"https:\/\/cvinoticias.com\/wp-content\/uploads\/2022\/07\/IMG-20220715-WA0213.jpg\"><img decoding=\"async\" width=\"1024\" height=\"768\" data-src=\"https:\/\/cvinoticias.com\/wp-content\/uploads\/2022\/07\/IMG-20220715-WA0213-1024x768.jpg\" alt=\"\" class=\"wp-image-17668 lazyload\" data-srcset=\"https:\/\/cvinoticias.com\/wp-content\/uploads\/2022\/07\/IMG-20220715-WA0213-1024x768.jpg 1024w, https:\/\/cvinoticias.com\/wp-content\/uploads\/2022\/07\/IMG-20220715-WA0213-300x225.jpg 300w, https:\/\/cvinoticias.com\/wp-content\/uploads\/2022\/07\/IMG-20220715-WA0213-768x576.jpg 768w, https:\/\/cvinoticias.com\/wp-content\/uploads\/2022\/07\/IMG-20220715-WA0213-1536x1152.jpg 1536w, https:\/\/cvinoticias.com\/wp-content\/uploads\/2022\/07\/IMG-20220715-WA0213.jpg 1600w\" data-sizes=\"(max-width: 1024px) 100vw, 1024px\" src=\"data:image\/svg+xml;base64,PHN2ZyB3aWR0aD0iMSIgaGVpZ2h0PSIxIiB4bWxucz0iaHR0cDovL3d3dy53My5vcmcvMjAwMC9zdmciPjwvc3ZnPg==\" style=\"--smush-placeholder-width: 1024px; --smush-placeholder-aspect-ratio: 1024\/768;\" \/><\/a><\/figure>\n","protected":false},"excerpt":{"rendered":"<p>Teniendo en cuenta la afluencia masiva del evento, se dispondr\u00e1n puestos fijos y m\u00f3viles sobre todo el recorrido entre las ciudades de Posadas y Corrientes, a los fines de advertir a transportistas y conductores sobre la situaci\u00f3n. Como cada a\u00f1o los festejos patronales de la Virgen de Itat\u00ed convocan a miles de peregrinos provenientes de [&hellip;]<\/p>\n","protected":false},"author":2,"featured_media":17669,"comment_status":"open","ping_status":"open","sticky":false,"template":"","format":"standard","meta":{"footnotes":""},"categories":[35],"tags":[],"class_list":["post-17665","post","type-post","status-publish","format-standard","has-post-thumbnail","hentry","category-informacion-general"],"yoast_head":"<!-- This site is optimized with the Yoast SEO plugin v27.4 - https:\/\/yoast.com\/product\/yoast-seo-wordpress\/ -->\n<title>Fiestas patronales de Itat\u00ed: recomendaciones para transitar por la Ruta 12 | CVI NOTICIAS<\/title>\n<meta name=\"robots\" content=\"index, follow, max-snippet:-1, max-image-preview:large, max-video-preview:-1\" \/>\n<link rel=\"canonical\" href=\"https:\/\/cvinoticias.com\/v3\/fiestas-patronales-de-itati-recomendaciones-para-transitar-por-la-ruta-12\/\" \/>\n<meta property=\"og:locale\" content=\"es_ES\" \/>\n<meta property=\"og:type\" content=\"article\" \/>\n<meta property=\"og:title\" content=\"Fiestas patronales de Itat\u00ed: recomendaciones para transitar por la Ruta 12 | CVI NOTICIAS\" \/>\n<meta property=\"og:description\" content=\"Teniendo en cuenta la afluencia masiva del evento, se dispondr\u00e1n puestos fijos y m\u00f3viles sobre todo el recorrido entre las ciudades de Posadas y Corrientes, a los fines de advertir a transportistas y conductores sobre la situaci\u00f3n. Como cada a\u00f1o los festejos patronales de la Virgen de Itat\u00ed convocan a miles de peregrinos provenientes de [&hellip;]\" \/>\n<meta property=\"og:url\" content=\"https:\/\/cvinoticias.com\/v3\/fiestas-patronales-de-itati-recomendaciones-para-transitar-por-la-ruta-12\/\" \/>\n<meta property=\"og:site_name\" content=\"CVI NOTICIAS\" \/>\n<meta property=\"article:publisher\" content=\"https:\/\/www.facebook.com\/cvinoticias\" \/>\n<meta property=\"article:published_time\" content=\"2022-07-15T20:36:00+00:00\" \/>\n<meta property=\"og:image\" content=\"https:\/\/cvinoticias.com\/wp-content\/uploads\/2022\/07\/IMG-20220715-WA0212.jpg\" \/>\n\t<meta property=\"og:image:width\" content=\"1280\" \/>\n\t<meta property=\"og:image:height\" content=\"960\" \/>\n\t<meta property=\"og:image:type\" content=\"image\/jpeg\" \/>\n<meta name=\"author\" content=\"f1000024\" \/>\n<meta name=\"twitter:card\" content=\"summary_large_image\" \/>\n<meta name=\"twitter:label1\" content=\"Escrito por\" \/>\n\t<meta name=\"twitter:data1\" content=\"f1000024\" \/>\n\t<meta name=\"twitter:label2\" content=\"Tiempo de lectura\" \/>\n\t<meta name=\"twitter:data2\" content=\"2 minutos\" \/>\n<script type=\"application\/ld+json\" class=\"yoast-schema-graph\">{\"@context\":\"https:\\\/\\\/schema.org\",\"@graph\":[{\"@type\":\"Article\",\"@id\":\"https:\\\/\\\/cvinoticias.com\\\/v3\\\/fiestas-patronales-de-itati-recomendaciones-para-transitar-por-la-ruta-12\\\/#article\",\"isPartOf\":{\"@id\":\"https:\\\/\\\/cvinoticias.com\\\/v3\\\/fiestas-patronales-de-itati-recomendaciones-para-transitar-por-la-ruta-12\\\/\"},\"author\":{\"name\":\"f1000024\",\"@id\":\"https:\\\/\\\/cvinoticias.com\\\/v3\\\/#\\\/schema\\\/person\\\/2db77e3c6bc03c538495d7b2b8be9b66\"},\"headline\":\"Fiestas patronales de Itat\u00ed: recomendaciones para transitar por la Ruta 12\",\"datePublished\":\"2022-07-15T20:36:00+00:00\",\"mainEntityOfPage\":{\"@id\":\"https:\\\/\\\/cvinoticias.com\\\/v3\\\/fiestas-patronales-de-itati-recomendaciones-para-transitar-por-la-ruta-12\\\/\"},\"wordCount\":411,\"commentCount\":0,\"publisher\":{\"@id\":\"https:\\\/\\\/cvinoticias.com\\\/v3\\\/#organization\"},\"image\":{\"@id\":\"https:\\\/\\\/cvinoticias.com\\\/v3\\\/fiestas-patronales-de-itati-recomendaciones-para-transitar-por-la-ruta-12\\\/#primaryimage\"},\"thumbnailUrl\":\"https:\\\/\\\/cvinoticias.com\\\/wp-content\\\/uploads\\\/2022\\\/07\\\/IMG-20220715-WA0212.jpg\",\"articleSection\":[\"Informaci\u00f3n General\"],\"inLanguage\":\"es\",\"potentialAction\":[{\"@type\":\"CommentAction\",\"name\":\"Comment\",\"target\":[\"https:\\\/\\\/cvinoticias.com\\\/v3\\\/fiestas-patronales-de-itati-recomendaciones-para-transitar-por-la-ruta-12\\\/#respond\"]}]},{\"@type\":\"WebPage\",\"@id\":\"https:\\\/\\\/cvinoticias.com\\\/v3\\\/fiestas-patronales-de-itati-recomendaciones-para-transitar-por-la-ruta-12\\\/\",\"url\":\"https:\\\/\\\/cvinoticias.com\\\/v3\\\/fiestas-patronales-de-itati-recomendaciones-para-transitar-por-la-ruta-12\\\/\",\"name\":\"Fiestas patronales de Itat\u00ed: recomendaciones para transitar por la Ruta 12 | CVI NOTICIAS\",\"isPartOf\":{\"@id\":\"https:\\\/\\\/cvinoticias.com\\\/v3\\\/#website\"},\"primaryImageOfPage\":{\"@id\":\"https:\\\/\\\/cvinoticias.com\\\/v3\\\/fiestas-patronales-de-itati-recomendaciones-para-transitar-por-la-ruta-12\\\/#primaryimage\"},\"image\":{\"@id\":\"https:\\\/\\\/cvinoticias.com\\\/v3\\\/fiestas-patronales-de-itati-recomendaciones-para-transitar-por-la-ruta-12\\\/#primaryimage\"},\"thumbnailUrl\":\"https:\\\/\\\/cvinoticias.com\\\/wp-content\\\/uploads\\\/2022\\\/07\\\/IMG-20220715-WA0212.jpg\",\"datePublished\":\"2022-07-15T20:36:00+00:00\",\"breadcrumb\":{\"@id\":\"https:\\\/\\\/cvinoticias.com\\\/v3\\\/fiestas-patronales-de-itati-recomendaciones-para-transitar-por-la-ruta-12\\\/#breadcrumb\"},\"inLanguage\":\"es\",\"potentialAction\":[{\"@type\":\"ReadAction\",\"target\":[\"https:\\\/\\\/cvinoticias.com\\\/v3\\\/fiestas-patronales-de-itati-recomendaciones-para-transitar-por-la-ruta-12\\\/\"]}]},{\"@type\":\"ImageObject\",\"inLanguage\":\"es\",\"@id\":\"https:\\\/\\\/cvinoticias.com\\\/v3\\\/fiestas-patronales-de-itati-recomendaciones-para-transitar-por-la-ruta-12\\\/#primaryimage\",\"url\":\"https:\\\/\\\/cvinoticias.com\\\/wp-content\\\/uploads\\\/2022\\\/07\\\/IMG-20220715-WA0212.jpg\",\"contentUrl\":\"https:\\\/\\\/cvinoticias.com\\\/wp-content\\\/uploads\\\/2022\\\/07\\\/IMG-20220715-WA0212.jpg\",\"width\":1280,\"height\":960},{\"@type\":\"BreadcrumbList\",\"@id\":\"https:\\\/\\\/cvinoticias.com\\\/v3\\\/fiestas-patronales-de-itati-recomendaciones-para-transitar-por-la-ruta-12\\\/#breadcrumb\",\"itemListElement\":[{\"@type\":\"ListItem\",\"position\":1,\"name\":\"Portada\",\"item\":\"https:\\\/\\\/cvinoticias.com\\\/v3\\\/\"},{\"@type\":\"ListItem\",\"position\":2,\"name\":\"Fiestas patronales de Itat\u00ed: recomendaciones para transitar por la Ruta 12\"}]},{\"@type\":\"WebSite\",\"@id\":\"https:\\\/\\\/cvinoticias.com\\\/v3\\\/#website\",\"url\":\"https:\\\/\\\/cvinoticias.com\\\/v3\\\/\",\"name\":\"CVI NOTICIAS\",\"description\":\"\",\"publisher\":{\"@id\":\"https:\\\/\\\/cvinoticias.com\\\/v3\\\/#organization\"},\"alternateName\":\"CVI\",\"potentialAction\":[{\"@type\":\"SearchAction\",\"target\":{\"@type\":\"EntryPoint\",\"urlTemplate\":\"https:\\\/\\\/cvinoticias.com\\\/v3\\\/?s={search_term_string}\"},\"query-input\":{\"@type\":\"PropertyValueSpecification\",\"valueRequired\":true,\"valueName\":\"search_term_string\"}}],\"inLanguage\":\"es\"},{\"@type\":\"Organization\",\"@id\":\"https:\\\/\\\/cvinoticias.com\\\/v3\\\/#organization\",\"name\":\"CVI NOTICIAS\",\"url\":\"https:\\\/\\\/cvinoticias.com\\\/v3\\\/\",\"logo\":{\"@type\":\"ImageObject\",\"inLanguage\":\"es\",\"@id\":\"https:\\\/\\\/cvinoticias.com\\\/v3\\\/#\\\/schema\\\/logo\\\/image\\\/\",\"url\":\"https:\\\/\\\/cvinoticias.com\\\/wp-content\\\/uploads\\\/2023\\\/04\\\/cropped-cropped-cropped-cropped-cropped-3-1.png\",\"contentUrl\":\"https:\\\/\\\/cvinoticias.com\\\/wp-content\\\/uploads\\\/2023\\\/04\\\/cropped-cropped-cropped-cropped-cropped-3-1.png\",\"width\":95,\"height\":122,\"caption\":\"CVI NOTICIAS\"},\"image\":{\"@id\":\"https:\\\/\\\/cvinoticias.com\\\/v3\\\/#\\\/schema\\\/logo\\\/image\\\/\"},\"sameAs\":[\"https:\\\/\\\/www.facebook.com\\\/cvinoticias\",\"https:\\\/\\\/www.instagram.com\\\/cvinoticias\\\/\",\"https:\\\/\\\/www.youtube.com\\\/@CVINOTICIAS\"]},{\"@type\":\"Person\",\"@id\":\"https:\\\/\\\/cvinoticias.com\\\/v3\\\/#\\\/schema\\\/person\\\/2db77e3c6bc03c538495d7b2b8be9b66\",\"name\":\"f1000024\",\"image\":{\"@type\":\"ImageObject\",\"inLanguage\":\"es\",\"@id\":\"https:\\\/\\\/secure.gravatar.com\\\/avatar\\\/d4fe7459cfc51ff5129ce1a732bbef5928568b8092d412ef95611616376bbeed?s=96&d=mm&r=g\",\"url\":\"https:\\\/\\\/secure.gravatar.com\\\/avatar\\\/d4fe7459cfc51ff5129ce1a732bbef5928568b8092d412ef95611616376bbeed?s=96&d=mm&r=g\",\"contentUrl\":\"https:\\\/\\\/secure.gravatar.com\\\/avatar\\\/d4fe7459cfc51ff5129ce1a732bbef5928568b8092d412ef95611616376bbeed?s=96&d=mm&r=g\",\"caption\":\"f1000024\"},\"url\":\"https:\\\/\\\/cvinoticias.com\\\/v3\\\/author\\\/f1000024\\\/\"}]}<\/script>\n<!-- \/ Yoast SEO plugin. -->","yoast_head_json":{"title":"Fiestas patronales de Itat\u00ed: recomendaciones para transitar por la Ruta 12 | CVI NOTICIAS","robots":{"index":"index","follow":"follow","max-snippet":"max-snippet:-1","max-image-preview":"max-image-preview:large","max-video-preview":"max-video-preview:-1"},"canonical":"https:\/\/cvinoticias.com\/v3\/fiestas-patronales-de-itati-recomendaciones-para-transitar-por-la-ruta-12\/","og_locale":"es_ES","og_type":"article","og_title":"Fiestas patronales de Itat\u00ed: recomendaciones para transitar por la Ruta 12 | CVI NOTICIAS","og_description":"Teniendo en cuenta la afluencia masiva del evento, se dispondr\u00e1n puestos fijos y m\u00f3viles sobre todo el recorrido entre las ciudades de Posadas y Corrientes, a los fines de advertir a transportistas y conductores sobre la situaci\u00f3n. Como cada a\u00f1o los festejos patronales de la Virgen de Itat\u00ed convocan a miles de peregrinos provenientes de [&hellip;]","og_url":"https:\/\/cvinoticias.com\/v3\/fiestas-patronales-de-itati-recomendaciones-para-transitar-por-la-ruta-12\/","og_site_name":"CVI NOTICIAS","article_publisher":"https:\/\/www.facebook.com\/cvinoticias","article_published_time":"2022-07-15T20:36:00+00:00","og_image":[{"width":1280,"height":960,"url":"https:\/\/cvinoticias.com\/wp-content\/uploads\/2022\/07\/IMG-20220715-WA0212.jpg","type":"image\/jpeg"}],"author":"f1000024","twitter_card":"summary_large_image","twitter_misc":{"Escrito por":"f1000024","Tiempo de lectura":"2 minutos"},"schema":{"@context":"https:\/\/schema.org","@graph":[{"@type":"Article","@id":"https:\/\/cvinoticias.com\/v3\/fiestas-patronales-de-itati-recomendaciones-para-transitar-por-la-ruta-12\/#article","isPartOf":{"@id":"https:\/\/cvinoticias.com\/v3\/fiestas-patronales-de-itati-recomendaciones-para-transitar-por-la-ruta-12\/"},"author":{"name":"f1000024","@id":"https:\/\/cvinoticias.com\/v3\/#\/schema\/person\/2db77e3c6bc03c538495d7b2b8be9b66"},"headline":"Fiestas patronales de Itat\u00ed: recomendaciones para transitar por la Ruta 12","datePublished":"2022-07-15T20:36:00+00:00","mainEntityOfPage":{"@id":"https:\/\/cvinoticias.com\/v3\/fiestas-patronales-de-itati-recomendaciones-para-transitar-por-la-ruta-12\/"},"wordCount":411,"commentCount":0,"publisher":{"@id":"https:\/\/cvinoticias.com\/v3\/#organization"},"image":{"@id":"https:\/\/cvinoticias.com\/v3\/fiestas-patronales-de-itati-recomendaciones-para-transitar-por-la-ruta-12\/#primaryimage"},"thumbnailUrl":"https:\/\/cvinoticias.com\/wp-content\/uploads\/2022\/07\/IMG-20220715-WA0212.jpg","articleSection":["Informaci\u00f3n General"],"inLanguage":"es","potentialAction":[{"@type":"CommentAction","name":"Comment","target":["https:\/\/cvinoticias.com\/v3\/fiestas-patronales-de-itati-recomendaciones-para-transitar-por-la-ruta-12\/#respond"]}]},{"@type":"WebPage","@id":"https:\/\/cvinoticias.com\/v3\/fiestas-patronales-de-itati-recomendaciones-para-transitar-por-la-ruta-12\/","url":"https:\/\/cvinoticias.com\/v3\/fiestas-patronales-de-itati-recomendaciones-para-transitar-por-la-ruta-12\/","name":"Fiestas patronales de Itat\u00ed: recomendaciones para transitar por la Ruta 12 | CVI NOTICIAS","isPartOf":{"@id":"https:\/\/cvinoticias.com\/v3\/#website"},"primaryImageOfPage":{"@id":"https:\/\/cvinoticias.com\/v3\/fiestas-patronales-de-itati-recomendaciones-para-transitar-por-la-ruta-12\/#primaryimage"},"image":{"@id":"https:\/\/cvinoticias.com\/v3\/fiestas-patronales-de-itati-recomendaciones-para-transitar-por-la-ruta-12\/#primaryimage"},"thumbnailUrl":"https:\/\/cvinoticias.com\/wp-content\/uploads\/2022\/07\/IMG-20220715-WA0212.jpg","datePublished":"2022-07-15T20:36:00+00:00","breadcrumb":{"@id":"https:\/\/cvinoticias.com\/v3\/fiestas-patronales-de-itati-recomendaciones-para-transitar-por-la-ruta-12\/#breadcrumb"},"inLanguage":"es","potentialAction":[{"@type":"ReadAction","target":["https:\/\/cvinoticias.com\/v3\/fiestas-patronales-de-itati-recomendaciones-para-transitar-por-la-ruta-12\/"]}]},{"@type":"ImageObject","inLanguage":"es","@id":"https:\/\/cvinoticias.com\/v3\/fiestas-patronales-de-itati-recomendaciones-para-transitar-por-la-ruta-12\/#primaryimage","url":"https:\/\/cvinoticias.com\/wp-content\/uploads\/2022\/07\/IMG-20220715-WA0212.jpg","contentUrl":"https:\/\/cvinoticias.com\/wp-content\/uploads\/2022\/07\/IMG-20220715-WA0212.jpg","width":1280,"height":960},{"@type":"BreadcrumbList","@id":"https:\/\/cvinoticias.com\/v3\/fiestas-patronales-de-itati-recomendaciones-para-transitar-por-la-ruta-12\/#breadcrumb","itemListElement":[{"@type":"ListItem","position":1,"name":"Portada","item":"https:\/\/cvinoticias.com\/v3\/"},{"@type":"ListItem","position":2,"name":"Fiestas patronales de Itat\u00ed: recomendaciones para transitar por la Ruta 12"}]},{"@type":"WebSite","@id":"https:\/\/cvinoticias.com\/v3\/#website","url":"https:\/\/cvinoticias.com\/v3\/","name":"CVI NOTICIAS","description":"","publisher":{"@id":"https:\/\/cvinoticias.com\/v3\/#organization"},"alternateName":"CVI","potentialAction":[{"@type":"SearchAction","target":{"@type":"EntryPoint","urlTemplate":"https:\/\/cvinoticias.com\/v3\/?s={search_term_string}"},"query-input":{"@type":"PropertyValueSpecification","valueRequired":true,"valueName":"search_term_string"}}],"inLanguage":"es"},{"@type":"Organization","@id":"https:\/\/cvinoticias.com\/v3\/#organization","name":"CVI NOTICIAS","url":"https:\/\/cvinoticias.com\/v3\/","logo":{"@type":"ImageObject","inLanguage":"es","@id":"https:\/\/cvinoticias.com\/v3\/#\/schema\/logo\/image\/","url":"https:\/\/cvinoticias.com\/wp-content\/uploads\/2023\/04\/cropped-cropped-cropped-cropped-cropped-3-1.png","contentUrl":"https:\/\/cvinoticias.com\/wp-content\/uploads\/2023\/04\/cropped-cropped-cropped-cropped-cropped-3-1.png","width":95,"height":122,"caption":"CVI NOTICIAS"},"image":{"@id":"https:\/\/cvinoticias.com\/v3\/#\/schema\/logo\/image\/"},"sameAs":["https:\/\/www.facebook.com\/cvinoticias","https:\/\/www.instagram.com\/cvinoticias\/","https:\/\/www.youtube.com\/@CVINOTICIAS"]},{"@type":"Person","@id":"https:\/\/cvinoticias.com\/v3\/#\/schema\/person\/2db77e3c6bc03c538495d7b2b8be9b66","name":"f1000024","image":{"@type":"ImageObject","inLanguage":"es","@id":"https:\/\/secure.gravatar.com\/avatar\/d4fe7459cfc51ff5129ce1a732bbef5928568b8092d412ef95611616376bbeed?s=96&d=mm&r=g","url":"https:\/\/secure.gravatar.com\/avatar\/d4fe7459cfc51ff5129ce1a732bbef5928568b8092d412ef95611616376bbeed?s=96&d=mm&r=g","contentUrl":"https:\/\/secure.gravatar.com\/avatar\/d4fe7459cfc51ff5129ce1a732bbef5928568b8092d412ef95611616376bbeed?s=96&d=mm&r=g","caption":"f1000024"},"url":"https:\/\/cvinoticias.com\/v3\/author\/f1000024\/"}]}},"_links":{"self":[{"href":"https:\/\/cvinoticias.com\/v3\/wp-json\/wp\/v2\/posts\/17665","targetHints":{"allow":["GET"]}}],"collection":[{"href":"https:\/\/cvinoticias.com\/v3\/wp-json\/wp\/v2\/posts"}],"about":[{"href":"https:\/\/cvinoticias.com\/v3\/wp-json\/wp\/v2\/types\/post"}],"author":[{"embeddable":true,"href":"https:\/\/cvinoticias.com\/v3\/wp-json\/wp\/v2\/users\/2"}],"replies":[{"embeddable":true,"href":"https:\/\/cvinoticias.com\/v3\/wp-json\/wp\/v2\/comments?post=17665"}],"version-history":[{"count":1,"href":"https:\/\/cvinoticias.com\/v3\/wp-json\/wp\/v2\/posts\/17665\/revisions"}],"predecessor-version":[{"id":17670,"href":"https:\/\/cvinoticias.com\/v3\/wp-json\/wp\/v2\/posts\/17665\/revisions\/17670"}],"wp:featuredmedia":[{"embeddable":true,"href":"https:\/\/cvinoticias.com\/v3\/wp-json\/wp\/v2\/media\/17669"}],"wp:attachment":[{"href":"https:\/\/cvinoticias.com\/v3\/wp-json\/wp\/v2\/media?parent=17665"}],"wp:term":[{"taxonomy":"category","embeddable":true,"href":"https:\/\/cvinoticias.com\/v3\/wp-json\/wp\/v2\/categories?post=17665"},{"taxonomy":"post_tag","embeddable":true,"href":"https:\/\/cvinoticias.com\/v3\/wp-json\/wp\/v2\/tags?post=17665"}],"curies":[{"name":"wp","href":"https:\/\/api.w.org\/{rel}","templated":true}]}}