{"id":17658,"date":"2022-07-15T19:57:58","date_gmt":"2022-07-15T19:57:58","guid":{"rendered":"https:\/\/cvinoticias.com\/v3\/?p=17658"},"modified":"2022-07-15T20:00:41","modified_gmt":"2022-07-15T20:00:41","slug":"seleccionaran-50-bandas-de-todo-el-pais-para-participar-del-festival-ciudad-emergente","status":"publish","type":"post","link":"https:\/\/cvinoticias.com\/v3\/seleccionaran-50-bandas-de-todo-el-pais-para-participar-del-festival-ciudad-emergente\/","title":{"rendered":"Seleccionar\u00e1n 50 bandas de todo el pa\u00eds para participar del festival \u00abCiudad Emergente\u00bb"},"content":{"rendered":"\n<p><strong><em>Se trata de uno de los festivales culturales m\u00e1s importantes de la Ciudad de Buenos Aires; se realiza desde el 2008 y ya consagr\u00f3 a grandes artistas como Tan Bi\u00f3nica y Eruca Sativa. Por primera vez se lanza una convocatoria federal a todo el pa\u00eds; los artistas de Misiones que quieran participar tienen tiempo para inscribirse hasta el 18 de julio.<\/em><\/strong><\/p>\n\n\n\n<p>La experiencia federal para la edici\u00f3n 2022 de Ciudad Emergente se encuentra abierta para bandas o solistas musicales de todo el pa\u00eds. La experiencia se divide en dos etapas: la primera consiste en un per\u00edodo de capacitaci\u00f3n y formaci\u00f3n virtual de la mano de expertos de la industria musical, y la segunda permitir\u00e1 a las bandas presentarse en uno de los escenarios del festival que se celebrar\u00e1 los d\u00edas 7, 8 y 9 de octubre en la Ciudad de Buenos Aires.<\/p>\n\n\n\n<p>El formulario de inscripci\u00f3n, junto a las bases y condiciones, est\u00e1 disponible hasta el lunes 18 de julio en el siguiente link:<br>https:\/\/www.buenosaires.gob.ar\/festivalesba\/noticias\/sumate-experienciaemergente2022?1<\/p>\n\n\n\n<p>En la primera etapa de la Experiencia participar\u00e1n 50 bandas de diferentes puntos del territorio argentino surgidas de la convocatoria, de las cuales 48 ser\u00e1n seleccionadas por un jurado y 2 por el voto del p\u00fablico en las redes sociales de @festivalesgcba. Esta etapa consistir\u00e1 en una serie de actividades virtuales donde los proyectos seleccionados recibir\u00e1n capacitaci\u00f3n y formaci\u00f3n en diferentes \u00e1reas de la industria musical, participar\u00e1n de charlas y encuentros de manera grupal para intercambiar experiencias.<\/p>\n\n\n\n<figure class=\"wp-block-image size-large\"><a href=\"https:\/\/cvinoticias.com\/wp-content\/uploads\/2022\/07\/IMG-20220715-WA0198.jpg\"><img decoding=\"async\" width=\"1024\" height=\"682\" data-src=\"https:\/\/cvinoticias.com\/wp-content\/uploads\/2022\/07\/IMG-20220715-WA0198-1024x682.jpg\" alt=\"\" class=\"wp-image-17659 lazyload\" data-srcset=\"https:\/\/cvinoticias.com\/wp-content\/uploads\/2022\/07\/IMG-20220715-WA0198-1024x682.jpg 1024w, https:\/\/cvinoticias.com\/wp-content\/uploads\/2022\/07\/IMG-20220715-WA0198-300x200.jpg 300w, https:\/\/cvinoticias.com\/wp-content\/uploads\/2022\/07\/IMG-20220715-WA0198-768x512.jpg 768w, https:\/\/cvinoticias.com\/wp-content\/uploads\/2022\/07\/IMG-20220715-WA0198.jpg 1280w\" data-sizes=\"(max-width: 1024px) 100vw, 1024px\" src=\"data:image\/svg+xml;base64,PHN2ZyB3aWR0aD0iMSIgaGVpZ2h0PSIxIiB4bWxucz0iaHR0cDovL3d3dy53My5vcmcvMjAwMC9zdmciPjwvc3ZnPg==\" style=\"--smush-placeholder-width: 1024px; --smush-placeholder-aspect-ratio: 1024\/682;\" \/><\/a><\/figure>\n\n\n\n<p>En la segunda etapa se seleccionar\u00e1n siete proyectos de los cincuenta que participaron de la instancia anterior, para subir en octubre a uno de los escenarios del Festival en la ciudad de Buenos Aires.<\/p>\n\n\n\n<p>Para la postulaci\u00f3n, los participantes deber\u00e1n incluir entre 1 y 3 videos musicales grabados preferentemente en vivo. Los mismos deben ser presentados, de manera excluyente, con links a Vimeo o Youtube. Adem\u00e1s, deber\u00e1n presentar un video grabado por uno de los integrantes de la banda, comentando los motivos por los cuales desean ser seleccionados para formar parte de la Experiencia Emergente 2022.<\/p>\n\n\n\n<p>Sobre el festival<\/p>\n\n\n\n<p>Desde su primera edici\u00f3n en 2008, el Festival Ciudad Emergente busca ser una plataforma de exhibici\u00f3n de la cultura emergente de la Ciudad de Buenos Aires. Comenz\u00f3 como un festival de cultura rock y con los a\u00f1os se fue ampliando a diferentes expresiones atendiendo los cruces art\u00edsticos y est\u00e9ticos que se producen.<\/p>\n\n\n\n<p>Fueron muchos los artistas, hoy consagrados (Tan Bi\u00f3nica, Eruca Sativa, Radagast, entre otros) que tuvieron la posibilidad de mostrar lo que hac\u00edan cuando reci\u00e9n comenzaban, en las mismas condiciones que cualquier artista consagrado. Asimismo, el Festival busca ser ese espacio donde el p\u00fablico descubre nuevos artistas, o nuevos proyectos de artistas consagrados. Por otra parte, siempre tuvimos artistas consagrados haciendo proyectos que quiz\u00e1s no hubieran hecho para el circuito comercial.<\/p>\n\n\n\n<p>A\u00f1o a a\u00f1o, se renueva y suma nuevas disciplinas, actividades y artistas. Su esencia, sin embargo, sigue intacta. M\u00fasica, humor, gastronom\u00eda, danza, cine, deportes, teatro, artes visuales, tecnolog\u00eda, moda y dise\u00f1o, letras, bienestar, disquer\u00eda y revister\u00eda. Lo mejor de lo nuevo y lo nuevo de lo mejor.<\/p>\n\n\n\n<p>La Cultura Joven se caracteriza por la multidisciplinariedad, el intercambio, la diversidad y la participaci\u00f3n y es por eso que el Festival fue creciendo, a\u00f1o a a\u00f1o, en ese sentido. Es m\u00e1s participativo, m\u00e1s experiencial, con m\u00e1s cruces entre el p\u00fablico y el artista. En definitiva, m\u00e1s que un festival es una experiencia para disfrutar con amigos o en familia en la que el p\u00fablico es protagonista.<\/p>\n\n\n\n<figure class=\"wp-block-image size-large\"><a href=\"https:\/\/cvinoticias.com\/wp-content\/uploads\/2022\/07\/IMG-20220715-WA0199.jpg\"><img decoding=\"async\" width=\"1024\" height=\"682\" data-src=\"https:\/\/cvinoticias.com\/wp-content\/uploads\/2022\/07\/IMG-20220715-WA0199-1024x682.jpg\" alt=\"\" class=\"wp-image-17660 lazyload\" data-srcset=\"https:\/\/cvinoticias.com\/wp-content\/uploads\/2022\/07\/IMG-20220715-WA0199-1024x682.jpg 1024w, https:\/\/cvinoticias.com\/wp-content\/uploads\/2022\/07\/IMG-20220715-WA0199-300x200.jpg 300w, https:\/\/cvinoticias.com\/wp-content\/uploads\/2022\/07\/IMG-20220715-WA0199-768x512.jpg 768w, https:\/\/cvinoticias.com\/wp-content\/uploads\/2022\/07\/IMG-20220715-WA0199.jpg 1280w\" data-sizes=\"(max-width: 1024px) 100vw, 1024px\" src=\"data:image\/svg+xml;base64,PHN2ZyB3aWR0aD0iMSIgaGVpZ2h0PSIxIiB4bWxucz0iaHR0cDovL3d3dy53My5vcmcvMjAwMC9zdmciPjwvc3ZnPg==\" style=\"--smush-placeholder-width: 1024px; --smush-placeholder-aspect-ratio: 1024\/682;\" \/><\/a><\/figure>\n\n\n\n<figure class=\"wp-block-video\"><video height=\"480\" style=\"aspect-ratio: 848 \/ 480;\" width=\"848\" controls src=\"https:\/\/cvinoticias.com\/wp-content\/uploads\/2022\/07\/VID-20220715-WA0200.mp4\"><\/video><\/figure>\n","protected":false},"excerpt":{"rendered":"<p>Se trata de uno de los festivales culturales m\u00e1s importantes de la Ciudad de Buenos Aires; se realiza desde el 2008 y ya consagr\u00f3 a grandes artistas como Tan Bi\u00f3nica y Eruca Sativa. Por primera vez se lanza una convocatoria federal a todo el pa\u00eds; los artistas de Misiones que quieran participar tienen tiempo para [&hellip;]<\/p>\n","protected":false},"author":2,"featured_media":17661,"comment_status":"open","ping_status":"open","sticky":false,"template":"","format":"standard","meta":{"footnotes":""},"categories":[34,39],"tags":[],"class_list":["post-17658","post","type-post","status-publish","format-standard","has-post-thumbnail","hentry","category-espectaculos","category-nacionales"],"yoast_head":"<!-- This site is optimized with the Yoast SEO plugin v27.4 - https:\/\/yoast.com\/product\/yoast-seo-wordpress\/ -->\n<title>Seleccionar\u00e1n 50 bandas de todo el pa\u00eds para participar del festival &quot;Ciudad Emergente&quot; | CVI NOTICIAS<\/title>\n<meta name=\"robots\" content=\"index, follow, max-snippet:-1, max-image-preview:large, max-video-preview:-1\" \/>\n<link rel=\"canonical\" href=\"https:\/\/cvinoticias.com\/v3\/seleccionaran-50-bandas-de-todo-el-pais-para-participar-del-festival-ciudad-emergente\/\" \/>\n<meta property=\"og:locale\" content=\"es_ES\" \/>\n<meta property=\"og:type\" content=\"article\" \/>\n<meta property=\"og:title\" content=\"Seleccionar\u00e1n 50 bandas de todo el pa\u00eds para participar del festival &quot;Ciudad Emergente&quot; | CVI NOTICIAS\" \/>\n<meta property=\"og:description\" content=\"Se trata de uno de los festivales culturales m\u00e1s importantes de la Ciudad de Buenos Aires; se realiza desde el 2008 y ya consagr\u00f3 a grandes artistas como Tan Bi\u00f3nica y Eruca Sativa. Por primera vez se lanza una convocatoria federal a todo el pa\u00eds; los artistas de Misiones que quieran participar tienen tiempo para [&hellip;]\" \/>\n<meta property=\"og:url\" content=\"https:\/\/cvinoticias.com\/v3\/seleccionaran-50-bandas-de-todo-el-pais-para-participar-del-festival-ciudad-emergente\/\" \/>\n<meta property=\"og:site_name\" content=\"CVI NOTICIAS\" \/>\n<meta property=\"article:publisher\" content=\"https:\/\/www.facebook.com\/cvinoticias\" \/>\n<meta property=\"article:published_time\" content=\"2022-07-15T19:57:58+00:00\" \/>\n<meta property=\"article:modified_time\" content=\"2022-07-15T20:00:41+00:00\" \/>\n<meta property=\"og:image\" content=\"https:\/\/cvinoticias.com\/wp-content\/uploads\/2022\/07\/IMG-20220715-WA0197.jpg\" \/>\n\t<meta property=\"og:image:width\" content=\"1280\" \/>\n\t<meta property=\"og:image:height\" content=\"853\" \/>\n\t<meta property=\"og:image:type\" content=\"image\/jpeg\" \/>\n<meta name=\"author\" content=\"f1000024\" \/>\n<meta name=\"twitter:card\" content=\"summary_large_image\" \/>\n<meta name=\"twitter:label1\" content=\"Escrito por\" \/>\n\t<meta name=\"twitter:data1\" content=\"f1000024\" \/>\n\t<meta name=\"twitter:label2\" content=\"Tiempo de lectura\" \/>\n\t<meta name=\"twitter:data2\" content=\"3 minutos\" \/>\n<script type=\"application\/ld+json\" class=\"yoast-schema-graph\">{\"@context\":\"https:\\\/\\\/schema.org\",\"@graph\":[{\"@type\":\"Article\",\"@id\":\"https:\\\/\\\/cvinoticias.com\\\/v3\\\/seleccionaran-50-bandas-de-todo-el-pais-para-participar-del-festival-ciudad-emergente\\\/#article\",\"isPartOf\":{\"@id\":\"https:\\\/\\\/cvinoticias.com\\\/v3\\\/seleccionaran-50-bandas-de-todo-el-pais-para-participar-del-festival-ciudad-emergente\\\/\"},\"author\":{\"name\":\"f1000024\",\"@id\":\"https:\\\/\\\/cvinoticias.com\\\/v3\\\/#\\\/schema\\\/person\\\/2db77e3c6bc03c538495d7b2b8be9b66\"},\"headline\":\"Seleccionar\u00e1n 50 bandas de todo el pa\u00eds para participar del festival \u00abCiudad Emergente\u00bb\",\"datePublished\":\"2022-07-15T19:57:58+00:00\",\"dateModified\":\"2022-07-15T20:00:41+00:00\",\"mainEntityOfPage\":{\"@id\":\"https:\\\/\\\/cvinoticias.com\\\/v3\\\/seleccionaran-50-bandas-de-todo-el-pais-para-participar-del-festival-ciudad-emergente\\\/\"},\"wordCount\":633,\"commentCount\":0,\"publisher\":{\"@id\":\"https:\\\/\\\/cvinoticias.com\\\/v3\\\/#organization\"},\"image\":{\"@id\":\"https:\\\/\\\/cvinoticias.com\\\/v3\\\/seleccionaran-50-bandas-de-todo-el-pais-para-participar-del-festival-ciudad-emergente\\\/#primaryimage\"},\"thumbnailUrl\":\"https:\\\/\\\/cvinoticias.com\\\/wp-content\\\/uploads\\\/2022\\\/07\\\/IMG-20220715-WA0197.jpg\",\"articleSection\":[\"Espect\u00e1culos\",\"Nacionales\"],\"inLanguage\":\"es\",\"potentialAction\":[{\"@type\":\"CommentAction\",\"name\":\"Comment\",\"target\":[\"https:\\\/\\\/cvinoticias.com\\\/v3\\\/seleccionaran-50-bandas-de-todo-el-pais-para-participar-del-festival-ciudad-emergente\\\/#respond\"]}]},{\"@type\":\"WebPage\",\"@id\":\"https:\\\/\\\/cvinoticias.com\\\/v3\\\/seleccionaran-50-bandas-de-todo-el-pais-para-participar-del-festival-ciudad-emergente\\\/\",\"url\":\"https:\\\/\\\/cvinoticias.com\\\/v3\\\/seleccionaran-50-bandas-de-todo-el-pais-para-participar-del-festival-ciudad-emergente\\\/\",\"name\":\"Seleccionar\u00e1n 50 bandas de todo el pa\u00eds para participar del festival \\\"Ciudad Emergente\\\" | CVI NOTICIAS\",\"isPartOf\":{\"@id\":\"https:\\\/\\\/cvinoticias.com\\\/v3\\\/#website\"},\"primaryImageOfPage\":{\"@id\":\"https:\\\/\\\/cvinoticias.com\\\/v3\\\/seleccionaran-50-bandas-de-todo-el-pais-para-participar-del-festival-ciudad-emergente\\\/#primaryimage\"},\"image\":{\"@id\":\"https:\\\/\\\/cvinoticias.com\\\/v3\\\/seleccionaran-50-bandas-de-todo-el-pais-para-participar-del-festival-ciudad-emergente\\\/#primaryimage\"},\"thumbnailUrl\":\"https:\\\/\\\/cvinoticias.com\\\/wp-content\\\/uploads\\\/2022\\\/07\\\/IMG-20220715-WA0197.jpg\",\"datePublished\":\"2022-07-15T19:57:58+00:00\",\"dateModified\":\"2022-07-15T20:00:41+00:00\",\"breadcrumb\":{\"@id\":\"https:\\\/\\\/cvinoticias.com\\\/v3\\\/seleccionaran-50-bandas-de-todo-el-pais-para-participar-del-festival-ciudad-emergente\\\/#breadcrumb\"},\"inLanguage\":\"es\",\"potentialAction\":[{\"@type\":\"ReadAction\",\"target\":[\"https:\\\/\\\/cvinoticias.com\\\/v3\\\/seleccionaran-50-bandas-de-todo-el-pais-para-participar-del-festival-ciudad-emergente\\\/\"]}]},{\"@type\":\"ImageObject\",\"inLanguage\":\"es\",\"@id\":\"https:\\\/\\\/cvinoticias.com\\\/v3\\\/seleccionaran-50-bandas-de-todo-el-pais-para-participar-del-festival-ciudad-emergente\\\/#primaryimage\",\"url\":\"https:\\\/\\\/cvinoticias.com\\\/wp-content\\\/uploads\\\/2022\\\/07\\\/IMG-20220715-WA0197.jpg\",\"contentUrl\":\"https:\\\/\\\/cvinoticias.com\\\/wp-content\\\/uploads\\\/2022\\\/07\\\/IMG-20220715-WA0197.jpg\",\"width\":1280,\"height\":853},{\"@type\":\"BreadcrumbList\",\"@id\":\"https:\\\/\\\/cvinoticias.com\\\/v3\\\/seleccionaran-50-bandas-de-todo-el-pais-para-participar-del-festival-ciudad-emergente\\\/#breadcrumb\",\"itemListElement\":[{\"@type\":\"ListItem\",\"position\":1,\"name\":\"Portada\",\"item\":\"https:\\\/\\\/cvinoticias.com\\\/v3\\\/\"},{\"@type\":\"ListItem\",\"position\":2,\"name\":\"Seleccionar\u00e1n 50 bandas de todo el pa\u00eds para participar del festival \u00abCiudad Emergente\u00bb\"}]},{\"@type\":\"WebSite\",\"@id\":\"https:\\\/\\\/cvinoticias.com\\\/v3\\\/#website\",\"url\":\"https:\\\/\\\/cvinoticias.com\\\/v3\\\/\",\"name\":\"CVI NOTICIAS\",\"description\":\"\",\"publisher\":{\"@id\":\"https:\\\/\\\/cvinoticias.com\\\/v3\\\/#organization\"},\"alternateName\":\"CVI\",\"potentialAction\":[{\"@type\":\"SearchAction\",\"target\":{\"@type\":\"EntryPoint\",\"urlTemplate\":\"https:\\\/\\\/cvinoticias.com\\\/v3\\\/?s={search_term_string}\"},\"query-input\":{\"@type\":\"PropertyValueSpecification\",\"valueRequired\":true,\"valueName\":\"search_term_string\"}}],\"inLanguage\":\"es\"},{\"@type\":\"Organization\",\"@id\":\"https:\\\/\\\/cvinoticias.com\\\/v3\\\/#organization\",\"name\":\"CVI NOTICIAS\",\"url\":\"https:\\\/\\\/cvinoticias.com\\\/v3\\\/\",\"logo\":{\"@type\":\"ImageObject\",\"inLanguage\":\"es\",\"@id\":\"https:\\\/\\\/cvinoticias.com\\\/v3\\\/#\\\/schema\\\/logo\\\/image\\\/\",\"url\":\"https:\\\/\\\/cvinoticias.com\\\/wp-content\\\/uploads\\\/2023\\\/04\\\/cropped-cropped-cropped-cropped-cropped-3-1.png\",\"contentUrl\":\"https:\\\/\\\/cvinoticias.com\\\/wp-content\\\/uploads\\\/2023\\\/04\\\/cropped-cropped-cropped-cropped-cropped-3-1.png\",\"width\":95,\"height\":122,\"caption\":\"CVI NOTICIAS\"},\"image\":{\"@id\":\"https:\\\/\\\/cvinoticias.com\\\/v3\\\/#\\\/schema\\\/logo\\\/image\\\/\"},\"sameAs\":[\"https:\\\/\\\/www.facebook.com\\\/cvinoticias\",\"https:\\\/\\\/www.instagram.com\\\/cvinoticias\\\/\",\"https:\\\/\\\/www.youtube.com\\\/@CVINOTICIAS\"]},{\"@type\":\"Person\",\"@id\":\"https:\\\/\\\/cvinoticias.com\\\/v3\\\/#\\\/schema\\\/person\\\/2db77e3c6bc03c538495d7b2b8be9b66\",\"name\":\"f1000024\",\"image\":{\"@type\":\"ImageObject\",\"inLanguage\":\"es\",\"@id\":\"https:\\\/\\\/secure.gravatar.com\\\/avatar\\\/d4fe7459cfc51ff5129ce1a732bbef5928568b8092d412ef95611616376bbeed?s=96&d=mm&r=g\",\"url\":\"https:\\\/\\\/secure.gravatar.com\\\/avatar\\\/d4fe7459cfc51ff5129ce1a732bbef5928568b8092d412ef95611616376bbeed?s=96&d=mm&r=g\",\"contentUrl\":\"https:\\\/\\\/secure.gravatar.com\\\/avatar\\\/d4fe7459cfc51ff5129ce1a732bbef5928568b8092d412ef95611616376bbeed?s=96&d=mm&r=g\",\"caption\":\"f1000024\"},\"url\":\"https:\\\/\\\/cvinoticias.com\\\/v3\\\/author\\\/f1000024\\\/\"}]}<\/script>\n<!-- \/ Yoast SEO plugin. -->","yoast_head_json":{"title":"Seleccionar\u00e1n 50 bandas de todo el pa\u00eds para participar del festival \"Ciudad Emergente\" | CVI NOTICIAS","robots":{"index":"index","follow":"follow","max-snippet":"max-snippet:-1","max-image-preview":"max-image-preview:large","max-video-preview":"max-video-preview:-1"},"canonical":"https:\/\/cvinoticias.com\/v3\/seleccionaran-50-bandas-de-todo-el-pais-para-participar-del-festival-ciudad-emergente\/","og_locale":"es_ES","og_type":"article","og_title":"Seleccionar\u00e1n 50 bandas de todo el pa\u00eds para participar del festival \"Ciudad Emergente\" | CVI NOTICIAS","og_description":"Se trata de uno de los festivales culturales m\u00e1s importantes de la Ciudad de Buenos Aires; se realiza desde el 2008 y ya consagr\u00f3 a grandes artistas como Tan Bi\u00f3nica y Eruca Sativa. Por primera vez se lanza una convocatoria federal a todo el pa\u00eds; los artistas de Misiones que quieran participar tienen tiempo para [&hellip;]","og_url":"https:\/\/cvinoticias.com\/v3\/seleccionaran-50-bandas-de-todo-el-pais-para-participar-del-festival-ciudad-emergente\/","og_site_name":"CVI NOTICIAS","article_publisher":"https:\/\/www.facebook.com\/cvinoticias","article_published_time":"2022-07-15T19:57:58+00:00","article_modified_time":"2022-07-15T20:00:41+00:00","og_image":[{"width":1280,"height":853,"url":"https:\/\/cvinoticias.com\/wp-content\/uploads\/2022\/07\/IMG-20220715-WA0197.jpg","type":"image\/jpeg"}],"author":"f1000024","twitter_card":"summary_large_image","twitter_misc":{"Escrito por":"f1000024","Tiempo de lectura":"3 minutos"},"schema":{"@context":"https:\/\/schema.org","@graph":[{"@type":"Article","@id":"https:\/\/cvinoticias.com\/v3\/seleccionaran-50-bandas-de-todo-el-pais-para-participar-del-festival-ciudad-emergente\/#article","isPartOf":{"@id":"https:\/\/cvinoticias.com\/v3\/seleccionaran-50-bandas-de-todo-el-pais-para-participar-del-festival-ciudad-emergente\/"},"author":{"name":"f1000024","@id":"https:\/\/cvinoticias.com\/v3\/#\/schema\/person\/2db77e3c6bc03c538495d7b2b8be9b66"},"headline":"Seleccionar\u00e1n 50 bandas de todo el pa\u00eds para participar del festival \u00abCiudad Emergente\u00bb","datePublished":"2022-07-15T19:57:58+00:00","dateModified":"2022-07-15T20:00:41+00:00","mainEntityOfPage":{"@id":"https:\/\/cvinoticias.com\/v3\/seleccionaran-50-bandas-de-todo-el-pais-para-participar-del-festival-ciudad-emergente\/"},"wordCount":633,"commentCount":0,"publisher":{"@id":"https:\/\/cvinoticias.com\/v3\/#organization"},"image":{"@id":"https:\/\/cvinoticias.com\/v3\/seleccionaran-50-bandas-de-todo-el-pais-para-participar-del-festival-ciudad-emergente\/#primaryimage"},"thumbnailUrl":"https:\/\/cvinoticias.com\/wp-content\/uploads\/2022\/07\/IMG-20220715-WA0197.jpg","articleSection":["Espect\u00e1culos","Nacionales"],"inLanguage":"es","potentialAction":[{"@type":"CommentAction","name":"Comment","target":["https:\/\/cvinoticias.com\/v3\/seleccionaran-50-bandas-de-todo-el-pais-para-participar-del-festival-ciudad-emergente\/#respond"]}]},{"@type":"WebPage","@id":"https:\/\/cvinoticias.com\/v3\/seleccionaran-50-bandas-de-todo-el-pais-para-participar-del-festival-ciudad-emergente\/","url":"https:\/\/cvinoticias.com\/v3\/seleccionaran-50-bandas-de-todo-el-pais-para-participar-del-festival-ciudad-emergente\/","name":"Seleccionar\u00e1n 50 bandas de todo el pa\u00eds para participar del festival \"Ciudad Emergente\" | CVI NOTICIAS","isPartOf":{"@id":"https:\/\/cvinoticias.com\/v3\/#website"},"primaryImageOfPage":{"@id":"https:\/\/cvinoticias.com\/v3\/seleccionaran-50-bandas-de-todo-el-pais-para-participar-del-festival-ciudad-emergente\/#primaryimage"},"image":{"@id":"https:\/\/cvinoticias.com\/v3\/seleccionaran-50-bandas-de-todo-el-pais-para-participar-del-festival-ciudad-emergente\/#primaryimage"},"thumbnailUrl":"https:\/\/cvinoticias.com\/wp-content\/uploads\/2022\/07\/IMG-20220715-WA0197.jpg","datePublished":"2022-07-15T19:57:58+00:00","dateModified":"2022-07-15T20:00:41+00:00","breadcrumb":{"@id":"https:\/\/cvinoticias.com\/v3\/seleccionaran-50-bandas-de-todo-el-pais-para-participar-del-festival-ciudad-emergente\/#breadcrumb"},"inLanguage":"es","potentialAction":[{"@type":"ReadAction","target":["https:\/\/cvinoticias.com\/v3\/seleccionaran-50-bandas-de-todo-el-pais-para-participar-del-festival-ciudad-emergente\/"]}]},{"@type":"ImageObject","inLanguage":"es","@id":"https:\/\/cvinoticias.com\/v3\/seleccionaran-50-bandas-de-todo-el-pais-para-participar-del-festival-ciudad-emergente\/#primaryimage","url":"https:\/\/cvinoticias.com\/wp-content\/uploads\/2022\/07\/IMG-20220715-WA0197.jpg","contentUrl":"https:\/\/cvinoticias.com\/wp-content\/uploads\/2022\/07\/IMG-20220715-WA0197.jpg","width":1280,"height":853},{"@type":"BreadcrumbList","@id":"https:\/\/cvinoticias.com\/v3\/seleccionaran-50-bandas-de-todo-el-pais-para-participar-del-festival-ciudad-emergente\/#breadcrumb","itemListElement":[{"@type":"ListItem","position":1,"name":"Portada","item":"https:\/\/cvinoticias.com\/v3\/"},{"@type":"ListItem","position":2,"name":"Seleccionar\u00e1n 50 bandas de todo el pa\u00eds para participar del festival \u00abCiudad Emergente\u00bb"}]},{"@type":"WebSite","@id":"https:\/\/cvinoticias.com\/v3\/#website","url":"https:\/\/cvinoticias.com\/v3\/","name":"CVI NOTICIAS","description":"","publisher":{"@id":"https:\/\/cvinoticias.com\/v3\/#organization"},"alternateName":"CVI","potentialAction":[{"@type":"SearchAction","target":{"@type":"EntryPoint","urlTemplate":"https:\/\/cvinoticias.com\/v3\/?s={search_term_string}"},"query-input":{"@type":"PropertyValueSpecification","valueRequired":true,"valueName":"search_term_string"}}],"inLanguage":"es"},{"@type":"Organization","@id":"https:\/\/cvinoticias.com\/v3\/#organization","name":"CVI NOTICIAS","url":"https:\/\/cvinoticias.com\/v3\/","logo":{"@type":"ImageObject","inLanguage":"es","@id":"https:\/\/cvinoticias.com\/v3\/#\/schema\/logo\/image\/","url":"https:\/\/cvinoticias.com\/wp-content\/uploads\/2023\/04\/cropped-cropped-cropped-cropped-cropped-3-1.png","contentUrl":"https:\/\/cvinoticias.com\/wp-content\/uploads\/2023\/04\/cropped-cropped-cropped-cropped-cropped-3-1.png","width":95,"height":122,"caption":"CVI NOTICIAS"},"image":{"@id":"https:\/\/cvinoticias.com\/v3\/#\/schema\/logo\/image\/"},"sameAs":["https:\/\/www.facebook.com\/cvinoticias","https:\/\/www.instagram.com\/cvinoticias\/","https:\/\/www.youtube.com\/@CVINOTICIAS"]},{"@type":"Person","@id":"https:\/\/cvinoticias.com\/v3\/#\/schema\/person\/2db77e3c6bc03c538495d7b2b8be9b66","name":"f1000024","image":{"@type":"ImageObject","inLanguage":"es","@id":"https:\/\/secure.gravatar.com\/avatar\/d4fe7459cfc51ff5129ce1a732bbef5928568b8092d412ef95611616376bbeed?s=96&d=mm&r=g","url":"https:\/\/secure.gravatar.com\/avatar\/d4fe7459cfc51ff5129ce1a732bbef5928568b8092d412ef95611616376bbeed?s=96&d=mm&r=g","contentUrl":"https:\/\/secure.gravatar.com\/avatar\/d4fe7459cfc51ff5129ce1a732bbef5928568b8092d412ef95611616376bbeed?s=96&d=mm&r=g","caption":"f1000024"},"url":"https:\/\/cvinoticias.com\/v3\/author\/f1000024\/"}]}},"_links":{"self":[{"href":"https:\/\/cvinoticias.com\/v3\/wp-json\/wp\/v2\/posts\/17658","targetHints":{"allow":["GET"]}}],"collection":[{"href":"https:\/\/cvinoticias.com\/v3\/wp-json\/wp\/v2\/posts"}],"about":[{"href":"https:\/\/cvinoticias.com\/v3\/wp-json\/wp\/v2\/types\/post"}],"author":[{"embeddable":true,"href":"https:\/\/cvinoticias.com\/v3\/wp-json\/wp\/v2\/users\/2"}],"replies":[{"embeddable":true,"href":"https:\/\/cvinoticias.com\/v3\/wp-json\/wp\/v2\/comments?post=17658"}],"version-history":[{"count":2,"href":"https:\/\/cvinoticias.com\/v3\/wp-json\/wp\/v2\/posts\/17658\/revisions"}],"predecessor-version":[{"id":17664,"href":"https:\/\/cvinoticias.com\/v3\/wp-json\/wp\/v2\/posts\/17658\/revisions\/17664"}],"wp:featuredmedia":[{"embeddable":true,"href":"https:\/\/cvinoticias.com\/v3\/wp-json\/wp\/v2\/media\/17661"}],"wp:attachment":[{"href":"https:\/\/cvinoticias.com\/v3\/wp-json\/wp\/v2\/media?parent=17658"}],"wp:term":[{"taxonomy":"category","embeddable":true,"href":"https:\/\/cvinoticias.com\/v3\/wp-json\/wp\/v2\/categories?post=17658"},{"taxonomy":"post_tag","embeddable":true,"href":"https:\/\/cvinoticias.com\/v3\/wp-json\/wp\/v2\/tags?post=17658"}],"curies":[{"name":"wp","href":"https:\/\/api.w.org\/{rel}","templated":true}]}}