{"id":17655,"date":"2022-07-15T13:09:39","date_gmt":"2022-07-15T13:09:39","guid":{"rendered":"https:\/\/cvinoticias.com\/v3\/?p=17655"},"modified":"2022-07-15T13:09:39","modified_gmt":"2022-07-15T13:09:39","slug":"duro-comunicado-de-las-aerolineas","status":"publish","type":"post","link":"https:\/\/cvinoticias.com\/v3\/duro-comunicado-de-las-aerolineas\/","title":{"rendered":"Duro comunicado de las aerol\u00edneas"},"content":{"rendered":"\n<p><strong><em>La C\u00e1mara de Compa\u00f1\u00edas A\u00e9reas en Argentina (Jurca) manifest\u00f3 su \u201cdesconcierto y preocupaci\u00f3n\u201d por la Resoluci\u00f3n General de Afip emitida en las \u00faltimas horas, en la cual se dispuso un aumento del 10 % del \u201cd\u00f3lar turista\u201d.<\/em><\/strong><\/p>\n\n\n\n<p>\u201cLa aplicaci\u00f3n del impuesto Pais y la percepci\u00f3n del 35 % a inicios del 2020 resultaron en una ca\u00edda en la demanda local, no solo de pasajeros sino del movimiento de cargas tambi\u00e9n. Consideramos que este incremento al 45 % en la percepci\u00f3n se contrapone al incentivo del turismo y su consiguiente ingreso de divisas para el pa\u00eds\u201d, dijeron en el comunicado.<\/p>\n\n\n\n<p>\u201cComo expresamos en otras ocasiones, vemos con preocupaci\u00f3n este tipo de restricciones a la operaci\u00f3n aerocomercial y tur\u00edstica, que perjudican profundamente el desarrollo, inversi\u00f3n y continuidad de las compa\u00f1\u00edas que generan empleo en nuestro pa\u00eds\u201d, aseguraron desde la C\u00e1mara.<\/p>\n\n\n\n<p>En el comunicado, la C\u00e1mara representante de las l\u00edneas a\u00e9reas que operan en el pa\u00eds, remarcaron que la \u201cserie de impuestos sobre el valor de la tarifa \u2014de los pasajes a\u00e9reos\u2014 como el 30 % del impuesto Pais y ahora la actualizaci\u00f3n del 45 % de percepci\u00f3n m\u00e1s 7 % de DNT (impuesto de turismo)\u201d obligan a los pasajeros a abonar impuestos por un 82 % adicional sobre la tarifa base, \u201cdesalentando la demanda\u201d.<\/p>\n","protected":false},"excerpt":{"rendered":"<p>La C\u00e1mara de Compa\u00f1\u00edas A\u00e9reas en Argentina (Jurca) manifest\u00f3 su \u201cdesconcierto y preocupaci\u00f3n\u201d por la Resoluci\u00f3n General de Afip emitida en las \u00faltimas horas, en la cual se dispuso un aumento del 10 % del \u201cd\u00f3lar turista\u201d. \u201cLa aplicaci\u00f3n del impuesto Pais y la percepci\u00f3n del 35 % a inicios del 2020 resultaron en una [&hellip;]<\/p>\n","protected":false},"author":2,"featured_media":17656,"comment_status":"open","ping_status":"open","sticky":false,"template":"","format":"standard","meta":{"footnotes":""},"categories":[32,50],"tags":[],"class_list":["post-17655","post","type-post","status-publish","format-standard","has-post-thumbnail","hentry","category-economia","category-turismo"],"yoast_head":"<!-- This site is optimized with the Yoast SEO plugin v27.5 - https:\/\/yoast.com\/product\/yoast-seo-wordpress\/ -->\n<title>Duro comunicado de las aerol\u00edneas | CVI NOTICIAS<\/title>\n<meta name=\"robots\" content=\"index, follow, max-snippet:-1, max-image-preview:large, max-video-preview:-1\" \/>\n<link rel=\"canonical\" href=\"https:\/\/cvinoticias.com\/v3\/duro-comunicado-de-las-aerolineas\/\" \/>\n<meta property=\"og:locale\" content=\"es_ES\" \/>\n<meta property=\"og:type\" content=\"article\" \/>\n<meta property=\"og:title\" content=\"Duro comunicado de las aerol\u00edneas | CVI NOTICIAS\" \/>\n<meta property=\"og:description\" content=\"La C\u00e1mara de Compa\u00f1\u00edas A\u00e9reas en Argentina (Jurca) manifest\u00f3 su \u201cdesconcierto y preocupaci\u00f3n\u201d por la Resoluci\u00f3n General de Afip emitida en las \u00faltimas horas, en la cual se dispuso un aumento del 10 % del \u201cd\u00f3lar turista\u201d. \u201cLa aplicaci\u00f3n del impuesto Pais y la percepci\u00f3n del 35 % a inicios del 2020 resultaron en una [&hellip;]\" \/>\n<meta property=\"og:url\" content=\"https:\/\/cvinoticias.com\/v3\/duro-comunicado-de-las-aerolineas\/\" \/>\n<meta property=\"og:site_name\" content=\"CVI NOTICIAS\" \/>\n<meta property=\"article:publisher\" content=\"https:\/\/www.facebook.com\/cvinoticias\" \/>\n<meta property=\"article:published_time\" content=\"2022-07-15T13:09:39+00:00\" \/>\n<meta property=\"og:image\" content=\"https:\/\/cvinoticias.com\/wp-content\/uploads\/2022\/07\/segun-el-comunicado-oficial-cuatro-servicios-internacionales-no-pudieron-partir-y-se-dieron-baja-afectando-cerca-2000-pasajeros.jpg\" \/>\n\t<meta property=\"og:image:width\" content=\"1200\" \/>\n\t<meta property=\"og:image:height\" content=\"1200\" \/>\n\t<meta property=\"og:image:type\" content=\"image\/jpeg\" \/>\n<meta name=\"author\" content=\"f1000024\" \/>\n<meta name=\"twitter:card\" content=\"summary_large_image\" \/>\n<meta name=\"twitter:label1\" content=\"Escrito por\" \/>\n\t<meta name=\"twitter:data1\" content=\"f1000024\" \/>\n\t<meta name=\"twitter:label2\" content=\"Tiempo de lectura\" \/>\n\t<meta name=\"twitter:data2\" content=\"1 minuto\" \/>\n<script type=\"application\/ld+json\" class=\"yoast-schema-graph\">{\"@context\":\"https:\\\/\\\/schema.org\",\"@graph\":[{\"@type\":\"Article\",\"@id\":\"https:\\\/\\\/cvinoticias.com\\\/v3\\\/duro-comunicado-de-las-aerolineas\\\/#article\",\"isPartOf\":{\"@id\":\"https:\\\/\\\/cvinoticias.com\\\/v3\\\/duro-comunicado-de-las-aerolineas\\\/\"},\"author\":{\"name\":\"f1000024\",\"@id\":\"https:\\\/\\\/cvinoticias.com\\\/v3\\\/#\\\/schema\\\/person\\\/2db77e3c6bc03c538495d7b2b8be9b66\"},\"headline\":\"Duro comunicado de las aerol\u00edneas\",\"datePublished\":\"2022-07-15T13:09:39+00:00\",\"mainEntityOfPage\":{\"@id\":\"https:\\\/\\\/cvinoticias.com\\\/v3\\\/duro-comunicado-de-las-aerolineas\\\/\"},\"wordCount\":230,\"commentCount\":0,\"publisher\":{\"@id\":\"https:\\\/\\\/cvinoticias.com\\\/v3\\\/#organization\"},\"image\":{\"@id\":\"https:\\\/\\\/cvinoticias.com\\\/v3\\\/duro-comunicado-de-las-aerolineas\\\/#primaryimage\"},\"thumbnailUrl\":\"https:\\\/\\\/cvinoticias.com\\\/wp-content\\\/uploads\\\/2022\\\/07\\\/segun-el-comunicado-oficial-cuatro-servicios-internacionales-no-pudieron-partir-y-se-dieron-baja-afectando-cerca-2000-pasajeros.jpg\",\"articleSection\":[\"Econom\u00eda\",\"Turismo\"],\"inLanguage\":\"es\",\"potentialAction\":[{\"@type\":\"CommentAction\",\"name\":\"Comment\",\"target\":[\"https:\\\/\\\/cvinoticias.com\\\/v3\\\/duro-comunicado-de-las-aerolineas\\\/#respond\"]}]},{\"@type\":\"WebPage\",\"@id\":\"https:\\\/\\\/cvinoticias.com\\\/v3\\\/duro-comunicado-de-las-aerolineas\\\/\",\"url\":\"https:\\\/\\\/cvinoticias.com\\\/v3\\\/duro-comunicado-de-las-aerolineas\\\/\",\"name\":\"Duro comunicado de las aerol\u00edneas | CVI NOTICIAS\",\"isPartOf\":{\"@id\":\"https:\\\/\\\/cvinoticias.com\\\/v3\\\/#website\"},\"primaryImageOfPage\":{\"@id\":\"https:\\\/\\\/cvinoticias.com\\\/v3\\\/duro-comunicado-de-las-aerolineas\\\/#primaryimage\"},\"image\":{\"@id\":\"https:\\\/\\\/cvinoticias.com\\\/v3\\\/duro-comunicado-de-las-aerolineas\\\/#primaryimage\"},\"thumbnailUrl\":\"https:\\\/\\\/cvinoticias.com\\\/wp-content\\\/uploads\\\/2022\\\/07\\\/segun-el-comunicado-oficial-cuatro-servicios-internacionales-no-pudieron-partir-y-se-dieron-baja-afectando-cerca-2000-pasajeros.jpg\",\"datePublished\":\"2022-07-15T13:09:39+00:00\",\"breadcrumb\":{\"@id\":\"https:\\\/\\\/cvinoticias.com\\\/v3\\\/duro-comunicado-de-las-aerolineas\\\/#breadcrumb\"},\"inLanguage\":\"es\",\"potentialAction\":[{\"@type\":\"ReadAction\",\"target\":[\"https:\\\/\\\/cvinoticias.com\\\/v3\\\/duro-comunicado-de-las-aerolineas\\\/\"]}]},{\"@type\":\"ImageObject\",\"inLanguage\":\"es\",\"@id\":\"https:\\\/\\\/cvinoticias.com\\\/v3\\\/duro-comunicado-de-las-aerolineas\\\/#primaryimage\",\"url\":\"https:\\\/\\\/cvinoticias.com\\\/wp-content\\\/uploads\\\/2022\\\/07\\\/segun-el-comunicado-oficial-cuatro-servicios-internacionales-no-pudieron-partir-y-se-dieron-baja-afectando-cerca-2000-pasajeros.jpg\",\"contentUrl\":\"https:\\\/\\\/cvinoticias.com\\\/wp-content\\\/uploads\\\/2022\\\/07\\\/segun-el-comunicado-oficial-cuatro-servicios-internacionales-no-pudieron-partir-y-se-dieron-baja-afectando-cerca-2000-pasajeros.jpg\",\"width\":1200,\"height\":1200},{\"@type\":\"BreadcrumbList\",\"@id\":\"https:\\\/\\\/cvinoticias.com\\\/v3\\\/duro-comunicado-de-las-aerolineas\\\/#breadcrumb\",\"itemListElement\":[{\"@type\":\"ListItem\",\"position\":1,\"name\":\"Portada\",\"item\":\"https:\\\/\\\/cvinoticias.com\\\/v3\\\/\"},{\"@type\":\"ListItem\",\"position\":2,\"name\":\"Duro comunicado de las aerol\u00edneas\"}]},{\"@type\":\"WebSite\",\"@id\":\"https:\\\/\\\/cvinoticias.com\\\/v3\\\/#website\",\"url\":\"https:\\\/\\\/cvinoticias.com\\\/v3\\\/\",\"name\":\"CVI NOTICIAS\",\"description\":\"\",\"publisher\":{\"@id\":\"https:\\\/\\\/cvinoticias.com\\\/v3\\\/#organization\"},\"alternateName\":\"CVI\",\"potentialAction\":[{\"@type\":\"SearchAction\",\"target\":{\"@type\":\"EntryPoint\",\"urlTemplate\":\"https:\\\/\\\/cvinoticias.com\\\/v3\\\/?s={search_term_string}\"},\"query-input\":{\"@type\":\"PropertyValueSpecification\",\"valueRequired\":true,\"valueName\":\"search_term_string\"}}],\"inLanguage\":\"es\"},{\"@type\":\"Organization\",\"@id\":\"https:\\\/\\\/cvinoticias.com\\\/v3\\\/#organization\",\"name\":\"CVI NOTICIAS\",\"url\":\"https:\\\/\\\/cvinoticias.com\\\/v3\\\/\",\"logo\":{\"@type\":\"ImageObject\",\"inLanguage\":\"es\",\"@id\":\"https:\\\/\\\/cvinoticias.com\\\/v3\\\/#\\\/schema\\\/logo\\\/image\\\/\",\"url\":\"https:\\\/\\\/cvinoticias.com\\\/wp-content\\\/uploads\\\/2023\\\/04\\\/cropped-cropped-cropped-cropped-cropped-3-1.png\",\"contentUrl\":\"https:\\\/\\\/cvinoticias.com\\\/wp-content\\\/uploads\\\/2023\\\/04\\\/cropped-cropped-cropped-cropped-cropped-3-1.png\",\"width\":95,\"height\":122,\"caption\":\"CVI NOTICIAS\"},\"image\":{\"@id\":\"https:\\\/\\\/cvinoticias.com\\\/v3\\\/#\\\/schema\\\/logo\\\/image\\\/\"},\"sameAs\":[\"https:\\\/\\\/www.facebook.com\\\/cvinoticias\",\"https:\\\/\\\/www.instagram.com\\\/cvinoticias\\\/\",\"https:\\\/\\\/www.youtube.com\\\/@CVINOTICIAS\"]},{\"@type\":\"Person\",\"@id\":\"https:\\\/\\\/cvinoticias.com\\\/v3\\\/#\\\/schema\\\/person\\\/2db77e3c6bc03c538495d7b2b8be9b66\",\"name\":\"f1000024\",\"image\":{\"@type\":\"ImageObject\",\"inLanguage\":\"es\",\"@id\":\"https:\\\/\\\/secure.gravatar.com\\\/avatar\\\/d4fe7459cfc51ff5129ce1a732bbef5928568b8092d412ef95611616376bbeed?s=96&d=mm&r=g\",\"url\":\"https:\\\/\\\/secure.gravatar.com\\\/avatar\\\/d4fe7459cfc51ff5129ce1a732bbef5928568b8092d412ef95611616376bbeed?s=96&d=mm&r=g\",\"contentUrl\":\"https:\\\/\\\/secure.gravatar.com\\\/avatar\\\/d4fe7459cfc51ff5129ce1a732bbef5928568b8092d412ef95611616376bbeed?s=96&d=mm&r=g\",\"caption\":\"f1000024\"},\"url\":\"https:\\\/\\\/cvinoticias.com\\\/v3\\\/author\\\/f1000024\\\/\"}]}<\/script>\n<!-- \/ Yoast SEO plugin. -->","yoast_head_json":{"title":"Duro comunicado de las aerol\u00edneas | CVI NOTICIAS","robots":{"index":"index","follow":"follow","max-snippet":"max-snippet:-1","max-image-preview":"max-image-preview:large","max-video-preview":"max-video-preview:-1"},"canonical":"https:\/\/cvinoticias.com\/v3\/duro-comunicado-de-las-aerolineas\/","og_locale":"es_ES","og_type":"article","og_title":"Duro comunicado de las aerol\u00edneas | CVI NOTICIAS","og_description":"La C\u00e1mara de Compa\u00f1\u00edas A\u00e9reas en Argentina (Jurca) manifest\u00f3 su \u201cdesconcierto y preocupaci\u00f3n\u201d por la Resoluci\u00f3n General de Afip emitida en las \u00faltimas horas, en la cual se dispuso un aumento del 10 % del \u201cd\u00f3lar turista\u201d. \u201cLa aplicaci\u00f3n del impuesto Pais y la percepci\u00f3n del 35 % a inicios del 2020 resultaron en una [&hellip;]","og_url":"https:\/\/cvinoticias.com\/v3\/duro-comunicado-de-las-aerolineas\/","og_site_name":"CVI NOTICIAS","article_publisher":"https:\/\/www.facebook.com\/cvinoticias","article_published_time":"2022-07-15T13:09:39+00:00","og_image":[{"width":1200,"height":1200,"url":"https:\/\/cvinoticias.com\/wp-content\/uploads\/2022\/07\/segun-el-comunicado-oficial-cuatro-servicios-internacionales-no-pudieron-partir-y-se-dieron-baja-afectando-cerca-2000-pasajeros.jpg","type":"image\/jpeg"}],"author":"f1000024","twitter_card":"summary_large_image","twitter_misc":{"Escrito por":"f1000024","Tiempo de lectura":"1 minuto"},"schema":{"@context":"https:\/\/schema.org","@graph":[{"@type":"Article","@id":"https:\/\/cvinoticias.com\/v3\/duro-comunicado-de-las-aerolineas\/#article","isPartOf":{"@id":"https:\/\/cvinoticias.com\/v3\/duro-comunicado-de-las-aerolineas\/"},"author":{"name":"f1000024","@id":"https:\/\/cvinoticias.com\/v3\/#\/schema\/person\/2db77e3c6bc03c538495d7b2b8be9b66"},"headline":"Duro comunicado de las aerol\u00edneas","datePublished":"2022-07-15T13:09:39+00:00","mainEntityOfPage":{"@id":"https:\/\/cvinoticias.com\/v3\/duro-comunicado-de-las-aerolineas\/"},"wordCount":230,"commentCount":0,"publisher":{"@id":"https:\/\/cvinoticias.com\/v3\/#organization"},"image":{"@id":"https:\/\/cvinoticias.com\/v3\/duro-comunicado-de-las-aerolineas\/#primaryimage"},"thumbnailUrl":"https:\/\/cvinoticias.com\/wp-content\/uploads\/2022\/07\/segun-el-comunicado-oficial-cuatro-servicios-internacionales-no-pudieron-partir-y-se-dieron-baja-afectando-cerca-2000-pasajeros.jpg","articleSection":["Econom\u00eda","Turismo"],"inLanguage":"es","potentialAction":[{"@type":"CommentAction","name":"Comment","target":["https:\/\/cvinoticias.com\/v3\/duro-comunicado-de-las-aerolineas\/#respond"]}]},{"@type":"WebPage","@id":"https:\/\/cvinoticias.com\/v3\/duro-comunicado-de-las-aerolineas\/","url":"https:\/\/cvinoticias.com\/v3\/duro-comunicado-de-las-aerolineas\/","name":"Duro comunicado de las aerol\u00edneas | CVI NOTICIAS","isPartOf":{"@id":"https:\/\/cvinoticias.com\/v3\/#website"},"primaryImageOfPage":{"@id":"https:\/\/cvinoticias.com\/v3\/duro-comunicado-de-las-aerolineas\/#primaryimage"},"image":{"@id":"https:\/\/cvinoticias.com\/v3\/duro-comunicado-de-las-aerolineas\/#primaryimage"},"thumbnailUrl":"https:\/\/cvinoticias.com\/wp-content\/uploads\/2022\/07\/segun-el-comunicado-oficial-cuatro-servicios-internacionales-no-pudieron-partir-y-se-dieron-baja-afectando-cerca-2000-pasajeros.jpg","datePublished":"2022-07-15T13:09:39+00:00","breadcrumb":{"@id":"https:\/\/cvinoticias.com\/v3\/duro-comunicado-de-las-aerolineas\/#breadcrumb"},"inLanguage":"es","potentialAction":[{"@type":"ReadAction","target":["https:\/\/cvinoticias.com\/v3\/duro-comunicado-de-las-aerolineas\/"]}]},{"@type":"ImageObject","inLanguage":"es","@id":"https:\/\/cvinoticias.com\/v3\/duro-comunicado-de-las-aerolineas\/#primaryimage","url":"https:\/\/cvinoticias.com\/wp-content\/uploads\/2022\/07\/segun-el-comunicado-oficial-cuatro-servicios-internacionales-no-pudieron-partir-y-se-dieron-baja-afectando-cerca-2000-pasajeros.jpg","contentUrl":"https:\/\/cvinoticias.com\/wp-content\/uploads\/2022\/07\/segun-el-comunicado-oficial-cuatro-servicios-internacionales-no-pudieron-partir-y-se-dieron-baja-afectando-cerca-2000-pasajeros.jpg","width":1200,"height":1200},{"@type":"BreadcrumbList","@id":"https:\/\/cvinoticias.com\/v3\/duro-comunicado-de-las-aerolineas\/#breadcrumb","itemListElement":[{"@type":"ListItem","position":1,"name":"Portada","item":"https:\/\/cvinoticias.com\/v3\/"},{"@type":"ListItem","position":2,"name":"Duro comunicado de las aerol\u00edneas"}]},{"@type":"WebSite","@id":"https:\/\/cvinoticias.com\/v3\/#website","url":"https:\/\/cvinoticias.com\/v3\/","name":"CVI NOTICIAS","description":"","publisher":{"@id":"https:\/\/cvinoticias.com\/v3\/#organization"},"alternateName":"CVI","potentialAction":[{"@type":"SearchAction","target":{"@type":"EntryPoint","urlTemplate":"https:\/\/cvinoticias.com\/v3\/?s={search_term_string}"},"query-input":{"@type":"PropertyValueSpecification","valueRequired":true,"valueName":"search_term_string"}}],"inLanguage":"es"},{"@type":"Organization","@id":"https:\/\/cvinoticias.com\/v3\/#organization","name":"CVI NOTICIAS","url":"https:\/\/cvinoticias.com\/v3\/","logo":{"@type":"ImageObject","inLanguage":"es","@id":"https:\/\/cvinoticias.com\/v3\/#\/schema\/logo\/image\/","url":"https:\/\/cvinoticias.com\/wp-content\/uploads\/2023\/04\/cropped-cropped-cropped-cropped-cropped-3-1.png","contentUrl":"https:\/\/cvinoticias.com\/wp-content\/uploads\/2023\/04\/cropped-cropped-cropped-cropped-cropped-3-1.png","width":95,"height":122,"caption":"CVI NOTICIAS"},"image":{"@id":"https:\/\/cvinoticias.com\/v3\/#\/schema\/logo\/image\/"},"sameAs":["https:\/\/www.facebook.com\/cvinoticias","https:\/\/www.instagram.com\/cvinoticias\/","https:\/\/www.youtube.com\/@CVINOTICIAS"]},{"@type":"Person","@id":"https:\/\/cvinoticias.com\/v3\/#\/schema\/person\/2db77e3c6bc03c538495d7b2b8be9b66","name":"f1000024","image":{"@type":"ImageObject","inLanguage":"es","@id":"https:\/\/secure.gravatar.com\/avatar\/d4fe7459cfc51ff5129ce1a732bbef5928568b8092d412ef95611616376bbeed?s=96&d=mm&r=g","url":"https:\/\/secure.gravatar.com\/avatar\/d4fe7459cfc51ff5129ce1a732bbef5928568b8092d412ef95611616376bbeed?s=96&d=mm&r=g","contentUrl":"https:\/\/secure.gravatar.com\/avatar\/d4fe7459cfc51ff5129ce1a732bbef5928568b8092d412ef95611616376bbeed?s=96&d=mm&r=g","caption":"f1000024"},"url":"https:\/\/cvinoticias.com\/v3\/author\/f1000024\/"}]}},"_links":{"self":[{"href":"https:\/\/cvinoticias.com\/v3\/wp-json\/wp\/v2\/posts\/17655","targetHints":{"allow":["GET"]}}],"collection":[{"href":"https:\/\/cvinoticias.com\/v3\/wp-json\/wp\/v2\/posts"}],"about":[{"href":"https:\/\/cvinoticias.com\/v3\/wp-json\/wp\/v2\/types\/post"}],"author":[{"embeddable":true,"href":"https:\/\/cvinoticias.com\/v3\/wp-json\/wp\/v2\/users\/2"}],"replies":[{"embeddable":true,"href":"https:\/\/cvinoticias.com\/v3\/wp-json\/wp\/v2\/comments?post=17655"}],"version-history":[{"count":1,"href":"https:\/\/cvinoticias.com\/v3\/wp-json\/wp\/v2\/posts\/17655\/revisions"}],"predecessor-version":[{"id":17657,"href":"https:\/\/cvinoticias.com\/v3\/wp-json\/wp\/v2\/posts\/17655\/revisions\/17657"}],"wp:featuredmedia":[{"embeddable":true,"href":"https:\/\/cvinoticias.com\/v3\/wp-json\/wp\/v2\/media\/17656"}],"wp:attachment":[{"href":"https:\/\/cvinoticias.com\/v3\/wp-json\/wp\/v2\/media?parent=17655"}],"wp:term":[{"taxonomy":"category","embeddable":true,"href":"https:\/\/cvinoticias.com\/v3\/wp-json\/wp\/v2\/categories?post=17655"},{"taxonomy":"post_tag","embeddable":true,"href":"https:\/\/cvinoticias.com\/v3\/wp-json\/wp\/v2\/tags?post=17655"}],"curies":[{"name":"wp","href":"https:\/\/api.w.org\/{rel}","templated":true}]}}