{"id":17649,"date":"2022-07-15T08:11:39","date_gmt":"2022-07-15T08:11:39","guid":{"rendered":"https:\/\/cvinoticias.com\/v3\/?p=17649"},"modified":"2022-07-15T08:11:39","modified_gmt":"2022-07-15T08:11:39","slug":"una-importante-multinacional-pondra-a-prueba-la-semana-laboral-de-4-dias-en-argentina","status":"publish","type":"post","link":"https:\/\/cvinoticias.com\/v3\/una-importante-multinacional-pondra-a-prueba-la-semana-laboral-de-4-dias-en-argentina\/","title":{"rendered":"Una importante multinacional pondr\u00e1 a prueba la semana laboral de 4 d\u00edas en Argentina"},"content":{"rendered":"\n<p><strong><em>Una empresa japonesa implementar\u00e1 la jornada laboral de 4 d\u00edas y el m\u00e9todo durar\u00e1 dos meses, a modo de prueba.<\/em><\/strong><\/p>\n\n\n\n<p>La implementaci\u00f3n de la jornada laboral de cuatro d\u00edas es una medida analizada hace mucho tiempo por distintas empresas mundiales, y la misma ya se est\u00e1 llevando a cabo en algunos pa\u00edses.<\/p>\n\n\n\n<p>De este modo, se sum\u00f3 la multinacional japonesa Ricoh, quien anunci\u00f3 la aplicaci\u00f3n de un proyecto piloto de trabajo en Latinoam\u00e9rica.<\/p>\n\n\n\n<p>En este sentido, se ver\u00edan afectados favorablemente 200 empleados, y sus sueldos seguir\u00e1n siendo los mismos. La experiencia comenz\u00f3 el 1 de julio y durar\u00e1 dos meses, en catorce filiales de la regi\u00f3n.<\/p>\n\n\n\n<p>Asimismo, la compa\u00f1\u00eda se convierte en una de las primeras en esta regi\u00f3n en probar los beneficios de las jornadas reducidas de trabajo, al igual que otras multinacionales que obtuvieron resultados positivos en cuanto a productividad, innovaci\u00f3n y bienestar de los empleados, seg\u00fan un comunicado de la empresa.<\/p>\n\n\n\n<p>Adem\u00e1s, para asegurar mantener el alto nivel de servicios al cliente, el d\u00eda libre se rota por persona: para algunos ser\u00e1 el viernes y para otros el lunes.<\/p>\n\n\n\n<p>En ese marco, la vicepresidenta de Recursos Humanos de Ricoh Latinoam\u00e9rica, Lorna Hern\u00e1ndez, sostuvo que \u201ceste enfoque centrado en las personas impulsa la evoluci\u00f3n de varios aspectos de la empresa: espacios digitales y f\u00edsicos, procesos y cultura, para lograrlo es fundamental una estrecha colaboraci\u00f3n entre todos los departamentos del negocio\u201d.<\/p>\n","protected":false},"excerpt":{"rendered":"<p>Una empresa japonesa implementar\u00e1 la jornada laboral de 4 d\u00edas y el m\u00e9todo durar\u00e1 dos meses, a modo de prueba. La implementaci\u00f3n de la jornada laboral de cuatro d\u00edas es una medida analizada hace mucho tiempo por distintas empresas mundiales, y la misma ya se est\u00e1 llevando a cabo en algunos pa\u00edses. De este modo, [&hellip;]<\/p>\n","protected":false},"author":2,"featured_media":17650,"comment_status":"open","ping_status":"open","sticky":false,"template":"","format":"standard","meta":{"footnotes":""},"categories":[39],"tags":[],"class_list":["post-17649","post","type-post","status-publish","format-standard","has-post-thumbnail","hentry","category-nacionales"],"yoast_head":"<!-- This site is optimized with the Yoast SEO plugin v27.4 - https:\/\/yoast.com\/product\/yoast-seo-wordpress\/ -->\n<title>Una importante multinacional pondr\u00e1 a prueba la semana laboral de 4 d\u00edas en Argentina | CVI NOTICIAS<\/title>\n<meta name=\"robots\" content=\"index, follow, max-snippet:-1, max-image-preview:large, max-video-preview:-1\" \/>\n<link rel=\"canonical\" href=\"https:\/\/cvinoticias.com\/v3\/una-importante-multinacional-pondra-a-prueba-la-semana-laboral-de-4-dias-en-argentina\/\" \/>\n<meta property=\"og:locale\" content=\"es_ES\" \/>\n<meta property=\"og:type\" content=\"article\" \/>\n<meta property=\"og:title\" content=\"Una importante multinacional pondr\u00e1 a prueba la semana laboral de 4 d\u00edas en Argentina | CVI NOTICIAS\" \/>\n<meta property=\"og:description\" content=\"Una empresa japonesa implementar\u00e1 la jornada laboral de 4 d\u00edas y el m\u00e9todo durar\u00e1 dos meses, a modo de prueba. La implementaci\u00f3n de la jornada laboral de cuatro d\u00edas es una medida analizada hace mucho tiempo por distintas empresas mundiales, y la misma ya se est\u00e1 llevando a cabo en algunos pa\u00edses. De este modo, [&hellip;]\" \/>\n<meta property=\"og:url\" content=\"https:\/\/cvinoticias.com\/v3\/una-importante-multinacional-pondra-a-prueba-la-semana-laboral-de-4-dias-en-argentina\/\" \/>\n<meta property=\"og:site_name\" content=\"CVI NOTICIAS\" \/>\n<meta property=\"article:publisher\" content=\"https:\/\/www.facebook.com\/cvinoticias\" \/>\n<meta property=\"article:published_time\" content=\"2022-07-15T08:11:39+00:00\" \/>\n<meta property=\"og:image\" content=\"https:\/\/cvinoticias.com\/wp-content\/uploads\/2022\/07\/Screenshot_20220715-050930_Chrome.jpg\" \/>\n\t<meta property=\"og:image:width\" content=\"1079\" \/>\n\t<meta property=\"og:image:height\" content=\"581\" \/>\n\t<meta property=\"og:image:type\" content=\"image\/jpeg\" \/>\n<meta name=\"author\" content=\"f1000024\" \/>\n<meta name=\"twitter:card\" content=\"summary_large_image\" \/>\n<meta name=\"twitter:label1\" content=\"Escrito por\" \/>\n\t<meta name=\"twitter:data1\" content=\"f1000024\" \/>\n\t<meta name=\"twitter:label2\" content=\"Tiempo de lectura\" \/>\n\t<meta name=\"twitter:data2\" content=\"1 minuto\" \/>\n<script type=\"application\/ld+json\" class=\"yoast-schema-graph\">{\"@context\":\"https:\\\/\\\/schema.org\",\"@graph\":[{\"@type\":\"Article\",\"@id\":\"https:\\\/\\\/cvinoticias.com\\\/v3\\\/una-importante-multinacional-pondra-a-prueba-la-semana-laboral-de-4-dias-en-argentina\\\/#article\",\"isPartOf\":{\"@id\":\"https:\\\/\\\/cvinoticias.com\\\/v3\\\/una-importante-multinacional-pondra-a-prueba-la-semana-laboral-de-4-dias-en-argentina\\\/\"},\"author\":{\"name\":\"f1000024\",\"@id\":\"https:\\\/\\\/cvinoticias.com\\\/v3\\\/#\\\/schema\\\/person\\\/2db77e3c6bc03c538495d7b2b8be9b66\"},\"headline\":\"Una importante multinacional pondr\u00e1 a prueba la semana laboral de 4 d\u00edas en Argentina\",\"datePublished\":\"2022-07-15T08:11:39+00:00\",\"mainEntityOfPage\":{\"@id\":\"https:\\\/\\\/cvinoticias.com\\\/v3\\\/una-importante-multinacional-pondra-a-prueba-la-semana-laboral-de-4-dias-en-argentina\\\/\"},\"wordCount\":264,\"commentCount\":0,\"publisher\":{\"@id\":\"https:\\\/\\\/cvinoticias.com\\\/v3\\\/#organization\"},\"image\":{\"@id\":\"https:\\\/\\\/cvinoticias.com\\\/v3\\\/una-importante-multinacional-pondra-a-prueba-la-semana-laboral-de-4-dias-en-argentina\\\/#primaryimage\"},\"thumbnailUrl\":\"https:\\\/\\\/cvinoticias.com\\\/wp-content\\\/uploads\\\/2022\\\/07\\\/Screenshot_20220715-050930_Chrome.jpg\",\"articleSection\":[\"Nacionales\"],\"inLanguage\":\"es\",\"potentialAction\":[{\"@type\":\"CommentAction\",\"name\":\"Comment\",\"target\":[\"https:\\\/\\\/cvinoticias.com\\\/v3\\\/una-importante-multinacional-pondra-a-prueba-la-semana-laboral-de-4-dias-en-argentina\\\/#respond\"]}]},{\"@type\":\"WebPage\",\"@id\":\"https:\\\/\\\/cvinoticias.com\\\/v3\\\/una-importante-multinacional-pondra-a-prueba-la-semana-laboral-de-4-dias-en-argentina\\\/\",\"url\":\"https:\\\/\\\/cvinoticias.com\\\/v3\\\/una-importante-multinacional-pondra-a-prueba-la-semana-laboral-de-4-dias-en-argentina\\\/\",\"name\":\"Una importante multinacional pondr\u00e1 a prueba la semana laboral de 4 d\u00edas en Argentina | CVI NOTICIAS\",\"isPartOf\":{\"@id\":\"https:\\\/\\\/cvinoticias.com\\\/v3\\\/#website\"},\"primaryImageOfPage\":{\"@id\":\"https:\\\/\\\/cvinoticias.com\\\/v3\\\/una-importante-multinacional-pondra-a-prueba-la-semana-laboral-de-4-dias-en-argentina\\\/#primaryimage\"},\"image\":{\"@id\":\"https:\\\/\\\/cvinoticias.com\\\/v3\\\/una-importante-multinacional-pondra-a-prueba-la-semana-laboral-de-4-dias-en-argentina\\\/#primaryimage\"},\"thumbnailUrl\":\"https:\\\/\\\/cvinoticias.com\\\/wp-content\\\/uploads\\\/2022\\\/07\\\/Screenshot_20220715-050930_Chrome.jpg\",\"datePublished\":\"2022-07-15T08:11:39+00:00\",\"breadcrumb\":{\"@id\":\"https:\\\/\\\/cvinoticias.com\\\/v3\\\/una-importante-multinacional-pondra-a-prueba-la-semana-laboral-de-4-dias-en-argentina\\\/#breadcrumb\"},\"inLanguage\":\"es\",\"potentialAction\":[{\"@type\":\"ReadAction\",\"target\":[\"https:\\\/\\\/cvinoticias.com\\\/v3\\\/una-importante-multinacional-pondra-a-prueba-la-semana-laboral-de-4-dias-en-argentina\\\/\"]}]},{\"@type\":\"ImageObject\",\"inLanguage\":\"es\",\"@id\":\"https:\\\/\\\/cvinoticias.com\\\/v3\\\/una-importante-multinacional-pondra-a-prueba-la-semana-laboral-de-4-dias-en-argentina\\\/#primaryimage\",\"url\":\"https:\\\/\\\/cvinoticias.com\\\/wp-content\\\/uploads\\\/2022\\\/07\\\/Screenshot_20220715-050930_Chrome.jpg\",\"contentUrl\":\"https:\\\/\\\/cvinoticias.com\\\/wp-content\\\/uploads\\\/2022\\\/07\\\/Screenshot_20220715-050930_Chrome.jpg\",\"width\":1079,\"height\":581},{\"@type\":\"BreadcrumbList\",\"@id\":\"https:\\\/\\\/cvinoticias.com\\\/v3\\\/una-importante-multinacional-pondra-a-prueba-la-semana-laboral-de-4-dias-en-argentina\\\/#breadcrumb\",\"itemListElement\":[{\"@type\":\"ListItem\",\"position\":1,\"name\":\"Portada\",\"item\":\"https:\\\/\\\/cvinoticias.com\\\/v3\\\/\"},{\"@type\":\"ListItem\",\"position\":2,\"name\":\"Una importante multinacional pondr\u00e1 a prueba la semana laboral de 4 d\u00edas en Argentina\"}]},{\"@type\":\"WebSite\",\"@id\":\"https:\\\/\\\/cvinoticias.com\\\/v3\\\/#website\",\"url\":\"https:\\\/\\\/cvinoticias.com\\\/v3\\\/\",\"name\":\"CVI NOTICIAS\",\"description\":\"\",\"publisher\":{\"@id\":\"https:\\\/\\\/cvinoticias.com\\\/v3\\\/#organization\"},\"alternateName\":\"CVI\",\"potentialAction\":[{\"@type\":\"SearchAction\",\"target\":{\"@type\":\"EntryPoint\",\"urlTemplate\":\"https:\\\/\\\/cvinoticias.com\\\/v3\\\/?s={search_term_string}\"},\"query-input\":{\"@type\":\"PropertyValueSpecification\",\"valueRequired\":true,\"valueName\":\"search_term_string\"}}],\"inLanguage\":\"es\"},{\"@type\":\"Organization\",\"@id\":\"https:\\\/\\\/cvinoticias.com\\\/v3\\\/#organization\",\"name\":\"CVI NOTICIAS\",\"url\":\"https:\\\/\\\/cvinoticias.com\\\/v3\\\/\",\"logo\":{\"@type\":\"ImageObject\",\"inLanguage\":\"es\",\"@id\":\"https:\\\/\\\/cvinoticias.com\\\/v3\\\/#\\\/schema\\\/logo\\\/image\\\/\",\"url\":\"https:\\\/\\\/cvinoticias.com\\\/wp-content\\\/uploads\\\/2023\\\/04\\\/cropped-cropped-cropped-cropped-cropped-3-1.png\",\"contentUrl\":\"https:\\\/\\\/cvinoticias.com\\\/wp-content\\\/uploads\\\/2023\\\/04\\\/cropped-cropped-cropped-cropped-cropped-3-1.png\",\"width\":95,\"height\":122,\"caption\":\"CVI NOTICIAS\"},\"image\":{\"@id\":\"https:\\\/\\\/cvinoticias.com\\\/v3\\\/#\\\/schema\\\/logo\\\/image\\\/\"},\"sameAs\":[\"https:\\\/\\\/www.facebook.com\\\/cvinoticias\",\"https:\\\/\\\/www.instagram.com\\\/cvinoticias\\\/\",\"https:\\\/\\\/www.youtube.com\\\/@CVINOTICIAS\"]},{\"@type\":\"Person\",\"@id\":\"https:\\\/\\\/cvinoticias.com\\\/v3\\\/#\\\/schema\\\/person\\\/2db77e3c6bc03c538495d7b2b8be9b66\",\"name\":\"f1000024\",\"image\":{\"@type\":\"ImageObject\",\"inLanguage\":\"es\",\"@id\":\"https:\\\/\\\/secure.gravatar.com\\\/avatar\\\/d4fe7459cfc51ff5129ce1a732bbef5928568b8092d412ef95611616376bbeed?s=96&d=mm&r=g\",\"url\":\"https:\\\/\\\/secure.gravatar.com\\\/avatar\\\/d4fe7459cfc51ff5129ce1a732bbef5928568b8092d412ef95611616376bbeed?s=96&d=mm&r=g\",\"contentUrl\":\"https:\\\/\\\/secure.gravatar.com\\\/avatar\\\/d4fe7459cfc51ff5129ce1a732bbef5928568b8092d412ef95611616376bbeed?s=96&d=mm&r=g\",\"caption\":\"f1000024\"},\"url\":\"https:\\\/\\\/cvinoticias.com\\\/v3\\\/author\\\/f1000024\\\/\"}]}<\/script>\n<!-- \/ Yoast SEO plugin. -->","yoast_head_json":{"title":"Una importante multinacional pondr\u00e1 a prueba la semana laboral de 4 d\u00edas en Argentina | CVI NOTICIAS","robots":{"index":"index","follow":"follow","max-snippet":"max-snippet:-1","max-image-preview":"max-image-preview:large","max-video-preview":"max-video-preview:-1"},"canonical":"https:\/\/cvinoticias.com\/v3\/una-importante-multinacional-pondra-a-prueba-la-semana-laboral-de-4-dias-en-argentina\/","og_locale":"es_ES","og_type":"article","og_title":"Una importante multinacional pondr\u00e1 a prueba la semana laboral de 4 d\u00edas en Argentina | CVI NOTICIAS","og_description":"Una empresa japonesa implementar\u00e1 la jornada laboral de 4 d\u00edas y el m\u00e9todo durar\u00e1 dos meses, a modo de prueba. La implementaci\u00f3n de la jornada laboral de cuatro d\u00edas es una medida analizada hace mucho tiempo por distintas empresas mundiales, y la misma ya se est\u00e1 llevando a cabo en algunos pa\u00edses. De este modo, [&hellip;]","og_url":"https:\/\/cvinoticias.com\/v3\/una-importante-multinacional-pondra-a-prueba-la-semana-laboral-de-4-dias-en-argentina\/","og_site_name":"CVI NOTICIAS","article_publisher":"https:\/\/www.facebook.com\/cvinoticias","article_published_time":"2022-07-15T08:11:39+00:00","og_image":[{"width":1079,"height":581,"url":"https:\/\/cvinoticias.com\/wp-content\/uploads\/2022\/07\/Screenshot_20220715-050930_Chrome.jpg","type":"image\/jpeg"}],"author":"f1000024","twitter_card":"summary_large_image","twitter_misc":{"Escrito por":"f1000024","Tiempo de lectura":"1 minuto"},"schema":{"@context":"https:\/\/schema.org","@graph":[{"@type":"Article","@id":"https:\/\/cvinoticias.com\/v3\/una-importante-multinacional-pondra-a-prueba-la-semana-laboral-de-4-dias-en-argentina\/#article","isPartOf":{"@id":"https:\/\/cvinoticias.com\/v3\/una-importante-multinacional-pondra-a-prueba-la-semana-laboral-de-4-dias-en-argentina\/"},"author":{"name":"f1000024","@id":"https:\/\/cvinoticias.com\/v3\/#\/schema\/person\/2db77e3c6bc03c538495d7b2b8be9b66"},"headline":"Una importante multinacional pondr\u00e1 a prueba la semana laboral de 4 d\u00edas en Argentina","datePublished":"2022-07-15T08:11:39+00:00","mainEntityOfPage":{"@id":"https:\/\/cvinoticias.com\/v3\/una-importante-multinacional-pondra-a-prueba-la-semana-laboral-de-4-dias-en-argentina\/"},"wordCount":264,"commentCount":0,"publisher":{"@id":"https:\/\/cvinoticias.com\/v3\/#organization"},"image":{"@id":"https:\/\/cvinoticias.com\/v3\/una-importante-multinacional-pondra-a-prueba-la-semana-laboral-de-4-dias-en-argentina\/#primaryimage"},"thumbnailUrl":"https:\/\/cvinoticias.com\/wp-content\/uploads\/2022\/07\/Screenshot_20220715-050930_Chrome.jpg","articleSection":["Nacionales"],"inLanguage":"es","potentialAction":[{"@type":"CommentAction","name":"Comment","target":["https:\/\/cvinoticias.com\/v3\/una-importante-multinacional-pondra-a-prueba-la-semana-laboral-de-4-dias-en-argentina\/#respond"]}]},{"@type":"WebPage","@id":"https:\/\/cvinoticias.com\/v3\/una-importante-multinacional-pondra-a-prueba-la-semana-laboral-de-4-dias-en-argentina\/","url":"https:\/\/cvinoticias.com\/v3\/una-importante-multinacional-pondra-a-prueba-la-semana-laboral-de-4-dias-en-argentina\/","name":"Una importante multinacional pondr\u00e1 a prueba la semana laboral de 4 d\u00edas en Argentina | CVI NOTICIAS","isPartOf":{"@id":"https:\/\/cvinoticias.com\/v3\/#website"},"primaryImageOfPage":{"@id":"https:\/\/cvinoticias.com\/v3\/una-importante-multinacional-pondra-a-prueba-la-semana-laboral-de-4-dias-en-argentina\/#primaryimage"},"image":{"@id":"https:\/\/cvinoticias.com\/v3\/una-importante-multinacional-pondra-a-prueba-la-semana-laboral-de-4-dias-en-argentina\/#primaryimage"},"thumbnailUrl":"https:\/\/cvinoticias.com\/wp-content\/uploads\/2022\/07\/Screenshot_20220715-050930_Chrome.jpg","datePublished":"2022-07-15T08:11:39+00:00","breadcrumb":{"@id":"https:\/\/cvinoticias.com\/v3\/una-importante-multinacional-pondra-a-prueba-la-semana-laboral-de-4-dias-en-argentina\/#breadcrumb"},"inLanguage":"es","potentialAction":[{"@type":"ReadAction","target":["https:\/\/cvinoticias.com\/v3\/una-importante-multinacional-pondra-a-prueba-la-semana-laboral-de-4-dias-en-argentina\/"]}]},{"@type":"ImageObject","inLanguage":"es","@id":"https:\/\/cvinoticias.com\/v3\/una-importante-multinacional-pondra-a-prueba-la-semana-laboral-de-4-dias-en-argentina\/#primaryimage","url":"https:\/\/cvinoticias.com\/wp-content\/uploads\/2022\/07\/Screenshot_20220715-050930_Chrome.jpg","contentUrl":"https:\/\/cvinoticias.com\/wp-content\/uploads\/2022\/07\/Screenshot_20220715-050930_Chrome.jpg","width":1079,"height":581},{"@type":"BreadcrumbList","@id":"https:\/\/cvinoticias.com\/v3\/una-importante-multinacional-pondra-a-prueba-la-semana-laboral-de-4-dias-en-argentina\/#breadcrumb","itemListElement":[{"@type":"ListItem","position":1,"name":"Portada","item":"https:\/\/cvinoticias.com\/v3\/"},{"@type":"ListItem","position":2,"name":"Una importante multinacional pondr\u00e1 a prueba la semana laboral de 4 d\u00edas en Argentina"}]},{"@type":"WebSite","@id":"https:\/\/cvinoticias.com\/v3\/#website","url":"https:\/\/cvinoticias.com\/v3\/","name":"CVI NOTICIAS","description":"","publisher":{"@id":"https:\/\/cvinoticias.com\/v3\/#organization"},"alternateName":"CVI","potentialAction":[{"@type":"SearchAction","target":{"@type":"EntryPoint","urlTemplate":"https:\/\/cvinoticias.com\/v3\/?s={search_term_string}"},"query-input":{"@type":"PropertyValueSpecification","valueRequired":true,"valueName":"search_term_string"}}],"inLanguage":"es"},{"@type":"Organization","@id":"https:\/\/cvinoticias.com\/v3\/#organization","name":"CVI NOTICIAS","url":"https:\/\/cvinoticias.com\/v3\/","logo":{"@type":"ImageObject","inLanguage":"es","@id":"https:\/\/cvinoticias.com\/v3\/#\/schema\/logo\/image\/","url":"https:\/\/cvinoticias.com\/wp-content\/uploads\/2023\/04\/cropped-cropped-cropped-cropped-cropped-3-1.png","contentUrl":"https:\/\/cvinoticias.com\/wp-content\/uploads\/2023\/04\/cropped-cropped-cropped-cropped-cropped-3-1.png","width":95,"height":122,"caption":"CVI NOTICIAS"},"image":{"@id":"https:\/\/cvinoticias.com\/v3\/#\/schema\/logo\/image\/"},"sameAs":["https:\/\/www.facebook.com\/cvinoticias","https:\/\/www.instagram.com\/cvinoticias\/","https:\/\/www.youtube.com\/@CVINOTICIAS"]},{"@type":"Person","@id":"https:\/\/cvinoticias.com\/v3\/#\/schema\/person\/2db77e3c6bc03c538495d7b2b8be9b66","name":"f1000024","image":{"@type":"ImageObject","inLanguage":"es","@id":"https:\/\/secure.gravatar.com\/avatar\/d4fe7459cfc51ff5129ce1a732bbef5928568b8092d412ef95611616376bbeed?s=96&d=mm&r=g","url":"https:\/\/secure.gravatar.com\/avatar\/d4fe7459cfc51ff5129ce1a732bbef5928568b8092d412ef95611616376bbeed?s=96&d=mm&r=g","contentUrl":"https:\/\/secure.gravatar.com\/avatar\/d4fe7459cfc51ff5129ce1a732bbef5928568b8092d412ef95611616376bbeed?s=96&d=mm&r=g","caption":"f1000024"},"url":"https:\/\/cvinoticias.com\/v3\/author\/f1000024\/"}]}},"_links":{"self":[{"href":"https:\/\/cvinoticias.com\/v3\/wp-json\/wp\/v2\/posts\/17649","targetHints":{"allow":["GET"]}}],"collection":[{"href":"https:\/\/cvinoticias.com\/v3\/wp-json\/wp\/v2\/posts"}],"about":[{"href":"https:\/\/cvinoticias.com\/v3\/wp-json\/wp\/v2\/types\/post"}],"author":[{"embeddable":true,"href":"https:\/\/cvinoticias.com\/v3\/wp-json\/wp\/v2\/users\/2"}],"replies":[{"embeddable":true,"href":"https:\/\/cvinoticias.com\/v3\/wp-json\/wp\/v2\/comments?post=17649"}],"version-history":[{"count":1,"href":"https:\/\/cvinoticias.com\/v3\/wp-json\/wp\/v2\/posts\/17649\/revisions"}],"predecessor-version":[{"id":17651,"href":"https:\/\/cvinoticias.com\/v3\/wp-json\/wp\/v2\/posts\/17649\/revisions\/17651"}],"wp:featuredmedia":[{"embeddable":true,"href":"https:\/\/cvinoticias.com\/v3\/wp-json\/wp\/v2\/media\/17650"}],"wp:attachment":[{"href":"https:\/\/cvinoticias.com\/v3\/wp-json\/wp\/v2\/media?parent=17649"}],"wp:term":[{"taxonomy":"category","embeddable":true,"href":"https:\/\/cvinoticias.com\/v3\/wp-json\/wp\/v2\/categories?post=17649"},{"taxonomy":"post_tag","embeddable":true,"href":"https:\/\/cvinoticias.com\/v3\/wp-json\/wp\/v2\/tags?post=17649"}],"curies":[{"name":"wp","href":"https:\/\/api.w.org\/{rel}","templated":true}]}}