{"id":17646,"date":"2022-07-15T06:26:05","date_gmt":"2022-07-15T06:26:05","guid":{"rendered":"https:\/\/cvinoticias.com\/v3\/?p=17646"},"modified":"2022-07-15T06:26:05","modified_gmt":"2022-07-15T06:26:05","slug":"el-banco-central-decidio-mantener-sin-cambios-las-tasas-de-interes","status":"publish","type":"post","link":"https:\/\/cvinoticias.com\/v3\/el-banco-central-decidio-mantener-sin-cambios-las-tasas-de-interes\/","title":{"rendered":"El Banco Central decidi\u00f3 mantener sin cambios las tasas de inter\u00e9s"},"content":{"rendered":"\n<p><strong><em>El Banco Central de la Rep\u00fablica Argentina (BCRA) decidi\u00f3 ayer mantener las tasas de inter\u00e9s sin cambios, a diferencia de lo que sucedi\u00f3 desde enero de este a\u00f1o, cuando cada vez que se conoc\u00eda el \u00edndice de inflaci\u00f3n respond\u00eda con una suba de tasas.<\/em><\/strong><\/p>\n\n\n\n<p>Por ello, los plazos fijos a 30 d\u00edas para el p\u00fablico minorista seguir\u00e1n pagando un 53% anual, y la tasa de los instrumentos del Banco Central seguir\u00e1n pagando un 52%.<\/p>\n\n\n\n<p>Asimismo, el BCRA decidi\u00f3 establecer un \u201ccorredor de tasas de inter\u00e9s\u201d con la finalidad de que \u201csirva como referencia para saber si hay tasas positivas\u201d, es decir, que superen a la inflaci\u00f3n. Seg\u00fan se explic\u00f3, ese corredor estar\u00e1 \u201cconformado por la tasa de inter\u00e9s de las Letras del Tesoro de corto plazo, la tasa de pol\u00edtica monetaria representada por la Leliq a 28 d\u00edas y la tasa de pases a un d\u00eda\u201d.<\/p>\n\n\n\n<p>La decisi\u00f3n, dijo un comunicado del Central, \u201cse inscribe en una estrategia que atiende simult\u00e1neamente a los siguientes objetivos: arribar a un esquema de tasas de inter\u00e9s positivas en t\u00e9rminos reales para la econom\u00eda, fortalecer el mercado de deuda p\u00fablica en pesos para que logre profundidad y liquidez, y avanzar \u00adgradualmente en el uso de \u00adinstrumentos del Tesoro como instrumentos de pol\u00edtica \u00admonetaria\u201d.<\/p>\n","protected":false},"excerpt":{"rendered":"<p>El Banco Central de la Rep\u00fablica Argentina (BCRA) decidi\u00f3 ayer mantener las tasas de inter\u00e9s sin cambios, a diferencia de lo que sucedi\u00f3 desde enero de este a\u00f1o, cuando cada vez que se conoc\u00eda el \u00edndice de inflaci\u00f3n respond\u00eda con una suba de tasas. Por ello, los plazos fijos a 30 d\u00edas para el p\u00fablico [&hellip;]<\/p>\n","protected":false},"author":2,"featured_media":17647,"comment_status":"open","ping_status":"open","sticky":false,"template":"","format":"standard","meta":{"footnotes":""},"categories":[32],"tags":[],"class_list":["post-17646","post","type-post","status-publish","format-standard","has-post-thumbnail","hentry","category-economia"],"yoast_head":"<!-- This site is optimized with the Yoast SEO plugin v27.5 - https:\/\/yoast.com\/product\/yoast-seo-wordpress\/ -->\n<title>El Banco Central decidi\u00f3 mantener sin cambios las tasas de inter\u00e9s | CVI NOTICIAS<\/title>\n<meta name=\"robots\" content=\"index, follow, max-snippet:-1, max-image-preview:large, max-video-preview:-1\" \/>\n<link rel=\"canonical\" href=\"https:\/\/cvinoticias.com\/v3\/el-banco-central-decidio-mantener-sin-cambios-las-tasas-de-interes\/\" \/>\n<meta property=\"og:locale\" content=\"es_ES\" \/>\n<meta property=\"og:type\" content=\"article\" \/>\n<meta property=\"og:title\" content=\"El Banco Central decidi\u00f3 mantener sin cambios las tasas de inter\u00e9s | CVI NOTICIAS\" \/>\n<meta property=\"og:description\" content=\"El Banco Central de la Rep\u00fablica Argentina (BCRA) decidi\u00f3 ayer mantener las tasas de inter\u00e9s sin cambios, a diferencia de lo que sucedi\u00f3 desde enero de este a\u00f1o, cuando cada vez que se conoc\u00eda el \u00edndice de inflaci\u00f3n respond\u00eda con una suba de tasas. Por ello, los plazos fijos a 30 d\u00edas para el p\u00fablico [&hellip;]\" \/>\n<meta property=\"og:url\" content=\"https:\/\/cvinoticias.com\/v3\/el-banco-central-decidio-mantener-sin-cambios-las-tasas-de-interes\/\" \/>\n<meta property=\"og:site_name\" content=\"CVI NOTICIAS\" \/>\n<meta property=\"article:publisher\" content=\"https:\/\/www.facebook.com\/cvinoticias\" \/>\n<meta property=\"article:published_time\" content=\"2022-07-15T06:26:05+00:00\" \/>\n<meta property=\"og:image\" content=\"https:\/\/cvinoticias.com\/wp-content\/uploads\/2022\/07\/0000105240.jpg\" \/>\n\t<meta property=\"og:image:width\" content=\"800\" \/>\n\t<meta property=\"og:image:height\" content=\"500\" \/>\n\t<meta property=\"og:image:type\" content=\"image\/jpeg\" \/>\n<meta name=\"author\" content=\"f1000024\" \/>\n<meta name=\"twitter:card\" content=\"summary_large_image\" \/>\n<meta name=\"twitter:label1\" content=\"Escrito por\" \/>\n\t<meta name=\"twitter:data1\" content=\"f1000024\" \/>\n\t<meta name=\"twitter:label2\" content=\"Tiempo de lectura\" \/>\n\t<meta name=\"twitter:data2\" content=\"1 minuto\" \/>\n<script type=\"application\/ld+json\" class=\"yoast-schema-graph\">{\"@context\":\"https:\\\/\\\/schema.org\",\"@graph\":[{\"@type\":\"Article\",\"@id\":\"https:\\\/\\\/cvinoticias.com\\\/v3\\\/el-banco-central-decidio-mantener-sin-cambios-las-tasas-de-interes\\\/#article\",\"isPartOf\":{\"@id\":\"https:\\\/\\\/cvinoticias.com\\\/v3\\\/el-banco-central-decidio-mantener-sin-cambios-las-tasas-de-interes\\\/\"},\"author\":{\"name\":\"f1000024\",\"@id\":\"https:\\\/\\\/cvinoticias.com\\\/v3\\\/#\\\/schema\\\/person\\\/2db77e3c6bc03c538495d7b2b8be9b66\"},\"headline\":\"El Banco Central decidi\u00f3 mantener sin cambios las tasas de inter\u00e9s\",\"datePublished\":\"2022-07-15T06:26:05+00:00\",\"mainEntityOfPage\":{\"@id\":\"https:\\\/\\\/cvinoticias.com\\\/v3\\\/el-banco-central-decidio-mantener-sin-cambios-las-tasas-de-interes\\\/\"},\"wordCount\":241,\"commentCount\":0,\"publisher\":{\"@id\":\"https:\\\/\\\/cvinoticias.com\\\/v3\\\/#organization\"},\"image\":{\"@id\":\"https:\\\/\\\/cvinoticias.com\\\/v3\\\/el-banco-central-decidio-mantener-sin-cambios-las-tasas-de-interes\\\/#primaryimage\"},\"thumbnailUrl\":\"https:\\\/\\\/cvinoticias.com\\\/wp-content\\\/uploads\\\/2022\\\/07\\\/0000105240.jpg\",\"articleSection\":[\"Econom\u00eda\"],\"inLanguage\":\"es\",\"potentialAction\":[{\"@type\":\"CommentAction\",\"name\":\"Comment\",\"target\":[\"https:\\\/\\\/cvinoticias.com\\\/v3\\\/el-banco-central-decidio-mantener-sin-cambios-las-tasas-de-interes\\\/#respond\"]}]},{\"@type\":\"WebPage\",\"@id\":\"https:\\\/\\\/cvinoticias.com\\\/v3\\\/el-banco-central-decidio-mantener-sin-cambios-las-tasas-de-interes\\\/\",\"url\":\"https:\\\/\\\/cvinoticias.com\\\/v3\\\/el-banco-central-decidio-mantener-sin-cambios-las-tasas-de-interes\\\/\",\"name\":\"El Banco Central decidi\u00f3 mantener sin cambios las tasas de inter\u00e9s | CVI NOTICIAS\",\"isPartOf\":{\"@id\":\"https:\\\/\\\/cvinoticias.com\\\/v3\\\/#website\"},\"primaryImageOfPage\":{\"@id\":\"https:\\\/\\\/cvinoticias.com\\\/v3\\\/el-banco-central-decidio-mantener-sin-cambios-las-tasas-de-interes\\\/#primaryimage\"},\"image\":{\"@id\":\"https:\\\/\\\/cvinoticias.com\\\/v3\\\/el-banco-central-decidio-mantener-sin-cambios-las-tasas-de-interes\\\/#primaryimage\"},\"thumbnailUrl\":\"https:\\\/\\\/cvinoticias.com\\\/wp-content\\\/uploads\\\/2022\\\/07\\\/0000105240.jpg\",\"datePublished\":\"2022-07-15T06:26:05+00:00\",\"breadcrumb\":{\"@id\":\"https:\\\/\\\/cvinoticias.com\\\/v3\\\/el-banco-central-decidio-mantener-sin-cambios-las-tasas-de-interes\\\/#breadcrumb\"},\"inLanguage\":\"es\",\"potentialAction\":[{\"@type\":\"ReadAction\",\"target\":[\"https:\\\/\\\/cvinoticias.com\\\/v3\\\/el-banco-central-decidio-mantener-sin-cambios-las-tasas-de-interes\\\/\"]}]},{\"@type\":\"ImageObject\",\"inLanguage\":\"es\",\"@id\":\"https:\\\/\\\/cvinoticias.com\\\/v3\\\/el-banco-central-decidio-mantener-sin-cambios-las-tasas-de-interes\\\/#primaryimage\",\"url\":\"https:\\\/\\\/cvinoticias.com\\\/wp-content\\\/uploads\\\/2022\\\/07\\\/0000105240.jpg\",\"contentUrl\":\"https:\\\/\\\/cvinoticias.com\\\/wp-content\\\/uploads\\\/2022\\\/07\\\/0000105240.jpg\",\"width\":800,\"height\":500},{\"@type\":\"BreadcrumbList\",\"@id\":\"https:\\\/\\\/cvinoticias.com\\\/v3\\\/el-banco-central-decidio-mantener-sin-cambios-las-tasas-de-interes\\\/#breadcrumb\",\"itemListElement\":[{\"@type\":\"ListItem\",\"position\":1,\"name\":\"Portada\",\"item\":\"https:\\\/\\\/cvinoticias.com\\\/v3\\\/\"},{\"@type\":\"ListItem\",\"position\":2,\"name\":\"El Banco Central decidi\u00f3 mantener sin cambios las tasas de inter\u00e9s\"}]},{\"@type\":\"WebSite\",\"@id\":\"https:\\\/\\\/cvinoticias.com\\\/v3\\\/#website\",\"url\":\"https:\\\/\\\/cvinoticias.com\\\/v3\\\/\",\"name\":\"CVI NOTICIAS\",\"description\":\"\",\"publisher\":{\"@id\":\"https:\\\/\\\/cvinoticias.com\\\/v3\\\/#organization\"},\"alternateName\":\"CVI\",\"potentialAction\":[{\"@type\":\"SearchAction\",\"target\":{\"@type\":\"EntryPoint\",\"urlTemplate\":\"https:\\\/\\\/cvinoticias.com\\\/v3\\\/?s={search_term_string}\"},\"query-input\":{\"@type\":\"PropertyValueSpecification\",\"valueRequired\":true,\"valueName\":\"search_term_string\"}}],\"inLanguage\":\"es\"},{\"@type\":\"Organization\",\"@id\":\"https:\\\/\\\/cvinoticias.com\\\/v3\\\/#organization\",\"name\":\"CVI NOTICIAS\",\"url\":\"https:\\\/\\\/cvinoticias.com\\\/v3\\\/\",\"logo\":{\"@type\":\"ImageObject\",\"inLanguage\":\"es\",\"@id\":\"https:\\\/\\\/cvinoticias.com\\\/v3\\\/#\\\/schema\\\/logo\\\/image\\\/\",\"url\":\"https:\\\/\\\/cvinoticias.com\\\/wp-content\\\/uploads\\\/2023\\\/04\\\/cropped-cropped-cropped-cropped-cropped-3-1.png\",\"contentUrl\":\"https:\\\/\\\/cvinoticias.com\\\/wp-content\\\/uploads\\\/2023\\\/04\\\/cropped-cropped-cropped-cropped-cropped-3-1.png\",\"width\":95,\"height\":122,\"caption\":\"CVI NOTICIAS\"},\"image\":{\"@id\":\"https:\\\/\\\/cvinoticias.com\\\/v3\\\/#\\\/schema\\\/logo\\\/image\\\/\"},\"sameAs\":[\"https:\\\/\\\/www.facebook.com\\\/cvinoticias\",\"https:\\\/\\\/www.instagram.com\\\/cvinoticias\\\/\",\"https:\\\/\\\/www.youtube.com\\\/@CVINOTICIAS\"]},{\"@type\":\"Person\",\"@id\":\"https:\\\/\\\/cvinoticias.com\\\/v3\\\/#\\\/schema\\\/person\\\/2db77e3c6bc03c538495d7b2b8be9b66\",\"name\":\"f1000024\",\"image\":{\"@type\":\"ImageObject\",\"inLanguage\":\"es\",\"@id\":\"https:\\\/\\\/secure.gravatar.com\\\/avatar\\\/d4fe7459cfc51ff5129ce1a732bbef5928568b8092d412ef95611616376bbeed?s=96&d=mm&r=g\",\"url\":\"https:\\\/\\\/secure.gravatar.com\\\/avatar\\\/d4fe7459cfc51ff5129ce1a732bbef5928568b8092d412ef95611616376bbeed?s=96&d=mm&r=g\",\"contentUrl\":\"https:\\\/\\\/secure.gravatar.com\\\/avatar\\\/d4fe7459cfc51ff5129ce1a732bbef5928568b8092d412ef95611616376bbeed?s=96&d=mm&r=g\",\"caption\":\"f1000024\"},\"url\":\"https:\\\/\\\/cvinoticias.com\\\/v3\\\/author\\\/f1000024\\\/\"}]}<\/script>\n<!-- \/ Yoast SEO plugin. -->","yoast_head_json":{"title":"El Banco Central decidi\u00f3 mantener sin cambios las tasas de inter\u00e9s | CVI NOTICIAS","robots":{"index":"index","follow":"follow","max-snippet":"max-snippet:-1","max-image-preview":"max-image-preview:large","max-video-preview":"max-video-preview:-1"},"canonical":"https:\/\/cvinoticias.com\/v3\/el-banco-central-decidio-mantener-sin-cambios-las-tasas-de-interes\/","og_locale":"es_ES","og_type":"article","og_title":"El Banco Central decidi\u00f3 mantener sin cambios las tasas de inter\u00e9s | CVI NOTICIAS","og_description":"El Banco Central de la Rep\u00fablica Argentina (BCRA) decidi\u00f3 ayer mantener las tasas de inter\u00e9s sin cambios, a diferencia de lo que sucedi\u00f3 desde enero de este a\u00f1o, cuando cada vez que se conoc\u00eda el \u00edndice de inflaci\u00f3n respond\u00eda con una suba de tasas. Por ello, los plazos fijos a 30 d\u00edas para el p\u00fablico [&hellip;]","og_url":"https:\/\/cvinoticias.com\/v3\/el-banco-central-decidio-mantener-sin-cambios-las-tasas-de-interes\/","og_site_name":"CVI NOTICIAS","article_publisher":"https:\/\/www.facebook.com\/cvinoticias","article_published_time":"2022-07-15T06:26:05+00:00","og_image":[{"width":800,"height":500,"url":"https:\/\/cvinoticias.com\/wp-content\/uploads\/2022\/07\/0000105240.jpg","type":"image\/jpeg"}],"author":"f1000024","twitter_card":"summary_large_image","twitter_misc":{"Escrito por":"f1000024","Tiempo de lectura":"1 minuto"},"schema":{"@context":"https:\/\/schema.org","@graph":[{"@type":"Article","@id":"https:\/\/cvinoticias.com\/v3\/el-banco-central-decidio-mantener-sin-cambios-las-tasas-de-interes\/#article","isPartOf":{"@id":"https:\/\/cvinoticias.com\/v3\/el-banco-central-decidio-mantener-sin-cambios-las-tasas-de-interes\/"},"author":{"name":"f1000024","@id":"https:\/\/cvinoticias.com\/v3\/#\/schema\/person\/2db77e3c6bc03c538495d7b2b8be9b66"},"headline":"El Banco Central decidi\u00f3 mantener sin cambios las tasas de inter\u00e9s","datePublished":"2022-07-15T06:26:05+00:00","mainEntityOfPage":{"@id":"https:\/\/cvinoticias.com\/v3\/el-banco-central-decidio-mantener-sin-cambios-las-tasas-de-interes\/"},"wordCount":241,"commentCount":0,"publisher":{"@id":"https:\/\/cvinoticias.com\/v3\/#organization"},"image":{"@id":"https:\/\/cvinoticias.com\/v3\/el-banco-central-decidio-mantener-sin-cambios-las-tasas-de-interes\/#primaryimage"},"thumbnailUrl":"https:\/\/cvinoticias.com\/wp-content\/uploads\/2022\/07\/0000105240.jpg","articleSection":["Econom\u00eda"],"inLanguage":"es","potentialAction":[{"@type":"CommentAction","name":"Comment","target":["https:\/\/cvinoticias.com\/v3\/el-banco-central-decidio-mantener-sin-cambios-las-tasas-de-interes\/#respond"]}]},{"@type":"WebPage","@id":"https:\/\/cvinoticias.com\/v3\/el-banco-central-decidio-mantener-sin-cambios-las-tasas-de-interes\/","url":"https:\/\/cvinoticias.com\/v3\/el-banco-central-decidio-mantener-sin-cambios-las-tasas-de-interes\/","name":"El Banco Central decidi\u00f3 mantener sin cambios las tasas de inter\u00e9s | CVI NOTICIAS","isPartOf":{"@id":"https:\/\/cvinoticias.com\/v3\/#website"},"primaryImageOfPage":{"@id":"https:\/\/cvinoticias.com\/v3\/el-banco-central-decidio-mantener-sin-cambios-las-tasas-de-interes\/#primaryimage"},"image":{"@id":"https:\/\/cvinoticias.com\/v3\/el-banco-central-decidio-mantener-sin-cambios-las-tasas-de-interes\/#primaryimage"},"thumbnailUrl":"https:\/\/cvinoticias.com\/wp-content\/uploads\/2022\/07\/0000105240.jpg","datePublished":"2022-07-15T06:26:05+00:00","breadcrumb":{"@id":"https:\/\/cvinoticias.com\/v3\/el-banco-central-decidio-mantener-sin-cambios-las-tasas-de-interes\/#breadcrumb"},"inLanguage":"es","potentialAction":[{"@type":"ReadAction","target":["https:\/\/cvinoticias.com\/v3\/el-banco-central-decidio-mantener-sin-cambios-las-tasas-de-interes\/"]}]},{"@type":"ImageObject","inLanguage":"es","@id":"https:\/\/cvinoticias.com\/v3\/el-banco-central-decidio-mantener-sin-cambios-las-tasas-de-interes\/#primaryimage","url":"https:\/\/cvinoticias.com\/wp-content\/uploads\/2022\/07\/0000105240.jpg","contentUrl":"https:\/\/cvinoticias.com\/wp-content\/uploads\/2022\/07\/0000105240.jpg","width":800,"height":500},{"@type":"BreadcrumbList","@id":"https:\/\/cvinoticias.com\/v3\/el-banco-central-decidio-mantener-sin-cambios-las-tasas-de-interes\/#breadcrumb","itemListElement":[{"@type":"ListItem","position":1,"name":"Portada","item":"https:\/\/cvinoticias.com\/v3\/"},{"@type":"ListItem","position":2,"name":"El Banco Central decidi\u00f3 mantener sin cambios las tasas de inter\u00e9s"}]},{"@type":"WebSite","@id":"https:\/\/cvinoticias.com\/v3\/#website","url":"https:\/\/cvinoticias.com\/v3\/","name":"CVI NOTICIAS","description":"","publisher":{"@id":"https:\/\/cvinoticias.com\/v3\/#organization"},"alternateName":"CVI","potentialAction":[{"@type":"SearchAction","target":{"@type":"EntryPoint","urlTemplate":"https:\/\/cvinoticias.com\/v3\/?s={search_term_string}"},"query-input":{"@type":"PropertyValueSpecification","valueRequired":true,"valueName":"search_term_string"}}],"inLanguage":"es"},{"@type":"Organization","@id":"https:\/\/cvinoticias.com\/v3\/#organization","name":"CVI NOTICIAS","url":"https:\/\/cvinoticias.com\/v3\/","logo":{"@type":"ImageObject","inLanguage":"es","@id":"https:\/\/cvinoticias.com\/v3\/#\/schema\/logo\/image\/","url":"https:\/\/cvinoticias.com\/wp-content\/uploads\/2023\/04\/cropped-cropped-cropped-cropped-cropped-3-1.png","contentUrl":"https:\/\/cvinoticias.com\/wp-content\/uploads\/2023\/04\/cropped-cropped-cropped-cropped-cropped-3-1.png","width":95,"height":122,"caption":"CVI NOTICIAS"},"image":{"@id":"https:\/\/cvinoticias.com\/v3\/#\/schema\/logo\/image\/"},"sameAs":["https:\/\/www.facebook.com\/cvinoticias","https:\/\/www.instagram.com\/cvinoticias\/","https:\/\/www.youtube.com\/@CVINOTICIAS"]},{"@type":"Person","@id":"https:\/\/cvinoticias.com\/v3\/#\/schema\/person\/2db77e3c6bc03c538495d7b2b8be9b66","name":"f1000024","image":{"@type":"ImageObject","inLanguage":"es","@id":"https:\/\/secure.gravatar.com\/avatar\/d4fe7459cfc51ff5129ce1a732bbef5928568b8092d412ef95611616376bbeed?s=96&d=mm&r=g","url":"https:\/\/secure.gravatar.com\/avatar\/d4fe7459cfc51ff5129ce1a732bbef5928568b8092d412ef95611616376bbeed?s=96&d=mm&r=g","contentUrl":"https:\/\/secure.gravatar.com\/avatar\/d4fe7459cfc51ff5129ce1a732bbef5928568b8092d412ef95611616376bbeed?s=96&d=mm&r=g","caption":"f1000024"},"url":"https:\/\/cvinoticias.com\/v3\/author\/f1000024\/"}]}},"_links":{"self":[{"href":"https:\/\/cvinoticias.com\/v3\/wp-json\/wp\/v2\/posts\/17646","targetHints":{"allow":["GET"]}}],"collection":[{"href":"https:\/\/cvinoticias.com\/v3\/wp-json\/wp\/v2\/posts"}],"about":[{"href":"https:\/\/cvinoticias.com\/v3\/wp-json\/wp\/v2\/types\/post"}],"author":[{"embeddable":true,"href":"https:\/\/cvinoticias.com\/v3\/wp-json\/wp\/v2\/users\/2"}],"replies":[{"embeddable":true,"href":"https:\/\/cvinoticias.com\/v3\/wp-json\/wp\/v2\/comments?post=17646"}],"version-history":[{"count":1,"href":"https:\/\/cvinoticias.com\/v3\/wp-json\/wp\/v2\/posts\/17646\/revisions"}],"predecessor-version":[{"id":17648,"href":"https:\/\/cvinoticias.com\/v3\/wp-json\/wp\/v2\/posts\/17646\/revisions\/17648"}],"wp:featuredmedia":[{"embeddable":true,"href":"https:\/\/cvinoticias.com\/v3\/wp-json\/wp\/v2\/media\/17647"}],"wp:attachment":[{"href":"https:\/\/cvinoticias.com\/v3\/wp-json\/wp\/v2\/media?parent=17646"}],"wp:term":[{"taxonomy":"category","embeddable":true,"href":"https:\/\/cvinoticias.com\/v3\/wp-json\/wp\/v2\/categories?post=17646"},{"taxonomy":"post_tag","embeddable":true,"href":"https:\/\/cvinoticias.com\/v3\/wp-json\/wp\/v2\/tags?post=17646"}],"curies":[{"name":"wp","href":"https:\/\/api.w.org\/{rel}","templated":true}]}}