{"id":17602,"date":"2022-07-14T04:04:12","date_gmt":"2022-07-14T04:04:12","guid":{"rendered":"https:\/\/cvinoticias.com\/v3\/?p=17602"},"modified":"2022-07-14T04:04:12","modified_gmt":"2022-07-14T04:04:12","slug":"renuncio-adrian-cosentino-titular-de-la-comision-nacional-de-valores","status":"publish","type":"post","link":"https:\/\/cvinoticias.com\/v3\/renuncio-adrian-cosentino-titular-de-la-comision-nacional-de-valores\/","title":{"rendered":"Renunci\u00f3 Adri\u00e1n Cosentino, titular de la Comisi\u00f3n Nacional de Valores"},"content":{"rendered":"\n<p><strong><em>Tras la salida de Guzm\u00e1n, el funcionario puso su renuncia a disposici\u00f3n. Lo reemplazar\u00e1 su vice, Sebasti\u00e1n Negri.<\/em><\/strong><\/p>\n\n\n\n<p>El actual vicepresidente de la Comisi\u00f3n Nacional de Valores (CNV), Sebasti\u00e1n Negri, asumir\u00e1 la presidencia del organismo en reemplazo de Adri\u00e1n Cosentino, confirmaron las mismas fuentes.<\/p>\n\n\n\n<p>Negri, por su parte, es abogado recibido en la Universidad de La Plata (UNLP), tiene t\u00edtulo de magister en Relaciones Internacionales con orientaci\u00f3n en Econom\u00eda Internacional por la Facultad de Derecho, Universidad de Buenos Aires (UBA) y es doctor en Ciencias Sociales por la Facultad Latinoamericana de Ciencias Sociales (FLACSO).<\/p>\n\n\n\n<p>En la CNV se desempe\u00f1\u00f3 como profesional en la Gerencia de Prevenci\u00f3n de Lavado de Dinero, como subgerente del Sumarios a Agentes del Mercado de Capitales y como vocal del Directorio.<\/p>\n\n\n\n<p>Tambi\u00e9n fue asesor de la Comisi\u00f3n Bicameral de Reforma, Actualizaci\u00f3n y Unificaci\u00f3n de los C\u00f3digos Civil y Comercial, trabaj\u00f3 en el Consejo de la Magistratura, el Senado de la Naci\u00f3n y el Ministerio de Relaciones Exteriores, Comercio Internacional y Culto.<\/p>\n\n\n\n<p>Adem\u00e1s, la ministra de Econom\u00eda, Silvina Batakis, design\u00f3 hoy a Carlos S\u00e1nchez al frente de la Secretar\u00eda de Pol\u00edtica Tributaria, en reemplazo de Roberto Arias, informaron fuentes oficiales.<\/p>\n\n\n\n<p>S\u00e1nchez, de 55 a\u00f1os, es considerado como un t\u00e9cnico \u00aborg\u00e1nico\u00bb del peronismo y con anterioridad se desempe\u00f1\u00f3 en el Ministerio de Trabajo y tambi\u00e9n cumpli\u00f3 funciones en la Administraci\u00f3n Federal de Ingresos P\u00fablicos (AFIP).<\/p>\n\n\n\n<p>El designado secretario de Pol\u00edtica Tributaria ocup\u00f3 el cargo de subsecretario de Fiscalizaci\u00f3n del Trabajo del Ministerio de Trabajo, Empleo y Seguridad Social y fue director General de Aduanas (2013-2015); previamente fue viceministro en la Jefatura de Gabinete de Ministros de la Naci\u00f3n, en 2013.<\/p>\n","protected":false},"excerpt":{"rendered":"<p>Tras la salida de Guzm\u00e1n, el funcionario puso su renuncia a disposici\u00f3n. Lo reemplazar\u00e1 su vice, Sebasti\u00e1n Negri. El actual vicepresidente de la Comisi\u00f3n Nacional de Valores (CNV), Sebasti\u00e1n Negri, asumir\u00e1 la presidencia del organismo en reemplazo de Adri\u00e1n Cosentino, confirmaron las mismas fuentes. Negri, por su parte, es abogado recibido en la Universidad de [&hellip;]<\/p>\n","protected":false},"author":2,"featured_media":17603,"comment_status":"open","ping_status":"open","sticky":false,"template":"","format":"standard","meta":{"footnotes":""},"categories":[39],"tags":[],"class_list":["post-17602","post","type-post","status-publish","format-standard","has-post-thumbnail","hentry","category-nacionales"],"yoast_head":"<!-- This site is optimized with the Yoast SEO plugin v27.5 - https:\/\/yoast.com\/product\/yoast-seo-wordpress\/ -->\n<title>Renunci\u00f3 Adri\u00e1n Cosentino, titular de la Comisi\u00f3n Nacional de Valores | CVI NOTICIAS<\/title>\n<meta name=\"robots\" content=\"index, follow, max-snippet:-1, max-image-preview:large, max-video-preview:-1\" \/>\n<link rel=\"canonical\" href=\"https:\/\/cvinoticias.com\/v3\/renuncio-adrian-cosentino-titular-de-la-comision-nacional-de-valores\/\" \/>\n<meta property=\"og:locale\" content=\"es_ES\" \/>\n<meta property=\"og:type\" content=\"article\" \/>\n<meta property=\"og:title\" content=\"Renunci\u00f3 Adri\u00e1n Cosentino, titular de la Comisi\u00f3n Nacional de Valores | CVI NOTICIAS\" \/>\n<meta property=\"og:description\" content=\"Tras la salida de Guzm\u00e1n, el funcionario puso su renuncia a disposici\u00f3n. Lo reemplazar\u00e1 su vice, Sebasti\u00e1n Negri. El actual vicepresidente de la Comisi\u00f3n Nacional de Valores (CNV), Sebasti\u00e1n Negri, asumir\u00e1 la presidencia del organismo en reemplazo de Adri\u00e1n Cosentino, confirmaron las mismas fuentes. Negri, por su parte, es abogado recibido en la Universidad de [&hellip;]\" \/>\n<meta property=\"og:url\" content=\"https:\/\/cvinoticias.com\/v3\/renuncio-adrian-cosentino-titular-de-la-comision-nacional-de-valores\/\" \/>\n<meta property=\"og:site_name\" content=\"CVI NOTICIAS\" \/>\n<meta property=\"article:publisher\" content=\"https:\/\/www.facebook.com\/cvinoticias\" \/>\n<meta property=\"article:published_time\" content=\"2022-07-14T04:04:12+00:00\" \/>\n<meta property=\"og:image\" content=\"https:\/\/cvinoticias.com\/wp-content\/uploads\/2022\/07\/0000105100.jpg\" \/>\n\t<meta property=\"og:image:width\" content=\"1500\" \/>\n\t<meta property=\"og:image:height\" content=\"870\" \/>\n\t<meta property=\"og:image:type\" content=\"image\/jpeg\" \/>\n<meta name=\"author\" content=\"f1000024\" \/>\n<meta name=\"twitter:card\" content=\"summary_large_image\" \/>\n<meta name=\"twitter:label1\" content=\"Escrito por\" \/>\n\t<meta name=\"twitter:data1\" content=\"f1000024\" \/>\n\t<meta name=\"twitter:label2\" content=\"Tiempo de lectura\" \/>\n\t<meta name=\"twitter:data2\" content=\"2 minutos\" \/>\n<script type=\"application\/ld+json\" class=\"yoast-schema-graph\">{\"@context\":\"https:\\\/\\\/schema.org\",\"@graph\":[{\"@type\":\"Article\",\"@id\":\"https:\\\/\\\/cvinoticias.com\\\/v3\\\/renuncio-adrian-cosentino-titular-de-la-comision-nacional-de-valores\\\/#article\",\"isPartOf\":{\"@id\":\"https:\\\/\\\/cvinoticias.com\\\/v3\\\/renuncio-adrian-cosentino-titular-de-la-comision-nacional-de-valores\\\/\"},\"author\":{\"name\":\"f1000024\",\"@id\":\"https:\\\/\\\/cvinoticias.com\\\/v3\\\/#\\\/schema\\\/person\\\/2db77e3c6bc03c538495d7b2b8be9b66\"},\"headline\":\"Renunci\u00f3 Adri\u00e1n Cosentino, titular de la Comisi\u00f3n Nacional de Valores\",\"datePublished\":\"2022-07-14T04:04:12+00:00\",\"mainEntityOfPage\":{\"@id\":\"https:\\\/\\\/cvinoticias.com\\\/v3\\\/renuncio-adrian-cosentino-titular-de-la-comision-nacional-de-valores\\\/\"},\"wordCount\":313,\"commentCount\":0,\"publisher\":{\"@id\":\"https:\\\/\\\/cvinoticias.com\\\/v3\\\/#organization\"},\"image\":{\"@id\":\"https:\\\/\\\/cvinoticias.com\\\/v3\\\/renuncio-adrian-cosentino-titular-de-la-comision-nacional-de-valores\\\/#primaryimage\"},\"thumbnailUrl\":\"https:\\\/\\\/cvinoticias.com\\\/wp-content\\\/uploads\\\/2022\\\/07\\\/0000105100.jpg\",\"articleSection\":[\"Nacionales\"],\"inLanguage\":\"es\",\"potentialAction\":[{\"@type\":\"CommentAction\",\"name\":\"Comment\",\"target\":[\"https:\\\/\\\/cvinoticias.com\\\/v3\\\/renuncio-adrian-cosentino-titular-de-la-comision-nacional-de-valores\\\/#respond\"]}]},{\"@type\":\"WebPage\",\"@id\":\"https:\\\/\\\/cvinoticias.com\\\/v3\\\/renuncio-adrian-cosentino-titular-de-la-comision-nacional-de-valores\\\/\",\"url\":\"https:\\\/\\\/cvinoticias.com\\\/v3\\\/renuncio-adrian-cosentino-titular-de-la-comision-nacional-de-valores\\\/\",\"name\":\"Renunci\u00f3 Adri\u00e1n Cosentino, titular de la Comisi\u00f3n Nacional de Valores | CVI NOTICIAS\",\"isPartOf\":{\"@id\":\"https:\\\/\\\/cvinoticias.com\\\/v3\\\/#website\"},\"primaryImageOfPage\":{\"@id\":\"https:\\\/\\\/cvinoticias.com\\\/v3\\\/renuncio-adrian-cosentino-titular-de-la-comision-nacional-de-valores\\\/#primaryimage\"},\"image\":{\"@id\":\"https:\\\/\\\/cvinoticias.com\\\/v3\\\/renuncio-adrian-cosentino-titular-de-la-comision-nacional-de-valores\\\/#primaryimage\"},\"thumbnailUrl\":\"https:\\\/\\\/cvinoticias.com\\\/wp-content\\\/uploads\\\/2022\\\/07\\\/0000105100.jpg\",\"datePublished\":\"2022-07-14T04:04:12+00:00\",\"breadcrumb\":{\"@id\":\"https:\\\/\\\/cvinoticias.com\\\/v3\\\/renuncio-adrian-cosentino-titular-de-la-comision-nacional-de-valores\\\/#breadcrumb\"},\"inLanguage\":\"es\",\"potentialAction\":[{\"@type\":\"ReadAction\",\"target\":[\"https:\\\/\\\/cvinoticias.com\\\/v3\\\/renuncio-adrian-cosentino-titular-de-la-comision-nacional-de-valores\\\/\"]}]},{\"@type\":\"ImageObject\",\"inLanguage\":\"es\",\"@id\":\"https:\\\/\\\/cvinoticias.com\\\/v3\\\/renuncio-adrian-cosentino-titular-de-la-comision-nacional-de-valores\\\/#primaryimage\",\"url\":\"https:\\\/\\\/cvinoticias.com\\\/wp-content\\\/uploads\\\/2022\\\/07\\\/0000105100.jpg\",\"contentUrl\":\"https:\\\/\\\/cvinoticias.com\\\/wp-content\\\/uploads\\\/2022\\\/07\\\/0000105100.jpg\",\"width\":1500,\"height\":870},{\"@type\":\"BreadcrumbList\",\"@id\":\"https:\\\/\\\/cvinoticias.com\\\/v3\\\/renuncio-adrian-cosentino-titular-de-la-comision-nacional-de-valores\\\/#breadcrumb\",\"itemListElement\":[{\"@type\":\"ListItem\",\"position\":1,\"name\":\"Portada\",\"item\":\"https:\\\/\\\/cvinoticias.com\\\/v3\\\/\"},{\"@type\":\"ListItem\",\"position\":2,\"name\":\"Renunci\u00f3 Adri\u00e1n Cosentino, titular de la Comisi\u00f3n Nacional de Valores\"}]},{\"@type\":\"WebSite\",\"@id\":\"https:\\\/\\\/cvinoticias.com\\\/v3\\\/#website\",\"url\":\"https:\\\/\\\/cvinoticias.com\\\/v3\\\/\",\"name\":\"CVI NOTICIAS\",\"description\":\"\",\"publisher\":{\"@id\":\"https:\\\/\\\/cvinoticias.com\\\/v3\\\/#organization\"},\"alternateName\":\"CVI\",\"potentialAction\":[{\"@type\":\"SearchAction\",\"target\":{\"@type\":\"EntryPoint\",\"urlTemplate\":\"https:\\\/\\\/cvinoticias.com\\\/v3\\\/?s={search_term_string}\"},\"query-input\":{\"@type\":\"PropertyValueSpecification\",\"valueRequired\":true,\"valueName\":\"search_term_string\"}}],\"inLanguage\":\"es\"},{\"@type\":\"Organization\",\"@id\":\"https:\\\/\\\/cvinoticias.com\\\/v3\\\/#organization\",\"name\":\"CVI NOTICIAS\",\"url\":\"https:\\\/\\\/cvinoticias.com\\\/v3\\\/\",\"logo\":{\"@type\":\"ImageObject\",\"inLanguage\":\"es\",\"@id\":\"https:\\\/\\\/cvinoticias.com\\\/v3\\\/#\\\/schema\\\/logo\\\/image\\\/\",\"url\":\"https:\\\/\\\/cvinoticias.com\\\/wp-content\\\/uploads\\\/2023\\\/04\\\/cropped-cropped-cropped-cropped-cropped-3-1.png\",\"contentUrl\":\"https:\\\/\\\/cvinoticias.com\\\/wp-content\\\/uploads\\\/2023\\\/04\\\/cropped-cropped-cropped-cropped-cropped-3-1.png\",\"width\":95,\"height\":122,\"caption\":\"CVI NOTICIAS\"},\"image\":{\"@id\":\"https:\\\/\\\/cvinoticias.com\\\/v3\\\/#\\\/schema\\\/logo\\\/image\\\/\"},\"sameAs\":[\"https:\\\/\\\/www.facebook.com\\\/cvinoticias\",\"https:\\\/\\\/www.instagram.com\\\/cvinoticias\\\/\",\"https:\\\/\\\/www.youtube.com\\\/@CVINOTICIAS\"]},{\"@type\":\"Person\",\"@id\":\"https:\\\/\\\/cvinoticias.com\\\/v3\\\/#\\\/schema\\\/person\\\/2db77e3c6bc03c538495d7b2b8be9b66\",\"name\":\"f1000024\",\"image\":{\"@type\":\"ImageObject\",\"inLanguage\":\"es\",\"@id\":\"https:\\\/\\\/secure.gravatar.com\\\/avatar\\\/d4fe7459cfc51ff5129ce1a732bbef5928568b8092d412ef95611616376bbeed?s=96&d=mm&r=g\",\"url\":\"https:\\\/\\\/secure.gravatar.com\\\/avatar\\\/d4fe7459cfc51ff5129ce1a732bbef5928568b8092d412ef95611616376bbeed?s=96&d=mm&r=g\",\"contentUrl\":\"https:\\\/\\\/secure.gravatar.com\\\/avatar\\\/d4fe7459cfc51ff5129ce1a732bbef5928568b8092d412ef95611616376bbeed?s=96&d=mm&r=g\",\"caption\":\"f1000024\"},\"url\":\"https:\\\/\\\/cvinoticias.com\\\/v3\\\/author\\\/f1000024\\\/\"}]}<\/script>\n<!-- \/ Yoast SEO plugin. -->","yoast_head_json":{"title":"Renunci\u00f3 Adri\u00e1n Cosentino, titular de la Comisi\u00f3n Nacional de Valores | CVI NOTICIAS","robots":{"index":"index","follow":"follow","max-snippet":"max-snippet:-1","max-image-preview":"max-image-preview:large","max-video-preview":"max-video-preview:-1"},"canonical":"https:\/\/cvinoticias.com\/v3\/renuncio-adrian-cosentino-titular-de-la-comision-nacional-de-valores\/","og_locale":"es_ES","og_type":"article","og_title":"Renunci\u00f3 Adri\u00e1n Cosentino, titular de la Comisi\u00f3n Nacional de Valores | CVI NOTICIAS","og_description":"Tras la salida de Guzm\u00e1n, el funcionario puso su renuncia a disposici\u00f3n. Lo reemplazar\u00e1 su vice, Sebasti\u00e1n Negri. El actual vicepresidente de la Comisi\u00f3n Nacional de Valores (CNV), Sebasti\u00e1n Negri, asumir\u00e1 la presidencia del organismo en reemplazo de Adri\u00e1n Cosentino, confirmaron las mismas fuentes. Negri, por su parte, es abogado recibido en la Universidad de [&hellip;]","og_url":"https:\/\/cvinoticias.com\/v3\/renuncio-adrian-cosentino-titular-de-la-comision-nacional-de-valores\/","og_site_name":"CVI NOTICIAS","article_publisher":"https:\/\/www.facebook.com\/cvinoticias","article_published_time":"2022-07-14T04:04:12+00:00","og_image":[{"width":1500,"height":870,"url":"https:\/\/cvinoticias.com\/wp-content\/uploads\/2022\/07\/0000105100.jpg","type":"image\/jpeg"}],"author":"f1000024","twitter_card":"summary_large_image","twitter_misc":{"Escrito por":"f1000024","Tiempo de lectura":"2 minutos"},"schema":{"@context":"https:\/\/schema.org","@graph":[{"@type":"Article","@id":"https:\/\/cvinoticias.com\/v3\/renuncio-adrian-cosentino-titular-de-la-comision-nacional-de-valores\/#article","isPartOf":{"@id":"https:\/\/cvinoticias.com\/v3\/renuncio-adrian-cosentino-titular-de-la-comision-nacional-de-valores\/"},"author":{"name":"f1000024","@id":"https:\/\/cvinoticias.com\/v3\/#\/schema\/person\/2db77e3c6bc03c538495d7b2b8be9b66"},"headline":"Renunci\u00f3 Adri\u00e1n Cosentino, titular de la Comisi\u00f3n Nacional de Valores","datePublished":"2022-07-14T04:04:12+00:00","mainEntityOfPage":{"@id":"https:\/\/cvinoticias.com\/v3\/renuncio-adrian-cosentino-titular-de-la-comision-nacional-de-valores\/"},"wordCount":313,"commentCount":0,"publisher":{"@id":"https:\/\/cvinoticias.com\/v3\/#organization"},"image":{"@id":"https:\/\/cvinoticias.com\/v3\/renuncio-adrian-cosentino-titular-de-la-comision-nacional-de-valores\/#primaryimage"},"thumbnailUrl":"https:\/\/cvinoticias.com\/wp-content\/uploads\/2022\/07\/0000105100.jpg","articleSection":["Nacionales"],"inLanguage":"es","potentialAction":[{"@type":"CommentAction","name":"Comment","target":["https:\/\/cvinoticias.com\/v3\/renuncio-adrian-cosentino-titular-de-la-comision-nacional-de-valores\/#respond"]}]},{"@type":"WebPage","@id":"https:\/\/cvinoticias.com\/v3\/renuncio-adrian-cosentino-titular-de-la-comision-nacional-de-valores\/","url":"https:\/\/cvinoticias.com\/v3\/renuncio-adrian-cosentino-titular-de-la-comision-nacional-de-valores\/","name":"Renunci\u00f3 Adri\u00e1n Cosentino, titular de la Comisi\u00f3n Nacional de Valores | CVI NOTICIAS","isPartOf":{"@id":"https:\/\/cvinoticias.com\/v3\/#website"},"primaryImageOfPage":{"@id":"https:\/\/cvinoticias.com\/v3\/renuncio-adrian-cosentino-titular-de-la-comision-nacional-de-valores\/#primaryimage"},"image":{"@id":"https:\/\/cvinoticias.com\/v3\/renuncio-adrian-cosentino-titular-de-la-comision-nacional-de-valores\/#primaryimage"},"thumbnailUrl":"https:\/\/cvinoticias.com\/wp-content\/uploads\/2022\/07\/0000105100.jpg","datePublished":"2022-07-14T04:04:12+00:00","breadcrumb":{"@id":"https:\/\/cvinoticias.com\/v3\/renuncio-adrian-cosentino-titular-de-la-comision-nacional-de-valores\/#breadcrumb"},"inLanguage":"es","potentialAction":[{"@type":"ReadAction","target":["https:\/\/cvinoticias.com\/v3\/renuncio-adrian-cosentino-titular-de-la-comision-nacional-de-valores\/"]}]},{"@type":"ImageObject","inLanguage":"es","@id":"https:\/\/cvinoticias.com\/v3\/renuncio-adrian-cosentino-titular-de-la-comision-nacional-de-valores\/#primaryimage","url":"https:\/\/cvinoticias.com\/wp-content\/uploads\/2022\/07\/0000105100.jpg","contentUrl":"https:\/\/cvinoticias.com\/wp-content\/uploads\/2022\/07\/0000105100.jpg","width":1500,"height":870},{"@type":"BreadcrumbList","@id":"https:\/\/cvinoticias.com\/v3\/renuncio-adrian-cosentino-titular-de-la-comision-nacional-de-valores\/#breadcrumb","itemListElement":[{"@type":"ListItem","position":1,"name":"Portada","item":"https:\/\/cvinoticias.com\/v3\/"},{"@type":"ListItem","position":2,"name":"Renunci\u00f3 Adri\u00e1n Cosentino, titular de la Comisi\u00f3n Nacional de Valores"}]},{"@type":"WebSite","@id":"https:\/\/cvinoticias.com\/v3\/#website","url":"https:\/\/cvinoticias.com\/v3\/","name":"CVI NOTICIAS","description":"","publisher":{"@id":"https:\/\/cvinoticias.com\/v3\/#organization"},"alternateName":"CVI","potentialAction":[{"@type":"SearchAction","target":{"@type":"EntryPoint","urlTemplate":"https:\/\/cvinoticias.com\/v3\/?s={search_term_string}"},"query-input":{"@type":"PropertyValueSpecification","valueRequired":true,"valueName":"search_term_string"}}],"inLanguage":"es"},{"@type":"Organization","@id":"https:\/\/cvinoticias.com\/v3\/#organization","name":"CVI NOTICIAS","url":"https:\/\/cvinoticias.com\/v3\/","logo":{"@type":"ImageObject","inLanguage":"es","@id":"https:\/\/cvinoticias.com\/v3\/#\/schema\/logo\/image\/","url":"https:\/\/cvinoticias.com\/wp-content\/uploads\/2023\/04\/cropped-cropped-cropped-cropped-cropped-3-1.png","contentUrl":"https:\/\/cvinoticias.com\/wp-content\/uploads\/2023\/04\/cropped-cropped-cropped-cropped-cropped-3-1.png","width":95,"height":122,"caption":"CVI NOTICIAS"},"image":{"@id":"https:\/\/cvinoticias.com\/v3\/#\/schema\/logo\/image\/"},"sameAs":["https:\/\/www.facebook.com\/cvinoticias","https:\/\/www.instagram.com\/cvinoticias\/","https:\/\/www.youtube.com\/@CVINOTICIAS"]},{"@type":"Person","@id":"https:\/\/cvinoticias.com\/v3\/#\/schema\/person\/2db77e3c6bc03c538495d7b2b8be9b66","name":"f1000024","image":{"@type":"ImageObject","inLanguage":"es","@id":"https:\/\/secure.gravatar.com\/avatar\/d4fe7459cfc51ff5129ce1a732bbef5928568b8092d412ef95611616376bbeed?s=96&d=mm&r=g","url":"https:\/\/secure.gravatar.com\/avatar\/d4fe7459cfc51ff5129ce1a732bbef5928568b8092d412ef95611616376bbeed?s=96&d=mm&r=g","contentUrl":"https:\/\/secure.gravatar.com\/avatar\/d4fe7459cfc51ff5129ce1a732bbef5928568b8092d412ef95611616376bbeed?s=96&d=mm&r=g","caption":"f1000024"},"url":"https:\/\/cvinoticias.com\/v3\/author\/f1000024\/"}]}},"_links":{"self":[{"href":"https:\/\/cvinoticias.com\/v3\/wp-json\/wp\/v2\/posts\/17602","targetHints":{"allow":["GET"]}}],"collection":[{"href":"https:\/\/cvinoticias.com\/v3\/wp-json\/wp\/v2\/posts"}],"about":[{"href":"https:\/\/cvinoticias.com\/v3\/wp-json\/wp\/v2\/types\/post"}],"author":[{"embeddable":true,"href":"https:\/\/cvinoticias.com\/v3\/wp-json\/wp\/v2\/users\/2"}],"replies":[{"embeddable":true,"href":"https:\/\/cvinoticias.com\/v3\/wp-json\/wp\/v2\/comments?post=17602"}],"version-history":[{"count":1,"href":"https:\/\/cvinoticias.com\/v3\/wp-json\/wp\/v2\/posts\/17602\/revisions"}],"predecessor-version":[{"id":17604,"href":"https:\/\/cvinoticias.com\/v3\/wp-json\/wp\/v2\/posts\/17602\/revisions\/17604"}],"wp:featuredmedia":[{"embeddable":true,"href":"https:\/\/cvinoticias.com\/v3\/wp-json\/wp\/v2\/media\/17603"}],"wp:attachment":[{"href":"https:\/\/cvinoticias.com\/v3\/wp-json\/wp\/v2\/media?parent=17602"}],"wp:term":[{"taxonomy":"category","embeddable":true,"href":"https:\/\/cvinoticias.com\/v3\/wp-json\/wp\/v2\/categories?post=17602"},{"taxonomy":"post_tag","embeddable":true,"href":"https:\/\/cvinoticias.com\/v3\/wp-json\/wp\/v2\/tags?post=17602"}],"curies":[{"name":"wp","href":"https:\/\/api.w.org\/{rel}","templated":true}]}}