{"id":17594,"date":"2022-07-13T18:53:58","date_gmt":"2022-07-13T18:53:58","guid":{"rendered":"https:\/\/cvinoticias.com\/v3\/?p=17594"},"modified":"2022-07-13T18:53:58","modified_gmt":"2022-07-13T18:53:58","slug":"el-programa-ahora-misiones-marca-la-diferencia-a-la-hora-de-comprar-en-la-provincia","status":"publish","type":"post","link":"https:\/\/cvinoticias.com\/v3\/el-programa-ahora-misiones-marca-la-diferencia-a-la-hora-de-comprar-en-la-provincia\/","title":{"rendered":"El programa \u00abAhora Misiones\u00bb marca la diferencia a la hora de comprar en la provincia"},"content":{"rendered":"\n<p><em><strong>Si bien la econom\u00eda nacional se encuentra atravesando horas dif\u00edciles, desde la provincia de Misiones, se buscan facilidades para los misioneros.<\/strong><\/em><\/p>\n\n\n\n<p>Con el fin de amortizar el impacto econ\u00f3mico, Misiones estimula la demanda de bienes a trav\u00e9s de financiamientos en plazos con el programa&nbsp; \u201cAhora Misiones +21\u201d.<\/p>\n\n\n\n<p>Los lunes, martes y mi\u00e9rcoles, pagando con tarjetas de cr\u00e9dito de los bancos Macro,&nbsp; Credicoop (Cabal) y Naci\u00f3n ofrece financiaci\u00f3n sin inter\u00e9s en 1, 3, 6 o 12 cuotas (el l\u00edmite financiable aumenta a $100 mil) y un reintegro de hasta el 41% en comercios misioneros, con un tope de $10.000.<\/p>\n\n\n\n<p>En tanto, y a comparaci\u00f3n con el plano nacional, donde la tasa de inter\u00e9s para los pagos en 3, 6 y 12 cuotas fijas son del 42% y para las cuotas de 18 y 24 son del 49%; a nivel provincial el financiamiento es sin inter\u00e9s, dando as\u00ed mayor simplicidad al consumidor misionero.<\/p>\n\n\n\n<p>No existe en el pa\u00eds otra medida que se equipare a los beneficios del Programa Ahora Misiones. Las 12 cuotas fijas y sin inter\u00e9s junto al reintegro del 41% llevan a que los productos queden a valores in\u00e9ditos. Si bien desde Naci\u00f3n se busca fomentar el consumo mediante el \u201cAhora 12\u201d, cabe se\u00f1alar que actualmente esta iniciativa nacional para comprar en cuotas s\u00ed tiene intereses, de hasta el 49% dependiendo la cantidad de cuotas.<\/p>\n\n\n\n<figure class=\"wp-block-image size-full\"><a href=\"https:\/\/cvinoticias.com\/wp-content\/uploads\/2022\/07\/IMG-20220713-WA0130.jpg\"><img decoding=\"async\" width=\"1024\" height=\"629\" data-src=\"https:\/\/cvinoticias.com\/wp-content\/uploads\/2022\/07\/IMG-20220713-WA0130.jpg\" alt=\"\" class=\"wp-image-17596 lazyload\" data-srcset=\"https:\/\/cvinoticias.com\/wp-content\/uploads\/2022\/07\/IMG-20220713-WA0130.jpg 1024w, https:\/\/cvinoticias.com\/wp-content\/uploads\/2022\/07\/IMG-20220713-WA0130-300x184.jpg 300w, https:\/\/cvinoticias.com\/wp-content\/uploads\/2022\/07\/IMG-20220713-WA0130-768x472.jpg 768w\" data-sizes=\"(max-width: 1024px) 100vw, 1024px\" src=\"data:image\/svg+xml;base64,PHN2ZyB3aWR0aD0iMSIgaGVpZ2h0PSIxIiB4bWxucz0iaHR0cDovL3d3dy53My5vcmcvMjAwMC9zdmciPjwvc3ZnPg==\" style=\"--smush-placeholder-width: 1024px; --smush-placeholder-aspect-ratio: 1024\/629;\" \/><\/a><\/figure>\n\n\n\n<p><strong>Soluci\u00f3n para los bolsillos de la gente<\/strong><\/p>\n\n\n\n<p>Cuando la inflaci\u00f3n comenz\u00f3 a aparecer como un problema en la Argentina, Misiones aplic\u00f3 el programa \u201cAhora Misiones\u201d a trav\u00e9s del \u201cAhora pan\u201d.<\/p>\n\n\n\n<p>Desde el Gobierno provincial se busca sostener un di\u00e1logo fluido con los representantes de este sector agrupados en el Centro de Industriales Panaderos de Misiones para lograr consensuar regularmente las actualizaciones que sean necesarias para dar continuidad a un programa que colabora enormemente con los efectos de la inflaci\u00f3n en los hogares de Misiones.<\/p>\n\n\n\n<p>En este sentido, el Ministro de Hacienda, Adolfo Safr\u00e1n destac\u00f3: \u00abel compromiso es de los panaderos misioneros para sostener la continuidad del Ahora Pan, un programa que adem\u00e1s reconoce el esfuerzo de los comercios participantes a trav\u00e9s de bonificaciones de hasta un 50% en las facturas de energ\u00eda el\u00e9ctrica\u00bb.<\/p>\n\n\n\n<p><strong>Nueva iniciativa<\/strong><\/p>\n\n\n\n<p>Pensando y trabajando siempre por los misioneros, el gobernador Oscar Herrera Ahuad logr\u00f3 la continuidad del programa \u201cAhora Misiones\u201d el cual, otorga un reintegro de hasta el 41% en las compras. La vigencia de los programas \u201cAhora\u201d ser\u00e1 hasta el 2023, con el objetivo de seguir impulsando el consumo de bienes y servicios a trav\u00e9s compras con tarjetas de cr\u00e9dito y d\u00e9bito en comercios de toda la provincia.<\/p>\n\n\n\n<p>Asimismo, se decidi\u00f3 avanzar en la implementaci\u00f3n del \u201cAhora Canasta\u201d, con el reintegro del 21% del IVA para la compra con tarjetas de d\u00e9bito, c\u00f3digo QR o billeteras digitales. En esta sentido, Herrera Ahuad afirm\u00f3: \u00abseguimos apostando al \u00e9xito de los programas \u201cAhora Misiones\u201d como motor de la econom\u00eda pero cuidando el poder adquisitivo de los misioneros\u00bb.<\/p>\n","protected":false},"excerpt":{"rendered":"<p>Si bien la econom\u00eda nacional se encuentra atravesando horas dif\u00edciles, desde la provincia de Misiones, se buscan facilidades para los misioneros. Con el fin de amortizar el impacto econ\u00f3mico, Misiones estimula la demanda de bienes a trav\u00e9s de financiamientos en plazos con el programa&nbsp; \u201cAhora Misiones +21\u201d. Los lunes, martes y mi\u00e9rcoles, pagando con tarjetas [&hellip;]<\/p>\n","protected":false},"author":2,"featured_media":17595,"comment_status":"open","ping_status":"open","sticky":false,"template":"","format":"standard","meta":{"footnotes":""},"categories":[32],"tags":[],"class_list":["post-17594","post","type-post","status-publish","format-standard","has-post-thumbnail","hentry","category-economia"],"yoast_head":"<!-- This site is optimized with the Yoast SEO plugin v27.5 - https:\/\/yoast.com\/product\/yoast-seo-wordpress\/ -->\n<title>El programa &quot;Ahora Misiones&quot; marca la diferencia a la hora de comprar en la provincia | CVI NOTICIAS<\/title>\n<meta name=\"robots\" content=\"index, follow, max-snippet:-1, max-image-preview:large, max-video-preview:-1\" \/>\n<link rel=\"canonical\" href=\"https:\/\/cvinoticias.com\/v3\/el-programa-ahora-misiones-marca-la-diferencia-a-la-hora-de-comprar-en-la-provincia\/\" \/>\n<meta property=\"og:locale\" content=\"es_ES\" \/>\n<meta property=\"og:type\" content=\"article\" \/>\n<meta property=\"og:title\" content=\"El programa &quot;Ahora Misiones&quot; marca la diferencia a la hora de comprar en la provincia | CVI NOTICIAS\" \/>\n<meta property=\"og:description\" content=\"Si bien la econom\u00eda nacional se encuentra atravesando horas dif\u00edciles, desde la provincia de Misiones, se buscan facilidades para los misioneros. Con el fin de amortizar el impacto econ\u00f3mico, Misiones estimula la demanda de bienes a trav\u00e9s de financiamientos en plazos con el programa&nbsp; \u201cAhora Misiones +21\u201d. Los lunes, martes y mi\u00e9rcoles, pagando con tarjetas [&hellip;]\" \/>\n<meta property=\"og:url\" content=\"https:\/\/cvinoticias.com\/v3\/el-programa-ahora-misiones-marca-la-diferencia-a-la-hora-de-comprar-en-la-provincia\/\" \/>\n<meta property=\"og:site_name\" content=\"CVI NOTICIAS\" \/>\n<meta property=\"article:publisher\" content=\"https:\/\/www.facebook.com\/cvinoticias\" \/>\n<meta property=\"article:published_time\" content=\"2022-07-13T18:53:58+00:00\" \/>\n<meta property=\"og:image\" content=\"https:\/\/cvinoticias.com\/wp-content\/uploads\/2022\/07\/IMG-20220713-WA0131.jpg\" \/>\n\t<meta property=\"og:image:width\" content=\"1200\" \/>\n\t<meta property=\"og:image:height\" content=\"675\" \/>\n\t<meta property=\"og:image:type\" content=\"image\/jpeg\" \/>\n<meta name=\"author\" content=\"f1000024\" \/>\n<meta name=\"twitter:card\" content=\"summary_large_image\" \/>\n<meta name=\"twitter:label1\" content=\"Escrito por\" \/>\n\t<meta name=\"twitter:data1\" content=\"f1000024\" \/>\n\t<meta name=\"twitter:label2\" content=\"Tiempo de lectura\" \/>\n\t<meta name=\"twitter:data2\" content=\"2 minutos\" \/>\n<script type=\"application\/ld+json\" class=\"yoast-schema-graph\">{\"@context\":\"https:\\\/\\\/schema.org\",\"@graph\":[{\"@type\":\"Article\",\"@id\":\"https:\\\/\\\/cvinoticias.com\\\/v3\\\/el-programa-ahora-misiones-marca-la-diferencia-a-la-hora-de-comprar-en-la-provincia\\\/#article\",\"isPartOf\":{\"@id\":\"https:\\\/\\\/cvinoticias.com\\\/v3\\\/el-programa-ahora-misiones-marca-la-diferencia-a-la-hora-de-comprar-en-la-provincia\\\/\"},\"author\":{\"name\":\"f1000024\",\"@id\":\"https:\\\/\\\/cvinoticias.com\\\/v3\\\/#\\\/schema\\\/person\\\/2db77e3c6bc03c538495d7b2b8be9b66\"},\"headline\":\"El programa \u00abAhora Misiones\u00bb marca la diferencia a la hora de comprar en la provincia\",\"datePublished\":\"2022-07-13T18:53:58+00:00\",\"mainEntityOfPage\":{\"@id\":\"https:\\\/\\\/cvinoticias.com\\\/v3\\\/el-programa-ahora-misiones-marca-la-diferencia-a-la-hora-de-comprar-en-la-provincia\\\/\"},\"wordCount\":514,\"commentCount\":0,\"publisher\":{\"@id\":\"https:\\\/\\\/cvinoticias.com\\\/v3\\\/#organization\"},\"image\":{\"@id\":\"https:\\\/\\\/cvinoticias.com\\\/v3\\\/el-programa-ahora-misiones-marca-la-diferencia-a-la-hora-de-comprar-en-la-provincia\\\/#primaryimage\"},\"thumbnailUrl\":\"https:\\\/\\\/cvinoticias.com\\\/wp-content\\\/uploads\\\/2022\\\/07\\\/IMG-20220713-WA0131.jpg\",\"articleSection\":[\"Econom\u00eda\"],\"inLanguage\":\"es\",\"potentialAction\":[{\"@type\":\"CommentAction\",\"name\":\"Comment\",\"target\":[\"https:\\\/\\\/cvinoticias.com\\\/v3\\\/el-programa-ahora-misiones-marca-la-diferencia-a-la-hora-de-comprar-en-la-provincia\\\/#respond\"]}]},{\"@type\":\"WebPage\",\"@id\":\"https:\\\/\\\/cvinoticias.com\\\/v3\\\/el-programa-ahora-misiones-marca-la-diferencia-a-la-hora-de-comprar-en-la-provincia\\\/\",\"url\":\"https:\\\/\\\/cvinoticias.com\\\/v3\\\/el-programa-ahora-misiones-marca-la-diferencia-a-la-hora-de-comprar-en-la-provincia\\\/\",\"name\":\"El programa \\\"Ahora Misiones\\\" marca la diferencia a la hora de comprar en la provincia | CVI NOTICIAS\",\"isPartOf\":{\"@id\":\"https:\\\/\\\/cvinoticias.com\\\/v3\\\/#website\"},\"primaryImageOfPage\":{\"@id\":\"https:\\\/\\\/cvinoticias.com\\\/v3\\\/el-programa-ahora-misiones-marca-la-diferencia-a-la-hora-de-comprar-en-la-provincia\\\/#primaryimage\"},\"image\":{\"@id\":\"https:\\\/\\\/cvinoticias.com\\\/v3\\\/el-programa-ahora-misiones-marca-la-diferencia-a-la-hora-de-comprar-en-la-provincia\\\/#primaryimage\"},\"thumbnailUrl\":\"https:\\\/\\\/cvinoticias.com\\\/wp-content\\\/uploads\\\/2022\\\/07\\\/IMG-20220713-WA0131.jpg\",\"datePublished\":\"2022-07-13T18:53:58+00:00\",\"breadcrumb\":{\"@id\":\"https:\\\/\\\/cvinoticias.com\\\/v3\\\/el-programa-ahora-misiones-marca-la-diferencia-a-la-hora-de-comprar-en-la-provincia\\\/#breadcrumb\"},\"inLanguage\":\"es\",\"potentialAction\":[{\"@type\":\"ReadAction\",\"target\":[\"https:\\\/\\\/cvinoticias.com\\\/v3\\\/el-programa-ahora-misiones-marca-la-diferencia-a-la-hora-de-comprar-en-la-provincia\\\/\"]}]},{\"@type\":\"ImageObject\",\"inLanguage\":\"es\",\"@id\":\"https:\\\/\\\/cvinoticias.com\\\/v3\\\/el-programa-ahora-misiones-marca-la-diferencia-a-la-hora-de-comprar-en-la-provincia\\\/#primaryimage\",\"url\":\"https:\\\/\\\/cvinoticias.com\\\/wp-content\\\/uploads\\\/2022\\\/07\\\/IMG-20220713-WA0131.jpg\",\"contentUrl\":\"https:\\\/\\\/cvinoticias.com\\\/wp-content\\\/uploads\\\/2022\\\/07\\\/IMG-20220713-WA0131.jpg\",\"width\":1200,\"height\":675},{\"@type\":\"BreadcrumbList\",\"@id\":\"https:\\\/\\\/cvinoticias.com\\\/v3\\\/el-programa-ahora-misiones-marca-la-diferencia-a-la-hora-de-comprar-en-la-provincia\\\/#breadcrumb\",\"itemListElement\":[{\"@type\":\"ListItem\",\"position\":1,\"name\":\"Portada\",\"item\":\"https:\\\/\\\/cvinoticias.com\\\/v3\\\/\"},{\"@type\":\"ListItem\",\"position\":2,\"name\":\"El programa \u00abAhora Misiones\u00bb marca la diferencia a la hora de comprar en la provincia\"}]},{\"@type\":\"WebSite\",\"@id\":\"https:\\\/\\\/cvinoticias.com\\\/v3\\\/#website\",\"url\":\"https:\\\/\\\/cvinoticias.com\\\/v3\\\/\",\"name\":\"CVI NOTICIAS\",\"description\":\"\",\"publisher\":{\"@id\":\"https:\\\/\\\/cvinoticias.com\\\/v3\\\/#organization\"},\"alternateName\":\"CVI\",\"potentialAction\":[{\"@type\":\"SearchAction\",\"target\":{\"@type\":\"EntryPoint\",\"urlTemplate\":\"https:\\\/\\\/cvinoticias.com\\\/v3\\\/?s={search_term_string}\"},\"query-input\":{\"@type\":\"PropertyValueSpecification\",\"valueRequired\":true,\"valueName\":\"search_term_string\"}}],\"inLanguage\":\"es\"},{\"@type\":\"Organization\",\"@id\":\"https:\\\/\\\/cvinoticias.com\\\/v3\\\/#organization\",\"name\":\"CVI NOTICIAS\",\"url\":\"https:\\\/\\\/cvinoticias.com\\\/v3\\\/\",\"logo\":{\"@type\":\"ImageObject\",\"inLanguage\":\"es\",\"@id\":\"https:\\\/\\\/cvinoticias.com\\\/v3\\\/#\\\/schema\\\/logo\\\/image\\\/\",\"url\":\"https:\\\/\\\/cvinoticias.com\\\/wp-content\\\/uploads\\\/2023\\\/04\\\/cropped-cropped-cropped-cropped-cropped-3-1.png\",\"contentUrl\":\"https:\\\/\\\/cvinoticias.com\\\/wp-content\\\/uploads\\\/2023\\\/04\\\/cropped-cropped-cropped-cropped-cropped-3-1.png\",\"width\":95,\"height\":122,\"caption\":\"CVI NOTICIAS\"},\"image\":{\"@id\":\"https:\\\/\\\/cvinoticias.com\\\/v3\\\/#\\\/schema\\\/logo\\\/image\\\/\"},\"sameAs\":[\"https:\\\/\\\/www.facebook.com\\\/cvinoticias\",\"https:\\\/\\\/www.instagram.com\\\/cvinoticias\\\/\",\"https:\\\/\\\/www.youtube.com\\\/@CVINOTICIAS\"]},{\"@type\":\"Person\",\"@id\":\"https:\\\/\\\/cvinoticias.com\\\/v3\\\/#\\\/schema\\\/person\\\/2db77e3c6bc03c538495d7b2b8be9b66\",\"name\":\"f1000024\",\"image\":{\"@type\":\"ImageObject\",\"inLanguage\":\"es\",\"@id\":\"https:\\\/\\\/secure.gravatar.com\\\/avatar\\\/d4fe7459cfc51ff5129ce1a732bbef5928568b8092d412ef95611616376bbeed?s=96&d=mm&r=g\",\"url\":\"https:\\\/\\\/secure.gravatar.com\\\/avatar\\\/d4fe7459cfc51ff5129ce1a732bbef5928568b8092d412ef95611616376bbeed?s=96&d=mm&r=g\",\"contentUrl\":\"https:\\\/\\\/secure.gravatar.com\\\/avatar\\\/d4fe7459cfc51ff5129ce1a732bbef5928568b8092d412ef95611616376bbeed?s=96&d=mm&r=g\",\"caption\":\"f1000024\"},\"url\":\"https:\\\/\\\/cvinoticias.com\\\/v3\\\/author\\\/f1000024\\\/\"}]}<\/script>\n<!-- \/ Yoast SEO plugin. -->","yoast_head_json":{"title":"El programa \"Ahora Misiones\" marca la diferencia a la hora de comprar en la provincia | CVI NOTICIAS","robots":{"index":"index","follow":"follow","max-snippet":"max-snippet:-1","max-image-preview":"max-image-preview:large","max-video-preview":"max-video-preview:-1"},"canonical":"https:\/\/cvinoticias.com\/v3\/el-programa-ahora-misiones-marca-la-diferencia-a-la-hora-de-comprar-en-la-provincia\/","og_locale":"es_ES","og_type":"article","og_title":"El programa \"Ahora Misiones\" marca la diferencia a la hora de comprar en la provincia | CVI NOTICIAS","og_description":"Si bien la econom\u00eda nacional se encuentra atravesando horas dif\u00edciles, desde la provincia de Misiones, se buscan facilidades para los misioneros. Con el fin de amortizar el impacto econ\u00f3mico, Misiones estimula la demanda de bienes a trav\u00e9s de financiamientos en plazos con el programa&nbsp; \u201cAhora Misiones +21\u201d. Los lunes, martes y mi\u00e9rcoles, pagando con tarjetas [&hellip;]","og_url":"https:\/\/cvinoticias.com\/v3\/el-programa-ahora-misiones-marca-la-diferencia-a-la-hora-de-comprar-en-la-provincia\/","og_site_name":"CVI NOTICIAS","article_publisher":"https:\/\/www.facebook.com\/cvinoticias","article_published_time":"2022-07-13T18:53:58+00:00","og_image":[{"width":1200,"height":675,"url":"https:\/\/cvinoticias.com\/wp-content\/uploads\/2022\/07\/IMG-20220713-WA0131.jpg","type":"image\/jpeg"}],"author":"f1000024","twitter_card":"summary_large_image","twitter_misc":{"Escrito por":"f1000024","Tiempo de lectura":"2 minutos"},"schema":{"@context":"https:\/\/schema.org","@graph":[{"@type":"Article","@id":"https:\/\/cvinoticias.com\/v3\/el-programa-ahora-misiones-marca-la-diferencia-a-la-hora-de-comprar-en-la-provincia\/#article","isPartOf":{"@id":"https:\/\/cvinoticias.com\/v3\/el-programa-ahora-misiones-marca-la-diferencia-a-la-hora-de-comprar-en-la-provincia\/"},"author":{"name":"f1000024","@id":"https:\/\/cvinoticias.com\/v3\/#\/schema\/person\/2db77e3c6bc03c538495d7b2b8be9b66"},"headline":"El programa \u00abAhora Misiones\u00bb marca la diferencia a la hora de comprar en la provincia","datePublished":"2022-07-13T18:53:58+00:00","mainEntityOfPage":{"@id":"https:\/\/cvinoticias.com\/v3\/el-programa-ahora-misiones-marca-la-diferencia-a-la-hora-de-comprar-en-la-provincia\/"},"wordCount":514,"commentCount":0,"publisher":{"@id":"https:\/\/cvinoticias.com\/v3\/#organization"},"image":{"@id":"https:\/\/cvinoticias.com\/v3\/el-programa-ahora-misiones-marca-la-diferencia-a-la-hora-de-comprar-en-la-provincia\/#primaryimage"},"thumbnailUrl":"https:\/\/cvinoticias.com\/wp-content\/uploads\/2022\/07\/IMG-20220713-WA0131.jpg","articleSection":["Econom\u00eda"],"inLanguage":"es","potentialAction":[{"@type":"CommentAction","name":"Comment","target":["https:\/\/cvinoticias.com\/v3\/el-programa-ahora-misiones-marca-la-diferencia-a-la-hora-de-comprar-en-la-provincia\/#respond"]}]},{"@type":"WebPage","@id":"https:\/\/cvinoticias.com\/v3\/el-programa-ahora-misiones-marca-la-diferencia-a-la-hora-de-comprar-en-la-provincia\/","url":"https:\/\/cvinoticias.com\/v3\/el-programa-ahora-misiones-marca-la-diferencia-a-la-hora-de-comprar-en-la-provincia\/","name":"El programa \"Ahora Misiones\" marca la diferencia a la hora de comprar en la provincia | CVI NOTICIAS","isPartOf":{"@id":"https:\/\/cvinoticias.com\/v3\/#website"},"primaryImageOfPage":{"@id":"https:\/\/cvinoticias.com\/v3\/el-programa-ahora-misiones-marca-la-diferencia-a-la-hora-de-comprar-en-la-provincia\/#primaryimage"},"image":{"@id":"https:\/\/cvinoticias.com\/v3\/el-programa-ahora-misiones-marca-la-diferencia-a-la-hora-de-comprar-en-la-provincia\/#primaryimage"},"thumbnailUrl":"https:\/\/cvinoticias.com\/wp-content\/uploads\/2022\/07\/IMG-20220713-WA0131.jpg","datePublished":"2022-07-13T18:53:58+00:00","breadcrumb":{"@id":"https:\/\/cvinoticias.com\/v3\/el-programa-ahora-misiones-marca-la-diferencia-a-la-hora-de-comprar-en-la-provincia\/#breadcrumb"},"inLanguage":"es","potentialAction":[{"@type":"ReadAction","target":["https:\/\/cvinoticias.com\/v3\/el-programa-ahora-misiones-marca-la-diferencia-a-la-hora-de-comprar-en-la-provincia\/"]}]},{"@type":"ImageObject","inLanguage":"es","@id":"https:\/\/cvinoticias.com\/v3\/el-programa-ahora-misiones-marca-la-diferencia-a-la-hora-de-comprar-en-la-provincia\/#primaryimage","url":"https:\/\/cvinoticias.com\/wp-content\/uploads\/2022\/07\/IMG-20220713-WA0131.jpg","contentUrl":"https:\/\/cvinoticias.com\/wp-content\/uploads\/2022\/07\/IMG-20220713-WA0131.jpg","width":1200,"height":675},{"@type":"BreadcrumbList","@id":"https:\/\/cvinoticias.com\/v3\/el-programa-ahora-misiones-marca-la-diferencia-a-la-hora-de-comprar-en-la-provincia\/#breadcrumb","itemListElement":[{"@type":"ListItem","position":1,"name":"Portada","item":"https:\/\/cvinoticias.com\/v3\/"},{"@type":"ListItem","position":2,"name":"El programa \u00abAhora Misiones\u00bb marca la diferencia a la hora de comprar en la provincia"}]},{"@type":"WebSite","@id":"https:\/\/cvinoticias.com\/v3\/#website","url":"https:\/\/cvinoticias.com\/v3\/","name":"CVI NOTICIAS","description":"","publisher":{"@id":"https:\/\/cvinoticias.com\/v3\/#organization"},"alternateName":"CVI","potentialAction":[{"@type":"SearchAction","target":{"@type":"EntryPoint","urlTemplate":"https:\/\/cvinoticias.com\/v3\/?s={search_term_string}"},"query-input":{"@type":"PropertyValueSpecification","valueRequired":true,"valueName":"search_term_string"}}],"inLanguage":"es"},{"@type":"Organization","@id":"https:\/\/cvinoticias.com\/v3\/#organization","name":"CVI NOTICIAS","url":"https:\/\/cvinoticias.com\/v3\/","logo":{"@type":"ImageObject","inLanguage":"es","@id":"https:\/\/cvinoticias.com\/v3\/#\/schema\/logo\/image\/","url":"https:\/\/cvinoticias.com\/wp-content\/uploads\/2023\/04\/cropped-cropped-cropped-cropped-cropped-3-1.png","contentUrl":"https:\/\/cvinoticias.com\/wp-content\/uploads\/2023\/04\/cropped-cropped-cropped-cropped-cropped-3-1.png","width":95,"height":122,"caption":"CVI NOTICIAS"},"image":{"@id":"https:\/\/cvinoticias.com\/v3\/#\/schema\/logo\/image\/"},"sameAs":["https:\/\/www.facebook.com\/cvinoticias","https:\/\/www.instagram.com\/cvinoticias\/","https:\/\/www.youtube.com\/@CVINOTICIAS"]},{"@type":"Person","@id":"https:\/\/cvinoticias.com\/v3\/#\/schema\/person\/2db77e3c6bc03c538495d7b2b8be9b66","name":"f1000024","image":{"@type":"ImageObject","inLanguage":"es","@id":"https:\/\/secure.gravatar.com\/avatar\/d4fe7459cfc51ff5129ce1a732bbef5928568b8092d412ef95611616376bbeed?s=96&d=mm&r=g","url":"https:\/\/secure.gravatar.com\/avatar\/d4fe7459cfc51ff5129ce1a732bbef5928568b8092d412ef95611616376bbeed?s=96&d=mm&r=g","contentUrl":"https:\/\/secure.gravatar.com\/avatar\/d4fe7459cfc51ff5129ce1a732bbef5928568b8092d412ef95611616376bbeed?s=96&d=mm&r=g","caption":"f1000024"},"url":"https:\/\/cvinoticias.com\/v3\/author\/f1000024\/"}]}},"_links":{"self":[{"href":"https:\/\/cvinoticias.com\/v3\/wp-json\/wp\/v2\/posts\/17594","targetHints":{"allow":["GET"]}}],"collection":[{"href":"https:\/\/cvinoticias.com\/v3\/wp-json\/wp\/v2\/posts"}],"about":[{"href":"https:\/\/cvinoticias.com\/v3\/wp-json\/wp\/v2\/types\/post"}],"author":[{"embeddable":true,"href":"https:\/\/cvinoticias.com\/v3\/wp-json\/wp\/v2\/users\/2"}],"replies":[{"embeddable":true,"href":"https:\/\/cvinoticias.com\/v3\/wp-json\/wp\/v2\/comments?post=17594"}],"version-history":[{"count":1,"href":"https:\/\/cvinoticias.com\/v3\/wp-json\/wp\/v2\/posts\/17594\/revisions"}],"predecessor-version":[{"id":17597,"href":"https:\/\/cvinoticias.com\/v3\/wp-json\/wp\/v2\/posts\/17594\/revisions\/17597"}],"wp:featuredmedia":[{"embeddable":true,"href":"https:\/\/cvinoticias.com\/v3\/wp-json\/wp\/v2\/media\/17595"}],"wp:attachment":[{"href":"https:\/\/cvinoticias.com\/v3\/wp-json\/wp\/v2\/media?parent=17594"}],"wp:term":[{"taxonomy":"category","embeddable":true,"href":"https:\/\/cvinoticias.com\/v3\/wp-json\/wp\/v2\/categories?post=17594"},{"taxonomy":"post_tag","embeddable":true,"href":"https:\/\/cvinoticias.com\/v3\/wp-json\/wp\/v2\/tags?post=17594"}],"curies":[{"name":"wp","href":"https:\/\/api.w.org\/{rel}","templated":true}]}}