{"id":17591,"date":"2022-07-13T18:17:52","date_gmt":"2022-07-13T18:17:52","guid":{"rendered":"https:\/\/cvinoticias.com\/v3\/?p=17591"},"modified":"2022-07-13T18:17:52","modified_gmt":"2022-07-13T18:17:52","slug":"distinguieron-a-aerolineas-argentinas-por-su-compromiso-sustentable","status":"publish","type":"post","link":"https:\/\/cvinoticias.com\/v3\/distinguieron-a-aerolineas-argentinas-por-su-compromiso-sustentable\/","title":{"rendered":"Distinguieron a Aerol\u00edneas Argentinas por su compromiso sustentable"},"content":{"rendered":"\n<p><strong><em>El reconocimiento se dio en el marco de los Premios Skayteam, que nuclea una veintena de aerol\u00edneas.<\/em><\/strong><\/p>\n\n\n\n<p>Aerol\u00edneas Argentinas fue galardonada con tres premios de la alianza Skyteam por su compromiso con la sustentabilidad y termin\u00f3 como finalista en otros dos, seg\u00fan inform\u00f3 hoy la compa\u00f1\u00eda de bandera.<\/p>\n\n\n\n<p>La distinci\u00f3n se dio en el marco de la iniciativa \u201cEl Desaf\u00edo del Vuelo Sustentable\u201d llevada adelante por la alianza que nuclea a una veintena de l\u00edneas a\u00e9reas y la empresa se llev\u00f3 tres premios: \u201cReducci\u00f3n de emisiones de CO2 en vuelos de largo recorrido\u201d, \u201cInnovaci\u00f3n en cargas\u201d y \u201cProfesionales m\u00e1s comprometidos\u201d. Adem\u00e1s, fue finalista en otras dos categor\u00edas.<\/p>\n\n\n\n<p>En lo que hace a la reducci\u00f3n de emisiones de CO2 en largo recorrido, Aerol\u00edneas Argentinas introdujo modificaciones en el proceso de carga y ocupaci\u00f3n de las bodegas haci\u00e9ndolo m\u00e1s eficiente y reduciendo el consumo por tonelada transportada.<\/p>\n\n\n\n<p>Tambi\u00e9n, las reducciones del consumo tienen relaci\u00f3n directa con su Programa de Eficiencia en Combustible (PEC), el cual realiza el seguimiento y an\u00e1lisis de la forma en que se utiliza el combustible en vuelo y el concepto de \u00abFree Route Airspace\u00bb (FRA), que consiste en un sistema de navegaci\u00f3n con diferentes puntos de entrada y salida de espacios a\u00e9reos con el objetivo de volar directo y mejorar la trayectoria del vuelo en funci\u00f3n de la distancia m\u00e1s corta.<\/p>\n\n\n\n<p>Respecto de la innovaci\u00f3n en Cargas, el sector de Cargas incorpor\u00f3 nuevos pallets m\u00e1s livianos, que pesan 101 kilos contra los 130 que pesaban los anteriores.<\/p>\n\n\n\n<p>El jurado de la consultora internacional Bain&amp;Co, valor\u00f3 el impacto directo que esta reducci\u00f3n en peso tiene sobre las emisiones de CO2 y el potencial de implementaci\u00f3n en toda la red de vuelos<\/p>\n\n\n\n<p>Finalmente, en lo que hace a profesionales m\u00e1s comprometidos, la l\u00ednea a\u00e9rea fue reconocida por el compromiso de sus empleados, el di\u00e1logo y la interacci\u00f3n con la alianza y sus pares de la industria.<\/p>\n\n\n\n<p>Tambi\u00e9n, la empresa fue finalista en las categor\u00edas de \u201cReducci\u00f3n de emisiones de CO2 en vuelos de mediano recorrido\u201d y \u201cReducci\u00f3n de emisiones de CO2 en vuelos de corto recorrido\u201d.<\/p>\n\n\n\n<p>A este respecto, el presidente de Aerol\u00edneas Argentinas, Pablo Ceriani dijo que \u201ceste tipo de reconocimientos dan cuenta del excelente nivel profesional que tenemos en Aerol\u00edneas Argentinas y del compromiso existente con las convenciones internacionales, el medio ambiente y las innovaciones en materia de sostenibilidad\u201d.<\/p>\n","protected":false},"excerpt":{"rendered":"<p>El reconocimiento se dio en el marco de los Premios Skayteam, que nuclea una veintena de aerol\u00edneas. Aerol\u00edneas Argentinas fue galardonada con tres premios de la alianza Skyteam por su compromiso con la sustentabilidad y termin\u00f3 como finalista en otros dos, seg\u00fan inform\u00f3 hoy la compa\u00f1\u00eda de bandera. La distinci\u00f3n se dio en el marco [&hellip;]<\/p>\n","protected":false},"author":2,"featured_media":17592,"comment_status":"open","ping_status":"open","sticky":false,"template":"","format":"standard","meta":{"footnotes":""},"categories":[47],"tags":[],"class_list":["post-17591","post","type-post","status-publish","format-standard","has-post-thumbnail","hentry","category-sociedad"],"yoast_head":"<!-- This site is optimized with the Yoast SEO plugin v27.5 - https:\/\/yoast.com\/product\/yoast-seo-wordpress\/ -->\n<title>Distinguieron a Aerol\u00edneas Argentinas por su compromiso sustentable | CVI NOTICIAS<\/title>\n<meta name=\"robots\" content=\"index, follow, max-snippet:-1, max-image-preview:large, max-video-preview:-1\" \/>\n<link rel=\"canonical\" href=\"https:\/\/cvinoticias.com\/v3\/distinguieron-a-aerolineas-argentinas-por-su-compromiso-sustentable\/\" \/>\n<meta property=\"og:locale\" content=\"es_ES\" \/>\n<meta property=\"og:type\" content=\"article\" \/>\n<meta property=\"og:title\" content=\"Distinguieron a Aerol\u00edneas Argentinas por su compromiso sustentable | CVI NOTICIAS\" \/>\n<meta property=\"og:description\" content=\"El reconocimiento se dio en el marco de los Premios Skayteam, que nuclea una veintena de aerol\u00edneas. Aerol\u00edneas Argentinas fue galardonada con tres premios de la alianza Skyteam por su compromiso con la sustentabilidad y termin\u00f3 como finalista en otros dos, seg\u00fan inform\u00f3 hoy la compa\u00f1\u00eda de bandera. La distinci\u00f3n se dio en el marco [&hellip;]\" \/>\n<meta property=\"og:url\" content=\"https:\/\/cvinoticias.com\/v3\/distinguieron-a-aerolineas-argentinas-por-su-compromiso-sustentable\/\" \/>\n<meta property=\"og:site_name\" content=\"CVI NOTICIAS\" \/>\n<meta property=\"article:publisher\" content=\"https:\/\/www.facebook.com\/cvinoticias\" \/>\n<meta property=\"article:published_time\" content=\"2022-07-13T18:17:52+00:00\" \/>\n<meta property=\"og:image\" content=\"https:\/\/cvinoticias.com\/wp-content\/uploads\/2022\/07\/0000094952.jpg\" \/>\n\t<meta property=\"og:image:width\" content=\"1200\" \/>\n\t<meta property=\"og:image:height\" content=\"800\" \/>\n\t<meta property=\"og:image:type\" content=\"image\/jpeg\" \/>\n<meta name=\"author\" content=\"f1000024\" \/>\n<meta name=\"twitter:card\" content=\"summary_large_image\" \/>\n<meta name=\"twitter:label1\" content=\"Escrito por\" \/>\n\t<meta name=\"twitter:data1\" content=\"f1000024\" \/>\n\t<meta name=\"twitter:label2\" content=\"Tiempo de lectura\" \/>\n\t<meta name=\"twitter:data2\" content=\"2 minutos\" \/>\n<script type=\"application\/ld+json\" class=\"yoast-schema-graph\">{\"@context\":\"https:\\\/\\\/schema.org\",\"@graph\":[{\"@type\":\"Article\",\"@id\":\"https:\\\/\\\/cvinoticias.com\\\/v3\\\/distinguieron-a-aerolineas-argentinas-por-su-compromiso-sustentable\\\/#article\",\"isPartOf\":{\"@id\":\"https:\\\/\\\/cvinoticias.com\\\/v3\\\/distinguieron-a-aerolineas-argentinas-por-su-compromiso-sustentable\\\/\"},\"author\":{\"name\":\"f1000024\",\"@id\":\"https:\\\/\\\/cvinoticias.com\\\/v3\\\/#\\\/schema\\\/person\\\/2db77e3c6bc03c538495d7b2b8be9b66\"},\"headline\":\"Distinguieron a Aerol\u00edneas Argentinas por su compromiso sustentable\",\"datePublished\":\"2022-07-13T18:17:52+00:00\",\"mainEntityOfPage\":{\"@id\":\"https:\\\/\\\/cvinoticias.com\\\/v3\\\/distinguieron-a-aerolineas-argentinas-por-su-compromiso-sustentable\\\/\"},\"wordCount\":440,\"commentCount\":0,\"publisher\":{\"@id\":\"https:\\\/\\\/cvinoticias.com\\\/v3\\\/#organization\"},\"image\":{\"@id\":\"https:\\\/\\\/cvinoticias.com\\\/v3\\\/distinguieron-a-aerolineas-argentinas-por-su-compromiso-sustentable\\\/#primaryimage\"},\"thumbnailUrl\":\"https:\\\/\\\/cvinoticias.com\\\/wp-content\\\/uploads\\\/2022\\\/07\\\/0000094952.jpg\",\"articleSection\":[\"Sociedad\"],\"inLanguage\":\"es\",\"potentialAction\":[{\"@type\":\"CommentAction\",\"name\":\"Comment\",\"target\":[\"https:\\\/\\\/cvinoticias.com\\\/v3\\\/distinguieron-a-aerolineas-argentinas-por-su-compromiso-sustentable\\\/#respond\"]}]},{\"@type\":\"WebPage\",\"@id\":\"https:\\\/\\\/cvinoticias.com\\\/v3\\\/distinguieron-a-aerolineas-argentinas-por-su-compromiso-sustentable\\\/\",\"url\":\"https:\\\/\\\/cvinoticias.com\\\/v3\\\/distinguieron-a-aerolineas-argentinas-por-su-compromiso-sustentable\\\/\",\"name\":\"Distinguieron a Aerol\u00edneas Argentinas por su compromiso sustentable | CVI NOTICIAS\",\"isPartOf\":{\"@id\":\"https:\\\/\\\/cvinoticias.com\\\/v3\\\/#website\"},\"primaryImageOfPage\":{\"@id\":\"https:\\\/\\\/cvinoticias.com\\\/v3\\\/distinguieron-a-aerolineas-argentinas-por-su-compromiso-sustentable\\\/#primaryimage\"},\"image\":{\"@id\":\"https:\\\/\\\/cvinoticias.com\\\/v3\\\/distinguieron-a-aerolineas-argentinas-por-su-compromiso-sustentable\\\/#primaryimage\"},\"thumbnailUrl\":\"https:\\\/\\\/cvinoticias.com\\\/wp-content\\\/uploads\\\/2022\\\/07\\\/0000094952.jpg\",\"datePublished\":\"2022-07-13T18:17:52+00:00\",\"breadcrumb\":{\"@id\":\"https:\\\/\\\/cvinoticias.com\\\/v3\\\/distinguieron-a-aerolineas-argentinas-por-su-compromiso-sustentable\\\/#breadcrumb\"},\"inLanguage\":\"es\",\"potentialAction\":[{\"@type\":\"ReadAction\",\"target\":[\"https:\\\/\\\/cvinoticias.com\\\/v3\\\/distinguieron-a-aerolineas-argentinas-por-su-compromiso-sustentable\\\/\"]}]},{\"@type\":\"ImageObject\",\"inLanguage\":\"es\",\"@id\":\"https:\\\/\\\/cvinoticias.com\\\/v3\\\/distinguieron-a-aerolineas-argentinas-por-su-compromiso-sustentable\\\/#primaryimage\",\"url\":\"https:\\\/\\\/cvinoticias.com\\\/wp-content\\\/uploads\\\/2022\\\/07\\\/0000094952.jpg\",\"contentUrl\":\"https:\\\/\\\/cvinoticias.com\\\/wp-content\\\/uploads\\\/2022\\\/07\\\/0000094952.jpg\",\"width\":1200,\"height\":800},{\"@type\":\"BreadcrumbList\",\"@id\":\"https:\\\/\\\/cvinoticias.com\\\/v3\\\/distinguieron-a-aerolineas-argentinas-por-su-compromiso-sustentable\\\/#breadcrumb\",\"itemListElement\":[{\"@type\":\"ListItem\",\"position\":1,\"name\":\"Portada\",\"item\":\"https:\\\/\\\/cvinoticias.com\\\/v3\\\/\"},{\"@type\":\"ListItem\",\"position\":2,\"name\":\"Distinguieron a Aerol\u00edneas Argentinas por su compromiso sustentable\"}]},{\"@type\":\"WebSite\",\"@id\":\"https:\\\/\\\/cvinoticias.com\\\/v3\\\/#website\",\"url\":\"https:\\\/\\\/cvinoticias.com\\\/v3\\\/\",\"name\":\"CVI NOTICIAS\",\"description\":\"\",\"publisher\":{\"@id\":\"https:\\\/\\\/cvinoticias.com\\\/v3\\\/#organization\"},\"alternateName\":\"CVI\",\"potentialAction\":[{\"@type\":\"SearchAction\",\"target\":{\"@type\":\"EntryPoint\",\"urlTemplate\":\"https:\\\/\\\/cvinoticias.com\\\/v3\\\/?s={search_term_string}\"},\"query-input\":{\"@type\":\"PropertyValueSpecification\",\"valueRequired\":true,\"valueName\":\"search_term_string\"}}],\"inLanguage\":\"es\"},{\"@type\":\"Organization\",\"@id\":\"https:\\\/\\\/cvinoticias.com\\\/v3\\\/#organization\",\"name\":\"CVI NOTICIAS\",\"url\":\"https:\\\/\\\/cvinoticias.com\\\/v3\\\/\",\"logo\":{\"@type\":\"ImageObject\",\"inLanguage\":\"es\",\"@id\":\"https:\\\/\\\/cvinoticias.com\\\/v3\\\/#\\\/schema\\\/logo\\\/image\\\/\",\"url\":\"https:\\\/\\\/cvinoticias.com\\\/wp-content\\\/uploads\\\/2023\\\/04\\\/cropped-cropped-cropped-cropped-cropped-3-1.png\",\"contentUrl\":\"https:\\\/\\\/cvinoticias.com\\\/wp-content\\\/uploads\\\/2023\\\/04\\\/cropped-cropped-cropped-cropped-cropped-3-1.png\",\"width\":95,\"height\":122,\"caption\":\"CVI NOTICIAS\"},\"image\":{\"@id\":\"https:\\\/\\\/cvinoticias.com\\\/v3\\\/#\\\/schema\\\/logo\\\/image\\\/\"},\"sameAs\":[\"https:\\\/\\\/www.facebook.com\\\/cvinoticias\",\"https:\\\/\\\/www.instagram.com\\\/cvinoticias\\\/\",\"https:\\\/\\\/www.youtube.com\\\/@CVINOTICIAS\"]},{\"@type\":\"Person\",\"@id\":\"https:\\\/\\\/cvinoticias.com\\\/v3\\\/#\\\/schema\\\/person\\\/2db77e3c6bc03c538495d7b2b8be9b66\",\"name\":\"f1000024\",\"image\":{\"@type\":\"ImageObject\",\"inLanguage\":\"es\",\"@id\":\"https:\\\/\\\/secure.gravatar.com\\\/avatar\\\/d4fe7459cfc51ff5129ce1a732bbef5928568b8092d412ef95611616376bbeed?s=96&d=mm&r=g\",\"url\":\"https:\\\/\\\/secure.gravatar.com\\\/avatar\\\/d4fe7459cfc51ff5129ce1a732bbef5928568b8092d412ef95611616376bbeed?s=96&d=mm&r=g\",\"contentUrl\":\"https:\\\/\\\/secure.gravatar.com\\\/avatar\\\/d4fe7459cfc51ff5129ce1a732bbef5928568b8092d412ef95611616376bbeed?s=96&d=mm&r=g\",\"caption\":\"f1000024\"},\"url\":\"https:\\\/\\\/cvinoticias.com\\\/v3\\\/author\\\/f1000024\\\/\"}]}<\/script>\n<!-- \/ Yoast SEO plugin. -->","yoast_head_json":{"title":"Distinguieron a Aerol\u00edneas Argentinas por su compromiso sustentable | CVI NOTICIAS","robots":{"index":"index","follow":"follow","max-snippet":"max-snippet:-1","max-image-preview":"max-image-preview:large","max-video-preview":"max-video-preview:-1"},"canonical":"https:\/\/cvinoticias.com\/v3\/distinguieron-a-aerolineas-argentinas-por-su-compromiso-sustentable\/","og_locale":"es_ES","og_type":"article","og_title":"Distinguieron a Aerol\u00edneas Argentinas por su compromiso sustentable | CVI NOTICIAS","og_description":"El reconocimiento se dio en el marco de los Premios Skayteam, que nuclea una veintena de aerol\u00edneas. Aerol\u00edneas Argentinas fue galardonada con tres premios de la alianza Skyteam por su compromiso con la sustentabilidad y termin\u00f3 como finalista en otros dos, seg\u00fan inform\u00f3 hoy la compa\u00f1\u00eda de bandera. La distinci\u00f3n se dio en el marco [&hellip;]","og_url":"https:\/\/cvinoticias.com\/v3\/distinguieron-a-aerolineas-argentinas-por-su-compromiso-sustentable\/","og_site_name":"CVI NOTICIAS","article_publisher":"https:\/\/www.facebook.com\/cvinoticias","article_published_time":"2022-07-13T18:17:52+00:00","og_image":[{"width":1200,"height":800,"url":"https:\/\/cvinoticias.com\/wp-content\/uploads\/2022\/07\/0000094952.jpg","type":"image\/jpeg"}],"author":"f1000024","twitter_card":"summary_large_image","twitter_misc":{"Escrito por":"f1000024","Tiempo de lectura":"2 minutos"},"schema":{"@context":"https:\/\/schema.org","@graph":[{"@type":"Article","@id":"https:\/\/cvinoticias.com\/v3\/distinguieron-a-aerolineas-argentinas-por-su-compromiso-sustentable\/#article","isPartOf":{"@id":"https:\/\/cvinoticias.com\/v3\/distinguieron-a-aerolineas-argentinas-por-su-compromiso-sustentable\/"},"author":{"name":"f1000024","@id":"https:\/\/cvinoticias.com\/v3\/#\/schema\/person\/2db77e3c6bc03c538495d7b2b8be9b66"},"headline":"Distinguieron a Aerol\u00edneas Argentinas por su compromiso sustentable","datePublished":"2022-07-13T18:17:52+00:00","mainEntityOfPage":{"@id":"https:\/\/cvinoticias.com\/v3\/distinguieron-a-aerolineas-argentinas-por-su-compromiso-sustentable\/"},"wordCount":440,"commentCount":0,"publisher":{"@id":"https:\/\/cvinoticias.com\/v3\/#organization"},"image":{"@id":"https:\/\/cvinoticias.com\/v3\/distinguieron-a-aerolineas-argentinas-por-su-compromiso-sustentable\/#primaryimage"},"thumbnailUrl":"https:\/\/cvinoticias.com\/wp-content\/uploads\/2022\/07\/0000094952.jpg","articleSection":["Sociedad"],"inLanguage":"es","potentialAction":[{"@type":"CommentAction","name":"Comment","target":["https:\/\/cvinoticias.com\/v3\/distinguieron-a-aerolineas-argentinas-por-su-compromiso-sustentable\/#respond"]}]},{"@type":"WebPage","@id":"https:\/\/cvinoticias.com\/v3\/distinguieron-a-aerolineas-argentinas-por-su-compromiso-sustentable\/","url":"https:\/\/cvinoticias.com\/v3\/distinguieron-a-aerolineas-argentinas-por-su-compromiso-sustentable\/","name":"Distinguieron a Aerol\u00edneas Argentinas por su compromiso sustentable | CVI NOTICIAS","isPartOf":{"@id":"https:\/\/cvinoticias.com\/v3\/#website"},"primaryImageOfPage":{"@id":"https:\/\/cvinoticias.com\/v3\/distinguieron-a-aerolineas-argentinas-por-su-compromiso-sustentable\/#primaryimage"},"image":{"@id":"https:\/\/cvinoticias.com\/v3\/distinguieron-a-aerolineas-argentinas-por-su-compromiso-sustentable\/#primaryimage"},"thumbnailUrl":"https:\/\/cvinoticias.com\/wp-content\/uploads\/2022\/07\/0000094952.jpg","datePublished":"2022-07-13T18:17:52+00:00","breadcrumb":{"@id":"https:\/\/cvinoticias.com\/v3\/distinguieron-a-aerolineas-argentinas-por-su-compromiso-sustentable\/#breadcrumb"},"inLanguage":"es","potentialAction":[{"@type":"ReadAction","target":["https:\/\/cvinoticias.com\/v3\/distinguieron-a-aerolineas-argentinas-por-su-compromiso-sustentable\/"]}]},{"@type":"ImageObject","inLanguage":"es","@id":"https:\/\/cvinoticias.com\/v3\/distinguieron-a-aerolineas-argentinas-por-su-compromiso-sustentable\/#primaryimage","url":"https:\/\/cvinoticias.com\/wp-content\/uploads\/2022\/07\/0000094952.jpg","contentUrl":"https:\/\/cvinoticias.com\/wp-content\/uploads\/2022\/07\/0000094952.jpg","width":1200,"height":800},{"@type":"BreadcrumbList","@id":"https:\/\/cvinoticias.com\/v3\/distinguieron-a-aerolineas-argentinas-por-su-compromiso-sustentable\/#breadcrumb","itemListElement":[{"@type":"ListItem","position":1,"name":"Portada","item":"https:\/\/cvinoticias.com\/v3\/"},{"@type":"ListItem","position":2,"name":"Distinguieron a Aerol\u00edneas Argentinas por su compromiso sustentable"}]},{"@type":"WebSite","@id":"https:\/\/cvinoticias.com\/v3\/#website","url":"https:\/\/cvinoticias.com\/v3\/","name":"CVI NOTICIAS","description":"","publisher":{"@id":"https:\/\/cvinoticias.com\/v3\/#organization"},"alternateName":"CVI","potentialAction":[{"@type":"SearchAction","target":{"@type":"EntryPoint","urlTemplate":"https:\/\/cvinoticias.com\/v3\/?s={search_term_string}"},"query-input":{"@type":"PropertyValueSpecification","valueRequired":true,"valueName":"search_term_string"}}],"inLanguage":"es"},{"@type":"Organization","@id":"https:\/\/cvinoticias.com\/v3\/#organization","name":"CVI NOTICIAS","url":"https:\/\/cvinoticias.com\/v3\/","logo":{"@type":"ImageObject","inLanguage":"es","@id":"https:\/\/cvinoticias.com\/v3\/#\/schema\/logo\/image\/","url":"https:\/\/cvinoticias.com\/wp-content\/uploads\/2023\/04\/cropped-cropped-cropped-cropped-cropped-3-1.png","contentUrl":"https:\/\/cvinoticias.com\/wp-content\/uploads\/2023\/04\/cropped-cropped-cropped-cropped-cropped-3-1.png","width":95,"height":122,"caption":"CVI NOTICIAS"},"image":{"@id":"https:\/\/cvinoticias.com\/v3\/#\/schema\/logo\/image\/"},"sameAs":["https:\/\/www.facebook.com\/cvinoticias","https:\/\/www.instagram.com\/cvinoticias\/","https:\/\/www.youtube.com\/@CVINOTICIAS"]},{"@type":"Person","@id":"https:\/\/cvinoticias.com\/v3\/#\/schema\/person\/2db77e3c6bc03c538495d7b2b8be9b66","name":"f1000024","image":{"@type":"ImageObject","inLanguage":"es","@id":"https:\/\/secure.gravatar.com\/avatar\/d4fe7459cfc51ff5129ce1a732bbef5928568b8092d412ef95611616376bbeed?s=96&d=mm&r=g","url":"https:\/\/secure.gravatar.com\/avatar\/d4fe7459cfc51ff5129ce1a732bbef5928568b8092d412ef95611616376bbeed?s=96&d=mm&r=g","contentUrl":"https:\/\/secure.gravatar.com\/avatar\/d4fe7459cfc51ff5129ce1a732bbef5928568b8092d412ef95611616376bbeed?s=96&d=mm&r=g","caption":"f1000024"},"url":"https:\/\/cvinoticias.com\/v3\/author\/f1000024\/"}]}},"_links":{"self":[{"href":"https:\/\/cvinoticias.com\/v3\/wp-json\/wp\/v2\/posts\/17591","targetHints":{"allow":["GET"]}}],"collection":[{"href":"https:\/\/cvinoticias.com\/v3\/wp-json\/wp\/v2\/posts"}],"about":[{"href":"https:\/\/cvinoticias.com\/v3\/wp-json\/wp\/v2\/types\/post"}],"author":[{"embeddable":true,"href":"https:\/\/cvinoticias.com\/v3\/wp-json\/wp\/v2\/users\/2"}],"replies":[{"embeddable":true,"href":"https:\/\/cvinoticias.com\/v3\/wp-json\/wp\/v2\/comments?post=17591"}],"version-history":[{"count":1,"href":"https:\/\/cvinoticias.com\/v3\/wp-json\/wp\/v2\/posts\/17591\/revisions"}],"predecessor-version":[{"id":17593,"href":"https:\/\/cvinoticias.com\/v3\/wp-json\/wp\/v2\/posts\/17591\/revisions\/17593"}],"wp:featuredmedia":[{"embeddable":true,"href":"https:\/\/cvinoticias.com\/v3\/wp-json\/wp\/v2\/media\/17592"}],"wp:attachment":[{"href":"https:\/\/cvinoticias.com\/v3\/wp-json\/wp\/v2\/media?parent=17591"}],"wp:term":[{"taxonomy":"category","embeddable":true,"href":"https:\/\/cvinoticias.com\/v3\/wp-json\/wp\/v2\/categories?post=17591"},{"taxonomy":"post_tag","embeddable":true,"href":"https:\/\/cvinoticias.com\/v3\/wp-json\/wp\/v2\/tags?post=17591"}],"curies":[{"name":"wp","href":"https:\/\/api.w.org\/{rel}","templated":true}]}}