{"id":17585,"date":"2022-07-13T18:05:38","date_gmt":"2022-07-13T18:05:38","guid":{"rendered":"https:\/\/cvinoticias.com\/v3\/?p=17585"},"modified":"2022-07-13T18:05:38","modified_gmt":"2022-07-13T18:05:38","slug":"el-indec-afirmo-que-los-censistas-comenzaran-a-cobrar-el-lunes-18-de-julio","status":"publish","type":"post","link":"https:\/\/cvinoticias.com\/v3\/el-indec-afirmo-que-los-censistas-comenzaran-a-cobrar-el-lunes-18-de-julio\/","title":{"rendered":"<br>El Indec afirm\u00f3 que los censistas comenzar\u00e1n a cobrar el lunes 18 de julio"},"content":{"rendered":"\n<p><strong><em>A casi dos meses de realizado el Censo 2022 y tras los reclamos de los 750 mil censistas que participaron de la jornada, el INDEC anunci\u00f3 que ya hay fecha de cobro confirmada por los servicios realizados durante el 18 de mayo.<\/em><\/strong><\/p>\n\n\n\n<p>Desde un principio las autoridades hab\u00edan indicado que el retraso en los pagos se daba porque muchos censistas no ten\u00edan cuenta bancaria y a su vez por la cantidad de voluntarios que hubo en esta oportunidad.<\/p>\n\n\n\n<p>Asimismo, se aclar\u00f3 que el Banco de la Naci\u00f3n Argentina est\u00e1 haciendo \u00abalgunas transferencias y otras \u00f3rdenes est\u00e1n en Tesorer\u00eda General de la Naci\u00f3n, que tiene que dar la orden final para transferir\u00bb.<\/p>\n\n\n\n<p>Los reclamos se dan en todo el pa\u00eds y sumado a ello el escenario es desparejo ya que, por ejemplo, San Luis, Salta, Catamarca y Tucum\u00e1n ya empezaron a pagar mientras que las dem\u00e1s provincias a\u00fan no lo hicieron.<\/p>\n\n\n\n<p>Sin embargo, seg\u00fan indic\u00f3 el organismo de estad\u00edstica y censos, ya se firmaron las resoluciones y \u00f3rdenes de pago, por lo que los censistas comenzar\u00e1n a cobrar el lunes 18 de julio. Aunque muchos ya tuvieron la suerte de cobrar, otros tantos lo har\u00e1n en estos d\u00edas pese a que se estima que se completar\u00e1 a partir de ese d\u00eda.<\/p>\n\n\n\n<p>Desde el INDEC aclararon que reci\u00e9n el 30 de junio mandaron las planillas a las jurisdicciones para la rectificaci\u00f3n final. All\u00ed el banco deber\u00e1 pedir autorizaci\u00f3n a Tesorer\u00eda General de la Naci\u00f3n para girar el dinero y una vez que Tesorer\u00eda autoriza, el Banco finalmente hace los giros.<\/p>\n\n\n\n<p>\u00abSon 750.000 personas a las que hay que pagarles y previo el pago se deb\u00eda certificar el cumplimiento de las tareas para asegurar el pago a las personas que correspondan. Ya hay censistas que han recibido el pago, pero no deja de ser una cantidad enorme que se tiene que habilitar\u00bb, justificaron.<\/p>\n\n\n\n<p>As\u00ed, \u00abpara la Estructura Censal del Censo Nacional de Poblaci\u00f3n, Hogares y Viviendas ronda 2020 del INDEC\u00bb la resoluci\u00f3n oficializa \u00ablas sumas fijas no remunerativas que se percibir\u00e1n en concepto de reconocimiento de gastos por las tareas censales\u00bb, las cuales son:<\/p>\n\n\n\n<p>Los Jefe de Fracci\u00f3n cobrar\u00e1n $50.000, los Asistente de Jefe de Fracci\u00f3n $23.000, los Jefe de Radio $13.000, Censista Urbano $6000, Censista rural categor\u00eda 1 $8.500, Censista rural categor\u00eda 2 $12.000, Censista rural categor\u00eda 3 $15.000, Censista suplente $1500.<\/p>\n\n\n\n<p>Los censistas percibir\u00e1n $6 mil por ser voluntario en el Censo Nacional de Poblaci\u00f3n, Hogares y Viviendas, realizado el pasado 18 de mayo.<\/p>\n\n\n\n<p>En este sentido muchos reclamaban la falta de pago y que por la inflaci\u00f3n ese monto total equivaldr\u00eda una p\u00e9rdida del poder adquisitivo del 10%.<\/p>\n\n\n\n<p><\/p>\n","protected":false},"excerpt":{"rendered":"<p>A casi dos meses de realizado el Censo 2022 y tras los reclamos de los 750 mil censistas que participaron de la jornada, el INDEC anunci\u00f3 que ya hay fecha de cobro confirmada por los servicios realizados durante el 18 de mayo. Desde un principio las autoridades hab\u00edan indicado que el retraso en los pagos [&hellip;]<\/p>\n","protected":false},"author":2,"featured_media":17586,"comment_status":"open","ping_status":"open","sticky":false,"template":"","format":"standard","meta":{"footnotes":""},"categories":[35],"tags":[],"class_list":["post-17585","post","type-post","status-publish","format-standard","has-post-thumbnail","hentry","category-informacion-general"],"yoast_head":"<!-- This site is optimized with the Yoast SEO plugin v27.4 - https:\/\/yoast.com\/product\/yoast-seo-wordpress\/ -->\n<title>El Indec afirm\u00f3 que los censistas comenzar\u00e1n a cobrar el lunes 18 de julio | CVI NOTICIAS<\/title>\n<meta name=\"robots\" content=\"index, follow, max-snippet:-1, max-image-preview:large, max-video-preview:-1\" \/>\n<link rel=\"canonical\" href=\"https:\/\/cvinoticias.com\/v3\/el-indec-afirmo-que-los-censistas-comenzaran-a-cobrar-el-lunes-18-de-julio\/\" \/>\n<meta property=\"og:locale\" content=\"es_ES\" \/>\n<meta property=\"og:type\" content=\"article\" \/>\n<meta property=\"og:title\" content=\"El Indec afirm\u00f3 que los censistas comenzar\u00e1n a cobrar el lunes 18 de julio | CVI NOTICIAS\" \/>\n<meta property=\"og:description\" content=\"A casi dos meses de realizado el Censo 2022 y tras los reclamos de los 750 mil censistas que participaron de la jornada, el INDEC anunci\u00f3 que ya hay fecha de cobro confirmada por los servicios realizados durante el 18 de mayo. Desde un principio las autoridades hab\u00edan indicado que el retraso en los pagos [&hellip;]\" \/>\n<meta property=\"og:url\" content=\"https:\/\/cvinoticias.com\/v3\/el-indec-afirmo-que-los-censistas-comenzaran-a-cobrar-el-lunes-18-de-julio\/\" \/>\n<meta property=\"og:site_name\" content=\"CVI NOTICIAS\" \/>\n<meta property=\"article:publisher\" content=\"https:\/\/www.facebook.com\/cvinoticias\" \/>\n<meta property=\"article:published_time\" content=\"2022-07-13T18:05:38+00:00\" \/>\n<meta property=\"og:image\" content=\"https:\/\/cvinoticias.com\/wp-content\/uploads\/2022\/07\/censo-2022.jpg\" \/>\n\t<meta property=\"og:image:width\" content=\"730\" \/>\n\t<meta property=\"og:image:height\" content=\"487\" \/>\n\t<meta property=\"og:image:type\" content=\"image\/jpeg\" \/>\n<meta name=\"author\" content=\"f1000024\" \/>\n<meta name=\"twitter:card\" content=\"summary_large_image\" \/>\n<meta name=\"twitter:label1\" content=\"Escrito por\" \/>\n\t<meta name=\"twitter:data1\" content=\"f1000024\" \/>\n\t<meta name=\"twitter:label2\" content=\"Tiempo de lectura\" \/>\n\t<meta name=\"twitter:data2\" content=\"2 minutos\" \/>\n<script type=\"application\/ld+json\" class=\"yoast-schema-graph\">{\"@context\":\"https:\\\/\\\/schema.org\",\"@graph\":[{\"@type\":\"Article\",\"@id\":\"https:\\\/\\\/cvinoticias.com\\\/v3\\\/el-indec-afirmo-que-los-censistas-comenzaran-a-cobrar-el-lunes-18-de-julio\\\/#article\",\"isPartOf\":{\"@id\":\"https:\\\/\\\/cvinoticias.com\\\/v3\\\/el-indec-afirmo-que-los-censistas-comenzaran-a-cobrar-el-lunes-18-de-julio\\\/\"},\"author\":{\"name\":\"f1000024\",\"@id\":\"https:\\\/\\\/cvinoticias.com\\\/v3\\\/#\\\/schema\\\/person\\\/2db77e3c6bc03c538495d7b2b8be9b66\"},\"headline\":\"El Indec afirm\u00f3 que los censistas comenzar\u00e1n a cobrar el lunes 18 de julio\",\"datePublished\":\"2022-07-13T18:05:38+00:00\",\"mainEntityOfPage\":{\"@id\":\"https:\\\/\\\/cvinoticias.com\\\/v3\\\/el-indec-afirmo-que-los-censistas-comenzaran-a-cobrar-el-lunes-18-de-julio\\\/\"},\"wordCount\":468,\"commentCount\":0,\"publisher\":{\"@id\":\"https:\\\/\\\/cvinoticias.com\\\/v3\\\/#organization\"},\"image\":{\"@id\":\"https:\\\/\\\/cvinoticias.com\\\/v3\\\/el-indec-afirmo-que-los-censistas-comenzaran-a-cobrar-el-lunes-18-de-julio\\\/#primaryimage\"},\"thumbnailUrl\":\"https:\\\/\\\/cvinoticias.com\\\/wp-content\\\/uploads\\\/2022\\\/07\\\/censo-2022.jpg\",\"articleSection\":[\"Informaci\u00f3n General\"],\"inLanguage\":\"es\",\"potentialAction\":[{\"@type\":\"CommentAction\",\"name\":\"Comment\",\"target\":[\"https:\\\/\\\/cvinoticias.com\\\/v3\\\/el-indec-afirmo-que-los-censistas-comenzaran-a-cobrar-el-lunes-18-de-julio\\\/#respond\"]}]},{\"@type\":\"WebPage\",\"@id\":\"https:\\\/\\\/cvinoticias.com\\\/v3\\\/el-indec-afirmo-que-los-censistas-comenzaran-a-cobrar-el-lunes-18-de-julio\\\/\",\"url\":\"https:\\\/\\\/cvinoticias.com\\\/v3\\\/el-indec-afirmo-que-los-censistas-comenzaran-a-cobrar-el-lunes-18-de-julio\\\/\",\"name\":\"El Indec afirm\u00f3 que los censistas comenzar\u00e1n a cobrar el lunes 18 de julio | CVI NOTICIAS\",\"isPartOf\":{\"@id\":\"https:\\\/\\\/cvinoticias.com\\\/v3\\\/#website\"},\"primaryImageOfPage\":{\"@id\":\"https:\\\/\\\/cvinoticias.com\\\/v3\\\/el-indec-afirmo-que-los-censistas-comenzaran-a-cobrar-el-lunes-18-de-julio\\\/#primaryimage\"},\"image\":{\"@id\":\"https:\\\/\\\/cvinoticias.com\\\/v3\\\/el-indec-afirmo-que-los-censistas-comenzaran-a-cobrar-el-lunes-18-de-julio\\\/#primaryimage\"},\"thumbnailUrl\":\"https:\\\/\\\/cvinoticias.com\\\/wp-content\\\/uploads\\\/2022\\\/07\\\/censo-2022.jpg\",\"datePublished\":\"2022-07-13T18:05:38+00:00\",\"breadcrumb\":{\"@id\":\"https:\\\/\\\/cvinoticias.com\\\/v3\\\/el-indec-afirmo-que-los-censistas-comenzaran-a-cobrar-el-lunes-18-de-julio\\\/#breadcrumb\"},\"inLanguage\":\"es\",\"potentialAction\":[{\"@type\":\"ReadAction\",\"target\":[\"https:\\\/\\\/cvinoticias.com\\\/v3\\\/el-indec-afirmo-que-los-censistas-comenzaran-a-cobrar-el-lunes-18-de-julio\\\/\"]}]},{\"@type\":\"ImageObject\",\"inLanguage\":\"es\",\"@id\":\"https:\\\/\\\/cvinoticias.com\\\/v3\\\/el-indec-afirmo-que-los-censistas-comenzaran-a-cobrar-el-lunes-18-de-julio\\\/#primaryimage\",\"url\":\"https:\\\/\\\/cvinoticias.com\\\/wp-content\\\/uploads\\\/2022\\\/07\\\/censo-2022.jpg\",\"contentUrl\":\"https:\\\/\\\/cvinoticias.com\\\/wp-content\\\/uploads\\\/2022\\\/07\\\/censo-2022.jpg\",\"width\":730,\"height\":487},{\"@type\":\"BreadcrumbList\",\"@id\":\"https:\\\/\\\/cvinoticias.com\\\/v3\\\/el-indec-afirmo-que-los-censistas-comenzaran-a-cobrar-el-lunes-18-de-julio\\\/#breadcrumb\",\"itemListElement\":[{\"@type\":\"ListItem\",\"position\":1,\"name\":\"Portada\",\"item\":\"https:\\\/\\\/cvinoticias.com\\\/v3\\\/\"},{\"@type\":\"ListItem\",\"position\":2,\"name\":\"El Indec afirm\u00f3 que los censistas comenzar\u00e1n a cobrar el lunes 18 de julio\"}]},{\"@type\":\"WebSite\",\"@id\":\"https:\\\/\\\/cvinoticias.com\\\/v3\\\/#website\",\"url\":\"https:\\\/\\\/cvinoticias.com\\\/v3\\\/\",\"name\":\"CVI NOTICIAS\",\"description\":\"\",\"publisher\":{\"@id\":\"https:\\\/\\\/cvinoticias.com\\\/v3\\\/#organization\"},\"alternateName\":\"CVI\",\"potentialAction\":[{\"@type\":\"SearchAction\",\"target\":{\"@type\":\"EntryPoint\",\"urlTemplate\":\"https:\\\/\\\/cvinoticias.com\\\/v3\\\/?s={search_term_string}\"},\"query-input\":{\"@type\":\"PropertyValueSpecification\",\"valueRequired\":true,\"valueName\":\"search_term_string\"}}],\"inLanguage\":\"es\"},{\"@type\":\"Organization\",\"@id\":\"https:\\\/\\\/cvinoticias.com\\\/v3\\\/#organization\",\"name\":\"CVI NOTICIAS\",\"url\":\"https:\\\/\\\/cvinoticias.com\\\/v3\\\/\",\"logo\":{\"@type\":\"ImageObject\",\"inLanguage\":\"es\",\"@id\":\"https:\\\/\\\/cvinoticias.com\\\/v3\\\/#\\\/schema\\\/logo\\\/image\\\/\",\"url\":\"https:\\\/\\\/cvinoticias.com\\\/wp-content\\\/uploads\\\/2023\\\/04\\\/cropped-cropped-cropped-cropped-cropped-3-1.png\",\"contentUrl\":\"https:\\\/\\\/cvinoticias.com\\\/wp-content\\\/uploads\\\/2023\\\/04\\\/cropped-cropped-cropped-cropped-cropped-3-1.png\",\"width\":95,\"height\":122,\"caption\":\"CVI NOTICIAS\"},\"image\":{\"@id\":\"https:\\\/\\\/cvinoticias.com\\\/v3\\\/#\\\/schema\\\/logo\\\/image\\\/\"},\"sameAs\":[\"https:\\\/\\\/www.facebook.com\\\/cvinoticias\",\"https:\\\/\\\/www.instagram.com\\\/cvinoticias\\\/\",\"https:\\\/\\\/www.youtube.com\\\/@CVINOTICIAS\"]},{\"@type\":\"Person\",\"@id\":\"https:\\\/\\\/cvinoticias.com\\\/v3\\\/#\\\/schema\\\/person\\\/2db77e3c6bc03c538495d7b2b8be9b66\",\"name\":\"f1000024\",\"image\":{\"@type\":\"ImageObject\",\"inLanguage\":\"es\",\"@id\":\"https:\\\/\\\/secure.gravatar.com\\\/avatar\\\/d4fe7459cfc51ff5129ce1a732bbef5928568b8092d412ef95611616376bbeed?s=96&d=mm&r=g\",\"url\":\"https:\\\/\\\/secure.gravatar.com\\\/avatar\\\/d4fe7459cfc51ff5129ce1a732bbef5928568b8092d412ef95611616376bbeed?s=96&d=mm&r=g\",\"contentUrl\":\"https:\\\/\\\/secure.gravatar.com\\\/avatar\\\/d4fe7459cfc51ff5129ce1a732bbef5928568b8092d412ef95611616376bbeed?s=96&d=mm&r=g\",\"caption\":\"f1000024\"},\"url\":\"https:\\\/\\\/cvinoticias.com\\\/v3\\\/author\\\/f1000024\\\/\"}]}<\/script>\n<!-- \/ Yoast SEO plugin. -->","yoast_head_json":{"title":"El Indec afirm\u00f3 que los censistas comenzar\u00e1n a cobrar el lunes 18 de julio | CVI NOTICIAS","robots":{"index":"index","follow":"follow","max-snippet":"max-snippet:-1","max-image-preview":"max-image-preview:large","max-video-preview":"max-video-preview:-1"},"canonical":"https:\/\/cvinoticias.com\/v3\/el-indec-afirmo-que-los-censistas-comenzaran-a-cobrar-el-lunes-18-de-julio\/","og_locale":"es_ES","og_type":"article","og_title":"El Indec afirm\u00f3 que los censistas comenzar\u00e1n a cobrar el lunes 18 de julio | CVI NOTICIAS","og_description":"A casi dos meses de realizado el Censo 2022 y tras los reclamos de los 750 mil censistas que participaron de la jornada, el INDEC anunci\u00f3 que ya hay fecha de cobro confirmada por los servicios realizados durante el 18 de mayo. Desde un principio las autoridades hab\u00edan indicado que el retraso en los pagos [&hellip;]","og_url":"https:\/\/cvinoticias.com\/v3\/el-indec-afirmo-que-los-censistas-comenzaran-a-cobrar-el-lunes-18-de-julio\/","og_site_name":"CVI NOTICIAS","article_publisher":"https:\/\/www.facebook.com\/cvinoticias","article_published_time":"2022-07-13T18:05:38+00:00","og_image":[{"width":730,"height":487,"url":"https:\/\/cvinoticias.com\/wp-content\/uploads\/2022\/07\/censo-2022.jpg","type":"image\/jpeg"}],"author":"f1000024","twitter_card":"summary_large_image","twitter_misc":{"Escrito por":"f1000024","Tiempo de lectura":"2 minutos"},"schema":{"@context":"https:\/\/schema.org","@graph":[{"@type":"Article","@id":"https:\/\/cvinoticias.com\/v3\/el-indec-afirmo-que-los-censistas-comenzaran-a-cobrar-el-lunes-18-de-julio\/#article","isPartOf":{"@id":"https:\/\/cvinoticias.com\/v3\/el-indec-afirmo-que-los-censistas-comenzaran-a-cobrar-el-lunes-18-de-julio\/"},"author":{"name":"f1000024","@id":"https:\/\/cvinoticias.com\/v3\/#\/schema\/person\/2db77e3c6bc03c538495d7b2b8be9b66"},"headline":"El Indec afirm\u00f3 que los censistas comenzar\u00e1n a cobrar el lunes 18 de julio","datePublished":"2022-07-13T18:05:38+00:00","mainEntityOfPage":{"@id":"https:\/\/cvinoticias.com\/v3\/el-indec-afirmo-que-los-censistas-comenzaran-a-cobrar-el-lunes-18-de-julio\/"},"wordCount":468,"commentCount":0,"publisher":{"@id":"https:\/\/cvinoticias.com\/v3\/#organization"},"image":{"@id":"https:\/\/cvinoticias.com\/v3\/el-indec-afirmo-que-los-censistas-comenzaran-a-cobrar-el-lunes-18-de-julio\/#primaryimage"},"thumbnailUrl":"https:\/\/cvinoticias.com\/wp-content\/uploads\/2022\/07\/censo-2022.jpg","articleSection":["Informaci\u00f3n General"],"inLanguage":"es","potentialAction":[{"@type":"CommentAction","name":"Comment","target":["https:\/\/cvinoticias.com\/v3\/el-indec-afirmo-que-los-censistas-comenzaran-a-cobrar-el-lunes-18-de-julio\/#respond"]}]},{"@type":"WebPage","@id":"https:\/\/cvinoticias.com\/v3\/el-indec-afirmo-que-los-censistas-comenzaran-a-cobrar-el-lunes-18-de-julio\/","url":"https:\/\/cvinoticias.com\/v3\/el-indec-afirmo-que-los-censistas-comenzaran-a-cobrar-el-lunes-18-de-julio\/","name":"El Indec afirm\u00f3 que los censistas comenzar\u00e1n a cobrar el lunes 18 de julio | CVI NOTICIAS","isPartOf":{"@id":"https:\/\/cvinoticias.com\/v3\/#website"},"primaryImageOfPage":{"@id":"https:\/\/cvinoticias.com\/v3\/el-indec-afirmo-que-los-censistas-comenzaran-a-cobrar-el-lunes-18-de-julio\/#primaryimage"},"image":{"@id":"https:\/\/cvinoticias.com\/v3\/el-indec-afirmo-que-los-censistas-comenzaran-a-cobrar-el-lunes-18-de-julio\/#primaryimage"},"thumbnailUrl":"https:\/\/cvinoticias.com\/wp-content\/uploads\/2022\/07\/censo-2022.jpg","datePublished":"2022-07-13T18:05:38+00:00","breadcrumb":{"@id":"https:\/\/cvinoticias.com\/v3\/el-indec-afirmo-que-los-censistas-comenzaran-a-cobrar-el-lunes-18-de-julio\/#breadcrumb"},"inLanguage":"es","potentialAction":[{"@type":"ReadAction","target":["https:\/\/cvinoticias.com\/v3\/el-indec-afirmo-que-los-censistas-comenzaran-a-cobrar-el-lunes-18-de-julio\/"]}]},{"@type":"ImageObject","inLanguage":"es","@id":"https:\/\/cvinoticias.com\/v3\/el-indec-afirmo-que-los-censistas-comenzaran-a-cobrar-el-lunes-18-de-julio\/#primaryimage","url":"https:\/\/cvinoticias.com\/wp-content\/uploads\/2022\/07\/censo-2022.jpg","contentUrl":"https:\/\/cvinoticias.com\/wp-content\/uploads\/2022\/07\/censo-2022.jpg","width":730,"height":487},{"@type":"BreadcrumbList","@id":"https:\/\/cvinoticias.com\/v3\/el-indec-afirmo-que-los-censistas-comenzaran-a-cobrar-el-lunes-18-de-julio\/#breadcrumb","itemListElement":[{"@type":"ListItem","position":1,"name":"Portada","item":"https:\/\/cvinoticias.com\/v3\/"},{"@type":"ListItem","position":2,"name":"El Indec afirm\u00f3 que los censistas comenzar\u00e1n a cobrar el lunes 18 de julio"}]},{"@type":"WebSite","@id":"https:\/\/cvinoticias.com\/v3\/#website","url":"https:\/\/cvinoticias.com\/v3\/","name":"CVI NOTICIAS","description":"","publisher":{"@id":"https:\/\/cvinoticias.com\/v3\/#organization"},"alternateName":"CVI","potentialAction":[{"@type":"SearchAction","target":{"@type":"EntryPoint","urlTemplate":"https:\/\/cvinoticias.com\/v3\/?s={search_term_string}"},"query-input":{"@type":"PropertyValueSpecification","valueRequired":true,"valueName":"search_term_string"}}],"inLanguage":"es"},{"@type":"Organization","@id":"https:\/\/cvinoticias.com\/v3\/#organization","name":"CVI NOTICIAS","url":"https:\/\/cvinoticias.com\/v3\/","logo":{"@type":"ImageObject","inLanguage":"es","@id":"https:\/\/cvinoticias.com\/v3\/#\/schema\/logo\/image\/","url":"https:\/\/cvinoticias.com\/wp-content\/uploads\/2023\/04\/cropped-cropped-cropped-cropped-cropped-3-1.png","contentUrl":"https:\/\/cvinoticias.com\/wp-content\/uploads\/2023\/04\/cropped-cropped-cropped-cropped-cropped-3-1.png","width":95,"height":122,"caption":"CVI NOTICIAS"},"image":{"@id":"https:\/\/cvinoticias.com\/v3\/#\/schema\/logo\/image\/"},"sameAs":["https:\/\/www.facebook.com\/cvinoticias","https:\/\/www.instagram.com\/cvinoticias\/","https:\/\/www.youtube.com\/@CVINOTICIAS"]},{"@type":"Person","@id":"https:\/\/cvinoticias.com\/v3\/#\/schema\/person\/2db77e3c6bc03c538495d7b2b8be9b66","name":"f1000024","image":{"@type":"ImageObject","inLanguage":"es","@id":"https:\/\/secure.gravatar.com\/avatar\/d4fe7459cfc51ff5129ce1a732bbef5928568b8092d412ef95611616376bbeed?s=96&d=mm&r=g","url":"https:\/\/secure.gravatar.com\/avatar\/d4fe7459cfc51ff5129ce1a732bbef5928568b8092d412ef95611616376bbeed?s=96&d=mm&r=g","contentUrl":"https:\/\/secure.gravatar.com\/avatar\/d4fe7459cfc51ff5129ce1a732bbef5928568b8092d412ef95611616376bbeed?s=96&d=mm&r=g","caption":"f1000024"},"url":"https:\/\/cvinoticias.com\/v3\/author\/f1000024\/"}]}},"_links":{"self":[{"href":"https:\/\/cvinoticias.com\/v3\/wp-json\/wp\/v2\/posts\/17585","targetHints":{"allow":["GET"]}}],"collection":[{"href":"https:\/\/cvinoticias.com\/v3\/wp-json\/wp\/v2\/posts"}],"about":[{"href":"https:\/\/cvinoticias.com\/v3\/wp-json\/wp\/v2\/types\/post"}],"author":[{"embeddable":true,"href":"https:\/\/cvinoticias.com\/v3\/wp-json\/wp\/v2\/users\/2"}],"replies":[{"embeddable":true,"href":"https:\/\/cvinoticias.com\/v3\/wp-json\/wp\/v2\/comments?post=17585"}],"version-history":[{"count":1,"href":"https:\/\/cvinoticias.com\/v3\/wp-json\/wp\/v2\/posts\/17585\/revisions"}],"predecessor-version":[{"id":17587,"href":"https:\/\/cvinoticias.com\/v3\/wp-json\/wp\/v2\/posts\/17585\/revisions\/17587"}],"wp:featuredmedia":[{"embeddable":true,"href":"https:\/\/cvinoticias.com\/v3\/wp-json\/wp\/v2\/media\/17586"}],"wp:attachment":[{"href":"https:\/\/cvinoticias.com\/v3\/wp-json\/wp\/v2\/media?parent=17585"}],"wp:term":[{"taxonomy":"category","embeddable":true,"href":"https:\/\/cvinoticias.com\/v3\/wp-json\/wp\/v2\/categories?post=17585"},{"taxonomy":"post_tag","embeddable":true,"href":"https:\/\/cvinoticias.com\/v3\/wp-json\/wp\/v2\/tags?post=17585"}],"curies":[{"name":"wp","href":"https:\/\/api.w.org\/{rel}","templated":true}]}}