{"id":17573,"date":"2022-07-13T10:54:48","date_gmt":"2022-07-13T10:54:48","guid":{"rendered":"https:\/\/cvinoticias.com\/v3\/?p=17573"},"modified":"2022-07-13T10:54:48","modified_gmt":"2022-07-13T10:54:48","slug":"rodriguez-larreta-pondero-a-misiones-como-ejemplo-de-economia-del-conocimiento","status":"publish","type":"post","link":"https:\/\/cvinoticias.com\/v3\/rodriguez-larreta-pondero-a-misiones-como-ejemplo-de-economia-del-conocimiento\/","title":{"rendered":"Rodr\u00edguez Larreta ponder\u00f3 a Misiones como ejemplo de econom\u00eda del conocimiento"},"content":{"rendered":"\n<p><strong><em>El Jefe de Gobierno de la Ciudad de Buenos Aires, Horacio Rodr\u00edguez Larreta, particip\u00f3 esta ma\u00f1ana del foro \u201cDemocracia y Desarrollo\u201d organizado por Clar\u00edn. Durante su exposici\u00f3n, en la que hizo referencia a la importancia federal de la econom\u00eda del conocimiento, el mandatario de Juntos por el Cambio ponder\u00f3 el desarrollo de la misma en Misiones.<\/em><\/strong><\/p>\n\n\n\n<p><em>\u201cLa industria del conocimiento es una industria federalizable ya que no la afectan las distancias y no est\u00e1 asociada a un recurso natural que est\u00e9 localizado en alg\u00fan lugar espec\u00edfico; se puede desarrollar en cualquier lado. Hay 12 parques tecnol\u00f3gicos en la Argentina, uno de los m\u00e1s importantes es el de Misiones que es una provincia muy fuerte en esto\u201d<\/em> sostuvo Rodr\u00edguez Larreta en el Foro.<\/p>\n\n\n\n<p>Durante el encuentro, que reuni\u00f3 a funcionarios, acad\u00e9micos y empresarios, el Jefe de Gobierno de la Ciudad de Buenos Aires defini\u00f3 al sector de la econom\u00eda del conocimiento como uno de los ejemplos de lo que llama la \u201cArgentina contenida\u201d. _\u201cEsa Argentina que tiene mucho potencial de producci\u00f3n y generaci\u00f3n de trabajo, pero que por malas decisiones est\u00e1 contenido, imposibilitado de desplegarse. Hoy tiene el freno de mano puesto\u00bb, explic\u00f3.<\/p>\n\n\n\n<figure class=\"wp-block-image size-large\"><a href=\"https:\/\/cvinoticias.com\/wp-content\/uploads\/2022\/07\/IMG-20220712-WA0134.jpg\"><img decoding=\"async\" width=\"1024\" height=\"681\" data-src=\"https:\/\/cvinoticias.com\/wp-content\/uploads\/2022\/07\/IMG-20220712-WA0134-1024x681.jpg\" alt=\"\" class=\"wp-image-17574 lazyload\" data-srcset=\"https:\/\/cvinoticias.com\/wp-content\/uploads\/2022\/07\/IMG-20220712-WA0134-1024x681.jpg 1024w, https:\/\/cvinoticias.com\/wp-content\/uploads\/2022\/07\/IMG-20220712-WA0134-300x199.jpg 300w, https:\/\/cvinoticias.com\/wp-content\/uploads\/2022\/07\/IMG-20220712-WA0134-768x511.jpg 768w, https:\/\/cvinoticias.com\/wp-content\/uploads\/2022\/07\/IMG-20220712-WA0134.jpg 1280w\" data-sizes=\"(max-width: 1024px) 100vw, 1024px\" src=\"data:image\/svg+xml;base64,PHN2ZyB3aWR0aD0iMSIgaGVpZ2h0PSIxIiB4bWxucz0iaHR0cDovL3d3dy53My5vcmcvMjAwMC9zdmciPjwvc3ZnPg==\" style=\"--smush-placeholder-width: 1024px; --smush-placeholder-aspect-ratio: 1024\/681;\" \/><\/a><\/figure>\n\n\n\n<p>Y continu\u00f3: \u201cCon estos niveles de inflaci\u00f3n no s\u00f3lo no hay econom\u00eda del conocimiento, no hay econom\u00eda de nada y no hay manera que el pa\u00eds progrese. La Argentina necesita un plan integral que empiece por estabilizar la econom\u00eda. Esa estabilidad tiene que ser garantizada en el tiempo; la \u00fanica manera es con equilibrio fiscal, no tratemos de inventar la rueda de vuelta.\u201d<\/p>\n\n\n\n<p>Larreta hizo hincapi\u00e9 en la importancia de trabajar en un plan a largo plazo: \u201cNecesitamos un plan que genere incentivos impositivos y regulatorios para la inversi\u00f3n, la generaci\u00f3n de empleo y la exportaci\u00f3n. Pero tan importante como el marco, es su estabilidad en el tiempo; podemos tener el mejor marco del mundo pero si no hay previsibilidad no sirve.\u201d<\/p>\n\n\n\n<p>Y volvi\u00f3 a referirse a la necesidad de un consenso amplio para las pol\u00edticas de Estado: \u201cCuanto m\u00e1s profunda es la transformaci\u00f3n que se necesita m\u00e1s amplio es el consenso pol\u00edtico que la tiene que apoyar.\u201d<\/p>\n","protected":false},"excerpt":{"rendered":"<p>El Jefe de Gobierno de la Ciudad de Buenos Aires, Horacio Rodr\u00edguez Larreta, particip\u00f3 esta ma\u00f1ana del foro \u201cDemocracia y Desarrollo\u201d organizado por Clar\u00edn. Durante su exposici\u00f3n, en la que hizo referencia a la importancia federal de la econom\u00eda del conocimiento, el mandatario de Juntos por el Cambio ponder\u00f3 el desarrollo de la misma en [&hellip;]<\/p>\n","protected":false},"author":2,"featured_media":17575,"comment_status":"open","ping_status":"open","sticky":false,"template":"","format":"standard","meta":{"footnotes":""},"categories":[39],"tags":[],"class_list":["post-17573","post","type-post","status-publish","format-standard","has-post-thumbnail","hentry","category-nacionales"],"yoast_head":"<!-- This site is optimized with the Yoast SEO plugin v27.5 - https:\/\/yoast.com\/product\/yoast-seo-wordpress\/ -->\n<title>Rodr\u00edguez Larreta ponder\u00f3 a Misiones como ejemplo de econom\u00eda del conocimiento | CVI NOTICIAS<\/title>\n<meta name=\"robots\" content=\"index, follow, max-snippet:-1, max-image-preview:large, max-video-preview:-1\" \/>\n<link rel=\"canonical\" href=\"https:\/\/cvinoticias.com\/v3\/rodriguez-larreta-pondero-a-misiones-como-ejemplo-de-economia-del-conocimiento\/\" \/>\n<meta property=\"og:locale\" content=\"es_ES\" \/>\n<meta property=\"og:type\" content=\"article\" \/>\n<meta property=\"og:title\" content=\"Rodr\u00edguez Larreta ponder\u00f3 a Misiones como ejemplo de econom\u00eda del conocimiento | CVI NOTICIAS\" \/>\n<meta property=\"og:description\" content=\"El Jefe de Gobierno de la Ciudad de Buenos Aires, Horacio Rodr\u00edguez Larreta, particip\u00f3 esta ma\u00f1ana del foro \u201cDemocracia y Desarrollo\u201d organizado por Clar\u00edn. Durante su exposici\u00f3n, en la que hizo referencia a la importancia federal de la econom\u00eda del conocimiento, el mandatario de Juntos por el Cambio ponder\u00f3 el desarrollo de la misma en [&hellip;]\" \/>\n<meta property=\"og:url\" content=\"https:\/\/cvinoticias.com\/v3\/rodriguez-larreta-pondero-a-misiones-como-ejemplo-de-economia-del-conocimiento\/\" \/>\n<meta property=\"og:site_name\" content=\"CVI NOTICIAS\" \/>\n<meta property=\"article:publisher\" content=\"https:\/\/www.facebook.com\/cvinoticias\" \/>\n<meta property=\"article:published_time\" content=\"2022-07-13T10:54:48+00:00\" \/>\n<meta property=\"og:image\" content=\"https:\/\/cvinoticias.com\/wp-content\/uploads\/2022\/07\/IMG-20220712-WA0135.jpg\" \/>\n\t<meta property=\"og:image:width\" content=\"1280\" \/>\n\t<meta property=\"og:image:height\" content=\"851\" \/>\n\t<meta property=\"og:image:type\" content=\"image\/jpeg\" \/>\n<meta name=\"author\" content=\"f1000024\" \/>\n<meta name=\"twitter:card\" content=\"summary_large_image\" \/>\n<meta name=\"twitter:label1\" content=\"Escrito por\" \/>\n\t<meta name=\"twitter:data1\" content=\"f1000024\" \/>\n\t<meta name=\"twitter:label2\" content=\"Tiempo de lectura\" \/>\n\t<meta name=\"twitter:data2\" content=\"2 minutos\" \/>\n<script type=\"application\/ld+json\" class=\"yoast-schema-graph\">{\"@context\":\"https:\\\/\\\/schema.org\",\"@graph\":[{\"@type\":\"Article\",\"@id\":\"https:\\\/\\\/cvinoticias.com\\\/v3\\\/rodriguez-larreta-pondero-a-misiones-como-ejemplo-de-economia-del-conocimiento\\\/#article\",\"isPartOf\":{\"@id\":\"https:\\\/\\\/cvinoticias.com\\\/v3\\\/rodriguez-larreta-pondero-a-misiones-como-ejemplo-de-economia-del-conocimiento\\\/\"},\"author\":{\"name\":\"f1000024\",\"@id\":\"https:\\\/\\\/cvinoticias.com\\\/v3\\\/#\\\/schema\\\/person\\\/2db77e3c6bc03c538495d7b2b8be9b66\"},\"headline\":\"Rodr\u00edguez Larreta ponder\u00f3 a Misiones como ejemplo de econom\u00eda del conocimiento\",\"datePublished\":\"2022-07-13T10:54:48+00:00\",\"mainEntityOfPage\":{\"@id\":\"https:\\\/\\\/cvinoticias.com\\\/v3\\\/rodriguez-larreta-pondero-a-misiones-como-ejemplo-de-economia-del-conocimiento\\\/\"},\"wordCount\":390,\"commentCount\":0,\"publisher\":{\"@id\":\"https:\\\/\\\/cvinoticias.com\\\/v3\\\/#organization\"},\"image\":{\"@id\":\"https:\\\/\\\/cvinoticias.com\\\/v3\\\/rodriguez-larreta-pondero-a-misiones-como-ejemplo-de-economia-del-conocimiento\\\/#primaryimage\"},\"thumbnailUrl\":\"https:\\\/\\\/cvinoticias.com\\\/wp-content\\\/uploads\\\/2022\\\/07\\\/IMG-20220712-WA0135.jpg\",\"articleSection\":[\"Nacionales\"],\"inLanguage\":\"es\",\"potentialAction\":[{\"@type\":\"CommentAction\",\"name\":\"Comment\",\"target\":[\"https:\\\/\\\/cvinoticias.com\\\/v3\\\/rodriguez-larreta-pondero-a-misiones-como-ejemplo-de-economia-del-conocimiento\\\/#respond\"]}]},{\"@type\":\"WebPage\",\"@id\":\"https:\\\/\\\/cvinoticias.com\\\/v3\\\/rodriguez-larreta-pondero-a-misiones-como-ejemplo-de-economia-del-conocimiento\\\/\",\"url\":\"https:\\\/\\\/cvinoticias.com\\\/v3\\\/rodriguez-larreta-pondero-a-misiones-como-ejemplo-de-economia-del-conocimiento\\\/\",\"name\":\"Rodr\u00edguez Larreta ponder\u00f3 a Misiones como ejemplo de econom\u00eda del conocimiento | CVI NOTICIAS\",\"isPartOf\":{\"@id\":\"https:\\\/\\\/cvinoticias.com\\\/v3\\\/#website\"},\"primaryImageOfPage\":{\"@id\":\"https:\\\/\\\/cvinoticias.com\\\/v3\\\/rodriguez-larreta-pondero-a-misiones-como-ejemplo-de-economia-del-conocimiento\\\/#primaryimage\"},\"image\":{\"@id\":\"https:\\\/\\\/cvinoticias.com\\\/v3\\\/rodriguez-larreta-pondero-a-misiones-como-ejemplo-de-economia-del-conocimiento\\\/#primaryimage\"},\"thumbnailUrl\":\"https:\\\/\\\/cvinoticias.com\\\/wp-content\\\/uploads\\\/2022\\\/07\\\/IMG-20220712-WA0135.jpg\",\"datePublished\":\"2022-07-13T10:54:48+00:00\",\"breadcrumb\":{\"@id\":\"https:\\\/\\\/cvinoticias.com\\\/v3\\\/rodriguez-larreta-pondero-a-misiones-como-ejemplo-de-economia-del-conocimiento\\\/#breadcrumb\"},\"inLanguage\":\"es\",\"potentialAction\":[{\"@type\":\"ReadAction\",\"target\":[\"https:\\\/\\\/cvinoticias.com\\\/v3\\\/rodriguez-larreta-pondero-a-misiones-como-ejemplo-de-economia-del-conocimiento\\\/\"]}]},{\"@type\":\"ImageObject\",\"inLanguage\":\"es\",\"@id\":\"https:\\\/\\\/cvinoticias.com\\\/v3\\\/rodriguez-larreta-pondero-a-misiones-como-ejemplo-de-economia-del-conocimiento\\\/#primaryimage\",\"url\":\"https:\\\/\\\/cvinoticias.com\\\/wp-content\\\/uploads\\\/2022\\\/07\\\/IMG-20220712-WA0135.jpg\",\"contentUrl\":\"https:\\\/\\\/cvinoticias.com\\\/wp-content\\\/uploads\\\/2022\\\/07\\\/IMG-20220712-WA0135.jpg\",\"width\":1280,\"height\":851},{\"@type\":\"BreadcrumbList\",\"@id\":\"https:\\\/\\\/cvinoticias.com\\\/v3\\\/rodriguez-larreta-pondero-a-misiones-como-ejemplo-de-economia-del-conocimiento\\\/#breadcrumb\",\"itemListElement\":[{\"@type\":\"ListItem\",\"position\":1,\"name\":\"Portada\",\"item\":\"https:\\\/\\\/cvinoticias.com\\\/v3\\\/\"},{\"@type\":\"ListItem\",\"position\":2,\"name\":\"Rodr\u00edguez Larreta ponder\u00f3 a Misiones como ejemplo de econom\u00eda del conocimiento\"}]},{\"@type\":\"WebSite\",\"@id\":\"https:\\\/\\\/cvinoticias.com\\\/v3\\\/#website\",\"url\":\"https:\\\/\\\/cvinoticias.com\\\/v3\\\/\",\"name\":\"CVI NOTICIAS\",\"description\":\"\",\"publisher\":{\"@id\":\"https:\\\/\\\/cvinoticias.com\\\/v3\\\/#organization\"},\"alternateName\":\"CVI\",\"potentialAction\":[{\"@type\":\"SearchAction\",\"target\":{\"@type\":\"EntryPoint\",\"urlTemplate\":\"https:\\\/\\\/cvinoticias.com\\\/v3\\\/?s={search_term_string}\"},\"query-input\":{\"@type\":\"PropertyValueSpecification\",\"valueRequired\":true,\"valueName\":\"search_term_string\"}}],\"inLanguage\":\"es\"},{\"@type\":\"Organization\",\"@id\":\"https:\\\/\\\/cvinoticias.com\\\/v3\\\/#organization\",\"name\":\"CVI NOTICIAS\",\"url\":\"https:\\\/\\\/cvinoticias.com\\\/v3\\\/\",\"logo\":{\"@type\":\"ImageObject\",\"inLanguage\":\"es\",\"@id\":\"https:\\\/\\\/cvinoticias.com\\\/v3\\\/#\\\/schema\\\/logo\\\/image\\\/\",\"url\":\"https:\\\/\\\/cvinoticias.com\\\/wp-content\\\/uploads\\\/2023\\\/04\\\/cropped-cropped-cropped-cropped-cropped-3-1.png\",\"contentUrl\":\"https:\\\/\\\/cvinoticias.com\\\/wp-content\\\/uploads\\\/2023\\\/04\\\/cropped-cropped-cropped-cropped-cropped-3-1.png\",\"width\":95,\"height\":122,\"caption\":\"CVI NOTICIAS\"},\"image\":{\"@id\":\"https:\\\/\\\/cvinoticias.com\\\/v3\\\/#\\\/schema\\\/logo\\\/image\\\/\"},\"sameAs\":[\"https:\\\/\\\/www.facebook.com\\\/cvinoticias\",\"https:\\\/\\\/www.instagram.com\\\/cvinoticias\\\/\",\"https:\\\/\\\/www.youtube.com\\\/@CVINOTICIAS\"]},{\"@type\":\"Person\",\"@id\":\"https:\\\/\\\/cvinoticias.com\\\/v3\\\/#\\\/schema\\\/person\\\/2db77e3c6bc03c538495d7b2b8be9b66\",\"name\":\"f1000024\",\"image\":{\"@type\":\"ImageObject\",\"inLanguage\":\"es\",\"@id\":\"https:\\\/\\\/secure.gravatar.com\\\/avatar\\\/d4fe7459cfc51ff5129ce1a732bbef5928568b8092d412ef95611616376bbeed?s=96&d=mm&r=g\",\"url\":\"https:\\\/\\\/secure.gravatar.com\\\/avatar\\\/d4fe7459cfc51ff5129ce1a732bbef5928568b8092d412ef95611616376bbeed?s=96&d=mm&r=g\",\"contentUrl\":\"https:\\\/\\\/secure.gravatar.com\\\/avatar\\\/d4fe7459cfc51ff5129ce1a732bbef5928568b8092d412ef95611616376bbeed?s=96&d=mm&r=g\",\"caption\":\"f1000024\"},\"url\":\"https:\\\/\\\/cvinoticias.com\\\/v3\\\/author\\\/f1000024\\\/\"}]}<\/script>\n<!-- \/ Yoast SEO plugin. -->","yoast_head_json":{"title":"Rodr\u00edguez Larreta ponder\u00f3 a Misiones como ejemplo de econom\u00eda del conocimiento | CVI NOTICIAS","robots":{"index":"index","follow":"follow","max-snippet":"max-snippet:-1","max-image-preview":"max-image-preview:large","max-video-preview":"max-video-preview:-1"},"canonical":"https:\/\/cvinoticias.com\/v3\/rodriguez-larreta-pondero-a-misiones-como-ejemplo-de-economia-del-conocimiento\/","og_locale":"es_ES","og_type":"article","og_title":"Rodr\u00edguez Larreta ponder\u00f3 a Misiones como ejemplo de econom\u00eda del conocimiento | CVI NOTICIAS","og_description":"El Jefe de Gobierno de la Ciudad de Buenos Aires, Horacio Rodr\u00edguez Larreta, particip\u00f3 esta ma\u00f1ana del foro \u201cDemocracia y Desarrollo\u201d organizado por Clar\u00edn. Durante su exposici\u00f3n, en la que hizo referencia a la importancia federal de la econom\u00eda del conocimiento, el mandatario de Juntos por el Cambio ponder\u00f3 el desarrollo de la misma en [&hellip;]","og_url":"https:\/\/cvinoticias.com\/v3\/rodriguez-larreta-pondero-a-misiones-como-ejemplo-de-economia-del-conocimiento\/","og_site_name":"CVI NOTICIAS","article_publisher":"https:\/\/www.facebook.com\/cvinoticias","article_published_time":"2022-07-13T10:54:48+00:00","og_image":[{"width":1280,"height":851,"url":"https:\/\/cvinoticias.com\/wp-content\/uploads\/2022\/07\/IMG-20220712-WA0135.jpg","type":"image\/jpeg"}],"author":"f1000024","twitter_card":"summary_large_image","twitter_misc":{"Escrito por":"f1000024","Tiempo de lectura":"2 minutos"},"schema":{"@context":"https:\/\/schema.org","@graph":[{"@type":"Article","@id":"https:\/\/cvinoticias.com\/v3\/rodriguez-larreta-pondero-a-misiones-como-ejemplo-de-economia-del-conocimiento\/#article","isPartOf":{"@id":"https:\/\/cvinoticias.com\/v3\/rodriguez-larreta-pondero-a-misiones-como-ejemplo-de-economia-del-conocimiento\/"},"author":{"name":"f1000024","@id":"https:\/\/cvinoticias.com\/v3\/#\/schema\/person\/2db77e3c6bc03c538495d7b2b8be9b66"},"headline":"Rodr\u00edguez Larreta ponder\u00f3 a Misiones como ejemplo de econom\u00eda del conocimiento","datePublished":"2022-07-13T10:54:48+00:00","mainEntityOfPage":{"@id":"https:\/\/cvinoticias.com\/v3\/rodriguez-larreta-pondero-a-misiones-como-ejemplo-de-economia-del-conocimiento\/"},"wordCount":390,"commentCount":0,"publisher":{"@id":"https:\/\/cvinoticias.com\/v3\/#organization"},"image":{"@id":"https:\/\/cvinoticias.com\/v3\/rodriguez-larreta-pondero-a-misiones-como-ejemplo-de-economia-del-conocimiento\/#primaryimage"},"thumbnailUrl":"https:\/\/cvinoticias.com\/wp-content\/uploads\/2022\/07\/IMG-20220712-WA0135.jpg","articleSection":["Nacionales"],"inLanguage":"es","potentialAction":[{"@type":"CommentAction","name":"Comment","target":["https:\/\/cvinoticias.com\/v3\/rodriguez-larreta-pondero-a-misiones-como-ejemplo-de-economia-del-conocimiento\/#respond"]}]},{"@type":"WebPage","@id":"https:\/\/cvinoticias.com\/v3\/rodriguez-larreta-pondero-a-misiones-como-ejemplo-de-economia-del-conocimiento\/","url":"https:\/\/cvinoticias.com\/v3\/rodriguez-larreta-pondero-a-misiones-como-ejemplo-de-economia-del-conocimiento\/","name":"Rodr\u00edguez Larreta ponder\u00f3 a Misiones como ejemplo de econom\u00eda del conocimiento | CVI NOTICIAS","isPartOf":{"@id":"https:\/\/cvinoticias.com\/v3\/#website"},"primaryImageOfPage":{"@id":"https:\/\/cvinoticias.com\/v3\/rodriguez-larreta-pondero-a-misiones-como-ejemplo-de-economia-del-conocimiento\/#primaryimage"},"image":{"@id":"https:\/\/cvinoticias.com\/v3\/rodriguez-larreta-pondero-a-misiones-como-ejemplo-de-economia-del-conocimiento\/#primaryimage"},"thumbnailUrl":"https:\/\/cvinoticias.com\/wp-content\/uploads\/2022\/07\/IMG-20220712-WA0135.jpg","datePublished":"2022-07-13T10:54:48+00:00","breadcrumb":{"@id":"https:\/\/cvinoticias.com\/v3\/rodriguez-larreta-pondero-a-misiones-como-ejemplo-de-economia-del-conocimiento\/#breadcrumb"},"inLanguage":"es","potentialAction":[{"@type":"ReadAction","target":["https:\/\/cvinoticias.com\/v3\/rodriguez-larreta-pondero-a-misiones-como-ejemplo-de-economia-del-conocimiento\/"]}]},{"@type":"ImageObject","inLanguage":"es","@id":"https:\/\/cvinoticias.com\/v3\/rodriguez-larreta-pondero-a-misiones-como-ejemplo-de-economia-del-conocimiento\/#primaryimage","url":"https:\/\/cvinoticias.com\/wp-content\/uploads\/2022\/07\/IMG-20220712-WA0135.jpg","contentUrl":"https:\/\/cvinoticias.com\/wp-content\/uploads\/2022\/07\/IMG-20220712-WA0135.jpg","width":1280,"height":851},{"@type":"BreadcrumbList","@id":"https:\/\/cvinoticias.com\/v3\/rodriguez-larreta-pondero-a-misiones-como-ejemplo-de-economia-del-conocimiento\/#breadcrumb","itemListElement":[{"@type":"ListItem","position":1,"name":"Portada","item":"https:\/\/cvinoticias.com\/v3\/"},{"@type":"ListItem","position":2,"name":"Rodr\u00edguez Larreta ponder\u00f3 a Misiones como ejemplo de econom\u00eda del conocimiento"}]},{"@type":"WebSite","@id":"https:\/\/cvinoticias.com\/v3\/#website","url":"https:\/\/cvinoticias.com\/v3\/","name":"CVI NOTICIAS","description":"","publisher":{"@id":"https:\/\/cvinoticias.com\/v3\/#organization"},"alternateName":"CVI","potentialAction":[{"@type":"SearchAction","target":{"@type":"EntryPoint","urlTemplate":"https:\/\/cvinoticias.com\/v3\/?s={search_term_string}"},"query-input":{"@type":"PropertyValueSpecification","valueRequired":true,"valueName":"search_term_string"}}],"inLanguage":"es"},{"@type":"Organization","@id":"https:\/\/cvinoticias.com\/v3\/#organization","name":"CVI NOTICIAS","url":"https:\/\/cvinoticias.com\/v3\/","logo":{"@type":"ImageObject","inLanguage":"es","@id":"https:\/\/cvinoticias.com\/v3\/#\/schema\/logo\/image\/","url":"https:\/\/cvinoticias.com\/wp-content\/uploads\/2023\/04\/cropped-cropped-cropped-cropped-cropped-3-1.png","contentUrl":"https:\/\/cvinoticias.com\/wp-content\/uploads\/2023\/04\/cropped-cropped-cropped-cropped-cropped-3-1.png","width":95,"height":122,"caption":"CVI NOTICIAS"},"image":{"@id":"https:\/\/cvinoticias.com\/v3\/#\/schema\/logo\/image\/"},"sameAs":["https:\/\/www.facebook.com\/cvinoticias","https:\/\/www.instagram.com\/cvinoticias\/","https:\/\/www.youtube.com\/@CVINOTICIAS"]},{"@type":"Person","@id":"https:\/\/cvinoticias.com\/v3\/#\/schema\/person\/2db77e3c6bc03c538495d7b2b8be9b66","name":"f1000024","image":{"@type":"ImageObject","inLanguage":"es","@id":"https:\/\/secure.gravatar.com\/avatar\/d4fe7459cfc51ff5129ce1a732bbef5928568b8092d412ef95611616376bbeed?s=96&d=mm&r=g","url":"https:\/\/secure.gravatar.com\/avatar\/d4fe7459cfc51ff5129ce1a732bbef5928568b8092d412ef95611616376bbeed?s=96&d=mm&r=g","contentUrl":"https:\/\/secure.gravatar.com\/avatar\/d4fe7459cfc51ff5129ce1a732bbef5928568b8092d412ef95611616376bbeed?s=96&d=mm&r=g","caption":"f1000024"},"url":"https:\/\/cvinoticias.com\/v3\/author\/f1000024\/"}]}},"_links":{"self":[{"href":"https:\/\/cvinoticias.com\/v3\/wp-json\/wp\/v2\/posts\/17573","targetHints":{"allow":["GET"]}}],"collection":[{"href":"https:\/\/cvinoticias.com\/v3\/wp-json\/wp\/v2\/posts"}],"about":[{"href":"https:\/\/cvinoticias.com\/v3\/wp-json\/wp\/v2\/types\/post"}],"author":[{"embeddable":true,"href":"https:\/\/cvinoticias.com\/v3\/wp-json\/wp\/v2\/users\/2"}],"replies":[{"embeddable":true,"href":"https:\/\/cvinoticias.com\/v3\/wp-json\/wp\/v2\/comments?post=17573"}],"version-history":[{"count":1,"href":"https:\/\/cvinoticias.com\/v3\/wp-json\/wp\/v2\/posts\/17573\/revisions"}],"predecessor-version":[{"id":17576,"href":"https:\/\/cvinoticias.com\/v3\/wp-json\/wp\/v2\/posts\/17573\/revisions\/17576"}],"wp:featuredmedia":[{"embeddable":true,"href":"https:\/\/cvinoticias.com\/v3\/wp-json\/wp\/v2\/media\/17575"}],"wp:attachment":[{"href":"https:\/\/cvinoticias.com\/v3\/wp-json\/wp\/v2\/media?parent=17573"}],"wp:term":[{"taxonomy":"category","embeddable":true,"href":"https:\/\/cvinoticias.com\/v3\/wp-json\/wp\/v2\/categories?post=17573"},{"taxonomy":"post_tag","embeddable":true,"href":"https:\/\/cvinoticias.com\/v3\/wp-json\/wp\/v2\/tags?post=17573"}],"curies":[{"name":"wp","href":"https:\/\/api.w.org\/{rel}","templated":true}]}}