{"id":17545,"date":"2022-07-12T11:17:01","date_gmt":"2022-07-12T11:17:01","guid":{"rendered":"https:\/\/cvinoticias.com\/v3\/?p=17545"},"modified":"2022-07-12T11:17:01","modified_gmt":"2022-07-12T11:17:01","slug":"fernandez-recibio-a-taiana-y-anunciaron-medidas-mas-rigurosas-para-erradicar-los-bautismos-militares","status":"publish","type":"post","link":"https:\/\/cvinoticias.com\/v3\/fernandez-recibio-a-taiana-y-anunciaron-medidas-mas-rigurosas-para-erradicar-los-bautismos-militares\/","title":{"rendered":"Fern\u00e1ndez recibi\u00f3 a Taiana y anunciaron medidas m\u00e1s rigurosas para erradicar los \u201cbautismos militares\u201d"},"content":{"rendered":"\n<p><strong><em>El Presidente se reuni\u00f3 con el ministro de Defensa en la Casa Rosada. \u00abVenimos intensificando las campa\u00f1as de concientizaci\u00f3n\u00bb, dijo el funcionario.<\/em><\/strong><\/p>\n\n\n\n<p>El presidente Alberto Fern\u00e1ndez recibi\u00f3 en la tarde del lunes en Casa Rosada, al ministro de Defensa, Jorge Taiana, para analizar los resultados de la gira del ministro por Francia y Alemania donde mantuvo encuentros bilaterales con sus pares y recorri\u00f3 astilleros para recuperar la capacidad submarina de la Armada Argentina.<\/p>\n\n\n\n<p>Por otra parte, el funcionario puso en conocimiento al Presidente sobre las acciones que se tomaron para erradicar las pr\u00e1cticas violentas que se suscitan dentro de los regimientos militares. \u201cVenimos intensificando las campa\u00f1as de concientizaci\u00f3n dentro del Ej\u00e9rcito y hemos tomado una serie de medidas m\u00e1s rigurosas desde el fallecimiento del Subteniente Chirino en Paso de los Libres\u201d, explic\u00f3.<\/p>\n\n\n\n<p>Asimismo, le inform\u00f3 al mandatario sobre las reuniones de trabajo que realiz\u00f3 con el ministro de las Fuerzas Armadas de Francia, S\u00e9bastien Lecornu, y con la titular de Defensa de Alemania, Christine Lambrecht, junto a quienes abord\u00f3 las consecuencias del conflicto b\u00e9lico en Ucrania y la colaboraci\u00f3n mutua.<\/p>\n\n\n\n<p>En esta l\u00ednea Taiana tambi\u00e9n le transmiti\u00f3 al Presidente los avances en la labor de restablecimiento de la capacidad submarina argentina, luego de su recorrida por el astillero franc\u00e9s Naval Group y el alem\u00e1n de la firma Thyssenkrupp.<\/p>\n\n\n\n<p>\u201cTuvimos una muy productiva reuni\u00f3n con el Presidente para profundizar sobre el resultado de la gira\u201d, afirm\u00f3 el ministro tras el encuentro con el jefe de Estado, y agreg\u00f3: \u201cCon el objetivo de evaluar distintas opciones para recuperar la capacidad submarina para poder garantizar el ejercicio pleno de nuestra soberan\u00eda y la defensa de nuestros recursos\u201d.<\/p>\n","protected":false},"excerpt":{"rendered":"<p>El Presidente se reuni\u00f3 con el ministro de Defensa en la Casa Rosada. \u00abVenimos intensificando las campa\u00f1as de concientizaci\u00f3n\u00bb, dijo el funcionario. El presidente Alberto Fern\u00e1ndez recibi\u00f3 en la tarde del lunes en Casa Rosada, al ministro de Defensa, Jorge Taiana, para analizar los resultados de la gira del ministro por Francia y Alemania donde [&hellip;]<\/p>\n","protected":false},"author":2,"featured_media":17546,"comment_status":"open","ping_status":"open","sticky":false,"template":"","format":"standard","meta":{"footnotes":""},"categories":[39],"tags":[],"class_list":["post-17545","post","type-post","status-publish","format-standard","has-post-thumbnail","hentry","category-nacionales"],"yoast_head":"<!-- This site is optimized with the Yoast SEO plugin v27.5 - https:\/\/yoast.com\/product\/yoast-seo-wordpress\/ -->\n<title>Fern\u00e1ndez recibi\u00f3 a Taiana y anunciaron medidas m\u00e1s rigurosas para erradicar los \u201cbautismos militares\u201d | CVI NOTICIAS<\/title>\n<meta name=\"robots\" content=\"index, follow, max-snippet:-1, max-image-preview:large, max-video-preview:-1\" \/>\n<link rel=\"canonical\" href=\"https:\/\/cvinoticias.com\/v3\/fernandez-recibio-a-taiana-y-anunciaron-medidas-mas-rigurosas-para-erradicar-los-bautismos-militares\/\" \/>\n<meta property=\"og:locale\" content=\"es_ES\" \/>\n<meta property=\"og:type\" content=\"article\" \/>\n<meta property=\"og:title\" content=\"Fern\u00e1ndez recibi\u00f3 a Taiana y anunciaron medidas m\u00e1s rigurosas para erradicar los \u201cbautismos militares\u201d | CVI NOTICIAS\" \/>\n<meta property=\"og:description\" content=\"El Presidente se reuni\u00f3 con el ministro de Defensa en la Casa Rosada. \u00abVenimos intensificando las campa\u00f1as de concientizaci\u00f3n\u00bb, dijo el funcionario. El presidente Alberto Fern\u00e1ndez recibi\u00f3 en la tarde del lunes en Casa Rosada, al ministro de Defensa, Jorge Taiana, para analizar los resultados de la gira del ministro por Francia y Alemania donde [&hellip;]\" \/>\n<meta property=\"og:url\" content=\"https:\/\/cvinoticias.com\/v3\/fernandez-recibio-a-taiana-y-anunciaron-medidas-mas-rigurosas-para-erradicar-los-bautismos-militares\/\" \/>\n<meta property=\"og:site_name\" content=\"CVI NOTICIAS\" \/>\n<meta property=\"article:publisher\" content=\"https:\/\/www.facebook.com\/cvinoticias\" \/>\n<meta property=\"article:published_time\" content=\"2022-07-12T11:17:01+00:00\" \/>\n<meta property=\"og:image\" content=\"https:\/\/cvinoticias.com\/wp-content\/uploads\/2022\/07\/0000104830.png\" \/>\n\t<meta property=\"og:image:width\" content=\"610\" \/>\n\t<meta property=\"og:image:height\" content=\"406\" \/>\n\t<meta property=\"og:image:type\" content=\"image\/png\" \/>\n<meta name=\"author\" content=\"f1000024\" \/>\n<meta name=\"twitter:card\" content=\"summary_large_image\" \/>\n<meta name=\"twitter:label1\" content=\"Escrito por\" \/>\n\t<meta name=\"twitter:data1\" content=\"f1000024\" \/>\n\t<meta name=\"twitter:label2\" content=\"Tiempo de lectura\" \/>\n\t<meta name=\"twitter:data2\" content=\"1 minuto\" \/>\n<script type=\"application\/ld+json\" class=\"yoast-schema-graph\">{\"@context\":\"https:\\\/\\\/schema.org\",\"@graph\":[{\"@type\":\"Article\",\"@id\":\"https:\\\/\\\/cvinoticias.com\\\/v3\\\/fernandez-recibio-a-taiana-y-anunciaron-medidas-mas-rigurosas-para-erradicar-los-bautismos-militares\\\/#article\",\"isPartOf\":{\"@id\":\"https:\\\/\\\/cvinoticias.com\\\/v3\\\/fernandez-recibio-a-taiana-y-anunciaron-medidas-mas-rigurosas-para-erradicar-los-bautismos-militares\\\/\"},\"author\":{\"name\":\"f1000024\",\"@id\":\"https:\\\/\\\/cvinoticias.com\\\/v3\\\/#\\\/schema\\\/person\\\/2db77e3c6bc03c538495d7b2b8be9b66\"},\"headline\":\"Fern\u00e1ndez recibi\u00f3 a Taiana y anunciaron medidas m\u00e1s rigurosas para erradicar los \u201cbautismos militares\u201d\",\"datePublished\":\"2022-07-12T11:17:01+00:00\",\"mainEntityOfPage\":{\"@id\":\"https:\\\/\\\/cvinoticias.com\\\/v3\\\/fernandez-recibio-a-taiana-y-anunciaron-medidas-mas-rigurosas-para-erradicar-los-bautismos-militares\\\/\"},\"wordCount\":307,\"commentCount\":0,\"publisher\":{\"@id\":\"https:\\\/\\\/cvinoticias.com\\\/v3\\\/#organization\"},\"image\":{\"@id\":\"https:\\\/\\\/cvinoticias.com\\\/v3\\\/fernandez-recibio-a-taiana-y-anunciaron-medidas-mas-rigurosas-para-erradicar-los-bautismos-militares\\\/#primaryimage\"},\"thumbnailUrl\":\"https:\\\/\\\/cvinoticias.com\\\/wp-content\\\/uploads\\\/2022\\\/07\\\/0000104830.png\",\"articleSection\":[\"Nacionales\"],\"inLanguage\":\"es\",\"potentialAction\":[{\"@type\":\"CommentAction\",\"name\":\"Comment\",\"target\":[\"https:\\\/\\\/cvinoticias.com\\\/v3\\\/fernandez-recibio-a-taiana-y-anunciaron-medidas-mas-rigurosas-para-erradicar-los-bautismos-militares\\\/#respond\"]}]},{\"@type\":\"WebPage\",\"@id\":\"https:\\\/\\\/cvinoticias.com\\\/v3\\\/fernandez-recibio-a-taiana-y-anunciaron-medidas-mas-rigurosas-para-erradicar-los-bautismos-militares\\\/\",\"url\":\"https:\\\/\\\/cvinoticias.com\\\/v3\\\/fernandez-recibio-a-taiana-y-anunciaron-medidas-mas-rigurosas-para-erradicar-los-bautismos-militares\\\/\",\"name\":\"Fern\u00e1ndez recibi\u00f3 a Taiana y anunciaron medidas m\u00e1s rigurosas para erradicar los \u201cbautismos militares\u201d | CVI NOTICIAS\",\"isPartOf\":{\"@id\":\"https:\\\/\\\/cvinoticias.com\\\/v3\\\/#website\"},\"primaryImageOfPage\":{\"@id\":\"https:\\\/\\\/cvinoticias.com\\\/v3\\\/fernandez-recibio-a-taiana-y-anunciaron-medidas-mas-rigurosas-para-erradicar-los-bautismos-militares\\\/#primaryimage\"},\"image\":{\"@id\":\"https:\\\/\\\/cvinoticias.com\\\/v3\\\/fernandez-recibio-a-taiana-y-anunciaron-medidas-mas-rigurosas-para-erradicar-los-bautismos-militares\\\/#primaryimage\"},\"thumbnailUrl\":\"https:\\\/\\\/cvinoticias.com\\\/wp-content\\\/uploads\\\/2022\\\/07\\\/0000104830.png\",\"datePublished\":\"2022-07-12T11:17:01+00:00\",\"breadcrumb\":{\"@id\":\"https:\\\/\\\/cvinoticias.com\\\/v3\\\/fernandez-recibio-a-taiana-y-anunciaron-medidas-mas-rigurosas-para-erradicar-los-bautismos-militares\\\/#breadcrumb\"},\"inLanguage\":\"es\",\"potentialAction\":[{\"@type\":\"ReadAction\",\"target\":[\"https:\\\/\\\/cvinoticias.com\\\/v3\\\/fernandez-recibio-a-taiana-y-anunciaron-medidas-mas-rigurosas-para-erradicar-los-bautismos-militares\\\/\"]}]},{\"@type\":\"ImageObject\",\"inLanguage\":\"es\",\"@id\":\"https:\\\/\\\/cvinoticias.com\\\/v3\\\/fernandez-recibio-a-taiana-y-anunciaron-medidas-mas-rigurosas-para-erradicar-los-bautismos-militares\\\/#primaryimage\",\"url\":\"https:\\\/\\\/cvinoticias.com\\\/wp-content\\\/uploads\\\/2022\\\/07\\\/0000104830.png\",\"contentUrl\":\"https:\\\/\\\/cvinoticias.com\\\/wp-content\\\/uploads\\\/2022\\\/07\\\/0000104830.png\",\"width\":610,\"height\":406},{\"@type\":\"BreadcrumbList\",\"@id\":\"https:\\\/\\\/cvinoticias.com\\\/v3\\\/fernandez-recibio-a-taiana-y-anunciaron-medidas-mas-rigurosas-para-erradicar-los-bautismos-militares\\\/#breadcrumb\",\"itemListElement\":[{\"@type\":\"ListItem\",\"position\":1,\"name\":\"Portada\",\"item\":\"https:\\\/\\\/cvinoticias.com\\\/v3\\\/\"},{\"@type\":\"ListItem\",\"position\":2,\"name\":\"Fern\u00e1ndez recibi\u00f3 a Taiana y anunciaron medidas m\u00e1s rigurosas para erradicar los \u201cbautismos militares\u201d\"}]},{\"@type\":\"WebSite\",\"@id\":\"https:\\\/\\\/cvinoticias.com\\\/v3\\\/#website\",\"url\":\"https:\\\/\\\/cvinoticias.com\\\/v3\\\/\",\"name\":\"CVI NOTICIAS\",\"description\":\"\",\"publisher\":{\"@id\":\"https:\\\/\\\/cvinoticias.com\\\/v3\\\/#organization\"},\"alternateName\":\"CVI\",\"potentialAction\":[{\"@type\":\"SearchAction\",\"target\":{\"@type\":\"EntryPoint\",\"urlTemplate\":\"https:\\\/\\\/cvinoticias.com\\\/v3\\\/?s={search_term_string}\"},\"query-input\":{\"@type\":\"PropertyValueSpecification\",\"valueRequired\":true,\"valueName\":\"search_term_string\"}}],\"inLanguage\":\"es\"},{\"@type\":\"Organization\",\"@id\":\"https:\\\/\\\/cvinoticias.com\\\/v3\\\/#organization\",\"name\":\"CVI NOTICIAS\",\"url\":\"https:\\\/\\\/cvinoticias.com\\\/v3\\\/\",\"logo\":{\"@type\":\"ImageObject\",\"inLanguage\":\"es\",\"@id\":\"https:\\\/\\\/cvinoticias.com\\\/v3\\\/#\\\/schema\\\/logo\\\/image\\\/\",\"url\":\"https:\\\/\\\/cvinoticias.com\\\/wp-content\\\/uploads\\\/2023\\\/04\\\/cropped-cropped-cropped-cropped-cropped-3-1.png\",\"contentUrl\":\"https:\\\/\\\/cvinoticias.com\\\/wp-content\\\/uploads\\\/2023\\\/04\\\/cropped-cropped-cropped-cropped-cropped-3-1.png\",\"width\":95,\"height\":122,\"caption\":\"CVI NOTICIAS\"},\"image\":{\"@id\":\"https:\\\/\\\/cvinoticias.com\\\/v3\\\/#\\\/schema\\\/logo\\\/image\\\/\"},\"sameAs\":[\"https:\\\/\\\/www.facebook.com\\\/cvinoticias\",\"https:\\\/\\\/www.instagram.com\\\/cvinoticias\\\/\",\"https:\\\/\\\/www.youtube.com\\\/@CVINOTICIAS\"]},{\"@type\":\"Person\",\"@id\":\"https:\\\/\\\/cvinoticias.com\\\/v3\\\/#\\\/schema\\\/person\\\/2db77e3c6bc03c538495d7b2b8be9b66\",\"name\":\"f1000024\",\"image\":{\"@type\":\"ImageObject\",\"inLanguage\":\"es\",\"@id\":\"https:\\\/\\\/secure.gravatar.com\\\/avatar\\\/d4fe7459cfc51ff5129ce1a732bbef5928568b8092d412ef95611616376bbeed?s=96&d=mm&r=g\",\"url\":\"https:\\\/\\\/secure.gravatar.com\\\/avatar\\\/d4fe7459cfc51ff5129ce1a732bbef5928568b8092d412ef95611616376bbeed?s=96&d=mm&r=g\",\"contentUrl\":\"https:\\\/\\\/secure.gravatar.com\\\/avatar\\\/d4fe7459cfc51ff5129ce1a732bbef5928568b8092d412ef95611616376bbeed?s=96&d=mm&r=g\",\"caption\":\"f1000024\"},\"url\":\"https:\\\/\\\/cvinoticias.com\\\/v3\\\/author\\\/f1000024\\\/\"}]}<\/script>\n<!-- \/ Yoast SEO plugin. -->","yoast_head_json":{"title":"Fern\u00e1ndez recibi\u00f3 a Taiana y anunciaron medidas m\u00e1s rigurosas para erradicar los \u201cbautismos militares\u201d | CVI NOTICIAS","robots":{"index":"index","follow":"follow","max-snippet":"max-snippet:-1","max-image-preview":"max-image-preview:large","max-video-preview":"max-video-preview:-1"},"canonical":"https:\/\/cvinoticias.com\/v3\/fernandez-recibio-a-taiana-y-anunciaron-medidas-mas-rigurosas-para-erradicar-los-bautismos-militares\/","og_locale":"es_ES","og_type":"article","og_title":"Fern\u00e1ndez recibi\u00f3 a Taiana y anunciaron medidas m\u00e1s rigurosas para erradicar los \u201cbautismos militares\u201d | CVI NOTICIAS","og_description":"El Presidente se reuni\u00f3 con el ministro de Defensa en la Casa Rosada. \u00abVenimos intensificando las campa\u00f1as de concientizaci\u00f3n\u00bb, dijo el funcionario. El presidente Alberto Fern\u00e1ndez recibi\u00f3 en la tarde del lunes en Casa Rosada, al ministro de Defensa, Jorge Taiana, para analizar los resultados de la gira del ministro por Francia y Alemania donde [&hellip;]","og_url":"https:\/\/cvinoticias.com\/v3\/fernandez-recibio-a-taiana-y-anunciaron-medidas-mas-rigurosas-para-erradicar-los-bautismos-militares\/","og_site_name":"CVI NOTICIAS","article_publisher":"https:\/\/www.facebook.com\/cvinoticias","article_published_time":"2022-07-12T11:17:01+00:00","og_image":[{"width":610,"height":406,"url":"https:\/\/cvinoticias.com\/wp-content\/uploads\/2022\/07\/0000104830.png","type":"image\/png"}],"author":"f1000024","twitter_card":"summary_large_image","twitter_misc":{"Escrito por":"f1000024","Tiempo de lectura":"1 minuto"},"schema":{"@context":"https:\/\/schema.org","@graph":[{"@type":"Article","@id":"https:\/\/cvinoticias.com\/v3\/fernandez-recibio-a-taiana-y-anunciaron-medidas-mas-rigurosas-para-erradicar-los-bautismos-militares\/#article","isPartOf":{"@id":"https:\/\/cvinoticias.com\/v3\/fernandez-recibio-a-taiana-y-anunciaron-medidas-mas-rigurosas-para-erradicar-los-bautismos-militares\/"},"author":{"name":"f1000024","@id":"https:\/\/cvinoticias.com\/v3\/#\/schema\/person\/2db77e3c6bc03c538495d7b2b8be9b66"},"headline":"Fern\u00e1ndez recibi\u00f3 a Taiana y anunciaron medidas m\u00e1s rigurosas para erradicar los \u201cbautismos militares\u201d","datePublished":"2022-07-12T11:17:01+00:00","mainEntityOfPage":{"@id":"https:\/\/cvinoticias.com\/v3\/fernandez-recibio-a-taiana-y-anunciaron-medidas-mas-rigurosas-para-erradicar-los-bautismos-militares\/"},"wordCount":307,"commentCount":0,"publisher":{"@id":"https:\/\/cvinoticias.com\/v3\/#organization"},"image":{"@id":"https:\/\/cvinoticias.com\/v3\/fernandez-recibio-a-taiana-y-anunciaron-medidas-mas-rigurosas-para-erradicar-los-bautismos-militares\/#primaryimage"},"thumbnailUrl":"https:\/\/cvinoticias.com\/wp-content\/uploads\/2022\/07\/0000104830.png","articleSection":["Nacionales"],"inLanguage":"es","potentialAction":[{"@type":"CommentAction","name":"Comment","target":["https:\/\/cvinoticias.com\/v3\/fernandez-recibio-a-taiana-y-anunciaron-medidas-mas-rigurosas-para-erradicar-los-bautismos-militares\/#respond"]}]},{"@type":"WebPage","@id":"https:\/\/cvinoticias.com\/v3\/fernandez-recibio-a-taiana-y-anunciaron-medidas-mas-rigurosas-para-erradicar-los-bautismos-militares\/","url":"https:\/\/cvinoticias.com\/v3\/fernandez-recibio-a-taiana-y-anunciaron-medidas-mas-rigurosas-para-erradicar-los-bautismos-militares\/","name":"Fern\u00e1ndez recibi\u00f3 a Taiana y anunciaron medidas m\u00e1s rigurosas para erradicar los \u201cbautismos militares\u201d | CVI NOTICIAS","isPartOf":{"@id":"https:\/\/cvinoticias.com\/v3\/#website"},"primaryImageOfPage":{"@id":"https:\/\/cvinoticias.com\/v3\/fernandez-recibio-a-taiana-y-anunciaron-medidas-mas-rigurosas-para-erradicar-los-bautismos-militares\/#primaryimage"},"image":{"@id":"https:\/\/cvinoticias.com\/v3\/fernandez-recibio-a-taiana-y-anunciaron-medidas-mas-rigurosas-para-erradicar-los-bautismos-militares\/#primaryimage"},"thumbnailUrl":"https:\/\/cvinoticias.com\/wp-content\/uploads\/2022\/07\/0000104830.png","datePublished":"2022-07-12T11:17:01+00:00","breadcrumb":{"@id":"https:\/\/cvinoticias.com\/v3\/fernandez-recibio-a-taiana-y-anunciaron-medidas-mas-rigurosas-para-erradicar-los-bautismos-militares\/#breadcrumb"},"inLanguage":"es","potentialAction":[{"@type":"ReadAction","target":["https:\/\/cvinoticias.com\/v3\/fernandez-recibio-a-taiana-y-anunciaron-medidas-mas-rigurosas-para-erradicar-los-bautismos-militares\/"]}]},{"@type":"ImageObject","inLanguage":"es","@id":"https:\/\/cvinoticias.com\/v3\/fernandez-recibio-a-taiana-y-anunciaron-medidas-mas-rigurosas-para-erradicar-los-bautismos-militares\/#primaryimage","url":"https:\/\/cvinoticias.com\/wp-content\/uploads\/2022\/07\/0000104830.png","contentUrl":"https:\/\/cvinoticias.com\/wp-content\/uploads\/2022\/07\/0000104830.png","width":610,"height":406},{"@type":"BreadcrumbList","@id":"https:\/\/cvinoticias.com\/v3\/fernandez-recibio-a-taiana-y-anunciaron-medidas-mas-rigurosas-para-erradicar-los-bautismos-militares\/#breadcrumb","itemListElement":[{"@type":"ListItem","position":1,"name":"Portada","item":"https:\/\/cvinoticias.com\/v3\/"},{"@type":"ListItem","position":2,"name":"Fern\u00e1ndez recibi\u00f3 a Taiana y anunciaron medidas m\u00e1s rigurosas para erradicar los \u201cbautismos militares\u201d"}]},{"@type":"WebSite","@id":"https:\/\/cvinoticias.com\/v3\/#website","url":"https:\/\/cvinoticias.com\/v3\/","name":"CVI NOTICIAS","description":"","publisher":{"@id":"https:\/\/cvinoticias.com\/v3\/#organization"},"alternateName":"CVI","potentialAction":[{"@type":"SearchAction","target":{"@type":"EntryPoint","urlTemplate":"https:\/\/cvinoticias.com\/v3\/?s={search_term_string}"},"query-input":{"@type":"PropertyValueSpecification","valueRequired":true,"valueName":"search_term_string"}}],"inLanguage":"es"},{"@type":"Organization","@id":"https:\/\/cvinoticias.com\/v3\/#organization","name":"CVI NOTICIAS","url":"https:\/\/cvinoticias.com\/v3\/","logo":{"@type":"ImageObject","inLanguage":"es","@id":"https:\/\/cvinoticias.com\/v3\/#\/schema\/logo\/image\/","url":"https:\/\/cvinoticias.com\/wp-content\/uploads\/2023\/04\/cropped-cropped-cropped-cropped-cropped-3-1.png","contentUrl":"https:\/\/cvinoticias.com\/wp-content\/uploads\/2023\/04\/cropped-cropped-cropped-cropped-cropped-3-1.png","width":95,"height":122,"caption":"CVI NOTICIAS"},"image":{"@id":"https:\/\/cvinoticias.com\/v3\/#\/schema\/logo\/image\/"},"sameAs":["https:\/\/www.facebook.com\/cvinoticias","https:\/\/www.instagram.com\/cvinoticias\/","https:\/\/www.youtube.com\/@CVINOTICIAS"]},{"@type":"Person","@id":"https:\/\/cvinoticias.com\/v3\/#\/schema\/person\/2db77e3c6bc03c538495d7b2b8be9b66","name":"f1000024","image":{"@type":"ImageObject","inLanguage":"es","@id":"https:\/\/secure.gravatar.com\/avatar\/d4fe7459cfc51ff5129ce1a732bbef5928568b8092d412ef95611616376bbeed?s=96&d=mm&r=g","url":"https:\/\/secure.gravatar.com\/avatar\/d4fe7459cfc51ff5129ce1a732bbef5928568b8092d412ef95611616376bbeed?s=96&d=mm&r=g","contentUrl":"https:\/\/secure.gravatar.com\/avatar\/d4fe7459cfc51ff5129ce1a732bbef5928568b8092d412ef95611616376bbeed?s=96&d=mm&r=g","caption":"f1000024"},"url":"https:\/\/cvinoticias.com\/v3\/author\/f1000024\/"}]}},"_links":{"self":[{"href":"https:\/\/cvinoticias.com\/v3\/wp-json\/wp\/v2\/posts\/17545","targetHints":{"allow":["GET"]}}],"collection":[{"href":"https:\/\/cvinoticias.com\/v3\/wp-json\/wp\/v2\/posts"}],"about":[{"href":"https:\/\/cvinoticias.com\/v3\/wp-json\/wp\/v2\/types\/post"}],"author":[{"embeddable":true,"href":"https:\/\/cvinoticias.com\/v3\/wp-json\/wp\/v2\/users\/2"}],"replies":[{"embeddable":true,"href":"https:\/\/cvinoticias.com\/v3\/wp-json\/wp\/v2\/comments?post=17545"}],"version-history":[{"count":1,"href":"https:\/\/cvinoticias.com\/v3\/wp-json\/wp\/v2\/posts\/17545\/revisions"}],"predecessor-version":[{"id":17547,"href":"https:\/\/cvinoticias.com\/v3\/wp-json\/wp\/v2\/posts\/17545\/revisions\/17547"}],"wp:featuredmedia":[{"embeddable":true,"href":"https:\/\/cvinoticias.com\/v3\/wp-json\/wp\/v2\/media\/17546"}],"wp:attachment":[{"href":"https:\/\/cvinoticias.com\/v3\/wp-json\/wp\/v2\/media?parent=17545"}],"wp:term":[{"taxonomy":"category","embeddable":true,"href":"https:\/\/cvinoticias.com\/v3\/wp-json\/wp\/v2\/categories?post=17545"},{"taxonomy":"post_tag","embeddable":true,"href":"https:\/\/cvinoticias.com\/v3\/wp-json\/wp\/v2\/tags?post=17545"}],"curies":[{"name":"wp","href":"https:\/\/api.w.org\/{rel}","templated":true}]}}