{"id":17535,"date":"2022-07-11T20:03:35","date_gmt":"2022-07-11T20:03:35","guid":{"rendered":"https:\/\/cvinoticias.com\/v3\/?p=17535"},"modified":"2022-07-11T20:03:35","modified_gmt":"2022-07-11T20:03:35","slug":"el-soberbio-promueve-el-turismo-federal-y-sostenible","status":"publish","type":"post","link":"https:\/\/cvinoticias.com\/v3\/el-soberbio-promueve-el-turismo-federal-y-sostenible\/","title":{"rendered":"<strong>El Soberbio promueve el turismo federal y sostenible<\/strong>"},"content":{"rendered":"\n<p class=\"wp-block-paragraph\"><br><em><strong>El coordinador del Plan Estrat\u00e9gico Oleoqu\u00edmico, Carlos Yankelevich hizo hincapi\u00e9 en la funci\u00f3n del polo en b\u00fasqueda de una mejor calidad de productos y ampliaci\u00f3n del mercado.<\/strong><\/em><br><br>Explic\u00f3 el trabajo permanente de la localidad misionera: \u00abEl soberbio y toda su zona ha sido declarada Capital Nacional de la Esencia por Ley Nacional. Hace 40 a\u00f1os tuvo un apogeo muy grande en la d\u00e9cada del &#8217;60 y &#8217;70 y despu\u00e9s, como toda la econom\u00eda regional, cay\u00f3. Pero hay un valor importante en esta zona que, es una zona productora de aceites esenciales\u00bb, manifest\u00f3.<\/p>\n\n\n\n<p class=\"wp-block-paragraph\"><br>En tanto, el coordinador cont\u00f3 en qu\u00e9 se basa el plan estrat\u00e9gico: \u00abpodr\u00edamos describir 10 o 20 especies de inter\u00e9s agro industrial muy importantes; la menta, el eucalipto, la citronela. Un mont\u00f3n de productos que se utilizan hoy en las industrias de las fragancias y la industria de los sabores y esto; es el incentivo principal que la pol\u00edtica del gobierno provincial busca para rescatar por un lado, una actividad ancestral, con un conocimiento de los cultivos, del proceso del producto que es muy importante para el 90% de la sociedad de El Soberbio pero, por otro lado, y en esta gesti\u00f3n se ha decidido darle un impulso a esto que, desde el Ministerio de Industria venimos trabajando en un plan estrat\u00e9gico provincial oloeoqu\u00edmico que contempla la puesta en valor de hoy, un primer producto que es el aceite esencial de citronella, utilizado como desinfectante en una zona end\u00e9mica y adem\u00e1s de utilidad para producir otros tipos de productos\u00bb, dijo y agreg\u00f3: \u00abel plan estrat\u00e9gico contempla la re-conversi\u00f3n productiva en la cual, se participa en una primera etapa biof\u00e1brica, una re-conversi\u00f3n industrial y una b\u00fasqueda de mercados\u00bb.<\/p>\n\n\n\n<figure class=\"wp-block-image size-large\"><a href=\"https:\/\/cvinoticias.com\/wp-content\/uploads\/2022\/07\/IMG-20220711-WA0066.jpg\"><img decoding=\"async\" width=\"1024\" height=\"575\" data-src=\"https:\/\/cvinoticias.com\/wp-content\/uploads\/2022\/07\/IMG-20220711-WA0066-1024x575.jpg\" alt=\"\" class=\"wp-image-17536 lazyload\" data-srcset=\"https:\/\/cvinoticias.com\/wp-content\/uploads\/2022\/07\/IMG-20220711-WA0066-1024x575.jpg 1024w, https:\/\/cvinoticias.com\/wp-content\/uploads\/2022\/07\/IMG-20220711-WA0066-300x169.jpg 300w, https:\/\/cvinoticias.com\/wp-content\/uploads\/2022\/07\/IMG-20220711-WA0066-768x431.jpg 768w, https:\/\/cvinoticias.com\/wp-content\/uploads\/2022\/07\/IMG-20220711-WA0066.jpg 1280w\" data-sizes=\"(max-width: 1024px) 100vw, 1024px\" src=\"data:image\/svg+xml;base64,PHN2ZyB3aWR0aD0iMSIgaGVpZ2h0PSIxIiB4bWxucz0iaHR0cDovL3d3dy53My5vcmcvMjAwMC9zdmciPjwvc3ZnPg==\" style=\"--smush-placeholder-width: 1024px; --smush-placeholder-aspect-ratio: 1024\/575;\" \/><\/a><\/figure>\n\n\n\n<p class=\"wp-block-paragraph\"><br>Por otra parte, resalt\u00f3 la importancia del trabajo realizado por el gobierno: \u00abla idea principal es asistir a un cambio de paradigma. En la parte industrial se ha aprobado una primera inversi\u00f3n para incorporar tecnolog\u00eda y comenzar el cambio que supone un mayor rendimiento y mejor calidad en aceite esencial\u00bb.<\/p>\n\n\n\n<p class=\"wp-block-paragraph\"><br><strong>Turismo federal y sostenible<\/strong><\/p>\n\n\n\n<p class=\"wp-block-paragraph\"><br>El pasado mi\u00e9rcoles 6 de julio, el Director de Turismo de El Soberbio, Lic. V\u00edctor C. Motta, present\u00f3 y defendi\u00f3 los adelantos del proyecto ante el Ministerio de Turismo Naci\u00f3n (Promover Turismo Federal y Sostenible). El mismo, identifica a los destinos emergentes para trabajar en la mejora de la competitividad a trav\u00e9s de pol\u00edticas p\u00fablicas orientadas a la promoci\u00f3n del turismo federal y tambi\u00e9n sostenible.<\/p>\n\n\n\n<p class=\"wp-block-paragraph\">Esta iniciativa potencia y diversifica la oferta de destinos en b\u00fasqueda de una pol\u00edtica con una visi\u00f3n sumamente integral de la promoci\u00f3n tur\u00edstica y con un esp\u00edritu profundamente federal.<\/p>\n","protected":false},"excerpt":{"rendered":"<p>El coordinador del Plan Estrat\u00e9gico Oleoqu\u00edmico, Carlos Yankelevich hizo hincapi\u00e9 en la funci\u00f3n del polo en b\u00fasqueda de una mejor calidad de productos y ampliaci\u00f3n del mercado. Explic\u00f3 el trabajo permanente de la localidad misionera: \u00abEl soberbio y toda su zona ha sido declarada Capital Nacional de la Esencia por Ley Nacional. Hace 40 a\u00f1os [&hellip;]<\/p>\n","protected":false},"author":2,"featured_media":17537,"comment_status":"open","ping_status":"open","sticky":false,"template":"","format":"standard","meta":{"footnotes":""},"categories":[50],"tags":[],"class_list":["post-17535","post","type-post","status-publish","format-standard","has-post-thumbnail","hentry","category-turismo"],"yoast_head":"<!-- This site is optimized with the Yoast SEO plugin v28.4 - https:\/\/yoast.com\/product\/yoast-seo-wordpress\/ -->\n<title>El Soberbio promueve el turismo federal y sostenible | CVI NOTICIAS<\/title>\n<meta name=\"robots\" content=\"index, follow, max-snippet:-1, max-image-preview:large, max-video-preview:-1\" \/>\n<link rel=\"canonical\" href=\"https:\/\/cvinoticias.com\/v3\/el-soberbio-promueve-el-turismo-federal-y-sostenible\/\" \/>\n<meta property=\"og:locale\" content=\"es_ES\" \/>\n<meta property=\"og:type\" content=\"article\" \/>\n<meta property=\"og:title\" content=\"El Soberbio promueve el turismo federal y sostenible | CVI NOTICIAS\" \/>\n<meta property=\"og:description\" content=\"El coordinador del Plan Estrat\u00e9gico Oleoqu\u00edmico, Carlos Yankelevich hizo hincapi\u00e9 en la funci\u00f3n del polo en b\u00fasqueda de una mejor calidad de productos y ampliaci\u00f3n del mercado. Explic\u00f3 el trabajo permanente de la localidad misionera: \u00abEl soberbio y toda su zona ha sido declarada Capital Nacional de la Esencia por Ley Nacional. Hace 40 a\u00f1os [&hellip;]\" \/>\n<meta property=\"og:url\" content=\"https:\/\/cvinoticias.com\/v3\/el-soberbio-promueve-el-turismo-federal-y-sostenible\/\" \/>\n<meta property=\"og:site_name\" content=\"CVI NOTICIAS\" \/>\n<meta property=\"article:publisher\" content=\"https:\/\/www.facebook.com\/cvinoticias\" \/>\n<meta property=\"article:published_time\" content=\"2022-07-11T20:03:35+00:00\" \/>\n<meta property=\"og:image\" content=\"https:\/\/cvinoticias.com\/wp-content\/uploads\/2022\/07\/IMG-20220711-WA0065.jpg\" \/>\n\t<meta property=\"og:image:width\" content=\"1280\" \/>\n\t<meta property=\"og:image:height\" content=\"719\" \/>\n\t<meta property=\"og:image:type\" content=\"image\/jpeg\" \/>\n<meta name=\"author\" content=\"f1000024\" \/>\n<meta name=\"twitter:card\" content=\"summary_large_image\" \/>\n<meta name=\"twitter:label1\" content=\"Escrito por\" \/>\n\t<meta name=\"twitter:data1\" content=\"f1000024\" \/>\n\t<meta name=\"twitter:label2\" content=\"Tiempo de lectura\" \/>\n\t<meta name=\"twitter:data2\" content=\"2 minutos\" \/>\n<script type=\"application\/ld+json\" class=\"yoast-schema-graph\">{\"@context\":\"https:\\\/\\\/schema.org\",\"@graph\":[{\"@type\":\"Article\",\"@id\":\"https:\\\/\\\/cvinoticias.com\\\/v3\\\/el-soberbio-promueve-el-turismo-federal-y-sostenible\\\/#article\",\"isPartOf\":{\"@id\":\"https:\\\/\\\/cvinoticias.com\\\/v3\\\/el-soberbio-promueve-el-turismo-federal-y-sostenible\\\/\"},\"author\":{\"name\":\"f1000024\",\"@id\":\"https:\\\/\\\/cvinoticias.com\\\/v3\\\/#\\\/schema\\\/person\\\/2db77e3c6bc03c538495d7b2b8be9b66\"},\"headline\":\"El Soberbio promueve el turismo federal y sostenible\",\"datePublished\":\"2022-07-11T20:03:35+00:00\",\"mainEntityOfPage\":{\"@id\":\"https:\\\/\\\/cvinoticias.com\\\/v3\\\/el-soberbio-promueve-el-turismo-federal-y-sostenible\\\/\"},\"wordCount\":470,\"commentCount\":0,\"publisher\":{\"@id\":\"https:\\\/\\\/cvinoticias.com\\\/v3\\\/#organization\"},\"image\":{\"@id\":\"https:\\\/\\\/cvinoticias.com\\\/v3\\\/el-soberbio-promueve-el-turismo-federal-y-sostenible\\\/#primaryimage\"},\"thumbnailUrl\":\"https:\\\/\\\/cvinoticias.com\\\/wp-content\\\/uploads\\\/2022\\\/07\\\/IMG-20220711-WA0065.jpg\",\"articleSection\":[\"Turismo\"],\"inLanguage\":\"es\",\"potentialAction\":[{\"@type\":\"CommentAction\",\"name\":\"Comment\",\"target\":[\"https:\\\/\\\/cvinoticias.com\\\/v3\\\/el-soberbio-promueve-el-turismo-federal-y-sostenible\\\/#respond\"]}]},{\"@type\":\"WebPage\",\"@id\":\"https:\\\/\\\/cvinoticias.com\\\/v3\\\/el-soberbio-promueve-el-turismo-federal-y-sostenible\\\/\",\"url\":\"https:\\\/\\\/cvinoticias.com\\\/v3\\\/el-soberbio-promueve-el-turismo-federal-y-sostenible\\\/\",\"name\":\"El Soberbio promueve el turismo federal y sostenible | CVI NOTICIAS\",\"isPartOf\":{\"@id\":\"https:\\\/\\\/cvinoticias.com\\\/v3\\\/#website\"},\"primaryImageOfPage\":{\"@id\":\"https:\\\/\\\/cvinoticias.com\\\/v3\\\/el-soberbio-promueve-el-turismo-federal-y-sostenible\\\/#primaryimage\"},\"image\":{\"@id\":\"https:\\\/\\\/cvinoticias.com\\\/v3\\\/el-soberbio-promueve-el-turismo-federal-y-sostenible\\\/#primaryimage\"},\"thumbnailUrl\":\"https:\\\/\\\/cvinoticias.com\\\/wp-content\\\/uploads\\\/2022\\\/07\\\/IMG-20220711-WA0065.jpg\",\"datePublished\":\"2022-07-11T20:03:35+00:00\",\"breadcrumb\":{\"@id\":\"https:\\\/\\\/cvinoticias.com\\\/v3\\\/el-soberbio-promueve-el-turismo-federal-y-sostenible\\\/#breadcrumb\"},\"inLanguage\":\"es\",\"potentialAction\":[{\"@type\":\"ReadAction\",\"target\":[\"https:\\\/\\\/cvinoticias.com\\\/v3\\\/el-soberbio-promueve-el-turismo-federal-y-sostenible\\\/\"]}]},{\"@type\":\"ImageObject\",\"inLanguage\":\"es\",\"@id\":\"https:\\\/\\\/cvinoticias.com\\\/v3\\\/el-soberbio-promueve-el-turismo-federal-y-sostenible\\\/#primaryimage\",\"url\":\"https:\\\/\\\/cvinoticias.com\\\/wp-content\\\/uploads\\\/2022\\\/07\\\/IMG-20220711-WA0065.jpg\",\"contentUrl\":\"https:\\\/\\\/cvinoticias.com\\\/wp-content\\\/uploads\\\/2022\\\/07\\\/IMG-20220711-WA0065.jpg\",\"width\":1280,\"height\":719},{\"@type\":\"BreadcrumbList\",\"@id\":\"https:\\\/\\\/cvinoticias.com\\\/v3\\\/el-soberbio-promueve-el-turismo-federal-y-sostenible\\\/#breadcrumb\",\"itemListElement\":[{\"@type\":\"ListItem\",\"position\":1,\"name\":\"Portada\",\"item\":\"https:\\\/\\\/cvinoticias.com\\\/v3\\\/\"},{\"@type\":\"ListItem\",\"position\":2,\"name\":\"El Soberbio promueve el turismo federal y sostenible\"}]},{\"@type\":\"WebSite\",\"@id\":\"https:\\\/\\\/cvinoticias.com\\\/v3\\\/#website\",\"url\":\"https:\\\/\\\/cvinoticias.com\\\/v3\\\/\",\"name\":\"CVI NOTICIAS\",\"description\":\"\",\"publisher\":{\"@id\":\"https:\\\/\\\/cvinoticias.com\\\/v3\\\/#organization\"},\"alternateName\":\"CVI\",\"potentialAction\":[{\"@type\":\"SearchAction\",\"target\":{\"@type\":\"EntryPoint\",\"urlTemplate\":\"https:\\\/\\\/cvinoticias.com\\\/v3\\\/?s={search_term_string}\"},\"query-input\":{\"@type\":\"PropertyValueSpecification\",\"valueRequired\":true,\"valueName\":\"search_term_string\"}}],\"inLanguage\":\"es\"},{\"@type\":\"Organization\",\"@id\":\"https:\\\/\\\/cvinoticias.com\\\/v3\\\/#organization\",\"name\":\"CVI NOTICIAS\",\"url\":\"https:\\\/\\\/cvinoticias.com\\\/v3\\\/\",\"logo\":{\"@type\":\"ImageObject\",\"inLanguage\":\"es\",\"@id\":\"https:\\\/\\\/cvinoticias.com\\\/v3\\\/#\\\/schema\\\/logo\\\/image\\\/\",\"url\":\"https:\\\/\\\/cvinoticias.com\\\/wp-content\\\/uploads\\\/2023\\\/04\\\/cropped-cropped-cropped-cropped-cropped-3-1.png\",\"contentUrl\":\"https:\\\/\\\/cvinoticias.com\\\/wp-content\\\/uploads\\\/2023\\\/04\\\/cropped-cropped-cropped-cropped-cropped-3-1.png\",\"width\":95,\"height\":122,\"caption\":\"CVI NOTICIAS\"},\"image\":{\"@id\":\"https:\\\/\\\/cvinoticias.com\\\/v3\\\/#\\\/schema\\\/logo\\\/image\\\/\"},\"sameAs\":[\"https:\\\/\\\/www.facebook.com\\\/cvinoticias\",\"https:\\\/\\\/www.instagram.com\\\/cvinoticias\\\/\",\"https:\\\/\\\/www.youtube.com\\\/@CVINOTICIAS\"]},{\"@type\":\"Person\",\"@id\":\"https:\\\/\\\/cvinoticias.com\\\/v3\\\/#\\\/schema\\\/person\\\/2db77e3c6bc03c538495d7b2b8be9b66\",\"name\":\"f1000024\",\"image\":{\"@type\":\"ImageObject\",\"inLanguage\":\"es\",\"@id\":\"https:\\\/\\\/secure.gravatar.com\\\/avatar\\\/d4fe7459cfc51ff5129ce1a732bbef5928568b8092d412ef95611616376bbeed?s=96&d=mm&r=g\",\"url\":\"https:\\\/\\\/secure.gravatar.com\\\/avatar\\\/d4fe7459cfc51ff5129ce1a732bbef5928568b8092d412ef95611616376bbeed?s=96&d=mm&r=g\",\"contentUrl\":\"https:\\\/\\\/secure.gravatar.com\\\/avatar\\\/d4fe7459cfc51ff5129ce1a732bbef5928568b8092d412ef95611616376bbeed?s=96&d=mm&r=g\",\"caption\":\"f1000024\"},\"url\":\"https:\\\/\\\/cvinoticias.com\\\/v3\\\/author\\\/f1000024\\\/\"}]}<\/script>\n<!-- \/ Yoast SEO plugin. -->","yoast_head_json":{"title":"El Soberbio promueve el turismo federal y sostenible | CVI NOTICIAS","robots":{"index":"index","follow":"follow","max-snippet":"max-snippet:-1","max-image-preview":"max-image-preview:large","max-video-preview":"max-video-preview:-1"},"canonical":"https:\/\/cvinoticias.com\/v3\/el-soberbio-promueve-el-turismo-federal-y-sostenible\/","og_locale":"es_ES","og_type":"article","og_title":"El Soberbio promueve el turismo federal y sostenible | CVI NOTICIAS","og_description":"El coordinador del Plan Estrat\u00e9gico Oleoqu\u00edmico, Carlos Yankelevich hizo hincapi\u00e9 en la funci\u00f3n del polo en b\u00fasqueda de una mejor calidad de productos y ampliaci\u00f3n del mercado. Explic\u00f3 el trabajo permanente de la localidad misionera: \u00abEl soberbio y toda su zona ha sido declarada Capital Nacional de la Esencia por Ley Nacional. Hace 40 a\u00f1os [&hellip;]","og_url":"https:\/\/cvinoticias.com\/v3\/el-soberbio-promueve-el-turismo-federal-y-sostenible\/","og_site_name":"CVI NOTICIAS","article_publisher":"https:\/\/www.facebook.com\/cvinoticias","article_published_time":"2022-07-11T20:03:35+00:00","og_image":[{"width":1280,"height":719,"url":"https:\/\/cvinoticias.com\/wp-content\/uploads\/2022\/07\/IMG-20220711-WA0065.jpg","type":"image\/jpeg"}],"author":"f1000024","twitter_card":"summary_large_image","twitter_misc":{"Escrito por":"f1000024","Tiempo de lectura":"2 minutos"},"schema":{"@context":"https:\/\/schema.org","@graph":[{"@type":"Article","@id":"https:\/\/cvinoticias.com\/v3\/el-soberbio-promueve-el-turismo-federal-y-sostenible\/#article","isPartOf":{"@id":"https:\/\/cvinoticias.com\/v3\/el-soberbio-promueve-el-turismo-federal-y-sostenible\/"},"author":{"name":"f1000024","@id":"https:\/\/cvinoticias.com\/v3\/#\/schema\/person\/2db77e3c6bc03c538495d7b2b8be9b66"},"headline":"El Soberbio promueve el turismo federal y sostenible","datePublished":"2022-07-11T20:03:35+00:00","mainEntityOfPage":{"@id":"https:\/\/cvinoticias.com\/v3\/el-soberbio-promueve-el-turismo-federal-y-sostenible\/"},"wordCount":470,"commentCount":0,"publisher":{"@id":"https:\/\/cvinoticias.com\/v3\/#organization"},"image":{"@id":"https:\/\/cvinoticias.com\/v3\/el-soberbio-promueve-el-turismo-federal-y-sostenible\/#primaryimage"},"thumbnailUrl":"https:\/\/cvinoticias.com\/wp-content\/uploads\/2022\/07\/IMG-20220711-WA0065.jpg","articleSection":["Turismo"],"inLanguage":"es","potentialAction":[{"@type":"CommentAction","name":"Comment","target":["https:\/\/cvinoticias.com\/v3\/el-soberbio-promueve-el-turismo-federal-y-sostenible\/#respond"]}]},{"@type":"WebPage","@id":"https:\/\/cvinoticias.com\/v3\/el-soberbio-promueve-el-turismo-federal-y-sostenible\/","url":"https:\/\/cvinoticias.com\/v3\/el-soberbio-promueve-el-turismo-federal-y-sostenible\/","name":"El Soberbio promueve el turismo federal y sostenible | CVI NOTICIAS","isPartOf":{"@id":"https:\/\/cvinoticias.com\/v3\/#website"},"primaryImageOfPage":{"@id":"https:\/\/cvinoticias.com\/v3\/el-soberbio-promueve-el-turismo-federal-y-sostenible\/#primaryimage"},"image":{"@id":"https:\/\/cvinoticias.com\/v3\/el-soberbio-promueve-el-turismo-federal-y-sostenible\/#primaryimage"},"thumbnailUrl":"https:\/\/cvinoticias.com\/wp-content\/uploads\/2022\/07\/IMG-20220711-WA0065.jpg","datePublished":"2022-07-11T20:03:35+00:00","breadcrumb":{"@id":"https:\/\/cvinoticias.com\/v3\/el-soberbio-promueve-el-turismo-federal-y-sostenible\/#breadcrumb"},"inLanguage":"es","potentialAction":[{"@type":"ReadAction","target":["https:\/\/cvinoticias.com\/v3\/el-soberbio-promueve-el-turismo-federal-y-sostenible\/"]}]},{"@type":"ImageObject","inLanguage":"es","@id":"https:\/\/cvinoticias.com\/v3\/el-soberbio-promueve-el-turismo-federal-y-sostenible\/#primaryimage","url":"https:\/\/cvinoticias.com\/wp-content\/uploads\/2022\/07\/IMG-20220711-WA0065.jpg","contentUrl":"https:\/\/cvinoticias.com\/wp-content\/uploads\/2022\/07\/IMG-20220711-WA0065.jpg","width":1280,"height":719},{"@type":"BreadcrumbList","@id":"https:\/\/cvinoticias.com\/v3\/el-soberbio-promueve-el-turismo-federal-y-sostenible\/#breadcrumb","itemListElement":[{"@type":"ListItem","position":1,"name":"Portada","item":"https:\/\/cvinoticias.com\/v3\/"},{"@type":"ListItem","position":2,"name":"El Soberbio promueve el turismo federal y sostenible"}]},{"@type":"WebSite","@id":"https:\/\/cvinoticias.com\/v3\/#website","url":"https:\/\/cvinoticias.com\/v3\/","name":"CVI NOTICIAS","description":"","publisher":{"@id":"https:\/\/cvinoticias.com\/v3\/#organization"},"alternateName":"CVI","potentialAction":[{"@type":"SearchAction","target":{"@type":"EntryPoint","urlTemplate":"https:\/\/cvinoticias.com\/v3\/?s={search_term_string}"},"query-input":{"@type":"PropertyValueSpecification","valueRequired":true,"valueName":"search_term_string"}}],"inLanguage":"es"},{"@type":"Organization","@id":"https:\/\/cvinoticias.com\/v3\/#organization","name":"CVI NOTICIAS","url":"https:\/\/cvinoticias.com\/v3\/","logo":{"@type":"ImageObject","inLanguage":"es","@id":"https:\/\/cvinoticias.com\/v3\/#\/schema\/logo\/image\/","url":"https:\/\/cvinoticias.com\/wp-content\/uploads\/2023\/04\/cropped-cropped-cropped-cropped-cropped-3-1.png","contentUrl":"https:\/\/cvinoticias.com\/wp-content\/uploads\/2023\/04\/cropped-cropped-cropped-cropped-cropped-3-1.png","width":95,"height":122,"caption":"CVI NOTICIAS"},"image":{"@id":"https:\/\/cvinoticias.com\/v3\/#\/schema\/logo\/image\/"},"sameAs":["https:\/\/www.facebook.com\/cvinoticias","https:\/\/www.instagram.com\/cvinoticias\/","https:\/\/www.youtube.com\/@CVINOTICIAS"]},{"@type":"Person","@id":"https:\/\/cvinoticias.com\/v3\/#\/schema\/person\/2db77e3c6bc03c538495d7b2b8be9b66","name":"f1000024","image":{"@type":"ImageObject","inLanguage":"es","@id":"https:\/\/secure.gravatar.com\/avatar\/d4fe7459cfc51ff5129ce1a732bbef5928568b8092d412ef95611616376bbeed?s=96&d=mm&r=g","url":"https:\/\/secure.gravatar.com\/avatar\/d4fe7459cfc51ff5129ce1a732bbef5928568b8092d412ef95611616376bbeed?s=96&d=mm&r=g","contentUrl":"https:\/\/secure.gravatar.com\/avatar\/d4fe7459cfc51ff5129ce1a732bbef5928568b8092d412ef95611616376bbeed?s=96&d=mm&r=g","caption":"f1000024"},"url":"https:\/\/cvinoticias.com\/v3\/author\/f1000024\/"}]}},"_links":{"self":[{"href":"https:\/\/cvinoticias.com\/v3\/wp-json\/wp\/v2\/posts\/17535","targetHints":{"allow":["GET"]}}],"collection":[{"href":"https:\/\/cvinoticias.com\/v3\/wp-json\/wp\/v2\/posts"}],"about":[{"href":"https:\/\/cvinoticias.com\/v3\/wp-json\/wp\/v2\/types\/post"}],"author":[{"embeddable":true,"href":"https:\/\/cvinoticias.com\/v3\/wp-json\/wp\/v2\/users\/2"}],"replies":[{"embeddable":true,"href":"https:\/\/cvinoticias.com\/v3\/wp-json\/wp\/v2\/comments?post=17535"}],"version-history":[{"count":1,"href":"https:\/\/cvinoticias.com\/v3\/wp-json\/wp\/v2\/posts\/17535\/revisions"}],"predecessor-version":[{"id":17538,"href":"https:\/\/cvinoticias.com\/v3\/wp-json\/wp\/v2\/posts\/17535\/revisions\/17538"}],"wp:featuredmedia":[{"embeddable":true,"href":"https:\/\/cvinoticias.com\/v3\/wp-json\/wp\/v2\/media\/17537"}],"wp:attachment":[{"href":"https:\/\/cvinoticias.com\/v3\/wp-json\/wp\/v2\/media?parent=17535"}],"wp:term":[{"taxonomy":"category","embeddable":true,"href":"https:\/\/cvinoticias.com\/v3\/wp-json\/wp\/v2\/categories?post=17535"},{"taxonomy":"post_tag","embeddable":true,"href":"https:\/\/cvinoticias.com\/v3\/wp-json\/wp\/v2\/tags?post=17535"}],"curies":[{"name":"wp","href":"https:\/\/api.w.org\/{rel}","templated":true}]}}