{"id":17532,"date":"2022-07-11T13:33:16","date_gmt":"2022-07-11T13:33:16","guid":{"rendered":"https:\/\/cvinoticias.com\/v3\/?p=17532"},"modified":"2022-07-11T13:33:16","modified_gmt":"2022-07-11T13:33:16","slug":"el-gobierno-anuncio-una-bateria-de-medidas-economicas-y-fiscales","status":"publish","type":"post","link":"https:\/\/cvinoticias.com\/v3\/el-gobierno-anuncio-una-bateria-de-medidas-economicas-y-fiscales\/","title":{"rendered":"El Gobierno anunci\u00f3 una bater\u00eda de medidas econ\u00f3micas y fiscales"},"content":{"rendered":"\n<p><strong><em>Entre ellas se destacan la apertura de la implementaci\u00f3n de la segmentaci\u00f3n de tarifas este viernes, la conformaci\u00f3n de la autoridad de defensa de la competencia, y la modificaci\u00f3n de ley de administraci\u00f3n financiera.<\/em><\/strong><\/p>\n\n\n\n<p>Durante la ma\u00f1ana de este lunes la nueva ministra de Econom\u00eda, Silvina Batakis, encabez\u00f3 una conferencia de prensa donde anunci\u00f3 una serie de medidas econ\u00f3micas, financieras y fiscales, luego de \u00abuna semana de trabajo y reuniones con todos los sectores\u00bb.<\/p>\n\n\n\n<p>\u00abNecesitamos equilibrio fiscal, las medidas buscan en el equilibrio fiscal, creo en la solvencia del Estado como promotor de la actividad econ\u00f3mica y generador de trabajo\u00bb, afirm\u00f3 Batakis previo a la enumeraci\u00f3n de las medidas, en las que se destaca la apertura de la implementaci\u00f3n de la segmentaci\u00f3n de tarifas este viernes, la conformaci\u00f3n de la autoridad de defensa de la competencia para \u00abno permitir abuso de precios\u00bb, y la modificaci\u00f3n de ley de administraci\u00f3n financiera.<\/p>\n\n\n\n<p>A la funcionaria la acompa\u00f1aron el presidente del Banco Central, Miguel Pesce, el ministro de Agricultura, Juli\u00e1n Dom\u00ednguez, de Desarrollo Productivo, Daniel Scioli, de Turismo y Deportes, Mat\u00edas Lammens, y la titular de la AFIP, Mercedes Marc\u00f3 del Pont.<\/p>\n\n\n\n<p>\u00abNuestro punto de partida es la situaci\u00f3n in\u00e9dita de que que vive el mundo y nos afecta mucho\u00bb, inici\u00f3 su exposici\u00f3n la ministra. Sin embargo, destac\u00f3 el aumento de los indicadores econ\u00f3micos: \u00abQueremos exportar m\u00e1s, generar empleo y seguir creciendo\u00bb. Adem\u00e1s, remarc\u00f3 que \u00abeste a\u00f1o tendremos exportaciones r\u00e9cord\u00bb y que gracias a ello se esta logrando sostener el precio de la energ\u00eda que \u00aba nivel mundial est\u00e1 en incremento, los cortes de energ\u00eda que suceden en todo el mundo ac\u00e1 no pasan\u00bb.<\/p>\n\n\n\n<p>Adem\u00e1s, ratific\u00f3 que el Gobierno no va a defaultear la deuda en pesos, inform\u00f3 que ya se est\u00e1 analizando el corrimiento de la meta de la inflaci\u00f3n con el FMI porque \u00abel acuerdo se firm\u00f3 previo a la situaci\u00f3n inflacionaria que vive el mundo\u00bb, y expres\u00f3 que el tipo de cambio \u00abest\u00e1 en equilibrio\u00bb: \u00abEl d\u00f3lar paralelo moviliza 3 millones de d\u00f3lares por d\u00eda, y el oficial mil millones de d\u00f3lares, hay que dimensionar eso, las g\u00f3ndolas se construyen con el d\u00f3lar oficial y por eso buscamos que contin\u00fae siendo competitivo\u00bb.<\/p>\n\n\n\n<p><strong>Las medidas<\/strong><\/p>\n\n\n\n<p>Batakis afirm\u00f3 que \u00abse mantienen las metas acordadas con el FMI\u00bb en el marco del entendimiento para la refinanciaci\u00f3n de la deuda por m\u00e1s de u$S 44.000 millones contra\u00edda durante la gesti\u00f3n de Mauricio Macri.<\/p>\n\n\n\n<p>Tambi\u00e9n se\u00f1al\u00f3 que se dispuso que \u00ablas cuotas presupuestarias mensuales que el Ministerio otorga a toda la Administraci\u00f3n P\u00fablica Nacional van a ser solamente acordes con la proyecci\u00f3n de caja real\u00bb. \u00abNo vamos a gastar m\u00e1s de lo que tenemos\u00bb, dijo.<\/p>\n\n\n\n<p>En tanto, anunci\u00f3 que se dispondr\u00e1 que \u00abel congelamiento de personal se ampl\u00ede a todos los organismos del Estado\u00bb y no solo a la administraci\u00f3n central. La medida se implementar\u00eda a trav\u00e9s de una modificaci\u00f3n de la ley de Administraci\u00f3n Financiera. Adem\u00e1s, tambi\u00e9n se implementar\u00e1 un sistema de \u00abcuenta \u00fanica\u00bb que le permitir\u00e1 al Estado nacional un ahorro anual de $ 600.000 millones. Seg\u00fan explic\u00f3, el sistema de cuenta \u00fanica se aplica \u00aben la mayor\u00eda de las provincias\u00bb.<\/p>\n\n\n\n<p>Otras de las medidas es la creaci\u00f3n de un comit\u00e9 de evaluaci\u00f3n de deuda, y el mantenimiento de la pol\u00edtica de tasas de inter\u00e9s positivas.<\/p>\n\n\n\n<p>Asimismo, se conformar\u00e1 una autoridad de defensa de la competencia para \u00abno permitir abuso de precios\u00bb. \u00abLo que pas\u00f3 esta semana con los precios no tienen ninguna justificaci\u00f3n t\u00e9cnica y fue solamente especulaci\u00f3n\u00bb, explic\u00f3.<\/p>\n\n\n\n<p>Por otro lado, confirm\u00f3 que se migrar\u00e1 el organismo fiscal de evaluaciones inmobiliarias al ministerio de Econom\u00eda. \u00abImplementaremos una metodolog\u00eda para comparar las evaluaciones inmobiliarias y ser m\u00e1s justo con los contribuyentes\u00bb, anunci\u00f3 Batakis.<\/p>\n\n\n\n<p>Por \u00faltimo, confirm\u00f3 que este viernes 15 de julio \u00abestar\u00e1 abierta para toda la poblaci\u00f3n la implementaci\u00f3n de la segmentaci\u00f3n de tarifas\u00bb, tal cual lo dict\u00f3 el decreto presidencial durante el \u00faltimo tramo de la gesti\u00f3n de Mart\u00edn Guzm\u00e1n.<\/p>\n","protected":false},"excerpt":{"rendered":"<p>Entre ellas se destacan la apertura de la implementaci\u00f3n de la segmentaci\u00f3n de tarifas este viernes, la conformaci\u00f3n de la autoridad de defensa de la competencia, y la modificaci\u00f3n de ley de administraci\u00f3n financiera. Durante la ma\u00f1ana de este lunes la nueva ministra de Econom\u00eda, Silvina Batakis, encabez\u00f3 una conferencia de prensa donde anunci\u00f3 una [&hellip;]<\/p>\n","protected":false},"author":2,"featured_media":17533,"comment_status":"open","ping_status":"open","sticky":false,"template":"","format":"standard","meta":{"footnotes":""},"categories":[32,39,47],"tags":[],"class_list":["post-17532","post","type-post","status-publish","format-standard","has-post-thumbnail","hentry","category-economia","category-nacionales","category-sociedad"],"yoast_head":"<!-- This site is optimized with the Yoast SEO plugin v27.5 - https:\/\/yoast.com\/product\/yoast-seo-wordpress\/ -->\n<title>El Gobierno anunci\u00f3 una bater\u00eda de medidas econ\u00f3micas y fiscales | CVI NOTICIAS<\/title>\n<meta name=\"robots\" content=\"index, follow, max-snippet:-1, max-image-preview:large, max-video-preview:-1\" \/>\n<link rel=\"canonical\" href=\"https:\/\/cvinoticias.com\/v3\/el-gobierno-anuncio-una-bateria-de-medidas-economicas-y-fiscales\/\" \/>\n<meta property=\"og:locale\" content=\"es_ES\" \/>\n<meta property=\"og:type\" content=\"article\" \/>\n<meta property=\"og:title\" content=\"El Gobierno anunci\u00f3 una bater\u00eda de medidas econ\u00f3micas y fiscales | CVI NOTICIAS\" \/>\n<meta property=\"og:description\" content=\"Entre ellas se destacan la apertura de la implementaci\u00f3n de la segmentaci\u00f3n de tarifas este viernes, la conformaci\u00f3n de la autoridad de defensa de la competencia, y la modificaci\u00f3n de ley de administraci\u00f3n financiera. Durante la ma\u00f1ana de este lunes la nueva ministra de Econom\u00eda, Silvina Batakis, encabez\u00f3 una conferencia de prensa donde anunci\u00f3 una [&hellip;]\" \/>\n<meta property=\"og:url\" content=\"https:\/\/cvinoticias.com\/v3\/el-gobierno-anuncio-una-bateria-de-medidas-economicas-y-fiscales\/\" \/>\n<meta property=\"og:site_name\" content=\"CVI NOTICIAS\" \/>\n<meta property=\"article:publisher\" content=\"https:\/\/www.facebook.com\/cvinoticias\" \/>\n<meta property=\"article:published_time\" content=\"2022-07-11T13:33:16+00:00\" \/>\n<meta property=\"og:image\" content=\"https:\/\/cvinoticias.com\/wp-content\/uploads\/2022\/07\/0000104742.jpg\" \/>\n\t<meta property=\"og:image:width\" content=\"1500\" \/>\n\t<meta property=\"og:image:height\" content=\"603\" \/>\n\t<meta property=\"og:image:type\" content=\"image\/jpeg\" \/>\n<meta name=\"author\" content=\"f1000024\" \/>\n<meta name=\"twitter:card\" content=\"summary_large_image\" \/>\n<meta name=\"twitter:label1\" content=\"Escrito por\" \/>\n\t<meta name=\"twitter:data1\" content=\"f1000024\" \/>\n\t<meta name=\"twitter:label2\" content=\"Tiempo de lectura\" \/>\n\t<meta name=\"twitter:data2\" content=\"4 minutos\" \/>\n<script type=\"application\/ld+json\" class=\"yoast-schema-graph\">{\"@context\":\"https:\\\/\\\/schema.org\",\"@graph\":[{\"@type\":\"Article\",\"@id\":\"https:\\\/\\\/cvinoticias.com\\\/v3\\\/el-gobierno-anuncio-una-bateria-de-medidas-economicas-y-fiscales\\\/#article\",\"isPartOf\":{\"@id\":\"https:\\\/\\\/cvinoticias.com\\\/v3\\\/el-gobierno-anuncio-una-bateria-de-medidas-economicas-y-fiscales\\\/\"},\"author\":{\"name\":\"f1000024\",\"@id\":\"https:\\\/\\\/cvinoticias.com\\\/v3\\\/#\\\/schema\\\/person\\\/2db77e3c6bc03c538495d7b2b8be9b66\"},\"headline\":\"El Gobierno anunci\u00f3 una bater\u00eda de medidas econ\u00f3micas y fiscales\",\"datePublished\":\"2022-07-11T13:33:16+00:00\",\"mainEntityOfPage\":{\"@id\":\"https:\\\/\\\/cvinoticias.com\\\/v3\\\/el-gobierno-anuncio-una-bateria-de-medidas-economicas-y-fiscales\\\/\"},\"wordCount\":733,\"commentCount\":0,\"publisher\":{\"@id\":\"https:\\\/\\\/cvinoticias.com\\\/v3\\\/#organization\"},\"image\":{\"@id\":\"https:\\\/\\\/cvinoticias.com\\\/v3\\\/el-gobierno-anuncio-una-bateria-de-medidas-economicas-y-fiscales\\\/#primaryimage\"},\"thumbnailUrl\":\"https:\\\/\\\/cvinoticias.com\\\/wp-content\\\/uploads\\\/2022\\\/07\\\/0000104742.jpg\",\"articleSection\":[\"Econom\u00eda\",\"Nacionales\",\"Sociedad\"],\"inLanguage\":\"es\",\"potentialAction\":[{\"@type\":\"CommentAction\",\"name\":\"Comment\",\"target\":[\"https:\\\/\\\/cvinoticias.com\\\/v3\\\/el-gobierno-anuncio-una-bateria-de-medidas-economicas-y-fiscales\\\/#respond\"]}]},{\"@type\":\"WebPage\",\"@id\":\"https:\\\/\\\/cvinoticias.com\\\/v3\\\/el-gobierno-anuncio-una-bateria-de-medidas-economicas-y-fiscales\\\/\",\"url\":\"https:\\\/\\\/cvinoticias.com\\\/v3\\\/el-gobierno-anuncio-una-bateria-de-medidas-economicas-y-fiscales\\\/\",\"name\":\"El Gobierno anunci\u00f3 una bater\u00eda de medidas econ\u00f3micas y fiscales | CVI NOTICIAS\",\"isPartOf\":{\"@id\":\"https:\\\/\\\/cvinoticias.com\\\/v3\\\/#website\"},\"primaryImageOfPage\":{\"@id\":\"https:\\\/\\\/cvinoticias.com\\\/v3\\\/el-gobierno-anuncio-una-bateria-de-medidas-economicas-y-fiscales\\\/#primaryimage\"},\"image\":{\"@id\":\"https:\\\/\\\/cvinoticias.com\\\/v3\\\/el-gobierno-anuncio-una-bateria-de-medidas-economicas-y-fiscales\\\/#primaryimage\"},\"thumbnailUrl\":\"https:\\\/\\\/cvinoticias.com\\\/wp-content\\\/uploads\\\/2022\\\/07\\\/0000104742.jpg\",\"datePublished\":\"2022-07-11T13:33:16+00:00\",\"breadcrumb\":{\"@id\":\"https:\\\/\\\/cvinoticias.com\\\/v3\\\/el-gobierno-anuncio-una-bateria-de-medidas-economicas-y-fiscales\\\/#breadcrumb\"},\"inLanguage\":\"es\",\"potentialAction\":[{\"@type\":\"ReadAction\",\"target\":[\"https:\\\/\\\/cvinoticias.com\\\/v3\\\/el-gobierno-anuncio-una-bateria-de-medidas-economicas-y-fiscales\\\/\"]}]},{\"@type\":\"ImageObject\",\"inLanguage\":\"es\",\"@id\":\"https:\\\/\\\/cvinoticias.com\\\/v3\\\/el-gobierno-anuncio-una-bateria-de-medidas-economicas-y-fiscales\\\/#primaryimage\",\"url\":\"https:\\\/\\\/cvinoticias.com\\\/wp-content\\\/uploads\\\/2022\\\/07\\\/0000104742.jpg\",\"contentUrl\":\"https:\\\/\\\/cvinoticias.com\\\/wp-content\\\/uploads\\\/2022\\\/07\\\/0000104742.jpg\",\"width\":1500,\"height\":603},{\"@type\":\"BreadcrumbList\",\"@id\":\"https:\\\/\\\/cvinoticias.com\\\/v3\\\/el-gobierno-anuncio-una-bateria-de-medidas-economicas-y-fiscales\\\/#breadcrumb\",\"itemListElement\":[{\"@type\":\"ListItem\",\"position\":1,\"name\":\"Portada\",\"item\":\"https:\\\/\\\/cvinoticias.com\\\/v3\\\/\"},{\"@type\":\"ListItem\",\"position\":2,\"name\":\"El Gobierno anunci\u00f3 una bater\u00eda de medidas econ\u00f3micas y fiscales\"}]},{\"@type\":\"WebSite\",\"@id\":\"https:\\\/\\\/cvinoticias.com\\\/v3\\\/#website\",\"url\":\"https:\\\/\\\/cvinoticias.com\\\/v3\\\/\",\"name\":\"CVI NOTICIAS\",\"description\":\"\",\"publisher\":{\"@id\":\"https:\\\/\\\/cvinoticias.com\\\/v3\\\/#organization\"},\"alternateName\":\"CVI\",\"potentialAction\":[{\"@type\":\"SearchAction\",\"target\":{\"@type\":\"EntryPoint\",\"urlTemplate\":\"https:\\\/\\\/cvinoticias.com\\\/v3\\\/?s={search_term_string}\"},\"query-input\":{\"@type\":\"PropertyValueSpecification\",\"valueRequired\":true,\"valueName\":\"search_term_string\"}}],\"inLanguage\":\"es\"},{\"@type\":\"Organization\",\"@id\":\"https:\\\/\\\/cvinoticias.com\\\/v3\\\/#organization\",\"name\":\"CVI NOTICIAS\",\"url\":\"https:\\\/\\\/cvinoticias.com\\\/v3\\\/\",\"logo\":{\"@type\":\"ImageObject\",\"inLanguage\":\"es\",\"@id\":\"https:\\\/\\\/cvinoticias.com\\\/v3\\\/#\\\/schema\\\/logo\\\/image\\\/\",\"url\":\"https:\\\/\\\/cvinoticias.com\\\/wp-content\\\/uploads\\\/2023\\\/04\\\/cropped-cropped-cropped-cropped-cropped-3-1.png\",\"contentUrl\":\"https:\\\/\\\/cvinoticias.com\\\/wp-content\\\/uploads\\\/2023\\\/04\\\/cropped-cropped-cropped-cropped-cropped-3-1.png\",\"width\":95,\"height\":122,\"caption\":\"CVI NOTICIAS\"},\"image\":{\"@id\":\"https:\\\/\\\/cvinoticias.com\\\/v3\\\/#\\\/schema\\\/logo\\\/image\\\/\"},\"sameAs\":[\"https:\\\/\\\/www.facebook.com\\\/cvinoticias\",\"https:\\\/\\\/www.instagram.com\\\/cvinoticias\\\/\",\"https:\\\/\\\/www.youtube.com\\\/@CVINOTICIAS\"]},{\"@type\":\"Person\",\"@id\":\"https:\\\/\\\/cvinoticias.com\\\/v3\\\/#\\\/schema\\\/person\\\/2db77e3c6bc03c538495d7b2b8be9b66\",\"name\":\"f1000024\",\"image\":{\"@type\":\"ImageObject\",\"inLanguage\":\"es\",\"@id\":\"https:\\\/\\\/secure.gravatar.com\\\/avatar\\\/d4fe7459cfc51ff5129ce1a732bbef5928568b8092d412ef95611616376bbeed?s=96&d=mm&r=g\",\"url\":\"https:\\\/\\\/secure.gravatar.com\\\/avatar\\\/d4fe7459cfc51ff5129ce1a732bbef5928568b8092d412ef95611616376bbeed?s=96&d=mm&r=g\",\"contentUrl\":\"https:\\\/\\\/secure.gravatar.com\\\/avatar\\\/d4fe7459cfc51ff5129ce1a732bbef5928568b8092d412ef95611616376bbeed?s=96&d=mm&r=g\",\"caption\":\"f1000024\"},\"url\":\"https:\\\/\\\/cvinoticias.com\\\/v3\\\/author\\\/f1000024\\\/\"}]}<\/script>\n<!-- \/ Yoast SEO plugin. -->","yoast_head_json":{"title":"El Gobierno anunci\u00f3 una bater\u00eda de medidas econ\u00f3micas y fiscales | CVI NOTICIAS","robots":{"index":"index","follow":"follow","max-snippet":"max-snippet:-1","max-image-preview":"max-image-preview:large","max-video-preview":"max-video-preview:-1"},"canonical":"https:\/\/cvinoticias.com\/v3\/el-gobierno-anuncio-una-bateria-de-medidas-economicas-y-fiscales\/","og_locale":"es_ES","og_type":"article","og_title":"El Gobierno anunci\u00f3 una bater\u00eda de medidas econ\u00f3micas y fiscales | CVI NOTICIAS","og_description":"Entre ellas se destacan la apertura de la implementaci\u00f3n de la segmentaci\u00f3n de tarifas este viernes, la conformaci\u00f3n de la autoridad de defensa de la competencia, y la modificaci\u00f3n de ley de administraci\u00f3n financiera. Durante la ma\u00f1ana de este lunes la nueva ministra de Econom\u00eda, Silvina Batakis, encabez\u00f3 una conferencia de prensa donde anunci\u00f3 una [&hellip;]","og_url":"https:\/\/cvinoticias.com\/v3\/el-gobierno-anuncio-una-bateria-de-medidas-economicas-y-fiscales\/","og_site_name":"CVI NOTICIAS","article_publisher":"https:\/\/www.facebook.com\/cvinoticias","article_published_time":"2022-07-11T13:33:16+00:00","og_image":[{"width":1500,"height":603,"url":"https:\/\/cvinoticias.com\/wp-content\/uploads\/2022\/07\/0000104742.jpg","type":"image\/jpeg"}],"author":"f1000024","twitter_card":"summary_large_image","twitter_misc":{"Escrito por":"f1000024","Tiempo de lectura":"4 minutos"},"schema":{"@context":"https:\/\/schema.org","@graph":[{"@type":"Article","@id":"https:\/\/cvinoticias.com\/v3\/el-gobierno-anuncio-una-bateria-de-medidas-economicas-y-fiscales\/#article","isPartOf":{"@id":"https:\/\/cvinoticias.com\/v3\/el-gobierno-anuncio-una-bateria-de-medidas-economicas-y-fiscales\/"},"author":{"name":"f1000024","@id":"https:\/\/cvinoticias.com\/v3\/#\/schema\/person\/2db77e3c6bc03c538495d7b2b8be9b66"},"headline":"El Gobierno anunci\u00f3 una bater\u00eda de medidas econ\u00f3micas y fiscales","datePublished":"2022-07-11T13:33:16+00:00","mainEntityOfPage":{"@id":"https:\/\/cvinoticias.com\/v3\/el-gobierno-anuncio-una-bateria-de-medidas-economicas-y-fiscales\/"},"wordCount":733,"commentCount":0,"publisher":{"@id":"https:\/\/cvinoticias.com\/v3\/#organization"},"image":{"@id":"https:\/\/cvinoticias.com\/v3\/el-gobierno-anuncio-una-bateria-de-medidas-economicas-y-fiscales\/#primaryimage"},"thumbnailUrl":"https:\/\/cvinoticias.com\/wp-content\/uploads\/2022\/07\/0000104742.jpg","articleSection":["Econom\u00eda","Nacionales","Sociedad"],"inLanguage":"es","potentialAction":[{"@type":"CommentAction","name":"Comment","target":["https:\/\/cvinoticias.com\/v3\/el-gobierno-anuncio-una-bateria-de-medidas-economicas-y-fiscales\/#respond"]}]},{"@type":"WebPage","@id":"https:\/\/cvinoticias.com\/v3\/el-gobierno-anuncio-una-bateria-de-medidas-economicas-y-fiscales\/","url":"https:\/\/cvinoticias.com\/v3\/el-gobierno-anuncio-una-bateria-de-medidas-economicas-y-fiscales\/","name":"El Gobierno anunci\u00f3 una bater\u00eda de medidas econ\u00f3micas y fiscales | CVI NOTICIAS","isPartOf":{"@id":"https:\/\/cvinoticias.com\/v3\/#website"},"primaryImageOfPage":{"@id":"https:\/\/cvinoticias.com\/v3\/el-gobierno-anuncio-una-bateria-de-medidas-economicas-y-fiscales\/#primaryimage"},"image":{"@id":"https:\/\/cvinoticias.com\/v3\/el-gobierno-anuncio-una-bateria-de-medidas-economicas-y-fiscales\/#primaryimage"},"thumbnailUrl":"https:\/\/cvinoticias.com\/wp-content\/uploads\/2022\/07\/0000104742.jpg","datePublished":"2022-07-11T13:33:16+00:00","breadcrumb":{"@id":"https:\/\/cvinoticias.com\/v3\/el-gobierno-anuncio-una-bateria-de-medidas-economicas-y-fiscales\/#breadcrumb"},"inLanguage":"es","potentialAction":[{"@type":"ReadAction","target":["https:\/\/cvinoticias.com\/v3\/el-gobierno-anuncio-una-bateria-de-medidas-economicas-y-fiscales\/"]}]},{"@type":"ImageObject","inLanguage":"es","@id":"https:\/\/cvinoticias.com\/v3\/el-gobierno-anuncio-una-bateria-de-medidas-economicas-y-fiscales\/#primaryimage","url":"https:\/\/cvinoticias.com\/wp-content\/uploads\/2022\/07\/0000104742.jpg","contentUrl":"https:\/\/cvinoticias.com\/wp-content\/uploads\/2022\/07\/0000104742.jpg","width":1500,"height":603},{"@type":"BreadcrumbList","@id":"https:\/\/cvinoticias.com\/v3\/el-gobierno-anuncio-una-bateria-de-medidas-economicas-y-fiscales\/#breadcrumb","itemListElement":[{"@type":"ListItem","position":1,"name":"Portada","item":"https:\/\/cvinoticias.com\/v3\/"},{"@type":"ListItem","position":2,"name":"El Gobierno anunci\u00f3 una bater\u00eda de medidas econ\u00f3micas y fiscales"}]},{"@type":"WebSite","@id":"https:\/\/cvinoticias.com\/v3\/#website","url":"https:\/\/cvinoticias.com\/v3\/","name":"CVI NOTICIAS","description":"","publisher":{"@id":"https:\/\/cvinoticias.com\/v3\/#organization"},"alternateName":"CVI","potentialAction":[{"@type":"SearchAction","target":{"@type":"EntryPoint","urlTemplate":"https:\/\/cvinoticias.com\/v3\/?s={search_term_string}"},"query-input":{"@type":"PropertyValueSpecification","valueRequired":true,"valueName":"search_term_string"}}],"inLanguage":"es"},{"@type":"Organization","@id":"https:\/\/cvinoticias.com\/v3\/#organization","name":"CVI NOTICIAS","url":"https:\/\/cvinoticias.com\/v3\/","logo":{"@type":"ImageObject","inLanguage":"es","@id":"https:\/\/cvinoticias.com\/v3\/#\/schema\/logo\/image\/","url":"https:\/\/cvinoticias.com\/wp-content\/uploads\/2023\/04\/cropped-cropped-cropped-cropped-cropped-3-1.png","contentUrl":"https:\/\/cvinoticias.com\/wp-content\/uploads\/2023\/04\/cropped-cropped-cropped-cropped-cropped-3-1.png","width":95,"height":122,"caption":"CVI NOTICIAS"},"image":{"@id":"https:\/\/cvinoticias.com\/v3\/#\/schema\/logo\/image\/"},"sameAs":["https:\/\/www.facebook.com\/cvinoticias","https:\/\/www.instagram.com\/cvinoticias\/","https:\/\/www.youtube.com\/@CVINOTICIAS"]},{"@type":"Person","@id":"https:\/\/cvinoticias.com\/v3\/#\/schema\/person\/2db77e3c6bc03c538495d7b2b8be9b66","name":"f1000024","image":{"@type":"ImageObject","inLanguage":"es","@id":"https:\/\/secure.gravatar.com\/avatar\/d4fe7459cfc51ff5129ce1a732bbef5928568b8092d412ef95611616376bbeed?s=96&d=mm&r=g","url":"https:\/\/secure.gravatar.com\/avatar\/d4fe7459cfc51ff5129ce1a732bbef5928568b8092d412ef95611616376bbeed?s=96&d=mm&r=g","contentUrl":"https:\/\/secure.gravatar.com\/avatar\/d4fe7459cfc51ff5129ce1a732bbef5928568b8092d412ef95611616376bbeed?s=96&d=mm&r=g","caption":"f1000024"},"url":"https:\/\/cvinoticias.com\/v3\/author\/f1000024\/"}]}},"_links":{"self":[{"href":"https:\/\/cvinoticias.com\/v3\/wp-json\/wp\/v2\/posts\/17532","targetHints":{"allow":["GET"]}}],"collection":[{"href":"https:\/\/cvinoticias.com\/v3\/wp-json\/wp\/v2\/posts"}],"about":[{"href":"https:\/\/cvinoticias.com\/v3\/wp-json\/wp\/v2\/types\/post"}],"author":[{"embeddable":true,"href":"https:\/\/cvinoticias.com\/v3\/wp-json\/wp\/v2\/users\/2"}],"replies":[{"embeddable":true,"href":"https:\/\/cvinoticias.com\/v3\/wp-json\/wp\/v2\/comments?post=17532"}],"version-history":[{"count":1,"href":"https:\/\/cvinoticias.com\/v3\/wp-json\/wp\/v2\/posts\/17532\/revisions"}],"predecessor-version":[{"id":17534,"href":"https:\/\/cvinoticias.com\/v3\/wp-json\/wp\/v2\/posts\/17532\/revisions\/17534"}],"wp:featuredmedia":[{"embeddable":true,"href":"https:\/\/cvinoticias.com\/v3\/wp-json\/wp\/v2\/media\/17533"}],"wp:attachment":[{"href":"https:\/\/cvinoticias.com\/v3\/wp-json\/wp\/v2\/media?parent=17532"}],"wp:term":[{"taxonomy":"category","embeddable":true,"href":"https:\/\/cvinoticias.com\/v3\/wp-json\/wp\/v2\/categories?post=17532"},{"taxonomy":"post_tag","embeddable":true,"href":"https:\/\/cvinoticias.com\/v3\/wp-json\/wp\/v2\/tags?post=17532"}],"curies":[{"name":"wp","href":"https:\/\/api.w.org\/{rel}","templated":true}]}}