{"id":1753,"date":"2021-01-18T13:27:44","date_gmt":"2021-01-18T13:27:44","guid":{"rendered":"https:\/\/cvinoticias.com\/v3\/?p=1753"},"modified":"2021-01-18T13:27:44","modified_gmt":"2021-01-18T13:27:44","slug":"contundente-rechazo-de-terapistas-al-suero-equino-aprobado-por-la-anmat","status":"publish","type":"post","link":"https:\/\/cvinoticias.com\/v3\/contundente-rechazo-de-terapistas-al-suero-equino-aprobado-por-la-anmat\/","title":{"rendered":"Contundente rechazo de terapistas al suero equino aprobado por la ANMAT"},"content":{"rendered":"\n<p><em><strong>La Sociedad Argentina de Terapia Intensiva (SATI) descart\u00f3 la utilizaci\u00f3n del suero equino hiperinmune por\u00a0la falta de evidencia\u00a0sobre sus beneficios.<\/strong><\/em><\/p>\n\n\n\n<p>La&nbsp;<strong>Sociedad Argentina de Terapia Intensiva (SATI) descart\u00f3 la utilizaci\u00f3n del suero equino hiperinmune&nbsp;<\/strong>para tratar a los pacientes con&nbsp;coronavirus, pr\u00e1ctica que hab\u00eda sido aprobada por la&nbsp;<strong>Anmat&nbsp;<\/strong>semanas atr\u00e1s.<\/p>\n\n\n\n<p>Mediante un comunicado, aseguraron que \u201cdebido a los resultados presentados en este estudio fase 2\/3,\u00a0la SATI recomienda fuertemente\u00a0<strong>no utilizar<\/strong>\u00a0<strong>suero equino hiperinmune<\/strong>\u00a0en los pacientes internados en terapia intensiva, en los pacientes que requieren asistencia respiratoria mec\u00e1nica y en los pacientes que hayan recibido plasma de convalecientes para Covid-19\u2033.<\/p>\n\n\n\n<p>\u201cNo se demostraron los objetivos primarios y secundarios de eficacia cl\u00ednica en ning\u00fan caso,&nbsp;<strong>no encontr\u00e1ndose diferencias significativas<\/strong>&nbsp;entre los&nbsp;<strong>pacientes que recibieron el suero equino hiperinmune y los que recibieron placebo<\/strong>, en relaci\u00f3n al ingreso a terapia intensiva, requerimiento de asistencia respiratoria mec\u00e1nica y de mortalidad\u201d, indicaron.<\/p>\n\n\n\n<p>Los terapistas rechazaron la incorporaci\u00f3n del producto por\u00a0la\u00a0<strong>falta de evidencia\u00a0sobre sus beneficios.\u00a0<\/strong>En ese sentido, aclararon que\u00a0su posici\u00f3n\u00a0\u201cqueda sujeta a posteriores modificaciones\u00a0seg\u00fan el avance de los conocimientos y publicaciones cient\u00edficas\u201d.<\/p>\n\n\n\n<p>Cabe recordar, que la Administraci\u00f3n Nacional de Medicamentos, Alimentos y Tecnolog\u00eda M\u00e9dica (Anmat) hab\u00eda&nbsp;autorizado en diciembre la utilizaci\u00f3n&nbsp;del suero equino hiperinmune para tratar pacientes con coronavirus.<\/p>\n\n\n\n<p>\u201cLa autorizaci\u00f3n bajo condiciones especiales se produce teniendo en cuenta los beneficios terap\u00e9uticos del producto. La agencia de regulaci\u00f3n argentina otorg\u00f3 una inscripci\u00f3n del medicamento en el REM con car\u00e1cter condicional y por el plazo de un a\u00f1o. Est\u00e1 indicado para el tratamiento de pacientes adultos con enfermedad de curso moderado a severo\u201d, aseguraron.<\/p>\n","protected":false},"excerpt":{"rendered":"<p>La Sociedad Argentina de Terapia Intensiva (SATI) descart\u00f3 la utilizaci\u00f3n del suero equino hiperinmune por\u00a0la falta de evidencia\u00a0sobre sus beneficios. La&nbsp;Sociedad Argentina de Terapia Intensiva (SATI) descart\u00f3 la utilizaci\u00f3n del suero equino hiperinmune&nbsp;para tratar a los pacientes con&nbsp;coronavirus, pr\u00e1ctica que hab\u00eda sido aprobada por la&nbsp;Anmat&nbsp;semanas atr\u00e1s. Mediante un comunicado, aseguraron que \u201cdebido a los resultados [&hellip;]<\/p>\n","protected":false},"author":2,"featured_media":1754,"comment_status":"open","ping_status":"open","sticky":false,"template":"","format":"standard","meta":{"footnotes":""},"categories":[35],"tags":[],"class_list":["post-1753","post","type-post","status-publish","format-standard","has-post-thumbnail","hentry","category-informacion-general"],"yoast_head":"<!-- This site is optimized with the Yoast SEO plugin v27.5 - https:\/\/yoast.com\/product\/yoast-seo-wordpress\/ -->\n<title>Contundente rechazo de terapistas al suero equino aprobado por la ANMAT | CVI NOTICIAS<\/title>\n<meta name=\"robots\" content=\"index, follow, max-snippet:-1, max-image-preview:large, max-video-preview:-1\" \/>\n<link rel=\"canonical\" href=\"https:\/\/cvinoticias.com\/v3\/contundente-rechazo-de-terapistas-al-suero-equino-aprobado-por-la-anmat\/\" \/>\n<meta property=\"og:locale\" content=\"es_ES\" \/>\n<meta property=\"og:type\" content=\"article\" \/>\n<meta property=\"og:title\" content=\"Contundente rechazo de terapistas al suero equino aprobado por la ANMAT | CVI NOTICIAS\" \/>\n<meta property=\"og:description\" content=\"La Sociedad Argentina de Terapia Intensiva (SATI) descart\u00f3 la utilizaci\u00f3n del suero equino hiperinmune por\u00a0la falta de evidencia\u00a0sobre sus beneficios. La&nbsp;Sociedad Argentina de Terapia Intensiva (SATI) descart\u00f3 la utilizaci\u00f3n del suero equino hiperinmune&nbsp;para tratar a los pacientes con&nbsp;coronavirus, pr\u00e1ctica que hab\u00eda sido aprobada por la&nbsp;Anmat&nbsp;semanas atr\u00e1s. Mediante un comunicado, aseguraron que \u201cdebido a los resultados [&hellip;]\" \/>\n<meta property=\"og:url\" content=\"https:\/\/cvinoticias.com\/v3\/contundente-rechazo-de-terapistas-al-suero-equino-aprobado-por-la-anmat\/\" \/>\n<meta property=\"og:site_name\" content=\"CVI NOTICIAS\" \/>\n<meta property=\"article:publisher\" content=\"https:\/\/www.facebook.com\/cvinoticias\" \/>\n<meta property=\"article:published_time\" content=\"2021-01-18T13:27:44+00:00\" \/>\n<meta property=\"og:image\" content=\"https:\/\/cvinoticias.com\/wp-content\/uploads\/2021\/01\/la-transfusion-de-plasma-de___Y6yGJllxH_340x340__1.jpg\" \/>\n\t<meta property=\"og:image:width\" content=\"340\" \/>\n\t<meta property=\"og:image:height\" content=\"340\" \/>\n\t<meta property=\"og:image:type\" content=\"image\/jpeg\" \/>\n<meta name=\"author\" content=\"f1000024\" \/>\n<meta name=\"twitter:card\" content=\"summary_large_image\" \/>\n<meta name=\"twitter:label1\" content=\"Escrito por\" \/>\n\t<meta name=\"twitter:data1\" content=\"f1000024\" \/>\n\t<meta name=\"twitter:label2\" content=\"Tiempo de lectura\" \/>\n\t<meta name=\"twitter:data2\" content=\"2 minutos\" \/>\n<script type=\"application\/ld+json\" class=\"yoast-schema-graph\">{\"@context\":\"https:\\\/\\\/schema.org\",\"@graph\":[{\"@type\":\"Article\",\"@id\":\"https:\\\/\\\/cvinoticias.com\\\/v3\\\/contundente-rechazo-de-terapistas-al-suero-equino-aprobado-por-la-anmat\\\/#article\",\"isPartOf\":{\"@id\":\"https:\\\/\\\/cvinoticias.com\\\/v3\\\/contundente-rechazo-de-terapistas-al-suero-equino-aprobado-por-la-anmat\\\/\"},\"author\":{\"name\":\"f1000024\",\"@id\":\"https:\\\/\\\/cvinoticias.com\\\/v3\\\/#\\\/schema\\\/person\\\/2db77e3c6bc03c538495d7b2b8be9b66\"},\"headline\":\"Contundente rechazo de terapistas al suero equino aprobado por la ANMAT\",\"datePublished\":\"2021-01-18T13:27:44+00:00\",\"mainEntityOfPage\":{\"@id\":\"https:\\\/\\\/cvinoticias.com\\\/v3\\\/contundente-rechazo-de-terapistas-al-suero-equino-aprobado-por-la-anmat\\\/\"},\"wordCount\":316,\"commentCount\":1,\"publisher\":{\"@id\":\"https:\\\/\\\/cvinoticias.com\\\/v3\\\/#organization\"},\"image\":{\"@id\":\"https:\\\/\\\/cvinoticias.com\\\/v3\\\/contundente-rechazo-de-terapistas-al-suero-equino-aprobado-por-la-anmat\\\/#primaryimage\"},\"thumbnailUrl\":\"https:\\\/\\\/cvinoticias.com\\\/wp-content\\\/uploads\\\/2021\\\/01\\\/la-transfusion-de-plasma-de___Y6yGJllxH_340x340__1.jpg\",\"articleSection\":[\"Informaci\u00f3n General\"],\"inLanguage\":\"es\",\"potentialAction\":[{\"@type\":\"CommentAction\",\"name\":\"Comment\",\"target\":[\"https:\\\/\\\/cvinoticias.com\\\/v3\\\/contundente-rechazo-de-terapistas-al-suero-equino-aprobado-por-la-anmat\\\/#respond\"]}]},{\"@type\":\"WebPage\",\"@id\":\"https:\\\/\\\/cvinoticias.com\\\/v3\\\/contundente-rechazo-de-terapistas-al-suero-equino-aprobado-por-la-anmat\\\/\",\"url\":\"https:\\\/\\\/cvinoticias.com\\\/v3\\\/contundente-rechazo-de-terapistas-al-suero-equino-aprobado-por-la-anmat\\\/\",\"name\":\"Contundente rechazo de terapistas al suero equino aprobado por la ANMAT | CVI NOTICIAS\",\"isPartOf\":{\"@id\":\"https:\\\/\\\/cvinoticias.com\\\/v3\\\/#website\"},\"primaryImageOfPage\":{\"@id\":\"https:\\\/\\\/cvinoticias.com\\\/v3\\\/contundente-rechazo-de-terapistas-al-suero-equino-aprobado-por-la-anmat\\\/#primaryimage\"},\"image\":{\"@id\":\"https:\\\/\\\/cvinoticias.com\\\/v3\\\/contundente-rechazo-de-terapistas-al-suero-equino-aprobado-por-la-anmat\\\/#primaryimage\"},\"thumbnailUrl\":\"https:\\\/\\\/cvinoticias.com\\\/wp-content\\\/uploads\\\/2021\\\/01\\\/la-transfusion-de-plasma-de___Y6yGJllxH_340x340__1.jpg\",\"datePublished\":\"2021-01-18T13:27:44+00:00\",\"breadcrumb\":{\"@id\":\"https:\\\/\\\/cvinoticias.com\\\/v3\\\/contundente-rechazo-de-terapistas-al-suero-equino-aprobado-por-la-anmat\\\/#breadcrumb\"},\"inLanguage\":\"es\",\"potentialAction\":[{\"@type\":\"ReadAction\",\"target\":[\"https:\\\/\\\/cvinoticias.com\\\/v3\\\/contundente-rechazo-de-terapistas-al-suero-equino-aprobado-por-la-anmat\\\/\"]}]},{\"@type\":\"ImageObject\",\"inLanguage\":\"es\",\"@id\":\"https:\\\/\\\/cvinoticias.com\\\/v3\\\/contundente-rechazo-de-terapistas-al-suero-equino-aprobado-por-la-anmat\\\/#primaryimage\",\"url\":\"https:\\\/\\\/cvinoticias.com\\\/wp-content\\\/uploads\\\/2021\\\/01\\\/la-transfusion-de-plasma-de___Y6yGJllxH_340x340__1.jpg\",\"contentUrl\":\"https:\\\/\\\/cvinoticias.com\\\/wp-content\\\/uploads\\\/2021\\\/01\\\/la-transfusion-de-plasma-de___Y6yGJllxH_340x340__1.jpg\",\"width\":340,\"height\":340},{\"@type\":\"BreadcrumbList\",\"@id\":\"https:\\\/\\\/cvinoticias.com\\\/v3\\\/contundente-rechazo-de-terapistas-al-suero-equino-aprobado-por-la-anmat\\\/#breadcrumb\",\"itemListElement\":[{\"@type\":\"ListItem\",\"position\":1,\"name\":\"Portada\",\"item\":\"https:\\\/\\\/cvinoticias.com\\\/v3\\\/\"},{\"@type\":\"ListItem\",\"position\":2,\"name\":\"Contundente rechazo de terapistas al suero equino aprobado por la ANMAT\"}]},{\"@type\":\"WebSite\",\"@id\":\"https:\\\/\\\/cvinoticias.com\\\/v3\\\/#website\",\"url\":\"https:\\\/\\\/cvinoticias.com\\\/v3\\\/\",\"name\":\"CVI NOTICIAS\",\"description\":\"\",\"publisher\":{\"@id\":\"https:\\\/\\\/cvinoticias.com\\\/v3\\\/#organization\"},\"alternateName\":\"CVI\",\"potentialAction\":[{\"@type\":\"SearchAction\",\"target\":{\"@type\":\"EntryPoint\",\"urlTemplate\":\"https:\\\/\\\/cvinoticias.com\\\/v3\\\/?s={search_term_string}\"},\"query-input\":{\"@type\":\"PropertyValueSpecification\",\"valueRequired\":true,\"valueName\":\"search_term_string\"}}],\"inLanguage\":\"es\"},{\"@type\":\"Organization\",\"@id\":\"https:\\\/\\\/cvinoticias.com\\\/v3\\\/#organization\",\"name\":\"CVI NOTICIAS\",\"url\":\"https:\\\/\\\/cvinoticias.com\\\/v3\\\/\",\"logo\":{\"@type\":\"ImageObject\",\"inLanguage\":\"es\",\"@id\":\"https:\\\/\\\/cvinoticias.com\\\/v3\\\/#\\\/schema\\\/logo\\\/image\\\/\",\"url\":\"https:\\\/\\\/cvinoticias.com\\\/wp-content\\\/uploads\\\/2023\\\/04\\\/cropped-cropped-cropped-cropped-cropped-3-1.png\",\"contentUrl\":\"https:\\\/\\\/cvinoticias.com\\\/wp-content\\\/uploads\\\/2023\\\/04\\\/cropped-cropped-cropped-cropped-cropped-3-1.png\",\"width\":95,\"height\":122,\"caption\":\"CVI NOTICIAS\"},\"image\":{\"@id\":\"https:\\\/\\\/cvinoticias.com\\\/v3\\\/#\\\/schema\\\/logo\\\/image\\\/\"},\"sameAs\":[\"https:\\\/\\\/www.facebook.com\\\/cvinoticias\",\"https:\\\/\\\/www.instagram.com\\\/cvinoticias\\\/\",\"https:\\\/\\\/www.youtube.com\\\/@CVINOTICIAS\"]},{\"@type\":\"Person\",\"@id\":\"https:\\\/\\\/cvinoticias.com\\\/v3\\\/#\\\/schema\\\/person\\\/2db77e3c6bc03c538495d7b2b8be9b66\",\"name\":\"f1000024\",\"image\":{\"@type\":\"ImageObject\",\"inLanguage\":\"es\",\"@id\":\"https:\\\/\\\/secure.gravatar.com\\\/avatar\\\/d4fe7459cfc51ff5129ce1a732bbef5928568b8092d412ef95611616376bbeed?s=96&d=mm&r=g\",\"url\":\"https:\\\/\\\/secure.gravatar.com\\\/avatar\\\/d4fe7459cfc51ff5129ce1a732bbef5928568b8092d412ef95611616376bbeed?s=96&d=mm&r=g\",\"contentUrl\":\"https:\\\/\\\/secure.gravatar.com\\\/avatar\\\/d4fe7459cfc51ff5129ce1a732bbef5928568b8092d412ef95611616376bbeed?s=96&d=mm&r=g\",\"caption\":\"f1000024\"},\"url\":\"https:\\\/\\\/cvinoticias.com\\\/v3\\\/author\\\/f1000024\\\/\"}]}<\/script>\n<!-- \/ Yoast SEO plugin. -->","yoast_head_json":{"title":"Contundente rechazo de terapistas al suero equino aprobado por la ANMAT | CVI NOTICIAS","robots":{"index":"index","follow":"follow","max-snippet":"max-snippet:-1","max-image-preview":"max-image-preview:large","max-video-preview":"max-video-preview:-1"},"canonical":"https:\/\/cvinoticias.com\/v3\/contundente-rechazo-de-terapistas-al-suero-equino-aprobado-por-la-anmat\/","og_locale":"es_ES","og_type":"article","og_title":"Contundente rechazo de terapistas al suero equino aprobado por la ANMAT | CVI NOTICIAS","og_description":"La Sociedad Argentina de Terapia Intensiva (SATI) descart\u00f3 la utilizaci\u00f3n del suero equino hiperinmune por\u00a0la falta de evidencia\u00a0sobre sus beneficios. La&nbsp;Sociedad Argentina de Terapia Intensiva (SATI) descart\u00f3 la utilizaci\u00f3n del suero equino hiperinmune&nbsp;para tratar a los pacientes con&nbsp;coronavirus, pr\u00e1ctica que hab\u00eda sido aprobada por la&nbsp;Anmat&nbsp;semanas atr\u00e1s. Mediante un comunicado, aseguraron que \u201cdebido a los resultados [&hellip;]","og_url":"https:\/\/cvinoticias.com\/v3\/contundente-rechazo-de-terapistas-al-suero-equino-aprobado-por-la-anmat\/","og_site_name":"CVI NOTICIAS","article_publisher":"https:\/\/www.facebook.com\/cvinoticias","article_published_time":"2021-01-18T13:27:44+00:00","og_image":[{"width":340,"height":340,"url":"https:\/\/cvinoticias.com\/wp-content\/uploads\/2021\/01\/la-transfusion-de-plasma-de___Y6yGJllxH_340x340__1.jpg","type":"image\/jpeg"}],"author":"f1000024","twitter_card":"summary_large_image","twitter_misc":{"Escrito por":"f1000024","Tiempo de lectura":"2 minutos"},"schema":{"@context":"https:\/\/schema.org","@graph":[{"@type":"Article","@id":"https:\/\/cvinoticias.com\/v3\/contundente-rechazo-de-terapistas-al-suero-equino-aprobado-por-la-anmat\/#article","isPartOf":{"@id":"https:\/\/cvinoticias.com\/v3\/contundente-rechazo-de-terapistas-al-suero-equino-aprobado-por-la-anmat\/"},"author":{"name":"f1000024","@id":"https:\/\/cvinoticias.com\/v3\/#\/schema\/person\/2db77e3c6bc03c538495d7b2b8be9b66"},"headline":"Contundente rechazo de terapistas al suero equino aprobado por la ANMAT","datePublished":"2021-01-18T13:27:44+00:00","mainEntityOfPage":{"@id":"https:\/\/cvinoticias.com\/v3\/contundente-rechazo-de-terapistas-al-suero-equino-aprobado-por-la-anmat\/"},"wordCount":316,"commentCount":1,"publisher":{"@id":"https:\/\/cvinoticias.com\/v3\/#organization"},"image":{"@id":"https:\/\/cvinoticias.com\/v3\/contundente-rechazo-de-terapistas-al-suero-equino-aprobado-por-la-anmat\/#primaryimage"},"thumbnailUrl":"https:\/\/cvinoticias.com\/wp-content\/uploads\/2021\/01\/la-transfusion-de-plasma-de___Y6yGJllxH_340x340__1.jpg","articleSection":["Informaci\u00f3n General"],"inLanguage":"es","potentialAction":[{"@type":"CommentAction","name":"Comment","target":["https:\/\/cvinoticias.com\/v3\/contundente-rechazo-de-terapistas-al-suero-equino-aprobado-por-la-anmat\/#respond"]}]},{"@type":"WebPage","@id":"https:\/\/cvinoticias.com\/v3\/contundente-rechazo-de-terapistas-al-suero-equino-aprobado-por-la-anmat\/","url":"https:\/\/cvinoticias.com\/v3\/contundente-rechazo-de-terapistas-al-suero-equino-aprobado-por-la-anmat\/","name":"Contundente rechazo de terapistas al suero equino aprobado por la ANMAT | CVI NOTICIAS","isPartOf":{"@id":"https:\/\/cvinoticias.com\/v3\/#website"},"primaryImageOfPage":{"@id":"https:\/\/cvinoticias.com\/v3\/contundente-rechazo-de-terapistas-al-suero-equino-aprobado-por-la-anmat\/#primaryimage"},"image":{"@id":"https:\/\/cvinoticias.com\/v3\/contundente-rechazo-de-terapistas-al-suero-equino-aprobado-por-la-anmat\/#primaryimage"},"thumbnailUrl":"https:\/\/cvinoticias.com\/wp-content\/uploads\/2021\/01\/la-transfusion-de-plasma-de___Y6yGJllxH_340x340__1.jpg","datePublished":"2021-01-18T13:27:44+00:00","breadcrumb":{"@id":"https:\/\/cvinoticias.com\/v3\/contundente-rechazo-de-terapistas-al-suero-equino-aprobado-por-la-anmat\/#breadcrumb"},"inLanguage":"es","potentialAction":[{"@type":"ReadAction","target":["https:\/\/cvinoticias.com\/v3\/contundente-rechazo-de-terapistas-al-suero-equino-aprobado-por-la-anmat\/"]}]},{"@type":"ImageObject","inLanguage":"es","@id":"https:\/\/cvinoticias.com\/v3\/contundente-rechazo-de-terapistas-al-suero-equino-aprobado-por-la-anmat\/#primaryimage","url":"https:\/\/cvinoticias.com\/wp-content\/uploads\/2021\/01\/la-transfusion-de-plasma-de___Y6yGJllxH_340x340__1.jpg","contentUrl":"https:\/\/cvinoticias.com\/wp-content\/uploads\/2021\/01\/la-transfusion-de-plasma-de___Y6yGJllxH_340x340__1.jpg","width":340,"height":340},{"@type":"BreadcrumbList","@id":"https:\/\/cvinoticias.com\/v3\/contundente-rechazo-de-terapistas-al-suero-equino-aprobado-por-la-anmat\/#breadcrumb","itemListElement":[{"@type":"ListItem","position":1,"name":"Portada","item":"https:\/\/cvinoticias.com\/v3\/"},{"@type":"ListItem","position":2,"name":"Contundente rechazo de terapistas al suero equino aprobado por la ANMAT"}]},{"@type":"WebSite","@id":"https:\/\/cvinoticias.com\/v3\/#website","url":"https:\/\/cvinoticias.com\/v3\/","name":"CVI NOTICIAS","description":"","publisher":{"@id":"https:\/\/cvinoticias.com\/v3\/#organization"},"alternateName":"CVI","potentialAction":[{"@type":"SearchAction","target":{"@type":"EntryPoint","urlTemplate":"https:\/\/cvinoticias.com\/v3\/?s={search_term_string}"},"query-input":{"@type":"PropertyValueSpecification","valueRequired":true,"valueName":"search_term_string"}}],"inLanguage":"es"},{"@type":"Organization","@id":"https:\/\/cvinoticias.com\/v3\/#organization","name":"CVI NOTICIAS","url":"https:\/\/cvinoticias.com\/v3\/","logo":{"@type":"ImageObject","inLanguage":"es","@id":"https:\/\/cvinoticias.com\/v3\/#\/schema\/logo\/image\/","url":"https:\/\/cvinoticias.com\/wp-content\/uploads\/2023\/04\/cropped-cropped-cropped-cropped-cropped-3-1.png","contentUrl":"https:\/\/cvinoticias.com\/wp-content\/uploads\/2023\/04\/cropped-cropped-cropped-cropped-cropped-3-1.png","width":95,"height":122,"caption":"CVI NOTICIAS"},"image":{"@id":"https:\/\/cvinoticias.com\/v3\/#\/schema\/logo\/image\/"},"sameAs":["https:\/\/www.facebook.com\/cvinoticias","https:\/\/www.instagram.com\/cvinoticias\/","https:\/\/www.youtube.com\/@CVINOTICIAS"]},{"@type":"Person","@id":"https:\/\/cvinoticias.com\/v3\/#\/schema\/person\/2db77e3c6bc03c538495d7b2b8be9b66","name":"f1000024","image":{"@type":"ImageObject","inLanguage":"es","@id":"https:\/\/secure.gravatar.com\/avatar\/d4fe7459cfc51ff5129ce1a732bbef5928568b8092d412ef95611616376bbeed?s=96&d=mm&r=g","url":"https:\/\/secure.gravatar.com\/avatar\/d4fe7459cfc51ff5129ce1a732bbef5928568b8092d412ef95611616376bbeed?s=96&d=mm&r=g","contentUrl":"https:\/\/secure.gravatar.com\/avatar\/d4fe7459cfc51ff5129ce1a732bbef5928568b8092d412ef95611616376bbeed?s=96&d=mm&r=g","caption":"f1000024"},"url":"https:\/\/cvinoticias.com\/v3\/author\/f1000024\/"}]}},"_links":{"self":[{"href":"https:\/\/cvinoticias.com\/v3\/wp-json\/wp\/v2\/posts\/1753","targetHints":{"allow":["GET"]}}],"collection":[{"href":"https:\/\/cvinoticias.com\/v3\/wp-json\/wp\/v2\/posts"}],"about":[{"href":"https:\/\/cvinoticias.com\/v3\/wp-json\/wp\/v2\/types\/post"}],"author":[{"embeddable":true,"href":"https:\/\/cvinoticias.com\/v3\/wp-json\/wp\/v2\/users\/2"}],"replies":[{"embeddable":true,"href":"https:\/\/cvinoticias.com\/v3\/wp-json\/wp\/v2\/comments?post=1753"}],"version-history":[{"count":1,"href":"https:\/\/cvinoticias.com\/v3\/wp-json\/wp\/v2\/posts\/1753\/revisions"}],"predecessor-version":[{"id":1755,"href":"https:\/\/cvinoticias.com\/v3\/wp-json\/wp\/v2\/posts\/1753\/revisions\/1755"}],"wp:featuredmedia":[{"embeddable":true,"href":"https:\/\/cvinoticias.com\/v3\/wp-json\/wp\/v2\/media\/1754"}],"wp:attachment":[{"href":"https:\/\/cvinoticias.com\/v3\/wp-json\/wp\/v2\/media?parent=1753"}],"wp:term":[{"taxonomy":"category","embeddable":true,"href":"https:\/\/cvinoticias.com\/v3\/wp-json\/wp\/v2\/categories?post=1753"},{"taxonomy":"post_tag","embeddable":true,"href":"https:\/\/cvinoticias.com\/v3\/wp-json\/wp\/v2\/tags?post=1753"}],"curies":[{"name":"wp","href":"https:\/\/api.w.org\/{rel}","templated":true}]}}