{"id":17529,"date":"2022-07-11T13:01:50","date_gmt":"2022-07-11T13:01:50","guid":{"rendered":"https:\/\/cvinoticias.com\/v3\/?p=17529"},"modified":"2022-07-11T13:01:50","modified_gmt":"2022-07-11T13:01:50","slug":"iguazu-detuvieron-a-un-hombre-y-la-policia-hallo-en-su-poder-una-garrafa","status":"publish","type":"post","link":"https:\/\/cvinoticias.com\/v3\/iguazu-detuvieron-a-un-hombre-y-la-policia-hallo-en-su-poder-una-garrafa\/","title":{"rendered":"Iguaz\u00fa: Detuvieron a un hombre y la Polic\u00eda hall\u00f3 en su poder una garrafa"},"content":{"rendered":"\n<p><strong><em>Hab\u00edan pasado minutos de la 23.00 horas de Ayer domingo cuando la polic\u00eda preventivamente recorr\u00eda la Calle Estanislao L\u00f3pez y Calle Tom\u00e1s de Rocamora de esta ciudad, all\u00ed observaron caminar a un hombre de 40 a\u00f1os quien fue identificado.<\/em><\/strong><\/p>\n\n\n\n<p>El hombre, llevaba en sus hombros 01 garrafa de 10 kilos, no logrando justificar la procedencia del objeto como as\u00ed su permanencia en la zona, por lo que fue detenido y trasladado a sede policial. Por estas horas se intenta dar con los due\u00f1os de lo incautado.<\/p>\n","protected":false},"excerpt":{"rendered":"<p>Hab\u00edan pasado minutos de la 23.00 horas de Ayer domingo cuando la polic\u00eda preventivamente recorr\u00eda la Calle Estanislao L\u00f3pez y Calle Tom\u00e1s de Rocamora de esta ciudad, all\u00ed observaron caminar a un hombre de 40 a\u00f1os quien fue identificado. El hombre, llevaba en sus hombros 01 garrafa de 10 kilos, no logrando justificar la procedencia [&hellip;]<\/p>\n","protected":false},"author":2,"featured_media":17530,"comment_status":"open","ping_status":"open","sticky":false,"template":"","format":"standard","meta":{"footnotes":""},"categories":[29,41],"tags":[],"class_list":["post-17529","post","type-post","status-publish","format-standard","has-post-thumbnail","hentry","category-locales","category-policiales"],"yoast_head":"<!-- This site is optimized with the Yoast SEO plugin v27.4 - https:\/\/yoast.com\/product\/yoast-seo-wordpress\/ -->\n<title>Iguaz\u00fa: Detuvieron a un hombre y la Polic\u00eda hall\u00f3 en su poder una garrafa | CVI NOTICIAS<\/title>\n<meta name=\"robots\" content=\"index, follow, max-snippet:-1, max-image-preview:large, max-video-preview:-1\" \/>\n<link rel=\"canonical\" href=\"https:\/\/cvinoticias.com\/v3\/iguazu-detuvieron-a-un-hombre-y-la-policia-hallo-en-su-poder-una-garrafa\/\" \/>\n<meta property=\"og:locale\" content=\"es_ES\" \/>\n<meta property=\"og:type\" content=\"article\" \/>\n<meta property=\"og:title\" content=\"Iguaz\u00fa: Detuvieron a un hombre y la Polic\u00eda hall\u00f3 en su poder una garrafa | CVI NOTICIAS\" \/>\n<meta property=\"og:description\" content=\"Hab\u00edan pasado minutos de la 23.00 horas de Ayer domingo cuando la polic\u00eda preventivamente recorr\u00eda la Calle Estanislao L\u00f3pez y Calle Tom\u00e1s de Rocamora de esta ciudad, all\u00ed observaron caminar a un hombre de 40 a\u00f1os quien fue identificado. El hombre, llevaba en sus hombros 01 garrafa de 10 kilos, no logrando justificar la procedencia [&hellip;]\" \/>\n<meta property=\"og:url\" content=\"https:\/\/cvinoticias.com\/v3\/iguazu-detuvieron-a-un-hombre-y-la-policia-hallo-en-su-poder-una-garrafa\/\" \/>\n<meta property=\"og:site_name\" content=\"CVI NOTICIAS\" \/>\n<meta property=\"article:publisher\" content=\"https:\/\/www.facebook.com\/cvinoticias\" \/>\n<meta property=\"article:published_time\" content=\"2022-07-11T13:01:50+00:00\" \/>\n<meta property=\"og:image\" content=\"https:\/\/cvinoticias.com\/wp-content\/uploads\/2022\/07\/FB_IMG_1657544395446.jpg\" \/>\n\t<meta property=\"og:image:width\" content=\"1080\" \/>\n\t<meta property=\"og:image:height\" content=\"1318\" \/>\n\t<meta property=\"og:image:type\" content=\"image\/jpeg\" \/>\n<meta name=\"author\" content=\"f1000024\" \/>\n<meta name=\"twitter:card\" content=\"summary_large_image\" \/>\n<meta name=\"twitter:label1\" content=\"Escrito por\" \/>\n\t<meta name=\"twitter:data1\" content=\"f1000024\" \/>\n<script type=\"application\/ld+json\" class=\"yoast-schema-graph\">{\"@context\":\"https:\\\/\\\/schema.org\",\"@graph\":[{\"@type\":\"Article\",\"@id\":\"https:\\\/\\\/cvinoticias.com\\\/v3\\\/iguazu-detuvieron-a-un-hombre-y-la-policia-hallo-en-su-poder-una-garrafa\\\/#article\",\"isPartOf\":{\"@id\":\"https:\\\/\\\/cvinoticias.com\\\/v3\\\/iguazu-detuvieron-a-un-hombre-y-la-policia-hallo-en-su-poder-una-garrafa\\\/\"},\"author\":{\"name\":\"f1000024\",\"@id\":\"https:\\\/\\\/cvinoticias.com\\\/v3\\\/#\\\/schema\\\/person\\\/2db77e3c6bc03c538495d7b2b8be9b66\"},\"headline\":\"Iguaz\u00fa: Detuvieron a un hombre y la Polic\u00eda hall\u00f3 en su poder una garrafa\",\"datePublished\":\"2022-07-11T13:01:50+00:00\",\"mainEntityOfPage\":{\"@id\":\"https:\\\/\\\/cvinoticias.com\\\/v3\\\/iguazu-detuvieron-a-un-hombre-y-la-policia-hallo-en-su-poder-una-garrafa\\\/\"},\"wordCount\":104,\"commentCount\":0,\"publisher\":{\"@id\":\"https:\\\/\\\/cvinoticias.com\\\/v3\\\/#organization\"},\"image\":{\"@id\":\"https:\\\/\\\/cvinoticias.com\\\/v3\\\/iguazu-detuvieron-a-un-hombre-y-la-policia-hallo-en-su-poder-una-garrafa\\\/#primaryimage\"},\"thumbnailUrl\":\"https:\\\/\\\/cvinoticias.com\\\/wp-content\\\/uploads\\\/2022\\\/07\\\/FB_IMG_1657544395446.jpg\",\"articleSection\":[\"Locales\",\"Policiales\"],\"inLanguage\":\"es\",\"potentialAction\":[{\"@type\":\"CommentAction\",\"name\":\"Comment\",\"target\":[\"https:\\\/\\\/cvinoticias.com\\\/v3\\\/iguazu-detuvieron-a-un-hombre-y-la-policia-hallo-en-su-poder-una-garrafa\\\/#respond\"]}]},{\"@type\":\"WebPage\",\"@id\":\"https:\\\/\\\/cvinoticias.com\\\/v3\\\/iguazu-detuvieron-a-un-hombre-y-la-policia-hallo-en-su-poder-una-garrafa\\\/\",\"url\":\"https:\\\/\\\/cvinoticias.com\\\/v3\\\/iguazu-detuvieron-a-un-hombre-y-la-policia-hallo-en-su-poder-una-garrafa\\\/\",\"name\":\"Iguaz\u00fa: Detuvieron a un hombre y la Polic\u00eda hall\u00f3 en su poder una garrafa | CVI NOTICIAS\",\"isPartOf\":{\"@id\":\"https:\\\/\\\/cvinoticias.com\\\/v3\\\/#website\"},\"primaryImageOfPage\":{\"@id\":\"https:\\\/\\\/cvinoticias.com\\\/v3\\\/iguazu-detuvieron-a-un-hombre-y-la-policia-hallo-en-su-poder-una-garrafa\\\/#primaryimage\"},\"image\":{\"@id\":\"https:\\\/\\\/cvinoticias.com\\\/v3\\\/iguazu-detuvieron-a-un-hombre-y-la-policia-hallo-en-su-poder-una-garrafa\\\/#primaryimage\"},\"thumbnailUrl\":\"https:\\\/\\\/cvinoticias.com\\\/wp-content\\\/uploads\\\/2022\\\/07\\\/FB_IMG_1657544395446.jpg\",\"datePublished\":\"2022-07-11T13:01:50+00:00\",\"breadcrumb\":{\"@id\":\"https:\\\/\\\/cvinoticias.com\\\/v3\\\/iguazu-detuvieron-a-un-hombre-y-la-policia-hallo-en-su-poder-una-garrafa\\\/#breadcrumb\"},\"inLanguage\":\"es\",\"potentialAction\":[{\"@type\":\"ReadAction\",\"target\":[\"https:\\\/\\\/cvinoticias.com\\\/v3\\\/iguazu-detuvieron-a-un-hombre-y-la-policia-hallo-en-su-poder-una-garrafa\\\/\"]}]},{\"@type\":\"ImageObject\",\"inLanguage\":\"es\",\"@id\":\"https:\\\/\\\/cvinoticias.com\\\/v3\\\/iguazu-detuvieron-a-un-hombre-y-la-policia-hallo-en-su-poder-una-garrafa\\\/#primaryimage\",\"url\":\"https:\\\/\\\/cvinoticias.com\\\/wp-content\\\/uploads\\\/2022\\\/07\\\/FB_IMG_1657544395446.jpg\",\"contentUrl\":\"https:\\\/\\\/cvinoticias.com\\\/wp-content\\\/uploads\\\/2022\\\/07\\\/FB_IMG_1657544395446.jpg\",\"width\":1080,\"height\":1318},{\"@type\":\"BreadcrumbList\",\"@id\":\"https:\\\/\\\/cvinoticias.com\\\/v3\\\/iguazu-detuvieron-a-un-hombre-y-la-policia-hallo-en-su-poder-una-garrafa\\\/#breadcrumb\",\"itemListElement\":[{\"@type\":\"ListItem\",\"position\":1,\"name\":\"Portada\",\"item\":\"https:\\\/\\\/cvinoticias.com\\\/v3\\\/\"},{\"@type\":\"ListItem\",\"position\":2,\"name\":\"Iguaz\u00fa: Detuvieron a un hombre y la Polic\u00eda hall\u00f3 en su poder una garrafa\"}]},{\"@type\":\"WebSite\",\"@id\":\"https:\\\/\\\/cvinoticias.com\\\/v3\\\/#website\",\"url\":\"https:\\\/\\\/cvinoticias.com\\\/v3\\\/\",\"name\":\"CVI NOTICIAS\",\"description\":\"\",\"publisher\":{\"@id\":\"https:\\\/\\\/cvinoticias.com\\\/v3\\\/#organization\"},\"alternateName\":\"CVI\",\"potentialAction\":[{\"@type\":\"SearchAction\",\"target\":{\"@type\":\"EntryPoint\",\"urlTemplate\":\"https:\\\/\\\/cvinoticias.com\\\/v3\\\/?s={search_term_string}\"},\"query-input\":{\"@type\":\"PropertyValueSpecification\",\"valueRequired\":true,\"valueName\":\"search_term_string\"}}],\"inLanguage\":\"es\"},{\"@type\":\"Organization\",\"@id\":\"https:\\\/\\\/cvinoticias.com\\\/v3\\\/#organization\",\"name\":\"CVI NOTICIAS\",\"url\":\"https:\\\/\\\/cvinoticias.com\\\/v3\\\/\",\"logo\":{\"@type\":\"ImageObject\",\"inLanguage\":\"es\",\"@id\":\"https:\\\/\\\/cvinoticias.com\\\/v3\\\/#\\\/schema\\\/logo\\\/image\\\/\",\"url\":\"https:\\\/\\\/cvinoticias.com\\\/wp-content\\\/uploads\\\/2023\\\/04\\\/cropped-cropped-cropped-cropped-cropped-3-1.png\",\"contentUrl\":\"https:\\\/\\\/cvinoticias.com\\\/wp-content\\\/uploads\\\/2023\\\/04\\\/cropped-cropped-cropped-cropped-cropped-3-1.png\",\"width\":95,\"height\":122,\"caption\":\"CVI NOTICIAS\"},\"image\":{\"@id\":\"https:\\\/\\\/cvinoticias.com\\\/v3\\\/#\\\/schema\\\/logo\\\/image\\\/\"},\"sameAs\":[\"https:\\\/\\\/www.facebook.com\\\/cvinoticias\",\"https:\\\/\\\/www.instagram.com\\\/cvinoticias\\\/\",\"https:\\\/\\\/www.youtube.com\\\/@CVINOTICIAS\"]},{\"@type\":\"Person\",\"@id\":\"https:\\\/\\\/cvinoticias.com\\\/v3\\\/#\\\/schema\\\/person\\\/2db77e3c6bc03c538495d7b2b8be9b66\",\"name\":\"f1000024\",\"image\":{\"@type\":\"ImageObject\",\"inLanguage\":\"es\",\"@id\":\"https:\\\/\\\/secure.gravatar.com\\\/avatar\\\/d4fe7459cfc51ff5129ce1a732bbef5928568b8092d412ef95611616376bbeed?s=96&d=mm&r=g\",\"url\":\"https:\\\/\\\/secure.gravatar.com\\\/avatar\\\/d4fe7459cfc51ff5129ce1a732bbef5928568b8092d412ef95611616376bbeed?s=96&d=mm&r=g\",\"contentUrl\":\"https:\\\/\\\/secure.gravatar.com\\\/avatar\\\/d4fe7459cfc51ff5129ce1a732bbef5928568b8092d412ef95611616376bbeed?s=96&d=mm&r=g\",\"caption\":\"f1000024\"},\"url\":\"https:\\\/\\\/cvinoticias.com\\\/v3\\\/author\\\/f1000024\\\/\"}]}<\/script>\n<!-- \/ Yoast SEO plugin. -->","yoast_head_json":{"title":"Iguaz\u00fa: Detuvieron a un hombre y la Polic\u00eda hall\u00f3 en su poder una garrafa | CVI NOTICIAS","robots":{"index":"index","follow":"follow","max-snippet":"max-snippet:-1","max-image-preview":"max-image-preview:large","max-video-preview":"max-video-preview:-1"},"canonical":"https:\/\/cvinoticias.com\/v3\/iguazu-detuvieron-a-un-hombre-y-la-policia-hallo-en-su-poder-una-garrafa\/","og_locale":"es_ES","og_type":"article","og_title":"Iguaz\u00fa: Detuvieron a un hombre y la Polic\u00eda hall\u00f3 en su poder una garrafa | CVI NOTICIAS","og_description":"Hab\u00edan pasado minutos de la 23.00 horas de Ayer domingo cuando la polic\u00eda preventivamente recorr\u00eda la Calle Estanislao L\u00f3pez y Calle Tom\u00e1s de Rocamora de esta ciudad, all\u00ed observaron caminar a un hombre de 40 a\u00f1os quien fue identificado. El hombre, llevaba en sus hombros 01 garrafa de 10 kilos, no logrando justificar la procedencia [&hellip;]","og_url":"https:\/\/cvinoticias.com\/v3\/iguazu-detuvieron-a-un-hombre-y-la-policia-hallo-en-su-poder-una-garrafa\/","og_site_name":"CVI NOTICIAS","article_publisher":"https:\/\/www.facebook.com\/cvinoticias","article_published_time":"2022-07-11T13:01:50+00:00","og_image":[{"width":1080,"height":1318,"url":"https:\/\/cvinoticias.com\/wp-content\/uploads\/2022\/07\/FB_IMG_1657544395446.jpg","type":"image\/jpeg"}],"author":"f1000024","twitter_card":"summary_large_image","twitter_misc":{"Escrito por":"f1000024"},"schema":{"@context":"https:\/\/schema.org","@graph":[{"@type":"Article","@id":"https:\/\/cvinoticias.com\/v3\/iguazu-detuvieron-a-un-hombre-y-la-policia-hallo-en-su-poder-una-garrafa\/#article","isPartOf":{"@id":"https:\/\/cvinoticias.com\/v3\/iguazu-detuvieron-a-un-hombre-y-la-policia-hallo-en-su-poder-una-garrafa\/"},"author":{"name":"f1000024","@id":"https:\/\/cvinoticias.com\/v3\/#\/schema\/person\/2db77e3c6bc03c538495d7b2b8be9b66"},"headline":"Iguaz\u00fa: Detuvieron a un hombre y la Polic\u00eda hall\u00f3 en su poder una garrafa","datePublished":"2022-07-11T13:01:50+00:00","mainEntityOfPage":{"@id":"https:\/\/cvinoticias.com\/v3\/iguazu-detuvieron-a-un-hombre-y-la-policia-hallo-en-su-poder-una-garrafa\/"},"wordCount":104,"commentCount":0,"publisher":{"@id":"https:\/\/cvinoticias.com\/v3\/#organization"},"image":{"@id":"https:\/\/cvinoticias.com\/v3\/iguazu-detuvieron-a-un-hombre-y-la-policia-hallo-en-su-poder-una-garrafa\/#primaryimage"},"thumbnailUrl":"https:\/\/cvinoticias.com\/wp-content\/uploads\/2022\/07\/FB_IMG_1657544395446.jpg","articleSection":["Locales","Policiales"],"inLanguage":"es","potentialAction":[{"@type":"CommentAction","name":"Comment","target":["https:\/\/cvinoticias.com\/v3\/iguazu-detuvieron-a-un-hombre-y-la-policia-hallo-en-su-poder-una-garrafa\/#respond"]}]},{"@type":"WebPage","@id":"https:\/\/cvinoticias.com\/v3\/iguazu-detuvieron-a-un-hombre-y-la-policia-hallo-en-su-poder-una-garrafa\/","url":"https:\/\/cvinoticias.com\/v3\/iguazu-detuvieron-a-un-hombre-y-la-policia-hallo-en-su-poder-una-garrafa\/","name":"Iguaz\u00fa: Detuvieron a un hombre y la Polic\u00eda hall\u00f3 en su poder una garrafa | CVI NOTICIAS","isPartOf":{"@id":"https:\/\/cvinoticias.com\/v3\/#website"},"primaryImageOfPage":{"@id":"https:\/\/cvinoticias.com\/v3\/iguazu-detuvieron-a-un-hombre-y-la-policia-hallo-en-su-poder-una-garrafa\/#primaryimage"},"image":{"@id":"https:\/\/cvinoticias.com\/v3\/iguazu-detuvieron-a-un-hombre-y-la-policia-hallo-en-su-poder-una-garrafa\/#primaryimage"},"thumbnailUrl":"https:\/\/cvinoticias.com\/wp-content\/uploads\/2022\/07\/FB_IMG_1657544395446.jpg","datePublished":"2022-07-11T13:01:50+00:00","breadcrumb":{"@id":"https:\/\/cvinoticias.com\/v3\/iguazu-detuvieron-a-un-hombre-y-la-policia-hallo-en-su-poder-una-garrafa\/#breadcrumb"},"inLanguage":"es","potentialAction":[{"@type":"ReadAction","target":["https:\/\/cvinoticias.com\/v3\/iguazu-detuvieron-a-un-hombre-y-la-policia-hallo-en-su-poder-una-garrafa\/"]}]},{"@type":"ImageObject","inLanguage":"es","@id":"https:\/\/cvinoticias.com\/v3\/iguazu-detuvieron-a-un-hombre-y-la-policia-hallo-en-su-poder-una-garrafa\/#primaryimage","url":"https:\/\/cvinoticias.com\/wp-content\/uploads\/2022\/07\/FB_IMG_1657544395446.jpg","contentUrl":"https:\/\/cvinoticias.com\/wp-content\/uploads\/2022\/07\/FB_IMG_1657544395446.jpg","width":1080,"height":1318},{"@type":"BreadcrumbList","@id":"https:\/\/cvinoticias.com\/v3\/iguazu-detuvieron-a-un-hombre-y-la-policia-hallo-en-su-poder-una-garrafa\/#breadcrumb","itemListElement":[{"@type":"ListItem","position":1,"name":"Portada","item":"https:\/\/cvinoticias.com\/v3\/"},{"@type":"ListItem","position":2,"name":"Iguaz\u00fa: Detuvieron a un hombre y la Polic\u00eda hall\u00f3 en su poder una garrafa"}]},{"@type":"WebSite","@id":"https:\/\/cvinoticias.com\/v3\/#website","url":"https:\/\/cvinoticias.com\/v3\/","name":"CVI NOTICIAS","description":"","publisher":{"@id":"https:\/\/cvinoticias.com\/v3\/#organization"},"alternateName":"CVI","potentialAction":[{"@type":"SearchAction","target":{"@type":"EntryPoint","urlTemplate":"https:\/\/cvinoticias.com\/v3\/?s={search_term_string}"},"query-input":{"@type":"PropertyValueSpecification","valueRequired":true,"valueName":"search_term_string"}}],"inLanguage":"es"},{"@type":"Organization","@id":"https:\/\/cvinoticias.com\/v3\/#organization","name":"CVI NOTICIAS","url":"https:\/\/cvinoticias.com\/v3\/","logo":{"@type":"ImageObject","inLanguage":"es","@id":"https:\/\/cvinoticias.com\/v3\/#\/schema\/logo\/image\/","url":"https:\/\/cvinoticias.com\/wp-content\/uploads\/2023\/04\/cropped-cropped-cropped-cropped-cropped-3-1.png","contentUrl":"https:\/\/cvinoticias.com\/wp-content\/uploads\/2023\/04\/cropped-cropped-cropped-cropped-cropped-3-1.png","width":95,"height":122,"caption":"CVI NOTICIAS"},"image":{"@id":"https:\/\/cvinoticias.com\/v3\/#\/schema\/logo\/image\/"},"sameAs":["https:\/\/www.facebook.com\/cvinoticias","https:\/\/www.instagram.com\/cvinoticias\/","https:\/\/www.youtube.com\/@CVINOTICIAS"]},{"@type":"Person","@id":"https:\/\/cvinoticias.com\/v3\/#\/schema\/person\/2db77e3c6bc03c538495d7b2b8be9b66","name":"f1000024","image":{"@type":"ImageObject","inLanguage":"es","@id":"https:\/\/secure.gravatar.com\/avatar\/d4fe7459cfc51ff5129ce1a732bbef5928568b8092d412ef95611616376bbeed?s=96&d=mm&r=g","url":"https:\/\/secure.gravatar.com\/avatar\/d4fe7459cfc51ff5129ce1a732bbef5928568b8092d412ef95611616376bbeed?s=96&d=mm&r=g","contentUrl":"https:\/\/secure.gravatar.com\/avatar\/d4fe7459cfc51ff5129ce1a732bbef5928568b8092d412ef95611616376bbeed?s=96&d=mm&r=g","caption":"f1000024"},"url":"https:\/\/cvinoticias.com\/v3\/author\/f1000024\/"}]}},"_links":{"self":[{"href":"https:\/\/cvinoticias.com\/v3\/wp-json\/wp\/v2\/posts\/17529","targetHints":{"allow":["GET"]}}],"collection":[{"href":"https:\/\/cvinoticias.com\/v3\/wp-json\/wp\/v2\/posts"}],"about":[{"href":"https:\/\/cvinoticias.com\/v3\/wp-json\/wp\/v2\/types\/post"}],"author":[{"embeddable":true,"href":"https:\/\/cvinoticias.com\/v3\/wp-json\/wp\/v2\/users\/2"}],"replies":[{"embeddable":true,"href":"https:\/\/cvinoticias.com\/v3\/wp-json\/wp\/v2\/comments?post=17529"}],"version-history":[{"count":1,"href":"https:\/\/cvinoticias.com\/v3\/wp-json\/wp\/v2\/posts\/17529\/revisions"}],"predecessor-version":[{"id":17531,"href":"https:\/\/cvinoticias.com\/v3\/wp-json\/wp\/v2\/posts\/17529\/revisions\/17531"}],"wp:featuredmedia":[{"embeddable":true,"href":"https:\/\/cvinoticias.com\/v3\/wp-json\/wp\/v2\/media\/17530"}],"wp:attachment":[{"href":"https:\/\/cvinoticias.com\/v3\/wp-json\/wp\/v2\/media?parent=17529"}],"wp:term":[{"taxonomy":"category","embeddable":true,"href":"https:\/\/cvinoticias.com\/v3\/wp-json\/wp\/v2\/categories?post=17529"},{"taxonomy":"post_tag","embeddable":true,"href":"https:\/\/cvinoticias.com\/v3\/wp-json\/wp\/v2\/tags?post=17529"}],"curies":[{"name":"wp","href":"https:\/\/api.w.org\/{rel}","templated":true}]}}