{"id":1746,"date":"2021-01-18T12:21:44","date_gmt":"2021-01-18T12:21:44","guid":{"rendered":"https:\/\/cvinoticias.com\/v3\/?p=1746"},"modified":"2021-01-18T12:24:38","modified_gmt":"2021-01-18T12:24:38","slug":"corrientes-nacieron-dos-cachorros-de-yaguarete-en-el-parque-nacional-ibera","status":"publish","type":"post","link":"https:\/\/cvinoticias.com\/v3\/corrientes-nacieron-dos-cachorros-de-yaguarete-en-el-parque-nacional-ibera\/","title":{"rendered":"Corrientes: Nacieron dos cachorros de yaguaret\u00e9 en el Parque Nacional Iber\u00e1"},"content":{"rendered":"\n<p><strong><em>Dos cachorros de yaguaret\u00e9 nacieron dentro de los Esteros del Iber\u00e1 en la provincia de Corrientes, anunci\u00f3 la Fundaci\u00f3n Rewilding Argentina, que destac\u00f3 que se trata de la tercera camada nativa en ese ecosistema.<\/em><\/strong><\/p>\n\n\n\n<p>La yaguaret\u00e9 Juruna, llegada de\u00a0<strong>Brasil en 2019<\/strong>, pari\u00f3 dos cachorros que fueron encontrados en los \u00faltimos d\u00edas luego de que los especialistas de\u00a0<strong>Rewilding Argentina<\/strong>\u00a0advirtieran signos de parici\u00f3n a trav\u00e9s de un seguimiento de un collar con emisi\u00f3n satelital de se\u00f1ales.<\/p>\n\n\n\n<p>Los cachorros de yaguaret\u00e9 nacen despu\u00e9s de\u00a0<strong>tres meses de gestaci\u00f3n, son en general dos y, como en todos los felinos, nacen con los ojos cerrados y casi sin capacidad de desplazamiento\u00a0<\/strong>. Por eso, las primeras semanas son muy dependientes de su madre, que pasa casi todo el tiempo con ellos.<\/p>\n\n\n\n<p>El proyecto de reintroducci\u00f3n del yaguaret\u00e9 es\u00a0<strong>\u00fanico en el mundo, nunca antes se ha intentado traer de vuelta a esta especie a un sitio donde se hab\u00eda extinguido previamente\u00a0<\/strong>. En Corrientes su extinci\u00f3n ocurri\u00f3 hace m\u00e1s de 70 a\u00f1os. \u00abToda la zona del Iber\u00e1 era un \u00e1rea donde hab\u00eda una\u00a0<strong>presi\u00f3n de caza bastante intensa\u00a0<\/strong>por la venta de cueros\u00bb, explic\u00f3 Agustin Paviolo, bi\u00f3logo investigador del Conicet en el Instituto de Biolog\u00eda Subtropical de la Universidad Nacional de Misiones y miembro de Proyecto Yaguaret\u00e9.<\/p>\n\n\n\n<p><\/p>\n\n\n\n<p>Fundaci\u00f3n Rewilding Argentina<\/p>\n","protected":false},"excerpt":{"rendered":"<p>Dos cachorros de yaguaret\u00e9 nacieron dentro de los Esteros del Iber\u00e1 en la provincia de Corrientes, anunci\u00f3 la Fundaci\u00f3n Rewilding Argentina, que destac\u00f3 que se trata de la tercera camada nativa en ese ecosistema. La yaguaret\u00e9 Juruna, llegada de\u00a0Brasil en 2019, pari\u00f3 dos cachorros que fueron encontrados en los \u00faltimos d\u00edas luego de que los [&hellip;]<\/p>\n","protected":false},"author":2,"featured_media":1747,"comment_status":"open","ping_status":"open","sticky":false,"template":"","format":"standard","meta":{"footnotes":""},"categories":[31],"tags":[],"class_list":["post-1746","post","type-post","status-publish","format-standard","has-post-thumbnail","hentry","category-ecologia"],"yoast_head":"<!-- This site is optimized with the Yoast SEO plugin v27.5 - https:\/\/yoast.com\/product\/yoast-seo-wordpress\/ -->\n<title>Corrientes: Nacieron dos cachorros de yaguaret\u00e9 en el Parque Nacional Iber\u00e1 | CVI NOTICIAS<\/title>\n<meta name=\"robots\" content=\"index, follow, max-snippet:-1, max-image-preview:large, max-video-preview:-1\" \/>\n<link rel=\"canonical\" href=\"https:\/\/cvinoticias.com\/v3\/corrientes-nacieron-dos-cachorros-de-yaguarete-en-el-parque-nacional-ibera\/\" \/>\n<meta property=\"og:locale\" content=\"es_ES\" \/>\n<meta property=\"og:type\" content=\"article\" \/>\n<meta property=\"og:title\" content=\"Corrientes: Nacieron dos cachorros de yaguaret\u00e9 en el Parque Nacional Iber\u00e1 | CVI NOTICIAS\" \/>\n<meta property=\"og:description\" content=\"Dos cachorros de yaguaret\u00e9 nacieron dentro de los Esteros del Iber\u00e1 en la provincia de Corrientes, anunci\u00f3 la Fundaci\u00f3n Rewilding Argentina, que destac\u00f3 que se trata de la tercera camada nativa en ese ecosistema. La yaguaret\u00e9 Juruna, llegada de\u00a0Brasil en 2019, pari\u00f3 dos cachorros que fueron encontrados en los \u00faltimos d\u00edas luego de que los [&hellip;]\" \/>\n<meta property=\"og:url\" content=\"https:\/\/cvinoticias.com\/v3\/corrientes-nacieron-dos-cachorros-de-yaguarete-en-el-parque-nacional-ibera\/\" \/>\n<meta property=\"og:site_name\" content=\"CVI NOTICIAS\" \/>\n<meta property=\"article:publisher\" content=\"https:\/\/www.facebook.com\/cvinoticias\" \/>\n<meta property=\"article:published_time\" content=\"2021-01-18T12:21:44+00:00\" \/>\n<meta property=\"article:modified_time\" content=\"2021-01-18T12:24:38+00:00\" \/>\n<meta property=\"og:image\" content=\"https:\/\/cvinoticias.com\/wp-content\/uploads\/2021\/01\/3576313w1200.png\" \/>\n\t<meta property=\"og:image:width\" content=\"1200\" \/>\n\t<meta property=\"og:image:height\" content=\"800\" \/>\n\t<meta property=\"og:image:type\" content=\"image\/png\" \/>\n<meta name=\"author\" content=\"f1000024\" \/>\n<meta name=\"twitter:card\" content=\"summary_large_image\" \/>\n<meta name=\"twitter:label1\" content=\"Escrito por\" \/>\n\t<meta name=\"twitter:data1\" content=\"f1000024\" \/>\n\t<meta name=\"twitter:label2\" content=\"Tiempo de lectura\" \/>\n\t<meta name=\"twitter:data2\" content=\"1 minuto\" \/>\n<script type=\"application\/ld+json\" class=\"yoast-schema-graph\">{\"@context\":\"https:\\\/\\\/schema.org\",\"@graph\":[{\"@type\":\"Article\",\"@id\":\"https:\\\/\\\/cvinoticias.com\\\/v3\\\/corrientes-nacieron-dos-cachorros-de-yaguarete-en-el-parque-nacional-ibera\\\/#article\",\"isPartOf\":{\"@id\":\"https:\\\/\\\/cvinoticias.com\\\/v3\\\/corrientes-nacieron-dos-cachorros-de-yaguarete-en-el-parque-nacional-ibera\\\/\"},\"author\":{\"name\":\"f1000024\",\"@id\":\"https:\\\/\\\/cvinoticias.com\\\/v3\\\/#\\\/schema\\\/person\\\/2db77e3c6bc03c538495d7b2b8be9b66\"},\"headline\":\"Corrientes: Nacieron dos cachorros de yaguaret\u00e9 en el Parque Nacional Iber\u00e1\",\"datePublished\":\"2021-01-18T12:21:44+00:00\",\"dateModified\":\"2021-01-18T12:24:38+00:00\",\"mainEntityOfPage\":{\"@id\":\"https:\\\/\\\/cvinoticias.com\\\/v3\\\/corrientes-nacieron-dos-cachorros-de-yaguarete-en-el-parque-nacional-ibera\\\/\"},\"wordCount\":243,\"commentCount\":0,\"publisher\":{\"@id\":\"https:\\\/\\\/cvinoticias.com\\\/v3\\\/#organization\"},\"image\":{\"@id\":\"https:\\\/\\\/cvinoticias.com\\\/v3\\\/corrientes-nacieron-dos-cachorros-de-yaguarete-en-el-parque-nacional-ibera\\\/#primaryimage\"},\"thumbnailUrl\":\"https:\\\/\\\/cvinoticias.com\\\/wp-content\\\/uploads\\\/2021\\\/01\\\/3576313w1200.png\",\"articleSection\":[\"Ecologia\"],\"inLanguage\":\"es\",\"potentialAction\":[{\"@type\":\"CommentAction\",\"name\":\"Comment\",\"target\":[\"https:\\\/\\\/cvinoticias.com\\\/v3\\\/corrientes-nacieron-dos-cachorros-de-yaguarete-en-el-parque-nacional-ibera\\\/#respond\"]}]},{\"@type\":\"WebPage\",\"@id\":\"https:\\\/\\\/cvinoticias.com\\\/v3\\\/corrientes-nacieron-dos-cachorros-de-yaguarete-en-el-parque-nacional-ibera\\\/\",\"url\":\"https:\\\/\\\/cvinoticias.com\\\/v3\\\/corrientes-nacieron-dos-cachorros-de-yaguarete-en-el-parque-nacional-ibera\\\/\",\"name\":\"Corrientes: Nacieron dos cachorros de yaguaret\u00e9 en el Parque Nacional Iber\u00e1 | CVI NOTICIAS\",\"isPartOf\":{\"@id\":\"https:\\\/\\\/cvinoticias.com\\\/v3\\\/#website\"},\"primaryImageOfPage\":{\"@id\":\"https:\\\/\\\/cvinoticias.com\\\/v3\\\/corrientes-nacieron-dos-cachorros-de-yaguarete-en-el-parque-nacional-ibera\\\/#primaryimage\"},\"image\":{\"@id\":\"https:\\\/\\\/cvinoticias.com\\\/v3\\\/corrientes-nacieron-dos-cachorros-de-yaguarete-en-el-parque-nacional-ibera\\\/#primaryimage\"},\"thumbnailUrl\":\"https:\\\/\\\/cvinoticias.com\\\/wp-content\\\/uploads\\\/2021\\\/01\\\/3576313w1200.png\",\"datePublished\":\"2021-01-18T12:21:44+00:00\",\"dateModified\":\"2021-01-18T12:24:38+00:00\",\"breadcrumb\":{\"@id\":\"https:\\\/\\\/cvinoticias.com\\\/v3\\\/corrientes-nacieron-dos-cachorros-de-yaguarete-en-el-parque-nacional-ibera\\\/#breadcrumb\"},\"inLanguage\":\"es\",\"potentialAction\":[{\"@type\":\"ReadAction\",\"target\":[\"https:\\\/\\\/cvinoticias.com\\\/v3\\\/corrientes-nacieron-dos-cachorros-de-yaguarete-en-el-parque-nacional-ibera\\\/\"]}]},{\"@type\":\"ImageObject\",\"inLanguage\":\"es\",\"@id\":\"https:\\\/\\\/cvinoticias.com\\\/v3\\\/corrientes-nacieron-dos-cachorros-de-yaguarete-en-el-parque-nacional-ibera\\\/#primaryimage\",\"url\":\"https:\\\/\\\/cvinoticias.com\\\/wp-content\\\/uploads\\\/2021\\\/01\\\/3576313w1200.png\",\"contentUrl\":\"https:\\\/\\\/cvinoticias.com\\\/wp-content\\\/uploads\\\/2021\\\/01\\\/3576313w1200.png\",\"width\":1200,\"height\":800},{\"@type\":\"BreadcrumbList\",\"@id\":\"https:\\\/\\\/cvinoticias.com\\\/v3\\\/corrientes-nacieron-dos-cachorros-de-yaguarete-en-el-parque-nacional-ibera\\\/#breadcrumb\",\"itemListElement\":[{\"@type\":\"ListItem\",\"position\":1,\"name\":\"Portada\",\"item\":\"https:\\\/\\\/cvinoticias.com\\\/v3\\\/\"},{\"@type\":\"ListItem\",\"position\":2,\"name\":\"Corrientes: Nacieron dos cachorros de yaguaret\u00e9 en el Parque Nacional Iber\u00e1\"}]},{\"@type\":\"WebSite\",\"@id\":\"https:\\\/\\\/cvinoticias.com\\\/v3\\\/#website\",\"url\":\"https:\\\/\\\/cvinoticias.com\\\/v3\\\/\",\"name\":\"CVI NOTICIAS\",\"description\":\"\",\"publisher\":{\"@id\":\"https:\\\/\\\/cvinoticias.com\\\/v3\\\/#organization\"},\"alternateName\":\"CVI\",\"potentialAction\":[{\"@type\":\"SearchAction\",\"target\":{\"@type\":\"EntryPoint\",\"urlTemplate\":\"https:\\\/\\\/cvinoticias.com\\\/v3\\\/?s={search_term_string}\"},\"query-input\":{\"@type\":\"PropertyValueSpecification\",\"valueRequired\":true,\"valueName\":\"search_term_string\"}}],\"inLanguage\":\"es\"},{\"@type\":\"Organization\",\"@id\":\"https:\\\/\\\/cvinoticias.com\\\/v3\\\/#organization\",\"name\":\"CVI NOTICIAS\",\"url\":\"https:\\\/\\\/cvinoticias.com\\\/v3\\\/\",\"logo\":{\"@type\":\"ImageObject\",\"inLanguage\":\"es\",\"@id\":\"https:\\\/\\\/cvinoticias.com\\\/v3\\\/#\\\/schema\\\/logo\\\/image\\\/\",\"url\":\"https:\\\/\\\/cvinoticias.com\\\/wp-content\\\/uploads\\\/2023\\\/04\\\/cropped-cropped-cropped-cropped-cropped-3-1.png\",\"contentUrl\":\"https:\\\/\\\/cvinoticias.com\\\/wp-content\\\/uploads\\\/2023\\\/04\\\/cropped-cropped-cropped-cropped-cropped-3-1.png\",\"width\":95,\"height\":122,\"caption\":\"CVI NOTICIAS\"},\"image\":{\"@id\":\"https:\\\/\\\/cvinoticias.com\\\/v3\\\/#\\\/schema\\\/logo\\\/image\\\/\"},\"sameAs\":[\"https:\\\/\\\/www.facebook.com\\\/cvinoticias\",\"https:\\\/\\\/www.instagram.com\\\/cvinoticias\\\/\",\"https:\\\/\\\/www.youtube.com\\\/@CVINOTICIAS\"]},{\"@type\":\"Person\",\"@id\":\"https:\\\/\\\/cvinoticias.com\\\/v3\\\/#\\\/schema\\\/person\\\/2db77e3c6bc03c538495d7b2b8be9b66\",\"name\":\"f1000024\",\"image\":{\"@type\":\"ImageObject\",\"inLanguage\":\"es\",\"@id\":\"https:\\\/\\\/secure.gravatar.com\\\/avatar\\\/d4fe7459cfc51ff5129ce1a732bbef5928568b8092d412ef95611616376bbeed?s=96&d=mm&r=g\",\"url\":\"https:\\\/\\\/secure.gravatar.com\\\/avatar\\\/d4fe7459cfc51ff5129ce1a732bbef5928568b8092d412ef95611616376bbeed?s=96&d=mm&r=g\",\"contentUrl\":\"https:\\\/\\\/secure.gravatar.com\\\/avatar\\\/d4fe7459cfc51ff5129ce1a732bbef5928568b8092d412ef95611616376bbeed?s=96&d=mm&r=g\",\"caption\":\"f1000024\"},\"url\":\"https:\\\/\\\/cvinoticias.com\\\/v3\\\/author\\\/f1000024\\\/\"}]}<\/script>\n<!-- \/ Yoast SEO plugin. -->","yoast_head_json":{"title":"Corrientes: Nacieron dos cachorros de yaguaret\u00e9 en el Parque Nacional Iber\u00e1 | CVI NOTICIAS","robots":{"index":"index","follow":"follow","max-snippet":"max-snippet:-1","max-image-preview":"max-image-preview:large","max-video-preview":"max-video-preview:-1"},"canonical":"https:\/\/cvinoticias.com\/v3\/corrientes-nacieron-dos-cachorros-de-yaguarete-en-el-parque-nacional-ibera\/","og_locale":"es_ES","og_type":"article","og_title":"Corrientes: Nacieron dos cachorros de yaguaret\u00e9 en el Parque Nacional Iber\u00e1 | CVI NOTICIAS","og_description":"Dos cachorros de yaguaret\u00e9 nacieron dentro de los Esteros del Iber\u00e1 en la provincia de Corrientes, anunci\u00f3 la Fundaci\u00f3n Rewilding Argentina, que destac\u00f3 que se trata de la tercera camada nativa en ese ecosistema. La yaguaret\u00e9 Juruna, llegada de\u00a0Brasil en 2019, pari\u00f3 dos cachorros que fueron encontrados en los \u00faltimos d\u00edas luego de que los [&hellip;]","og_url":"https:\/\/cvinoticias.com\/v3\/corrientes-nacieron-dos-cachorros-de-yaguarete-en-el-parque-nacional-ibera\/","og_site_name":"CVI NOTICIAS","article_publisher":"https:\/\/www.facebook.com\/cvinoticias","article_published_time":"2021-01-18T12:21:44+00:00","article_modified_time":"2021-01-18T12:24:38+00:00","og_image":[{"width":1200,"height":800,"url":"https:\/\/cvinoticias.com\/wp-content\/uploads\/2021\/01\/3576313w1200.png","type":"image\/png"}],"author":"f1000024","twitter_card":"summary_large_image","twitter_misc":{"Escrito por":"f1000024","Tiempo de lectura":"1 minuto"},"schema":{"@context":"https:\/\/schema.org","@graph":[{"@type":"Article","@id":"https:\/\/cvinoticias.com\/v3\/corrientes-nacieron-dos-cachorros-de-yaguarete-en-el-parque-nacional-ibera\/#article","isPartOf":{"@id":"https:\/\/cvinoticias.com\/v3\/corrientes-nacieron-dos-cachorros-de-yaguarete-en-el-parque-nacional-ibera\/"},"author":{"name":"f1000024","@id":"https:\/\/cvinoticias.com\/v3\/#\/schema\/person\/2db77e3c6bc03c538495d7b2b8be9b66"},"headline":"Corrientes: Nacieron dos cachorros de yaguaret\u00e9 en el Parque Nacional Iber\u00e1","datePublished":"2021-01-18T12:21:44+00:00","dateModified":"2021-01-18T12:24:38+00:00","mainEntityOfPage":{"@id":"https:\/\/cvinoticias.com\/v3\/corrientes-nacieron-dos-cachorros-de-yaguarete-en-el-parque-nacional-ibera\/"},"wordCount":243,"commentCount":0,"publisher":{"@id":"https:\/\/cvinoticias.com\/v3\/#organization"},"image":{"@id":"https:\/\/cvinoticias.com\/v3\/corrientes-nacieron-dos-cachorros-de-yaguarete-en-el-parque-nacional-ibera\/#primaryimage"},"thumbnailUrl":"https:\/\/cvinoticias.com\/wp-content\/uploads\/2021\/01\/3576313w1200.png","articleSection":["Ecologia"],"inLanguage":"es","potentialAction":[{"@type":"CommentAction","name":"Comment","target":["https:\/\/cvinoticias.com\/v3\/corrientes-nacieron-dos-cachorros-de-yaguarete-en-el-parque-nacional-ibera\/#respond"]}]},{"@type":"WebPage","@id":"https:\/\/cvinoticias.com\/v3\/corrientes-nacieron-dos-cachorros-de-yaguarete-en-el-parque-nacional-ibera\/","url":"https:\/\/cvinoticias.com\/v3\/corrientes-nacieron-dos-cachorros-de-yaguarete-en-el-parque-nacional-ibera\/","name":"Corrientes: Nacieron dos cachorros de yaguaret\u00e9 en el Parque Nacional Iber\u00e1 | CVI NOTICIAS","isPartOf":{"@id":"https:\/\/cvinoticias.com\/v3\/#website"},"primaryImageOfPage":{"@id":"https:\/\/cvinoticias.com\/v3\/corrientes-nacieron-dos-cachorros-de-yaguarete-en-el-parque-nacional-ibera\/#primaryimage"},"image":{"@id":"https:\/\/cvinoticias.com\/v3\/corrientes-nacieron-dos-cachorros-de-yaguarete-en-el-parque-nacional-ibera\/#primaryimage"},"thumbnailUrl":"https:\/\/cvinoticias.com\/wp-content\/uploads\/2021\/01\/3576313w1200.png","datePublished":"2021-01-18T12:21:44+00:00","dateModified":"2021-01-18T12:24:38+00:00","breadcrumb":{"@id":"https:\/\/cvinoticias.com\/v3\/corrientes-nacieron-dos-cachorros-de-yaguarete-en-el-parque-nacional-ibera\/#breadcrumb"},"inLanguage":"es","potentialAction":[{"@type":"ReadAction","target":["https:\/\/cvinoticias.com\/v3\/corrientes-nacieron-dos-cachorros-de-yaguarete-en-el-parque-nacional-ibera\/"]}]},{"@type":"ImageObject","inLanguage":"es","@id":"https:\/\/cvinoticias.com\/v3\/corrientes-nacieron-dos-cachorros-de-yaguarete-en-el-parque-nacional-ibera\/#primaryimage","url":"https:\/\/cvinoticias.com\/wp-content\/uploads\/2021\/01\/3576313w1200.png","contentUrl":"https:\/\/cvinoticias.com\/wp-content\/uploads\/2021\/01\/3576313w1200.png","width":1200,"height":800},{"@type":"BreadcrumbList","@id":"https:\/\/cvinoticias.com\/v3\/corrientes-nacieron-dos-cachorros-de-yaguarete-en-el-parque-nacional-ibera\/#breadcrumb","itemListElement":[{"@type":"ListItem","position":1,"name":"Portada","item":"https:\/\/cvinoticias.com\/v3\/"},{"@type":"ListItem","position":2,"name":"Corrientes: Nacieron dos cachorros de yaguaret\u00e9 en el Parque Nacional Iber\u00e1"}]},{"@type":"WebSite","@id":"https:\/\/cvinoticias.com\/v3\/#website","url":"https:\/\/cvinoticias.com\/v3\/","name":"CVI NOTICIAS","description":"","publisher":{"@id":"https:\/\/cvinoticias.com\/v3\/#organization"},"alternateName":"CVI","potentialAction":[{"@type":"SearchAction","target":{"@type":"EntryPoint","urlTemplate":"https:\/\/cvinoticias.com\/v3\/?s={search_term_string}"},"query-input":{"@type":"PropertyValueSpecification","valueRequired":true,"valueName":"search_term_string"}}],"inLanguage":"es"},{"@type":"Organization","@id":"https:\/\/cvinoticias.com\/v3\/#organization","name":"CVI NOTICIAS","url":"https:\/\/cvinoticias.com\/v3\/","logo":{"@type":"ImageObject","inLanguage":"es","@id":"https:\/\/cvinoticias.com\/v3\/#\/schema\/logo\/image\/","url":"https:\/\/cvinoticias.com\/wp-content\/uploads\/2023\/04\/cropped-cropped-cropped-cropped-cropped-3-1.png","contentUrl":"https:\/\/cvinoticias.com\/wp-content\/uploads\/2023\/04\/cropped-cropped-cropped-cropped-cropped-3-1.png","width":95,"height":122,"caption":"CVI NOTICIAS"},"image":{"@id":"https:\/\/cvinoticias.com\/v3\/#\/schema\/logo\/image\/"},"sameAs":["https:\/\/www.facebook.com\/cvinoticias","https:\/\/www.instagram.com\/cvinoticias\/","https:\/\/www.youtube.com\/@CVINOTICIAS"]},{"@type":"Person","@id":"https:\/\/cvinoticias.com\/v3\/#\/schema\/person\/2db77e3c6bc03c538495d7b2b8be9b66","name":"f1000024","image":{"@type":"ImageObject","inLanguage":"es","@id":"https:\/\/secure.gravatar.com\/avatar\/d4fe7459cfc51ff5129ce1a732bbef5928568b8092d412ef95611616376bbeed?s=96&d=mm&r=g","url":"https:\/\/secure.gravatar.com\/avatar\/d4fe7459cfc51ff5129ce1a732bbef5928568b8092d412ef95611616376bbeed?s=96&d=mm&r=g","contentUrl":"https:\/\/secure.gravatar.com\/avatar\/d4fe7459cfc51ff5129ce1a732bbef5928568b8092d412ef95611616376bbeed?s=96&d=mm&r=g","caption":"f1000024"},"url":"https:\/\/cvinoticias.com\/v3\/author\/f1000024\/"}]}},"_links":{"self":[{"href":"https:\/\/cvinoticias.com\/v3\/wp-json\/wp\/v2\/posts\/1746","targetHints":{"allow":["GET"]}}],"collection":[{"href":"https:\/\/cvinoticias.com\/v3\/wp-json\/wp\/v2\/posts"}],"about":[{"href":"https:\/\/cvinoticias.com\/v3\/wp-json\/wp\/v2\/types\/post"}],"author":[{"embeddable":true,"href":"https:\/\/cvinoticias.com\/v3\/wp-json\/wp\/v2\/users\/2"}],"replies":[{"embeddable":true,"href":"https:\/\/cvinoticias.com\/v3\/wp-json\/wp\/v2\/comments?post=1746"}],"version-history":[{"count":2,"href":"https:\/\/cvinoticias.com\/v3\/wp-json\/wp\/v2\/posts\/1746\/revisions"}],"predecessor-version":[{"id":1749,"href":"https:\/\/cvinoticias.com\/v3\/wp-json\/wp\/v2\/posts\/1746\/revisions\/1749"}],"wp:featuredmedia":[{"embeddable":true,"href":"https:\/\/cvinoticias.com\/v3\/wp-json\/wp\/v2\/media\/1747"}],"wp:attachment":[{"href":"https:\/\/cvinoticias.com\/v3\/wp-json\/wp\/v2\/media?parent=1746"}],"wp:term":[{"taxonomy":"category","embeddable":true,"href":"https:\/\/cvinoticias.com\/v3\/wp-json\/wp\/v2\/categories?post=1746"},{"taxonomy":"post_tag","embeddable":true,"href":"https:\/\/cvinoticias.com\/v3\/wp-json\/wp\/v2\/tags?post=1746"}],"curies":[{"name":"wp","href":"https:\/\/api.w.org\/{rel}","templated":true}]}}