{"id":1740,"date":"2021-01-18T11:31:59","date_gmt":"2021-01-18T11:31:59","guid":{"rendered":"https:\/\/cvinoticias.com\/v3\/?p=1740"},"modified":"2021-01-18T11:31:59","modified_gmt":"2021-01-18T11:31:59","slug":"sin-el-acompanamiento-del-estado-los-empresarios-avizoran-un-escenario-muy-malo-para-iguazu","status":"publish","type":"post","link":"https:\/\/cvinoticias.com\/v3\/sin-el-acompanamiento-del-estado-los-empresarios-avizoran-un-escenario-muy-malo-para-iguazu\/","title":{"rendered":"Sin el acompa\u00f1amiento del Estado, los empresarios avizoran un escenario muy malo para Iguaz\u00fa"},"content":{"rendered":"\n<p><strong><em>La reciente visita del gobernador de la provincia, Oscar Herrera Ahuad a Iguaz\u00fa, encendi\u00f3 una luz de esperanza para la poblaci\u00f3n local que espera ansiosamente que el panorama de crisis provocado por la pandemia del coronavirus se revierta. <\/em><\/strong><\/p>\n\n\n\n<p>Es as\u00ed que, consultados algunos empresarios de la ciudad, opinaron sobre el rol que tendr\u00e1 que asumir el Gobierno Provincial, si de verdad pretende asistir a una ciudad con una econom\u00eda que se hundi\u00f3 a niveles hist\u00f3ricos.<\/p>\n\n\n\n<p>Para exponer la situaci\u00f3n, se consult\u00f3 a algunos empresarios que hicieron un diagn\u00f3stico muy adverso para la ciudad, atada a los avatares de la industria del turismo, una de las m\u00e1s golpeadas por la pandemia en el mundo.<\/p>\n\n\n\n<p>Jorge Antonio, empresario gastron\u00f3mico e integrante del directorio de la Asociaci\u00f3n Hotelera y Gastron\u00f3mica de Iguaz\u00fa (AHGAI), se\u00f1al\u00f3 que \u00abla actividad gastron\u00f3mica no tiene posibilidad de supervivencia a corto plazo. La frontera va a estar cerrada, por lo menos hasta julio (siempre y cuando la o las vacunas tengan un impacto positivo), si eso ocurre y se abre la frontera podr\u00edamos tener alguna actividad que podr\u00eda llegar a ser buena, por el tipo de cambio, con lo cual es posible que la gastronom\u00eda y el comercio de Iguaz\u00fa se recuperen r\u00e1pidamente o por lo menos en menos tiempo que otros sectores; pero lo que es turismo, m\u00e1s all\u00e1 del turismo de frontera o de los \u00abcompristas\u00bb vecinos, no vamos a tener\u00bb.<\/p>\n\n\n\n<p>Seg\u00fan las previsiones de Jorge Antonio, el turismo nacional tampoco va a tener un impacto significativo. Para graficarlo, explic\u00f3 que&nbsp;<strong>\u00abahora los hoteles est\u00e1n con un 10 \/15 % de ocupaci\u00f3n, en enero, que siempre ha sido el mes de mayor ocupaci\u00f3n; y esos n\u00fameros no van a mejorar con la cantidad de vuelos que tenemos hoy d\u00eda (1, 2 o 3 por d\u00eda, en el mejor de los casos) y con baja ocupaci\u00f3n encima\u00bb.<\/strong><\/p>\n\n\n\n<p>Por otra parte, el empresario opin\u00f3 que \u00abno creo que este 2021 vuelva el turismo internacional, ya que all\u00e1 por octubre, cuando empieza la temporada, la vacuna todav\u00eda no va a haber tenido un impacto muy grande en Europa y EE. UU.\u00bb<\/p>\n\n\n\n<p>Antonio record\u00f3 que \u00abes importante tener en cuenta que la franja etaria que componen los grupos de turismo que llegan a Iguaz\u00fa ha sido la m\u00e1s golpeada por el Covid: ya sea los turistas que vienen en cruceros (que de hecho todav\u00eda no hay), y las series de las agencias internacionales que mandan grupos que en su mayor\u00eda est\u00e1n compuestos por gente mayor\u00bb.<\/p>\n\n\n\n<p>\u00abDicho esto, lo \u00fanico que nos queda es pedirle al gobierno provincial que nos acompa\u00f1e en la gesti\u00f3n que tenga que ver con prorrogar los ATP, diferimiento de cr\u00e9ditos, reducci\u00f3n de cargas sociales\u2026 y que all\u00ed donde no pueda asistir la Naci\u00f3n la Provincia tendr\u00eda que tomar ese rol\u00bb, remarc\u00f3 el empresario<\/p>\n\n\n\n<p>\u00abLas cifras para ayudar a Iguaz\u00fa no son significativas, as\u00ed que le cabe al gobierno provincial ocupar un protagonismo destacado en asistir a las empresas para sostener las fuentes de trabajo. Si eso no pasa, las empresas van a empezar a cerrar y a suspender personal sin ning\u00fan tipo de haber.<strong>La crisis que se viene es terrible, va a ser peor que ahora<\/strong>, porque ahora con el ATP los empleados pueden ir sobreviviendo, pero&nbsp;<strong>hay una masa salarial muy importante que est\u00e1 pendiendo de un hilo<\/strong>. El rol del gobierno provincial va a ser central en este momento\u00bb, expres\u00f3 Jorge Antonio.<\/p>\n\n\n\n<p>Por su parte, el empresario hotelero Santiago Lucenti, presidente de la AHGAI, dijo que esto era impensado y se est\u00e1 poniendo cada vez m\u00e1s dif\u00edcil para Iguaz\u00fa. \u00abEs una l\u00e1stima que tengamos que estar en esta circunstancias porque no vamos a poder resistir mucho m\u00e1s esta situaci\u00f3n, sin un acompa\u00f1amiento y sostenimiento del Estado, tanto nacional como provincial\u00bb.<\/p>\n\n\n\n<p>Diego Bruno, propietario de una cadena de locales gastron\u00f3micos en la ciudad cont\u00f3 que \u00abel movimiento est\u00e1 un poquito mejor, levantando de a poco pero, obviamente, cuando comparamos con el a\u00f1o pasado estamos muy mal\u00bb.<\/p>\n\n\n\n<p>Bruno record\u00f3 que la facturaci\u00f3n de sus negocios est\u00e1n un 83 % debajo de lo que facturaron el a\u00f1o pasado; pero, comparado con diciembre, levantaron en un\u00a040 o 50 % arriba. \u00abEsperemos que siga levantando para acercarnos hasta los niveles de antes, que no se va a dar hasta que no se abra la frontera\u00bb, sintetiz\u00f3.<\/p>\n\n\n\n<p><\/p>\n\n\n\n<p>Fuente: El Independiente<\/p>\n","protected":false},"excerpt":{"rendered":"<p>La reciente visita del gobernador de la provincia, Oscar Herrera Ahuad a Iguaz\u00fa, encendi\u00f3 una luz de esperanza para la poblaci\u00f3n local que espera ansiosamente que el panorama de crisis provocado por la pandemia del coronavirus se revierta. Es as\u00ed que, consultados algunos empresarios de la ciudad, opinaron sobre el rol que tendr\u00e1 que asumir [&hellip;]<\/p>\n","protected":false},"author":2,"featured_media":1741,"comment_status":"open","ping_status":"open","sticky":false,"template":"","format":"standard","meta":{"footnotes":""},"categories":[32,29],"tags":[],"class_list":["post-1740","post","type-post","status-publish","format-standard","has-post-thumbnail","hentry","category-economia","category-locales"],"yoast_head":"<!-- This site is optimized with the Yoast SEO plugin v27.4 - https:\/\/yoast.com\/product\/yoast-seo-wordpress\/ -->\n<title>Sin el acompa\u00f1amiento del Estado, los empresarios avizoran un escenario muy malo para Iguaz\u00fa | CVI NOTICIAS<\/title>\n<meta name=\"robots\" content=\"index, follow, max-snippet:-1, max-image-preview:large, max-video-preview:-1\" \/>\n<link rel=\"canonical\" href=\"https:\/\/cvinoticias.com\/v3\/sin-el-acompanamiento-del-estado-los-empresarios-avizoran-un-escenario-muy-malo-para-iguazu\/\" \/>\n<meta property=\"og:locale\" content=\"es_ES\" \/>\n<meta property=\"og:type\" content=\"article\" \/>\n<meta property=\"og:title\" content=\"Sin el acompa\u00f1amiento del Estado, los empresarios avizoran un escenario muy malo para Iguaz\u00fa | CVI NOTICIAS\" \/>\n<meta property=\"og:description\" content=\"La reciente visita del gobernador de la provincia, Oscar Herrera Ahuad a Iguaz\u00fa, encendi\u00f3 una luz de esperanza para la poblaci\u00f3n local que espera ansiosamente que el panorama de crisis provocado por la pandemia del coronavirus se revierta. Es as\u00ed que, consultados algunos empresarios de la ciudad, opinaron sobre el rol que tendr\u00e1 que asumir [&hellip;]\" \/>\n<meta property=\"og:url\" content=\"https:\/\/cvinoticias.com\/v3\/sin-el-acompanamiento-del-estado-los-empresarios-avizoran-un-escenario-muy-malo-para-iguazu\/\" \/>\n<meta property=\"og:site_name\" content=\"CVI NOTICIAS\" \/>\n<meta property=\"article:publisher\" content=\"https:\/\/www.facebook.com\/cvinoticias\" \/>\n<meta property=\"article:published_time\" content=\"2021-01-18T11:31:59+00:00\" \/>\n<meta property=\"og:image\" content=\"https:\/\/cvinoticias.com\/wp-content\/uploads\/2021\/01\/20200508230929_42425802_0_body-500x281-1.jpg\" \/>\n\t<meta property=\"og:image:width\" content=\"500\" \/>\n\t<meta property=\"og:image:height\" content=\"281\" \/>\n\t<meta property=\"og:image:type\" content=\"image\/jpeg\" \/>\n<meta name=\"author\" content=\"f1000024\" \/>\n<meta name=\"twitter:card\" content=\"summary_large_image\" \/>\n<meta name=\"twitter:label1\" content=\"Escrito por\" \/>\n\t<meta name=\"twitter:data1\" content=\"f1000024\" \/>\n\t<meta name=\"twitter:label2\" content=\"Tiempo de lectura\" \/>\n\t<meta name=\"twitter:data2\" content=\"4 minutos\" \/>\n<script type=\"application\/ld+json\" class=\"yoast-schema-graph\">{\"@context\":\"https:\\\/\\\/schema.org\",\"@graph\":[{\"@type\":\"Article\",\"@id\":\"https:\\\/\\\/cvinoticias.com\\\/v3\\\/sin-el-acompanamiento-del-estado-los-empresarios-avizoran-un-escenario-muy-malo-para-iguazu\\\/#article\",\"isPartOf\":{\"@id\":\"https:\\\/\\\/cvinoticias.com\\\/v3\\\/sin-el-acompanamiento-del-estado-los-empresarios-avizoran-un-escenario-muy-malo-para-iguazu\\\/\"},\"author\":{\"name\":\"f1000024\",\"@id\":\"https:\\\/\\\/cvinoticias.com\\\/v3\\\/#\\\/schema\\\/person\\\/2db77e3c6bc03c538495d7b2b8be9b66\"},\"headline\":\"Sin el acompa\u00f1amiento del Estado, los empresarios avizoran un escenario muy malo para Iguaz\u00fa\",\"datePublished\":\"2021-01-18T11:31:59+00:00\",\"mainEntityOfPage\":{\"@id\":\"https:\\\/\\\/cvinoticias.com\\\/v3\\\/sin-el-acompanamiento-del-estado-los-empresarios-avizoran-un-escenario-muy-malo-para-iguazu\\\/\"},\"wordCount\":773,\"commentCount\":0,\"publisher\":{\"@id\":\"https:\\\/\\\/cvinoticias.com\\\/v3\\\/#organization\"},\"image\":{\"@id\":\"https:\\\/\\\/cvinoticias.com\\\/v3\\\/sin-el-acompanamiento-del-estado-los-empresarios-avizoran-un-escenario-muy-malo-para-iguazu\\\/#primaryimage\"},\"thumbnailUrl\":\"https:\\\/\\\/cvinoticias.com\\\/wp-content\\\/uploads\\\/2021\\\/01\\\/20200508230929_42425802_0_body-500x281-1.jpg\",\"articleSection\":[\"Econom\u00eda\",\"Locales\"],\"inLanguage\":\"es\",\"potentialAction\":[{\"@type\":\"CommentAction\",\"name\":\"Comment\",\"target\":[\"https:\\\/\\\/cvinoticias.com\\\/v3\\\/sin-el-acompanamiento-del-estado-los-empresarios-avizoran-un-escenario-muy-malo-para-iguazu\\\/#respond\"]}]},{\"@type\":\"WebPage\",\"@id\":\"https:\\\/\\\/cvinoticias.com\\\/v3\\\/sin-el-acompanamiento-del-estado-los-empresarios-avizoran-un-escenario-muy-malo-para-iguazu\\\/\",\"url\":\"https:\\\/\\\/cvinoticias.com\\\/v3\\\/sin-el-acompanamiento-del-estado-los-empresarios-avizoran-un-escenario-muy-malo-para-iguazu\\\/\",\"name\":\"Sin el acompa\u00f1amiento del Estado, los empresarios avizoran un escenario muy malo para Iguaz\u00fa | CVI NOTICIAS\",\"isPartOf\":{\"@id\":\"https:\\\/\\\/cvinoticias.com\\\/v3\\\/#website\"},\"primaryImageOfPage\":{\"@id\":\"https:\\\/\\\/cvinoticias.com\\\/v3\\\/sin-el-acompanamiento-del-estado-los-empresarios-avizoran-un-escenario-muy-malo-para-iguazu\\\/#primaryimage\"},\"image\":{\"@id\":\"https:\\\/\\\/cvinoticias.com\\\/v3\\\/sin-el-acompanamiento-del-estado-los-empresarios-avizoran-un-escenario-muy-malo-para-iguazu\\\/#primaryimage\"},\"thumbnailUrl\":\"https:\\\/\\\/cvinoticias.com\\\/wp-content\\\/uploads\\\/2021\\\/01\\\/20200508230929_42425802_0_body-500x281-1.jpg\",\"datePublished\":\"2021-01-18T11:31:59+00:00\",\"breadcrumb\":{\"@id\":\"https:\\\/\\\/cvinoticias.com\\\/v3\\\/sin-el-acompanamiento-del-estado-los-empresarios-avizoran-un-escenario-muy-malo-para-iguazu\\\/#breadcrumb\"},\"inLanguage\":\"es\",\"potentialAction\":[{\"@type\":\"ReadAction\",\"target\":[\"https:\\\/\\\/cvinoticias.com\\\/v3\\\/sin-el-acompanamiento-del-estado-los-empresarios-avizoran-un-escenario-muy-malo-para-iguazu\\\/\"]}]},{\"@type\":\"ImageObject\",\"inLanguage\":\"es\",\"@id\":\"https:\\\/\\\/cvinoticias.com\\\/v3\\\/sin-el-acompanamiento-del-estado-los-empresarios-avizoran-un-escenario-muy-malo-para-iguazu\\\/#primaryimage\",\"url\":\"https:\\\/\\\/cvinoticias.com\\\/wp-content\\\/uploads\\\/2021\\\/01\\\/20200508230929_42425802_0_body-500x281-1.jpg\",\"contentUrl\":\"https:\\\/\\\/cvinoticias.com\\\/wp-content\\\/uploads\\\/2021\\\/01\\\/20200508230929_42425802_0_body-500x281-1.jpg\",\"width\":500,\"height\":281},{\"@type\":\"BreadcrumbList\",\"@id\":\"https:\\\/\\\/cvinoticias.com\\\/v3\\\/sin-el-acompanamiento-del-estado-los-empresarios-avizoran-un-escenario-muy-malo-para-iguazu\\\/#breadcrumb\",\"itemListElement\":[{\"@type\":\"ListItem\",\"position\":1,\"name\":\"Portada\",\"item\":\"https:\\\/\\\/cvinoticias.com\\\/v3\\\/\"},{\"@type\":\"ListItem\",\"position\":2,\"name\":\"Sin el acompa\u00f1amiento del Estado, los empresarios avizoran un escenario muy malo para Iguaz\u00fa\"}]},{\"@type\":\"WebSite\",\"@id\":\"https:\\\/\\\/cvinoticias.com\\\/v3\\\/#website\",\"url\":\"https:\\\/\\\/cvinoticias.com\\\/v3\\\/\",\"name\":\"CVI NOTICIAS\",\"description\":\"\",\"publisher\":{\"@id\":\"https:\\\/\\\/cvinoticias.com\\\/v3\\\/#organization\"},\"alternateName\":\"CVI\",\"potentialAction\":[{\"@type\":\"SearchAction\",\"target\":{\"@type\":\"EntryPoint\",\"urlTemplate\":\"https:\\\/\\\/cvinoticias.com\\\/v3\\\/?s={search_term_string}\"},\"query-input\":{\"@type\":\"PropertyValueSpecification\",\"valueRequired\":true,\"valueName\":\"search_term_string\"}}],\"inLanguage\":\"es\"},{\"@type\":\"Organization\",\"@id\":\"https:\\\/\\\/cvinoticias.com\\\/v3\\\/#organization\",\"name\":\"CVI NOTICIAS\",\"url\":\"https:\\\/\\\/cvinoticias.com\\\/v3\\\/\",\"logo\":{\"@type\":\"ImageObject\",\"inLanguage\":\"es\",\"@id\":\"https:\\\/\\\/cvinoticias.com\\\/v3\\\/#\\\/schema\\\/logo\\\/image\\\/\",\"url\":\"https:\\\/\\\/cvinoticias.com\\\/wp-content\\\/uploads\\\/2023\\\/04\\\/cropped-cropped-cropped-cropped-cropped-3-1.png\",\"contentUrl\":\"https:\\\/\\\/cvinoticias.com\\\/wp-content\\\/uploads\\\/2023\\\/04\\\/cropped-cropped-cropped-cropped-cropped-3-1.png\",\"width\":95,\"height\":122,\"caption\":\"CVI NOTICIAS\"},\"image\":{\"@id\":\"https:\\\/\\\/cvinoticias.com\\\/v3\\\/#\\\/schema\\\/logo\\\/image\\\/\"},\"sameAs\":[\"https:\\\/\\\/www.facebook.com\\\/cvinoticias\",\"https:\\\/\\\/www.instagram.com\\\/cvinoticias\\\/\",\"https:\\\/\\\/www.youtube.com\\\/@CVINOTICIAS\"]},{\"@type\":\"Person\",\"@id\":\"https:\\\/\\\/cvinoticias.com\\\/v3\\\/#\\\/schema\\\/person\\\/2db77e3c6bc03c538495d7b2b8be9b66\",\"name\":\"f1000024\",\"image\":{\"@type\":\"ImageObject\",\"inLanguage\":\"es\",\"@id\":\"https:\\\/\\\/secure.gravatar.com\\\/avatar\\\/d4fe7459cfc51ff5129ce1a732bbef5928568b8092d412ef95611616376bbeed?s=96&d=mm&r=g\",\"url\":\"https:\\\/\\\/secure.gravatar.com\\\/avatar\\\/d4fe7459cfc51ff5129ce1a732bbef5928568b8092d412ef95611616376bbeed?s=96&d=mm&r=g\",\"contentUrl\":\"https:\\\/\\\/secure.gravatar.com\\\/avatar\\\/d4fe7459cfc51ff5129ce1a732bbef5928568b8092d412ef95611616376bbeed?s=96&d=mm&r=g\",\"caption\":\"f1000024\"},\"url\":\"https:\\\/\\\/cvinoticias.com\\\/v3\\\/author\\\/f1000024\\\/\"}]}<\/script>\n<!-- \/ Yoast SEO plugin. -->","yoast_head_json":{"title":"Sin el acompa\u00f1amiento del Estado, los empresarios avizoran un escenario muy malo para Iguaz\u00fa | CVI NOTICIAS","robots":{"index":"index","follow":"follow","max-snippet":"max-snippet:-1","max-image-preview":"max-image-preview:large","max-video-preview":"max-video-preview:-1"},"canonical":"https:\/\/cvinoticias.com\/v3\/sin-el-acompanamiento-del-estado-los-empresarios-avizoran-un-escenario-muy-malo-para-iguazu\/","og_locale":"es_ES","og_type":"article","og_title":"Sin el acompa\u00f1amiento del Estado, los empresarios avizoran un escenario muy malo para Iguaz\u00fa | CVI NOTICIAS","og_description":"La reciente visita del gobernador de la provincia, Oscar Herrera Ahuad a Iguaz\u00fa, encendi\u00f3 una luz de esperanza para la poblaci\u00f3n local que espera ansiosamente que el panorama de crisis provocado por la pandemia del coronavirus se revierta. Es as\u00ed que, consultados algunos empresarios de la ciudad, opinaron sobre el rol que tendr\u00e1 que asumir [&hellip;]","og_url":"https:\/\/cvinoticias.com\/v3\/sin-el-acompanamiento-del-estado-los-empresarios-avizoran-un-escenario-muy-malo-para-iguazu\/","og_site_name":"CVI NOTICIAS","article_publisher":"https:\/\/www.facebook.com\/cvinoticias","article_published_time":"2021-01-18T11:31:59+00:00","og_image":[{"width":500,"height":281,"url":"https:\/\/cvinoticias.com\/wp-content\/uploads\/2021\/01\/20200508230929_42425802_0_body-500x281-1.jpg","type":"image\/jpeg"}],"author":"f1000024","twitter_card":"summary_large_image","twitter_misc":{"Escrito por":"f1000024","Tiempo de lectura":"4 minutos"},"schema":{"@context":"https:\/\/schema.org","@graph":[{"@type":"Article","@id":"https:\/\/cvinoticias.com\/v3\/sin-el-acompanamiento-del-estado-los-empresarios-avizoran-un-escenario-muy-malo-para-iguazu\/#article","isPartOf":{"@id":"https:\/\/cvinoticias.com\/v3\/sin-el-acompanamiento-del-estado-los-empresarios-avizoran-un-escenario-muy-malo-para-iguazu\/"},"author":{"name":"f1000024","@id":"https:\/\/cvinoticias.com\/v3\/#\/schema\/person\/2db77e3c6bc03c538495d7b2b8be9b66"},"headline":"Sin el acompa\u00f1amiento del Estado, los empresarios avizoran un escenario muy malo para Iguaz\u00fa","datePublished":"2021-01-18T11:31:59+00:00","mainEntityOfPage":{"@id":"https:\/\/cvinoticias.com\/v3\/sin-el-acompanamiento-del-estado-los-empresarios-avizoran-un-escenario-muy-malo-para-iguazu\/"},"wordCount":773,"commentCount":0,"publisher":{"@id":"https:\/\/cvinoticias.com\/v3\/#organization"},"image":{"@id":"https:\/\/cvinoticias.com\/v3\/sin-el-acompanamiento-del-estado-los-empresarios-avizoran-un-escenario-muy-malo-para-iguazu\/#primaryimage"},"thumbnailUrl":"https:\/\/cvinoticias.com\/wp-content\/uploads\/2021\/01\/20200508230929_42425802_0_body-500x281-1.jpg","articleSection":["Econom\u00eda","Locales"],"inLanguage":"es","potentialAction":[{"@type":"CommentAction","name":"Comment","target":["https:\/\/cvinoticias.com\/v3\/sin-el-acompanamiento-del-estado-los-empresarios-avizoran-un-escenario-muy-malo-para-iguazu\/#respond"]}]},{"@type":"WebPage","@id":"https:\/\/cvinoticias.com\/v3\/sin-el-acompanamiento-del-estado-los-empresarios-avizoran-un-escenario-muy-malo-para-iguazu\/","url":"https:\/\/cvinoticias.com\/v3\/sin-el-acompanamiento-del-estado-los-empresarios-avizoran-un-escenario-muy-malo-para-iguazu\/","name":"Sin el acompa\u00f1amiento del Estado, los empresarios avizoran un escenario muy malo para Iguaz\u00fa | CVI NOTICIAS","isPartOf":{"@id":"https:\/\/cvinoticias.com\/v3\/#website"},"primaryImageOfPage":{"@id":"https:\/\/cvinoticias.com\/v3\/sin-el-acompanamiento-del-estado-los-empresarios-avizoran-un-escenario-muy-malo-para-iguazu\/#primaryimage"},"image":{"@id":"https:\/\/cvinoticias.com\/v3\/sin-el-acompanamiento-del-estado-los-empresarios-avizoran-un-escenario-muy-malo-para-iguazu\/#primaryimage"},"thumbnailUrl":"https:\/\/cvinoticias.com\/wp-content\/uploads\/2021\/01\/20200508230929_42425802_0_body-500x281-1.jpg","datePublished":"2021-01-18T11:31:59+00:00","breadcrumb":{"@id":"https:\/\/cvinoticias.com\/v3\/sin-el-acompanamiento-del-estado-los-empresarios-avizoran-un-escenario-muy-malo-para-iguazu\/#breadcrumb"},"inLanguage":"es","potentialAction":[{"@type":"ReadAction","target":["https:\/\/cvinoticias.com\/v3\/sin-el-acompanamiento-del-estado-los-empresarios-avizoran-un-escenario-muy-malo-para-iguazu\/"]}]},{"@type":"ImageObject","inLanguage":"es","@id":"https:\/\/cvinoticias.com\/v3\/sin-el-acompanamiento-del-estado-los-empresarios-avizoran-un-escenario-muy-malo-para-iguazu\/#primaryimage","url":"https:\/\/cvinoticias.com\/wp-content\/uploads\/2021\/01\/20200508230929_42425802_0_body-500x281-1.jpg","contentUrl":"https:\/\/cvinoticias.com\/wp-content\/uploads\/2021\/01\/20200508230929_42425802_0_body-500x281-1.jpg","width":500,"height":281},{"@type":"BreadcrumbList","@id":"https:\/\/cvinoticias.com\/v3\/sin-el-acompanamiento-del-estado-los-empresarios-avizoran-un-escenario-muy-malo-para-iguazu\/#breadcrumb","itemListElement":[{"@type":"ListItem","position":1,"name":"Portada","item":"https:\/\/cvinoticias.com\/v3\/"},{"@type":"ListItem","position":2,"name":"Sin el acompa\u00f1amiento del Estado, los empresarios avizoran un escenario muy malo para Iguaz\u00fa"}]},{"@type":"WebSite","@id":"https:\/\/cvinoticias.com\/v3\/#website","url":"https:\/\/cvinoticias.com\/v3\/","name":"CVI NOTICIAS","description":"","publisher":{"@id":"https:\/\/cvinoticias.com\/v3\/#organization"},"alternateName":"CVI","potentialAction":[{"@type":"SearchAction","target":{"@type":"EntryPoint","urlTemplate":"https:\/\/cvinoticias.com\/v3\/?s={search_term_string}"},"query-input":{"@type":"PropertyValueSpecification","valueRequired":true,"valueName":"search_term_string"}}],"inLanguage":"es"},{"@type":"Organization","@id":"https:\/\/cvinoticias.com\/v3\/#organization","name":"CVI NOTICIAS","url":"https:\/\/cvinoticias.com\/v3\/","logo":{"@type":"ImageObject","inLanguage":"es","@id":"https:\/\/cvinoticias.com\/v3\/#\/schema\/logo\/image\/","url":"https:\/\/cvinoticias.com\/wp-content\/uploads\/2023\/04\/cropped-cropped-cropped-cropped-cropped-3-1.png","contentUrl":"https:\/\/cvinoticias.com\/wp-content\/uploads\/2023\/04\/cropped-cropped-cropped-cropped-cropped-3-1.png","width":95,"height":122,"caption":"CVI NOTICIAS"},"image":{"@id":"https:\/\/cvinoticias.com\/v3\/#\/schema\/logo\/image\/"},"sameAs":["https:\/\/www.facebook.com\/cvinoticias","https:\/\/www.instagram.com\/cvinoticias\/","https:\/\/www.youtube.com\/@CVINOTICIAS"]},{"@type":"Person","@id":"https:\/\/cvinoticias.com\/v3\/#\/schema\/person\/2db77e3c6bc03c538495d7b2b8be9b66","name":"f1000024","image":{"@type":"ImageObject","inLanguage":"es","@id":"https:\/\/secure.gravatar.com\/avatar\/d4fe7459cfc51ff5129ce1a732bbef5928568b8092d412ef95611616376bbeed?s=96&d=mm&r=g","url":"https:\/\/secure.gravatar.com\/avatar\/d4fe7459cfc51ff5129ce1a732bbef5928568b8092d412ef95611616376bbeed?s=96&d=mm&r=g","contentUrl":"https:\/\/secure.gravatar.com\/avatar\/d4fe7459cfc51ff5129ce1a732bbef5928568b8092d412ef95611616376bbeed?s=96&d=mm&r=g","caption":"f1000024"},"url":"https:\/\/cvinoticias.com\/v3\/author\/f1000024\/"}]}},"_links":{"self":[{"href":"https:\/\/cvinoticias.com\/v3\/wp-json\/wp\/v2\/posts\/1740","targetHints":{"allow":["GET"]}}],"collection":[{"href":"https:\/\/cvinoticias.com\/v3\/wp-json\/wp\/v2\/posts"}],"about":[{"href":"https:\/\/cvinoticias.com\/v3\/wp-json\/wp\/v2\/types\/post"}],"author":[{"embeddable":true,"href":"https:\/\/cvinoticias.com\/v3\/wp-json\/wp\/v2\/users\/2"}],"replies":[{"embeddable":true,"href":"https:\/\/cvinoticias.com\/v3\/wp-json\/wp\/v2\/comments?post=1740"}],"version-history":[{"count":1,"href":"https:\/\/cvinoticias.com\/v3\/wp-json\/wp\/v2\/posts\/1740\/revisions"}],"predecessor-version":[{"id":1742,"href":"https:\/\/cvinoticias.com\/v3\/wp-json\/wp\/v2\/posts\/1740\/revisions\/1742"}],"wp:featuredmedia":[{"embeddable":true,"href":"https:\/\/cvinoticias.com\/v3\/wp-json\/wp\/v2\/media\/1741"}],"wp:attachment":[{"href":"https:\/\/cvinoticias.com\/v3\/wp-json\/wp\/v2\/media?parent=1740"}],"wp:term":[{"taxonomy":"category","embeddable":true,"href":"https:\/\/cvinoticias.com\/v3\/wp-json\/wp\/v2\/categories?post=1740"},{"taxonomy":"post_tag","embeddable":true,"href":"https:\/\/cvinoticias.com\/v3\/wp-json\/wp\/v2\/tags?post=1740"}],"curies":[{"name":"wp","href":"https:\/\/api.w.org\/{rel}","templated":true}]}}