{"id":17370,"date":"2022-07-06T22:13:34","date_gmt":"2022-07-06T22:13:34","guid":{"rendered":"https:\/\/cvinoticias.com\/v3\/?p=17370"},"modified":"2022-07-06T22:13:34","modified_gmt":"2022-07-06T22:13:34","slug":"se-habilito-el-tramite-instantaneo-para-autorizar-a-menores-de-edad-a-salir-del-pais","status":"publish","type":"post","link":"https:\/\/cvinoticias.com\/v3\/se-habilito-el-tramite-instantaneo-para-autorizar-a-menores-de-edad-a-salir-del-pais\/","title":{"rendered":"Se habilit\u00f3 el tr\u00e1mite instant\u00e1neo para autorizar a menores de edad a salir del pa\u00eds"},"content":{"rendered":"\n<p><strong><em>Se podr\u00e1 realizar directamente en los m\u00e1s de 100 pasos fronterizos y aeropuertos internacionales de Argentina.<\/em><\/strong><\/p>\n\n\n\n<p>El Ministerio del Interior, a trav\u00e9s de la Direcci\u00f3n Nacional de Migraciones (DNM), habilit\u00f3 hoy el nuevo sistema de autorizaci\u00f3n al instante para el viaje de ni\u00f1os, ni\u00f1as y adolescentes al exterior, que se podr\u00e1 realizar directamente en los m\u00e1s de 100 pasos fronterizos y aeropuertos internacionales del pa\u00eds.<\/p>\n\n\n\n<p>La disposici\u00f3n, que fue firmada por el titular de la cartera, Wado de Pedro; el secretario de Interior, Jos\u00e9 Lepere, y la directora nacional de Migraciones, Florencia Carignano, entr\u00f3 en vigencia hoy.<\/p>\n\n\n\n<p>\u201cCon este tr\u00e1mite no s\u00f3lo estamos facilitando la planificaci\u00f3n de viajes y vacaciones de las familias argentinas, sino que tambi\u00e9n seguimos en la l\u00ednea de desburocratizar tr\u00e1mites. Necesitamos construir un Estado inteligente, moderno, que aporte soluciones y facilite la vida a la gente\u201d, se\u00f1al\u00f3 Wado de Pedro tras la firma.<\/p>\n\n\n\n<p>Por su parte, Florencia Carignano resalt\u00f3 que \u201cesta nueva modalidad va a ser mucho m\u00e1s r\u00e1pida, f\u00e1cil y segura. M\u00e1s segura porque se podr\u00e1 realizar tanto por un viaje o bien hasta que se cumplan los 18 a\u00f1os, y todas las autorizaciones quedar\u00e1n cargadas en el sistema de Migraciones. Es m\u00e1s r\u00e1pida porque se realiza sin turno, en cualquier paso o aeropuerto durante las 24 horas del d\u00eda y m\u00e1s econ\u00f3mica porque se reduce el costo del tr\u00e1mite en un 50%\u201d.<\/p>\n\n\n\n<p>El desarrollo tecnol\u00f3gico permite que tanto la autorizaci\u00f3n para la salida del pa\u00eds de ni\u00f1os, ni\u00f1as y adolescentes, como su revocatoria, sean visualizados de inmediato en todas las pantallas que operan los inspectores migratorios ya que el tr\u00e1mite se carga en el Sistema Integral de Captura Migratoria (SICaM).<\/p>\n\n\n\n<p>Dependiendo de la urgencia de los pasajeros, ahora tendr\u00e1n 3 modalidades distintas para realizarla: la autorizaci\u00f3n \u201cAl instante\u201d, \u201cExpress\u201d y \u201cNormal\u201d. La instant\u00e1nea tiene un tiempo m\u00e1ximo de hasta 2 horas y se puede efectuar sin turno previo en la Sede Central de Migraciones, Ezeiza, Aeroparque, Buquebus y en todos los pasos fronterizos.<\/p>\n\n\n\n<p>Tanto la autorizaci\u00f3n Express como la Normal se pueden llevar a cabo en todas las delegaciones de la DNM. La Express puede llegar a tardar hasta 48 hs, mientras que para la Normal es necesario sacar turno y tiene un proceso de hasta 10 d\u00edas.<\/p>\n\n\n\n<p>Con esta nueva medida las autorizaciones pueden tener distinta durabilidad. Se pueden realizar por \u00fanica vez, por tiempo definido o hasta la mayor\u00eda de edad. A su vez, el padre, madre, tutor, curador y\/o persona legitimada del menor puede solicitar una Revocatoria parcial, sobre alguna de las autorizaciones de viaje, o una Revocatoria total, de todas las autorizaciones realizadas. Tanto las autorizaciones como las revocatorias quedan guardadas en el sistema del organismo<\/p>\n","protected":false},"excerpt":{"rendered":"<p>Se podr\u00e1 realizar directamente en los m\u00e1s de 100 pasos fronterizos y aeropuertos internacionales de Argentina. El Ministerio del Interior, a trav\u00e9s de la Direcci\u00f3n Nacional de Migraciones (DNM), habilit\u00f3 hoy el nuevo sistema de autorizaci\u00f3n al instante para el viaje de ni\u00f1os, ni\u00f1as y adolescentes al exterior, que se podr\u00e1 realizar directamente en los [&hellip;]<\/p>\n","protected":false},"author":2,"featured_media":17371,"comment_status":"open","ping_status":"open","sticky":false,"template":"","format":"standard","meta":{"footnotes":""},"categories":[35],"tags":[],"class_list":["post-17370","post","type-post","status-publish","format-standard","has-post-thumbnail","hentry","category-informacion-general"],"yoast_head":"<!-- This site is optimized with the Yoast SEO plugin v27.4 - https:\/\/yoast.com\/product\/yoast-seo-wordpress\/ -->\n<title>Se habilit\u00f3 el tr\u00e1mite instant\u00e1neo para autorizar a menores de edad a salir del pa\u00eds | CVI NOTICIAS<\/title>\n<meta name=\"robots\" content=\"index, follow, max-snippet:-1, max-image-preview:large, max-video-preview:-1\" \/>\n<link rel=\"canonical\" href=\"https:\/\/cvinoticias.com\/v3\/se-habilito-el-tramite-instantaneo-para-autorizar-a-menores-de-edad-a-salir-del-pais\/\" \/>\n<meta property=\"og:locale\" content=\"es_ES\" \/>\n<meta property=\"og:type\" content=\"article\" \/>\n<meta property=\"og:title\" content=\"Se habilit\u00f3 el tr\u00e1mite instant\u00e1neo para autorizar a menores de edad a salir del pa\u00eds | CVI NOTICIAS\" \/>\n<meta property=\"og:description\" content=\"Se podr\u00e1 realizar directamente en los m\u00e1s de 100 pasos fronterizos y aeropuertos internacionales de Argentina. El Ministerio del Interior, a trav\u00e9s de la Direcci\u00f3n Nacional de Migraciones (DNM), habilit\u00f3 hoy el nuevo sistema de autorizaci\u00f3n al instante para el viaje de ni\u00f1os, ni\u00f1as y adolescentes al exterior, que se podr\u00e1 realizar directamente en los [&hellip;]\" \/>\n<meta property=\"og:url\" content=\"https:\/\/cvinoticias.com\/v3\/se-habilito-el-tramite-instantaneo-para-autorizar-a-menores-de-edad-a-salir-del-pais\/\" \/>\n<meta property=\"og:site_name\" content=\"CVI NOTICIAS\" \/>\n<meta property=\"article:publisher\" content=\"https:\/\/www.facebook.com\/cvinoticias\" \/>\n<meta property=\"article:published_time\" content=\"2022-07-06T22:13:34+00:00\" \/>\n<meta property=\"og:image\" content=\"https:\/\/cvinoticias.com\/wp-content\/uploads\/2022\/07\/142352.jpg\" \/>\n\t<meta property=\"og:image:width\" content=\"1024\" \/>\n\t<meta property=\"og:image:height\" content=\"578\" \/>\n\t<meta property=\"og:image:type\" content=\"image\/jpeg\" \/>\n<meta name=\"author\" content=\"f1000024\" \/>\n<meta name=\"twitter:card\" content=\"summary_large_image\" \/>\n<meta name=\"twitter:label1\" content=\"Escrito por\" \/>\n\t<meta name=\"twitter:data1\" content=\"f1000024\" \/>\n\t<meta name=\"twitter:label2\" content=\"Tiempo de lectura\" \/>\n\t<meta name=\"twitter:data2\" content=\"2 minutos\" \/>\n<script type=\"application\/ld+json\" class=\"yoast-schema-graph\">{\"@context\":\"https:\\\/\\\/schema.org\",\"@graph\":[{\"@type\":\"Article\",\"@id\":\"https:\\\/\\\/cvinoticias.com\\\/v3\\\/se-habilito-el-tramite-instantaneo-para-autorizar-a-menores-de-edad-a-salir-del-pais\\\/#article\",\"isPartOf\":{\"@id\":\"https:\\\/\\\/cvinoticias.com\\\/v3\\\/se-habilito-el-tramite-instantaneo-para-autorizar-a-menores-de-edad-a-salir-del-pais\\\/\"},\"author\":{\"name\":\"f1000024\",\"@id\":\"https:\\\/\\\/cvinoticias.com\\\/v3\\\/#\\\/schema\\\/person\\\/2db77e3c6bc03c538495d7b2b8be9b66\"},\"headline\":\"Se habilit\u00f3 el tr\u00e1mite instant\u00e1neo para autorizar a menores de edad a salir del pa\u00eds\",\"datePublished\":\"2022-07-06T22:13:34+00:00\",\"mainEntityOfPage\":{\"@id\":\"https:\\\/\\\/cvinoticias.com\\\/v3\\\/se-habilito-el-tramite-instantaneo-para-autorizar-a-menores-de-edad-a-salir-del-pais\\\/\"},\"wordCount\":497,\"commentCount\":0,\"publisher\":{\"@id\":\"https:\\\/\\\/cvinoticias.com\\\/v3\\\/#organization\"},\"image\":{\"@id\":\"https:\\\/\\\/cvinoticias.com\\\/v3\\\/se-habilito-el-tramite-instantaneo-para-autorizar-a-menores-de-edad-a-salir-del-pais\\\/#primaryimage\"},\"thumbnailUrl\":\"https:\\\/\\\/cvinoticias.com\\\/wp-content\\\/uploads\\\/2022\\\/07\\\/142352.jpg\",\"articleSection\":[\"Informaci\u00f3n General\"],\"inLanguage\":\"es\",\"potentialAction\":[{\"@type\":\"CommentAction\",\"name\":\"Comment\",\"target\":[\"https:\\\/\\\/cvinoticias.com\\\/v3\\\/se-habilito-el-tramite-instantaneo-para-autorizar-a-menores-de-edad-a-salir-del-pais\\\/#respond\"]}]},{\"@type\":\"WebPage\",\"@id\":\"https:\\\/\\\/cvinoticias.com\\\/v3\\\/se-habilito-el-tramite-instantaneo-para-autorizar-a-menores-de-edad-a-salir-del-pais\\\/\",\"url\":\"https:\\\/\\\/cvinoticias.com\\\/v3\\\/se-habilito-el-tramite-instantaneo-para-autorizar-a-menores-de-edad-a-salir-del-pais\\\/\",\"name\":\"Se habilit\u00f3 el tr\u00e1mite instant\u00e1neo para autorizar a menores de edad a salir del pa\u00eds | CVI NOTICIAS\",\"isPartOf\":{\"@id\":\"https:\\\/\\\/cvinoticias.com\\\/v3\\\/#website\"},\"primaryImageOfPage\":{\"@id\":\"https:\\\/\\\/cvinoticias.com\\\/v3\\\/se-habilito-el-tramite-instantaneo-para-autorizar-a-menores-de-edad-a-salir-del-pais\\\/#primaryimage\"},\"image\":{\"@id\":\"https:\\\/\\\/cvinoticias.com\\\/v3\\\/se-habilito-el-tramite-instantaneo-para-autorizar-a-menores-de-edad-a-salir-del-pais\\\/#primaryimage\"},\"thumbnailUrl\":\"https:\\\/\\\/cvinoticias.com\\\/wp-content\\\/uploads\\\/2022\\\/07\\\/142352.jpg\",\"datePublished\":\"2022-07-06T22:13:34+00:00\",\"breadcrumb\":{\"@id\":\"https:\\\/\\\/cvinoticias.com\\\/v3\\\/se-habilito-el-tramite-instantaneo-para-autorizar-a-menores-de-edad-a-salir-del-pais\\\/#breadcrumb\"},\"inLanguage\":\"es\",\"potentialAction\":[{\"@type\":\"ReadAction\",\"target\":[\"https:\\\/\\\/cvinoticias.com\\\/v3\\\/se-habilito-el-tramite-instantaneo-para-autorizar-a-menores-de-edad-a-salir-del-pais\\\/\"]}]},{\"@type\":\"ImageObject\",\"inLanguage\":\"es\",\"@id\":\"https:\\\/\\\/cvinoticias.com\\\/v3\\\/se-habilito-el-tramite-instantaneo-para-autorizar-a-menores-de-edad-a-salir-del-pais\\\/#primaryimage\",\"url\":\"https:\\\/\\\/cvinoticias.com\\\/wp-content\\\/uploads\\\/2022\\\/07\\\/142352.jpg\",\"contentUrl\":\"https:\\\/\\\/cvinoticias.com\\\/wp-content\\\/uploads\\\/2022\\\/07\\\/142352.jpg\",\"width\":1024,\"height\":578},{\"@type\":\"BreadcrumbList\",\"@id\":\"https:\\\/\\\/cvinoticias.com\\\/v3\\\/se-habilito-el-tramite-instantaneo-para-autorizar-a-menores-de-edad-a-salir-del-pais\\\/#breadcrumb\",\"itemListElement\":[{\"@type\":\"ListItem\",\"position\":1,\"name\":\"Portada\",\"item\":\"https:\\\/\\\/cvinoticias.com\\\/v3\\\/\"},{\"@type\":\"ListItem\",\"position\":2,\"name\":\"Se habilit\u00f3 el tr\u00e1mite instant\u00e1neo para autorizar a menores de edad a salir del pa\u00eds\"}]},{\"@type\":\"WebSite\",\"@id\":\"https:\\\/\\\/cvinoticias.com\\\/v3\\\/#website\",\"url\":\"https:\\\/\\\/cvinoticias.com\\\/v3\\\/\",\"name\":\"CVI NOTICIAS\",\"description\":\"\",\"publisher\":{\"@id\":\"https:\\\/\\\/cvinoticias.com\\\/v3\\\/#organization\"},\"alternateName\":\"CVI\",\"potentialAction\":[{\"@type\":\"SearchAction\",\"target\":{\"@type\":\"EntryPoint\",\"urlTemplate\":\"https:\\\/\\\/cvinoticias.com\\\/v3\\\/?s={search_term_string}\"},\"query-input\":{\"@type\":\"PropertyValueSpecification\",\"valueRequired\":true,\"valueName\":\"search_term_string\"}}],\"inLanguage\":\"es\"},{\"@type\":\"Organization\",\"@id\":\"https:\\\/\\\/cvinoticias.com\\\/v3\\\/#organization\",\"name\":\"CVI NOTICIAS\",\"url\":\"https:\\\/\\\/cvinoticias.com\\\/v3\\\/\",\"logo\":{\"@type\":\"ImageObject\",\"inLanguage\":\"es\",\"@id\":\"https:\\\/\\\/cvinoticias.com\\\/v3\\\/#\\\/schema\\\/logo\\\/image\\\/\",\"url\":\"https:\\\/\\\/cvinoticias.com\\\/wp-content\\\/uploads\\\/2023\\\/04\\\/cropped-cropped-cropped-cropped-cropped-3-1.png\",\"contentUrl\":\"https:\\\/\\\/cvinoticias.com\\\/wp-content\\\/uploads\\\/2023\\\/04\\\/cropped-cropped-cropped-cropped-cropped-3-1.png\",\"width\":95,\"height\":122,\"caption\":\"CVI NOTICIAS\"},\"image\":{\"@id\":\"https:\\\/\\\/cvinoticias.com\\\/v3\\\/#\\\/schema\\\/logo\\\/image\\\/\"},\"sameAs\":[\"https:\\\/\\\/www.facebook.com\\\/cvinoticias\",\"https:\\\/\\\/www.instagram.com\\\/cvinoticias\\\/\",\"https:\\\/\\\/www.youtube.com\\\/@CVINOTICIAS\"]},{\"@type\":\"Person\",\"@id\":\"https:\\\/\\\/cvinoticias.com\\\/v3\\\/#\\\/schema\\\/person\\\/2db77e3c6bc03c538495d7b2b8be9b66\",\"name\":\"f1000024\",\"image\":{\"@type\":\"ImageObject\",\"inLanguage\":\"es\",\"@id\":\"https:\\\/\\\/secure.gravatar.com\\\/avatar\\\/d4fe7459cfc51ff5129ce1a732bbef5928568b8092d412ef95611616376bbeed?s=96&d=mm&r=g\",\"url\":\"https:\\\/\\\/secure.gravatar.com\\\/avatar\\\/d4fe7459cfc51ff5129ce1a732bbef5928568b8092d412ef95611616376bbeed?s=96&d=mm&r=g\",\"contentUrl\":\"https:\\\/\\\/secure.gravatar.com\\\/avatar\\\/d4fe7459cfc51ff5129ce1a732bbef5928568b8092d412ef95611616376bbeed?s=96&d=mm&r=g\",\"caption\":\"f1000024\"},\"url\":\"https:\\\/\\\/cvinoticias.com\\\/v3\\\/author\\\/f1000024\\\/\"}]}<\/script>\n<!-- \/ Yoast SEO plugin. -->","yoast_head_json":{"title":"Se habilit\u00f3 el tr\u00e1mite instant\u00e1neo para autorizar a menores de edad a salir del pa\u00eds | CVI NOTICIAS","robots":{"index":"index","follow":"follow","max-snippet":"max-snippet:-1","max-image-preview":"max-image-preview:large","max-video-preview":"max-video-preview:-1"},"canonical":"https:\/\/cvinoticias.com\/v3\/se-habilito-el-tramite-instantaneo-para-autorizar-a-menores-de-edad-a-salir-del-pais\/","og_locale":"es_ES","og_type":"article","og_title":"Se habilit\u00f3 el tr\u00e1mite instant\u00e1neo para autorizar a menores de edad a salir del pa\u00eds | CVI NOTICIAS","og_description":"Se podr\u00e1 realizar directamente en los m\u00e1s de 100 pasos fronterizos y aeropuertos internacionales de Argentina. El Ministerio del Interior, a trav\u00e9s de la Direcci\u00f3n Nacional de Migraciones (DNM), habilit\u00f3 hoy el nuevo sistema de autorizaci\u00f3n al instante para el viaje de ni\u00f1os, ni\u00f1as y adolescentes al exterior, que se podr\u00e1 realizar directamente en los [&hellip;]","og_url":"https:\/\/cvinoticias.com\/v3\/se-habilito-el-tramite-instantaneo-para-autorizar-a-menores-de-edad-a-salir-del-pais\/","og_site_name":"CVI NOTICIAS","article_publisher":"https:\/\/www.facebook.com\/cvinoticias","article_published_time":"2022-07-06T22:13:34+00:00","og_image":[{"width":1024,"height":578,"url":"https:\/\/cvinoticias.com\/wp-content\/uploads\/2022\/07\/142352.jpg","type":"image\/jpeg"}],"author":"f1000024","twitter_card":"summary_large_image","twitter_misc":{"Escrito por":"f1000024","Tiempo de lectura":"2 minutos"},"schema":{"@context":"https:\/\/schema.org","@graph":[{"@type":"Article","@id":"https:\/\/cvinoticias.com\/v3\/se-habilito-el-tramite-instantaneo-para-autorizar-a-menores-de-edad-a-salir-del-pais\/#article","isPartOf":{"@id":"https:\/\/cvinoticias.com\/v3\/se-habilito-el-tramite-instantaneo-para-autorizar-a-menores-de-edad-a-salir-del-pais\/"},"author":{"name":"f1000024","@id":"https:\/\/cvinoticias.com\/v3\/#\/schema\/person\/2db77e3c6bc03c538495d7b2b8be9b66"},"headline":"Se habilit\u00f3 el tr\u00e1mite instant\u00e1neo para autorizar a menores de edad a salir del pa\u00eds","datePublished":"2022-07-06T22:13:34+00:00","mainEntityOfPage":{"@id":"https:\/\/cvinoticias.com\/v3\/se-habilito-el-tramite-instantaneo-para-autorizar-a-menores-de-edad-a-salir-del-pais\/"},"wordCount":497,"commentCount":0,"publisher":{"@id":"https:\/\/cvinoticias.com\/v3\/#organization"},"image":{"@id":"https:\/\/cvinoticias.com\/v3\/se-habilito-el-tramite-instantaneo-para-autorizar-a-menores-de-edad-a-salir-del-pais\/#primaryimage"},"thumbnailUrl":"https:\/\/cvinoticias.com\/wp-content\/uploads\/2022\/07\/142352.jpg","articleSection":["Informaci\u00f3n General"],"inLanguage":"es","potentialAction":[{"@type":"CommentAction","name":"Comment","target":["https:\/\/cvinoticias.com\/v3\/se-habilito-el-tramite-instantaneo-para-autorizar-a-menores-de-edad-a-salir-del-pais\/#respond"]}]},{"@type":"WebPage","@id":"https:\/\/cvinoticias.com\/v3\/se-habilito-el-tramite-instantaneo-para-autorizar-a-menores-de-edad-a-salir-del-pais\/","url":"https:\/\/cvinoticias.com\/v3\/se-habilito-el-tramite-instantaneo-para-autorizar-a-menores-de-edad-a-salir-del-pais\/","name":"Se habilit\u00f3 el tr\u00e1mite instant\u00e1neo para autorizar a menores de edad a salir del pa\u00eds | CVI NOTICIAS","isPartOf":{"@id":"https:\/\/cvinoticias.com\/v3\/#website"},"primaryImageOfPage":{"@id":"https:\/\/cvinoticias.com\/v3\/se-habilito-el-tramite-instantaneo-para-autorizar-a-menores-de-edad-a-salir-del-pais\/#primaryimage"},"image":{"@id":"https:\/\/cvinoticias.com\/v3\/se-habilito-el-tramite-instantaneo-para-autorizar-a-menores-de-edad-a-salir-del-pais\/#primaryimage"},"thumbnailUrl":"https:\/\/cvinoticias.com\/wp-content\/uploads\/2022\/07\/142352.jpg","datePublished":"2022-07-06T22:13:34+00:00","breadcrumb":{"@id":"https:\/\/cvinoticias.com\/v3\/se-habilito-el-tramite-instantaneo-para-autorizar-a-menores-de-edad-a-salir-del-pais\/#breadcrumb"},"inLanguage":"es","potentialAction":[{"@type":"ReadAction","target":["https:\/\/cvinoticias.com\/v3\/se-habilito-el-tramite-instantaneo-para-autorizar-a-menores-de-edad-a-salir-del-pais\/"]}]},{"@type":"ImageObject","inLanguage":"es","@id":"https:\/\/cvinoticias.com\/v3\/se-habilito-el-tramite-instantaneo-para-autorizar-a-menores-de-edad-a-salir-del-pais\/#primaryimage","url":"https:\/\/cvinoticias.com\/wp-content\/uploads\/2022\/07\/142352.jpg","contentUrl":"https:\/\/cvinoticias.com\/wp-content\/uploads\/2022\/07\/142352.jpg","width":1024,"height":578},{"@type":"BreadcrumbList","@id":"https:\/\/cvinoticias.com\/v3\/se-habilito-el-tramite-instantaneo-para-autorizar-a-menores-de-edad-a-salir-del-pais\/#breadcrumb","itemListElement":[{"@type":"ListItem","position":1,"name":"Portada","item":"https:\/\/cvinoticias.com\/v3\/"},{"@type":"ListItem","position":2,"name":"Se habilit\u00f3 el tr\u00e1mite instant\u00e1neo para autorizar a menores de edad a salir del pa\u00eds"}]},{"@type":"WebSite","@id":"https:\/\/cvinoticias.com\/v3\/#website","url":"https:\/\/cvinoticias.com\/v3\/","name":"CVI NOTICIAS","description":"","publisher":{"@id":"https:\/\/cvinoticias.com\/v3\/#organization"},"alternateName":"CVI","potentialAction":[{"@type":"SearchAction","target":{"@type":"EntryPoint","urlTemplate":"https:\/\/cvinoticias.com\/v3\/?s={search_term_string}"},"query-input":{"@type":"PropertyValueSpecification","valueRequired":true,"valueName":"search_term_string"}}],"inLanguage":"es"},{"@type":"Organization","@id":"https:\/\/cvinoticias.com\/v3\/#organization","name":"CVI NOTICIAS","url":"https:\/\/cvinoticias.com\/v3\/","logo":{"@type":"ImageObject","inLanguage":"es","@id":"https:\/\/cvinoticias.com\/v3\/#\/schema\/logo\/image\/","url":"https:\/\/cvinoticias.com\/wp-content\/uploads\/2023\/04\/cropped-cropped-cropped-cropped-cropped-3-1.png","contentUrl":"https:\/\/cvinoticias.com\/wp-content\/uploads\/2023\/04\/cropped-cropped-cropped-cropped-cropped-3-1.png","width":95,"height":122,"caption":"CVI NOTICIAS"},"image":{"@id":"https:\/\/cvinoticias.com\/v3\/#\/schema\/logo\/image\/"},"sameAs":["https:\/\/www.facebook.com\/cvinoticias","https:\/\/www.instagram.com\/cvinoticias\/","https:\/\/www.youtube.com\/@CVINOTICIAS"]},{"@type":"Person","@id":"https:\/\/cvinoticias.com\/v3\/#\/schema\/person\/2db77e3c6bc03c538495d7b2b8be9b66","name":"f1000024","image":{"@type":"ImageObject","inLanguage":"es","@id":"https:\/\/secure.gravatar.com\/avatar\/d4fe7459cfc51ff5129ce1a732bbef5928568b8092d412ef95611616376bbeed?s=96&d=mm&r=g","url":"https:\/\/secure.gravatar.com\/avatar\/d4fe7459cfc51ff5129ce1a732bbef5928568b8092d412ef95611616376bbeed?s=96&d=mm&r=g","contentUrl":"https:\/\/secure.gravatar.com\/avatar\/d4fe7459cfc51ff5129ce1a732bbef5928568b8092d412ef95611616376bbeed?s=96&d=mm&r=g","caption":"f1000024"},"url":"https:\/\/cvinoticias.com\/v3\/author\/f1000024\/"}]}},"_links":{"self":[{"href":"https:\/\/cvinoticias.com\/v3\/wp-json\/wp\/v2\/posts\/17370","targetHints":{"allow":["GET"]}}],"collection":[{"href":"https:\/\/cvinoticias.com\/v3\/wp-json\/wp\/v2\/posts"}],"about":[{"href":"https:\/\/cvinoticias.com\/v3\/wp-json\/wp\/v2\/types\/post"}],"author":[{"embeddable":true,"href":"https:\/\/cvinoticias.com\/v3\/wp-json\/wp\/v2\/users\/2"}],"replies":[{"embeddable":true,"href":"https:\/\/cvinoticias.com\/v3\/wp-json\/wp\/v2\/comments?post=17370"}],"version-history":[{"count":1,"href":"https:\/\/cvinoticias.com\/v3\/wp-json\/wp\/v2\/posts\/17370\/revisions"}],"predecessor-version":[{"id":17372,"href":"https:\/\/cvinoticias.com\/v3\/wp-json\/wp\/v2\/posts\/17370\/revisions\/17372"}],"wp:featuredmedia":[{"embeddable":true,"href":"https:\/\/cvinoticias.com\/v3\/wp-json\/wp\/v2\/media\/17371"}],"wp:attachment":[{"href":"https:\/\/cvinoticias.com\/v3\/wp-json\/wp\/v2\/media?parent=17370"}],"wp:term":[{"taxonomy":"category","embeddable":true,"href":"https:\/\/cvinoticias.com\/v3\/wp-json\/wp\/v2\/categories?post=17370"},{"taxonomy":"post_tag","embeddable":true,"href":"https:\/\/cvinoticias.com\/v3\/wp-json\/wp\/v2\/tags?post=17370"}],"curies":[{"name":"wp","href":"https:\/\/api.w.org\/{rel}","templated":true}]}}