{"id":17352,"date":"2022-07-06T17:44:46","date_gmt":"2022-07-06T17:44:46","guid":{"rendered":"https:\/\/cvinoticias.com\/v3\/?p=17352"},"modified":"2022-07-06T17:44:46","modified_gmt":"2022-07-06T17:44:46","slug":"censistas-sin-cobrar-por-que-se-demoran-los-pagos-y-cuando-se-van-a-hacer","status":"publish","type":"post","link":"https:\/\/cvinoticias.com\/v3\/censistas-sin-cobrar-por-que-se-demoran-los-pagos-y-cuando-se-van-a-hacer\/","title":{"rendered":"Censistas sin cobrar: por qu\u00e9 se demoran los pagos y cu\u00e1ndo se van a hacer"},"content":{"rendered":"\n<p><strong><em>El Indec dice que ya firmaron las \u00f3rdenes, pero gran parte de las 750 mil personas que trabajaron en el operativo todav\u00eda no recibieron la plata. La explicaci\u00f3n oficial.<\/em><\/strong><\/p>\n\n\n\n<p>Simbolizada en el hashtag #paguenElCenso, hace unos d\u00edas se siente la protesta de los reclutados para el operativo del Censo 2022, por no haber cobrado el trabajo que hicieron para el Indec el 18 de mayo. Ac\u00e1, los detalles de una historia que exhibe los desbalances de gesti\u00f3n entre las provincias, la -en ocasiones- pobre comunicaci\u00f3n de ciertos organismos p\u00fablicos y el concepto en boca de todos por estas horas: la inflaci\u00f3n.<\/p>\n\n\n\n<p>Es que este jueves se cumplen 50 d\u00edas del operativo censal, un tiempo de sobra para corroer la zanahoria por la que muchos hab\u00edan aspirado al puesto de censista. Esos pesos, 6.000 en la mayor\u00eda de los casos (en los menos, 50.000), que tentaban con su aparentemente liviana contraprestaci\u00f3n: solo un d\u00eda de trabajo.<\/p>\n\n\n\n<p>Un d\u00eda, por cierto, fr\u00edo. De las quejas sobresale la referencia a cierto destrato el 18 de mayo (\u00abni un caf\u00e9\u00bb, \u00abni algo de comer\u00bb), algo desparejo entre las jurisdicciones. Porque, conviene remarcarlo para entender el tema \u201cpagos\u201d, el Indec manej\u00f3 el trazo grueso del censo, pero la puesta en pr\u00e1ctica, la bajada a tierra del operativo dependi\u00f3 de las direcciones provinciales de estad\u00edstica.<\/p>\n\n\n\n<p>Y por eso, adelantando el final de esta historia, no hay ni habr\u00e1 un \u00fanico d\u00eda de pago. Algunas personas quiz\u00e1s cobren esta semana. Muchas otras, no.<\/p>\n\n\n\n<p><strong>Un censo con inflaci\u00f3n<\/strong><\/p>\n\n\n\n<p>Buena parte de la irritaci\u00f3n tiene que ver con la inflaci\u00f3n. Si bien el propio Indec informar\u00e1 a mediados de este mes la variaci\u00f3n del \u00cdndice de Precios al Consumidor (IPC) de junio, el dato seguramente iguale o supere el de mayo, lo que, cuando se cumplan dos meses, redundar\u00e1 en una p\u00e9rdida del poder adquisitivo del 10%.<\/p>\n\n\n\n<p>No es poco para quienes, como Karina, precisaban ese dinero cuanto antes. Es una de las 750.000 personas que trabajaron el 18 de mayo para concluir, por ejemplo, que los argentinos somos 47,3 millones de personas. \u201cMe anot\u00e9 por necesidad\u201d, resumi\u00f3.<\/p>\n\n\n\n<p>Tiene 44 a\u00f1os. Es auxiliar de enfermer\u00eda, pero no trabaja full time porque est\u00e1 sola a cargo de su hija y de su padre, en sus noventas, postrado, con c\u00e1ncer. \u201cTe da bronca. Iban a pagar los primeros d\u00edas de junio. Yo pens\u00e9, tipo el 10 o el 15\u201d.<\/p>\n\n\n\n<p>Con un hilo de voz, agreg\u00f3: \u201cUno lo hace para sumar. Le dijimos a la coordinadora, pero se lav\u00f3 las manos. Dijo que est\u00e1 como nosotros. No tenemos ni un mensaje, ni nada. Estamos en el aire\u201d.<\/p>\n\n\n\n<p><strong>Fecha de cobro del Censo 2022<\/strong><\/p>\n\n\n\n<p>No es f\u00e1cil encontrar dos versiones iguales sobre el momento de cobro adecuado.<\/p>\n\n\n\n<p>Muchos aseguran que la fecha nunca les fue informada. Parece por lo menos injusto, considerando las exigencias del puesto: puntualidad, rapidez y precisi\u00f3n.<\/p>\n\n\n\n<p>Qu\u00e9 dice el INDEC sobre los pagos<\/p>\n\n\n\n<p>El 16 de junio, el mismo d\u00eda en que sali\u00f3 en el Bolet\u00edn Oficial la \u00faltima modificaci\u00f3n del presupuesto nacional con un p\u00e1rrafo, entre los \u201cconsiderandos\u201d, que asentaba la necesidad de prever para \u201cel Indec (&#8230;) los cr\u00e9ditos necesarios para continuar con las actividades propias del censo\u201d, el propio Instituto mand\u00f3, a las 4 de la tarde, un mail a todos los censistas.<\/p>\n\n\n\n<p>Lo m\u00e1s importante est\u00e1 en los primeros p\u00e1rrafos: explicaban que estaban trabajando con las provincias para completar el circuito administrativo y depositar con rapidez, y aseguraban que contaban con los fondos para abonarle a todas las personas que realizaron las tareas censales y (sic) \u201cque no se demorar\u00e1 el pago\u201d.<\/p>\n\n\n\n<p><strong>\u00bfQue no se demorar\u00e1 respecto de cu\u00e1ndo?<\/strong><\/p>\n\n\n\n<p>Por lo pronto, desde el Indec informaron que \u201cya se firmaron las resoluciones y las \u00f3rdenes de pago\u201d, y que \u201cel Banco de la Naci\u00f3n Argentina est\u00e1 haciendo algunas transferencias, y otras \u00f3rdenes est\u00e1n en Tesorer\u00eda General de la Naci\u00f3n, que tiene que dar la orden final para que el Banco Naci\u00f3n pueda transferir\u201d.<\/p>\n\n\n\n<p>Sin embargo, no hay una fecha espec\u00edfica de cobro porque el Indec no maneja la totalidad del proceso, que en parte est\u00e1 en manos de las jurisdicciones.<\/p>\n\n\n\n<p>Seg\u00fan opinaron varias fuentes consultadas, esta predecible circunstancia se podr\u00eda haber comunicado con m\u00e1s solvencia de entrada.<\/p>\n\n\n\n<p>Por lo pronto, se ponen de relieve las singularidades jurisdiccionales que generan un escenario nacional desparejo: mientras provincias como San Luis, Salta, Catamarca y Tucum\u00e1n ya empezaron a pagar, la mayor parte del pa\u00eds no lo hizo.<\/p>\n\n\n\n<p>Desde el Indec se esboza un pedido de comprensi\u00f3n: \u201cSon 750.000 personas a las que hay que pagarles y previo el pago se deb\u00eda certificar el cumplimiento de las tareas para asegurar el pago a las personas que correspondan. Ya hay censistas que han recibido el pago, pero no deja de ser una cantidad enorme que se tiene que habilitar\u201d.<\/p>\n","protected":false},"excerpt":{"rendered":"<p>El Indec dice que ya firmaron las \u00f3rdenes, pero gran parte de las 750 mil personas que trabajaron en el operativo todav\u00eda no recibieron la plata. La explicaci\u00f3n oficial. Simbolizada en el hashtag #paguenElCenso, hace unos d\u00edas se siente la protesta de los reclutados para el operativo del Censo 2022, por no haber cobrado el [&hellip;]<\/p>\n","protected":false},"author":2,"featured_media":17353,"comment_status":"open","ping_status":"open","sticky":false,"template":"","format":"standard","meta":{"footnotes":""},"categories":[35],"tags":[],"class_list":["post-17352","post","type-post","status-publish","format-standard","has-post-thumbnail","hentry","category-informacion-general"],"yoast_head":"<!-- This site is optimized with the Yoast SEO plugin v27.4 - https:\/\/yoast.com\/product\/yoast-seo-wordpress\/ -->\n<title>Censistas sin cobrar: por qu\u00e9 se demoran los pagos y cu\u00e1ndo se van a hacer | CVI NOTICIAS<\/title>\n<meta name=\"robots\" content=\"index, follow, max-snippet:-1, max-image-preview:large, max-video-preview:-1\" \/>\n<link rel=\"canonical\" href=\"https:\/\/cvinoticias.com\/v3\/censistas-sin-cobrar-por-que-se-demoran-los-pagos-y-cuando-se-van-a-hacer\/\" \/>\n<meta property=\"og:locale\" content=\"es_ES\" \/>\n<meta property=\"og:type\" content=\"article\" \/>\n<meta property=\"og:title\" content=\"Censistas sin cobrar: por qu\u00e9 se demoran los pagos y cu\u00e1ndo se van a hacer | CVI NOTICIAS\" \/>\n<meta property=\"og:description\" content=\"El Indec dice que ya firmaron las \u00f3rdenes, pero gran parte de las 750 mil personas que trabajaron en el operativo todav\u00eda no recibieron la plata. La explicaci\u00f3n oficial. Simbolizada en el hashtag #paguenElCenso, hace unos d\u00edas se siente la protesta de los reclutados para el operativo del Censo 2022, por no haber cobrado el [&hellip;]\" \/>\n<meta property=\"og:url\" content=\"https:\/\/cvinoticias.com\/v3\/censistas-sin-cobrar-por-que-se-demoran-los-pagos-y-cuando-se-van-a-hacer\/\" \/>\n<meta property=\"og:site_name\" content=\"CVI NOTICIAS\" \/>\n<meta property=\"article:publisher\" content=\"https:\/\/www.facebook.com\/cvinoticias\" \/>\n<meta property=\"article:published_time\" content=\"2022-07-06T17:44:46+00:00\" \/>\n<meta property=\"og:image\" content=\"https:\/\/cvinoticias.com\/wp-content\/uploads\/2022\/07\/el-censo-2022-fue-el___UUAOp1kHR_340x340__1.jpg\" \/>\n\t<meta property=\"og:image:width\" content=\"340\" \/>\n\t<meta property=\"og:image:height\" content=\"340\" \/>\n\t<meta property=\"og:image:type\" content=\"image\/jpeg\" \/>\n<meta name=\"author\" content=\"f1000024\" \/>\n<meta name=\"twitter:card\" content=\"summary_large_image\" \/>\n<meta name=\"twitter:label1\" content=\"Escrito por\" \/>\n\t<meta name=\"twitter:data1\" content=\"f1000024\" \/>\n\t<meta name=\"twitter:label2\" content=\"Tiempo de lectura\" \/>\n\t<meta name=\"twitter:data2\" content=\"4 minutos\" \/>\n<script type=\"application\/ld+json\" class=\"yoast-schema-graph\">{\"@context\":\"https:\\\/\\\/schema.org\",\"@graph\":[{\"@type\":\"Article\",\"@id\":\"https:\\\/\\\/cvinoticias.com\\\/v3\\\/censistas-sin-cobrar-por-que-se-demoran-los-pagos-y-cuando-se-van-a-hacer\\\/#article\",\"isPartOf\":{\"@id\":\"https:\\\/\\\/cvinoticias.com\\\/v3\\\/censistas-sin-cobrar-por-que-se-demoran-los-pagos-y-cuando-se-van-a-hacer\\\/\"},\"author\":{\"name\":\"f1000024\",\"@id\":\"https:\\\/\\\/cvinoticias.com\\\/v3\\\/#\\\/schema\\\/person\\\/2db77e3c6bc03c538495d7b2b8be9b66\"},\"headline\":\"Censistas sin cobrar: por qu\u00e9 se demoran los pagos y cu\u00e1ndo se van a hacer\",\"datePublished\":\"2022-07-06T17:44:46+00:00\",\"mainEntityOfPage\":{\"@id\":\"https:\\\/\\\/cvinoticias.com\\\/v3\\\/censistas-sin-cobrar-por-que-se-demoran-los-pagos-y-cuando-se-van-a-hacer\\\/\"},\"wordCount\":846,\"commentCount\":0,\"publisher\":{\"@id\":\"https:\\\/\\\/cvinoticias.com\\\/v3\\\/#organization\"},\"image\":{\"@id\":\"https:\\\/\\\/cvinoticias.com\\\/v3\\\/censistas-sin-cobrar-por-que-se-demoran-los-pagos-y-cuando-se-van-a-hacer\\\/#primaryimage\"},\"thumbnailUrl\":\"https:\\\/\\\/cvinoticias.com\\\/wp-content\\\/uploads\\\/2022\\\/07\\\/el-censo-2022-fue-el___UUAOp1kHR_340x340__1.jpg\",\"articleSection\":[\"Informaci\u00f3n General\"],\"inLanguage\":\"es\",\"potentialAction\":[{\"@type\":\"CommentAction\",\"name\":\"Comment\",\"target\":[\"https:\\\/\\\/cvinoticias.com\\\/v3\\\/censistas-sin-cobrar-por-que-se-demoran-los-pagos-y-cuando-se-van-a-hacer\\\/#respond\"]}]},{\"@type\":\"WebPage\",\"@id\":\"https:\\\/\\\/cvinoticias.com\\\/v3\\\/censistas-sin-cobrar-por-que-se-demoran-los-pagos-y-cuando-se-van-a-hacer\\\/\",\"url\":\"https:\\\/\\\/cvinoticias.com\\\/v3\\\/censistas-sin-cobrar-por-que-se-demoran-los-pagos-y-cuando-se-van-a-hacer\\\/\",\"name\":\"Censistas sin cobrar: por qu\u00e9 se demoran los pagos y cu\u00e1ndo se van a hacer | CVI NOTICIAS\",\"isPartOf\":{\"@id\":\"https:\\\/\\\/cvinoticias.com\\\/v3\\\/#website\"},\"primaryImageOfPage\":{\"@id\":\"https:\\\/\\\/cvinoticias.com\\\/v3\\\/censistas-sin-cobrar-por-que-se-demoran-los-pagos-y-cuando-se-van-a-hacer\\\/#primaryimage\"},\"image\":{\"@id\":\"https:\\\/\\\/cvinoticias.com\\\/v3\\\/censistas-sin-cobrar-por-que-se-demoran-los-pagos-y-cuando-se-van-a-hacer\\\/#primaryimage\"},\"thumbnailUrl\":\"https:\\\/\\\/cvinoticias.com\\\/wp-content\\\/uploads\\\/2022\\\/07\\\/el-censo-2022-fue-el___UUAOp1kHR_340x340__1.jpg\",\"datePublished\":\"2022-07-06T17:44:46+00:00\",\"breadcrumb\":{\"@id\":\"https:\\\/\\\/cvinoticias.com\\\/v3\\\/censistas-sin-cobrar-por-que-se-demoran-los-pagos-y-cuando-se-van-a-hacer\\\/#breadcrumb\"},\"inLanguage\":\"es\",\"potentialAction\":[{\"@type\":\"ReadAction\",\"target\":[\"https:\\\/\\\/cvinoticias.com\\\/v3\\\/censistas-sin-cobrar-por-que-se-demoran-los-pagos-y-cuando-se-van-a-hacer\\\/\"]}]},{\"@type\":\"ImageObject\",\"inLanguage\":\"es\",\"@id\":\"https:\\\/\\\/cvinoticias.com\\\/v3\\\/censistas-sin-cobrar-por-que-se-demoran-los-pagos-y-cuando-se-van-a-hacer\\\/#primaryimage\",\"url\":\"https:\\\/\\\/cvinoticias.com\\\/wp-content\\\/uploads\\\/2022\\\/07\\\/el-censo-2022-fue-el___UUAOp1kHR_340x340__1.jpg\",\"contentUrl\":\"https:\\\/\\\/cvinoticias.com\\\/wp-content\\\/uploads\\\/2022\\\/07\\\/el-censo-2022-fue-el___UUAOp1kHR_340x340__1.jpg\",\"width\":340,\"height\":340},{\"@type\":\"BreadcrumbList\",\"@id\":\"https:\\\/\\\/cvinoticias.com\\\/v3\\\/censistas-sin-cobrar-por-que-se-demoran-los-pagos-y-cuando-se-van-a-hacer\\\/#breadcrumb\",\"itemListElement\":[{\"@type\":\"ListItem\",\"position\":1,\"name\":\"Portada\",\"item\":\"https:\\\/\\\/cvinoticias.com\\\/v3\\\/\"},{\"@type\":\"ListItem\",\"position\":2,\"name\":\"Censistas sin cobrar: por qu\u00e9 se demoran los pagos y cu\u00e1ndo se van a hacer\"}]},{\"@type\":\"WebSite\",\"@id\":\"https:\\\/\\\/cvinoticias.com\\\/v3\\\/#website\",\"url\":\"https:\\\/\\\/cvinoticias.com\\\/v3\\\/\",\"name\":\"CVI NOTICIAS\",\"description\":\"\",\"publisher\":{\"@id\":\"https:\\\/\\\/cvinoticias.com\\\/v3\\\/#organization\"},\"alternateName\":\"CVI\",\"potentialAction\":[{\"@type\":\"SearchAction\",\"target\":{\"@type\":\"EntryPoint\",\"urlTemplate\":\"https:\\\/\\\/cvinoticias.com\\\/v3\\\/?s={search_term_string}\"},\"query-input\":{\"@type\":\"PropertyValueSpecification\",\"valueRequired\":true,\"valueName\":\"search_term_string\"}}],\"inLanguage\":\"es\"},{\"@type\":\"Organization\",\"@id\":\"https:\\\/\\\/cvinoticias.com\\\/v3\\\/#organization\",\"name\":\"CVI NOTICIAS\",\"url\":\"https:\\\/\\\/cvinoticias.com\\\/v3\\\/\",\"logo\":{\"@type\":\"ImageObject\",\"inLanguage\":\"es\",\"@id\":\"https:\\\/\\\/cvinoticias.com\\\/v3\\\/#\\\/schema\\\/logo\\\/image\\\/\",\"url\":\"https:\\\/\\\/cvinoticias.com\\\/wp-content\\\/uploads\\\/2023\\\/04\\\/cropped-cropped-cropped-cropped-cropped-3-1.png\",\"contentUrl\":\"https:\\\/\\\/cvinoticias.com\\\/wp-content\\\/uploads\\\/2023\\\/04\\\/cropped-cropped-cropped-cropped-cropped-3-1.png\",\"width\":95,\"height\":122,\"caption\":\"CVI NOTICIAS\"},\"image\":{\"@id\":\"https:\\\/\\\/cvinoticias.com\\\/v3\\\/#\\\/schema\\\/logo\\\/image\\\/\"},\"sameAs\":[\"https:\\\/\\\/www.facebook.com\\\/cvinoticias\",\"https:\\\/\\\/www.instagram.com\\\/cvinoticias\\\/\",\"https:\\\/\\\/www.youtube.com\\\/@CVINOTICIAS\"]},{\"@type\":\"Person\",\"@id\":\"https:\\\/\\\/cvinoticias.com\\\/v3\\\/#\\\/schema\\\/person\\\/2db77e3c6bc03c538495d7b2b8be9b66\",\"name\":\"f1000024\",\"image\":{\"@type\":\"ImageObject\",\"inLanguage\":\"es\",\"@id\":\"https:\\\/\\\/secure.gravatar.com\\\/avatar\\\/d4fe7459cfc51ff5129ce1a732bbef5928568b8092d412ef95611616376bbeed?s=96&d=mm&r=g\",\"url\":\"https:\\\/\\\/secure.gravatar.com\\\/avatar\\\/d4fe7459cfc51ff5129ce1a732bbef5928568b8092d412ef95611616376bbeed?s=96&d=mm&r=g\",\"contentUrl\":\"https:\\\/\\\/secure.gravatar.com\\\/avatar\\\/d4fe7459cfc51ff5129ce1a732bbef5928568b8092d412ef95611616376bbeed?s=96&d=mm&r=g\",\"caption\":\"f1000024\"},\"url\":\"https:\\\/\\\/cvinoticias.com\\\/v3\\\/author\\\/f1000024\\\/\"}]}<\/script>\n<!-- \/ Yoast SEO plugin. -->","yoast_head_json":{"title":"Censistas sin cobrar: por qu\u00e9 se demoran los pagos y cu\u00e1ndo se van a hacer | CVI NOTICIAS","robots":{"index":"index","follow":"follow","max-snippet":"max-snippet:-1","max-image-preview":"max-image-preview:large","max-video-preview":"max-video-preview:-1"},"canonical":"https:\/\/cvinoticias.com\/v3\/censistas-sin-cobrar-por-que-se-demoran-los-pagos-y-cuando-se-van-a-hacer\/","og_locale":"es_ES","og_type":"article","og_title":"Censistas sin cobrar: por qu\u00e9 se demoran los pagos y cu\u00e1ndo se van a hacer | CVI NOTICIAS","og_description":"El Indec dice que ya firmaron las \u00f3rdenes, pero gran parte de las 750 mil personas que trabajaron en el operativo todav\u00eda no recibieron la plata. La explicaci\u00f3n oficial. Simbolizada en el hashtag #paguenElCenso, hace unos d\u00edas se siente la protesta de los reclutados para el operativo del Censo 2022, por no haber cobrado el [&hellip;]","og_url":"https:\/\/cvinoticias.com\/v3\/censistas-sin-cobrar-por-que-se-demoran-los-pagos-y-cuando-se-van-a-hacer\/","og_site_name":"CVI NOTICIAS","article_publisher":"https:\/\/www.facebook.com\/cvinoticias","article_published_time":"2022-07-06T17:44:46+00:00","og_image":[{"width":340,"height":340,"url":"https:\/\/cvinoticias.com\/wp-content\/uploads\/2022\/07\/el-censo-2022-fue-el___UUAOp1kHR_340x340__1.jpg","type":"image\/jpeg"}],"author":"f1000024","twitter_card":"summary_large_image","twitter_misc":{"Escrito por":"f1000024","Tiempo de lectura":"4 minutos"},"schema":{"@context":"https:\/\/schema.org","@graph":[{"@type":"Article","@id":"https:\/\/cvinoticias.com\/v3\/censistas-sin-cobrar-por-que-se-demoran-los-pagos-y-cuando-se-van-a-hacer\/#article","isPartOf":{"@id":"https:\/\/cvinoticias.com\/v3\/censistas-sin-cobrar-por-que-se-demoran-los-pagos-y-cuando-se-van-a-hacer\/"},"author":{"name":"f1000024","@id":"https:\/\/cvinoticias.com\/v3\/#\/schema\/person\/2db77e3c6bc03c538495d7b2b8be9b66"},"headline":"Censistas sin cobrar: por qu\u00e9 se demoran los pagos y cu\u00e1ndo se van a hacer","datePublished":"2022-07-06T17:44:46+00:00","mainEntityOfPage":{"@id":"https:\/\/cvinoticias.com\/v3\/censistas-sin-cobrar-por-que-se-demoran-los-pagos-y-cuando-se-van-a-hacer\/"},"wordCount":846,"commentCount":0,"publisher":{"@id":"https:\/\/cvinoticias.com\/v3\/#organization"},"image":{"@id":"https:\/\/cvinoticias.com\/v3\/censistas-sin-cobrar-por-que-se-demoran-los-pagos-y-cuando-se-van-a-hacer\/#primaryimage"},"thumbnailUrl":"https:\/\/cvinoticias.com\/wp-content\/uploads\/2022\/07\/el-censo-2022-fue-el___UUAOp1kHR_340x340__1.jpg","articleSection":["Informaci\u00f3n General"],"inLanguage":"es","potentialAction":[{"@type":"CommentAction","name":"Comment","target":["https:\/\/cvinoticias.com\/v3\/censistas-sin-cobrar-por-que-se-demoran-los-pagos-y-cuando-se-van-a-hacer\/#respond"]}]},{"@type":"WebPage","@id":"https:\/\/cvinoticias.com\/v3\/censistas-sin-cobrar-por-que-se-demoran-los-pagos-y-cuando-se-van-a-hacer\/","url":"https:\/\/cvinoticias.com\/v3\/censistas-sin-cobrar-por-que-se-demoran-los-pagos-y-cuando-se-van-a-hacer\/","name":"Censistas sin cobrar: por qu\u00e9 se demoran los pagos y cu\u00e1ndo se van a hacer | CVI NOTICIAS","isPartOf":{"@id":"https:\/\/cvinoticias.com\/v3\/#website"},"primaryImageOfPage":{"@id":"https:\/\/cvinoticias.com\/v3\/censistas-sin-cobrar-por-que-se-demoran-los-pagos-y-cuando-se-van-a-hacer\/#primaryimage"},"image":{"@id":"https:\/\/cvinoticias.com\/v3\/censistas-sin-cobrar-por-que-se-demoran-los-pagos-y-cuando-se-van-a-hacer\/#primaryimage"},"thumbnailUrl":"https:\/\/cvinoticias.com\/wp-content\/uploads\/2022\/07\/el-censo-2022-fue-el___UUAOp1kHR_340x340__1.jpg","datePublished":"2022-07-06T17:44:46+00:00","breadcrumb":{"@id":"https:\/\/cvinoticias.com\/v3\/censistas-sin-cobrar-por-que-se-demoran-los-pagos-y-cuando-se-van-a-hacer\/#breadcrumb"},"inLanguage":"es","potentialAction":[{"@type":"ReadAction","target":["https:\/\/cvinoticias.com\/v3\/censistas-sin-cobrar-por-que-se-demoran-los-pagos-y-cuando-se-van-a-hacer\/"]}]},{"@type":"ImageObject","inLanguage":"es","@id":"https:\/\/cvinoticias.com\/v3\/censistas-sin-cobrar-por-que-se-demoran-los-pagos-y-cuando-se-van-a-hacer\/#primaryimage","url":"https:\/\/cvinoticias.com\/wp-content\/uploads\/2022\/07\/el-censo-2022-fue-el___UUAOp1kHR_340x340__1.jpg","contentUrl":"https:\/\/cvinoticias.com\/wp-content\/uploads\/2022\/07\/el-censo-2022-fue-el___UUAOp1kHR_340x340__1.jpg","width":340,"height":340},{"@type":"BreadcrumbList","@id":"https:\/\/cvinoticias.com\/v3\/censistas-sin-cobrar-por-que-se-demoran-los-pagos-y-cuando-se-van-a-hacer\/#breadcrumb","itemListElement":[{"@type":"ListItem","position":1,"name":"Portada","item":"https:\/\/cvinoticias.com\/v3\/"},{"@type":"ListItem","position":2,"name":"Censistas sin cobrar: por qu\u00e9 se demoran los pagos y cu\u00e1ndo se van a hacer"}]},{"@type":"WebSite","@id":"https:\/\/cvinoticias.com\/v3\/#website","url":"https:\/\/cvinoticias.com\/v3\/","name":"CVI NOTICIAS","description":"","publisher":{"@id":"https:\/\/cvinoticias.com\/v3\/#organization"},"alternateName":"CVI","potentialAction":[{"@type":"SearchAction","target":{"@type":"EntryPoint","urlTemplate":"https:\/\/cvinoticias.com\/v3\/?s={search_term_string}"},"query-input":{"@type":"PropertyValueSpecification","valueRequired":true,"valueName":"search_term_string"}}],"inLanguage":"es"},{"@type":"Organization","@id":"https:\/\/cvinoticias.com\/v3\/#organization","name":"CVI NOTICIAS","url":"https:\/\/cvinoticias.com\/v3\/","logo":{"@type":"ImageObject","inLanguage":"es","@id":"https:\/\/cvinoticias.com\/v3\/#\/schema\/logo\/image\/","url":"https:\/\/cvinoticias.com\/wp-content\/uploads\/2023\/04\/cropped-cropped-cropped-cropped-cropped-3-1.png","contentUrl":"https:\/\/cvinoticias.com\/wp-content\/uploads\/2023\/04\/cropped-cropped-cropped-cropped-cropped-3-1.png","width":95,"height":122,"caption":"CVI NOTICIAS"},"image":{"@id":"https:\/\/cvinoticias.com\/v3\/#\/schema\/logo\/image\/"},"sameAs":["https:\/\/www.facebook.com\/cvinoticias","https:\/\/www.instagram.com\/cvinoticias\/","https:\/\/www.youtube.com\/@CVINOTICIAS"]},{"@type":"Person","@id":"https:\/\/cvinoticias.com\/v3\/#\/schema\/person\/2db77e3c6bc03c538495d7b2b8be9b66","name":"f1000024","image":{"@type":"ImageObject","inLanguage":"es","@id":"https:\/\/secure.gravatar.com\/avatar\/d4fe7459cfc51ff5129ce1a732bbef5928568b8092d412ef95611616376bbeed?s=96&d=mm&r=g","url":"https:\/\/secure.gravatar.com\/avatar\/d4fe7459cfc51ff5129ce1a732bbef5928568b8092d412ef95611616376bbeed?s=96&d=mm&r=g","contentUrl":"https:\/\/secure.gravatar.com\/avatar\/d4fe7459cfc51ff5129ce1a732bbef5928568b8092d412ef95611616376bbeed?s=96&d=mm&r=g","caption":"f1000024"},"url":"https:\/\/cvinoticias.com\/v3\/author\/f1000024\/"}]}},"_links":{"self":[{"href":"https:\/\/cvinoticias.com\/v3\/wp-json\/wp\/v2\/posts\/17352","targetHints":{"allow":["GET"]}}],"collection":[{"href":"https:\/\/cvinoticias.com\/v3\/wp-json\/wp\/v2\/posts"}],"about":[{"href":"https:\/\/cvinoticias.com\/v3\/wp-json\/wp\/v2\/types\/post"}],"author":[{"embeddable":true,"href":"https:\/\/cvinoticias.com\/v3\/wp-json\/wp\/v2\/users\/2"}],"replies":[{"embeddable":true,"href":"https:\/\/cvinoticias.com\/v3\/wp-json\/wp\/v2\/comments?post=17352"}],"version-history":[{"count":1,"href":"https:\/\/cvinoticias.com\/v3\/wp-json\/wp\/v2\/posts\/17352\/revisions"}],"predecessor-version":[{"id":17354,"href":"https:\/\/cvinoticias.com\/v3\/wp-json\/wp\/v2\/posts\/17352\/revisions\/17354"}],"wp:featuredmedia":[{"embeddable":true,"href":"https:\/\/cvinoticias.com\/v3\/wp-json\/wp\/v2\/media\/17353"}],"wp:attachment":[{"href":"https:\/\/cvinoticias.com\/v3\/wp-json\/wp\/v2\/media?parent=17352"}],"wp:term":[{"taxonomy":"category","embeddable":true,"href":"https:\/\/cvinoticias.com\/v3\/wp-json\/wp\/v2\/categories?post=17352"},{"taxonomy":"post_tag","embeddable":true,"href":"https:\/\/cvinoticias.com\/v3\/wp-json\/wp\/v2\/tags?post=17352"}],"curies":[{"name":"wp","href":"https:\/\/api.w.org\/{rel}","templated":true}]}}