{"id":17343,"date":"2022-07-06T11:57:29","date_gmt":"2022-07-06T11:57:29","guid":{"rendered":"https:\/\/cvinoticias.com\/v3\/?p=17343"},"modified":"2022-07-06T11:57:29","modified_gmt":"2022-07-06T11:57:29","slug":"por-decreto-herrera-ahuad-desplazo-a-los-miembros-de-la-junta-de-clasificacion-docente","status":"publish","type":"post","link":"https:\/\/cvinoticias.com\/v3\/por-decreto-herrera-ahuad-desplazo-a-los-miembros-de-la-junta-de-clasificacion-docente\/","title":{"rendered":"<br>Por decreto Herrera Ahuad desplaz\u00f3 a los miembros de la Junta de Clasificaci\u00f3n docente"},"content":{"rendered":"\n<p><strong><em>El esc\u00e1ndalo creci\u00f3 cuando maestros de Andresito iniciaron una huelga denunciando venta de t\u00edtulos para subir en el escalaf\u00f3n docente.\u00a0<\/em><\/strong><\/p>\n\n\n\n<p>Desde las primeras horas del lunes un grupo de docentes del Bachillerato Orientado Provincial (BOP) 124 de Comandante Andresito iniciaron una huelga de hambre. Los educadores denuncian que existe venta de t\u00edtulos, cursos y diplomaturas que, explicaron, ser\u00edan de dudosa procedencia y otorgan puntaje a la docencia misionera para subir rangos en el escalaf\u00f3n.<\/p>\n\n\n\n<p>La bronca entre los trabajadores de la educaci\u00f3n fue creciendo y en las \u00faltimas horas colegas de otros municipios se sumaron a la protesta de sus pares en Andresito.<\/p>\n\n\n\n<p>Ante ese escenario y mediante el decreto provincial 1022\/2022, el gobernador Oscar Herrera Ahuad y el ministro de Educaci\u00f3n, Miguel Sedoff, firmaron el desplazamiento de los vocales designados por el Poder Ejecutivo en las ramas de Nivel Inicial y Primaria, Nivel Secundario y Nivel Superior de la Junta de Clasificaci\u00f3n y Disciplina docente.<\/p>\n\n\n\n<p>El Movimiento Pedag\u00f3gico de Liberaci\u00f3n (MPL) se declar\u00f3 en estado de alerta y movilizaci\u00f3n y convoc\u00f3 a un paro para hoy y ma\u00f1ana sin asistencia a los lugares de trabajo. Adem\u00e1s, el sindicato pidi\u00f3 \u201ccapacitaci\u00f3n gratuita, verdadera y en servicio\u201d. Explicaron que la medida es \u201cen apoyo a los colegas del Bachillerato 124 de Andresito en huelga de hambre para poner fin a este negocio que da\u00f1a el sistema educativo\u201d. Y reclamaron \u201cbasta de estafas, corrupci\u00f3n y venta de certificados\u201d.<\/p>\n\n\n\n<p>\u201cEs necesario terminar con el negocio y la mafia que existe en nuestra provincia en torno a la capacitaci\u00f3n docente, porque da\u00f1a irremediablemente todo el escalaf\u00f3n\u201d, se\u00f1al\u00f3 el MPL en un comunicado y apunt\u00f3 directamente contra la Junta de Clasificaci\u00f3n y Disciplina del Consejo General de Educaci\u00f3n.<\/p>\n\n\n\n<p>A trav\u00e9s del decreto, Herrera Ahuad estableci\u00f3 en el art\u00edculo 1 que \u201cel Consejo General de Educaci\u00f3n auditar\u00e1 y monitorear\u00e1 las acciones de la Junta de Clasificaci\u00f3n y Disciplina rama Secundaria y Superior y la Junta de Clasificaci\u00f3n y Disciplina Rama Inicial, Primaria, Primaria del Adulto y Especial\u201d.<\/p>\n\n\n\n<p>En este sentido, se dej\u00f3 sin efecto las funciones de integrantes de la Junta que, en muchos casos, ten\u00edan una antig\u00fcedad en los cargos de entre diez y veinte a\u00f1os.<\/p>\n\n\n\n<p>En la normativa se explic\u00f3 que la medida deja sin efectos las funciones de Gladys L\u00f3pez de Tur (vocal de Junta), del presidente de la Junta de rama Secundaria y Superior Marco Freaza, Marcos Alustiza, Argentina Dionisia Franco (Junta de Primaria), Mar\u00eda In\u00e9s Krauchuka (vocal de Junta Inicial y Primaria) y del presidente de Junta de Primaria Eduardo Eustaquio Cabrera.<\/p>\n\n\n\n<p>En tanto, en el mismo decreto se designa a nuevas autoridades.<\/p>\n\n\n\n<p>De acuerdo a la normativa, en la rama Inicial, Primaria, Primaria del Adulto y Especial queda como presidenta Daniela Cristina L\u00f3pez y como vocales Griselda Kombaur, Norma Brettin y Jos\u00e9 Guzm\u00e1n Ortega.<\/p>\n\n\n\n<p>Y en la Junta de Clasificaci\u00f3n y Disciplina rama Secundaria y Superior queda conformado con Renzo Zarratea como presidente del \u00e1rea y en el cargo de vocales Mercedes Rosa Patricia Kijuk y Alejandra Pichaka.<\/p>\n","protected":false},"excerpt":{"rendered":"<p>El esc\u00e1ndalo creci\u00f3 cuando maestros de Andresito iniciaron una huelga denunciando venta de t\u00edtulos para subir en el escalaf\u00f3n docente.\u00a0 Desde las primeras horas del lunes un grupo de docentes del Bachillerato Orientado Provincial (BOP) 124 de Comandante Andresito iniciaron una huelga de hambre. Los educadores denuncian que existe venta de t\u00edtulos, cursos y diplomaturas [&hellip;]<\/p>\n","protected":false},"author":2,"featured_media":17344,"comment_status":"open","ping_status":"open","sticky":false,"template":"","format":"standard","meta":{"footnotes":""},"categories":[26],"tags":[],"class_list":["post-17343","post","type-post","status-publish","format-standard","has-post-thumbnail","hentry","category-educacion"],"yoast_head":"<!-- This site is optimized with the Yoast SEO plugin v27.4 - https:\/\/yoast.com\/product\/yoast-seo-wordpress\/ -->\n<title>Por decreto Herrera Ahuad desplaz\u00f3 a los miembros de la Junta de Clasificaci\u00f3n docente | CVI NOTICIAS<\/title>\n<meta name=\"robots\" content=\"index, follow, max-snippet:-1, max-image-preview:large, max-video-preview:-1\" \/>\n<link rel=\"canonical\" href=\"https:\/\/cvinoticias.com\/v3\/por-decreto-herrera-ahuad-desplazo-a-los-miembros-de-la-junta-de-clasificacion-docente\/\" \/>\n<meta property=\"og:locale\" content=\"es_ES\" \/>\n<meta property=\"og:type\" content=\"article\" \/>\n<meta property=\"og:title\" content=\"Por decreto Herrera Ahuad desplaz\u00f3 a los miembros de la Junta de Clasificaci\u00f3n docente | CVI NOTICIAS\" \/>\n<meta property=\"og:description\" content=\"El esc\u00e1ndalo creci\u00f3 cuando maestros de Andresito iniciaron una huelga denunciando venta de t\u00edtulos para subir en el escalaf\u00f3n docente.\u00a0 Desde las primeras horas del lunes un grupo de docentes del Bachillerato Orientado Provincial (BOP) 124 de Comandante Andresito iniciaron una huelga de hambre. Los educadores denuncian que existe venta de t\u00edtulos, cursos y diplomaturas [&hellip;]\" \/>\n<meta property=\"og:url\" content=\"https:\/\/cvinoticias.com\/v3\/por-decreto-herrera-ahuad-desplazo-a-los-miembros-de-la-junta-de-clasificacion-docente\/\" \/>\n<meta property=\"og:site_name\" content=\"CVI NOTICIAS\" \/>\n<meta property=\"article:publisher\" content=\"https:\/\/www.facebook.com\/cvinoticias\" \/>\n<meta property=\"article:published_time\" content=\"2022-07-06T11:57:29+00:00\" \/>\n<meta property=\"og:image\" content=\"https:\/\/cvinoticias.com\/wp-content\/uploads\/2022\/07\/WhatsApp-Image-2020-07-29-at-11.08.32.jpeg\" \/>\n\t<meta property=\"og:image:width\" content=\"884\" \/>\n\t<meta property=\"og:image:height\" content=\"422\" \/>\n\t<meta property=\"og:image:type\" content=\"image\/jpeg\" \/>\n<meta name=\"author\" content=\"f1000024\" \/>\n<meta name=\"twitter:card\" content=\"summary_large_image\" \/>\n<meta name=\"twitter:label1\" content=\"Escrito por\" \/>\n\t<meta name=\"twitter:data1\" content=\"f1000024\" \/>\n\t<meta name=\"twitter:label2\" content=\"Tiempo de lectura\" \/>\n\t<meta name=\"twitter:data2\" content=\"3 minutos\" \/>\n<script type=\"application\/ld+json\" class=\"yoast-schema-graph\">{\"@context\":\"https:\\\/\\\/schema.org\",\"@graph\":[{\"@type\":\"Article\",\"@id\":\"https:\\\/\\\/cvinoticias.com\\\/v3\\\/por-decreto-herrera-ahuad-desplazo-a-los-miembros-de-la-junta-de-clasificacion-docente\\\/#article\",\"isPartOf\":{\"@id\":\"https:\\\/\\\/cvinoticias.com\\\/v3\\\/por-decreto-herrera-ahuad-desplazo-a-los-miembros-de-la-junta-de-clasificacion-docente\\\/\"},\"author\":{\"name\":\"f1000024\",\"@id\":\"https:\\\/\\\/cvinoticias.com\\\/v3\\\/#\\\/schema\\\/person\\\/2db77e3c6bc03c538495d7b2b8be9b66\"},\"headline\":\"Por decreto Herrera Ahuad desplaz\u00f3 a los miembros de la Junta de Clasificaci\u00f3n docente\",\"datePublished\":\"2022-07-06T11:57:29+00:00\",\"mainEntityOfPage\":{\"@id\":\"https:\\\/\\\/cvinoticias.com\\\/v3\\\/por-decreto-herrera-ahuad-desplazo-a-los-miembros-de-la-junta-de-clasificacion-docente\\\/\"},\"wordCount\":546,\"commentCount\":0,\"publisher\":{\"@id\":\"https:\\\/\\\/cvinoticias.com\\\/v3\\\/#organization\"},\"image\":{\"@id\":\"https:\\\/\\\/cvinoticias.com\\\/v3\\\/por-decreto-herrera-ahuad-desplazo-a-los-miembros-de-la-junta-de-clasificacion-docente\\\/#primaryimage\"},\"thumbnailUrl\":\"https:\\\/\\\/cvinoticias.com\\\/wp-content\\\/uploads\\\/2022\\\/07\\\/WhatsApp-Image-2020-07-29-at-11.08.32.jpeg\",\"articleSection\":[\"Educacion\"],\"inLanguage\":\"es\",\"potentialAction\":[{\"@type\":\"CommentAction\",\"name\":\"Comment\",\"target\":[\"https:\\\/\\\/cvinoticias.com\\\/v3\\\/por-decreto-herrera-ahuad-desplazo-a-los-miembros-de-la-junta-de-clasificacion-docente\\\/#respond\"]}]},{\"@type\":\"WebPage\",\"@id\":\"https:\\\/\\\/cvinoticias.com\\\/v3\\\/por-decreto-herrera-ahuad-desplazo-a-los-miembros-de-la-junta-de-clasificacion-docente\\\/\",\"url\":\"https:\\\/\\\/cvinoticias.com\\\/v3\\\/por-decreto-herrera-ahuad-desplazo-a-los-miembros-de-la-junta-de-clasificacion-docente\\\/\",\"name\":\"Por decreto Herrera Ahuad desplaz\u00f3 a los miembros de la Junta de Clasificaci\u00f3n docente | CVI NOTICIAS\",\"isPartOf\":{\"@id\":\"https:\\\/\\\/cvinoticias.com\\\/v3\\\/#website\"},\"primaryImageOfPage\":{\"@id\":\"https:\\\/\\\/cvinoticias.com\\\/v3\\\/por-decreto-herrera-ahuad-desplazo-a-los-miembros-de-la-junta-de-clasificacion-docente\\\/#primaryimage\"},\"image\":{\"@id\":\"https:\\\/\\\/cvinoticias.com\\\/v3\\\/por-decreto-herrera-ahuad-desplazo-a-los-miembros-de-la-junta-de-clasificacion-docente\\\/#primaryimage\"},\"thumbnailUrl\":\"https:\\\/\\\/cvinoticias.com\\\/wp-content\\\/uploads\\\/2022\\\/07\\\/WhatsApp-Image-2020-07-29-at-11.08.32.jpeg\",\"datePublished\":\"2022-07-06T11:57:29+00:00\",\"breadcrumb\":{\"@id\":\"https:\\\/\\\/cvinoticias.com\\\/v3\\\/por-decreto-herrera-ahuad-desplazo-a-los-miembros-de-la-junta-de-clasificacion-docente\\\/#breadcrumb\"},\"inLanguage\":\"es\",\"potentialAction\":[{\"@type\":\"ReadAction\",\"target\":[\"https:\\\/\\\/cvinoticias.com\\\/v3\\\/por-decreto-herrera-ahuad-desplazo-a-los-miembros-de-la-junta-de-clasificacion-docente\\\/\"]}]},{\"@type\":\"ImageObject\",\"inLanguage\":\"es\",\"@id\":\"https:\\\/\\\/cvinoticias.com\\\/v3\\\/por-decreto-herrera-ahuad-desplazo-a-los-miembros-de-la-junta-de-clasificacion-docente\\\/#primaryimage\",\"url\":\"https:\\\/\\\/cvinoticias.com\\\/wp-content\\\/uploads\\\/2022\\\/07\\\/WhatsApp-Image-2020-07-29-at-11.08.32.jpeg\",\"contentUrl\":\"https:\\\/\\\/cvinoticias.com\\\/wp-content\\\/uploads\\\/2022\\\/07\\\/WhatsApp-Image-2020-07-29-at-11.08.32.jpeg\",\"width\":884,\"height\":422},{\"@type\":\"BreadcrumbList\",\"@id\":\"https:\\\/\\\/cvinoticias.com\\\/v3\\\/por-decreto-herrera-ahuad-desplazo-a-los-miembros-de-la-junta-de-clasificacion-docente\\\/#breadcrumb\",\"itemListElement\":[{\"@type\":\"ListItem\",\"position\":1,\"name\":\"Portada\",\"item\":\"https:\\\/\\\/cvinoticias.com\\\/v3\\\/\"},{\"@type\":\"ListItem\",\"position\":2,\"name\":\"Por decreto Herrera Ahuad desplaz\u00f3 a los miembros de la Junta de Clasificaci\u00f3n docente\"}]},{\"@type\":\"WebSite\",\"@id\":\"https:\\\/\\\/cvinoticias.com\\\/v3\\\/#website\",\"url\":\"https:\\\/\\\/cvinoticias.com\\\/v3\\\/\",\"name\":\"CVI NOTICIAS\",\"description\":\"\",\"publisher\":{\"@id\":\"https:\\\/\\\/cvinoticias.com\\\/v3\\\/#organization\"},\"alternateName\":\"CVI\",\"potentialAction\":[{\"@type\":\"SearchAction\",\"target\":{\"@type\":\"EntryPoint\",\"urlTemplate\":\"https:\\\/\\\/cvinoticias.com\\\/v3\\\/?s={search_term_string}\"},\"query-input\":{\"@type\":\"PropertyValueSpecification\",\"valueRequired\":true,\"valueName\":\"search_term_string\"}}],\"inLanguage\":\"es\"},{\"@type\":\"Organization\",\"@id\":\"https:\\\/\\\/cvinoticias.com\\\/v3\\\/#organization\",\"name\":\"CVI NOTICIAS\",\"url\":\"https:\\\/\\\/cvinoticias.com\\\/v3\\\/\",\"logo\":{\"@type\":\"ImageObject\",\"inLanguage\":\"es\",\"@id\":\"https:\\\/\\\/cvinoticias.com\\\/v3\\\/#\\\/schema\\\/logo\\\/image\\\/\",\"url\":\"https:\\\/\\\/cvinoticias.com\\\/wp-content\\\/uploads\\\/2023\\\/04\\\/cropped-cropped-cropped-cropped-cropped-3-1.png\",\"contentUrl\":\"https:\\\/\\\/cvinoticias.com\\\/wp-content\\\/uploads\\\/2023\\\/04\\\/cropped-cropped-cropped-cropped-cropped-3-1.png\",\"width\":95,\"height\":122,\"caption\":\"CVI NOTICIAS\"},\"image\":{\"@id\":\"https:\\\/\\\/cvinoticias.com\\\/v3\\\/#\\\/schema\\\/logo\\\/image\\\/\"},\"sameAs\":[\"https:\\\/\\\/www.facebook.com\\\/cvinoticias\",\"https:\\\/\\\/www.instagram.com\\\/cvinoticias\\\/\",\"https:\\\/\\\/www.youtube.com\\\/@CVINOTICIAS\"]},{\"@type\":\"Person\",\"@id\":\"https:\\\/\\\/cvinoticias.com\\\/v3\\\/#\\\/schema\\\/person\\\/2db77e3c6bc03c538495d7b2b8be9b66\",\"name\":\"f1000024\",\"image\":{\"@type\":\"ImageObject\",\"inLanguage\":\"es\",\"@id\":\"https:\\\/\\\/secure.gravatar.com\\\/avatar\\\/d4fe7459cfc51ff5129ce1a732bbef5928568b8092d412ef95611616376bbeed?s=96&d=mm&r=g\",\"url\":\"https:\\\/\\\/secure.gravatar.com\\\/avatar\\\/d4fe7459cfc51ff5129ce1a732bbef5928568b8092d412ef95611616376bbeed?s=96&d=mm&r=g\",\"contentUrl\":\"https:\\\/\\\/secure.gravatar.com\\\/avatar\\\/d4fe7459cfc51ff5129ce1a732bbef5928568b8092d412ef95611616376bbeed?s=96&d=mm&r=g\",\"caption\":\"f1000024\"},\"url\":\"https:\\\/\\\/cvinoticias.com\\\/v3\\\/author\\\/f1000024\\\/\"}]}<\/script>\n<!-- \/ Yoast SEO plugin. -->","yoast_head_json":{"title":"Por decreto Herrera Ahuad desplaz\u00f3 a los miembros de la Junta de Clasificaci\u00f3n docente | CVI NOTICIAS","robots":{"index":"index","follow":"follow","max-snippet":"max-snippet:-1","max-image-preview":"max-image-preview:large","max-video-preview":"max-video-preview:-1"},"canonical":"https:\/\/cvinoticias.com\/v3\/por-decreto-herrera-ahuad-desplazo-a-los-miembros-de-la-junta-de-clasificacion-docente\/","og_locale":"es_ES","og_type":"article","og_title":"Por decreto Herrera Ahuad desplaz\u00f3 a los miembros de la Junta de Clasificaci\u00f3n docente | CVI NOTICIAS","og_description":"El esc\u00e1ndalo creci\u00f3 cuando maestros de Andresito iniciaron una huelga denunciando venta de t\u00edtulos para subir en el escalaf\u00f3n docente.\u00a0 Desde las primeras horas del lunes un grupo de docentes del Bachillerato Orientado Provincial (BOP) 124 de Comandante Andresito iniciaron una huelga de hambre. Los educadores denuncian que existe venta de t\u00edtulos, cursos y diplomaturas [&hellip;]","og_url":"https:\/\/cvinoticias.com\/v3\/por-decreto-herrera-ahuad-desplazo-a-los-miembros-de-la-junta-de-clasificacion-docente\/","og_site_name":"CVI NOTICIAS","article_publisher":"https:\/\/www.facebook.com\/cvinoticias","article_published_time":"2022-07-06T11:57:29+00:00","og_image":[{"width":884,"height":422,"url":"https:\/\/cvinoticias.com\/wp-content\/uploads\/2022\/07\/WhatsApp-Image-2020-07-29-at-11.08.32.jpeg","type":"image\/jpeg"}],"author":"f1000024","twitter_card":"summary_large_image","twitter_misc":{"Escrito por":"f1000024","Tiempo de lectura":"3 minutos"},"schema":{"@context":"https:\/\/schema.org","@graph":[{"@type":"Article","@id":"https:\/\/cvinoticias.com\/v3\/por-decreto-herrera-ahuad-desplazo-a-los-miembros-de-la-junta-de-clasificacion-docente\/#article","isPartOf":{"@id":"https:\/\/cvinoticias.com\/v3\/por-decreto-herrera-ahuad-desplazo-a-los-miembros-de-la-junta-de-clasificacion-docente\/"},"author":{"name":"f1000024","@id":"https:\/\/cvinoticias.com\/v3\/#\/schema\/person\/2db77e3c6bc03c538495d7b2b8be9b66"},"headline":"Por decreto Herrera Ahuad desplaz\u00f3 a los miembros de la Junta de Clasificaci\u00f3n docente","datePublished":"2022-07-06T11:57:29+00:00","mainEntityOfPage":{"@id":"https:\/\/cvinoticias.com\/v3\/por-decreto-herrera-ahuad-desplazo-a-los-miembros-de-la-junta-de-clasificacion-docente\/"},"wordCount":546,"commentCount":0,"publisher":{"@id":"https:\/\/cvinoticias.com\/v3\/#organization"},"image":{"@id":"https:\/\/cvinoticias.com\/v3\/por-decreto-herrera-ahuad-desplazo-a-los-miembros-de-la-junta-de-clasificacion-docente\/#primaryimage"},"thumbnailUrl":"https:\/\/cvinoticias.com\/wp-content\/uploads\/2022\/07\/WhatsApp-Image-2020-07-29-at-11.08.32.jpeg","articleSection":["Educacion"],"inLanguage":"es","potentialAction":[{"@type":"CommentAction","name":"Comment","target":["https:\/\/cvinoticias.com\/v3\/por-decreto-herrera-ahuad-desplazo-a-los-miembros-de-la-junta-de-clasificacion-docente\/#respond"]}]},{"@type":"WebPage","@id":"https:\/\/cvinoticias.com\/v3\/por-decreto-herrera-ahuad-desplazo-a-los-miembros-de-la-junta-de-clasificacion-docente\/","url":"https:\/\/cvinoticias.com\/v3\/por-decreto-herrera-ahuad-desplazo-a-los-miembros-de-la-junta-de-clasificacion-docente\/","name":"Por decreto Herrera Ahuad desplaz\u00f3 a los miembros de la Junta de Clasificaci\u00f3n docente | CVI NOTICIAS","isPartOf":{"@id":"https:\/\/cvinoticias.com\/v3\/#website"},"primaryImageOfPage":{"@id":"https:\/\/cvinoticias.com\/v3\/por-decreto-herrera-ahuad-desplazo-a-los-miembros-de-la-junta-de-clasificacion-docente\/#primaryimage"},"image":{"@id":"https:\/\/cvinoticias.com\/v3\/por-decreto-herrera-ahuad-desplazo-a-los-miembros-de-la-junta-de-clasificacion-docente\/#primaryimage"},"thumbnailUrl":"https:\/\/cvinoticias.com\/wp-content\/uploads\/2022\/07\/WhatsApp-Image-2020-07-29-at-11.08.32.jpeg","datePublished":"2022-07-06T11:57:29+00:00","breadcrumb":{"@id":"https:\/\/cvinoticias.com\/v3\/por-decreto-herrera-ahuad-desplazo-a-los-miembros-de-la-junta-de-clasificacion-docente\/#breadcrumb"},"inLanguage":"es","potentialAction":[{"@type":"ReadAction","target":["https:\/\/cvinoticias.com\/v3\/por-decreto-herrera-ahuad-desplazo-a-los-miembros-de-la-junta-de-clasificacion-docente\/"]}]},{"@type":"ImageObject","inLanguage":"es","@id":"https:\/\/cvinoticias.com\/v3\/por-decreto-herrera-ahuad-desplazo-a-los-miembros-de-la-junta-de-clasificacion-docente\/#primaryimage","url":"https:\/\/cvinoticias.com\/wp-content\/uploads\/2022\/07\/WhatsApp-Image-2020-07-29-at-11.08.32.jpeg","contentUrl":"https:\/\/cvinoticias.com\/wp-content\/uploads\/2022\/07\/WhatsApp-Image-2020-07-29-at-11.08.32.jpeg","width":884,"height":422},{"@type":"BreadcrumbList","@id":"https:\/\/cvinoticias.com\/v3\/por-decreto-herrera-ahuad-desplazo-a-los-miembros-de-la-junta-de-clasificacion-docente\/#breadcrumb","itemListElement":[{"@type":"ListItem","position":1,"name":"Portada","item":"https:\/\/cvinoticias.com\/v3\/"},{"@type":"ListItem","position":2,"name":"Por decreto Herrera Ahuad desplaz\u00f3 a los miembros de la Junta de Clasificaci\u00f3n docente"}]},{"@type":"WebSite","@id":"https:\/\/cvinoticias.com\/v3\/#website","url":"https:\/\/cvinoticias.com\/v3\/","name":"CVI NOTICIAS","description":"","publisher":{"@id":"https:\/\/cvinoticias.com\/v3\/#organization"},"alternateName":"CVI","potentialAction":[{"@type":"SearchAction","target":{"@type":"EntryPoint","urlTemplate":"https:\/\/cvinoticias.com\/v3\/?s={search_term_string}"},"query-input":{"@type":"PropertyValueSpecification","valueRequired":true,"valueName":"search_term_string"}}],"inLanguage":"es"},{"@type":"Organization","@id":"https:\/\/cvinoticias.com\/v3\/#organization","name":"CVI NOTICIAS","url":"https:\/\/cvinoticias.com\/v3\/","logo":{"@type":"ImageObject","inLanguage":"es","@id":"https:\/\/cvinoticias.com\/v3\/#\/schema\/logo\/image\/","url":"https:\/\/cvinoticias.com\/wp-content\/uploads\/2023\/04\/cropped-cropped-cropped-cropped-cropped-3-1.png","contentUrl":"https:\/\/cvinoticias.com\/wp-content\/uploads\/2023\/04\/cropped-cropped-cropped-cropped-cropped-3-1.png","width":95,"height":122,"caption":"CVI NOTICIAS"},"image":{"@id":"https:\/\/cvinoticias.com\/v3\/#\/schema\/logo\/image\/"},"sameAs":["https:\/\/www.facebook.com\/cvinoticias","https:\/\/www.instagram.com\/cvinoticias\/","https:\/\/www.youtube.com\/@CVINOTICIAS"]},{"@type":"Person","@id":"https:\/\/cvinoticias.com\/v3\/#\/schema\/person\/2db77e3c6bc03c538495d7b2b8be9b66","name":"f1000024","image":{"@type":"ImageObject","inLanguage":"es","@id":"https:\/\/secure.gravatar.com\/avatar\/d4fe7459cfc51ff5129ce1a732bbef5928568b8092d412ef95611616376bbeed?s=96&d=mm&r=g","url":"https:\/\/secure.gravatar.com\/avatar\/d4fe7459cfc51ff5129ce1a732bbef5928568b8092d412ef95611616376bbeed?s=96&d=mm&r=g","contentUrl":"https:\/\/secure.gravatar.com\/avatar\/d4fe7459cfc51ff5129ce1a732bbef5928568b8092d412ef95611616376bbeed?s=96&d=mm&r=g","caption":"f1000024"},"url":"https:\/\/cvinoticias.com\/v3\/author\/f1000024\/"}]}},"_links":{"self":[{"href":"https:\/\/cvinoticias.com\/v3\/wp-json\/wp\/v2\/posts\/17343","targetHints":{"allow":["GET"]}}],"collection":[{"href":"https:\/\/cvinoticias.com\/v3\/wp-json\/wp\/v2\/posts"}],"about":[{"href":"https:\/\/cvinoticias.com\/v3\/wp-json\/wp\/v2\/types\/post"}],"author":[{"embeddable":true,"href":"https:\/\/cvinoticias.com\/v3\/wp-json\/wp\/v2\/users\/2"}],"replies":[{"embeddable":true,"href":"https:\/\/cvinoticias.com\/v3\/wp-json\/wp\/v2\/comments?post=17343"}],"version-history":[{"count":1,"href":"https:\/\/cvinoticias.com\/v3\/wp-json\/wp\/v2\/posts\/17343\/revisions"}],"predecessor-version":[{"id":17345,"href":"https:\/\/cvinoticias.com\/v3\/wp-json\/wp\/v2\/posts\/17343\/revisions\/17345"}],"wp:featuredmedia":[{"embeddable":true,"href":"https:\/\/cvinoticias.com\/v3\/wp-json\/wp\/v2\/media\/17344"}],"wp:attachment":[{"href":"https:\/\/cvinoticias.com\/v3\/wp-json\/wp\/v2\/media?parent=17343"}],"wp:term":[{"taxonomy":"category","embeddable":true,"href":"https:\/\/cvinoticias.com\/v3\/wp-json\/wp\/v2\/categories?post=17343"},{"taxonomy":"post_tag","embeddable":true,"href":"https:\/\/cvinoticias.com\/v3\/wp-json\/wp\/v2\/tags?post=17343"}],"curies":[{"name":"wp","href":"https:\/\/api.w.org\/{rel}","templated":true}]}}