{"id":17340,"date":"2022-07-06T11:45:54","date_gmt":"2022-07-06T11:45:54","guid":{"rendered":"https:\/\/cvinoticias.com\/v3\/?p=17340"},"modified":"2022-07-06T11:45:54","modified_gmt":"2022-07-06T11:45:54","slug":"se-avecina-una-doble-lluvia-de-estrellas-y-podra-verse-desde-la-argentina","status":"publish","type":"post","link":"https:\/\/cvinoticias.com\/v3\/se-avecina-una-doble-lluvia-de-estrellas-y-podra-verse-desde-la-argentina\/","title":{"rendered":"Se avecina una doble lluvia de estrellas y podr\u00e1 verse desde la Argentina"},"content":{"rendered":"\n<p><strong><em>Se trata de un fen\u00f3meno que implica el ingreso de polvo de cometas a la atm\u00f3sfera y tendr\u00e1 lugar durante los \u00faltimos 15 d\u00edas de julio.<\/em><\/strong><\/p>\n\n\n\n<p>Un nuevo espect\u00e1culo astron\u00f3mico tendr\u00e1 lugar en los pr\u00f3ximos d\u00edas y, por la ubicaci\u00f3n en que ocurrir\u00e1, Argentina ser\u00e1 uno de los sitios privilegiados en el mundo para poder visualizarlo. Se trata de una doble lluvia de estrellas que tendr\u00e1 sitio a finales de julio y genera buena expectativa en los aficionados y cient\u00edficos de la regi\u00f3n.<\/p>\n\n\n\n<p>Seg\u00fan se detall\u00f3, se le llama lluvia de estrellas al fen\u00f3meno que implica que las part\u00edculas de polvo procedentes de alg\u00fan cometa entran en la atm\u00f3sfera de la Tierra a gran velocidad, debido a la fricci\u00f3n se desintegran y producen el rastro luminoso que se conoce como estrella fugaz.<\/p>\n\n\n\n<p>Entonces, como este mes el planeta atraviesa dos nubes de escombros dejadas por los cometas 96P\/Machholz y 169P\/NEAT, ocasiona dos lluvias de meteoros. La primera de ellas fue denominada como Delta Acu\u00e1ridas, y la segunda como Alfa Capric\u00f3rnidas. El origen de ambos nombres se debe a la constelaci\u00f3n en donde parecen originarse estas estrellas fugaces.<\/p>\n\n\n\n<p>La astrof\u00edsica e investigadora del Conicet Beatriz Garc\u00eda explic\u00f3 a National Geographic que estos restos c\u00f3smicos fueron expulsados del Sistema Solar por su interacci\u00f3n gravitacional con planetas gigantes.<\/p>\n\n\n\n<p>\u201cCuando esos desechos c\u00f3smicos atraviesan la atm\u00f3sfera terrestre a grandes velocidades, se encienden como f\u00f3sforos, generando un destello particular que puede observarse desde la Tierra\u201d, manifest\u00f3 la experta.<\/p>\n\n\n\n<p>Por eso, para llevar tranquilidad a los aficionados, se explic\u00f3 que las Delta Acu\u00e1ridas podr\u00e1n verse desde el 12 de julio hasta el 23 de agosto, mientras que las Alfa Capric\u00f3rnidas ser\u00e1n visibles hasta el 15 del mes pr\u00f3ximo.<\/p>\n\n\n\n<p>Para tener en cuenta un dato clave: el pico de actividad de la primera lluvia ocurrir\u00e1 los d\u00edas 29 y 30, y de la segunda, el 30 y 31. Por lo tanto, para disfrutar lo mejor de ambas, se recomienda observar entre el 29 y el 31 de julio.<\/p>\n\n\n\n<p>Seg\u00fan las recomendaciones de Garc\u00eda, el mejor momento para contemplar dicho fen\u00f3meno ser\u00e1 a partir de las 22, apuntando la mirada hacia el este y optando por una zona despejada de nubes, \u00e1rboles y edificios.<\/p>\n\n\n\n<p>El fen\u00f3meno podr\u00e1 observarse desde el hemisferio sur sin dificultades, a menos que haya un cielo nublado. Para poder disfrutar de estas lluvias no se necesitar\u00e1 de ning\u00fan instrumento \u00f3ptico, ya que se podr\u00e1n ver a simple vista.<\/p>\n","protected":false},"excerpt":{"rendered":"<p>Se trata de un fen\u00f3meno que implica el ingreso de polvo de cometas a la atm\u00f3sfera y tendr\u00e1 lugar durante los \u00faltimos 15 d\u00edas de julio. Un nuevo espect\u00e1culo astron\u00f3mico tendr\u00e1 lugar en los pr\u00f3ximos d\u00edas y, por la ubicaci\u00f3n en que ocurrir\u00e1, Argentina ser\u00e1 uno de los sitios privilegiados en el mundo para poder [&hellip;]<\/p>\n","protected":false},"author":2,"featured_media":17341,"comment_status":"open","ping_status":"open","sticky":false,"template":"","format":"standard","meta":{"footnotes":""},"categories":[35],"tags":[],"class_list":["post-17340","post","type-post","status-publish","format-standard","has-post-thumbnail","hentry","category-informacion-general"],"yoast_head":"<!-- This site is optimized with the Yoast SEO plugin v27.5 - https:\/\/yoast.com\/product\/yoast-seo-wordpress\/ -->\n<title>Se avecina una doble lluvia de estrellas y podr\u00e1 verse desde la Argentina | CVI NOTICIAS<\/title>\n<meta name=\"robots\" content=\"index, follow, max-snippet:-1, max-image-preview:large, max-video-preview:-1\" \/>\n<link rel=\"canonical\" href=\"https:\/\/cvinoticias.com\/v3\/se-avecina-una-doble-lluvia-de-estrellas-y-podra-verse-desde-la-argentina\/\" \/>\n<meta property=\"og:locale\" content=\"es_ES\" \/>\n<meta property=\"og:type\" content=\"article\" \/>\n<meta property=\"og:title\" content=\"Se avecina una doble lluvia de estrellas y podr\u00e1 verse desde la Argentina | CVI NOTICIAS\" \/>\n<meta property=\"og:description\" content=\"Se trata de un fen\u00f3meno que implica el ingreso de polvo de cometas a la atm\u00f3sfera y tendr\u00e1 lugar durante los \u00faltimos 15 d\u00edas de julio. Un nuevo espect\u00e1culo astron\u00f3mico tendr\u00e1 lugar en los pr\u00f3ximos d\u00edas y, por la ubicaci\u00f3n en que ocurrir\u00e1, Argentina ser\u00e1 uno de los sitios privilegiados en el mundo para poder [&hellip;]\" \/>\n<meta property=\"og:url\" content=\"https:\/\/cvinoticias.com\/v3\/se-avecina-una-doble-lluvia-de-estrellas-y-podra-verse-desde-la-argentina\/\" \/>\n<meta property=\"og:site_name\" content=\"CVI NOTICIAS\" \/>\n<meta property=\"article:publisher\" content=\"https:\/\/www.facebook.com\/cvinoticias\" \/>\n<meta property=\"article:published_time\" content=\"2022-07-06T11:45:54+00:00\" \/>\n<meta property=\"og:image\" content=\"https:\/\/cvinoticias.com\/wp-content\/uploads\/2022\/07\/0000489887.jpg\" \/>\n\t<meta property=\"og:image:width\" content=\"1500\" \/>\n\t<meta property=\"og:image:height\" content=\"870\" \/>\n\t<meta property=\"og:image:type\" content=\"image\/jpeg\" \/>\n<meta name=\"author\" content=\"f1000024\" \/>\n<meta name=\"twitter:card\" content=\"summary_large_image\" \/>\n<meta name=\"twitter:label1\" content=\"Escrito por\" \/>\n\t<meta name=\"twitter:data1\" content=\"f1000024\" \/>\n\t<meta name=\"twitter:label2\" content=\"Tiempo de lectura\" \/>\n\t<meta name=\"twitter:data2\" content=\"2 minutos\" \/>\n<script type=\"application\/ld+json\" class=\"yoast-schema-graph\">{\"@context\":\"https:\\\/\\\/schema.org\",\"@graph\":[{\"@type\":\"Article\",\"@id\":\"https:\\\/\\\/cvinoticias.com\\\/v3\\\/se-avecina-una-doble-lluvia-de-estrellas-y-podra-verse-desde-la-argentina\\\/#article\",\"isPartOf\":{\"@id\":\"https:\\\/\\\/cvinoticias.com\\\/v3\\\/se-avecina-una-doble-lluvia-de-estrellas-y-podra-verse-desde-la-argentina\\\/\"},\"author\":{\"name\":\"f1000024\",\"@id\":\"https:\\\/\\\/cvinoticias.com\\\/v3\\\/#\\\/schema\\\/person\\\/2db77e3c6bc03c538495d7b2b8be9b66\"},\"headline\":\"Se avecina una doble lluvia de estrellas y podr\u00e1 verse desde la Argentina\",\"datePublished\":\"2022-07-06T11:45:54+00:00\",\"mainEntityOfPage\":{\"@id\":\"https:\\\/\\\/cvinoticias.com\\\/v3\\\/se-avecina-una-doble-lluvia-de-estrellas-y-podra-verse-desde-la-argentina\\\/\"},\"wordCount\":446,\"commentCount\":0,\"publisher\":{\"@id\":\"https:\\\/\\\/cvinoticias.com\\\/v3\\\/#organization\"},\"image\":{\"@id\":\"https:\\\/\\\/cvinoticias.com\\\/v3\\\/se-avecina-una-doble-lluvia-de-estrellas-y-podra-verse-desde-la-argentina\\\/#primaryimage\"},\"thumbnailUrl\":\"https:\\\/\\\/cvinoticias.com\\\/wp-content\\\/uploads\\\/2022\\\/07\\\/0000489887.jpg\",\"articleSection\":[\"Informaci\u00f3n General\"],\"inLanguage\":\"es\",\"potentialAction\":[{\"@type\":\"CommentAction\",\"name\":\"Comment\",\"target\":[\"https:\\\/\\\/cvinoticias.com\\\/v3\\\/se-avecina-una-doble-lluvia-de-estrellas-y-podra-verse-desde-la-argentina\\\/#respond\"]}]},{\"@type\":\"WebPage\",\"@id\":\"https:\\\/\\\/cvinoticias.com\\\/v3\\\/se-avecina-una-doble-lluvia-de-estrellas-y-podra-verse-desde-la-argentina\\\/\",\"url\":\"https:\\\/\\\/cvinoticias.com\\\/v3\\\/se-avecina-una-doble-lluvia-de-estrellas-y-podra-verse-desde-la-argentina\\\/\",\"name\":\"Se avecina una doble lluvia de estrellas y podr\u00e1 verse desde la Argentina | CVI NOTICIAS\",\"isPartOf\":{\"@id\":\"https:\\\/\\\/cvinoticias.com\\\/v3\\\/#website\"},\"primaryImageOfPage\":{\"@id\":\"https:\\\/\\\/cvinoticias.com\\\/v3\\\/se-avecina-una-doble-lluvia-de-estrellas-y-podra-verse-desde-la-argentina\\\/#primaryimage\"},\"image\":{\"@id\":\"https:\\\/\\\/cvinoticias.com\\\/v3\\\/se-avecina-una-doble-lluvia-de-estrellas-y-podra-verse-desde-la-argentina\\\/#primaryimage\"},\"thumbnailUrl\":\"https:\\\/\\\/cvinoticias.com\\\/wp-content\\\/uploads\\\/2022\\\/07\\\/0000489887.jpg\",\"datePublished\":\"2022-07-06T11:45:54+00:00\",\"breadcrumb\":{\"@id\":\"https:\\\/\\\/cvinoticias.com\\\/v3\\\/se-avecina-una-doble-lluvia-de-estrellas-y-podra-verse-desde-la-argentina\\\/#breadcrumb\"},\"inLanguage\":\"es\",\"potentialAction\":[{\"@type\":\"ReadAction\",\"target\":[\"https:\\\/\\\/cvinoticias.com\\\/v3\\\/se-avecina-una-doble-lluvia-de-estrellas-y-podra-verse-desde-la-argentina\\\/\"]}]},{\"@type\":\"ImageObject\",\"inLanguage\":\"es\",\"@id\":\"https:\\\/\\\/cvinoticias.com\\\/v3\\\/se-avecina-una-doble-lluvia-de-estrellas-y-podra-verse-desde-la-argentina\\\/#primaryimage\",\"url\":\"https:\\\/\\\/cvinoticias.com\\\/wp-content\\\/uploads\\\/2022\\\/07\\\/0000489887.jpg\",\"contentUrl\":\"https:\\\/\\\/cvinoticias.com\\\/wp-content\\\/uploads\\\/2022\\\/07\\\/0000489887.jpg\",\"width\":1500,\"height\":870},{\"@type\":\"BreadcrumbList\",\"@id\":\"https:\\\/\\\/cvinoticias.com\\\/v3\\\/se-avecina-una-doble-lluvia-de-estrellas-y-podra-verse-desde-la-argentina\\\/#breadcrumb\",\"itemListElement\":[{\"@type\":\"ListItem\",\"position\":1,\"name\":\"Portada\",\"item\":\"https:\\\/\\\/cvinoticias.com\\\/v3\\\/\"},{\"@type\":\"ListItem\",\"position\":2,\"name\":\"Se avecina una doble lluvia de estrellas y podr\u00e1 verse desde la Argentina\"}]},{\"@type\":\"WebSite\",\"@id\":\"https:\\\/\\\/cvinoticias.com\\\/v3\\\/#website\",\"url\":\"https:\\\/\\\/cvinoticias.com\\\/v3\\\/\",\"name\":\"CVI NOTICIAS\",\"description\":\"\",\"publisher\":{\"@id\":\"https:\\\/\\\/cvinoticias.com\\\/v3\\\/#organization\"},\"alternateName\":\"CVI\",\"potentialAction\":[{\"@type\":\"SearchAction\",\"target\":{\"@type\":\"EntryPoint\",\"urlTemplate\":\"https:\\\/\\\/cvinoticias.com\\\/v3\\\/?s={search_term_string}\"},\"query-input\":{\"@type\":\"PropertyValueSpecification\",\"valueRequired\":true,\"valueName\":\"search_term_string\"}}],\"inLanguage\":\"es\"},{\"@type\":\"Organization\",\"@id\":\"https:\\\/\\\/cvinoticias.com\\\/v3\\\/#organization\",\"name\":\"CVI NOTICIAS\",\"url\":\"https:\\\/\\\/cvinoticias.com\\\/v3\\\/\",\"logo\":{\"@type\":\"ImageObject\",\"inLanguage\":\"es\",\"@id\":\"https:\\\/\\\/cvinoticias.com\\\/v3\\\/#\\\/schema\\\/logo\\\/image\\\/\",\"url\":\"https:\\\/\\\/cvinoticias.com\\\/wp-content\\\/uploads\\\/2023\\\/04\\\/cropped-cropped-cropped-cropped-cropped-3-1.png\",\"contentUrl\":\"https:\\\/\\\/cvinoticias.com\\\/wp-content\\\/uploads\\\/2023\\\/04\\\/cropped-cropped-cropped-cropped-cropped-3-1.png\",\"width\":95,\"height\":122,\"caption\":\"CVI NOTICIAS\"},\"image\":{\"@id\":\"https:\\\/\\\/cvinoticias.com\\\/v3\\\/#\\\/schema\\\/logo\\\/image\\\/\"},\"sameAs\":[\"https:\\\/\\\/www.facebook.com\\\/cvinoticias\",\"https:\\\/\\\/www.instagram.com\\\/cvinoticias\\\/\",\"https:\\\/\\\/www.youtube.com\\\/@CVINOTICIAS\"]},{\"@type\":\"Person\",\"@id\":\"https:\\\/\\\/cvinoticias.com\\\/v3\\\/#\\\/schema\\\/person\\\/2db77e3c6bc03c538495d7b2b8be9b66\",\"name\":\"f1000024\",\"image\":{\"@type\":\"ImageObject\",\"inLanguage\":\"es\",\"@id\":\"https:\\\/\\\/secure.gravatar.com\\\/avatar\\\/d4fe7459cfc51ff5129ce1a732bbef5928568b8092d412ef95611616376bbeed?s=96&d=mm&r=g\",\"url\":\"https:\\\/\\\/secure.gravatar.com\\\/avatar\\\/d4fe7459cfc51ff5129ce1a732bbef5928568b8092d412ef95611616376bbeed?s=96&d=mm&r=g\",\"contentUrl\":\"https:\\\/\\\/secure.gravatar.com\\\/avatar\\\/d4fe7459cfc51ff5129ce1a732bbef5928568b8092d412ef95611616376bbeed?s=96&d=mm&r=g\",\"caption\":\"f1000024\"},\"url\":\"https:\\\/\\\/cvinoticias.com\\\/v3\\\/author\\\/f1000024\\\/\"}]}<\/script>\n<!-- \/ Yoast SEO plugin. -->","yoast_head_json":{"title":"Se avecina una doble lluvia de estrellas y podr\u00e1 verse desde la Argentina | CVI NOTICIAS","robots":{"index":"index","follow":"follow","max-snippet":"max-snippet:-1","max-image-preview":"max-image-preview:large","max-video-preview":"max-video-preview:-1"},"canonical":"https:\/\/cvinoticias.com\/v3\/se-avecina-una-doble-lluvia-de-estrellas-y-podra-verse-desde-la-argentina\/","og_locale":"es_ES","og_type":"article","og_title":"Se avecina una doble lluvia de estrellas y podr\u00e1 verse desde la Argentina | CVI NOTICIAS","og_description":"Se trata de un fen\u00f3meno que implica el ingreso de polvo de cometas a la atm\u00f3sfera y tendr\u00e1 lugar durante los \u00faltimos 15 d\u00edas de julio. Un nuevo espect\u00e1culo astron\u00f3mico tendr\u00e1 lugar en los pr\u00f3ximos d\u00edas y, por la ubicaci\u00f3n en que ocurrir\u00e1, Argentina ser\u00e1 uno de los sitios privilegiados en el mundo para poder [&hellip;]","og_url":"https:\/\/cvinoticias.com\/v3\/se-avecina-una-doble-lluvia-de-estrellas-y-podra-verse-desde-la-argentina\/","og_site_name":"CVI NOTICIAS","article_publisher":"https:\/\/www.facebook.com\/cvinoticias","article_published_time":"2022-07-06T11:45:54+00:00","og_image":[{"width":1500,"height":870,"url":"https:\/\/cvinoticias.com\/wp-content\/uploads\/2022\/07\/0000489887.jpg","type":"image\/jpeg"}],"author":"f1000024","twitter_card":"summary_large_image","twitter_misc":{"Escrito por":"f1000024","Tiempo de lectura":"2 minutos"},"schema":{"@context":"https:\/\/schema.org","@graph":[{"@type":"Article","@id":"https:\/\/cvinoticias.com\/v3\/se-avecina-una-doble-lluvia-de-estrellas-y-podra-verse-desde-la-argentina\/#article","isPartOf":{"@id":"https:\/\/cvinoticias.com\/v3\/se-avecina-una-doble-lluvia-de-estrellas-y-podra-verse-desde-la-argentina\/"},"author":{"name":"f1000024","@id":"https:\/\/cvinoticias.com\/v3\/#\/schema\/person\/2db77e3c6bc03c538495d7b2b8be9b66"},"headline":"Se avecina una doble lluvia de estrellas y podr\u00e1 verse desde la Argentina","datePublished":"2022-07-06T11:45:54+00:00","mainEntityOfPage":{"@id":"https:\/\/cvinoticias.com\/v3\/se-avecina-una-doble-lluvia-de-estrellas-y-podra-verse-desde-la-argentina\/"},"wordCount":446,"commentCount":0,"publisher":{"@id":"https:\/\/cvinoticias.com\/v3\/#organization"},"image":{"@id":"https:\/\/cvinoticias.com\/v3\/se-avecina-una-doble-lluvia-de-estrellas-y-podra-verse-desde-la-argentina\/#primaryimage"},"thumbnailUrl":"https:\/\/cvinoticias.com\/wp-content\/uploads\/2022\/07\/0000489887.jpg","articleSection":["Informaci\u00f3n General"],"inLanguage":"es","potentialAction":[{"@type":"CommentAction","name":"Comment","target":["https:\/\/cvinoticias.com\/v3\/se-avecina-una-doble-lluvia-de-estrellas-y-podra-verse-desde-la-argentina\/#respond"]}]},{"@type":"WebPage","@id":"https:\/\/cvinoticias.com\/v3\/se-avecina-una-doble-lluvia-de-estrellas-y-podra-verse-desde-la-argentina\/","url":"https:\/\/cvinoticias.com\/v3\/se-avecina-una-doble-lluvia-de-estrellas-y-podra-verse-desde-la-argentina\/","name":"Se avecina una doble lluvia de estrellas y podr\u00e1 verse desde la Argentina | CVI NOTICIAS","isPartOf":{"@id":"https:\/\/cvinoticias.com\/v3\/#website"},"primaryImageOfPage":{"@id":"https:\/\/cvinoticias.com\/v3\/se-avecina-una-doble-lluvia-de-estrellas-y-podra-verse-desde-la-argentina\/#primaryimage"},"image":{"@id":"https:\/\/cvinoticias.com\/v3\/se-avecina-una-doble-lluvia-de-estrellas-y-podra-verse-desde-la-argentina\/#primaryimage"},"thumbnailUrl":"https:\/\/cvinoticias.com\/wp-content\/uploads\/2022\/07\/0000489887.jpg","datePublished":"2022-07-06T11:45:54+00:00","breadcrumb":{"@id":"https:\/\/cvinoticias.com\/v3\/se-avecina-una-doble-lluvia-de-estrellas-y-podra-verse-desde-la-argentina\/#breadcrumb"},"inLanguage":"es","potentialAction":[{"@type":"ReadAction","target":["https:\/\/cvinoticias.com\/v3\/se-avecina-una-doble-lluvia-de-estrellas-y-podra-verse-desde-la-argentina\/"]}]},{"@type":"ImageObject","inLanguage":"es","@id":"https:\/\/cvinoticias.com\/v3\/se-avecina-una-doble-lluvia-de-estrellas-y-podra-verse-desde-la-argentina\/#primaryimage","url":"https:\/\/cvinoticias.com\/wp-content\/uploads\/2022\/07\/0000489887.jpg","contentUrl":"https:\/\/cvinoticias.com\/wp-content\/uploads\/2022\/07\/0000489887.jpg","width":1500,"height":870},{"@type":"BreadcrumbList","@id":"https:\/\/cvinoticias.com\/v3\/se-avecina-una-doble-lluvia-de-estrellas-y-podra-verse-desde-la-argentina\/#breadcrumb","itemListElement":[{"@type":"ListItem","position":1,"name":"Portada","item":"https:\/\/cvinoticias.com\/v3\/"},{"@type":"ListItem","position":2,"name":"Se avecina una doble lluvia de estrellas y podr\u00e1 verse desde la Argentina"}]},{"@type":"WebSite","@id":"https:\/\/cvinoticias.com\/v3\/#website","url":"https:\/\/cvinoticias.com\/v3\/","name":"CVI NOTICIAS","description":"","publisher":{"@id":"https:\/\/cvinoticias.com\/v3\/#organization"},"alternateName":"CVI","potentialAction":[{"@type":"SearchAction","target":{"@type":"EntryPoint","urlTemplate":"https:\/\/cvinoticias.com\/v3\/?s={search_term_string}"},"query-input":{"@type":"PropertyValueSpecification","valueRequired":true,"valueName":"search_term_string"}}],"inLanguage":"es"},{"@type":"Organization","@id":"https:\/\/cvinoticias.com\/v3\/#organization","name":"CVI NOTICIAS","url":"https:\/\/cvinoticias.com\/v3\/","logo":{"@type":"ImageObject","inLanguage":"es","@id":"https:\/\/cvinoticias.com\/v3\/#\/schema\/logo\/image\/","url":"https:\/\/cvinoticias.com\/wp-content\/uploads\/2023\/04\/cropped-cropped-cropped-cropped-cropped-3-1.png","contentUrl":"https:\/\/cvinoticias.com\/wp-content\/uploads\/2023\/04\/cropped-cropped-cropped-cropped-cropped-3-1.png","width":95,"height":122,"caption":"CVI NOTICIAS"},"image":{"@id":"https:\/\/cvinoticias.com\/v3\/#\/schema\/logo\/image\/"},"sameAs":["https:\/\/www.facebook.com\/cvinoticias","https:\/\/www.instagram.com\/cvinoticias\/","https:\/\/www.youtube.com\/@CVINOTICIAS"]},{"@type":"Person","@id":"https:\/\/cvinoticias.com\/v3\/#\/schema\/person\/2db77e3c6bc03c538495d7b2b8be9b66","name":"f1000024","image":{"@type":"ImageObject","inLanguage":"es","@id":"https:\/\/secure.gravatar.com\/avatar\/d4fe7459cfc51ff5129ce1a732bbef5928568b8092d412ef95611616376bbeed?s=96&d=mm&r=g","url":"https:\/\/secure.gravatar.com\/avatar\/d4fe7459cfc51ff5129ce1a732bbef5928568b8092d412ef95611616376bbeed?s=96&d=mm&r=g","contentUrl":"https:\/\/secure.gravatar.com\/avatar\/d4fe7459cfc51ff5129ce1a732bbef5928568b8092d412ef95611616376bbeed?s=96&d=mm&r=g","caption":"f1000024"},"url":"https:\/\/cvinoticias.com\/v3\/author\/f1000024\/"}]}},"_links":{"self":[{"href":"https:\/\/cvinoticias.com\/v3\/wp-json\/wp\/v2\/posts\/17340","targetHints":{"allow":["GET"]}}],"collection":[{"href":"https:\/\/cvinoticias.com\/v3\/wp-json\/wp\/v2\/posts"}],"about":[{"href":"https:\/\/cvinoticias.com\/v3\/wp-json\/wp\/v2\/types\/post"}],"author":[{"embeddable":true,"href":"https:\/\/cvinoticias.com\/v3\/wp-json\/wp\/v2\/users\/2"}],"replies":[{"embeddable":true,"href":"https:\/\/cvinoticias.com\/v3\/wp-json\/wp\/v2\/comments?post=17340"}],"version-history":[{"count":1,"href":"https:\/\/cvinoticias.com\/v3\/wp-json\/wp\/v2\/posts\/17340\/revisions"}],"predecessor-version":[{"id":17342,"href":"https:\/\/cvinoticias.com\/v3\/wp-json\/wp\/v2\/posts\/17340\/revisions\/17342"}],"wp:featuredmedia":[{"embeddable":true,"href":"https:\/\/cvinoticias.com\/v3\/wp-json\/wp\/v2\/media\/17341"}],"wp:attachment":[{"href":"https:\/\/cvinoticias.com\/v3\/wp-json\/wp\/v2\/media?parent=17340"}],"wp:term":[{"taxonomy":"category","embeddable":true,"href":"https:\/\/cvinoticias.com\/v3\/wp-json\/wp\/v2\/categories?post=17340"},{"taxonomy":"post_tag","embeddable":true,"href":"https:\/\/cvinoticias.com\/v3\/wp-json\/wp\/v2\/tags?post=17340"}],"curies":[{"name":"wp","href":"https:\/\/api.w.org\/{rel}","templated":true}]}}