{"id":17334,"date":"2022-07-06T11:30:12","date_gmt":"2022-07-06T11:30:12","guid":{"rendered":"https:\/\/cvinoticias.com\/v3\/?p=17334"},"modified":"2022-07-06T11:30:12","modified_gmt":"2022-07-06T11:30:12","slug":"el-gobierno-nacional-promulgo-la-ley-que-establece-la-capacitacion-obligatoria-en-la-cuestion-malvinas","status":"publish","type":"post","link":"https:\/\/cvinoticias.com\/v3\/el-gobierno-nacional-promulgo-la-ley-que-establece-la-capacitacion-obligatoria-en-la-cuestion-malvinas\/","title":{"rendered":"El Gobierno nacional promulg\u00f3 la ley que establece la capacitaci\u00f3n obligatoria en la cuesti\u00f3n Malvinas"},"content":{"rendered":"\n<p><strong><em>La norma establece la capacitaci\u00f3n obligatoria, peri\u00f3dica y permanente en la \u201cCuesti\u00f3n de las Islas Malvinas\u201d para todas las personas que se desempe\u00f1en en la funci\u00f3n p\u00fablica.<\/em><\/strong><\/p>\n\n\n\n<p>En la publicaci\u00f3n del Bolet\u00edn Oficial de este mi\u00e9rcoles se conoci\u00f3 la promulgaci\u00f3n por parte del Ejecutivo nacional de la Ley 27.671, que establece principalmente la capacitaci\u00f3n obligatoria, peri\u00f3dica y permanente en la \u201cCuesti\u00f3n de las Islas Malvinas\u201d para todas las personas que se desempe\u00f1en en la funci\u00f3n p\u00fablica en todos sus niveles y jerarqu\u00edas en los poderes Ejecutivo, Legislativo y Judicial de la Naci\u00f3n.<\/p>\n\n\n\n<p>\u00abA los fines de la presente ley se entiende como la Cuesti\u00f3n de las Islas Malvinas a la situaci\u00f3n colonial en la que se encuentran las Islas Malvinas, Georgias del Sur y Sandwich del Sur y los espacios mar\u00edtimos correspondientes, parte integrante del territorio argentino, que desde 1833 son objeto de una disputa de soberan\u00eda entre la Argentina y el Reino Unido reconocida por la Asamblea General de las Naciones Unidas\u00bb, define la norma.<\/p>\n\n\n\n<p>El proyecto hab\u00eda sido aprobado por el Congreso el pasado 15 de junio en Diputados, por 178 votos y cuatro abstenciones de la izquierda. En tanto, el proyecto hab\u00eda sido elaborado por la senadora fueguina del Frente de Todos (FdT) Mar\u00eda Eugenia Dur\u00e9 y recibi\u00f3 el respaldo un\u00e1nime de la C\u00e1mara alta en noviembre del a\u00f1o pasado.<\/p>\n\n\n\n<p>En tanto, la ley establece un plazo m\u00e1ximo de 90 d\u00edas para implementar los lineamientos generales destinados a las capacitaciones.<\/p>\n","protected":false},"excerpt":{"rendered":"<p>La norma establece la capacitaci\u00f3n obligatoria, peri\u00f3dica y permanente en la \u201cCuesti\u00f3n de las Islas Malvinas\u201d para todas las personas que se desempe\u00f1en en la funci\u00f3n p\u00fablica. En la publicaci\u00f3n del Bolet\u00edn Oficial de este mi\u00e9rcoles se conoci\u00f3 la promulgaci\u00f3n por parte del Ejecutivo nacional de la Ley 27.671, que establece principalmente la capacitaci\u00f3n obligatoria, [&hellip;]<\/p>\n","protected":false},"author":2,"featured_media":17335,"comment_status":"open","ping_status":"open","sticky":false,"template":"","format":"standard","meta":{"footnotes":""},"categories":[35],"tags":[],"class_list":["post-17334","post","type-post","status-publish","format-standard","has-post-thumbnail","hentry","category-informacion-general"],"yoast_head":"<!-- This site is optimized with the Yoast SEO plugin v27.5 - https:\/\/yoast.com\/product\/yoast-seo-wordpress\/ -->\n<title>El Gobierno nacional promulg\u00f3 la ley que establece la capacitaci\u00f3n obligatoria en la cuesti\u00f3n Malvinas | CVI NOTICIAS<\/title>\n<meta name=\"robots\" content=\"index, follow, max-snippet:-1, max-image-preview:large, max-video-preview:-1\" \/>\n<link rel=\"canonical\" href=\"https:\/\/cvinoticias.com\/v3\/el-gobierno-nacional-promulgo-la-ley-que-establece-la-capacitacion-obligatoria-en-la-cuestion-malvinas\/\" \/>\n<meta property=\"og:locale\" content=\"es_ES\" \/>\n<meta property=\"og:type\" content=\"article\" \/>\n<meta property=\"og:title\" content=\"El Gobierno nacional promulg\u00f3 la ley que establece la capacitaci\u00f3n obligatoria en la cuesti\u00f3n Malvinas | CVI NOTICIAS\" \/>\n<meta property=\"og:description\" content=\"La norma establece la capacitaci\u00f3n obligatoria, peri\u00f3dica y permanente en la \u201cCuesti\u00f3n de las Islas Malvinas\u201d para todas las personas que se desempe\u00f1en en la funci\u00f3n p\u00fablica. En la publicaci\u00f3n del Bolet\u00edn Oficial de este mi\u00e9rcoles se conoci\u00f3 la promulgaci\u00f3n por parte del Ejecutivo nacional de la Ley 27.671, que establece principalmente la capacitaci\u00f3n obligatoria, [&hellip;]\" \/>\n<meta property=\"og:url\" content=\"https:\/\/cvinoticias.com\/v3\/el-gobierno-nacional-promulgo-la-ley-que-establece-la-capacitacion-obligatoria-en-la-cuestion-malvinas\/\" \/>\n<meta property=\"og:site_name\" content=\"CVI NOTICIAS\" \/>\n<meta property=\"article:publisher\" content=\"https:\/\/www.facebook.com\/cvinoticias\" \/>\n<meta property=\"article:published_time\" content=\"2022-07-06T11:30:12+00:00\" \/>\n<meta property=\"og:image\" content=\"https:\/\/cvinoticias.com\/wp-content\/uploads\/2022\/07\/0000102476.jpg\" \/>\n\t<meta property=\"og:image:width\" content=\"1500\" \/>\n\t<meta property=\"og:image:height\" content=\"870\" \/>\n\t<meta property=\"og:image:type\" content=\"image\/jpeg\" \/>\n<meta name=\"author\" content=\"f1000024\" \/>\n<meta name=\"twitter:card\" content=\"summary_large_image\" \/>\n<meta name=\"twitter:label1\" content=\"Escrito por\" \/>\n\t<meta name=\"twitter:data1\" content=\"f1000024\" \/>\n\t<meta name=\"twitter:label2\" content=\"Tiempo de lectura\" \/>\n\t<meta name=\"twitter:data2\" content=\"1 minuto\" \/>\n<script type=\"application\/ld+json\" class=\"yoast-schema-graph\">{\"@context\":\"https:\\\/\\\/schema.org\",\"@graph\":[{\"@type\":\"Article\",\"@id\":\"https:\\\/\\\/cvinoticias.com\\\/v3\\\/el-gobierno-nacional-promulgo-la-ley-que-establece-la-capacitacion-obligatoria-en-la-cuestion-malvinas\\\/#article\",\"isPartOf\":{\"@id\":\"https:\\\/\\\/cvinoticias.com\\\/v3\\\/el-gobierno-nacional-promulgo-la-ley-que-establece-la-capacitacion-obligatoria-en-la-cuestion-malvinas\\\/\"},\"author\":{\"name\":\"f1000024\",\"@id\":\"https:\\\/\\\/cvinoticias.com\\\/v3\\\/#\\\/schema\\\/person\\\/2db77e3c6bc03c538495d7b2b8be9b66\"},\"headline\":\"El Gobierno nacional promulg\u00f3 la ley que establece la capacitaci\u00f3n obligatoria en la cuesti\u00f3n Malvinas\",\"datePublished\":\"2022-07-06T11:30:12+00:00\",\"mainEntityOfPage\":{\"@id\":\"https:\\\/\\\/cvinoticias.com\\\/v3\\\/el-gobierno-nacional-promulgo-la-ley-que-establece-la-capacitacion-obligatoria-en-la-cuestion-malvinas\\\/\"},\"wordCount\":285,\"commentCount\":0,\"publisher\":{\"@id\":\"https:\\\/\\\/cvinoticias.com\\\/v3\\\/#organization\"},\"image\":{\"@id\":\"https:\\\/\\\/cvinoticias.com\\\/v3\\\/el-gobierno-nacional-promulgo-la-ley-que-establece-la-capacitacion-obligatoria-en-la-cuestion-malvinas\\\/#primaryimage\"},\"thumbnailUrl\":\"https:\\\/\\\/cvinoticias.com\\\/wp-content\\\/uploads\\\/2022\\\/07\\\/0000102476.jpg\",\"articleSection\":[\"Informaci\u00f3n General\"],\"inLanguage\":\"es\",\"potentialAction\":[{\"@type\":\"CommentAction\",\"name\":\"Comment\",\"target\":[\"https:\\\/\\\/cvinoticias.com\\\/v3\\\/el-gobierno-nacional-promulgo-la-ley-que-establece-la-capacitacion-obligatoria-en-la-cuestion-malvinas\\\/#respond\"]}]},{\"@type\":\"WebPage\",\"@id\":\"https:\\\/\\\/cvinoticias.com\\\/v3\\\/el-gobierno-nacional-promulgo-la-ley-que-establece-la-capacitacion-obligatoria-en-la-cuestion-malvinas\\\/\",\"url\":\"https:\\\/\\\/cvinoticias.com\\\/v3\\\/el-gobierno-nacional-promulgo-la-ley-que-establece-la-capacitacion-obligatoria-en-la-cuestion-malvinas\\\/\",\"name\":\"El Gobierno nacional promulg\u00f3 la ley que establece la capacitaci\u00f3n obligatoria en la cuesti\u00f3n Malvinas | CVI NOTICIAS\",\"isPartOf\":{\"@id\":\"https:\\\/\\\/cvinoticias.com\\\/v3\\\/#website\"},\"primaryImageOfPage\":{\"@id\":\"https:\\\/\\\/cvinoticias.com\\\/v3\\\/el-gobierno-nacional-promulgo-la-ley-que-establece-la-capacitacion-obligatoria-en-la-cuestion-malvinas\\\/#primaryimage\"},\"image\":{\"@id\":\"https:\\\/\\\/cvinoticias.com\\\/v3\\\/el-gobierno-nacional-promulgo-la-ley-que-establece-la-capacitacion-obligatoria-en-la-cuestion-malvinas\\\/#primaryimage\"},\"thumbnailUrl\":\"https:\\\/\\\/cvinoticias.com\\\/wp-content\\\/uploads\\\/2022\\\/07\\\/0000102476.jpg\",\"datePublished\":\"2022-07-06T11:30:12+00:00\",\"breadcrumb\":{\"@id\":\"https:\\\/\\\/cvinoticias.com\\\/v3\\\/el-gobierno-nacional-promulgo-la-ley-que-establece-la-capacitacion-obligatoria-en-la-cuestion-malvinas\\\/#breadcrumb\"},\"inLanguage\":\"es\",\"potentialAction\":[{\"@type\":\"ReadAction\",\"target\":[\"https:\\\/\\\/cvinoticias.com\\\/v3\\\/el-gobierno-nacional-promulgo-la-ley-que-establece-la-capacitacion-obligatoria-en-la-cuestion-malvinas\\\/\"]}]},{\"@type\":\"ImageObject\",\"inLanguage\":\"es\",\"@id\":\"https:\\\/\\\/cvinoticias.com\\\/v3\\\/el-gobierno-nacional-promulgo-la-ley-que-establece-la-capacitacion-obligatoria-en-la-cuestion-malvinas\\\/#primaryimage\",\"url\":\"https:\\\/\\\/cvinoticias.com\\\/wp-content\\\/uploads\\\/2022\\\/07\\\/0000102476.jpg\",\"contentUrl\":\"https:\\\/\\\/cvinoticias.com\\\/wp-content\\\/uploads\\\/2022\\\/07\\\/0000102476.jpg\",\"width\":1500,\"height\":870},{\"@type\":\"BreadcrumbList\",\"@id\":\"https:\\\/\\\/cvinoticias.com\\\/v3\\\/el-gobierno-nacional-promulgo-la-ley-que-establece-la-capacitacion-obligatoria-en-la-cuestion-malvinas\\\/#breadcrumb\",\"itemListElement\":[{\"@type\":\"ListItem\",\"position\":1,\"name\":\"Portada\",\"item\":\"https:\\\/\\\/cvinoticias.com\\\/v3\\\/\"},{\"@type\":\"ListItem\",\"position\":2,\"name\":\"El Gobierno nacional promulg\u00f3 la ley que establece la capacitaci\u00f3n obligatoria en la cuesti\u00f3n Malvinas\"}]},{\"@type\":\"WebSite\",\"@id\":\"https:\\\/\\\/cvinoticias.com\\\/v3\\\/#website\",\"url\":\"https:\\\/\\\/cvinoticias.com\\\/v3\\\/\",\"name\":\"CVI NOTICIAS\",\"description\":\"\",\"publisher\":{\"@id\":\"https:\\\/\\\/cvinoticias.com\\\/v3\\\/#organization\"},\"alternateName\":\"CVI\",\"potentialAction\":[{\"@type\":\"SearchAction\",\"target\":{\"@type\":\"EntryPoint\",\"urlTemplate\":\"https:\\\/\\\/cvinoticias.com\\\/v3\\\/?s={search_term_string}\"},\"query-input\":{\"@type\":\"PropertyValueSpecification\",\"valueRequired\":true,\"valueName\":\"search_term_string\"}}],\"inLanguage\":\"es\"},{\"@type\":\"Organization\",\"@id\":\"https:\\\/\\\/cvinoticias.com\\\/v3\\\/#organization\",\"name\":\"CVI NOTICIAS\",\"url\":\"https:\\\/\\\/cvinoticias.com\\\/v3\\\/\",\"logo\":{\"@type\":\"ImageObject\",\"inLanguage\":\"es\",\"@id\":\"https:\\\/\\\/cvinoticias.com\\\/v3\\\/#\\\/schema\\\/logo\\\/image\\\/\",\"url\":\"https:\\\/\\\/cvinoticias.com\\\/wp-content\\\/uploads\\\/2023\\\/04\\\/cropped-cropped-cropped-cropped-cropped-3-1.png\",\"contentUrl\":\"https:\\\/\\\/cvinoticias.com\\\/wp-content\\\/uploads\\\/2023\\\/04\\\/cropped-cropped-cropped-cropped-cropped-3-1.png\",\"width\":95,\"height\":122,\"caption\":\"CVI NOTICIAS\"},\"image\":{\"@id\":\"https:\\\/\\\/cvinoticias.com\\\/v3\\\/#\\\/schema\\\/logo\\\/image\\\/\"},\"sameAs\":[\"https:\\\/\\\/www.facebook.com\\\/cvinoticias\",\"https:\\\/\\\/www.instagram.com\\\/cvinoticias\\\/\",\"https:\\\/\\\/www.youtube.com\\\/@CVINOTICIAS\"]},{\"@type\":\"Person\",\"@id\":\"https:\\\/\\\/cvinoticias.com\\\/v3\\\/#\\\/schema\\\/person\\\/2db77e3c6bc03c538495d7b2b8be9b66\",\"name\":\"f1000024\",\"image\":{\"@type\":\"ImageObject\",\"inLanguage\":\"es\",\"@id\":\"https:\\\/\\\/secure.gravatar.com\\\/avatar\\\/d4fe7459cfc51ff5129ce1a732bbef5928568b8092d412ef95611616376bbeed?s=96&d=mm&r=g\",\"url\":\"https:\\\/\\\/secure.gravatar.com\\\/avatar\\\/d4fe7459cfc51ff5129ce1a732bbef5928568b8092d412ef95611616376bbeed?s=96&d=mm&r=g\",\"contentUrl\":\"https:\\\/\\\/secure.gravatar.com\\\/avatar\\\/d4fe7459cfc51ff5129ce1a732bbef5928568b8092d412ef95611616376bbeed?s=96&d=mm&r=g\",\"caption\":\"f1000024\"},\"url\":\"https:\\\/\\\/cvinoticias.com\\\/v3\\\/author\\\/f1000024\\\/\"}]}<\/script>\n<!-- \/ Yoast SEO plugin. -->","yoast_head_json":{"title":"El Gobierno nacional promulg\u00f3 la ley que establece la capacitaci\u00f3n obligatoria en la cuesti\u00f3n Malvinas | CVI NOTICIAS","robots":{"index":"index","follow":"follow","max-snippet":"max-snippet:-1","max-image-preview":"max-image-preview:large","max-video-preview":"max-video-preview:-1"},"canonical":"https:\/\/cvinoticias.com\/v3\/el-gobierno-nacional-promulgo-la-ley-que-establece-la-capacitacion-obligatoria-en-la-cuestion-malvinas\/","og_locale":"es_ES","og_type":"article","og_title":"El Gobierno nacional promulg\u00f3 la ley que establece la capacitaci\u00f3n obligatoria en la cuesti\u00f3n Malvinas | CVI NOTICIAS","og_description":"La norma establece la capacitaci\u00f3n obligatoria, peri\u00f3dica y permanente en la \u201cCuesti\u00f3n de las Islas Malvinas\u201d para todas las personas que se desempe\u00f1en en la funci\u00f3n p\u00fablica. En la publicaci\u00f3n del Bolet\u00edn Oficial de este mi\u00e9rcoles se conoci\u00f3 la promulgaci\u00f3n por parte del Ejecutivo nacional de la Ley 27.671, que establece principalmente la capacitaci\u00f3n obligatoria, [&hellip;]","og_url":"https:\/\/cvinoticias.com\/v3\/el-gobierno-nacional-promulgo-la-ley-que-establece-la-capacitacion-obligatoria-en-la-cuestion-malvinas\/","og_site_name":"CVI NOTICIAS","article_publisher":"https:\/\/www.facebook.com\/cvinoticias","article_published_time":"2022-07-06T11:30:12+00:00","og_image":[{"width":1500,"height":870,"url":"https:\/\/cvinoticias.com\/wp-content\/uploads\/2022\/07\/0000102476.jpg","type":"image\/jpeg"}],"author":"f1000024","twitter_card":"summary_large_image","twitter_misc":{"Escrito por":"f1000024","Tiempo de lectura":"1 minuto"},"schema":{"@context":"https:\/\/schema.org","@graph":[{"@type":"Article","@id":"https:\/\/cvinoticias.com\/v3\/el-gobierno-nacional-promulgo-la-ley-que-establece-la-capacitacion-obligatoria-en-la-cuestion-malvinas\/#article","isPartOf":{"@id":"https:\/\/cvinoticias.com\/v3\/el-gobierno-nacional-promulgo-la-ley-que-establece-la-capacitacion-obligatoria-en-la-cuestion-malvinas\/"},"author":{"name":"f1000024","@id":"https:\/\/cvinoticias.com\/v3\/#\/schema\/person\/2db77e3c6bc03c538495d7b2b8be9b66"},"headline":"El Gobierno nacional promulg\u00f3 la ley que establece la capacitaci\u00f3n obligatoria en la cuesti\u00f3n Malvinas","datePublished":"2022-07-06T11:30:12+00:00","mainEntityOfPage":{"@id":"https:\/\/cvinoticias.com\/v3\/el-gobierno-nacional-promulgo-la-ley-que-establece-la-capacitacion-obligatoria-en-la-cuestion-malvinas\/"},"wordCount":285,"commentCount":0,"publisher":{"@id":"https:\/\/cvinoticias.com\/v3\/#organization"},"image":{"@id":"https:\/\/cvinoticias.com\/v3\/el-gobierno-nacional-promulgo-la-ley-que-establece-la-capacitacion-obligatoria-en-la-cuestion-malvinas\/#primaryimage"},"thumbnailUrl":"https:\/\/cvinoticias.com\/wp-content\/uploads\/2022\/07\/0000102476.jpg","articleSection":["Informaci\u00f3n General"],"inLanguage":"es","potentialAction":[{"@type":"CommentAction","name":"Comment","target":["https:\/\/cvinoticias.com\/v3\/el-gobierno-nacional-promulgo-la-ley-que-establece-la-capacitacion-obligatoria-en-la-cuestion-malvinas\/#respond"]}]},{"@type":"WebPage","@id":"https:\/\/cvinoticias.com\/v3\/el-gobierno-nacional-promulgo-la-ley-que-establece-la-capacitacion-obligatoria-en-la-cuestion-malvinas\/","url":"https:\/\/cvinoticias.com\/v3\/el-gobierno-nacional-promulgo-la-ley-que-establece-la-capacitacion-obligatoria-en-la-cuestion-malvinas\/","name":"El Gobierno nacional promulg\u00f3 la ley que establece la capacitaci\u00f3n obligatoria en la cuesti\u00f3n Malvinas | CVI NOTICIAS","isPartOf":{"@id":"https:\/\/cvinoticias.com\/v3\/#website"},"primaryImageOfPage":{"@id":"https:\/\/cvinoticias.com\/v3\/el-gobierno-nacional-promulgo-la-ley-que-establece-la-capacitacion-obligatoria-en-la-cuestion-malvinas\/#primaryimage"},"image":{"@id":"https:\/\/cvinoticias.com\/v3\/el-gobierno-nacional-promulgo-la-ley-que-establece-la-capacitacion-obligatoria-en-la-cuestion-malvinas\/#primaryimage"},"thumbnailUrl":"https:\/\/cvinoticias.com\/wp-content\/uploads\/2022\/07\/0000102476.jpg","datePublished":"2022-07-06T11:30:12+00:00","breadcrumb":{"@id":"https:\/\/cvinoticias.com\/v3\/el-gobierno-nacional-promulgo-la-ley-que-establece-la-capacitacion-obligatoria-en-la-cuestion-malvinas\/#breadcrumb"},"inLanguage":"es","potentialAction":[{"@type":"ReadAction","target":["https:\/\/cvinoticias.com\/v3\/el-gobierno-nacional-promulgo-la-ley-que-establece-la-capacitacion-obligatoria-en-la-cuestion-malvinas\/"]}]},{"@type":"ImageObject","inLanguage":"es","@id":"https:\/\/cvinoticias.com\/v3\/el-gobierno-nacional-promulgo-la-ley-que-establece-la-capacitacion-obligatoria-en-la-cuestion-malvinas\/#primaryimage","url":"https:\/\/cvinoticias.com\/wp-content\/uploads\/2022\/07\/0000102476.jpg","contentUrl":"https:\/\/cvinoticias.com\/wp-content\/uploads\/2022\/07\/0000102476.jpg","width":1500,"height":870},{"@type":"BreadcrumbList","@id":"https:\/\/cvinoticias.com\/v3\/el-gobierno-nacional-promulgo-la-ley-que-establece-la-capacitacion-obligatoria-en-la-cuestion-malvinas\/#breadcrumb","itemListElement":[{"@type":"ListItem","position":1,"name":"Portada","item":"https:\/\/cvinoticias.com\/v3\/"},{"@type":"ListItem","position":2,"name":"El Gobierno nacional promulg\u00f3 la ley que establece la capacitaci\u00f3n obligatoria en la cuesti\u00f3n Malvinas"}]},{"@type":"WebSite","@id":"https:\/\/cvinoticias.com\/v3\/#website","url":"https:\/\/cvinoticias.com\/v3\/","name":"CVI NOTICIAS","description":"","publisher":{"@id":"https:\/\/cvinoticias.com\/v3\/#organization"},"alternateName":"CVI","potentialAction":[{"@type":"SearchAction","target":{"@type":"EntryPoint","urlTemplate":"https:\/\/cvinoticias.com\/v3\/?s={search_term_string}"},"query-input":{"@type":"PropertyValueSpecification","valueRequired":true,"valueName":"search_term_string"}}],"inLanguage":"es"},{"@type":"Organization","@id":"https:\/\/cvinoticias.com\/v3\/#organization","name":"CVI NOTICIAS","url":"https:\/\/cvinoticias.com\/v3\/","logo":{"@type":"ImageObject","inLanguage":"es","@id":"https:\/\/cvinoticias.com\/v3\/#\/schema\/logo\/image\/","url":"https:\/\/cvinoticias.com\/wp-content\/uploads\/2023\/04\/cropped-cropped-cropped-cropped-cropped-3-1.png","contentUrl":"https:\/\/cvinoticias.com\/wp-content\/uploads\/2023\/04\/cropped-cropped-cropped-cropped-cropped-3-1.png","width":95,"height":122,"caption":"CVI NOTICIAS"},"image":{"@id":"https:\/\/cvinoticias.com\/v3\/#\/schema\/logo\/image\/"},"sameAs":["https:\/\/www.facebook.com\/cvinoticias","https:\/\/www.instagram.com\/cvinoticias\/","https:\/\/www.youtube.com\/@CVINOTICIAS"]},{"@type":"Person","@id":"https:\/\/cvinoticias.com\/v3\/#\/schema\/person\/2db77e3c6bc03c538495d7b2b8be9b66","name":"f1000024","image":{"@type":"ImageObject","inLanguage":"es","@id":"https:\/\/secure.gravatar.com\/avatar\/d4fe7459cfc51ff5129ce1a732bbef5928568b8092d412ef95611616376bbeed?s=96&d=mm&r=g","url":"https:\/\/secure.gravatar.com\/avatar\/d4fe7459cfc51ff5129ce1a732bbef5928568b8092d412ef95611616376bbeed?s=96&d=mm&r=g","contentUrl":"https:\/\/secure.gravatar.com\/avatar\/d4fe7459cfc51ff5129ce1a732bbef5928568b8092d412ef95611616376bbeed?s=96&d=mm&r=g","caption":"f1000024"},"url":"https:\/\/cvinoticias.com\/v3\/author\/f1000024\/"}]}},"_links":{"self":[{"href":"https:\/\/cvinoticias.com\/v3\/wp-json\/wp\/v2\/posts\/17334","targetHints":{"allow":["GET"]}}],"collection":[{"href":"https:\/\/cvinoticias.com\/v3\/wp-json\/wp\/v2\/posts"}],"about":[{"href":"https:\/\/cvinoticias.com\/v3\/wp-json\/wp\/v2\/types\/post"}],"author":[{"embeddable":true,"href":"https:\/\/cvinoticias.com\/v3\/wp-json\/wp\/v2\/users\/2"}],"replies":[{"embeddable":true,"href":"https:\/\/cvinoticias.com\/v3\/wp-json\/wp\/v2\/comments?post=17334"}],"version-history":[{"count":1,"href":"https:\/\/cvinoticias.com\/v3\/wp-json\/wp\/v2\/posts\/17334\/revisions"}],"predecessor-version":[{"id":17336,"href":"https:\/\/cvinoticias.com\/v3\/wp-json\/wp\/v2\/posts\/17334\/revisions\/17336"}],"wp:featuredmedia":[{"embeddable":true,"href":"https:\/\/cvinoticias.com\/v3\/wp-json\/wp\/v2\/media\/17335"}],"wp:attachment":[{"href":"https:\/\/cvinoticias.com\/v3\/wp-json\/wp\/v2\/media?parent=17334"}],"wp:term":[{"taxonomy":"category","embeddable":true,"href":"https:\/\/cvinoticias.com\/v3\/wp-json\/wp\/v2\/categories?post=17334"},{"taxonomy":"post_tag","embeddable":true,"href":"https:\/\/cvinoticias.com\/v3\/wp-json\/wp\/v2\/tags?post=17334"}],"curies":[{"name":"wp","href":"https:\/\/api.w.org\/{rel}","templated":true}]}}