{"id":17293,"date":"2022-07-05T07:48:30","date_gmt":"2022-07-05T07:48:30","guid":{"rendered":"https:\/\/cvinoticias.com\/v3\/?p=17293"},"modified":"2022-07-05T07:48:30","modified_gmt":"2022-07-05T07:48:30","slug":"plan-mi-moto-2022-cuales-son-los-requisitos-y-como-inscribirse","status":"publish","type":"post","link":"https:\/\/cvinoticias.com\/v3\/plan-mi-moto-2022-cuales-son-los-requisitos-y-como-inscribirse\/","title":{"rendered":"Plan Mi Moto 2022: Cu\u00e1les son los requisitos y c\u00f3mo inscribirse"},"content":{"rendered":"\n<p><strong><em>Se confirmaron los nuevos cupos para acceder al Plan Mi Moto, el programa impulsado por el Ministerio de Desarrollo Productivo de la Naci\u00f3n en conjunto con el Banco Naci\u00f3n.<\/em><\/strong><\/p>\n\n\n\n<p>\u00bfEn qu\u00e9 consiste? Se trata de la posibilidad de solicitar un pr\u00e9stamo de hasta $ 300.000 para la compra de motos 0km de fabricaci\u00f3n nacional en 48 cuotas.<\/p>\n\n\n\n<p>\u00abNo se financiar\u00e1 el patentamiento ni otros gastos administrativos de entrega, los cu\u00e1les ser\u00e1n informados por los concesionarios al momento de la facturaci\u00f3n y deber\u00e1n ser abonados por los solicitantes\u00bb, explica la p\u00e1gina web oficial del Banco Naci\u00f3n.<\/p>\n\n\n\n<p><strong>C\u00f3mo inscribirse al Plan Mi Moto 2022<\/strong><\/p>\n\n\n\n<p>El solicitante del pr\u00e9stamos deber\u00e1 poseer, al menos, un caja de ahorro de Banco Naci\u00f3n, algo que no representa costo alguno. De no ser as\u00ed, el usuario deber\u00e1 abrir una cuenta a trav\u00e9s de la aplicaci\u00f3n BNA+.<\/p>\n\n\n\n<p>Para pedir el cr\u00e9dito, el usuario tiene que dirigirse a la web oficial del Banco Naci\u00f3n. De esta forma el cliente ser\u00e1 precalificado y podr\u00e1 reservar el veh\u00edculo en un link a trav\u00e9s de un correo electr\u00f3nico.<\/p>\n\n\n\n<p><strong>Marcas que participan del Plan Mi Moto<\/strong><\/p>\n\n\n\n<p>Corven, Bajaj, Gilera, Honda, Motomel, Benelli, Beta, TVS, Brava, Keller, Mondial, Kymco, Keeway,<br>Guerrero, Okinoi, Zanella.<\/p>\n\n\n\n<p><strong>Caracter\u00edsticas del pr\u00e9stamo<\/strong><\/p>\n\n\n\n<p>Se financiar\u00e1 el 100% del valor de venta del veh\u00edculo (IVA incluido). No se financiar\u00e1 el patentamiento ni otros gastos administrativos de entrega, los cu\u00e1les ser\u00e1n informados por los concesionarios al momento de la facturaci\u00f3n y deber\u00e1n ser abonados por los solicitantes.<\/p>\n\n\n\n<p><strong>Montos<\/strong><\/p>\n\n\n\n<p><strong>M\u00e1ximo<\/strong>: Hasta la suma de $300.000.<\/p>\n\n\n\n<p><strong>M\u00ednimo<\/strong>: Ser\u00e1 el equivalente al valor del producto m\u00e1s barato.<\/p>\n\n\n\n<p>El Banco s\u00f3lo financiar\u00e1 el monto de la moto, no financiar\u00e1 los gastos de flete, patentamiento y cualquier otro cargo que genere la operaci\u00f3n.<\/p>\n","protected":false},"excerpt":{"rendered":"<p>Se confirmaron los nuevos cupos para acceder al Plan Mi Moto, el programa impulsado por el Ministerio de Desarrollo Productivo de la Naci\u00f3n en conjunto con el Banco Naci\u00f3n. \u00bfEn qu\u00e9 consiste? Se trata de la posibilidad de solicitar un pr\u00e9stamo de hasta $ 300.000 para la compra de motos 0km de fabricaci\u00f3n nacional en [&hellip;]<\/p>\n","protected":false},"author":2,"featured_media":17294,"comment_status":"open","ping_status":"open","sticky":false,"template":"","format":"standard","meta":{"footnotes":""},"categories":[35],"tags":[],"class_list":["post-17293","post","type-post","status-publish","format-standard","has-post-thumbnail","hentry","category-informacion-general"],"yoast_head":"<!-- This site is optimized with the Yoast SEO plugin v27.5 - https:\/\/yoast.com\/product\/yoast-seo-wordpress\/ -->\n<title>Plan Mi Moto 2022: Cu\u00e1les son los requisitos y c\u00f3mo inscribirse | CVI NOTICIAS<\/title>\n<meta name=\"robots\" content=\"index, follow, max-snippet:-1, max-image-preview:large, max-video-preview:-1\" \/>\n<link rel=\"canonical\" href=\"https:\/\/cvinoticias.com\/v3\/plan-mi-moto-2022-cuales-son-los-requisitos-y-como-inscribirse\/\" \/>\n<meta property=\"og:locale\" content=\"es_ES\" \/>\n<meta property=\"og:type\" content=\"article\" \/>\n<meta property=\"og:title\" content=\"Plan Mi Moto 2022: Cu\u00e1les son los requisitos y c\u00f3mo inscribirse | CVI NOTICIAS\" \/>\n<meta property=\"og:description\" content=\"Se confirmaron los nuevos cupos para acceder al Plan Mi Moto, el programa impulsado por el Ministerio de Desarrollo Productivo de la Naci\u00f3n en conjunto con el Banco Naci\u00f3n. \u00bfEn qu\u00e9 consiste? Se trata de la posibilidad de solicitar un pr\u00e9stamo de hasta $ 300.000 para la compra de motos 0km de fabricaci\u00f3n nacional en [&hellip;]\" \/>\n<meta property=\"og:url\" content=\"https:\/\/cvinoticias.com\/v3\/plan-mi-moto-2022-cuales-son-los-requisitos-y-como-inscribirse\/\" \/>\n<meta property=\"og:site_name\" content=\"CVI NOTICIAS\" \/>\n<meta property=\"article:publisher\" content=\"https:\/\/www.facebook.com\/cvinoticias\" \/>\n<meta property=\"article:published_time\" content=\"2022-07-05T07:48:30+00:00\" \/>\n<meta property=\"og:image\" content=\"https:\/\/cvinoticias.com\/wp-content\/uploads\/2022\/07\/f608x342-419833_449556_6.jpg\" \/>\n\t<meta property=\"og:image:width\" content=\"608\" \/>\n\t<meta property=\"og:image:height\" content=\"342\" \/>\n\t<meta property=\"og:image:type\" content=\"image\/jpeg\" \/>\n<meta name=\"author\" content=\"f1000024\" \/>\n<meta name=\"twitter:card\" content=\"summary_large_image\" \/>\n<meta name=\"twitter:label1\" content=\"Escrito por\" \/>\n\t<meta name=\"twitter:data1\" content=\"f1000024\" \/>\n\t<meta name=\"twitter:label2\" content=\"Tiempo de lectura\" \/>\n\t<meta name=\"twitter:data2\" content=\"2 minutos\" \/>\n<script type=\"application\/ld+json\" class=\"yoast-schema-graph\">{\"@context\":\"https:\\\/\\\/schema.org\",\"@graph\":[{\"@type\":\"Article\",\"@id\":\"https:\\\/\\\/cvinoticias.com\\\/v3\\\/plan-mi-moto-2022-cuales-son-los-requisitos-y-como-inscribirse\\\/#article\",\"isPartOf\":{\"@id\":\"https:\\\/\\\/cvinoticias.com\\\/v3\\\/plan-mi-moto-2022-cuales-son-los-requisitos-y-como-inscribirse\\\/\"},\"author\":{\"name\":\"f1000024\",\"@id\":\"https:\\\/\\\/cvinoticias.com\\\/v3\\\/#\\\/schema\\\/person\\\/2db77e3c6bc03c538495d7b2b8be9b66\"},\"headline\":\"Plan Mi Moto 2022: Cu\u00e1les son los requisitos y c\u00f3mo inscribirse\",\"datePublished\":\"2022-07-05T07:48:30+00:00\",\"mainEntityOfPage\":{\"@id\":\"https:\\\/\\\/cvinoticias.com\\\/v3\\\/plan-mi-moto-2022-cuales-son-los-requisitos-y-como-inscribirse\\\/\"},\"wordCount\":323,\"commentCount\":0,\"publisher\":{\"@id\":\"https:\\\/\\\/cvinoticias.com\\\/v3\\\/#organization\"},\"image\":{\"@id\":\"https:\\\/\\\/cvinoticias.com\\\/v3\\\/plan-mi-moto-2022-cuales-son-los-requisitos-y-como-inscribirse\\\/#primaryimage\"},\"thumbnailUrl\":\"https:\\\/\\\/cvinoticias.com\\\/wp-content\\\/uploads\\\/2022\\\/07\\\/f608x342-419833_449556_6.jpg\",\"articleSection\":[\"Informaci\u00f3n General\"],\"inLanguage\":\"es\",\"potentialAction\":[{\"@type\":\"CommentAction\",\"name\":\"Comment\",\"target\":[\"https:\\\/\\\/cvinoticias.com\\\/v3\\\/plan-mi-moto-2022-cuales-son-los-requisitos-y-como-inscribirse\\\/#respond\"]}]},{\"@type\":\"WebPage\",\"@id\":\"https:\\\/\\\/cvinoticias.com\\\/v3\\\/plan-mi-moto-2022-cuales-son-los-requisitos-y-como-inscribirse\\\/\",\"url\":\"https:\\\/\\\/cvinoticias.com\\\/v3\\\/plan-mi-moto-2022-cuales-son-los-requisitos-y-como-inscribirse\\\/\",\"name\":\"Plan Mi Moto 2022: Cu\u00e1les son los requisitos y c\u00f3mo inscribirse | CVI NOTICIAS\",\"isPartOf\":{\"@id\":\"https:\\\/\\\/cvinoticias.com\\\/v3\\\/#website\"},\"primaryImageOfPage\":{\"@id\":\"https:\\\/\\\/cvinoticias.com\\\/v3\\\/plan-mi-moto-2022-cuales-son-los-requisitos-y-como-inscribirse\\\/#primaryimage\"},\"image\":{\"@id\":\"https:\\\/\\\/cvinoticias.com\\\/v3\\\/plan-mi-moto-2022-cuales-son-los-requisitos-y-como-inscribirse\\\/#primaryimage\"},\"thumbnailUrl\":\"https:\\\/\\\/cvinoticias.com\\\/wp-content\\\/uploads\\\/2022\\\/07\\\/f608x342-419833_449556_6.jpg\",\"datePublished\":\"2022-07-05T07:48:30+00:00\",\"breadcrumb\":{\"@id\":\"https:\\\/\\\/cvinoticias.com\\\/v3\\\/plan-mi-moto-2022-cuales-son-los-requisitos-y-como-inscribirse\\\/#breadcrumb\"},\"inLanguage\":\"es\",\"potentialAction\":[{\"@type\":\"ReadAction\",\"target\":[\"https:\\\/\\\/cvinoticias.com\\\/v3\\\/plan-mi-moto-2022-cuales-son-los-requisitos-y-como-inscribirse\\\/\"]}]},{\"@type\":\"ImageObject\",\"inLanguage\":\"es\",\"@id\":\"https:\\\/\\\/cvinoticias.com\\\/v3\\\/plan-mi-moto-2022-cuales-son-los-requisitos-y-como-inscribirse\\\/#primaryimage\",\"url\":\"https:\\\/\\\/cvinoticias.com\\\/wp-content\\\/uploads\\\/2022\\\/07\\\/f608x342-419833_449556_6.jpg\",\"contentUrl\":\"https:\\\/\\\/cvinoticias.com\\\/wp-content\\\/uploads\\\/2022\\\/07\\\/f608x342-419833_449556_6.jpg\",\"width\":608,\"height\":342},{\"@type\":\"BreadcrumbList\",\"@id\":\"https:\\\/\\\/cvinoticias.com\\\/v3\\\/plan-mi-moto-2022-cuales-son-los-requisitos-y-como-inscribirse\\\/#breadcrumb\",\"itemListElement\":[{\"@type\":\"ListItem\",\"position\":1,\"name\":\"Portada\",\"item\":\"https:\\\/\\\/cvinoticias.com\\\/v3\\\/\"},{\"@type\":\"ListItem\",\"position\":2,\"name\":\"Plan Mi Moto 2022: Cu\u00e1les son los requisitos y c\u00f3mo inscribirse\"}]},{\"@type\":\"WebSite\",\"@id\":\"https:\\\/\\\/cvinoticias.com\\\/v3\\\/#website\",\"url\":\"https:\\\/\\\/cvinoticias.com\\\/v3\\\/\",\"name\":\"CVI NOTICIAS\",\"description\":\"\",\"publisher\":{\"@id\":\"https:\\\/\\\/cvinoticias.com\\\/v3\\\/#organization\"},\"alternateName\":\"CVI\",\"potentialAction\":[{\"@type\":\"SearchAction\",\"target\":{\"@type\":\"EntryPoint\",\"urlTemplate\":\"https:\\\/\\\/cvinoticias.com\\\/v3\\\/?s={search_term_string}\"},\"query-input\":{\"@type\":\"PropertyValueSpecification\",\"valueRequired\":true,\"valueName\":\"search_term_string\"}}],\"inLanguage\":\"es\"},{\"@type\":\"Organization\",\"@id\":\"https:\\\/\\\/cvinoticias.com\\\/v3\\\/#organization\",\"name\":\"CVI NOTICIAS\",\"url\":\"https:\\\/\\\/cvinoticias.com\\\/v3\\\/\",\"logo\":{\"@type\":\"ImageObject\",\"inLanguage\":\"es\",\"@id\":\"https:\\\/\\\/cvinoticias.com\\\/v3\\\/#\\\/schema\\\/logo\\\/image\\\/\",\"url\":\"https:\\\/\\\/cvinoticias.com\\\/wp-content\\\/uploads\\\/2023\\\/04\\\/cropped-cropped-cropped-cropped-cropped-3-1.png\",\"contentUrl\":\"https:\\\/\\\/cvinoticias.com\\\/wp-content\\\/uploads\\\/2023\\\/04\\\/cropped-cropped-cropped-cropped-cropped-3-1.png\",\"width\":95,\"height\":122,\"caption\":\"CVI NOTICIAS\"},\"image\":{\"@id\":\"https:\\\/\\\/cvinoticias.com\\\/v3\\\/#\\\/schema\\\/logo\\\/image\\\/\"},\"sameAs\":[\"https:\\\/\\\/www.facebook.com\\\/cvinoticias\",\"https:\\\/\\\/www.instagram.com\\\/cvinoticias\\\/\",\"https:\\\/\\\/www.youtube.com\\\/@CVINOTICIAS\"]},{\"@type\":\"Person\",\"@id\":\"https:\\\/\\\/cvinoticias.com\\\/v3\\\/#\\\/schema\\\/person\\\/2db77e3c6bc03c538495d7b2b8be9b66\",\"name\":\"f1000024\",\"image\":{\"@type\":\"ImageObject\",\"inLanguage\":\"es\",\"@id\":\"https:\\\/\\\/secure.gravatar.com\\\/avatar\\\/d4fe7459cfc51ff5129ce1a732bbef5928568b8092d412ef95611616376bbeed?s=96&d=mm&r=g\",\"url\":\"https:\\\/\\\/secure.gravatar.com\\\/avatar\\\/d4fe7459cfc51ff5129ce1a732bbef5928568b8092d412ef95611616376bbeed?s=96&d=mm&r=g\",\"contentUrl\":\"https:\\\/\\\/secure.gravatar.com\\\/avatar\\\/d4fe7459cfc51ff5129ce1a732bbef5928568b8092d412ef95611616376bbeed?s=96&d=mm&r=g\",\"caption\":\"f1000024\"},\"url\":\"https:\\\/\\\/cvinoticias.com\\\/v3\\\/author\\\/f1000024\\\/\"}]}<\/script>\n<!-- \/ Yoast SEO plugin. -->","yoast_head_json":{"title":"Plan Mi Moto 2022: Cu\u00e1les son los requisitos y c\u00f3mo inscribirse | CVI NOTICIAS","robots":{"index":"index","follow":"follow","max-snippet":"max-snippet:-1","max-image-preview":"max-image-preview:large","max-video-preview":"max-video-preview:-1"},"canonical":"https:\/\/cvinoticias.com\/v3\/plan-mi-moto-2022-cuales-son-los-requisitos-y-como-inscribirse\/","og_locale":"es_ES","og_type":"article","og_title":"Plan Mi Moto 2022: Cu\u00e1les son los requisitos y c\u00f3mo inscribirse | CVI NOTICIAS","og_description":"Se confirmaron los nuevos cupos para acceder al Plan Mi Moto, el programa impulsado por el Ministerio de Desarrollo Productivo de la Naci\u00f3n en conjunto con el Banco Naci\u00f3n. \u00bfEn qu\u00e9 consiste? Se trata de la posibilidad de solicitar un pr\u00e9stamo de hasta $ 300.000 para la compra de motos 0km de fabricaci\u00f3n nacional en [&hellip;]","og_url":"https:\/\/cvinoticias.com\/v3\/plan-mi-moto-2022-cuales-son-los-requisitos-y-como-inscribirse\/","og_site_name":"CVI NOTICIAS","article_publisher":"https:\/\/www.facebook.com\/cvinoticias","article_published_time":"2022-07-05T07:48:30+00:00","og_image":[{"width":608,"height":342,"url":"https:\/\/cvinoticias.com\/wp-content\/uploads\/2022\/07\/f608x342-419833_449556_6.jpg","type":"image\/jpeg"}],"author":"f1000024","twitter_card":"summary_large_image","twitter_misc":{"Escrito por":"f1000024","Tiempo de lectura":"2 minutos"},"schema":{"@context":"https:\/\/schema.org","@graph":[{"@type":"Article","@id":"https:\/\/cvinoticias.com\/v3\/plan-mi-moto-2022-cuales-son-los-requisitos-y-como-inscribirse\/#article","isPartOf":{"@id":"https:\/\/cvinoticias.com\/v3\/plan-mi-moto-2022-cuales-son-los-requisitos-y-como-inscribirse\/"},"author":{"name":"f1000024","@id":"https:\/\/cvinoticias.com\/v3\/#\/schema\/person\/2db77e3c6bc03c538495d7b2b8be9b66"},"headline":"Plan Mi Moto 2022: Cu\u00e1les son los requisitos y c\u00f3mo inscribirse","datePublished":"2022-07-05T07:48:30+00:00","mainEntityOfPage":{"@id":"https:\/\/cvinoticias.com\/v3\/plan-mi-moto-2022-cuales-son-los-requisitos-y-como-inscribirse\/"},"wordCount":323,"commentCount":0,"publisher":{"@id":"https:\/\/cvinoticias.com\/v3\/#organization"},"image":{"@id":"https:\/\/cvinoticias.com\/v3\/plan-mi-moto-2022-cuales-son-los-requisitos-y-como-inscribirse\/#primaryimage"},"thumbnailUrl":"https:\/\/cvinoticias.com\/wp-content\/uploads\/2022\/07\/f608x342-419833_449556_6.jpg","articleSection":["Informaci\u00f3n General"],"inLanguage":"es","potentialAction":[{"@type":"CommentAction","name":"Comment","target":["https:\/\/cvinoticias.com\/v3\/plan-mi-moto-2022-cuales-son-los-requisitos-y-como-inscribirse\/#respond"]}]},{"@type":"WebPage","@id":"https:\/\/cvinoticias.com\/v3\/plan-mi-moto-2022-cuales-son-los-requisitos-y-como-inscribirse\/","url":"https:\/\/cvinoticias.com\/v3\/plan-mi-moto-2022-cuales-son-los-requisitos-y-como-inscribirse\/","name":"Plan Mi Moto 2022: Cu\u00e1les son los requisitos y c\u00f3mo inscribirse | CVI NOTICIAS","isPartOf":{"@id":"https:\/\/cvinoticias.com\/v3\/#website"},"primaryImageOfPage":{"@id":"https:\/\/cvinoticias.com\/v3\/plan-mi-moto-2022-cuales-son-los-requisitos-y-como-inscribirse\/#primaryimage"},"image":{"@id":"https:\/\/cvinoticias.com\/v3\/plan-mi-moto-2022-cuales-son-los-requisitos-y-como-inscribirse\/#primaryimage"},"thumbnailUrl":"https:\/\/cvinoticias.com\/wp-content\/uploads\/2022\/07\/f608x342-419833_449556_6.jpg","datePublished":"2022-07-05T07:48:30+00:00","breadcrumb":{"@id":"https:\/\/cvinoticias.com\/v3\/plan-mi-moto-2022-cuales-son-los-requisitos-y-como-inscribirse\/#breadcrumb"},"inLanguage":"es","potentialAction":[{"@type":"ReadAction","target":["https:\/\/cvinoticias.com\/v3\/plan-mi-moto-2022-cuales-son-los-requisitos-y-como-inscribirse\/"]}]},{"@type":"ImageObject","inLanguage":"es","@id":"https:\/\/cvinoticias.com\/v3\/plan-mi-moto-2022-cuales-son-los-requisitos-y-como-inscribirse\/#primaryimage","url":"https:\/\/cvinoticias.com\/wp-content\/uploads\/2022\/07\/f608x342-419833_449556_6.jpg","contentUrl":"https:\/\/cvinoticias.com\/wp-content\/uploads\/2022\/07\/f608x342-419833_449556_6.jpg","width":608,"height":342},{"@type":"BreadcrumbList","@id":"https:\/\/cvinoticias.com\/v3\/plan-mi-moto-2022-cuales-son-los-requisitos-y-como-inscribirse\/#breadcrumb","itemListElement":[{"@type":"ListItem","position":1,"name":"Portada","item":"https:\/\/cvinoticias.com\/v3\/"},{"@type":"ListItem","position":2,"name":"Plan Mi Moto 2022: Cu\u00e1les son los requisitos y c\u00f3mo inscribirse"}]},{"@type":"WebSite","@id":"https:\/\/cvinoticias.com\/v3\/#website","url":"https:\/\/cvinoticias.com\/v3\/","name":"CVI NOTICIAS","description":"","publisher":{"@id":"https:\/\/cvinoticias.com\/v3\/#organization"},"alternateName":"CVI","potentialAction":[{"@type":"SearchAction","target":{"@type":"EntryPoint","urlTemplate":"https:\/\/cvinoticias.com\/v3\/?s={search_term_string}"},"query-input":{"@type":"PropertyValueSpecification","valueRequired":true,"valueName":"search_term_string"}}],"inLanguage":"es"},{"@type":"Organization","@id":"https:\/\/cvinoticias.com\/v3\/#organization","name":"CVI NOTICIAS","url":"https:\/\/cvinoticias.com\/v3\/","logo":{"@type":"ImageObject","inLanguage":"es","@id":"https:\/\/cvinoticias.com\/v3\/#\/schema\/logo\/image\/","url":"https:\/\/cvinoticias.com\/wp-content\/uploads\/2023\/04\/cropped-cropped-cropped-cropped-cropped-3-1.png","contentUrl":"https:\/\/cvinoticias.com\/wp-content\/uploads\/2023\/04\/cropped-cropped-cropped-cropped-cropped-3-1.png","width":95,"height":122,"caption":"CVI NOTICIAS"},"image":{"@id":"https:\/\/cvinoticias.com\/v3\/#\/schema\/logo\/image\/"},"sameAs":["https:\/\/www.facebook.com\/cvinoticias","https:\/\/www.instagram.com\/cvinoticias\/","https:\/\/www.youtube.com\/@CVINOTICIAS"]},{"@type":"Person","@id":"https:\/\/cvinoticias.com\/v3\/#\/schema\/person\/2db77e3c6bc03c538495d7b2b8be9b66","name":"f1000024","image":{"@type":"ImageObject","inLanguage":"es","@id":"https:\/\/secure.gravatar.com\/avatar\/d4fe7459cfc51ff5129ce1a732bbef5928568b8092d412ef95611616376bbeed?s=96&d=mm&r=g","url":"https:\/\/secure.gravatar.com\/avatar\/d4fe7459cfc51ff5129ce1a732bbef5928568b8092d412ef95611616376bbeed?s=96&d=mm&r=g","contentUrl":"https:\/\/secure.gravatar.com\/avatar\/d4fe7459cfc51ff5129ce1a732bbef5928568b8092d412ef95611616376bbeed?s=96&d=mm&r=g","caption":"f1000024"},"url":"https:\/\/cvinoticias.com\/v3\/author\/f1000024\/"}]}},"_links":{"self":[{"href":"https:\/\/cvinoticias.com\/v3\/wp-json\/wp\/v2\/posts\/17293","targetHints":{"allow":["GET"]}}],"collection":[{"href":"https:\/\/cvinoticias.com\/v3\/wp-json\/wp\/v2\/posts"}],"about":[{"href":"https:\/\/cvinoticias.com\/v3\/wp-json\/wp\/v2\/types\/post"}],"author":[{"embeddable":true,"href":"https:\/\/cvinoticias.com\/v3\/wp-json\/wp\/v2\/users\/2"}],"replies":[{"embeddable":true,"href":"https:\/\/cvinoticias.com\/v3\/wp-json\/wp\/v2\/comments?post=17293"}],"version-history":[{"count":1,"href":"https:\/\/cvinoticias.com\/v3\/wp-json\/wp\/v2\/posts\/17293\/revisions"}],"predecessor-version":[{"id":17295,"href":"https:\/\/cvinoticias.com\/v3\/wp-json\/wp\/v2\/posts\/17293\/revisions\/17295"}],"wp:featuredmedia":[{"embeddable":true,"href":"https:\/\/cvinoticias.com\/v3\/wp-json\/wp\/v2\/media\/17294"}],"wp:attachment":[{"href":"https:\/\/cvinoticias.com\/v3\/wp-json\/wp\/v2\/media?parent=17293"}],"wp:term":[{"taxonomy":"category","embeddable":true,"href":"https:\/\/cvinoticias.com\/v3\/wp-json\/wp\/v2\/categories?post=17293"},{"taxonomy":"post_tag","embeddable":true,"href":"https:\/\/cvinoticias.com\/v3\/wp-json\/wp\/v2\/tags?post=17293"}],"curies":[{"name":"wp","href":"https:\/\/api.w.org\/{rel}","templated":true}]}}