{"id":1725,"date":"2021-01-17T21:45:55","date_gmt":"2021-01-17T21:45:55","guid":{"rendered":"https:\/\/cvinoticias.com\/v3\/?p=1725"},"modified":"2021-01-17T21:45:55","modified_gmt":"2021-01-17T21:45:55","slug":"fallecio-el-ex-vicegobernador-cassoni-y-declaran-tres-dias-de-duelo","status":"publish","type":"post","link":"https:\/\/cvinoticias.com\/v3\/fallecio-el-ex-vicegobernador-cassoni-y-declaran-tres-dias-de-duelo\/","title":{"rendered":"Falleci\u00f3 el ex vicegobernador Cassoni y declaran tres d\u00edas de duelo"},"content":{"rendered":"\n<p><strong><em>El gobernador Oscar Herrera Ahuad manifest\u00f3 que \u201cel Gobierno de la Provincia de Misiones lamenta profundamente el fallecimiento de Luis Maria Cassoni, Vicegobernador de la Provincia quien tambi\u00e9n se desempe\u00f1o como Gobernador desde el 17\/09\/87 hasta el 09\/12\/87\u201d.<\/em><\/strong><\/p>\n\n\n\n<p>A trav\u00e9s del Decreto N 55 se declara duelo provincial, con disposici\u00f3n de banderas nacional y provincial a media asta en todos los edificios p\u00fablicos por 3 d\u00edas.<\/p>\n\n\n\n<p>\u201cHago llegar a la familia un afectuoso saludo y las condolencias de todo el pueblo misionero\u201d, expres\u00f3 el primer mandatario provincial en su cuenta de la red social Twitter.<\/p>\n\n\n\n<p>Seg\u00fan fuentes extraoficiales, \u201cNeneche\u201d Cassoni estaba internado en Posadas a ra\u00edz de contraer coronavirus.<\/p>\n\n\n\n<p>Nacido en 1939, el pasado 8 de enero cumpli\u00f3 82 a\u00f1os.<\/p>\n\n\n\n<p><\/p>\n\n\n\n<p>N.D.S<\/p>\n","protected":false},"excerpt":{"rendered":"<p>El gobernador Oscar Herrera Ahuad manifest\u00f3 que \u201cel Gobierno de la Provincia de Misiones lamenta profundamente el fallecimiento de Luis Maria Cassoni, Vicegobernador de la Provincia quien tambi\u00e9n se desempe\u00f1o como Gobernador desde el 17\/09\/87 hasta el 09\/12\/87\u201d. A trav\u00e9s del Decreto N 55 se declara duelo provincial, con disposici\u00f3n de banderas nacional y provincial [&hellip;]<\/p>\n","protected":false},"author":2,"featured_media":1726,"comment_status":"open","ping_status":"open","sticky":false,"template":"","format":"standard","meta":{"footnotes":""},"categories":[43],"tags":[],"class_list":["post-1725","post","type-post","status-publish","format-standard","has-post-thumbnail","hentry","category-provinciales"],"yoast_head":"<!-- This site is optimized with the Yoast SEO plugin v27.5 - https:\/\/yoast.com\/product\/yoast-seo-wordpress\/ -->\n<title>Falleci\u00f3 el ex vicegobernador Cassoni y declaran tres d\u00edas de duelo | CVI NOTICIAS<\/title>\n<meta name=\"robots\" content=\"index, follow, max-snippet:-1, max-image-preview:large, max-video-preview:-1\" \/>\n<link rel=\"canonical\" href=\"https:\/\/cvinoticias.com\/v3\/fallecio-el-ex-vicegobernador-cassoni-y-declaran-tres-dias-de-duelo\/\" \/>\n<meta property=\"og:locale\" content=\"es_ES\" \/>\n<meta property=\"og:type\" content=\"article\" \/>\n<meta property=\"og:title\" content=\"Falleci\u00f3 el ex vicegobernador Cassoni y declaran tres d\u00edas de duelo | CVI NOTICIAS\" \/>\n<meta property=\"og:description\" content=\"El gobernador Oscar Herrera Ahuad manifest\u00f3 que \u201cel Gobierno de la Provincia de Misiones lamenta profundamente el fallecimiento de Luis Maria Cassoni, Vicegobernador de la Provincia quien tambi\u00e9n se desempe\u00f1o como Gobernador desde el 17\/09\/87 hasta el 09\/12\/87\u201d. A trav\u00e9s del Decreto N 55 se declara duelo provincial, con disposici\u00f3n de banderas nacional y provincial [&hellip;]\" \/>\n<meta property=\"og:url\" content=\"https:\/\/cvinoticias.com\/v3\/fallecio-el-ex-vicegobernador-cassoni-y-declaran-tres-dias-de-duelo\/\" \/>\n<meta property=\"og:site_name\" content=\"CVI NOTICIAS\" \/>\n<meta property=\"article:publisher\" content=\"https:\/\/www.facebook.com\/cvinoticias\" \/>\n<meta property=\"article:published_time\" content=\"2021-01-17T21:45:55+00:00\" \/>\n<meta property=\"og:image\" content=\"https:\/\/cvinoticias.com\/wp-content\/uploads\/2021\/01\/FB_IMG_1610919323557.jpg\" \/>\n\t<meta property=\"og:image:width\" content=\"720\" \/>\n\t<meta property=\"og:image:height\" content=\"412\" \/>\n\t<meta property=\"og:image:type\" content=\"image\/jpeg\" \/>\n<meta name=\"author\" content=\"f1000024\" \/>\n<meta name=\"twitter:card\" content=\"summary_large_image\" \/>\n<meta name=\"twitter:label1\" content=\"Escrito por\" \/>\n\t<meta name=\"twitter:data1\" content=\"f1000024\" \/>\n\t<meta name=\"twitter:label2\" content=\"Tiempo de lectura\" \/>\n\t<meta name=\"twitter:data2\" content=\"1 minuto\" \/>\n<script type=\"application\/ld+json\" class=\"yoast-schema-graph\">{\"@context\":\"https:\\\/\\\/schema.org\",\"@graph\":[{\"@type\":\"Article\",\"@id\":\"https:\\\/\\\/cvinoticias.com\\\/v3\\\/fallecio-el-ex-vicegobernador-cassoni-y-declaran-tres-dias-de-duelo\\\/#article\",\"isPartOf\":{\"@id\":\"https:\\\/\\\/cvinoticias.com\\\/v3\\\/fallecio-el-ex-vicegobernador-cassoni-y-declaran-tres-dias-de-duelo\\\/\"},\"author\":{\"name\":\"f1000024\",\"@id\":\"https:\\\/\\\/cvinoticias.com\\\/v3\\\/#\\\/schema\\\/person\\\/2db77e3c6bc03c538495d7b2b8be9b66\"},\"headline\":\"Falleci\u00f3 el ex vicegobernador Cassoni y declaran tres d\u00edas de duelo\",\"datePublished\":\"2021-01-17T21:45:55+00:00\",\"mainEntityOfPage\":{\"@id\":\"https:\\\/\\\/cvinoticias.com\\\/v3\\\/fallecio-el-ex-vicegobernador-cassoni-y-declaran-tres-dias-de-duelo\\\/\"},\"wordCount\":137,\"commentCount\":0,\"publisher\":{\"@id\":\"https:\\\/\\\/cvinoticias.com\\\/v3\\\/#organization\"},\"image\":{\"@id\":\"https:\\\/\\\/cvinoticias.com\\\/v3\\\/fallecio-el-ex-vicegobernador-cassoni-y-declaran-tres-dias-de-duelo\\\/#primaryimage\"},\"thumbnailUrl\":\"https:\\\/\\\/cvinoticias.com\\\/wp-content\\\/uploads\\\/2021\\\/01\\\/FB_IMG_1610919323557.jpg\",\"articleSection\":[\"Provinciales\"],\"inLanguage\":\"es\",\"potentialAction\":[{\"@type\":\"CommentAction\",\"name\":\"Comment\",\"target\":[\"https:\\\/\\\/cvinoticias.com\\\/v3\\\/fallecio-el-ex-vicegobernador-cassoni-y-declaran-tres-dias-de-duelo\\\/#respond\"]}]},{\"@type\":\"WebPage\",\"@id\":\"https:\\\/\\\/cvinoticias.com\\\/v3\\\/fallecio-el-ex-vicegobernador-cassoni-y-declaran-tres-dias-de-duelo\\\/\",\"url\":\"https:\\\/\\\/cvinoticias.com\\\/v3\\\/fallecio-el-ex-vicegobernador-cassoni-y-declaran-tres-dias-de-duelo\\\/\",\"name\":\"Falleci\u00f3 el ex vicegobernador Cassoni y declaran tres d\u00edas de duelo | CVI NOTICIAS\",\"isPartOf\":{\"@id\":\"https:\\\/\\\/cvinoticias.com\\\/v3\\\/#website\"},\"primaryImageOfPage\":{\"@id\":\"https:\\\/\\\/cvinoticias.com\\\/v3\\\/fallecio-el-ex-vicegobernador-cassoni-y-declaran-tres-dias-de-duelo\\\/#primaryimage\"},\"image\":{\"@id\":\"https:\\\/\\\/cvinoticias.com\\\/v3\\\/fallecio-el-ex-vicegobernador-cassoni-y-declaran-tres-dias-de-duelo\\\/#primaryimage\"},\"thumbnailUrl\":\"https:\\\/\\\/cvinoticias.com\\\/wp-content\\\/uploads\\\/2021\\\/01\\\/FB_IMG_1610919323557.jpg\",\"datePublished\":\"2021-01-17T21:45:55+00:00\",\"breadcrumb\":{\"@id\":\"https:\\\/\\\/cvinoticias.com\\\/v3\\\/fallecio-el-ex-vicegobernador-cassoni-y-declaran-tres-dias-de-duelo\\\/#breadcrumb\"},\"inLanguage\":\"es\",\"potentialAction\":[{\"@type\":\"ReadAction\",\"target\":[\"https:\\\/\\\/cvinoticias.com\\\/v3\\\/fallecio-el-ex-vicegobernador-cassoni-y-declaran-tres-dias-de-duelo\\\/\"]}]},{\"@type\":\"ImageObject\",\"inLanguage\":\"es\",\"@id\":\"https:\\\/\\\/cvinoticias.com\\\/v3\\\/fallecio-el-ex-vicegobernador-cassoni-y-declaran-tres-dias-de-duelo\\\/#primaryimage\",\"url\":\"https:\\\/\\\/cvinoticias.com\\\/wp-content\\\/uploads\\\/2021\\\/01\\\/FB_IMG_1610919323557.jpg\",\"contentUrl\":\"https:\\\/\\\/cvinoticias.com\\\/wp-content\\\/uploads\\\/2021\\\/01\\\/FB_IMG_1610919323557.jpg\",\"width\":720,\"height\":412},{\"@type\":\"BreadcrumbList\",\"@id\":\"https:\\\/\\\/cvinoticias.com\\\/v3\\\/fallecio-el-ex-vicegobernador-cassoni-y-declaran-tres-dias-de-duelo\\\/#breadcrumb\",\"itemListElement\":[{\"@type\":\"ListItem\",\"position\":1,\"name\":\"Portada\",\"item\":\"https:\\\/\\\/cvinoticias.com\\\/v3\\\/\"},{\"@type\":\"ListItem\",\"position\":2,\"name\":\"Falleci\u00f3 el ex vicegobernador Cassoni y declaran tres d\u00edas de duelo\"}]},{\"@type\":\"WebSite\",\"@id\":\"https:\\\/\\\/cvinoticias.com\\\/v3\\\/#website\",\"url\":\"https:\\\/\\\/cvinoticias.com\\\/v3\\\/\",\"name\":\"CVI NOTICIAS\",\"description\":\"\",\"publisher\":{\"@id\":\"https:\\\/\\\/cvinoticias.com\\\/v3\\\/#organization\"},\"alternateName\":\"CVI\",\"potentialAction\":[{\"@type\":\"SearchAction\",\"target\":{\"@type\":\"EntryPoint\",\"urlTemplate\":\"https:\\\/\\\/cvinoticias.com\\\/v3\\\/?s={search_term_string}\"},\"query-input\":{\"@type\":\"PropertyValueSpecification\",\"valueRequired\":true,\"valueName\":\"search_term_string\"}}],\"inLanguage\":\"es\"},{\"@type\":\"Organization\",\"@id\":\"https:\\\/\\\/cvinoticias.com\\\/v3\\\/#organization\",\"name\":\"CVI NOTICIAS\",\"url\":\"https:\\\/\\\/cvinoticias.com\\\/v3\\\/\",\"logo\":{\"@type\":\"ImageObject\",\"inLanguage\":\"es\",\"@id\":\"https:\\\/\\\/cvinoticias.com\\\/v3\\\/#\\\/schema\\\/logo\\\/image\\\/\",\"url\":\"https:\\\/\\\/cvinoticias.com\\\/wp-content\\\/uploads\\\/2023\\\/04\\\/cropped-cropped-cropped-cropped-cropped-3-1.png\",\"contentUrl\":\"https:\\\/\\\/cvinoticias.com\\\/wp-content\\\/uploads\\\/2023\\\/04\\\/cropped-cropped-cropped-cropped-cropped-3-1.png\",\"width\":95,\"height\":122,\"caption\":\"CVI NOTICIAS\"},\"image\":{\"@id\":\"https:\\\/\\\/cvinoticias.com\\\/v3\\\/#\\\/schema\\\/logo\\\/image\\\/\"},\"sameAs\":[\"https:\\\/\\\/www.facebook.com\\\/cvinoticias\",\"https:\\\/\\\/www.instagram.com\\\/cvinoticias\\\/\",\"https:\\\/\\\/www.youtube.com\\\/@CVINOTICIAS\"]},{\"@type\":\"Person\",\"@id\":\"https:\\\/\\\/cvinoticias.com\\\/v3\\\/#\\\/schema\\\/person\\\/2db77e3c6bc03c538495d7b2b8be9b66\",\"name\":\"f1000024\",\"image\":{\"@type\":\"ImageObject\",\"inLanguage\":\"es\",\"@id\":\"https:\\\/\\\/secure.gravatar.com\\\/avatar\\\/d4fe7459cfc51ff5129ce1a732bbef5928568b8092d412ef95611616376bbeed?s=96&d=mm&r=g\",\"url\":\"https:\\\/\\\/secure.gravatar.com\\\/avatar\\\/d4fe7459cfc51ff5129ce1a732bbef5928568b8092d412ef95611616376bbeed?s=96&d=mm&r=g\",\"contentUrl\":\"https:\\\/\\\/secure.gravatar.com\\\/avatar\\\/d4fe7459cfc51ff5129ce1a732bbef5928568b8092d412ef95611616376bbeed?s=96&d=mm&r=g\",\"caption\":\"f1000024\"},\"url\":\"https:\\\/\\\/cvinoticias.com\\\/v3\\\/author\\\/f1000024\\\/\"}]}<\/script>\n<!-- \/ Yoast SEO plugin. -->","yoast_head_json":{"title":"Falleci\u00f3 el ex vicegobernador Cassoni y declaran tres d\u00edas de duelo | CVI NOTICIAS","robots":{"index":"index","follow":"follow","max-snippet":"max-snippet:-1","max-image-preview":"max-image-preview:large","max-video-preview":"max-video-preview:-1"},"canonical":"https:\/\/cvinoticias.com\/v3\/fallecio-el-ex-vicegobernador-cassoni-y-declaran-tres-dias-de-duelo\/","og_locale":"es_ES","og_type":"article","og_title":"Falleci\u00f3 el ex vicegobernador Cassoni y declaran tres d\u00edas de duelo | CVI NOTICIAS","og_description":"El gobernador Oscar Herrera Ahuad manifest\u00f3 que \u201cel Gobierno de la Provincia de Misiones lamenta profundamente el fallecimiento de Luis Maria Cassoni, Vicegobernador de la Provincia quien tambi\u00e9n se desempe\u00f1o como Gobernador desde el 17\/09\/87 hasta el 09\/12\/87\u201d. A trav\u00e9s del Decreto N 55 se declara duelo provincial, con disposici\u00f3n de banderas nacional y provincial [&hellip;]","og_url":"https:\/\/cvinoticias.com\/v3\/fallecio-el-ex-vicegobernador-cassoni-y-declaran-tres-dias-de-duelo\/","og_site_name":"CVI NOTICIAS","article_publisher":"https:\/\/www.facebook.com\/cvinoticias","article_published_time":"2021-01-17T21:45:55+00:00","og_image":[{"width":720,"height":412,"url":"https:\/\/cvinoticias.com\/wp-content\/uploads\/2021\/01\/FB_IMG_1610919323557.jpg","type":"image\/jpeg"}],"author":"f1000024","twitter_card":"summary_large_image","twitter_misc":{"Escrito por":"f1000024","Tiempo de lectura":"1 minuto"},"schema":{"@context":"https:\/\/schema.org","@graph":[{"@type":"Article","@id":"https:\/\/cvinoticias.com\/v3\/fallecio-el-ex-vicegobernador-cassoni-y-declaran-tres-dias-de-duelo\/#article","isPartOf":{"@id":"https:\/\/cvinoticias.com\/v3\/fallecio-el-ex-vicegobernador-cassoni-y-declaran-tres-dias-de-duelo\/"},"author":{"name":"f1000024","@id":"https:\/\/cvinoticias.com\/v3\/#\/schema\/person\/2db77e3c6bc03c538495d7b2b8be9b66"},"headline":"Falleci\u00f3 el ex vicegobernador Cassoni y declaran tres d\u00edas de duelo","datePublished":"2021-01-17T21:45:55+00:00","mainEntityOfPage":{"@id":"https:\/\/cvinoticias.com\/v3\/fallecio-el-ex-vicegobernador-cassoni-y-declaran-tres-dias-de-duelo\/"},"wordCount":137,"commentCount":0,"publisher":{"@id":"https:\/\/cvinoticias.com\/v3\/#organization"},"image":{"@id":"https:\/\/cvinoticias.com\/v3\/fallecio-el-ex-vicegobernador-cassoni-y-declaran-tres-dias-de-duelo\/#primaryimage"},"thumbnailUrl":"https:\/\/cvinoticias.com\/wp-content\/uploads\/2021\/01\/FB_IMG_1610919323557.jpg","articleSection":["Provinciales"],"inLanguage":"es","potentialAction":[{"@type":"CommentAction","name":"Comment","target":["https:\/\/cvinoticias.com\/v3\/fallecio-el-ex-vicegobernador-cassoni-y-declaran-tres-dias-de-duelo\/#respond"]}]},{"@type":"WebPage","@id":"https:\/\/cvinoticias.com\/v3\/fallecio-el-ex-vicegobernador-cassoni-y-declaran-tres-dias-de-duelo\/","url":"https:\/\/cvinoticias.com\/v3\/fallecio-el-ex-vicegobernador-cassoni-y-declaran-tres-dias-de-duelo\/","name":"Falleci\u00f3 el ex vicegobernador Cassoni y declaran tres d\u00edas de duelo | CVI NOTICIAS","isPartOf":{"@id":"https:\/\/cvinoticias.com\/v3\/#website"},"primaryImageOfPage":{"@id":"https:\/\/cvinoticias.com\/v3\/fallecio-el-ex-vicegobernador-cassoni-y-declaran-tres-dias-de-duelo\/#primaryimage"},"image":{"@id":"https:\/\/cvinoticias.com\/v3\/fallecio-el-ex-vicegobernador-cassoni-y-declaran-tres-dias-de-duelo\/#primaryimage"},"thumbnailUrl":"https:\/\/cvinoticias.com\/wp-content\/uploads\/2021\/01\/FB_IMG_1610919323557.jpg","datePublished":"2021-01-17T21:45:55+00:00","breadcrumb":{"@id":"https:\/\/cvinoticias.com\/v3\/fallecio-el-ex-vicegobernador-cassoni-y-declaran-tres-dias-de-duelo\/#breadcrumb"},"inLanguage":"es","potentialAction":[{"@type":"ReadAction","target":["https:\/\/cvinoticias.com\/v3\/fallecio-el-ex-vicegobernador-cassoni-y-declaran-tres-dias-de-duelo\/"]}]},{"@type":"ImageObject","inLanguage":"es","@id":"https:\/\/cvinoticias.com\/v3\/fallecio-el-ex-vicegobernador-cassoni-y-declaran-tres-dias-de-duelo\/#primaryimage","url":"https:\/\/cvinoticias.com\/wp-content\/uploads\/2021\/01\/FB_IMG_1610919323557.jpg","contentUrl":"https:\/\/cvinoticias.com\/wp-content\/uploads\/2021\/01\/FB_IMG_1610919323557.jpg","width":720,"height":412},{"@type":"BreadcrumbList","@id":"https:\/\/cvinoticias.com\/v3\/fallecio-el-ex-vicegobernador-cassoni-y-declaran-tres-dias-de-duelo\/#breadcrumb","itemListElement":[{"@type":"ListItem","position":1,"name":"Portada","item":"https:\/\/cvinoticias.com\/v3\/"},{"@type":"ListItem","position":2,"name":"Falleci\u00f3 el ex vicegobernador Cassoni y declaran tres d\u00edas de duelo"}]},{"@type":"WebSite","@id":"https:\/\/cvinoticias.com\/v3\/#website","url":"https:\/\/cvinoticias.com\/v3\/","name":"CVI NOTICIAS","description":"","publisher":{"@id":"https:\/\/cvinoticias.com\/v3\/#organization"},"alternateName":"CVI","potentialAction":[{"@type":"SearchAction","target":{"@type":"EntryPoint","urlTemplate":"https:\/\/cvinoticias.com\/v3\/?s={search_term_string}"},"query-input":{"@type":"PropertyValueSpecification","valueRequired":true,"valueName":"search_term_string"}}],"inLanguage":"es"},{"@type":"Organization","@id":"https:\/\/cvinoticias.com\/v3\/#organization","name":"CVI NOTICIAS","url":"https:\/\/cvinoticias.com\/v3\/","logo":{"@type":"ImageObject","inLanguage":"es","@id":"https:\/\/cvinoticias.com\/v3\/#\/schema\/logo\/image\/","url":"https:\/\/cvinoticias.com\/wp-content\/uploads\/2023\/04\/cropped-cropped-cropped-cropped-cropped-3-1.png","contentUrl":"https:\/\/cvinoticias.com\/wp-content\/uploads\/2023\/04\/cropped-cropped-cropped-cropped-cropped-3-1.png","width":95,"height":122,"caption":"CVI NOTICIAS"},"image":{"@id":"https:\/\/cvinoticias.com\/v3\/#\/schema\/logo\/image\/"},"sameAs":["https:\/\/www.facebook.com\/cvinoticias","https:\/\/www.instagram.com\/cvinoticias\/","https:\/\/www.youtube.com\/@CVINOTICIAS"]},{"@type":"Person","@id":"https:\/\/cvinoticias.com\/v3\/#\/schema\/person\/2db77e3c6bc03c538495d7b2b8be9b66","name":"f1000024","image":{"@type":"ImageObject","inLanguage":"es","@id":"https:\/\/secure.gravatar.com\/avatar\/d4fe7459cfc51ff5129ce1a732bbef5928568b8092d412ef95611616376bbeed?s=96&d=mm&r=g","url":"https:\/\/secure.gravatar.com\/avatar\/d4fe7459cfc51ff5129ce1a732bbef5928568b8092d412ef95611616376bbeed?s=96&d=mm&r=g","contentUrl":"https:\/\/secure.gravatar.com\/avatar\/d4fe7459cfc51ff5129ce1a732bbef5928568b8092d412ef95611616376bbeed?s=96&d=mm&r=g","caption":"f1000024"},"url":"https:\/\/cvinoticias.com\/v3\/author\/f1000024\/"}]}},"_links":{"self":[{"href":"https:\/\/cvinoticias.com\/v3\/wp-json\/wp\/v2\/posts\/1725","targetHints":{"allow":["GET"]}}],"collection":[{"href":"https:\/\/cvinoticias.com\/v3\/wp-json\/wp\/v2\/posts"}],"about":[{"href":"https:\/\/cvinoticias.com\/v3\/wp-json\/wp\/v2\/types\/post"}],"author":[{"embeddable":true,"href":"https:\/\/cvinoticias.com\/v3\/wp-json\/wp\/v2\/users\/2"}],"replies":[{"embeddable":true,"href":"https:\/\/cvinoticias.com\/v3\/wp-json\/wp\/v2\/comments?post=1725"}],"version-history":[{"count":1,"href":"https:\/\/cvinoticias.com\/v3\/wp-json\/wp\/v2\/posts\/1725\/revisions"}],"predecessor-version":[{"id":1727,"href":"https:\/\/cvinoticias.com\/v3\/wp-json\/wp\/v2\/posts\/1725\/revisions\/1727"}],"wp:featuredmedia":[{"embeddable":true,"href":"https:\/\/cvinoticias.com\/v3\/wp-json\/wp\/v2\/media\/1726"}],"wp:attachment":[{"href":"https:\/\/cvinoticias.com\/v3\/wp-json\/wp\/v2\/media?parent=1725"}],"wp:term":[{"taxonomy":"category","embeddable":true,"href":"https:\/\/cvinoticias.com\/v3\/wp-json\/wp\/v2\/categories?post=1725"},{"taxonomy":"post_tag","embeddable":true,"href":"https:\/\/cvinoticias.com\/v3\/wp-json\/wp\/v2\/tags?post=1725"}],"curies":[{"name":"wp","href":"https:\/\/api.w.org\/{rel}","templated":true}]}}