{"id":17244,"date":"2022-07-03T13:32:30","date_gmt":"2022-07-03T13:32:30","guid":{"rendered":"https:\/\/cvinoticias.com\/v3\/?p=17244"},"modified":"2022-07-03T13:32:30","modified_gmt":"2022-07-03T13:32:30","slug":"hoy-3-de-julio-se-conmemora-el-dia-del-locutor-en-argentina","status":"publish","type":"post","link":"https:\/\/cvinoticias.com\/v3\/hoy-3-de-julio-se-conmemora-el-dia-del-locutor-en-argentina\/","title":{"rendered":"Hoy 3 de julio se conmemora el d\u00eda del Locutor en Argentina"},"content":{"rendered":"\n<p><strong><em>La tradici\u00f3n existe desde 1950 y conmemora el nacimiento de la entidad gremial que nuclea a los profesionales de la radiodifusi\u00f3n, la Sociedad Argentina de Locutores.<\/em><\/strong><\/p>\n\n\n\n<p><strong>Peque\u00f1a rese\u00f1a del D\u00eda del Locutor en Argentina<\/strong><\/p>\n\n\n\n<p>La conmemoraci\u00f3n del D\u00eda del Locutor en Argentina encuentra su origen en 1943, cuando un grupo de locutores radiales conformaron la Sociedad Argentina de Locutores. La puesta en pie oficial de la organizaci\u00f3n se llev\u00f3 a cabo un 3 de julio, raz\u00f3n por la cual fue elegido este d\u00eda para conmemorar el D\u00eda del Locutor.<\/p>\n\n\n\n<p>Seg\u00fan el relato de uno de los protagonistas de este evento, los locutores en ese momento se hallaban muy distanciados, al ser parte de radios que difer\u00edan en sus orientaciones y, en ocasiones, tambi\u00e9n compet\u00edan por audiencia. Sin embargo, la propuesta de crear una entidad gremial de Jorge Omar Del R\u00edo hall\u00f3 eco pronto y, ese 3 de julio de 1943, en una sesi\u00f3n extendida hasta las cuatro de la ma\u00f1ana, se cre\u00f3 la Sociedad Argentina de Locutores.<\/p>\n\n\n\n<p>La creaci\u00f3n de un d\u00eda para honrar la labor de estos profesionales llegar\u00eda m\u00e1s tarde, en 1950, cuando un Congreso Nacional de Locutores realizado ese a\u00f1o establecer\u00eda la fecha de fundaci\u00f3n de la SAL como D\u00eda del Locutor Nacional.<\/p>\n","protected":false},"excerpt":{"rendered":"<p>La tradici\u00f3n existe desde 1950 y conmemora el nacimiento de la entidad gremial que nuclea a los profesionales de la radiodifusi\u00f3n, la Sociedad Argentina de Locutores. Peque\u00f1a rese\u00f1a del D\u00eda del Locutor en Argentina La conmemoraci\u00f3n del D\u00eda del Locutor en Argentina encuentra su origen en 1943, cuando un grupo de locutores radiales conformaron la [&hellip;]<\/p>\n","protected":false},"author":2,"featured_media":17245,"comment_status":"open","ping_status":"open","sticky":false,"template":"","format":"standard","meta":{"footnotes":""},"categories":[35],"tags":[],"class_list":["post-17244","post","type-post","status-publish","format-standard","has-post-thumbnail","hentry","category-informacion-general"],"yoast_head":"<!-- This site is optimized with the Yoast SEO plugin v27.5 - https:\/\/yoast.com\/product\/yoast-seo-wordpress\/ -->\n<title>Hoy 3 de julio se conmemora el d\u00eda del Locutor en Argentina | CVI NOTICIAS<\/title>\n<meta name=\"robots\" content=\"index, follow, max-snippet:-1, max-image-preview:large, max-video-preview:-1\" \/>\n<link rel=\"canonical\" href=\"https:\/\/cvinoticias.com\/v3\/hoy-3-de-julio-se-conmemora-el-dia-del-locutor-en-argentina\/\" \/>\n<meta property=\"og:locale\" content=\"es_ES\" \/>\n<meta property=\"og:type\" content=\"article\" \/>\n<meta property=\"og:title\" content=\"Hoy 3 de julio se conmemora el d\u00eda del Locutor en Argentina | CVI NOTICIAS\" \/>\n<meta property=\"og:description\" content=\"La tradici\u00f3n existe desde 1950 y conmemora el nacimiento de la entidad gremial que nuclea a los profesionales de la radiodifusi\u00f3n, la Sociedad Argentina de Locutores. Peque\u00f1a rese\u00f1a del D\u00eda del Locutor en Argentina La conmemoraci\u00f3n del D\u00eda del Locutor en Argentina encuentra su origen en 1943, cuando un grupo de locutores radiales conformaron la [&hellip;]\" \/>\n<meta property=\"og:url\" content=\"https:\/\/cvinoticias.com\/v3\/hoy-3-de-julio-se-conmemora-el-dia-del-locutor-en-argentina\/\" \/>\n<meta property=\"og:site_name\" content=\"CVI NOTICIAS\" \/>\n<meta property=\"article:publisher\" content=\"https:\/\/www.facebook.com\/cvinoticias\" \/>\n<meta property=\"article:published_time\" content=\"2022-07-03T13:32:30+00:00\" \/>\n<meta property=\"og:image\" content=\"https:\/\/cvinoticias.com\/wp-content\/uploads\/2022\/07\/FB_IMG_1656854869548.jpg\" \/>\n\t<meta property=\"og:image:width\" content=\"720\" \/>\n\t<meta property=\"og:image:height\" content=\"594\" \/>\n\t<meta property=\"og:image:type\" content=\"image\/jpeg\" \/>\n<meta name=\"author\" content=\"f1000024\" \/>\n<meta name=\"twitter:card\" content=\"summary_large_image\" \/>\n<meta name=\"twitter:label1\" content=\"Escrito por\" \/>\n\t<meta name=\"twitter:data1\" content=\"f1000024\" \/>\n\t<meta name=\"twitter:label2\" content=\"Tiempo de lectura\" \/>\n\t<meta name=\"twitter:data2\" content=\"1 minuto\" \/>\n<script type=\"application\/ld+json\" class=\"yoast-schema-graph\">{\"@context\":\"https:\\\/\\\/schema.org\",\"@graph\":[{\"@type\":\"Article\",\"@id\":\"https:\\\/\\\/cvinoticias.com\\\/v3\\\/hoy-3-de-julio-se-conmemora-el-dia-del-locutor-en-argentina\\\/#article\",\"isPartOf\":{\"@id\":\"https:\\\/\\\/cvinoticias.com\\\/v3\\\/hoy-3-de-julio-se-conmemora-el-dia-del-locutor-en-argentina\\\/\"},\"author\":{\"name\":\"f1000024\",\"@id\":\"https:\\\/\\\/cvinoticias.com\\\/v3\\\/#\\\/schema\\\/person\\\/2db77e3c6bc03c538495d7b2b8be9b66\"},\"headline\":\"Hoy 3 de julio se conmemora el d\u00eda del Locutor en Argentina\",\"datePublished\":\"2022-07-03T13:32:30+00:00\",\"mainEntityOfPage\":{\"@id\":\"https:\\\/\\\/cvinoticias.com\\\/v3\\\/hoy-3-de-julio-se-conmemora-el-dia-del-locutor-en-argentina\\\/\"},\"wordCount\":238,\"commentCount\":0,\"publisher\":{\"@id\":\"https:\\\/\\\/cvinoticias.com\\\/v3\\\/#organization\"},\"image\":{\"@id\":\"https:\\\/\\\/cvinoticias.com\\\/v3\\\/hoy-3-de-julio-se-conmemora-el-dia-del-locutor-en-argentina\\\/#primaryimage\"},\"thumbnailUrl\":\"https:\\\/\\\/cvinoticias.com\\\/wp-content\\\/uploads\\\/2022\\\/07\\\/FB_IMG_1656854869548.jpg\",\"articleSection\":[\"Informaci\u00f3n General\"],\"inLanguage\":\"es\",\"potentialAction\":[{\"@type\":\"CommentAction\",\"name\":\"Comment\",\"target\":[\"https:\\\/\\\/cvinoticias.com\\\/v3\\\/hoy-3-de-julio-se-conmemora-el-dia-del-locutor-en-argentina\\\/#respond\"]}]},{\"@type\":\"WebPage\",\"@id\":\"https:\\\/\\\/cvinoticias.com\\\/v3\\\/hoy-3-de-julio-se-conmemora-el-dia-del-locutor-en-argentina\\\/\",\"url\":\"https:\\\/\\\/cvinoticias.com\\\/v3\\\/hoy-3-de-julio-se-conmemora-el-dia-del-locutor-en-argentina\\\/\",\"name\":\"Hoy 3 de julio se conmemora el d\u00eda del Locutor en Argentina | CVI NOTICIAS\",\"isPartOf\":{\"@id\":\"https:\\\/\\\/cvinoticias.com\\\/v3\\\/#website\"},\"primaryImageOfPage\":{\"@id\":\"https:\\\/\\\/cvinoticias.com\\\/v3\\\/hoy-3-de-julio-se-conmemora-el-dia-del-locutor-en-argentina\\\/#primaryimage\"},\"image\":{\"@id\":\"https:\\\/\\\/cvinoticias.com\\\/v3\\\/hoy-3-de-julio-se-conmemora-el-dia-del-locutor-en-argentina\\\/#primaryimage\"},\"thumbnailUrl\":\"https:\\\/\\\/cvinoticias.com\\\/wp-content\\\/uploads\\\/2022\\\/07\\\/FB_IMG_1656854869548.jpg\",\"datePublished\":\"2022-07-03T13:32:30+00:00\",\"breadcrumb\":{\"@id\":\"https:\\\/\\\/cvinoticias.com\\\/v3\\\/hoy-3-de-julio-se-conmemora-el-dia-del-locutor-en-argentina\\\/#breadcrumb\"},\"inLanguage\":\"es\",\"potentialAction\":[{\"@type\":\"ReadAction\",\"target\":[\"https:\\\/\\\/cvinoticias.com\\\/v3\\\/hoy-3-de-julio-se-conmemora-el-dia-del-locutor-en-argentina\\\/\"]}]},{\"@type\":\"ImageObject\",\"inLanguage\":\"es\",\"@id\":\"https:\\\/\\\/cvinoticias.com\\\/v3\\\/hoy-3-de-julio-se-conmemora-el-dia-del-locutor-en-argentina\\\/#primaryimage\",\"url\":\"https:\\\/\\\/cvinoticias.com\\\/wp-content\\\/uploads\\\/2022\\\/07\\\/FB_IMG_1656854869548.jpg\",\"contentUrl\":\"https:\\\/\\\/cvinoticias.com\\\/wp-content\\\/uploads\\\/2022\\\/07\\\/FB_IMG_1656854869548.jpg\",\"width\":720,\"height\":594},{\"@type\":\"BreadcrumbList\",\"@id\":\"https:\\\/\\\/cvinoticias.com\\\/v3\\\/hoy-3-de-julio-se-conmemora-el-dia-del-locutor-en-argentina\\\/#breadcrumb\",\"itemListElement\":[{\"@type\":\"ListItem\",\"position\":1,\"name\":\"Portada\",\"item\":\"https:\\\/\\\/cvinoticias.com\\\/v3\\\/\"},{\"@type\":\"ListItem\",\"position\":2,\"name\":\"Hoy 3 de julio se conmemora el d\u00eda del Locutor en Argentina\"}]},{\"@type\":\"WebSite\",\"@id\":\"https:\\\/\\\/cvinoticias.com\\\/v3\\\/#website\",\"url\":\"https:\\\/\\\/cvinoticias.com\\\/v3\\\/\",\"name\":\"CVI NOTICIAS\",\"description\":\"\",\"publisher\":{\"@id\":\"https:\\\/\\\/cvinoticias.com\\\/v3\\\/#organization\"},\"alternateName\":\"CVI\",\"potentialAction\":[{\"@type\":\"SearchAction\",\"target\":{\"@type\":\"EntryPoint\",\"urlTemplate\":\"https:\\\/\\\/cvinoticias.com\\\/v3\\\/?s={search_term_string}\"},\"query-input\":{\"@type\":\"PropertyValueSpecification\",\"valueRequired\":true,\"valueName\":\"search_term_string\"}}],\"inLanguage\":\"es\"},{\"@type\":\"Organization\",\"@id\":\"https:\\\/\\\/cvinoticias.com\\\/v3\\\/#organization\",\"name\":\"CVI NOTICIAS\",\"url\":\"https:\\\/\\\/cvinoticias.com\\\/v3\\\/\",\"logo\":{\"@type\":\"ImageObject\",\"inLanguage\":\"es\",\"@id\":\"https:\\\/\\\/cvinoticias.com\\\/v3\\\/#\\\/schema\\\/logo\\\/image\\\/\",\"url\":\"https:\\\/\\\/cvinoticias.com\\\/wp-content\\\/uploads\\\/2023\\\/04\\\/cropped-cropped-cropped-cropped-cropped-3-1.png\",\"contentUrl\":\"https:\\\/\\\/cvinoticias.com\\\/wp-content\\\/uploads\\\/2023\\\/04\\\/cropped-cropped-cropped-cropped-cropped-3-1.png\",\"width\":95,\"height\":122,\"caption\":\"CVI NOTICIAS\"},\"image\":{\"@id\":\"https:\\\/\\\/cvinoticias.com\\\/v3\\\/#\\\/schema\\\/logo\\\/image\\\/\"},\"sameAs\":[\"https:\\\/\\\/www.facebook.com\\\/cvinoticias\",\"https:\\\/\\\/www.instagram.com\\\/cvinoticias\\\/\",\"https:\\\/\\\/www.youtube.com\\\/@CVINOTICIAS\"]},{\"@type\":\"Person\",\"@id\":\"https:\\\/\\\/cvinoticias.com\\\/v3\\\/#\\\/schema\\\/person\\\/2db77e3c6bc03c538495d7b2b8be9b66\",\"name\":\"f1000024\",\"image\":{\"@type\":\"ImageObject\",\"inLanguage\":\"es\",\"@id\":\"https:\\\/\\\/secure.gravatar.com\\\/avatar\\\/d4fe7459cfc51ff5129ce1a732bbef5928568b8092d412ef95611616376bbeed?s=96&d=mm&r=g\",\"url\":\"https:\\\/\\\/secure.gravatar.com\\\/avatar\\\/d4fe7459cfc51ff5129ce1a732bbef5928568b8092d412ef95611616376bbeed?s=96&d=mm&r=g\",\"contentUrl\":\"https:\\\/\\\/secure.gravatar.com\\\/avatar\\\/d4fe7459cfc51ff5129ce1a732bbef5928568b8092d412ef95611616376bbeed?s=96&d=mm&r=g\",\"caption\":\"f1000024\"},\"url\":\"https:\\\/\\\/cvinoticias.com\\\/v3\\\/author\\\/f1000024\\\/\"}]}<\/script>\n<!-- \/ Yoast SEO plugin. -->","yoast_head_json":{"title":"Hoy 3 de julio se conmemora el d\u00eda del Locutor en Argentina | CVI NOTICIAS","robots":{"index":"index","follow":"follow","max-snippet":"max-snippet:-1","max-image-preview":"max-image-preview:large","max-video-preview":"max-video-preview:-1"},"canonical":"https:\/\/cvinoticias.com\/v3\/hoy-3-de-julio-se-conmemora-el-dia-del-locutor-en-argentina\/","og_locale":"es_ES","og_type":"article","og_title":"Hoy 3 de julio se conmemora el d\u00eda del Locutor en Argentina | CVI NOTICIAS","og_description":"La tradici\u00f3n existe desde 1950 y conmemora el nacimiento de la entidad gremial que nuclea a los profesionales de la radiodifusi\u00f3n, la Sociedad Argentina de Locutores. Peque\u00f1a rese\u00f1a del D\u00eda del Locutor en Argentina La conmemoraci\u00f3n del D\u00eda del Locutor en Argentina encuentra su origen en 1943, cuando un grupo de locutores radiales conformaron la [&hellip;]","og_url":"https:\/\/cvinoticias.com\/v3\/hoy-3-de-julio-se-conmemora-el-dia-del-locutor-en-argentina\/","og_site_name":"CVI NOTICIAS","article_publisher":"https:\/\/www.facebook.com\/cvinoticias","article_published_time":"2022-07-03T13:32:30+00:00","og_image":[{"width":720,"height":594,"url":"https:\/\/cvinoticias.com\/wp-content\/uploads\/2022\/07\/FB_IMG_1656854869548.jpg","type":"image\/jpeg"}],"author":"f1000024","twitter_card":"summary_large_image","twitter_misc":{"Escrito por":"f1000024","Tiempo de lectura":"1 minuto"},"schema":{"@context":"https:\/\/schema.org","@graph":[{"@type":"Article","@id":"https:\/\/cvinoticias.com\/v3\/hoy-3-de-julio-se-conmemora-el-dia-del-locutor-en-argentina\/#article","isPartOf":{"@id":"https:\/\/cvinoticias.com\/v3\/hoy-3-de-julio-se-conmemora-el-dia-del-locutor-en-argentina\/"},"author":{"name":"f1000024","@id":"https:\/\/cvinoticias.com\/v3\/#\/schema\/person\/2db77e3c6bc03c538495d7b2b8be9b66"},"headline":"Hoy 3 de julio se conmemora el d\u00eda del Locutor en Argentina","datePublished":"2022-07-03T13:32:30+00:00","mainEntityOfPage":{"@id":"https:\/\/cvinoticias.com\/v3\/hoy-3-de-julio-se-conmemora-el-dia-del-locutor-en-argentina\/"},"wordCount":238,"commentCount":0,"publisher":{"@id":"https:\/\/cvinoticias.com\/v3\/#organization"},"image":{"@id":"https:\/\/cvinoticias.com\/v3\/hoy-3-de-julio-se-conmemora-el-dia-del-locutor-en-argentina\/#primaryimage"},"thumbnailUrl":"https:\/\/cvinoticias.com\/wp-content\/uploads\/2022\/07\/FB_IMG_1656854869548.jpg","articleSection":["Informaci\u00f3n General"],"inLanguage":"es","potentialAction":[{"@type":"CommentAction","name":"Comment","target":["https:\/\/cvinoticias.com\/v3\/hoy-3-de-julio-se-conmemora-el-dia-del-locutor-en-argentina\/#respond"]}]},{"@type":"WebPage","@id":"https:\/\/cvinoticias.com\/v3\/hoy-3-de-julio-se-conmemora-el-dia-del-locutor-en-argentina\/","url":"https:\/\/cvinoticias.com\/v3\/hoy-3-de-julio-se-conmemora-el-dia-del-locutor-en-argentina\/","name":"Hoy 3 de julio se conmemora el d\u00eda del Locutor en Argentina | CVI NOTICIAS","isPartOf":{"@id":"https:\/\/cvinoticias.com\/v3\/#website"},"primaryImageOfPage":{"@id":"https:\/\/cvinoticias.com\/v3\/hoy-3-de-julio-se-conmemora-el-dia-del-locutor-en-argentina\/#primaryimage"},"image":{"@id":"https:\/\/cvinoticias.com\/v3\/hoy-3-de-julio-se-conmemora-el-dia-del-locutor-en-argentina\/#primaryimage"},"thumbnailUrl":"https:\/\/cvinoticias.com\/wp-content\/uploads\/2022\/07\/FB_IMG_1656854869548.jpg","datePublished":"2022-07-03T13:32:30+00:00","breadcrumb":{"@id":"https:\/\/cvinoticias.com\/v3\/hoy-3-de-julio-se-conmemora-el-dia-del-locutor-en-argentina\/#breadcrumb"},"inLanguage":"es","potentialAction":[{"@type":"ReadAction","target":["https:\/\/cvinoticias.com\/v3\/hoy-3-de-julio-se-conmemora-el-dia-del-locutor-en-argentina\/"]}]},{"@type":"ImageObject","inLanguage":"es","@id":"https:\/\/cvinoticias.com\/v3\/hoy-3-de-julio-se-conmemora-el-dia-del-locutor-en-argentina\/#primaryimage","url":"https:\/\/cvinoticias.com\/wp-content\/uploads\/2022\/07\/FB_IMG_1656854869548.jpg","contentUrl":"https:\/\/cvinoticias.com\/wp-content\/uploads\/2022\/07\/FB_IMG_1656854869548.jpg","width":720,"height":594},{"@type":"BreadcrumbList","@id":"https:\/\/cvinoticias.com\/v3\/hoy-3-de-julio-se-conmemora-el-dia-del-locutor-en-argentina\/#breadcrumb","itemListElement":[{"@type":"ListItem","position":1,"name":"Portada","item":"https:\/\/cvinoticias.com\/v3\/"},{"@type":"ListItem","position":2,"name":"Hoy 3 de julio se conmemora el d\u00eda del Locutor en Argentina"}]},{"@type":"WebSite","@id":"https:\/\/cvinoticias.com\/v3\/#website","url":"https:\/\/cvinoticias.com\/v3\/","name":"CVI NOTICIAS","description":"","publisher":{"@id":"https:\/\/cvinoticias.com\/v3\/#organization"},"alternateName":"CVI","potentialAction":[{"@type":"SearchAction","target":{"@type":"EntryPoint","urlTemplate":"https:\/\/cvinoticias.com\/v3\/?s={search_term_string}"},"query-input":{"@type":"PropertyValueSpecification","valueRequired":true,"valueName":"search_term_string"}}],"inLanguage":"es"},{"@type":"Organization","@id":"https:\/\/cvinoticias.com\/v3\/#organization","name":"CVI NOTICIAS","url":"https:\/\/cvinoticias.com\/v3\/","logo":{"@type":"ImageObject","inLanguage":"es","@id":"https:\/\/cvinoticias.com\/v3\/#\/schema\/logo\/image\/","url":"https:\/\/cvinoticias.com\/wp-content\/uploads\/2023\/04\/cropped-cropped-cropped-cropped-cropped-3-1.png","contentUrl":"https:\/\/cvinoticias.com\/wp-content\/uploads\/2023\/04\/cropped-cropped-cropped-cropped-cropped-3-1.png","width":95,"height":122,"caption":"CVI NOTICIAS"},"image":{"@id":"https:\/\/cvinoticias.com\/v3\/#\/schema\/logo\/image\/"},"sameAs":["https:\/\/www.facebook.com\/cvinoticias","https:\/\/www.instagram.com\/cvinoticias\/","https:\/\/www.youtube.com\/@CVINOTICIAS"]},{"@type":"Person","@id":"https:\/\/cvinoticias.com\/v3\/#\/schema\/person\/2db77e3c6bc03c538495d7b2b8be9b66","name":"f1000024","image":{"@type":"ImageObject","inLanguage":"es","@id":"https:\/\/secure.gravatar.com\/avatar\/d4fe7459cfc51ff5129ce1a732bbef5928568b8092d412ef95611616376bbeed?s=96&d=mm&r=g","url":"https:\/\/secure.gravatar.com\/avatar\/d4fe7459cfc51ff5129ce1a732bbef5928568b8092d412ef95611616376bbeed?s=96&d=mm&r=g","contentUrl":"https:\/\/secure.gravatar.com\/avatar\/d4fe7459cfc51ff5129ce1a732bbef5928568b8092d412ef95611616376bbeed?s=96&d=mm&r=g","caption":"f1000024"},"url":"https:\/\/cvinoticias.com\/v3\/author\/f1000024\/"}]}},"_links":{"self":[{"href":"https:\/\/cvinoticias.com\/v3\/wp-json\/wp\/v2\/posts\/17244","targetHints":{"allow":["GET"]}}],"collection":[{"href":"https:\/\/cvinoticias.com\/v3\/wp-json\/wp\/v2\/posts"}],"about":[{"href":"https:\/\/cvinoticias.com\/v3\/wp-json\/wp\/v2\/types\/post"}],"author":[{"embeddable":true,"href":"https:\/\/cvinoticias.com\/v3\/wp-json\/wp\/v2\/users\/2"}],"replies":[{"embeddable":true,"href":"https:\/\/cvinoticias.com\/v3\/wp-json\/wp\/v2\/comments?post=17244"}],"version-history":[{"count":1,"href":"https:\/\/cvinoticias.com\/v3\/wp-json\/wp\/v2\/posts\/17244\/revisions"}],"predecessor-version":[{"id":17246,"href":"https:\/\/cvinoticias.com\/v3\/wp-json\/wp\/v2\/posts\/17244\/revisions\/17246"}],"wp:featuredmedia":[{"embeddable":true,"href":"https:\/\/cvinoticias.com\/v3\/wp-json\/wp\/v2\/media\/17245"}],"wp:attachment":[{"href":"https:\/\/cvinoticias.com\/v3\/wp-json\/wp\/v2\/media?parent=17244"}],"wp:term":[{"taxonomy":"category","embeddable":true,"href":"https:\/\/cvinoticias.com\/v3\/wp-json\/wp\/v2\/categories?post=17244"},{"taxonomy":"post_tag","embeddable":true,"href":"https:\/\/cvinoticias.com\/v3\/wp-json\/wp\/v2\/tags?post=17244"}],"curies":[{"name":"wp","href":"https:\/\/api.w.org\/{rel}","templated":true}]}}