{"id":17241,"date":"2022-07-03T13:09:38","date_gmt":"2022-07-03T13:09:38","guid":{"rendered":"https:\/\/cvinoticias.com\/v3\/?p=17241"},"modified":"2022-07-03T13:09:38","modified_gmt":"2022-07-03T13:09:38","slug":"la-importancia-de-la-autonomia-politica","status":"publish","type":"post","link":"https:\/\/cvinoticias.com\/v3\/la-importancia-de-la-autonomia-politica\/","title":{"rendered":"LA IMPORTANCIA DE LA AUTONOM\u00cdA POL\u00cdTICA."},"content":{"rendered":"\n<p><strong><em>El Gobierno de la Provincia impone la agenda de los misioneros pese a la creciente presi\u00f3n de las fuerzas nacionales por instalar los debates nacionales que no aportan soluciones concretas para Misiones.<\/em><\/strong><\/p>\n\n\n\n<p>Sin propuestas, la oposici\u00f3n busca sacar r\u00e9dito en cada conflicto social generado por la dif\u00edcil coyuntura marcada por la crisis econ\u00f3mica y la disputa permanente por espacios de poder.<\/p>\n\n\n\n<p><strong>(*) Por Nicol\u00e1s Marchiori<\/strong><\/p>\n\n\n\n<p>La Argentina de \u201cla grieta\u201d est\u00e1 m\u00e1s vigente que nunca. En un contexto en donde el pa\u00eds se encuentra atravesado por una crisis econ\u00f3mica de alta complejidad, la situaci\u00f3n se agrava por problemas generados en torno a la representatividad pol\u00edtica. La gente se ha vuelto intolerante con la clase pol\u00edtica producto de la disociaci\u00f3n reinante entre los dirigentes con la realidad, dirigentes que no est\u00e1n demostrando capacidad para identificar cu\u00e1les son las verdaderas necesidades de la gente y actuar en consecuencia.<\/p>\n\n\n\n<p>La necesidad de ganar visibilidad pol\u00edtica en el presente a cualquier precio y de manera r\u00e1pida hace que un sector de la clase dirigente omita el di\u00e1logo pol\u00edtico. Los nuevos tiempos est\u00e1n marcados por pr\u00e1cticas que degradan el intercambio p\u00fablico, coherente, constructivo y respetuoso.<\/p>\n\n\n\n<p>La sociedad est\u00e1 pasando por una etapa de agobio, y gran parte de los actores pol\u00edticos se encuentran atrapados en una burbuja en que no les permite ver la realidad m\u00e1s all\u00e1 de las disputas por espacios de poder.<\/p>\n\n\n\n<p>En la nueva din\u00e1mica que impone \u201cLa Grieta\u201d, que desde Buenos Aires amenaza con propagarse a\u00fan hasta la Argentina perif\u00e9rica y olvidada, no existen argumentos sino la idea de triunfar frente a los otros para humillar, ridiculizar y producirles desprestigio y verg\u00fcenza p\u00fablica. Estas pr\u00e1cticas se dan en los bordes del espectro pol\u00edtico que pueden silenciar el medio. Opera como una fuerza centr\u00edfuga que arrasa con el centro, el t\u00e9rmino medio, la moderaci\u00f3n. La Grieta funciona as\u00ed, no existe nada m\u00e1s all\u00e1 de la l\u00f3gica amigo\/enemigo. Este fen\u00f3meno afecta los cimientos de la vida democr\u00e1tica porque no busca el consenso, sino el rid\u00edculo. Tampoco busca ideas o razones, sino risas y adhesiones, y no importa cu\u00e1l sea el precio que se deba pagar.<\/p>\n\n\n\n<p>El efecto de este nuevo escenario es devastador porque mantiene a las personas en cada extremo juntas, pero no las mueve hacia el consenso. Los discursos de odio buscan establecer barreras morales de lo aceptable, de lo leg\u00edtimo, pero no para marcar la diferencia de manera positiva, sino para aplastar la identidad contraria y reducirla a la nada. El discurso pol\u00edtico se vuelve en una expresi\u00f3n puramente autoritaria. Lo que duele a un sector llega a ser celebraci\u00f3n para el otro, no importa si el hecho implica un perjuicio o afecta negativamente a la ciudadan\u00eda.<\/p>\n\n\n\n<p>En democracia, las conversaciones civiles, el debate racional, se consideran una piedra angular. Como contrapartida, la incivilidad perjudica la participaci\u00f3n de los ciudadanos en discusiones razonadas y aumenta la polarizaci\u00f3n pol\u00edtica extrema.<\/p>\n\n\n\n<p>En este complejo contexto la \u00fanica verdad que importa es \u201cmi\u201d verdad. No se puede dejar de tener en cuenta que en el entramado social existen muchos p\u00fablicos, cada uno con sus propios intereses, informaci\u00f3n, necesidades, preocupaciones y prioridades. En efecto, existen diferentes verdades. Es por ello que no se puede establecer cu\u00e1l es la ubicaci\u00f3n exacta de la verdad. En virtud de ello, la polarizaci\u00f3n en torno a los temas es \u201cafectiva\u201d.<\/p>\n\n\n\n<p>La soci\u00f3loga e investigadora Natalia Aruguete la define como \u201cla distancia afectiva que declara los votantes de los distintos partidos al observar un mensaje pol\u00edtico\u201d. Como consecuencia, aquello que los enoja, los entusiasma o los entristece incide fuertemente en sus reacciones frente a los mensajes y da forma a nuestra interpretaci\u00f3n de la realidad social.<\/p>\n\n\n\n<p>Lo \u201canti\u201d funciona mejor, es m\u00e1s efectivo. La otredad ya no interpela. El l\u00edmite entre la libertad de expresi\u00f3n versus la libertad de agresi\u00f3n se vuelve borroso y confuso. Por ende, siempre alg\u00fan derecho se ve afectado. En la pol\u00edtica sin filtro, los discursos son m\u00e1s simples, con menos argumentos e ideas, incluso vac\u00edas de contenido.<\/p>\n\n\n\n<p><strong>Los intereses de los misioneros por encima de todo.<\/strong><\/p>\n\n\n\n<p>Una de las primeras definiciones que aprenden quienes inician su camino por el maravilloso mundo del Derecho es aquella atribuida Gnaeus Domitius Annius Ulpianus \u201cla justicia es la constante y perpetua voluntad de dar a cada uno lo suyo\u201d. Ahora bien, es imposible que quien alguien carente de voluntad pueda dar a cada uno lo que le pertenece, es decir, obrar con justicia.<\/p>\n\n\n\n<p>Sin voluntad es inconcebible la idea de justicia. En ese sentido, en los hechos de preceden a cada acci\u00f3n llevada adelante, el Gobierno Provincial que enarbola con orgullo las banderas de un federalismo plasmado en el esp\u00edritu del \u201cProyecto Misionerista\u201d vemos la constante y perpetua voluntad de dar cada uno lo suyo, es decir, de hacer justicia, justicia social pensando en el pueblo sin importar la ubicaci\u00f3n geogr\u00e1fica.<\/p>\n\n\n\n<p>El mayor capital que tiene el Gobierno de la Renovaci\u00f3n es la gesti\u00f3n incansable que no distingue d\u00edas ni horarios. El misionero siempre est\u00e1 en el centro de la pol\u00edtica. A ella se debe cada una de las acciones de reivindicaci\u00f3n de derechos, de lucha por lo que les pertenece y muchas veces la mirada esquiva del pa\u00eds central busca ignorar.<\/p>\n\n\n\n<p>Sin importar el color pol\u00edtico que lleva las riendas de la pol\u00edtica argentina, la Renovaci\u00f3n ha garantizado siempre que la voz de los misioneros sea escuchada en la Naci\u00f3n. Ah\u00ed radica la importancia de la autonom\u00eda pol\u00edtica, la importancia de no estar atado un partido nacional que imponga la agenda a m\u00e1s de mil kil\u00f3metros, alejados de la realidad y desconociendo las verdaderas necesidades de los misioneros.<\/p>\n\n\n\n<p>El Gobierno Provincial luce un proceso de regeneraci\u00f3n continua, y en esa din\u00e1mica es normal ver cambios constantes con el objetivo de mejorar d\u00eda a d\u00eda, optimizando los recursos y lugares. Caras nuevas y j\u00f3venes, se amalgaman con la experiencia de quienes ya han transitado un trecho dentro de la funci\u00f3n p\u00fablica generando una sinergia que lleva a la obtenci\u00f3n de resultados exitosos.<\/p>\n\n\n\n<p><strong>Poder, nada m\u00e1s importa.<\/strong><\/p>\n\n\n\n<p>El hecho m\u00e1s trascendental de la semana en la agenda de Juntos por el Cambio fue la visita de la Presidente del PRO, Patricia Bullrich a la ciudad de las cataratas, un hecho que para el com\u00fan de los misioneros pas\u00f3 desapercibido. El paso de la ex ministra macrista dej\u00f3 al descubierto que, por m\u00e1s que lo intenten ocultar y demostrar lo contrario, existe una feroz interna entre la dirigencia misionera de Juntos por el Cambio. Pese a los esfuerzos de algunos referentes que pretend\u00edan exponerla como la candidata natural a la Presidencia, otras la consideran solo una m\u00e1s dentro de una decena de postulantes que se quieren posicionar de caras al 2023.<\/p>\n\n\n\n<p>Cada uno de ellos tiene un referente distinto en Misiones y ese escenario genera problemas de divisi\u00f3n y de intentos por frenar el crecimiento de los dem\u00e1s. De esta forma aflora una divisi\u00f3n marcada por intereses diferentes en donde la disputa por el poder, el manejo de recursos y fondos, y los cargos est\u00e1n a la orden del d\u00eda. Como consecuencia, las disputas por el poder se lleva toda la atenci\u00f3n, pasando a un segundo plano las necesidades y problemas de la gente.<br>Similar escenario de expresiones internas disonantes se replica a nivel provincial, en donde son varios que se ilusionan con la idea de llegar a La Rosadita.<\/p>\n\n\n\n<p>Este complejo entramado que presenta Juntos por el Cambio tanto a nivel nacional como provincial obedece al grave problema de una falta de liderazgo. La p\u00e9sima gesti\u00f3n como Presidente de Mauricio Macri le genera serias dificultades para plantarse como el candidato natural del espacio ya que su figura ha quedado debilitada y ha desaparecido del centro de la pol\u00edtica tras perder en 2019 refugi\u00e1ndose en el cargo creado por la Fundaci\u00f3n FIFA, que lo proclam\u00f3 como su Presidente. En ese contexto, todos se animan a disputarle la plaza de candidato a Presidente de la Naci\u00f3n en 2023.<\/p>\n\n\n\n<p>En Misiones, Mart\u00edn Arjol envalentonado por los resultados que derivaron del voto bronca contra el kirchnerismo en las Elecciones Legislativas Nacionales del 2021 y que fueron capitalizados por Juntos por el Cambio a lo largo y a lo ancho del pa\u00eds, pretend\u00eda ser el candidato natural, pero no ha logrado mostrar capacidad para poder aglutinar a las diferentes l\u00edneas internas de la coalici\u00f3n opositora ni tampoco ha podido validar un liderazgo f\u00e9rreo que lo ubique como un faro de referencia. En cuanto a la opini\u00f3n p\u00fablica, uno de los aspectos que remarcan con mayor \u00e9nfasis es que en 10 a\u00f1os como concejal de Posadas y en el tiempo que lleva como Diputado Nacional no ha logrado nada concreto ni de relevancia ni para los posade\u00f1os ni para los misioneros.<\/p>\n\n\n\n<p><strong>Al pie de la letra.<\/strong><\/p>\n\n\n\n<p>Cuando nos referimos a la expresi\u00f3n popular \u201cal pie de la letra\u201d, hacemos alusi\u00f3n a aquello que es \u201cliteralmente\u201d o \u201csin variaci\u00f3n, sin a\u00f1adir ni quitar nada\u201d. La dependencia de a una fuerza nacional y consecuentemente su influencia, lleva a que la ejecuci\u00f3n de cada acci\u00f3n se ajuste a las \u00f3rdenes que fueron impartidas debiendo cumplirlas a rajatabla.<\/p>\n\n\n\n<p>Los dirigentes locales tanto de Juntos por el Cambio como del Frente de Todos, por m\u00e1s que quieran escapar a la din\u00e1mica de impuesta por \u201cLa Grieta\u201d no lo pueden hacer. La gran dificultad que les plantea el escenario local es que el pueblo misionero es pac\u00edfico por naturaleza, lo que torna muy dif\u00edcil la instalaci\u00f3n de la polarizaci\u00f3n que reina en Buenos Aires.<\/p>\n\n\n\n<p>Ante \u00e9sta situaci\u00f3n, de un tiempo a esta parte se viene vislumbrando un peligroso accionar por parte de las fuerzas nacionales que atenta contra la paz social en Misiones. Esto es, ante cada hecho que pueda ser generador de conflicto o disputa en alg\u00fan sector determinado de la sociedad, buscan sacar alg\u00fan tipo de r\u00e9dito pol\u00edtico tratando de empatizar forzosamente con el sector en cuesti\u00f3n. Ha pasado con el conflicto docente, en donde fue de p\u00fablico conocimiento la presencia de algunos dirigentes opositores tanto en el acampe como en los cortes de ruta, y recientemente con la manifestaci\u00f3n de un sector de empleados municipales que protagonizaron un dur\u00edsimo enfrentamiento con agentes de la Polic\u00eda de Misiones.<\/p>\n\n\n\n<p>La metodolog\u00eda ha sido id\u00e9ntica, mostrarse cercano al sector y receptivo de sus reclamos. La actitud forzada, en este caso de referentes de Juntos por el Cambio, es totalmente opuesta a la postura que demostraron durante los a\u00f1os que gobernaron el pa\u00eds con Mauricio Macri. El sector educativo fue severamente perjudicado durante la presidencia del macrismo: desinversi\u00f3n, p\u00e9rdida del poder adquisitivo, precarizaci\u00f3n laboral.<\/p>\n\n\n\n<p>Con respecto al accionar de las fuerzas de seguridad es a\u00fan m\u00e1s inentendible el giro en la concepci\u00f3n: defensores de la \u201cDoctrina Chocobar\u201d impulsada por quien por aquel entonces era Ministra de Seguridad y hoy es una de las m\u00e1ximas referentes nacionales del espacio, Patricia Bullrich, sosten\u00edan que \u201cse debe cuidar a quienes nos cuidan\u201d, intentando otorgar amplias facultades para el accionar de las fuerzas de seguridad sin importar si ello podr\u00eda derivar en una licencia para reprimir sin mucha justificaci\u00f3n.<\/p>\n\n\n\n<p>En la disputa por espacios de poder y en la desesperada b\u00fasqueda de un mayor posicionamiento ante diferentes sectores de la sociedad es importante entender que no todo vale, m\u00e1xime cuando las acciones llevadas adelante ponen en peligro la paz social.<\/p>\n\n\n\n<p><strong>@nicomarchioriok<\/strong><\/p>\n\n\n\n<p>Abogado. Diplomado en Manejo de Crisis y en An\u00e1lisis de Procesos Electorales. Posgrado de Especializaci\u00f3n en Comunicaci\u00f3n de Gobierno y Electoral. Becario de la Fundaci\u00f3n Konrad Adenauer y del Centro de An\u00e1lisis y Entrenamiento Pol\u00edtico &#8211; CAEP (Colombia).-<\/p>\n","protected":false},"excerpt":{"rendered":"<p>El Gobierno de la Provincia impone la agenda de los misioneros pese a la creciente presi\u00f3n de las fuerzas nacionales por instalar los debates nacionales que no aportan soluciones concretas para Misiones. Sin propuestas, la oposici\u00f3n busca sacar r\u00e9dito en cada conflicto social generado por la dif\u00edcil coyuntura marcada por la crisis econ\u00f3mica y la [&hellip;]<\/p>\n","protected":false},"author":2,"featured_media":17242,"comment_status":"open","ping_status":"open","sticky":false,"template":"","format":"standard","meta":{"footnotes":""},"categories":[35],"tags":[],"class_list":["post-17241","post","type-post","status-publish","format-standard","has-post-thumbnail","hentry","category-informacion-general"],"yoast_head":"<!-- This site is optimized with the Yoast SEO plugin v27.5 - https:\/\/yoast.com\/product\/yoast-seo-wordpress\/ -->\n<title>LA IMPORTANCIA DE LA AUTONOM\u00cdA POL\u00cdTICA. | CVI NOTICIAS<\/title>\n<meta name=\"robots\" content=\"index, follow, max-snippet:-1, max-image-preview:large, max-video-preview:-1\" \/>\n<link rel=\"canonical\" href=\"https:\/\/cvinoticias.com\/v3\/la-importancia-de-la-autonomia-politica\/\" \/>\n<meta property=\"og:locale\" content=\"es_ES\" \/>\n<meta property=\"og:type\" content=\"article\" \/>\n<meta property=\"og:title\" content=\"LA IMPORTANCIA DE LA AUTONOM\u00cdA POL\u00cdTICA. | CVI NOTICIAS\" \/>\n<meta property=\"og:description\" content=\"El Gobierno de la Provincia impone la agenda de los misioneros pese a la creciente presi\u00f3n de las fuerzas nacionales por instalar los debates nacionales que no aportan soluciones concretas para Misiones. Sin propuestas, la oposici\u00f3n busca sacar r\u00e9dito en cada conflicto social generado por la dif\u00edcil coyuntura marcada por la crisis econ\u00f3mica y la [&hellip;]\" \/>\n<meta property=\"og:url\" content=\"https:\/\/cvinoticias.com\/v3\/la-importancia-de-la-autonomia-politica\/\" \/>\n<meta property=\"og:site_name\" content=\"CVI NOTICIAS\" \/>\n<meta property=\"article:publisher\" content=\"https:\/\/www.facebook.com\/cvinoticias\" \/>\n<meta property=\"article:published_time\" content=\"2022-07-03T13:09:38+00:00\" \/>\n<meta property=\"og:image\" content=\"https:\/\/cvinoticias.com\/wp-content\/uploads\/2022\/07\/IMG-20220703-WA0016.jpg\" \/>\n\t<meta property=\"og:image:width\" content=\"720\" \/>\n\t<meta property=\"og:image:height\" content=\"481\" \/>\n\t<meta property=\"og:image:type\" content=\"image\/jpeg\" \/>\n<meta name=\"author\" content=\"f1000024\" \/>\n<meta name=\"twitter:card\" content=\"summary_large_image\" \/>\n<meta name=\"twitter:label1\" content=\"Escrito por\" \/>\n\t<meta name=\"twitter:data1\" content=\"f1000024\" \/>\n\t<meta name=\"twitter:label2\" content=\"Tiempo de lectura\" \/>\n\t<meta name=\"twitter:data2\" content=\"10 minutos\" \/>\n<script type=\"application\/ld+json\" class=\"yoast-schema-graph\">{\"@context\":\"https:\\\/\\\/schema.org\",\"@graph\":[{\"@type\":\"Article\",\"@id\":\"https:\\\/\\\/cvinoticias.com\\\/v3\\\/la-importancia-de-la-autonomia-politica\\\/#article\",\"isPartOf\":{\"@id\":\"https:\\\/\\\/cvinoticias.com\\\/v3\\\/la-importancia-de-la-autonomia-politica\\\/\"},\"author\":{\"name\":\"f1000024\",\"@id\":\"https:\\\/\\\/cvinoticias.com\\\/v3\\\/#\\\/schema\\\/person\\\/2db77e3c6bc03c538495d7b2b8be9b66\"},\"headline\":\"LA IMPORTANCIA DE LA AUTONOM\u00cdA POL\u00cdTICA.\",\"datePublished\":\"2022-07-03T13:09:38+00:00\",\"mainEntityOfPage\":{\"@id\":\"https:\\\/\\\/cvinoticias.com\\\/v3\\\/la-importancia-de-la-autonomia-politica\\\/\"},\"wordCount\":2078,\"commentCount\":0,\"publisher\":{\"@id\":\"https:\\\/\\\/cvinoticias.com\\\/v3\\\/#organization\"},\"image\":{\"@id\":\"https:\\\/\\\/cvinoticias.com\\\/v3\\\/la-importancia-de-la-autonomia-politica\\\/#primaryimage\"},\"thumbnailUrl\":\"https:\\\/\\\/cvinoticias.com\\\/wp-content\\\/uploads\\\/2022\\\/07\\\/IMG-20220703-WA0016.jpg\",\"articleSection\":[\"Informaci\u00f3n General\"],\"inLanguage\":\"es\",\"potentialAction\":[{\"@type\":\"CommentAction\",\"name\":\"Comment\",\"target\":[\"https:\\\/\\\/cvinoticias.com\\\/v3\\\/la-importancia-de-la-autonomia-politica\\\/#respond\"]}]},{\"@type\":\"WebPage\",\"@id\":\"https:\\\/\\\/cvinoticias.com\\\/v3\\\/la-importancia-de-la-autonomia-politica\\\/\",\"url\":\"https:\\\/\\\/cvinoticias.com\\\/v3\\\/la-importancia-de-la-autonomia-politica\\\/\",\"name\":\"LA IMPORTANCIA DE LA AUTONOM\u00cdA POL\u00cdTICA. | CVI NOTICIAS\",\"isPartOf\":{\"@id\":\"https:\\\/\\\/cvinoticias.com\\\/v3\\\/#website\"},\"primaryImageOfPage\":{\"@id\":\"https:\\\/\\\/cvinoticias.com\\\/v3\\\/la-importancia-de-la-autonomia-politica\\\/#primaryimage\"},\"image\":{\"@id\":\"https:\\\/\\\/cvinoticias.com\\\/v3\\\/la-importancia-de-la-autonomia-politica\\\/#primaryimage\"},\"thumbnailUrl\":\"https:\\\/\\\/cvinoticias.com\\\/wp-content\\\/uploads\\\/2022\\\/07\\\/IMG-20220703-WA0016.jpg\",\"datePublished\":\"2022-07-03T13:09:38+00:00\",\"breadcrumb\":{\"@id\":\"https:\\\/\\\/cvinoticias.com\\\/v3\\\/la-importancia-de-la-autonomia-politica\\\/#breadcrumb\"},\"inLanguage\":\"es\",\"potentialAction\":[{\"@type\":\"ReadAction\",\"target\":[\"https:\\\/\\\/cvinoticias.com\\\/v3\\\/la-importancia-de-la-autonomia-politica\\\/\"]}]},{\"@type\":\"ImageObject\",\"inLanguage\":\"es\",\"@id\":\"https:\\\/\\\/cvinoticias.com\\\/v3\\\/la-importancia-de-la-autonomia-politica\\\/#primaryimage\",\"url\":\"https:\\\/\\\/cvinoticias.com\\\/wp-content\\\/uploads\\\/2022\\\/07\\\/IMG-20220703-WA0016.jpg\",\"contentUrl\":\"https:\\\/\\\/cvinoticias.com\\\/wp-content\\\/uploads\\\/2022\\\/07\\\/IMG-20220703-WA0016.jpg\",\"width\":720,\"height\":481},{\"@type\":\"BreadcrumbList\",\"@id\":\"https:\\\/\\\/cvinoticias.com\\\/v3\\\/la-importancia-de-la-autonomia-politica\\\/#breadcrumb\",\"itemListElement\":[{\"@type\":\"ListItem\",\"position\":1,\"name\":\"Portada\",\"item\":\"https:\\\/\\\/cvinoticias.com\\\/v3\\\/\"},{\"@type\":\"ListItem\",\"position\":2,\"name\":\"LA IMPORTANCIA DE LA AUTONOM\u00cdA POL\u00cdTICA.\"}]},{\"@type\":\"WebSite\",\"@id\":\"https:\\\/\\\/cvinoticias.com\\\/v3\\\/#website\",\"url\":\"https:\\\/\\\/cvinoticias.com\\\/v3\\\/\",\"name\":\"CVI NOTICIAS\",\"description\":\"\",\"publisher\":{\"@id\":\"https:\\\/\\\/cvinoticias.com\\\/v3\\\/#organization\"},\"alternateName\":\"CVI\",\"potentialAction\":[{\"@type\":\"SearchAction\",\"target\":{\"@type\":\"EntryPoint\",\"urlTemplate\":\"https:\\\/\\\/cvinoticias.com\\\/v3\\\/?s={search_term_string}\"},\"query-input\":{\"@type\":\"PropertyValueSpecification\",\"valueRequired\":true,\"valueName\":\"search_term_string\"}}],\"inLanguage\":\"es\"},{\"@type\":\"Organization\",\"@id\":\"https:\\\/\\\/cvinoticias.com\\\/v3\\\/#organization\",\"name\":\"CVI NOTICIAS\",\"url\":\"https:\\\/\\\/cvinoticias.com\\\/v3\\\/\",\"logo\":{\"@type\":\"ImageObject\",\"inLanguage\":\"es\",\"@id\":\"https:\\\/\\\/cvinoticias.com\\\/v3\\\/#\\\/schema\\\/logo\\\/image\\\/\",\"url\":\"https:\\\/\\\/cvinoticias.com\\\/wp-content\\\/uploads\\\/2023\\\/04\\\/cropped-cropped-cropped-cropped-cropped-3-1.png\",\"contentUrl\":\"https:\\\/\\\/cvinoticias.com\\\/wp-content\\\/uploads\\\/2023\\\/04\\\/cropped-cropped-cropped-cropped-cropped-3-1.png\",\"width\":95,\"height\":122,\"caption\":\"CVI NOTICIAS\"},\"image\":{\"@id\":\"https:\\\/\\\/cvinoticias.com\\\/v3\\\/#\\\/schema\\\/logo\\\/image\\\/\"},\"sameAs\":[\"https:\\\/\\\/www.facebook.com\\\/cvinoticias\",\"https:\\\/\\\/www.instagram.com\\\/cvinoticias\\\/\",\"https:\\\/\\\/www.youtube.com\\\/@CVINOTICIAS\"]},{\"@type\":\"Person\",\"@id\":\"https:\\\/\\\/cvinoticias.com\\\/v3\\\/#\\\/schema\\\/person\\\/2db77e3c6bc03c538495d7b2b8be9b66\",\"name\":\"f1000024\",\"image\":{\"@type\":\"ImageObject\",\"inLanguage\":\"es\",\"@id\":\"https:\\\/\\\/secure.gravatar.com\\\/avatar\\\/d4fe7459cfc51ff5129ce1a732bbef5928568b8092d412ef95611616376bbeed?s=96&d=mm&r=g\",\"url\":\"https:\\\/\\\/secure.gravatar.com\\\/avatar\\\/d4fe7459cfc51ff5129ce1a732bbef5928568b8092d412ef95611616376bbeed?s=96&d=mm&r=g\",\"contentUrl\":\"https:\\\/\\\/secure.gravatar.com\\\/avatar\\\/d4fe7459cfc51ff5129ce1a732bbef5928568b8092d412ef95611616376bbeed?s=96&d=mm&r=g\",\"caption\":\"f1000024\"},\"url\":\"https:\\\/\\\/cvinoticias.com\\\/v3\\\/author\\\/f1000024\\\/\"}]}<\/script>\n<!-- \/ Yoast SEO plugin. -->","yoast_head_json":{"title":"LA IMPORTANCIA DE LA AUTONOM\u00cdA POL\u00cdTICA. | CVI NOTICIAS","robots":{"index":"index","follow":"follow","max-snippet":"max-snippet:-1","max-image-preview":"max-image-preview:large","max-video-preview":"max-video-preview:-1"},"canonical":"https:\/\/cvinoticias.com\/v3\/la-importancia-de-la-autonomia-politica\/","og_locale":"es_ES","og_type":"article","og_title":"LA IMPORTANCIA DE LA AUTONOM\u00cdA POL\u00cdTICA. | CVI NOTICIAS","og_description":"El Gobierno de la Provincia impone la agenda de los misioneros pese a la creciente presi\u00f3n de las fuerzas nacionales por instalar los debates nacionales que no aportan soluciones concretas para Misiones. Sin propuestas, la oposici\u00f3n busca sacar r\u00e9dito en cada conflicto social generado por la dif\u00edcil coyuntura marcada por la crisis econ\u00f3mica y la [&hellip;]","og_url":"https:\/\/cvinoticias.com\/v3\/la-importancia-de-la-autonomia-politica\/","og_site_name":"CVI NOTICIAS","article_publisher":"https:\/\/www.facebook.com\/cvinoticias","article_published_time":"2022-07-03T13:09:38+00:00","og_image":[{"width":720,"height":481,"url":"https:\/\/cvinoticias.com\/wp-content\/uploads\/2022\/07\/IMG-20220703-WA0016.jpg","type":"image\/jpeg"}],"author":"f1000024","twitter_card":"summary_large_image","twitter_misc":{"Escrito por":"f1000024","Tiempo de lectura":"10 minutos"},"schema":{"@context":"https:\/\/schema.org","@graph":[{"@type":"Article","@id":"https:\/\/cvinoticias.com\/v3\/la-importancia-de-la-autonomia-politica\/#article","isPartOf":{"@id":"https:\/\/cvinoticias.com\/v3\/la-importancia-de-la-autonomia-politica\/"},"author":{"name":"f1000024","@id":"https:\/\/cvinoticias.com\/v3\/#\/schema\/person\/2db77e3c6bc03c538495d7b2b8be9b66"},"headline":"LA IMPORTANCIA DE LA AUTONOM\u00cdA POL\u00cdTICA.","datePublished":"2022-07-03T13:09:38+00:00","mainEntityOfPage":{"@id":"https:\/\/cvinoticias.com\/v3\/la-importancia-de-la-autonomia-politica\/"},"wordCount":2078,"commentCount":0,"publisher":{"@id":"https:\/\/cvinoticias.com\/v3\/#organization"},"image":{"@id":"https:\/\/cvinoticias.com\/v3\/la-importancia-de-la-autonomia-politica\/#primaryimage"},"thumbnailUrl":"https:\/\/cvinoticias.com\/wp-content\/uploads\/2022\/07\/IMG-20220703-WA0016.jpg","articleSection":["Informaci\u00f3n General"],"inLanguage":"es","potentialAction":[{"@type":"CommentAction","name":"Comment","target":["https:\/\/cvinoticias.com\/v3\/la-importancia-de-la-autonomia-politica\/#respond"]}]},{"@type":"WebPage","@id":"https:\/\/cvinoticias.com\/v3\/la-importancia-de-la-autonomia-politica\/","url":"https:\/\/cvinoticias.com\/v3\/la-importancia-de-la-autonomia-politica\/","name":"LA IMPORTANCIA DE LA AUTONOM\u00cdA POL\u00cdTICA. | CVI NOTICIAS","isPartOf":{"@id":"https:\/\/cvinoticias.com\/v3\/#website"},"primaryImageOfPage":{"@id":"https:\/\/cvinoticias.com\/v3\/la-importancia-de-la-autonomia-politica\/#primaryimage"},"image":{"@id":"https:\/\/cvinoticias.com\/v3\/la-importancia-de-la-autonomia-politica\/#primaryimage"},"thumbnailUrl":"https:\/\/cvinoticias.com\/wp-content\/uploads\/2022\/07\/IMG-20220703-WA0016.jpg","datePublished":"2022-07-03T13:09:38+00:00","breadcrumb":{"@id":"https:\/\/cvinoticias.com\/v3\/la-importancia-de-la-autonomia-politica\/#breadcrumb"},"inLanguage":"es","potentialAction":[{"@type":"ReadAction","target":["https:\/\/cvinoticias.com\/v3\/la-importancia-de-la-autonomia-politica\/"]}]},{"@type":"ImageObject","inLanguage":"es","@id":"https:\/\/cvinoticias.com\/v3\/la-importancia-de-la-autonomia-politica\/#primaryimage","url":"https:\/\/cvinoticias.com\/wp-content\/uploads\/2022\/07\/IMG-20220703-WA0016.jpg","contentUrl":"https:\/\/cvinoticias.com\/wp-content\/uploads\/2022\/07\/IMG-20220703-WA0016.jpg","width":720,"height":481},{"@type":"BreadcrumbList","@id":"https:\/\/cvinoticias.com\/v3\/la-importancia-de-la-autonomia-politica\/#breadcrumb","itemListElement":[{"@type":"ListItem","position":1,"name":"Portada","item":"https:\/\/cvinoticias.com\/v3\/"},{"@type":"ListItem","position":2,"name":"LA IMPORTANCIA DE LA AUTONOM\u00cdA POL\u00cdTICA."}]},{"@type":"WebSite","@id":"https:\/\/cvinoticias.com\/v3\/#website","url":"https:\/\/cvinoticias.com\/v3\/","name":"CVI NOTICIAS","description":"","publisher":{"@id":"https:\/\/cvinoticias.com\/v3\/#organization"},"alternateName":"CVI","potentialAction":[{"@type":"SearchAction","target":{"@type":"EntryPoint","urlTemplate":"https:\/\/cvinoticias.com\/v3\/?s={search_term_string}"},"query-input":{"@type":"PropertyValueSpecification","valueRequired":true,"valueName":"search_term_string"}}],"inLanguage":"es"},{"@type":"Organization","@id":"https:\/\/cvinoticias.com\/v3\/#organization","name":"CVI NOTICIAS","url":"https:\/\/cvinoticias.com\/v3\/","logo":{"@type":"ImageObject","inLanguage":"es","@id":"https:\/\/cvinoticias.com\/v3\/#\/schema\/logo\/image\/","url":"https:\/\/cvinoticias.com\/wp-content\/uploads\/2023\/04\/cropped-cropped-cropped-cropped-cropped-3-1.png","contentUrl":"https:\/\/cvinoticias.com\/wp-content\/uploads\/2023\/04\/cropped-cropped-cropped-cropped-cropped-3-1.png","width":95,"height":122,"caption":"CVI NOTICIAS"},"image":{"@id":"https:\/\/cvinoticias.com\/v3\/#\/schema\/logo\/image\/"},"sameAs":["https:\/\/www.facebook.com\/cvinoticias","https:\/\/www.instagram.com\/cvinoticias\/","https:\/\/www.youtube.com\/@CVINOTICIAS"]},{"@type":"Person","@id":"https:\/\/cvinoticias.com\/v3\/#\/schema\/person\/2db77e3c6bc03c538495d7b2b8be9b66","name":"f1000024","image":{"@type":"ImageObject","inLanguage":"es","@id":"https:\/\/secure.gravatar.com\/avatar\/d4fe7459cfc51ff5129ce1a732bbef5928568b8092d412ef95611616376bbeed?s=96&d=mm&r=g","url":"https:\/\/secure.gravatar.com\/avatar\/d4fe7459cfc51ff5129ce1a732bbef5928568b8092d412ef95611616376bbeed?s=96&d=mm&r=g","contentUrl":"https:\/\/secure.gravatar.com\/avatar\/d4fe7459cfc51ff5129ce1a732bbef5928568b8092d412ef95611616376bbeed?s=96&d=mm&r=g","caption":"f1000024"},"url":"https:\/\/cvinoticias.com\/v3\/author\/f1000024\/"}]}},"_links":{"self":[{"href":"https:\/\/cvinoticias.com\/v3\/wp-json\/wp\/v2\/posts\/17241","targetHints":{"allow":["GET"]}}],"collection":[{"href":"https:\/\/cvinoticias.com\/v3\/wp-json\/wp\/v2\/posts"}],"about":[{"href":"https:\/\/cvinoticias.com\/v3\/wp-json\/wp\/v2\/types\/post"}],"author":[{"embeddable":true,"href":"https:\/\/cvinoticias.com\/v3\/wp-json\/wp\/v2\/users\/2"}],"replies":[{"embeddable":true,"href":"https:\/\/cvinoticias.com\/v3\/wp-json\/wp\/v2\/comments?post=17241"}],"version-history":[{"count":1,"href":"https:\/\/cvinoticias.com\/v3\/wp-json\/wp\/v2\/posts\/17241\/revisions"}],"predecessor-version":[{"id":17243,"href":"https:\/\/cvinoticias.com\/v3\/wp-json\/wp\/v2\/posts\/17241\/revisions\/17243"}],"wp:featuredmedia":[{"embeddable":true,"href":"https:\/\/cvinoticias.com\/v3\/wp-json\/wp\/v2\/media\/17242"}],"wp:attachment":[{"href":"https:\/\/cvinoticias.com\/v3\/wp-json\/wp\/v2\/media?parent=17241"}],"wp:term":[{"taxonomy":"category","embeddable":true,"href":"https:\/\/cvinoticias.com\/v3\/wp-json\/wp\/v2\/categories?post=17241"},{"taxonomy":"post_tag","embeddable":true,"href":"https:\/\/cvinoticias.com\/v3\/wp-json\/wp\/v2\/tags?post=17241"}],"curies":[{"name":"wp","href":"https:\/\/api.w.org\/{rel}","templated":true}]}}